{"id":52201,"date":"2020-10-28T20:43:14","date_gmt":"2020-10-28T23:43:14","guid":{"rendered":"https:\/\/www.isletasnoticias.com.ar\/?p=52201"},"modified":"2020-10-28T20:43:14","modified_gmt":"2020-10-28T23:43:14","slug":"eliminaran-el-tope-de-5-hijos-menores-para-cobrar-la-auh","status":"publish","type":"post","link":"https:\/\/informelitoral.com.ar\/eliminaran-el-tope-de-5-hijos-menores-para-cobrar-la-auh\/","title":{"rendered":"Eliminar\u00e1n el tope de 5 hijos menores para cobrar la AUH"},"content":{"rendered":"<p>Con la\u00a0incorporaci\u00f3n 723.000 ni\u00f1as, ni\u00f1os y adolescentes\u00a0como beneficiarios de la\u00a0Asignaci\u00f3n Universal por Hijo\u00a0(AUH), el Presidente Alberto Fern\u00e1ndez anunciar\u00e1 tambi\u00e9n este jueves\u00a0la eliminaci\u00f3n del tope de 5 hijos para percibir el beneficio.<\/p>\n<p>La fecha elegida no es casual: el jueves 29 se cumplen 11 a\u00f1os de la firma por la entonces presidenta\u00a0Cristina Fern\u00e1ndez de Kirchner\u00a0del Decreto de Necesidad y Urgencia 1602\/09, que puso en vigencia dicha Asignaci\u00f3n.<\/p>\n<p>\u201cNo hay ning\u00fan motivo real para restringir la AUH hasta 5 chicos. Es un\u00a0<strong>tope que estigmatiza a las familias vulnerables<\/strong>\u00a0numerosas y restringe derechos que corresponden a la ni\u00f1ez\u201d, argumentan en el Gobierno.<\/p>\n<p>El tope o \u201cm\u00e1ximo acumulable al importe equivalente a 5 menores\u201d, que ahora se deroga, est\u00e1 fijado en el art\u00edculo N\u00b0 5 del DNU 1602\/2009.<\/p>\n<p>De los 723.000 chicos y chicas que se incorporan, unos 15.000 corresponden a padres de m\u00e1s de 5 chicos. En tanto se est\u00e1 analizando todo el padr\u00f3n -que es de 2,3 millones de padres de 4,3 millones de chicos- para extender la Asignaci\u00f3n a los chicos de las familias que est\u00e1n alcanzadas por el tope. Se estima que podr\u00eda rondar el 2%, unos 150.000 chicos cuyos padres hoy no tienen derecho al beneficio.<\/p>\n<p>Los 723.000 chicos y chicas se detectaron \u201ca trav\u00e9s del cruce de datos incluidos en las bases del Renaper, la Direcci\u00f3n Nacional de Migraciones (DNM) y el Registro Nacional de Reincidencia\u201d . En tanto, hay otros 300.000 que \u201cno tienen partida de nacimiento ni DNI\u201d que est\u00e1n en tr\u00e1mite de regularizaci\u00f3n.<\/p>\n<p>Actualmente, el 52% de los 2,3 millones de padres que cobran la Asignaci\u00f3n Universal por Hijo\u00a0tiene un solo hijo. Otro 28% tiene 2 hijos. El 13%, tres y con 4 hijos est\u00e1 el 5% de los padres. Y con 5 hijos, el 2%.<\/p>\n<p>Cobran la AUH \u2013 de $ 3.540 por chico, importe que se ajusta por la movilidad previsional,\u00a0el padre o madre (\u00abpriorizando a la mam\u00e1\u00bb) que vive con los menores que re\u00fana ciertas condiciones:<\/p>\n<p>\u2022 Estar desocupado.<\/p>\n<p>\u2022 Ser trabajador no registrado (sin aportes).<\/p>\n<p>\u2022 Trabajador del servicio dom\u00e9stico.<\/p>\n<p>\u2022 Monotributista social.<\/p>\n<p>\u2022 Inscriptos en Hacemos Futuro, Manos a la Obra y otros programas de Trabajo.<\/p>\n<p>Del monto total, de $ 3.540, el 80% se cobra mensualmente y el 20% restante de forma anual con la presentaci\u00f3n de la Libreta de Asignaci\u00f3n Universal, que incluye el certificado de salud y de escolaridad.<\/p>\n<p>En el caso de los hijos con discapacidad, la Asignaci\u00f3n mensual es de $ 11.535.\u00a0<strong>No hay l\u00edmite de edad en caso de hijo con discapacidad.<\/strong><\/p>\n<p>Adem\u00e1s, se abona una ayuda escolar anual de $ 2.966.<\/p>\n<p>En las provincias de La Pampa, Chubut, Neuqu\u00e9n, R\u00edo Negro, Santa Cruz, Tierra del Fuego, Ant\u00e1rtida e Islas del Atl\u00e1ntico Sur y el Partido de Patagones, provincia de Buenos Aires, la AUH es de $ 4.602, y para los chicos con discapacidad,\u00a0de $ 14.996.<\/p>\n<p>En base a las mediciones del INDEC, el CIPPEC (Centro de Implementaci\u00f3n de Pol\u00edticas P\u00fablicas para la Equidad y el Crecimiento) inform\u00f3 que sobre 14 millones de ni\u00f1os, ni\u00f1as y adolescentes menores de 17 a\u00f1os, con la pandemia, en el segundo trimestre de este a\u00f1o, la indigencia alcanz\u00f3 al 22,5% (3,2 millones), en tanto la pobreza alcanz\u00f3 al 66,3% (9,3 millones).<\/p>\n<p>Las ayudas del Estado (como AUH, IFE, tarjeta alimentaria) lograron reducir la indigencia pero no tuvieron casi efecto sobre los hogares pobres con los menores de 17 a\u00f1os, por lo exiguo de esas ayudas en relaci\u00f3n al costo de la canasta familiar b\u00e1sica.<\/p>\n","protected":false},"excerpt":{"rendered":"<p>Con la&nbsp;incorporaci&oacute;n 723.000 ni&ntilde;as, ni&ntilde;os y adolescentes&nbsp;como beneficiarios de la&nbsp;Asignaci&oacute;n Universal por Hijo&nbsp;(AUH), el Presidente Alberto Fern&aacute;ndez anunciar&aacute; tambi&eacute;n este jueves&nbsp;la eliminaci&oacute;n del tope de 5 hijos para percibir el beneficio. La fecha elegida no es casual: el jueves 29 se cumplen 11 a&ntilde;os de la firma por la entonces presidenta&nbsp;Cristina Fern&aacute;ndez de Kirchner&nbsp;del Decreto [&hellip;]<\/p>\n","protected":false},"author":8,"featured_media":29530,"comment_status":"open","ping_status":"open","sticky":false,"template":"","format":"standard","meta":{"fifu_image_url":"","fifu_image_alt":"","footnotes":""},"categories":[7],"tags":[246,723,44,233,1694],"class_list":{"0":"post-52201","1":"post","2":"type-post","3":"status-publish","4":"format-standard","5":"has-post-thumbnail","7":"category-nacionales","8":"tag-argentina","9":"tag-asignacion-universal","10":"tag-economia","11":"tag-gobierno-nacional","12":"tag-nacionales"},"yoast_head":"<title>Eliminar\u00e1n el tope de 5 hijos menores para cobrar la AUH - Informe Litoral<\/title>\n<meta name=\"robots\" content=\"index, follow, max-snippet:-1, max-image-preview:large, max-video-preview:-1\" \/>\n<link rel=\"canonical\" href=\"https:\/\/informelitoral.com.ar\/eliminaran-el-tope-de-5-hijos-menores-para-cobrar-la-auh\/\" \/>\n<meta property=\"og:locale\" content=\"es_ES\" \/>\n<meta property=\"og:type\" content=\"article\" \/>\n<meta property=\"og:title\" content=\"Eliminar\u00e1n el tope de 5 hijos menores para cobrar la AUH - Informe Litoral\" \/>\n<meta property=\"og:description\" content=\"Con la&nbsp;incorporaci&oacute;n 723.000 ni&ntilde;as, ni&ntilde;os y adolescentes&nbsp;como beneficiarios de la&nbsp;Asignaci&oacute;n Universal por Hijo&nbsp;(AUH), el Presidente Alberto Fern&aacute;ndez anunciar&aacute; tambi&eacute;n este jueves&nbsp;la eliminaci&oacute;n del tope de 5 hijos para percibir el beneficio. La fecha elegida no es casual: el jueves 29 se cumplen 11 a&ntilde;os de la firma por la entonces presidenta&nbsp;Cristina Fern&aacute;ndez de Kirchner&nbsp;del Decreto [&hellip;]\" \/>\n<meta property=\"og:url\" content=\"https:\/\/informelitoral.com.ar\/eliminaran-el-tope-de-5-hijos-menores-para-cobrar-la-auh\/\" \/>\n<meta property=\"og:site_name\" content=\"Informe Litoral\" \/>\n<meta property=\"article:publisher\" content=\"https:\/\/www.facebook.com\/informelitoral\/\" \/>\n<meta property=\"article:published_time\" content=\"2020-10-28T23:43:14+00:00\" \/>\n<meta property=\"og:image\" content=\"https:\/\/informelitoral.com.ar\/%77%70%2d%63%6f%6e%74%65%6e%74\/uploads\/2018\/09\/auh.jpg\" \/>\n\t<meta property=\"og:image:width\" content=\"620\" \/>\n\t<meta property=\"og:image:height\" content=\"350\" \/>\n\t<meta property=\"og:image:type\" content=\"image\/jpeg\" \/>\n<meta name=\"author\" content=\"Sebastian\" \/>\n<meta name=\"twitter:card\" content=\"summary_large_image\" \/>\n<meta name=\"twitter:creator\" content=\"@InformeLitoral\" \/>\n<meta name=\"twitter:site\" content=\"@InformeLitoral\" \/>\n<meta name=\"twitter:label1\" content=\"Escrito por\" \/>\n\t<meta name=\"twitter:data1\" content=\"Sebastian\" \/>\n\t<meta name=\"twitter:label2\" content=\"Tiempo de lectura\" \/>\n\t<meta name=\"twitter:data2\" content=\"3 minutos\" \/>\n<script type=\"application\/ld+json\" class=\"yoast-schema-graph\">{\"@context\":\"https:\\\/\\\/schema.org\",\"@graph\":[{\"@type\":\"Article\",\"@id\":\"https:\\\/\\\/informelitoral.com.ar\\\/eliminaran-el-tope-de-5-hijos-menores-para-cobrar-la-auh\\\/#article\",\"isPartOf\":{\"@id\":\"https:\\\/\\\/informelitoral.com.ar\\\/eliminaran-el-tope-de-5-hijos-menores-para-cobrar-la-auh\\\/\"},\"author\":{\"name\":\"Sebastian\",\"@id\":\"https:\\\/\\\/informelitoral.com.ar\\\/#\\\/schema\\\/person\\\/f05f9f461677119578717524b127d6d5\"},\"headline\":\"Eliminar\u00e1n el tope de 5 hijos menores para cobrar la AUH\",\"datePublished\":\"2020-10-28T23:43:14+00:00\",\"mainEntityOfPage\":{\"@id\":\"https:\\\/\\\/informelitoral.com.ar\\\/eliminaran-el-tope-de-5-hijos-menores-para-cobrar-la-auh\\\/\"},\"wordCount\":589,\"commentCount\":0,\"publisher\":{\"@id\":\"https:\\\/\\\/informelitoral.com.ar\\\/#organization\"},\"image\":{\"@id\":\"https:\\\/\\\/informelitoral.com.ar\\\/eliminaran-el-tope-de-5-hijos-menores-para-cobrar-la-auh\\\/#primaryimage\"},\"thumbnailUrl\":\"https:\\\/\\\/informelitoral.com.ar\\\/%77%70%2d%63%6f%6e%74%65%6e%74\\\/uploads\\\/2018\\\/09\\\/auh.jpg\",\"keywords\":[\"Argentina\",\"Asignaci\u00f3n Universal\",\"Econom\u00eda\",\"Gobierno nacional\",\"Nacionales\"],\"articleSection\":[\"Nacionales\"],\"inLanguage\":\"es\",\"potentialAction\":[{\"@type\":\"CommentAction\",\"name\":\"Comment\",\"target\":[\"https:\\\/\\\/informelitoral.com.ar\\\/eliminaran-el-tope-de-5-hijos-menores-para-cobrar-la-auh\\\/#respond\"]}]},{\"@type\":\"WebPage\",\"@id\":\"https:\\\/\\\/informelitoral.com.ar\\\/eliminaran-el-tope-de-5-hijos-menores-para-cobrar-la-auh\\\/\",\"url\":\"https:\\\/\\\/informelitoral.com.ar\\\/eliminaran-el-tope-de-5-hijos-menores-para-cobrar-la-auh\\\/\",\"name\":\"Eliminar\u00e1n el tope de 5 hijos menores para cobrar la AUH - Informe Litoral\",\"isPartOf\":{\"@id\":\"https:\\\/\\\/informelitoral.com.ar\\\/#website\"},\"primaryImageOfPage\":{\"@id\":\"https:\\\/\\\/informelitoral.com.ar\\\/eliminaran-el-tope-de-5-hijos-menores-para-cobrar-la-auh\\\/#primaryimage\"},\"image\":{\"@id\":\"https:\\\/\\\/informelitoral.com.ar\\\/eliminaran-el-tope-de-5-hijos-menores-para-cobrar-la-auh\\\/#primaryimage\"},\"thumbnailUrl\":\"https:\\\/\\\/informelitoral.com.ar\\\/%77%70%2d%63%6f%6e%74%65%6e%74\\\/uploads\\\/2018\\\/09\\\/auh.jpg\",\"datePublished\":\"2020-10-28T23:43:14+00:00\",\"breadcrumb\":{\"@id\":\"https:\\\/\\\/informelitoral.com.ar\\\/eliminaran-el-tope-de-5-hijos-menores-para-cobrar-la-auh\\\/#breadcrumb\"},\"inLanguage\":\"es\",\"potentialAction\":[{\"@type\":\"ReadAction\",\"target\":[\"https:\\\/\\\/informelitoral.com.ar\\\/eliminaran-el-tope-de-5-hijos-menores-para-cobrar-la-auh\\\/\"]}]},{\"@type\":\"ImageObject\",\"inLanguage\":\"es\",\"@id\":\"https:\\\/\\\/informelitoral.com.ar\\\/eliminaran-el-tope-de-5-hijos-menores-para-cobrar-la-auh\\\/#primaryimage\",\"url\":\"https:\\\/\\\/informelitoral.com.ar\\\/%77%70%2d%63%6f%6e%74%65%6e%74\\\/uploads\\\/2018\\\/09\\\/auh.jpg\",\"contentUrl\":\"https:\\\/\\\/informelitoral.com.ar\\\/%77%70%2d%63%6f%6e%74%65%6e%74\\\/uploads\\\/2018\\\/09\\\/auh.jpg\",\"width\":620,\"height\":350},{\"@type\":\"BreadcrumbList\",\"@id\":\"https:\\\/\\\/informelitoral.com.ar\\\/eliminaran-el-tope-de-5-hijos-menores-para-cobrar-la-auh\\\/#breadcrumb\",\"itemListElement\":[{\"@type\":\"ListItem\",\"position\":1,\"name\":\"Portada\",\"item\":\"https:\\\/\\\/informelitoral.com.ar\\\/\"},{\"@type\":\"ListItem\",\"position\":2,\"name\":\"Eliminar\u00e1n el tope de 5 hijos menores para cobrar la AUH\"}]},{\"@type\":\"WebSite\",\"@id\":\"https:\\\/\\\/informelitoral.com.ar\\\/#website\",\"url\":\"https:\\\/\\\/informelitoral.com.ar\\\/\",\"name\":\"Informe Litoral\",\"description\":\"&quot;Nos informamos&quot; \",\"publisher\":{\"@id\":\"https:\\\/\\\/informelitoral.com.ar\\\/#organization\"},\"potentialAction\":[{\"@type\":\"SearchAction\",\"target\":{\"@type\":\"EntryPoint\",\"urlTemplate\":\"https:\\\/\\\/informelitoral.com.ar\\\/?s={search_term_string}\"},\"query-input\":{\"@type\":\"PropertyValueSpecification\",\"valueRequired\":true,\"valueName\":\"search_term_string\"}}],\"inLanguage\":\"es\"},{\"@type\":\"Organization\",\"@id\":\"https:\\\/\\\/informelitoral.com.ar\\\/#organization\",\"name\":\"Informe Litoral\",\"url\":\"https:\\\/\\\/informelitoral.com.ar\\\/\",\"logo\":{\"@type\":\"ImageObject\",\"inLanguage\":\"es\",\"@id\":\"https:\\\/\\\/informelitoral.com.ar\\\/#\\\/schema\\\/logo\\\/image\\\/\",\"url\":\"https:\\\/\\\/informelitoral.com.ar\\\/%77%70%2d%63%6f%6e%74%65%6e%74\\\/uploads\\\/2021\\\/01\\\/circulo.png\",\"contentUrl\":\"https:\\\/\\\/informelitoral.com.ar\\\/%77%70%2d%63%6f%6e%74%65%6e%74\\\/uploads\\\/2021\\\/01\\\/circulo.png\",\"width\":723,\"height\":731,\"caption\":\"Informe Litoral\"},\"image\":{\"@id\":\"https:\\\/\\\/informelitoral.com.ar\\\/#\\\/schema\\\/logo\\\/image\\\/\"},\"sameAs\":[\"https:\\\/\\\/www.facebook.com\\\/informelitoral\\\/\",\"https:\\\/\\\/x.com\\\/InformeLitoral\",\"https:\\\/\\\/www.instagram.com\\\/informelitoral\\\/\",\"https:\\\/\\\/www.youtube.com\\\/channel\\\/UCua4Qvz8Icb6MYqhoq9xLXw\"]},{\"@type\":\"Person\",\"@id\":\"https:\\\/\\\/informelitoral.com.ar\\\/#\\\/schema\\\/person\\\/f05f9f461677119578717524b127d6d5\",\"name\":\"Sebastian\",\"image\":{\"@type\":\"ImageObject\",\"inLanguage\":\"es\",\"@id\":\"https:\\\/\\\/secure.gravatar.com\\\/avatar\\\/b71bf7481d447dfb9583c7f2798e7cc64de6efb9067b74633ed8c31059a3bd82?s=96&d=mm&r=g\",\"url\":\"https:\\\/\\\/secure.gravatar.com\\\/avatar\\\/b71bf7481d447dfb9583c7f2798e7cc64de6efb9067b74633ed8c31059a3bd82?s=96&d=mm&r=g\",\"contentUrl\":\"https:\\\/\\\/secure.gravatar.com\\\/avatar\\\/b71bf7481d447dfb9583c7f2798e7cc64de6efb9067b74633ed8c31059a3bd82?s=96&d=mm&r=g\",\"caption\":\"Sebastian\"},\"url\":\"https:\\\/\\\/informelitoral.com.ar\\\/author\\\/sebastian\\\/\"}]}<\/script>","yoast_head_json":{"title":"Eliminar\u00e1n el tope de 5 hijos menores para cobrar la AUH - Informe Litoral","robots":{"index":"index","follow":"follow","max-snippet":"max-snippet:-1","max-image-preview":"max-image-preview:large","max-video-preview":"max-video-preview:-1"},"canonical":"https:\/\/informelitoral.com.ar\/eliminaran-el-tope-de-5-hijos-menores-para-cobrar-la-auh\/","og_locale":"es_ES","og_type":"article","og_title":"Eliminar\u00e1n el tope de 5 hijos menores para cobrar la AUH - Informe Litoral","og_description":"Con la&nbsp;incorporaci&oacute;n 723.000 ni&ntilde;as, ni&ntilde;os y adolescentes&nbsp;como beneficiarios de la&nbsp;Asignaci&oacute;n Universal por Hijo&nbsp;(AUH), el Presidente Alberto Fern&aacute;ndez anunciar&aacute; tambi&eacute;n este jueves&nbsp;la eliminaci&oacute;n del tope de 5 hijos para percibir el beneficio. La fecha elegida no es casual: el jueves 29 se cumplen 11 a&ntilde;os de la firma por la entonces presidenta&nbsp;Cristina Fern&aacute;ndez de Kirchner&nbsp;del Decreto [&hellip;]","og_url":"https:\/\/informelitoral.com.ar\/eliminaran-el-tope-de-5-hijos-menores-para-cobrar-la-auh\/","og_site_name":"Informe Litoral","article_publisher":"https:\/\/www.facebook.com\/informelitoral\/","article_published_time":"2020-10-28T23:43:14+00:00","og_image":[{"width":620,"height":350,"url":"https:\/\/informelitoral.com.ar\/%77%70%2d%63%6f%6e%74%65%6e%74\/uploads\/2018\/09\/auh.jpg","type":"image\/jpeg"}],"author":"Sebastian","twitter_card":"summary_large_image","twitter_creator":"@InformeLitoral","twitter_site":"@InformeLitoral","twitter_misc":{"Escrito por":"Sebastian","Tiempo de lectura":"3 minutos"},"schema":{"@context":"https:\/\/schema.org","@graph":[{"@type":"Article","@id":"https:\/\/informelitoral.com.ar\/eliminaran-el-tope-de-5-hijos-menores-para-cobrar-la-auh\/#article","isPartOf":{"@id":"https:\/\/informelitoral.com.ar\/eliminaran-el-tope-de-5-hijos-menores-para-cobrar-la-auh\/"},"author":{"name":"Sebastian","@id":"https:\/\/informelitoral.com.ar\/#\/schema\/person\/f05f9f461677119578717524b127d6d5"},"headline":"Eliminar\u00e1n el tope de 5 hijos menores para cobrar la AUH","datePublished":"2020-10-28T23:43:14+00:00","mainEntityOfPage":{"@id":"https:\/\/informelitoral.com.ar\/eliminaran-el-tope-de-5-hijos-menores-para-cobrar-la-auh\/"},"wordCount":589,"commentCount":0,"publisher":{"@id":"https:\/\/informelitoral.com.ar\/#organization"},"image":{"@id":"https:\/\/informelitoral.com.ar\/eliminaran-el-tope-de-5-hijos-menores-para-cobrar-la-auh\/#primaryimage"},"thumbnailUrl":"https:\/\/informelitoral.com.ar\/%77%70%2d%63%6f%6e%74%65%6e%74\/uploads\/2018\/09\/auh.jpg","keywords":["Argentina","Asignaci\u00f3n Universal","Econom\u00eda","Gobierno nacional","Nacionales"],"articleSection":["Nacionales"],"inLanguage":"es","potentialAction":[{"@type":"CommentAction","name":"Comment","target":["https:\/\/informelitoral.com.ar\/eliminaran-el-tope-de-5-hijos-menores-para-cobrar-la-auh\/#respond"]}]},{"@type":"WebPage","@id":"https:\/\/informelitoral.com.ar\/eliminaran-el-tope-de-5-hijos-menores-para-cobrar-la-auh\/","url":"https:\/\/informelitoral.com.ar\/eliminaran-el-tope-de-5-hijos-menores-para-cobrar-la-auh\/","name":"Eliminar\u00e1n el tope de 5 hijos menores para cobrar la AUH - Informe Litoral","isPartOf":{"@id":"https:\/\/informelitoral.com.ar\/#website"},"primaryImageOfPage":{"@id":"https:\/\/informelitoral.com.ar\/eliminaran-el-tope-de-5-hijos-menores-para-cobrar-la-auh\/#primaryimage"},"image":{"@id":"https:\/\/informelitoral.com.ar\/eliminaran-el-tope-de-5-hijos-menores-para-cobrar-la-auh\/#primaryimage"},"thumbnailUrl":"https:\/\/informelitoral.com.ar\/%77%70%2d%63%6f%6e%74%65%6e%74\/uploads\/2018\/09\/auh.jpg","datePublished":"2020-10-28T23:43:14+00:00","breadcrumb":{"@id":"https:\/\/informelitoral.com.ar\/eliminaran-el-tope-de-5-hijos-menores-para-cobrar-la-auh\/#breadcrumb"},"inLanguage":"es","potentialAction":[{"@type":"ReadAction","target":["https:\/\/informelitoral.com.ar\/eliminaran-el-tope-de-5-hijos-menores-para-cobrar-la-auh\/"]}]},{"@type":"ImageObject","inLanguage":"es","@id":"https:\/\/informelitoral.com.ar\/eliminaran-el-tope-de-5-hijos-menores-para-cobrar-la-auh\/#primaryimage","url":"https:\/\/informelitoral.com.ar\/%77%70%2d%63%6f%6e%74%65%6e%74\/uploads\/2018\/09\/auh.jpg","contentUrl":"https:\/\/informelitoral.com.ar\/%77%70%2d%63%6f%6e%74%65%6e%74\/uploads\/2018\/09\/auh.jpg","width":620,"height":350},{"@type":"BreadcrumbList","@id":"https:\/\/informelitoral.com.ar\/eliminaran-el-tope-de-5-hijos-menores-para-cobrar-la-auh\/#breadcrumb","itemListElement":[{"@type":"ListItem","position":1,"name":"Portada","item":"https:\/\/informelitoral.com.ar\/"},{"@type":"ListItem","position":2,"name":"Eliminar\u00e1n el tope de 5 hijos menores para cobrar la AUH"}]},{"@type":"WebSite","@id":"https:\/\/informelitoral.com.ar\/#website","url":"https:\/\/informelitoral.com.ar\/","name":"Informe Litoral","description":"&quot;Nos informamos&quot; ","publisher":{"@id":"https:\/\/informelitoral.com.ar\/#organization"},"potentialAction":[{"@type":"SearchAction","target":{"@type":"EntryPoint","urlTemplate":"https:\/\/informelitoral.com.ar\/?s={search_term_string}"},"query-input":{"@type":"PropertyValueSpecification","valueRequired":true,"valueName":"search_term_string"}}],"inLanguage":"es"},{"@type":"Organization","@id":"https:\/\/informelitoral.com.ar\/#organization","name":"Informe Litoral","url":"https:\/\/informelitoral.com.ar\/","logo":{"@type":"ImageObject","inLanguage":"es","@id":"https:\/\/informelitoral.com.ar\/#\/schema\/logo\/image\/","url":"https:\/\/informelitoral.com.ar\/%77%70%2d%63%6f%6e%74%65%6e%74\/uploads\/2021\/01\/circulo.png","contentUrl":"https:\/\/informelitoral.com.ar\/%77%70%2d%63%6f%6e%74%65%6e%74\/uploads\/2021\/01\/circulo.png","width":723,"height":731,"caption":"Informe Litoral"},"image":{"@id":"https:\/\/informelitoral.com.ar\/#\/schema\/logo\/image\/"},"sameAs":["https:\/\/www.facebook.com\/informelitoral\/","https:\/\/x.com\/InformeLitoral","https:\/\/www.instagram.com\/informelitoral\/","https:\/\/www.youtube.com\/channel\/UCua4Qvz8Icb6MYqhoq9xLXw"]},{"@type":"Person","@id":"https:\/\/informelitoral.com.ar\/#\/schema\/person\/f05f9f461677119578717524b127d6d5","name":"Sebastian","image":{"@type":"ImageObject","inLanguage":"es","@id":"https:\/\/secure.gravatar.com\/avatar\/b71bf7481d447dfb9583c7f2798e7cc64de6efb9067b74633ed8c31059a3bd82?s=96&d=mm&r=g","url":"https:\/\/secure.gravatar.com\/avatar\/b71bf7481d447dfb9583c7f2798e7cc64de6efb9067b74633ed8c31059a3bd82?s=96&d=mm&r=g","contentUrl":"https:\/\/secure.gravatar.com\/avatar\/b71bf7481d447dfb9583c7f2798e7cc64de6efb9067b74633ed8c31059a3bd82?s=96&d=mm&r=g","caption":"Sebastian"},"url":"https:\/\/informelitoral.com.ar\/author\/sebastian\/"}]}},"_links":{"self":[{"href":"https:\/\/informelitoral.com.ar\/%77%70%2d%6a%73%6f%6e\/wp\/v2\/posts\/52201","targetHints":{"allow":["GET"]}}],"collection":[{"href":"https:\/\/informelitoral.com.ar\/%77%70%2d%6a%73%6f%6e\/wp\/v2\/posts"}],"about":[{"href":"https:\/\/informelitoral.com.ar\/%77%70%2d%6a%73%6f%6e\/wp\/v2\/types\/post"}],"author":[{"embeddable":true,"href":"https:\/\/informelitoral.com.ar\/%77%70%2d%6a%73%6f%6e\/wp\/v2\/users\/8"}],"replies":[{"embeddable":true,"href":"https:\/\/informelitoral.com.ar\/%77%70%2d%6a%73%6f%6e\/wp\/v2\/comments?post=52201"}],"version-history":[{"count":0,"href":"https:\/\/informelitoral.com.ar\/%77%70%2d%6a%73%6f%6e\/wp\/v2\/posts\/52201\/revisions"}],"wp:featuredmedia":[{"embeddable":true,"href":"https:\/\/informelitoral.com.ar\/%77%70%2d%6a%73%6f%6e\/wp\/v2\/media\/29530"}],"wp:attachment":[{"href":"https:\/\/informelitoral.com.ar\/%77%70%2d%6a%73%6f%6e\/wp\/v2\/media?parent=52201"}],"wp:term":[{"taxonomy":"category","embeddable":true,"href":"https:\/\/informelitoral.com.ar\/%77%70%2d%6a%73%6f%6e\/wp\/v2\/categories?post=52201"},{"taxonomy":"post_tag","embeddable":true,"href":"https:\/\/informelitoral.com.ar\/%77%70%2d%6a%73%6f%6e\/wp\/v2\/tags?post=52201"}],"curies":[{"name":"wp","href":"https:\/\/api.w.org\/{rel}","templated":true}]}}