{"id":522,"date":"2013-03-24T20:32:01","date_gmt":"2013-03-24T23:32:01","guid":{"rendered":"http:\/\/www.isletasnoticias.com.ar\/?p=522"},"modified":"2013-03-24T20:33:03","modified_gmt":"2013-03-24T23:33:03","slug":"futbol-dura-derrota-de-patronato","status":"publish","type":"post","link":"https:\/\/informelitoral.com.ar\/futbol-dura-derrota-de-patronato\/","title":{"rendered":"F\u00fatbol: Dura derrota de Patronato"},"content":{"rendered":"<p><strong>Patronato perdi\u00f3 2 \u2013 3 ante Gimnasia La Plata en la Fecha 25 de la Primera B Nacional. No logr\u00f3 sumar y se aleja de la posibilidad del ascenso. El pr\u00f3ximo fin de semana, visita a Central en Rosario.<\/strong><\/p>\n<p><a style=\"text-align: center;\" href=\"http:\/\/www.isletasnoticias.com.ar\/%77%70%2d%63%6f%6e%74%65%6e%74\/uploads\/2013\/03\/pa.jpg\"><img loading=\"lazy\" decoding=\"async\" class=\"size-medium wp-image-523 aligncenter\" alt=\"pa\" src=\"http:\/\/www.isletasnoticias.com.ar\/%77%70%2d%63%6f%6e%74%65%6e%74\/uploads\/2013\/03\/pa-300x168.jpg\" width=\"300\" height=\"168\" srcset=\"https:\/\/informelitoral.com.ar\/%77%70%2d%63%6f%6e%74%65%6e%74\/uploads\/2013\/03\/pa-300x168.jpg 300w, https:\/\/informelitoral.com.ar\/%77%70%2d%63%6f%6e%74%65%6e%74\/uploads\/2013\/03\/pa.jpg 560w\" sizes=\"auto, (max-width: 300px) 100vw, 300px\" \/><\/a><\/p>\n<p style=\"text-align: left;\">Patronato perdi\u00f3 ante\u00a0Gimnasia 2 a 3 en un pol\u00e9mico partido disputado en el Grella. No logr\u00f3 sumar y se aleja de la posibilidad del ascenso a Primera Divisi\u00f3n. En la pr\u00f3xima Fecha, visita a Rosario Central en el Gigante de Arroyito.<\/p>\n<p style=\"text-align: left;\">En los primeros minutos de juego, Gimnasia era el dominador de la pelota, dejando perdido a Patronato.<\/p>\n<p>R\u00e1pidamente el \u201cRojinegro\u201d despertaba y comenzaba a generar f\u00fatbol en mitad de cancha hacia arriba.<\/p>\n<p>Un gran remate de Lucas M\u00e1rquez de derecha, sorprend\u00eda al arquero Monetti y abr\u00eda el marcador a favor del \u201cPatr\u00f3n\u201d, a los 11 minutos del Primer Tiempo.<\/p>\n<p style=\"text-align: left;\">A los 15\u00b4, era amonestado Franco Mussis por cortar e l juego a mitad de cancha.<\/p>\n<p>Gimnasia comenzaba a buscar el empate, era r\u00e1pido y eficaz en todas sus l\u00edneas. Mussis con un buen centro apuntaba al arco, logrando que Ramiro L\u00f3pez no pudiera desviarlo y fuera gol a favor del \u201cLobo\u201d.<\/p>\n<p>A los 24\u00b4, Gast\u00f3n Mach\u00edn conoc\u00eda la tarjeta amarilla, al igual que Andrade a los 28\u00b4.<\/p>\n<p style=\"text-align: left;\">El mediocampista Mussis era el hombre del momento. Preciso y peligroso apuntaba un centro para Pereyra, quien se ped\u00eda la chance del 2 a 1.<br \/>\nPatronato no abr\u00eda la cancha y no lograba f\u00fatbol. Gabriel Graciani era amonestado a los 29\u00b4.<\/p>\n<p>Al t\u00e9rmino del PT, Carignano ten\u00eda la chance con un cabezazo que se iba por muy poco; el arquero visitante, Monetti estaba inestable.<br \/>\nEl Segundo Tiempo arrancaba con una nueva amarilla para Patronato. Fondacaro era amonestado por Alejandro Castro.<\/p>\n<p>A los 9 minutos, Troglio hac\u00eda su primer cambio; ingresaba Lachalde por Fern\u00e1ndez.<\/p>\n<p>Mauricio Carrasco ingresaba por Sergio Blanco, a los 14\u00b4. Patronato era levemente superior a los 15 minutos de juego.<\/p>\n<p>A los 20 minutos, Castro cobraba un penal sobre Almada que era ejecutado por Ramiro L\u00f3pez. Monetti se convert\u00eda en el salvador de la tarde, atajaba el penal de L\u00f3pez y Niell se hac\u00eda cargo de la contra logrando el gol. Gimnasia ganaba 2 a 1 a los 23\u00b4.<\/p>\n<p>Seis minutos despu\u00e9s, se reiraba Carlos Fondacaro por Sergio Chitero en Patronato.<\/p>\n<p>Apurado iba el \u201cRojinegro\u201d y era mejor que el \u201cLobo\u201d. A los 34\u00b4 Carrasco lograba el empate con un bombazo al \u00e1ngulo. El festejo era mayor por ser un ex Estudiantes de La Plata.<\/p>\n<p>Jos\u00e9 Babak que estaba en el banco era amonstado por ingresar y festejar en el campo de juego, qued\u00e1ndose afuera del pr\u00f3ximo partido contra Rosario Central.<\/p>\n<p>Dos minutos despu\u00e9s, la alegr\u00eda se transformaba en tristeza. Barsottini anotaba y pon\u00eda 3 a 2 el marcador a favor de Gimnasia.<\/p>\n<p style=\"text-align: left;\">Fuente: Informe Digital.<\/p>\n","protected":false},"excerpt":{"rendered":"<p>Patronato perdi&oacute; 2 &ndash; 3 ante Gimnasia La Plata en la Fecha 25 de la Primera B Nacional. No logr&oacute; sumar y se aleja de la posibilidad del ascenso. El pr&oacute;ximo fin de semana, visita a Central en Rosario. Patronato perdi&oacute; ante&nbsp;Gimnasia 2 a 3 en un pol&eacute;mico partido disputado en el Grella. No logr&oacute; [&hellip;]<\/p>\n","protected":false},"author":2,"featured_media":0,"comment_status":"open","ping_status":"open","sticky":false,"template":"","format":"standard","meta":{"fifu_image_url":"","fifu_image_alt":"","footnotes":""},"categories":[13],"tags":[],"class_list":{"0":"post-522","1":"post","2":"type-post","3":"status-publish","4":"format-standard","6":"category-deportes"},"yoast_head":"<title>F\u00fatbol: Dura derrota de Patronato - Informe Litoral<\/title>\n<meta name=\"robots\" content=\"index, follow, max-snippet:-1, max-image-preview:large, max-video-preview:-1\" \/>\n<link rel=\"canonical\" href=\"https:\/\/informelitoral.com.ar\/futbol-dura-derrota-de-patronato\/\" \/>\n<meta property=\"og:locale\" content=\"es_ES\" \/>\n<meta property=\"og:type\" content=\"article\" \/>\n<meta property=\"og:title\" content=\"F\u00fatbol: Dura derrota de Patronato - Informe Litoral\" \/>\n<meta property=\"og:description\" content=\"Patronato perdi&oacute; 2 &ndash; 3 ante Gimnasia La Plata en la Fecha 25 de la Primera B Nacional. No logr&oacute; sumar y se aleja de la posibilidad del ascenso. El pr&oacute;ximo fin de semana, visita a Central en Rosario. Patronato perdi&oacute; ante&nbsp;Gimnasia 2 a 3 en un pol&eacute;mico partido disputado en el Grella. No logr&oacute; [&hellip;]\" \/>\n<meta property=\"og:url\" content=\"https:\/\/informelitoral.com.ar\/futbol-dura-derrota-de-patronato\/\" \/>\n<meta property=\"og:site_name\" content=\"Informe Litoral\" \/>\n<meta property=\"article:publisher\" content=\"https:\/\/www.facebook.com\/informelitoral\/\" \/>\n<meta property=\"article:published_time\" content=\"2013-03-24T23:32:01+00:00\" \/>\n<meta property=\"article:modified_time\" content=\"2013-03-24T23:33:03+00:00\" \/>\n<meta property=\"og:image\" content=\"https:\/\/informelitoral.com.ar\/%77%70%2d%63%6f%6e%74%65%6e%74\/uploads\/2013\/03\/pa.jpg\" \/>\n\t<meta property=\"og:image:width\" content=\"560\" \/>\n\t<meta property=\"og:image:height\" content=\"315\" \/>\n\t<meta property=\"og:image:type\" content=\"image\/jpeg\" \/>\n<meta name=\"author\" content=\"Gonzalo Schmidt\" \/>\n<meta name=\"twitter:card\" content=\"summary_large_image\" \/>\n<meta name=\"twitter:creator\" content=\"@InformeLitoral\" \/>\n<meta name=\"twitter:site\" content=\"@InformeLitoral\" \/>\n<meta name=\"twitter:label1\" content=\"Escrito por\" \/>\n\t<meta name=\"twitter:data1\" content=\"Gonzalo Schmidt\" \/>\n\t<meta name=\"twitter:label2\" content=\"Tiempo de lectura\" \/>\n\t<meta name=\"twitter:data2\" content=\"2 minutos\" \/>\n<script type=\"application\/ld+json\" class=\"yoast-schema-graph\">{\"@context\":\"https:\\\/\\\/schema.org\",\"@graph\":[{\"@type\":\"Article\",\"@id\":\"https:\\\/\\\/informelitoral.com.ar\\\/futbol-dura-derrota-de-patronato\\\/#article\",\"isPartOf\":{\"@id\":\"https:\\\/\\\/informelitoral.com.ar\\\/futbol-dura-derrota-de-patronato\\\/\"},\"author\":{\"name\":\"Gonzalo Schmidt\",\"@id\":\"https:\\\/\\\/informelitoral.com.ar\\\/#\\\/schema\\\/person\\\/b9d00407c836482871ef1d57bf8e3180\"},\"headline\":\"F\u00fatbol: Dura derrota de Patronato\",\"datePublished\":\"2013-03-24T23:32:01+00:00\",\"dateModified\":\"2013-03-24T23:33:03+00:00\",\"mainEntityOfPage\":{\"@id\":\"https:\\\/\\\/informelitoral.com.ar\\\/futbol-dura-derrota-de-patronato\\\/\"},\"wordCount\":482,\"commentCount\":0,\"publisher\":{\"@id\":\"https:\\\/\\\/informelitoral.com.ar\\\/#organization\"},\"image\":{\"@id\":\"https:\\\/\\\/informelitoral.com.ar\\\/futbol-dura-derrota-de-patronato\\\/#primaryimage\"},\"thumbnailUrl\":\"http:\\\/\\\/www.isletasnoticias.com.ar\\\/%77%70%2d%63%6f%6e%74%65%6e%74\\\/uploads\\\/2013\\\/03\\\/pa-300x168.jpg\",\"articleSection\":[\"Deportes\"],\"inLanguage\":\"es\",\"potentialAction\":[{\"@type\":\"CommentAction\",\"name\":\"Comment\",\"target\":[\"https:\\\/\\\/informelitoral.com.ar\\\/futbol-dura-derrota-de-patronato\\\/#respond\"]}]},{\"@type\":\"WebPage\",\"@id\":\"https:\\\/\\\/informelitoral.com.ar\\\/futbol-dura-derrota-de-patronato\\\/\",\"url\":\"https:\\\/\\\/informelitoral.com.ar\\\/futbol-dura-derrota-de-patronato\\\/\",\"name\":\"F\u00fatbol: Dura derrota de Patronato - Informe Litoral\",\"isPartOf\":{\"@id\":\"https:\\\/\\\/informelitoral.com.ar\\\/#website\"},\"primaryImageOfPage\":{\"@id\":\"https:\\\/\\\/informelitoral.com.ar\\\/futbol-dura-derrota-de-patronato\\\/#primaryimage\"},\"image\":{\"@id\":\"https:\\\/\\\/informelitoral.com.ar\\\/futbol-dura-derrota-de-patronato\\\/#primaryimage\"},\"thumbnailUrl\":\"http:\\\/\\\/www.isletasnoticias.com.ar\\\/%77%70%2d%63%6f%6e%74%65%6e%74\\\/uploads\\\/2013\\\/03\\\/pa-300x168.jpg\",\"datePublished\":\"2013-03-24T23:32:01+00:00\",\"dateModified\":\"2013-03-24T23:33:03+00:00\",\"breadcrumb\":{\"@id\":\"https:\\\/\\\/informelitoral.com.ar\\\/futbol-dura-derrota-de-patronato\\\/#breadcrumb\"},\"inLanguage\":\"es\",\"potentialAction\":[{\"@type\":\"ReadAction\",\"target\":[\"https:\\\/\\\/informelitoral.com.ar\\\/futbol-dura-derrota-de-patronato\\\/\"]}]},{\"@type\":\"ImageObject\",\"inLanguage\":\"es\",\"@id\":\"https:\\\/\\\/informelitoral.com.ar\\\/futbol-dura-derrota-de-patronato\\\/#primaryimage\",\"url\":\"http:\\\/\\\/www.isletasnoticias.com.ar\\\/%77%70%2d%63%6f%6e%74%65%6e%74\\\/uploads\\\/2013\\\/03\\\/pa-300x168.jpg\",\"contentUrl\":\"http:\\\/\\\/www.isletasnoticias.com.ar\\\/%77%70%2d%63%6f%6e%74%65%6e%74\\\/uploads\\\/2013\\\/03\\\/pa-300x168.jpg\"},{\"@type\":\"BreadcrumbList\",\"@id\":\"https:\\\/\\\/informelitoral.com.ar\\\/futbol-dura-derrota-de-patronato\\\/#breadcrumb\",\"itemListElement\":[{\"@type\":\"ListItem\",\"position\":1,\"name\":\"Portada\",\"item\":\"https:\\\/\\\/informelitoral.com.ar\\\/\"},{\"@type\":\"ListItem\",\"position\":2,\"name\":\"F\u00fatbol: Dura derrota de Patronato\"}]},{\"@type\":\"WebSite\",\"@id\":\"https:\\\/\\\/informelitoral.com.ar\\\/#website\",\"url\":\"https:\\\/\\\/informelitoral.com.ar\\\/\",\"name\":\"Informe Litoral\",\"description\":\"&quot;Nos informamos&quot; \",\"publisher\":{\"@id\":\"https:\\\/\\\/informelitoral.com.ar\\\/#organization\"},\"potentialAction\":[{\"@type\":\"SearchAction\",\"target\":{\"@type\":\"EntryPoint\",\"urlTemplate\":\"https:\\\/\\\/informelitoral.com.ar\\\/?s={search_term_string}\"},\"query-input\":{\"@type\":\"PropertyValueSpecification\",\"valueRequired\":true,\"valueName\":\"search_term_string\"}}],\"inLanguage\":\"es\"},{\"@type\":\"Organization\",\"@id\":\"https:\\\/\\\/informelitoral.com.ar\\\/#organization\",\"name\":\"Informe Litoral\",\"url\":\"https:\\\/\\\/informelitoral.com.ar\\\/\",\"logo\":{\"@type\":\"ImageObject\",\"inLanguage\":\"es\",\"@id\":\"https:\\\/\\\/informelitoral.com.ar\\\/#\\\/schema\\\/logo\\\/image\\\/\",\"url\":\"https:\\\/\\\/informelitoral.com.ar\\\/%77%70%2d%63%6f%6e%74%65%6e%74\\\/uploads\\\/2021\\\/01\\\/circulo.png\",\"contentUrl\":\"https:\\\/\\\/informelitoral.com.ar\\\/%77%70%2d%63%6f%6e%74%65%6e%74\\\/uploads\\\/2021\\\/01\\\/circulo.png\",\"width\":723,\"height\":731,\"caption\":\"Informe Litoral\"},\"image\":{\"@id\":\"https:\\\/\\\/informelitoral.com.ar\\\/#\\\/schema\\\/logo\\\/image\\\/\"},\"sameAs\":[\"https:\\\/\\\/www.facebook.com\\\/informelitoral\\\/\",\"https:\\\/\\\/x.com\\\/InformeLitoral\",\"https:\\\/\\\/www.instagram.com\\\/informelitoral\\\/\",\"https:\\\/\\\/www.youtube.com\\\/channel\\\/UCua4Qvz8Icb6MYqhoq9xLXw\"]},{\"@type\":\"Person\",\"@id\":\"https:\\\/\\\/informelitoral.com.ar\\\/#\\\/schema\\\/person\\\/b9d00407c836482871ef1d57bf8e3180\",\"name\":\"Gonzalo Schmidt\",\"image\":{\"@type\":\"ImageObject\",\"inLanguage\":\"es\",\"@id\":\"https:\\\/\\\/secure.gravatar.com\\\/avatar\\\/31a1a7b66ff2de83bd0e9fd79d026630d2d99e55e8bfe501287647b4fd9743de?s=96&d=mm&r=g\",\"url\":\"https:\\\/\\\/secure.gravatar.com\\\/avatar\\\/31a1a7b66ff2de83bd0e9fd79d026630d2d99e55e8bfe501287647b4fd9743de?s=96&d=mm&r=g\",\"contentUrl\":\"https:\\\/\\\/secure.gravatar.com\\\/avatar\\\/31a1a7b66ff2de83bd0e9fd79d026630d2d99e55e8bfe501287647b4fd9743de?s=96&d=mm&r=g\",\"caption\":\"Gonzalo Schmidt\"},\"description\":\"Sitio web de noticias de la provincia de Entre R\u00edos, Argentina. Informaci\u00f3n y entretenimiento. Informe Litoral, nos informamos.\",\"sameAs\":[\"http:\\\/\\\/www.isletasnoticias.com.ar\"],\"url\":\"https:\\\/\\\/informelitoral.com.ar\\\/author\\\/gonzalo\\\/\"}]}<\/script>","yoast_head_json":{"title":"F\u00fatbol: Dura derrota de Patronato - Informe Litoral","robots":{"index":"index","follow":"follow","max-snippet":"max-snippet:-1","max-image-preview":"max-image-preview:large","max-video-preview":"max-video-preview:-1"},"canonical":"https:\/\/informelitoral.com.ar\/futbol-dura-derrota-de-patronato\/","og_locale":"es_ES","og_type":"article","og_title":"F\u00fatbol: Dura derrota de Patronato - Informe Litoral","og_description":"Patronato perdi&oacute; 2 &ndash; 3 ante Gimnasia La Plata en la Fecha 25 de la Primera B Nacional. No logr&oacute; sumar y se aleja de la posibilidad del ascenso. El pr&oacute;ximo fin de semana, visita a Central en Rosario. Patronato perdi&oacute; ante&nbsp;Gimnasia 2 a 3 en un pol&eacute;mico partido disputado en el Grella. No logr&oacute; [&hellip;]","og_url":"https:\/\/informelitoral.com.ar\/futbol-dura-derrota-de-patronato\/","og_site_name":"Informe Litoral","article_publisher":"https:\/\/www.facebook.com\/informelitoral\/","article_published_time":"2013-03-24T23:32:01+00:00","article_modified_time":"2013-03-24T23:33:03+00:00","og_image":[{"width":560,"height":315,"url":"https:\/\/informelitoral.com.ar\/%77%70%2d%63%6f%6e%74%65%6e%74\/uploads\/2013\/03\/pa.jpg","type":"image\/jpeg"}],"author":"Gonzalo Schmidt","twitter_card":"summary_large_image","twitter_creator":"@InformeLitoral","twitter_site":"@InformeLitoral","twitter_misc":{"Escrito por":"Gonzalo Schmidt","Tiempo de lectura":"2 minutos"},"schema":{"@context":"https:\/\/schema.org","@graph":[{"@type":"Article","@id":"https:\/\/informelitoral.com.ar\/futbol-dura-derrota-de-patronato\/#article","isPartOf":{"@id":"https:\/\/informelitoral.com.ar\/futbol-dura-derrota-de-patronato\/"},"author":{"name":"Gonzalo Schmidt","@id":"https:\/\/informelitoral.com.ar\/#\/schema\/person\/b9d00407c836482871ef1d57bf8e3180"},"headline":"F\u00fatbol: Dura derrota de Patronato","datePublished":"2013-03-24T23:32:01+00:00","dateModified":"2013-03-24T23:33:03+00:00","mainEntityOfPage":{"@id":"https:\/\/informelitoral.com.ar\/futbol-dura-derrota-de-patronato\/"},"wordCount":482,"commentCount":0,"publisher":{"@id":"https:\/\/informelitoral.com.ar\/#organization"},"image":{"@id":"https:\/\/informelitoral.com.ar\/futbol-dura-derrota-de-patronato\/#primaryimage"},"thumbnailUrl":"http:\/\/www.isletasnoticias.com.ar\/%77%70%2d%63%6f%6e%74%65%6e%74\/uploads\/2013\/03\/pa-300x168.jpg","articleSection":["Deportes"],"inLanguage":"es","potentialAction":[{"@type":"CommentAction","name":"Comment","target":["https:\/\/informelitoral.com.ar\/futbol-dura-derrota-de-patronato\/#respond"]}]},{"@type":"WebPage","@id":"https:\/\/informelitoral.com.ar\/futbol-dura-derrota-de-patronato\/","url":"https:\/\/informelitoral.com.ar\/futbol-dura-derrota-de-patronato\/","name":"F\u00fatbol: Dura derrota de Patronato - Informe Litoral","isPartOf":{"@id":"https:\/\/informelitoral.com.ar\/#website"},"primaryImageOfPage":{"@id":"https:\/\/informelitoral.com.ar\/futbol-dura-derrota-de-patronato\/#primaryimage"},"image":{"@id":"https:\/\/informelitoral.com.ar\/futbol-dura-derrota-de-patronato\/#primaryimage"},"thumbnailUrl":"http:\/\/www.isletasnoticias.com.ar\/%77%70%2d%63%6f%6e%74%65%6e%74\/uploads\/2013\/03\/pa-300x168.jpg","datePublished":"2013-03-24T23:32:01+00:00","dateModified":"2013-03-24T23:33:03+00:00","breadcrumb":{"@id":"https:\/\/informelitoral.com.ar\/futbol-dura-derrota-de-patronato\/#breadcrumb"},"inLanguage":"es","potentialAction":[{"@type":"ReadAction","target":["https:\/\/informelitoral.com.ar\/futbol-dura-derrota-de-patronato\/"]}]},{"@type":"ImageObject","inLanguage":"es","@id":"https:\/\/informelitoral.com.ar\/futbol-dura-derrota-de-patronato\/#primaryimage","url":"http:\/\/www.isletasnoticias.com.ar\/%77%70%2d%63%6f%6e%74%65%6e%74\/uploads\/2013\/03\/pa-300x168.jpg","contentUrl":"http:\/\/www.isletasnoticias.com.ar\/%77%70%2d%63%6f%6e%74%65%6e%74\/uploads\/2013\/03\/pa-300x168.jpg"},{"@type":"BreadcrumbList","@id":"https:\/\/informelitoral.com.ar\/futbol-dura-derrota-de-patronato\/#breadcrumb","itemListElement":[{"@type":"ListItem","position":1,"name":"Portada","item":"https:\/\/informelitoral.com.ar\/"},{"@type":"ListItem","position":2,"name":"F\u00fatbol: Dura derrota de Patronato"}]},{"@type":"WebSite","@id":"https:\/\/informelitoral.com.ar\/#website","url":"https:\/\/informelitoral.com.ar\/","name":"Informe Litoral","description":"&quot;Nos informamos&quot; ","publisher":{"@id":"https:\/\/informelitoral.com.ar\/#organization"},"potentialAction":[{"@type":"SearchAction","target":{"@type":"EntryPoint","urlTemplate":"https:\/\/informelitoral.com.ar\/?s={search_term_string}"},"query-input":{"@type":"PropertyValueSpecification","valueRequired":true,"valueName":"search_term_string"}}],"inLanguage":"es"},{"@type":"Organization","@id":"https:\/\/informelitoral.com.ar\/#organization","name":"Informe Litoral","url":"https:\/\/informelitoral.com.ar\/","logo":{"@type":"ImageObject","inLanguage":"es","@id":"https:\/\/informelitoral.com.ar\/#\/schema\/logo\/image\/","url":"https:\/\/informelitoral.com.ar\/%77%70%2d%63%6f%6e%74%65%6e%74\/uploads\/2021\/01\/circulo.png","contentUrl":"https:\/\/informelitoral.com.ar\/%77%70%2d%63%6f%6e%74%65%6e%74\/uploads\/2021\/01\/circulo.png","width":723,"height":731,"caption":"Informe Litoral"},"image":{"@id":"https:\/\/informelitoral.com.ar\/#\/schema\/logo\/image\/"},"sameAs":["https:\/\/www.facebook.com\/informelitoral\/","https:\/\/x.com\/InformeLitoral","https:\/\/www.instagram.com\/informelitoral\/","https:\/\/www.youtube.com\/channel\/UCua4Qvz8Icb6MYqhoq9xLXw"]},{"@type":"Person","@id":"https:\/\/informelitoral.com.ar\/#\/schema\/person\/b9d00407c836482871ef1d57bf8e3180","name":"Gonzalo Schmidt","image":{"@type":"ImageObject","inLanguage":"es","@id":"https:\/\/secure.gravatar.com\/avatar\/31a1a7b66ff2de83bd0e9fd79d026630d2d99e55e8bfe501287647b4fd9743de?s=96&d=mm&r=g","url":"https:\/\/secure.gravatar.com\/avatar\/31a1a7b66ff2de83bd0e9fd79d026630d2d99e55e8bfe501287647b4fd9743de?s=96&d=mm&r=g","contentUrl":"https:\/\/secure.gravatar.com\/avatar\/31a1a7b66ff2de83bd0e9fd79d026630d2d99e55e8bfe501287647b4fd9743de?s=96&d=mm&r=g","caption":"Gonzalo Schmidt"},"description":"Sitio web de noticias de la provincia de Entre R\u00edos, Argentina. Informaci\u00f3n y entretenimiento. Informe Litoral, nos informamos.","sameAs":["http:\/\/www.isletasnoticias.com.ar"],"url":"https:\/\/informelitoral.com.ar\/author\/gonzalo\/"}]}},"_links":{"self":[{"href":"https:\/\/informelitoral.com.ar\/%77%70%2d%6a%73%6f%6e\/wp\/v2\/posts\/522","targetHints":{"allow":["GET"]}}],"collection":[{"href":"https:\/\/informelitoral.com.ar\/%77%70%2d%6a%73%6f%6e\/wp\/v2\/posts"}],"about":[{"href":"https:\/\/informelitoral.com.ar\/%77%70%2d%6a%73%6f%6e\/wp\/v2\/types\/post"}],"author":[{"embeddable":true,"href":"https:\/\/informelitoral.com.ar\/%77%70%2d%6a%73%6f%6e\/wp\/v2\/users\/2"}],"replies":[{"embeddable":true,"href":"https:\/\/informelitoral.com.ar\/%77%70%2d%6a%73%6f%6e\/wp\/v2\/comments?post=522"}],"version-history":[{"count":0,"href":"https:\/\/informelitoral.com.ar\/%77%70%2d%6a%73%6f%6e\/wp\/v2\/posts\/522\/revisions"}],"wp:attachment":[{"href":"https:\/\/informelitoral.com.ar\/%77%70%2d%6a%73%6f%6e\/wp\/v2\/media?parent=522"}],"wp:term":[{"taxonomy":"category","embeddable":true,"href":"https:\/\/informelitoral.com.ar\/%77%70%2d%6a%73%6f%6e\/wp\/v2\/categories?post=522"},{"taxonomy":"post_tag","embeddable":true,"href":"https:\/\/informelitoral.com.ar\/%77%70%2d%6a%73%6f%6e\/wp\/v2\/tags?post=522"}],"curies":[{"name":"wp","href":"https:\/\/api.w.org\/{rel}","templated":true}]}}