{"id":52161,"date":"2020-10-28T11:07:13","date_gmt":"2020-10-28T14:07:13","guid":{"rendered":"https:\/\/www.isletasnoticias.com.ar\/?p=52161"},"modified":"2020-10-28T11:09:02","modified_gmt":"2020-10-28T14:09:02","slug":"general-ramirez-nuevamente-pidio-a-la-provincia-por-la-obra-del-acceso-norte","status":"publish","type":"post","link":"https:\/\/informelitoral.com.ar\/general-ramirez-nuevamente-pidio-a-la-provincia-por-la-obra-del-acceso-norte\/","title":{"rendered":"General Ram\u00edrez nuevamente pidi\u00f3 a la Provincia por la obra del acceso norte"},"content":{"rendered":"<p>El intendente de <strong>General Ram\u00edrez<\/strong>,<strong> Gustavo Vergar<\/strong>a, como integrante de la mesa de di\u00e1logo del <strong>Foro de Intendentes de Juntos por el Cambio,<\/strong> particip\u00f3 de una <strong>reuni\u00f3n con el gobernador Gustavo Bordet<\/strong> e integrantes del gabinete provincial.<\/p>\n<p><a href=\"https:\/\/www.isletasnoticias.com.ar\/%77%70%2d%63%6f%6e%74%65%6e%74\/uploads\/2020\/10\/122532210_1768666856617562_7971660726905793572_o.jpg\"><img loading=\"lazy\" decoding=\"async\" class=\"aligncenter wp-image-52162 size-large\" src=\"https:\/\/www.isletasnoticias.com.ar\/%77%70%2d%63%6f%6e%74%65%6e%74\/uploads\/2020\/10\/122532210_1768666856617562_7971660726905793572_o-1024x683.jpg\" alt=\"\" width=\"696\" height=\"464\" srcset=\"https:\/\/informelitoral.com.ar\/%77%70%2d%63%6f%6e%74%65%6e%74\/uploads\/2020\/10\/122532210_1768666856617562_7971660726905793572_o-1024x683.jpg 1024w, https:\/\/informelitoral.com.ar\/%77%70%2d%63%6f%6e%74%65%6e%74\/uploads\/2020\/10\/122532210_1768666856617562_7971660726905793572_o-300x200.jpg 300w, https:\/\/informelitoral.com.ar\/%77%70%2d%63%6f%6e%74%65%6e%74\/uploads\/2020\/10\/122532210_1768666856617562_7971660726905793572_o-768x512.jpg 768w, https:\/\/informelitoral.com.ar\/%77%70%2d%63%6f%6e%74%65%6e%74\/uploads\/2020\/10\/122532210_1768666856617562_7971660726905793572_o-1536x1024.jpg 1536w, https:\/\/informelitoral.com.ar\/%77%70%2d%63%6f%6e%74%65%6e%74\/uploads\/2020\/10\/122532210_1768666856617562_7971660726905793572_o-696x464.jpg 696w, https:\/\/informelitoral.com.ar\/%77%70%2d%63%6f%6e%74%65%6e%74\/uploads\/2020\/10\/122532210_1768666856617562_7971660726905793572_o-1068x712.jpg 1068w, https:\/\/informelitoral.com.ar\/%77%70%2d%63%6f%6e%74%65%6e%74\/uploads\/2020\/10\/122532210_1768666856617562_7971660726905793572_o-630x420.jpg 630w, https:\/\/informelitoral.com.ar\/%77%70%2d%63%6f%6e%74%65%6e%74\/uploads\/2020\/10\/122532210_1768666856617562_7971660726905793572_o.jpg 2048w\" sizes=\"auto, (max-width: 696px) 100vw, 696px\" \/><\/a><\/p>\n<p>Seg\u00fan se inform\u00f3, los referentes locales \u00ab<strong>insistieron sobre la agenda de trabajo elaborada a principios de a\u00f1o donde se detallaban las obras prioritarias para cada ciudad de las cuales, hasta el momento, ninguna fue concretada<\/strong>\u00ab, expresaron.<\/p>\n<p>Por parte del municipio aseguraron que: \u00ab<strong>desde Ram\u00edrez hace hace a\u00f1os le insistimos al gobierno provincial la realizaci\u00f3n del acceso norte que une el camino entre las ferias ganaderas, como otras obras que son sumamente necesarias para los ramirenses. Por lo que el intendente insisti\u00f3 nuevamente sobre estos pedidos<\/strong>\u00ab.<\/p>\n<p><a href=\"https:\/\/www.isletasnoticias.com.ar\/%77%70%2d%63%6f%6e%74%65%6e%74\/uploads\/2020\/10\/122791706_1768666816617566_6692361433167073890_o.jpg\"><img loading=\"lazy\" decoding=\"async\" class=\"aligncenter wp-image-52163 size-large\" src=\"https:\/\/www.isletasnoticias.com.ar\/%77%70%2d%63%6f%6e%74%65%6e%74\/uploads\/2020\/10\/122791706_1768666816617566_6692361433167073890_o-1024x687.jpg\" alt=\"\" width=\"696\" height=\"467\" srcset=\"https:\/\/informelitoral.com.ar\/%77%70%2d%63%6f%6e%74%65%6e%74\/uploads\/2020\/10\/122791706_1768666816617566_6692361433167073890_o-1024x687.jpg 1024w, https:\/\/informelitoral.com.ar\/%77%70%2d%63%6f%6e%74%65%6e%74\/uploads\/2020\/10\/122791706_1768666816617566_6692361433167073890_o-300x201.jpg 300w, https:\/\/informelitoral.com.ar\/%77%70%2d%63%6f%6e%74%65%6e%74\/uploads\/2020\/10\/122791706_1768666816617566_6692361433167073890_o-768x515.jpg 768w, https:\/\/informelitoral.com.ar\/%77%70%2d%63%6f%6e%74%65%6e%74\/uploads\/2020\/10\/122791706_1768666816617566_6692361433167073890_o-1536x1030.jpg 1536w, https:\/\/informelitoral.com.ar\/%77%70%2d%63%6f%6e%74%65%6e%74\/uploads\/2020\/10\/122791706_1768666816617566_6692361433167073890_o-696x467.jpg 696w, https:\/\/informelitoral.com.ar\/%77%70%2d%63%6f%6e%74%65%6e%74\/uploads\/2020\/10\/122791706_1768666816617566_6692361433167073890_o-1068x716.jpg 1068w, https:\/\/informelitoral.com.ar\/%77%70%2d%63%6f%6e%74%65%6e%74\/uploads\/2020\/10\/122791706_1768666816617566_6692361433167073890_o-626x420.jpg 626w, https:\/\/informelitoral.com.ar\/%77%70%2d%63%6f%6e%74%65%6e%74\/uploads\/2020\/10\/122791706_1768666816617566_6692361433167073890_o.jpg 2023w\" sizes=\"auto, (max-width: 696px) 100vw, 696px\" \/><\/a><\/p>\n<p>Tambi\u00e9n se abordaron temas relacionados a la<strong> situaci\u00f3n epidemiol\u00f3gica de cada localidad,<\/strong> <strong>esquemas de coparticipaci\u00f3n, el reinicio de clases presenciales y la refinanciaci\u00f3n de la deuda frente al gobierno nacional<\/strong>.<\/p>\n<p><a href=\"https:\/\/www.isletasnoticias.com.ar\/%77%70%2d%63%6f%6e%74%65%6e%74\/uploads\/2020\/10\/122719766_1768666903284224_8118468875749402327_o.jpg\"><img loading=\"lazy\" decoding=\"async\" class=\"aligncenter wp-image-52168 size-large\" src=\"https:\/\/www.isletasnoticias.com.ar\/%77%70%2d%63%6f%6e%74%65%6e%74\/uploads\/2020\/10\/122719766_1768666903284224_8118468875749402327_o-1024x714.jpg\" alt=\"\" width=\"696\" height=\"485\" srcset=\"https:\/\/informelitoral.com.ar\/%77%70%2d%63%6f%6e%74%65%6e%74\/uploads\/2020\/10\/122719766_1768666903284224_8118468875749402327_o-1024x714.jpg 1024w, https:\/\/informelitoral.com.ar\/%77%70%2d%63%6f%6e%74%65%6e%74\/uploads\/2020\/10\/122719766_1768666903284224_8118468875749402327_o-300x209.jpg 300w, https:\/\/informelitoral.com.ar\/%77%70%2d%63%6f%6e%74%65%6e%74\/uploads\/2020\/10\/122719766_1768666903284224_8118468875749402327_o-768x535.jpg 768w, https:\/\/informelitoral.com.ar\/%77%70%2d%63%6f%6e%74%65%6e%74\/uploads\/2020\/10\/122719766_1768666903284224_8118468875749402327_o-1536x1070.jpg 1536w, https:\/\/informelitoral.com.ar\/%77%70%2d%63%6f%6e%74%65%6e%74\/uploads\/2020\/10\/122719766_1768666903284224_8118468875749402327_o-696x485.jpg 696w, https:\/\/informelitoral.com.ar\/%77%70%2d%63%6f%6e%74%65%6e%74\/uploads\/2020\/10\/122719766_1768666903284224_8118468875749402327_o-1068x744.jpg 1068w, https:\/\/informelitoral.com.ar\/%77%70%2d%63%6f%6e%74%65%6e%74\/uploads\/2020\/10\/122719766_1768666903284224_8118468875749402327_o-603x420.jpg 603w, https:\/\/informelitoral.com.ar\/%77%70%2d%63%6f%6e%74%65%6e%74\/uploads\/2020\/10\/122719766_1768666903284224_8118468875749402327_o-100x70.jpg 100w, https:\/\/informelitoral.com.ar\/%77%70%2d%63%6f%6e%74%65%6e%74\/uploads\/2020\/10\/122719766_1768666903284224_8118468875749402327_o.jpg 2048w\" sizes=\"auto, (max-width: 696px) 100vw, 696px\" \/><\/a><\/p>\n<p>Del encuentro tambi\u00e9n particip\u00f3 la vicegobernadora,<strong> Laura Stratta; <\/strong>la Ministra de Gobierno, <strong>Rosario Romero; <\/strong>el Ministro de Econom\u00eda, <strong>Hugo Ballay;<\/strong> intendentes de las ciudades de Chajar\u00ed <strong>Pedro Galimberti;<\/strong> Crespo, <strong>Dar\u00edo Schneider;<\/strong> Nogoy\u00e1, <strong>Rafael Cavagna; <\/strong>Hernandarias,<strong> Carlos Lencina<\/strong> y el resto de los integrantes del Foro v\u00eda Zoom.<\/p>\n","protected":false},"excerpt":{"rendered":"<p>Fue durante una reuni\u00f3n del Foro de Intendentes de Juntos por el Cambio con el gobernador Gustavo Bordet e integrantes del gabinete provincial. Tambi\u00e9n abordaron la situaci\u00f3n epidemiol\u00f3gica de cada localidad, entre otros temas. <\/p>\n","protected":false},"author":2,"featured_media":52164,"comment_status":"open","ping_status":"open","sticky":false,"template":"","format":"standard","meta":{"fifu_image_url":"","fifu_image_alt":"","footnotes":""},"categories":[5,16],"tags":[556,263,1433,316,27],"class_list":{"0":"post-52161","1":"post","2":"type-post","3":"status-publish","4":"format-standard","5":"has-post-thumbnail","7":"category-zonales","8":"category-politi","9":"tag-general-ramirez","10":"tag-gustavo-vergara","11":"tag-municipalidad-de-general-ramirez","12":"tag-obras-publicas","13":"tag-ramirez"},"yoast_head":"<title>General Ram\u00edrez nuevamente pidi\u00f3 a la Provincia por la obra del acceso norte - Informe Litoral<\/title>\n<meta name=\"robots\" content=\"index, follow, max-snippet:-1, max-image-preview:large, max-video-preview:-1\" \/>\n<link rel=\"canonical\" href=\"https:\/\/informelitoral.com.ar\/general-ramirez-nuevamente-pidio-a-la-provincia-por-la-obra-del-acceso-norte\/\" \/>\n<meta property=\"og:locale\" content=\"es_ES\" \/>\n<meta property=\"og:type\" content=\"article\" \/>\n<meta property=\"og:title\" content=\"General Ram\u00edrez nuevamente pidi\u00f3 a la Provincia por la obra del acceso norte - Informe Litoral\" \/>\n<meta property=\"og:description\" content=\"Fue durante una reuni\u00f3n del Foro de Intendentes de Juntos por el Cambio con el gobernador Gustavo Bordet e integrantes del gabinete provincial. Tambi\u00e9n abordaron la situaci\u00f3n epidemiol\u00f3gica de cada localidad, entre otros temas.\" \/>\n<meta property=\"og:url\" content=\"https:\/\/informelitoral.com.ar\/general-ramirez-nuevamente-pidio-a-la-provincia-por-la-obra-del-acceso-norte\/\" \/>\n<meta property=\"og:site_name\" content=\"Informe Litoral\" \/>\n<meta property=\"article:publisher\" content=\"https:\/\/www.facebook.com\/informelitoral\/\" \/>\n<meta property=\"article:published_time\" content=\"2020-10-28T14:07:13+00:00\" \/>\n<meta property=\"article:modified_time\" content=\"2020-10-28T14:09:02+00:00\" \/>\n<meta property=\"og:image\" content=\"https:\/\/informelitoral.com.ar\/%77%70%2d%63%6f%6e%74%65%6e%74\/uploads\/2020\/10\/122565934_1768667136617534_7225144468893472178_o.jpg\" \/>\n\t<meta property=\"og:image:width\" content=\"2048\" \/>\n\t<meta property=\"og:image:height\" content=\"1416\" \/>\n\t<meta property=\"og:image:type\" content=\"image\/jpeg\" \/>\n<meta name=\"author\" content=\"Gonzalo Schmidt\" \/>\n<meta name=\"twitter:card\" content=\"summary_large_image\" \/>\n<meta name=\"twitter:creator\" content=\"@InformeLitoral\" \/>\n<meta name=\"twitter:site\" content=\"@InformeLitoral\" \/>\n<meta name=\"twitter:label1\" content=\"Escrito por\" \/>\n\t<meta name=\"twitter:data1\" content=\"Gonzalo Schmidt\" \/>\n\t<meta name=\"twitter:label2\" content=\"Tiempo de lectura\" \/>\n\t<meta name=\"twitter:data2\" content=\"1 minuto\" \/>\n<script type=\"application\/ld+json\" class=\"yoast-schema-graph\">{\"@context\":\"https:\\\/\\\/schema.org\",\"@graph\":[{\"@type\":\"Article\",\"@id\":\"https:\\\/\\\/informelitoral.com.ar\\\/general-ramirez-nuevamente-pidio-a-la-provincia-por-la-obra-del-acceso-norte\\\/#article\",\"isPartOf\":{\"@id\":\"https:\\\/\\\/informelitoral.com.ar\\\/general-ramirez-nuevamente-pidio-a-la-provincia-por-la-obra-del-acceso-norte\\\/\"},\"author\":{\"name\":\"Gonzalo Schmidt\",\"@id\":\"https:\\\/\\\/informelitoral.com.ar\\\/#\\\/schema\\\/person\\\/b9d00407c836482871ef1d57bf8e3180\"},\"headline\":\"General Ram\u00edrez nuevamente pidi\u00f3 a la Provincia por la obra del acceso norte\",\"datePublished\":\"2020-10-28T14:07:13+00:00\",\"dateModified\":\"2020-10-28T14:09:02+00:00\",\"mainEntityOfPage\":{\"@id\":\"https:\\\/\\\/informelitoral.com.ar\\\/general-ramirez-nuevamente-pidio-a-la-provincia-por-la-obra-del-acceso-norte\\\/\"},\"wordCount\":230,\"commentCount\":0,\"publisher\":{\"@id\":\"https:\\\/\\\/informelitoral.com.ar\\\/#organization\"},\"image\":{\"@id\":\"https:\\\/\\\/informelitoral.com.ar\\\/general-ramirez-nuevamente-pidio-a-la-provincia-por-la-obra-del-acceso-norte\\\/#primaryimage\"},\"thumbnailUrl\":\"https:\\\/\\\/informelitoral.com.ar\\\/%77%70%2d%63%6f%6e%74%65%6e%74\\\/uploads\\\/2020\\\/10\\\/122565934_1768667136617534_7225144468893472178_o.jpg\",\"keywords\":[\"General Ram\u00edrez\",\"Gustavo Vergara\",\"Municipalidad de General Ram\u00edrez\",\"Obras p\u00fablicas\",\"Ram\u00edrez\"],\"articleSection\":[\"Departamento Diamante\",\"Politica\"],\"inLanguage\":\"es\",\"potentialAction\":[{\"@type\":\"CommentAction\",\"name\":\"Comment\",\"target\":[\"https:\\\/\\\/informelitoral.com.ar\\\/general-ramirez-nuevamente-pidio-a-la-provincia-por-la-obra-del-acceso-norte\\\/#respond\"]}]},{\"@type\":\"WebPage\",\"@id\":\"https:\\\/\\\/informelitoral.com.ar\\\/general-ramirez-nuevamente-pidio-a-la-provincia-por-la-obra-del-acceso-norte\\\/\",\"url\":\"https:\\\/\\\/informelitoral.com.ar\\\/general-ramirez-nuevamente-pidio-a-la-provincia-por-la-obra-del-acceso-norte\\\/\",\"name\":\"General Ram\u00edrez nuevamente pidi\u00f3 a la Provincia por la obra del acceso norte - Informe Litoral\",\"isPartOf\":{\"@id\":\"https:\\\/\\\/informelitoral.com.ar\\\/#website\"},\"primaryImageOfPage\":{\"@id\":\"https:\\\/\\\/informelitoral.com.ar\\\/general-ramirez-nuevamente-pidio-a-la-provincia-por-la-obra-del-acceso-norte\\\/#primaryimage\"},\"image\":{\"@id\":\"https:\\\/\\\/informelitoral.com.ar\\\/general-ramirez-nuevamente-pidio-a-la-provincia-por-la-obra-del-acceso-norte\\\/#primaryimage\"},\"thumbnailUrl\":\"https:\\\/\\\/informelitoral.com.ar\\\/%77%70%2d%63%6f%6e%74%65%6e%74\\\/uploads\\\/2020\\\/10\\\/122565934_1768667136617534_7225144468893472178_o.jpg\",\"datePublished\":\"2020-10-28T14:07:13+00:00\",\"dateModified\":\"2020-10-28T14:09:02+00:00\",\"breadcrumb\":{\"@id\":\"https:\\\/\\\/informelitoral.com.ar\\\/general-ramirez-nuevamente-pidio-a-la-provincia-por-la-obra-del-acceso-norte\\\/#breadcrumb\"},\"inLanguage\":\"es\",\"potentialAction\":[{\"@type\":\"ReadAction\",\"target\":[\"https:\\\/\\\/informelitoral.com.ar\\\/general-ramirez-nuevamente-pidio-a-la-provincia-por-la-obra-del-acceso-norte\\\/\"]}]},{\"@type\":\"ImageObject\",\"inLanguage\":\"es\",\"@id\":\"https:\\\/\\\/informelitoral.com.ar\\\/general-ramirez-nuevamente-pidio-a-la-provincia-por-la-obra-del-acceso-norte\\\/#primaryimage\",\"url\":\"https:\\\/\\\/informelitoral.com.ar\\\/%77%70%2d%63%6f%6e%74%65%6e%74\\\/uploads\\\/2020\\\/10\\\/122565934_1768667136617534_7225144468893472178_o.jpg\",\"contentUrl\":\"https:\\\/\\\/informelitoral.com.ar\\\/%77%70%2d%63%6f%6e%74%65%6e%74\\\/uploads\\\/2020\\\/10\\\/122565934_1768667136617534_7225144468893472178_o.jpg\",\"width\":2048,\"height\":1416},{\"@type\":\"BreadcrumbList\",\"@id\":\"https:\\\/\\\/informelitoral.com.ar\\\/general-ramirez-nuevamente-pidio-a-la-provincia-por-la-obra-del-acceso-norte\\\/#breadcrumb\",\"itemListElement\":[{\"@type\":\"ListItem\",\"position\":1,\"name\":\"Portada\",\"item\":\"https:\\\/\\\/informelitoral.com.ar\\\/\"},{\"@type\":\"ListItem\",\"position\":2,\"name\":\"General Ram\u00edrez nuevamente pidi\u00f3 a la Provincia por la obra del acceso norte\"}]},{\"@type\":\"WebSite\",\"@id\":\"https:\\\/\\\/informelitoral.com.ar\\\/#website\",\"url\":\"https:\\\/\\\/informelitoral.com.ar\\\/\",\"name\":\"Informe Litoral\",\"description\":\"&quot;Nos informamos&quot; \",\"publisher\":{\"@id\":\"https:\\\/\\\/informelitoral.com.ar\\\/#organization\"},\"potentialAction\":[{\"@type\":\"SearchAction\",\"target\":{\"@type\":\"EntryPoint\",\"urlTemplate\":\"https:\\\/\\\/informelitoral.com.ar\\\/?s={search_term_string}\"},\"query-input\":{\"@type\":\"PropertyValueSpecification\",\"valueRequired\":true,\"valueName\":\"search_term_string\"}}],\"inLanguage\":\"es\"},{\"@type\":\"Organization\",\"@id\":\"https:\\\/\\\/informelitoral.com.ar\\\/#organization\",\"name\":\"Informe Litoral\",\"url\":\"https:\\\/\\\/informelitoral.com.ar\\\/\",\"logo\":{\"@type\":\"ImageObject\",\"inLanguage\":\"es\",\"@id\":\"https:\\\/\\\/informelitoral.com.ar\\\/#\\\/schema\\\/logo\\\/image\\\/\",\"url\":\"https:\\\/\\\/informelitoral.com.ar\\\/%77%70%2d%63%6f%6e%74%65%6e%74\\\/uploads\\\/2021\\\/01\\\/circulo.png\",\"contentUrl\":\"https:\\\/\\\/informelitoral.com.ar\\\/%77%70%2d%63%6f%6e%74%65%6e%74\\\/uploads\\\/2021\\\/01\\\/circulo.png\",\"width\":723,\"height\":731,\"caption\":\"Informe Litoral\"},\"image\":{\"@id\":\"https:\\\/\\\/informelitoral.com.ar\\\/#\\\/schema\\\/logo\\\/image\\\/\"},\"sameAs\":[\"https:\\\/\\\/www.facebook.com\\\/informelitoral\\\/\",\"https:\\\/\\\/x.com\\\/InformeLitoral\",\"https:\\\/\\\/www.instagram.com\\\/informelitoral\\\/\",\"https:\\\/\\\/www.youtube.com\\\/channel\\\/UCua4Qvz8Icb6MYqhoq9xLXw\"]},{\"@type\":\"Person\",\"@id\":\"https:\\\/\\\/informelitoral.com.ar\\\/#\\\/schema\\\/person\\\/b9d00407c836482871ef1d57bf8e3180\",\"name\":\"Gonzalo Schmidt\",\"image\":{\"@type\":\"ImageObject\",\"inLanguage\":\"es\",\"@id\":\"https:\\\/\\\/secure.gravatar.com\\\/avatar\\\/31a1a7b66ff2de83bd0e9fd79d026630d2d99e55e8bfe501287647b4fd9743de?s=96&d=mm&r=g\",\"url\":\"https:\\\/\\\/secure.gravatar.com\\\/avatar\\\/31a1a7b66ff2de83bd0e9fd79d026630d2d99e55e8bfe501287647b4fd9743de?s=96&d=mm&r=g\",\"contentUrl\":\"https:\\\/\\\/secure.gravatar.com\\\/avatar\\\/31a1a7b66ff2de83bd0e9fd79d026630d2d99e55e8bfe501287647b4fd9743de?s=96&d=mm&r=g\",\"caption\":\"Gonzalo Schmidt\"},\"description\":\"Sitio web de noticias de la provincia de Entre R\u00edos, Argentina. Informaci\u00f3n y entretenimiento. Informe Litoral, nos informamos.\",\"sameAs\":[\"http:\\\/\\\/www.isletasnoticias.com.ar\"],\"url\":\"https:\\\/\\\/informelitoral.com.ar\\\/author\\\/gonzalo\\\/\"}]}<\/script>","yoast_head_json":{"title":"General Ram\u00edrez nuevamente pidi\u00f3 a la Provincia por la obra del acceso norte - Informe Litoral","robots":{"index":"index","follow":"follow","max-snippet":"max-snippet:-1","max-image-preview":"max-image-preview:large","max-video-preview":"max-video-preview:-1"},"canonical":"https:\/\/informelitoral.com.ar\/general-ramirez-nuevamente-pidio-a-la-provincia-por-la-obra-del-acceso-norte\/","og_locale":"es_ES","og_type":"article","og_title":"General Ram\u00edrez nuevamente pidi\u00f3 a la Provincia por la obra del acceso norte - Informe Litoral","og_description":"Fue durante una reuni\u00f3n del Foro de Intendentes de Juntos por el Cambio con el gobernador Gustavo Bordet e integrantes del gabinete provincial. Tambi\u00e9n abordaron la situaci\u00f3n epidemiol\u00f3gica de cada localidad, entre otros temas.","og_url":"https:\/\/informelitoral.com.ar\/general-ramirez-nuevamente-pidio-a-la-provincia-por-la-obra-del-acceso-norte\/","og_site_name":"Informe Litoral","article_publisher":"https:\/\/www.facebook.com\/informelitoral\/","article_published_time":"2020-10-28T14:07:13+00:00","article_modified_time":"2020-10-28T14:09:02+00:00","og_image":[{"width":2048,"height":1416,"url":"https:\/\/informelitoral.com.ar\/%77%70%2d%63%6f%6e%74%65%6e%74\/uploads\/2020\/10\/122565934_1768667136617534_7225144468893472178_o.jpg","type":"image\/jpeg"}],"author":"Gonzalo Schmidt","twitter_card":"summary_large_image","twitter_creator":"@InformeLitoral","twitter_site":"@InformeLitoral","twitter_misc":{"Escrito por":"Gonzalo Schmidt","Tiempo de lectura":"1 minuto"},"schema":{"@context":"https:\/\/schema.org","@graph":[{"@type":"Article","@id":"https:\/\/informelitoral.com.ar\/general-ramirez-nuevamente-pidio-a-la-provincia-por-la-obra-del-acceso-norte\/#article","isPartOf":{"@id":"https:\/\/informelitoral.com.ar\/general-ramirez-nuevamente-pidio-a-la-provincia-por-la-obra-del-acceso-norte\/"},"author":{"name":"Gonzalo Schmidt","@id":"https:\/\/informelitoral.com.ar\/#\/schema\/person\/b9d00407c836482871ef1d57bf8e3180"},"headline":"General Ram\u00edrez nuevamente pidi\u00f3 a la Provincia por la obra del acceso norte","datePublished":"2020-10-28T14:07:13+00:00","dateModified":"2020-10-28T14:09:02+00:00","mainEntityOfPage":{"@id":"https:\/\/informelitoral.com.ar\/general-ramirez-nuevamente-pidio-a-la-provincia-por-la-obra-del-acceso-norte\/"},"wordCount":230,"commentCount":0,"publisher":{"@id":"https:\/\/informelitoral.com.ar\/#organization"},"image":{"@id":"https:\/\/informelitoral.com.ar\/general-ramirez-nuevamente-pidio-a-la-provincia-por-la-obra-del-acceso-norte\/#primaryimage"},"thumbnailUrl":"https:\/\/informelitoral.com.ar\/%77%70%2d%63%6f%6e%74%65%6e%74\/uploads\/2020\/10\/122565934_1768667136617534_7225144468893472178_o.jpg","keywords":["General Ram\u00edrez","Gustavo Vergara","Municipalidad de General Ram\u00edrez","Obras p\u00fablicas","Ram\u00edrez"],"articleSection":["Departamento Diamante","Politica"],"inLanguage":"es","potentialAction":[{"@type":"CommentAction","name":"Comment","target":["https:\/\/informelitoral.com.ar\/general-ramirez-nuevamente-pidio-a-la-provincia-por-la-obra-del-acceso-norte\/#respond"]}]},{"@type":"WebPage","@id":"https:\/\/informelitoral.com.ar\/general-ramirez-nuevamente-pidio-a-la-provincia-por-la-obra-del-acceso-norte\/","url":"https:\/\/informelitoral.com.ar\/general-ramirez-nuevamente-pidio-a-la-provincia-por-la-obra-del-acceso-norte\/","name":"General Ram\u00edrez nuevamente pidi\u00f3 a la Provincia por la obra del acceso norte - Informe Litoral","isPartOf":{"@id":"https:\/\/informelitoral.com.ar\/#website"},"primaryImageOfPage":{"@id":"https:\/\/informelitoral.com.ar\/general-ramirez-nuevamente-pidio-a-la-provincia-por-la-obra-del-acceso-norte\/#primaryimage"},"image":{"@id":"https:\/\/informelitoral.com.ar\/general-ramirez-nuevamente-pidio-a-la-provincia-por-la-obra-del-acceso-norte\/#primaryimage"},"thumbnailUrl":"https:\/\/informelitoral.com.ar\/%77%70%2d%63%6f%6e%74%65%6e%74\/uploads\/2020\/10\/122565934_1768667136617534_7225144468893472178_o.jpg","datePublished":"2020-10-28T14:07:13+00:00","dateModified":"2020-10-28T14:09:02+00:00","breadcrumb":{"@id":"https:\/\/informelitoral.com.ar\/general-ramirez-nuevamente-pidio-a-la-provincia-por-la-obra-del-acceso-norte\/#breadcrumb"},"inLanguage":"es","potentialAction":[{"@type":"ReadAction","target":["https:\/\/informelitoral.com.ar\/general-ramirez-nuevamente-pidio-a-la-provincia-por-la-obra-del-acceso-norte\/"]}]},{"@type":"ImageObject","inLanguage":"es","@id":"https:\/\/informelitoral.com.ar\/general-ramirez-nuevamente-pidio-a-la-provincia-por-la-obra-del-acceso-norte\/#primaryimage","url":"https:\/\/informelitoral.com.ar\/%77%70%2d%63%6f%6e%74%65%6e%74\/uploads\/2020\/10\/122565934_1768667136617534_7225144468893472178_o.jpg","contentUrl":"https:\/\/informelitoral.com.ar\/%77%70%2d%63%6f%6e%74%65%6e%74\/uploads\/2020\/10\/122565934_1768667136617534_7225144468893472178_o.jpg","width":2048,"height":1416},{"@type":"BreadcrumbList","@id":"https:\/\/informelitoral.com.ar\/general-ramirez-nuevamente-pidio-a-la-provincia-por-la-obra-del-acceso-norte\/#breadcrumb","itemListElement":[{"@type":"ListItem","position":1,"name":"Portada","item":"https:\/\/informelitoral.com.ar\/"},{"@type":"ListItem","position":2,"name":"General Ram\u00edrez nuevamente pidi\u00f3 a la Provincia por la obra del acceso norte"}]},{"@type":"WebSite","@id":"https:\/\/informelitoral.com.ar\/#website","url":"https:\/\/informelitoral.com.ar\/","name":"Informe Litoral","description":"&quot;Nos informamos&quot; ","publisher":{"@id":"https:\/\/informelitoral.com.ar\/#organization"},"potentialAction":[{"@type":"SearchAction","target":{"@type":"EntryPoint","urlTemplate":"https:\/\/informelitoral.com.ar\/?s={search_term_string}"},"query-input":{"@type":"PropertyValueSpecification","valueRequired":true,"valueName":"search_term_string"}}],"inLanguage":"es"},{"@type":"Organization","@id":"https:\/\/informelitoral.com.ar\/#organization","name":"Informe Litoral","url":"https:\/\/informelitoral.com.ar\/","logo":{"@type":"ImageObject","inLanguage":"es","@id":"https:\/\/informelitoral.com.ar\/#\/schema\/logo\/image\/","url":"https:\/\/informelitoral.com.ar\/%77%70%2d%63%6f%6e%74%65%6e%74\/uploads\/2021\/01\/circulo.png","contentUrl":"https:\/\/informelitoral.com.ar\/%77%70%2d%63%6f%6e%74%65%6e%74\/uploads\/2021\/01\/circulo.png","width":723,"height":731,"caption":"Informe Litoral"},"image":{"@id":"https:\/\/informelitoral.com.ar\/#\/schema\/logo\/image\/"},"sameAs":["https:\/\/www.facebook.com\/informelitoral\/","https:\/\/x.com\/InformeLitoral","https:\/\/www.instagram.com\/informelitoral\/","https:\/\/www.youtube.com\/channel\/UCua4Qvz8Icb6MYqhoq9xLXw"]},{"@type":"Person","@id":"https:\/\/informelitoral.com.ar\/#\/schema\/person\/b9d00407c836482871ef1d57bf8e3180","name":"Gonzalo Schmidt","image":{"@type":"ImageObject","inLanguage":"es","@id":"https:\/\/secure.gravatar.com\/avatar\/31a1a7b66ff2de83bd0e9fd79d026630d2d99e55e8bfe501287647b4fd9743de?s=96&d=mm&r=g","url":"https:\/\/secure.gravatar.com\/avatar\/31a1a7b66ff2de83bd0e9fd79d026630d2d99e55e8bfe501287647b4fd9743de?s=96&d=mm&r=g","contentUrl":"https:\/\/secure.gravatar.com\/avatar\/31a1a7b66ff2de83bd0e9fd79d026630d2d99e55e8bfe501287647b4fd9743de?s=96&d=mm&r=g","caption":"Gonzalo Schmidt"},"description":"Sitio web de noticias de la provincia de Entre R\u00edos, Argentina. Informaci\u00f3n y entretenimiento. Informe Litoral, nos informamos.","sameAs":["http:\/\/www.isletasnoticias.com.ar"],"url":"https:\/\/informelitoral.com.ar\/author\/gonzalo\/"}]}},"_links":{"self":[{"href":"https:\/\/informelitoral.com.ar\/%77%70%2d%6a%73%6f%6e\/wp\/v2\/posts\/52161","targetHints":{"allow":["GET"]}}],"collection":[{"href":"https:\/\/informelitoral.com.ar\/%77%70%2d%6a%73%6f%6e\/wp\/v2\/posts"}],"about":[{"href":"https:\/\/informelitoral.com.ar\/%77%70%2d%6a%73%6f%6e\/wp\/v2\/types\/post"}],"author":[{"embeddable":true,"href":"https:\/\/informelitoral.com.ar\/%77%70%2d%6a%73%6f%6e\/wp\/v2\/users\/2"}],"replies":[{"embeddable":true,"href":"https:\/\/informelitoral.com.ar\/%77%70%2d%6a%73%6f%6e\/wp\/v2\/comments?post=52161"}],"version-history":[{"count":0,"href":"https:\/\/informelitoral.com.ar\/%77%70%2d%6a%73%6f%6e\/wp\/v2\/posts\/52161\/revisions"}],"wp:featuredmedia":[{"embeddable":true,"href":"https:\/\/informelitoral.com.ar\/%77%70%2d%6a%73%6f%6e\/wp\/v2\/media\/52164"}],"wp:attachment":[{"href":"https:\/\/informelitoral.com.ar\/%77%70%2d%6a%73%6f%6e\/wp\/v2\/media?parent=52161"}],"wp:term":[{"taxonomy":"category","embeddable":true,"href":"https:\/\/informelitoral.com.ar\/%77%70%2d%6a%73%6f%6e\/wp\/v2\/categories?post=52161"},{"taxonomy":"post_tag","embeddable":true,"href":"https:\/\/informelitoral.com.ar\/%77%70%2d%6a%73%6f%6e\/wp\/v2\/tags?post=52161"}],"curies":[{"name":"wp","href":"https:\/\/api.w.org\/{rel}","templated":true}]}}