{"id":52037,"date":"2020-10-26T08:57:31","date_gmt":"2020-10-26T11:57:31","guid":{"rendered":"https:\/\/www.isletasnoticias.com.ar\/?p=52037"},"modified":"2020-10-26T08:57:31","modified_gmt":"2020-10-26T11:57:31","slug":"agmer-se-opone-al-regreso-gradual-a-las-aulas-y-hara-paro-durante-tres-dias","status":"publish","type":"post","link":"https:\/\/informelitoral.com.ar\/agmer-se-opone-al-regreso-gradual-a-las-aulas-y-hara-paro-durante-tres-dias\/","title":{"rendered":"Agmer se opone al regreso gradual a las aulas y har\u00e1 paro durante tres d\u00edas"},"content":{"rendered":"<p>La Asociaci\u00f3n Gremial del Magisterio de Entre R\u00edos (<strong>Agmer<\/strong>)\u00a0hab\u00eda intimado al gobierno provincial a que suspenda el anuncio\u00a0relacionado al regreso de las\u00a0clases\u00a0presenciales en algunos departamentos de Entre R\u00edos pero, como no hubo un pronunciamiento pol\u00edtico del\u00a0CGE,<strong>\u00a0el sindicato resolvi\u00f3 llevar adelante tres d\u00edas de huelga, entre hoy y el mi\u00e9rcoles.\u00a0<\/strong><\/p>\n<p><strong>Para el sindicato no est\u00e1n dadas las condiciones epidemiol\u00f3gicas<\/strong>\u00a0para ejecutar esta medida: \u00abApelamos a que el Ejecutivo provincial reflexione sobre esta decisi\u00f3n, que entendemos que es apresurada. Somos conscientes de que el n\u00famero de camas es cr\u00edtico, entonces una medida de esta magnitud pone m\u00e1s en riesgo la salud de los entrerrianos\u201d, indicaron desde el gremio.<\/p>\n<p>En base a informes de los COES locales que luego fueron compartidos con los secretarios generales departamentales, se tiene conocimiento de la recomendaci\u00f3n de no autorizar las clases presenciales en algunos distritos. \u201cEl Ejecutivo provincial va delegando las responsabilidades en los COES locales y en las direcciones departamentales de Educaci\u00f3n. Tenemos conocimiento de algunos departamentos de la provincia y de algunas notas que se han acercado a las departamentales donde se autoriza la reapertura\u201d, manifestaron por parte del gremio docente mayoritario.<\/p>\n<p><strong>Consideran que esta decisi\u00f3n contradice los protocolos del Ministerio de Salud y las resoluciones del CGE, donde se establece fijar criterios y acuerdos con los representantes gremiales para el retorno gradual a las aulas, ya que no fueron convocados.<\/strong><\/p>\n<p><strong>Agmer volver\u00e1 a reunirse de manera virtual este mi\u00e9rcoles 28\u00a0<\/strong>donde definir\u00e1n los pasos a seguir.<\/p>\n","protected":false},"excerpt":{"rendered":"<p>El gremio docente hab\u00eda intimado al gobierno provincial a suspender el regreso gradual en algunos departamentos. El mi\u00e9rcoles definir\u00e1n los pasos a seguir.<\/p>\n","protected":false},"author":2,"featured_media":20510,"comment_status":"open","ping_status":"open","sticky":false,"template":"","format":"standard","meta":{"fifu_image_url":"","fifu_image_alt":"","footnotes":""},"categories":[6],"tags":[64,1639,1014],"class_list":{"0":"post-52037","1":"post","2":"type-post","3":"status-publish","4":"format-standard","5":"has-post-thumbnail","7":"category-entre-rios","8":"tag-agmer","9":"tag-clases-presenciales","10":"tag-paro-docente"},"yoast_head":"<title>Agmer se opone al regreso gradual a las aulas y har\u00e1 paro durante tres d\u00edas - Informe Litoral<\/title>\n<meta name=\"robots\" content=\"index, follow, max-snippet:-1, max-image-preview:large, max-video-preview:-1\" \/>\n<link rel=\"canonical\" href=\"https:\/\/informelitoral.com.ar\/agmer-se-opone-al-regreso-gradual-a-las-aulas-y-hara-paro-durante-tres-dias\/\" \/>\n<meta property=\"og:locale\" content=\"es_ES\" \/>\n<meta property=\"og:type\" content=\"article\" \/>\n<meta property=\"og:title\" content=\"Agmer se opone al regreso gradual a las aulas y har\u00e1 paro durante tres d\u00edas - Informe Litoral\" \/>\n<meta property=\"og:description\" content=\"El gremio docente hab\u00eda intimado al gobierno provincial a suspender el regreso gradual en algunos departamentos. El mi\u00e9rcoles definir\u00e1n los pasos a seguir.\" \/>\n<meta property=\"og:url\" content=\"https:\/\/informelitoral.com.ar\/agmer-se-opone-al-regreso-gradual-a-las-aulas-y-hara-paro-durante-tres-dias\/\" \/>\n<meta property=\"og:site_name\" content=\"Informe Litoral\" \/>\n<meta property=\"article:publisher\" content=\"https:\/\/www.facebook.com\/informelitoral\/\" \/>\n<meta property=\"article:published_time\" content=\"2020-10-26T11:57:31+00:00\" \/>\n<meta property=\"og:image\" content=\"https:\/\/informelitoral.com.ar\/%77%70%2d%63%6f%6e%74%65%6e%74\/uploads\/2017\/02\/Paro-docente.jpg\" \/>\n\t<meta property=\"og:image:width\" content=\"1001\" \/>\n\t<meta property=\"og:image:height\" content=\"562\" \/>\n\t<meta property=\"og:image:type\" content=\"image\/jpeg\" \/>\n<meta name=\"author\" content=\"Gonzalo Schmidt\" \/>\n<meta name=\"twitter:card\" content=\"summary_large_image\" \/>\n<meta name=\"twitter:creator\" content=\"@InformeLitoral\" \/>\n<meta name=\"twitter:site\" content=\"@InformeLitoral\" \/>\n<meta name=\"twitter:label1\" content=\"Escrito por\" \/>\n\t<meta name=\"twitter:data1\" content=\"Gonzalo Schmidt\" \/>\n\t<meta name=\"twitter:label2\" content=\"Tiempo de lectura\" \/>\n\t<meta name=\"twitter:data2\" content=\"1 minuto\" \/>\n<script type=\"application\/ld+json\" class=\"yoast-schema-graph\">{\"@context\":\"https:\\\/\\\/schema.org\",\"@graph\":[{\"@type\":\"Article\",\"@id\":\"https:\\\/\\\/informelitoral.com.ar\\\/agmer-se-opone-al-regreso-gradual-a-las-aulas-y-hara-paro-durante-tres-dias\\\/#article\",\"isPartOf\":{\"@id\":\"https:\\\/\\\/informelitoral.com.ar\\\/agmer-se-opone-al-regreso-gradual-a-las-aulas-y-hara-paro-durante-tres-dias\\\/\"},\"author\":{\"name\":\"Gonzalo Schmidt\",\"@id\":\"https:\\\/\\\/informelitoral.com.ar\\\/#\\\/schema\\\/person\\\/b9d00407c836482871ef1d57bf8e3180\"},\"headline\":\"Agmer se opone al regreso gradual a las aulas y har\u00e1 paro durante tres d\u00edas\",\"datePublished\":\"2020-10-26T11:57:31+00:00\",\"mainEntityOfPage\":{\"@id\":\"https:\\\/\\\/informelitoral.com.ar\\\/agmer-se-opone-al-regreso-gradual-a-las-aulas-y-hara-paro-durante-tres-dias\\\/\"},\"wordCount\":281,\"commentCount\":0,\"publisher\":{\"@id\":\"https:\\\/\\\/informelitoral.com.ar\\\/#organization\"},\"image\":{\"@id\":\"https:\\\/\\\/informelitoral.com.ar\\\/agmer-se-opone-al-regreso-gradual-a-las-aulas-y-hara-paro-durante-tres-dias\\\/#primaryimage\"},\"thumbnailUrl\":\"https:\\\/\\\/informelitoral.com.ar\\\/%77%70%2d%63%6f%6e%74%65%6e%74\\\/uploads\\\/2017\\\/02\\\/Paro-docente.jpg\",\"keywords\":[\"Agmer\",\"Clases presenciales\",\"Paro docente\"],\"articleSection\":[\"Entre R\u00edos\"],\"inLanguage\":\"es\",\"potentialAction\":[{\"@type\":\"CommentAction\",\"name\":\"Comment\",\"target\":[\"https:\\\/\\\/informelitoral.com.ar\\\/agmer-se-opone-al-regreso-gradual-a-las-aulas-y-hara-paro-durante-tres-dias\\\/#respond\"]}]},{\"@type\":\"WebPage\",\"@id\":\"https:\\\/\\\/informelitoral.com.ar\\\/agmer-se-opone-al-regreso-gradual-a-las-aulas-y-hara-paro-durante-tres-dias\\\/\",\"url\":\"https:\\\/\\\/informelitoral.com.ar\\\/agmer-se-opone-al-regreso-gradual-a-las-aulas-y-hara-paro-durante-tres-dias\\\/\",\"name\":\"Agmer se opone al regreso gradual a las aulas y har\u00e1 paro durante tres d\u00edas - Informe Litoral\",\"isPartOf\":{\"@id\":\"https:\\\/\\\/informelitoral.com.ar\\\/#website\"},\"primaryImageOfPage\":{\"@id\":\"https:\\\/\\\/informelitoral.com.ar\\\/agmer-se-opone-al-regreso-gradual-a-las-aulas-y-hara-paro-durante-tres-dias\\\/#primaryimage\"},\"image\":{\"@id\":\"https:\\\/\\\/informelitoral.com.ar\\\/agmer-se-opone-al-regreso-gradual-a-las-aulas-y-hara-paro-durante-tres-dias\\\/#primaryimage\"},\"thumbnailUrl\":\"https:\\\/\\\/informelitoral.com.ar\\\/%77%70%2d%63%6f%6e%74%65%6e%74\\\/uploads\\\/2017\\\/02\\\/Paro-docente.jpg\",\"datePublished\":\"2020-10-26T11:57:31+00:00\",\"breadcrumb\":{\"@id\":\"https:\\\/\\\/informelitoral.com.ar\\\/agmer-se-opone-al-regreso-gradual-a-las-aulas-y-hara-paro-durante-tres-dias\\\/#breadcrumb\"},\"inLanguage\":\"es\",\"potentialAction\":[{\"@type\":\"ReadAction\",\"target\":[\"https:\\\/\\\/informelitoral.com.ar\\\/agmer-se-opone-al-regreso-gradual-a-las-aulas-y-hara-paro-durante-tres-dias\\\/\"]}]},{\"@type\":\"ImageObject\",\"inLanguage\":\"es\",\"@id\":\"https:\\\/\\\/informelitoral.com.ar\\\/agmer-se-opone-al-regreso-gradual-a-las-aulas-y-hara-paro-durante-tres-dias\\\/#primaryimage\",\"url\":\"https:\\\/\\\/informelitoral.com.ar\\\/%77%70%2d%63%6f%6e%74%65%6e%74\\\/uploads\\\/2017\\\/02\\\/Paro-docente.jpg\",\"contentUrl\":\"https:\\\/\\\/informelitoral.com.ar\\\/%77%70%2d%63%6f%6e%74%65%6e%74\\\/uploads\\\/2017\\\/02\\\/Paro-docente.jpg\",\"width\":1001,\"height\":562},{\"@type\":\"BreadcrumbList\",\"@id\":\"https:\\\/\\\/informelitoral.com.ar\\\/agmer-se-opone-al-regreso-gradual-a-las-aulas-y-hara-paro-durante-tres-dias\\\/#breadcrumb\",\"itemListElement\":[{\"@type\":\"ListItem\",\"position\":1,\"name\":\"Portada\",\"item\":\"https:\\\/\\\/informelitoral.com.ar\\\/\"},{\"@type\":\"ListItem\",\"position\":2,\"name\":\"Agmer se opone al regreso gradual a las aulas y har\u00e1 paro durante tres d\u00edas\"}]},{\"@type\":\"WebSite\",\"@id\":\"https:\\\/\\\/informelitoral.com.ar\\\/#website\",\"url\":\"https:\\\/\\\/informelitoral.com.ar\\\/\",\"name\":\"Informe Litoral\",\"description\":\"&quot;Nos informamos&quot; \",\"publisher\":{\"@id\":\"https:\\\/\\\/informelitoral.com.ar\\\/#organization\"},\"potentialAction\":[{\"@type\":\"SearchAction\",\"target\":{\"@type\":\"EntryPoint\",\"urlTemplate\":\"https:\\\/\\\/informelitoral.com.ar\\\/?s={search_term_string}\"},\"query-input\":{\"@type\":\"PropertyValueSpecification\",\"valueRequired\":true,\"valueName\":\"search_term_string\"}}],\"inLanguage\":\"es\"},{\"@type\":\"Organization\",\"@id\":\"https:\\\/\\\/informelitoral.com.ar\\\/#organization\",\"name\":\"Informe Litoral\",\"url\":\"https:\\\/\\\/informelitoral.com.ar\\\/\",\"logo\":{\"@type\":\"ImageObject\",\"inLanguage\":\"es\",\"@id\":\"https:\\\/\\\/informelitoral.com.ar\\\/#\\\/schema\\\/logo\\\/image\\\/\",\"url\":\"https:\\\/\\\/informelitoral.com.ar\\\/%77%70%2d%63%6f%6e%74%65%6e%74\\\/uploads\\\/2021\\\/01\\\/circulo.png\",\"contentUrl\":\"https:\\\/\\\/informelitoral.com.ar\\\/%77%70%2d%63%6f%6e%74%65%6e%74\\\/uploads\\\/2021\\\/01\\\/circulo.png\",\"width\":723,\"height\":731,\"caption\":\"Informe Litoral\"},\"image\":{\"@id\":\"https:\\\/\\\/informelitoral.com.ar\\\/#\\\/schema\\\/logo\\\/image\\\/\"},\"sameAs\":[\"https:\\\/\\\/www.facebook.com\\\/informelitoral\\\/\",\"https:\\\/\\\/x.com\\\/InformeLitoral\",\"https:\\\/\\\/www.instagram.com\\\/informelitoral\\\/\",\"https:\\\/\\\/www.youtube.com\\\/channel\\\/UCua4Qvz8Icb6MYqhoq9xLXw\"]},{\"@type\":\"Person\",\"@id\":\"https:\\\/\\\/informelitoral.com.ar\\\/#\\\/schema\\\/person\\\/b9d00407c836482871ef1d57bf8e3180\",\"name\":\"Gonzalo Schmidt\",\"image\":{\"@type\":\"ImageObject\",\"inLanguage\":\"es\",\"@id\":\"https:\\\/\\\/secure.gravatar.com\\\/avatar\\\/31a1a7b66ff2de83bd0e9fd79d026630d2d99e55e8bfe501287647b4fd9743de?s=96&d=mm&r=g\",\"url\":\"https:\\\/\\\/secure.gravatar.com\\\/avatar\\\/31a1a7b66ff2de83bd0e9fd79d026630d2d99e55e8bfe501287647b4fd9743de?s=96&d=mm&r=g\",\"contentUrl\":\"https:\\\/\\\/secure.gravatar.com\\\/avatar\\\/31a1a7b66ff2de83bd0e9fd79d026630d2d99e55e8bfe501287647b4fd9743de?s=96&d=mm&r=g\",\"caption\":\"Gonzalo Schmidt\"},\"description\":\"Sitio web de noticias de la provincia de Entre R\u00edos, Argentina. Informaci\u00f3n y entretenimiento. Informe Litoral, nos informamos.\",\"sameAs\":[\"http:\\\/\\\/www.isletasnoticias.com.ar\"],\"url\":\"https:\\\/\\\/informelitoral.com.ar\\\/author\\\/gonzalo\\\/\"}]}<\/script>","yoast_head_json":{"title":"Agmer se opone al regreso gradual a las aulas y har\u00e1 paro durante tres d\u00edas - Informe Litoral","robots":{"index":"index","follow":"follow","max-snippet":"max-snippet:-1","max-image-preview":"max-image-preview:large","max-video-preview":"max-video-preview:-1"},"canonical":"https:\/\/informelitoral.com.ar\/agmer-se-opone-al-regreso-gradual-a-las-aulas-y-hara-paro-durante-tres-dias\/","og_locale":"es_ES","og_type":"article","og_title":"Agmer se opone al regreso gradual a las aulas y har\u00e1 paro durante tres d\u00edas - Informe Litoral","og_description":"El gremio docente hab\u00eda intimado al gobierno provincial a suspender el regreso gradual en algunos departamentos. El mi\u00e9rcoles definir\u00e1n los pasos a seguir.","og_url":"https:\/\/informelitoral.com.ar\/agmer-se-opone-al-regreso-gradual-a-las-aulas-y-hara-paro-durante-tres-dias\/","og_site_name":"Informe Litoral","article_publisher":"https:\/\/www.facebook.com\/informelitoral\/","article_published_time":"2020-10-26T11:57:31+00:00","og_image":[{"width":1001,"height":562,"url":"https:\/\/informelitoral.com.ar\/%77%70%2d%63%6f%6e%74%65%6e%74\/uploads\/2017\/02\/Paro-docente.jpg","type":"image\/jpeg"}],"author":"Gonzalo Schmidt","twitter_card":"summary_large_image","twitter_creator":"@InformeLitoral","twitter_site":"@InformeLitoral","twitter_misc":{"Escrito por":"Gonzalo Schmidt","Tiempo de lectura":"1 minuto"},"schema":{"@context":"https:\/\/schema.org","@graph":[{"@type":"Article","@id":"https:\/\/informelitoral.com.ar\/agmer-se-opone-al-regreso-gradual-a-las-aulas-y-hara-paro-durante-tres-dias\/#article","isPartOf":{"@id":"https:\/\/informelitoral.com.ar\/agmer-se-opone-al-regreso-gradual-a-las-aulas-y-hara-paro-durante-tres-dias\/"},"author":{"name":"Gonzalo Schmidt","@id":"https:\/\/informelitoral.com.ar\/#\/schema\/person\/b9d00407c836482871ef1d57bf8e3180"},"headline":"Agmer se opone al regreso gradual a las aulas y har\u00e1 paro durante tres d\u00edas","datePublished":"2020-10-26T11:57:31+00:00","mainEntityOfPage":{"@id":"https:\/\/informelitoral.com.ar\/agmer-se-opone-al-regreso-gradual-a-las-aulas-y-hara-paro-durante-tres-dias\/"},"wordCount":281,"commentCount":0,"publisher":{"@id":"https:\/\/informelitoral.com.ar\/#organization"},"image":{"@id":"https:\/\/informelitoral.com.ar\/agmer-se-opone-al-regreso-gradual-a-las-aulas-y-hara-paro-durante-tres-dias\/#primaryimage"},"thumbnailUrl":"https:\/\/informelitoral.com.ar\/%77%70%2d%63%6f%6e%74%65%6e%74\/uploads\/2017\/02\/Paro-docente.jpg","keywords":["Agmer","Clases presenciales","Paro docente"],"articleSection":["Entre R\u00edos"],"inLanguage":"es","potentialAction":[{"@type":"CommentAction","name":"Comment","target":["https:\/\/informelitoral.com.ar\/agmer-se-opone-al-regreso-gradual-a-las-aulas-y-hara-paro-durante-tres-dias\/#respond"]}]},{"@type":"WebPage","@id":"https:\/\/informelitoral.com.ar\/agmer-se-opone-al-regreso-gradual-a-las-aulas-y-hara-paro-durante-tres-dias\/","url":"https:\/\/informelitoral.com.ar\/agmer-se-opone-al-regreso-gradual-a-las-aulas-y-hara-paro-durante-tres-dias\/","name":"Agmer se opone al regreso gradual a las aulas y har\u00e1 paro durante tres d\u00edas - Informe Litoral","isPartOf":{"@id":"https:\/\/informelitoral.com.ar\/#website"},"primaryImageOfPage":{"@id":"https:\/\/informelitoral.com.ar\/agmer-se-opone-al-regreso-gradual-a-las-aulas-y-hara-paro-durante-tres-dias\/#primaryimage"},"image":{"@id":"https:\/\/informelitoral.com.ar\/agmer-se-opone-al-regreso-gradual-a-las-aulas-y-hara-paro-durante-tres-dias\/#primaryimage"},"thumbnailUrl":"https:\/\/informelitoral.com.ar\/%77%70%2d%63%6f%6e%74%65%6e%74\/uploads\/2017\/02\/Paro-docente.jpg","datePublished":"2020-10-26T11:57:31+00:00","breadcrumb":{"@id":"https:\/\/informelitoral.com.ar\/agmer-se-opone-al-regreso-gradual-a-las-aulas-y-hara-paro-durante-tres-dias\/#breadcrumb"},"inLanguage":"es","potentialAction":[{"@type":"ReadAction","target":["https:\/\/informelitoral.com.ar\/agmer-se-opone-al-regreso-gradual-a-las-aulas-y-hara-paro-durante-tres-dias\/"]}]},{"@type":"ImageObject","inLanguage":"es","@id":"https:\/\/informelitoral.com.ar\/agmer-se-opone-al-regreso-gradual-a-las-aulas-y-hara-paro-durante-tres-dias\/#primaryimage","url":"https:\/\/informelitoral.com.ar\/%77%70%2d%63%6f%6e%74%65%6e%74\/uploads\/2017\/02\/Paro-docente.jpg","contentUrl":"https:\/\/informelitoral.com.ar\/%77%70%2d%63%6f%6e%74%65%6e%74\/uploads\/2017\/02\/Paro-docente.jpg","width":1001,"height":562},{"@type":"BreadcrumbList","@id":"https:\/\/informelitoral.com.ar\/agmer-se-opone-al-regreso-gradual-a-las-aulas-y-hara-paro-durante-tres-dias\/#breadcrumb","itemListElement":[{"@type":"ListItem","position":1,"name":"Portada","item":"https:\/\/informelitoral.com.ar\/"},{"@type":"ListItem","position":2,"name":"Agmer se opone al regreso gradual a las aulas y har\u00e1 paro durante tres d\u00edas"}]},{"@type":"WebSite","@id":"https:\/\/informelitoral.com.ar\/#website","url":"https:\/\/informelitoral.com.ar\/","name":"Informe Litoral","description":"&quot;Nos informamos&quot; ","publisher":{"@id":"https:\/\/informelitoral.com.ar\/#organization"},"potentialAction":[{"@type":"SearchAction","target":{"@type":"EntryPoint","urlTemplate":"https:\/\/informelitoral.com.ar\/?s={search_term_string}"},"query-input":{"@type":"PropertyValueSpecification","valueRequired":true,"valueName":"search_term_string"}}],"inLanguage":"es"},{"@type":"Organization","@id":"https:\/\/informelitoral.com.ar\/#organization","name":"Informe Litoral","url":"https:\/\/informelitoral.com.ar\/","logo":{"@type":"ImageObject","inLanguage":"es","@id":"https:\/\/informelitoral.com.ar\/#\/schema\/logo\/image\/","url":"https:\/\/informelitoral.com.ar\/%77%70%2d%63%6f%6e%74%65%6e%74\/uploads\/2021\/01\/circulo.png","contentUrl":"https:\/\/informelitoral.com.ar\/%77%70%2d%63%6f%6e%74%65%6e%74\/uploads\/2021\/01\/circulo.png","width":723,"height":731,"caption":"Informe Litoral"},"image":{"@id":"https:\/\/informelitoral.com.ar\/#\/schema\/logo\/image\/"},"sameAs":["https:\/\/www.facebook.com\/informelitoral\/","https:\/\/x.com\/InformeLitoral","https:\/\/www.instagram.com\/informelitoral\/","https:\/\/www.youtube.com\/channel\/UCua4Qvz8Icb6MYqhoq9xLXw"]},{"@type":"Person","@id":"https:\/\/informelitoral.com.ar\/#\/schema\/person\/b9d00407c836482871ef1d57bf8e3180","name":"Gonzalo Schmidt","image":{"@type":"ImageObject","inLanguage":"es","@id":"https:\/\/secure.gravatar.com\/avatar\/31a1a7b66ff2de83bd0e9fd79d026630d2d99e55e8bfe501287647b4fd9743de?s=96&d=mm&r=g","url":"https:\/\/secure.gravatar.com\/avatar\/31a1a7b66ff2de83bd0e9fd79d026630d2d99e55e8bfe501287647b4fd9743de?s=96&d=mm&r=g","contentUrl":"https:\/\/secure.gravatar.com\/avatar\/31a1a7b66ff2de83bd0e9fd79d026630d2d99e55e8bfe501287647b4fd9743de?s=96&d=mm&r=g","caption":"Gonzalo Schmidt"},"description":"Sitio web de noticias de la provincia de Entre R\u00edos, Argentina. Informaci\u00f3n y entretenimiento. Informe Litoral, nos informamos.","sameAs":["http:\/\/www.isletasnoticias.com.ar"],"url":"https:\/\/informelitoral.com.ar\/author\/gonzalo\/"}]}},"_links":{"self":[{"href":"https:\/\/informelitoral.com.ar\/%77%70%2d%6a%73%6f%6e\/wp\/v2\/posts\/52037","targetHints":{"allow":["GET"]}}],"collection":[{"href":"https:\/\/informelitoral.com.ar\/%77%70%2d%6a%73%6f%6e\/wp\/v2\/posts"}],"about":[{"href":"https:\/\/informelitoral.com.ar\/%77%70%2d%6a%73%6f%6e\/wp\/v2\/types\/post"}],"author":[{"embeddable":true,"href":"https:\/\/informelitoral.com.ar\/%77%70%2d%6a%73%6f%6e\/wp\/v2\/users\/2"}],"replies":[{"embeddable":true,"href":"https:\/\/informelitoral.com.ar\/%77%70%2d%6a%73%6f%6e\/wp\/v2\/comments?post=52037"}],"version-history":[{"count":0,"href":"https:\/\/informelitoral.com.ar\/%77%70%2d%6a%73%6f%6e\/wp\/v2\/posts\/52037\/revisions"}],"wp:featuredmedia":[{"embeddable":true,"href":"https:\/\/informelitoral.com.ar\/%77%70%2d%6a%73%6f%6e\/wp\/v2\/media\/20510"}],"wp:attachment":[{"href":"https:\/\/informelitoral.com.ar\/%77%70%2d%6a%73%6f%6e\/wp\/v2\/media?parent=52037"}],"wp:term":[{"taxonomy":"category","embeddable":true,"href":"https:\/\/informelitoral.com.ar\/%77%70%2d%6a%73%6f%6e\/wp\/v2\/categories?post=52037"},{"taxonomy":"post_tag","embeddable":true,"href":"https:\/\/informelitoral.com.ar\/%77%70%2d%6a%73%6f%6e\/wp\/v2\/tags?post=52037"}],"curies":[{"name":"wp","href":"https:\/\/api.w.org\/{rel}","templated":true}]}}