{"id":52035,"date":"2020-10-26T08:25:59","date_gmt":"2020-10-26T11:25:59","guid":{"rendered":"https:\/\/www.isletasnoticias.com.ar\/?p=52035"},"modified":"2020-10-26T08:25:59","modified_gmt":"2020-10-26T11:25:59","slug":"exportaciones-de-maiz-destacan-un-record-en-los-primeros-ocho-meses-de-2020","status":"publish","type":"post","link":"https:\/\/informelitoral.com.ar\/exportaciones-de-maiz-destacan-un-record-en-los-primeros-ocho-meses-de-2020\/","title":{"rendered":"Exportaciones de ma\u00edz: destacan un r\u00e9cord en los primeros ocho meses de 2020"},"content":{"rendered":"<p>El Departamento Econ\u00f3mico de la Bolsa de Cereales de C\u00f3rdoba realiz\u00f3 un informe sobre las\u00a0exportaciones argentinas durante los primeros ocho meses del a\u00f1o, y para el caso de los principales complejos granarios (soja,\u00a0ma\u00edz\u00a0y\u00a0trigo) el resultado fue ventas al exterior por 26.858 millones de d\u00f3lares.<\/p>\n<p>Haciendo una especie de desglose de mayor a menor, del total de las exportaciones argentinas durante ese per\u00edodo (37.229 millones de d\u00f3lares), el 72% corresponden a productos primarios y manufacturas de origen agropecuario, y cabe destacar que los dos rubros mostraron una ca\u00edda general en relaci\u00f3n al 2019.<\/p>\n<p>Pero del informe de la Bolsa, un dato sobresale, y es que las ventas al exterior del ma\u00edz \u201cdurante los primeros ocho meses del 2020 fueron r\u00e9cord con 28,9 millones de toneladas comercializadas, lo cual implica no s\u00f3lo un incremento del 16% en comparaci\u00f3n al mismo per\u00edodo del a\u00f1o anterior, sino tambi\u00e9n un crecimiento de las ventas que se mantiene hace tres a\u00f1os\u201d, indica el informe.<\/p>\n<p>\u201cPor otro lado, el precio promedio del cereal durante los primeros ocho meses de 2020 fue de 161 d\u00f3lares por tonelada, el valor m\u00e1s bajo de los \u00faltimos diez a\u00f1os, decreciendo 3% con relaci\u00f3n al 2019 y 7 d\u00f3lares por debajo del promedio de los \u00faltimos cinco a\u00f1os\u201d, se\u00f1ala la Bolsa.<\/p>\n<p>Siguiendo el an\u00e1lisis, los complejos industriales y exportaciones de grano de los tres principales\u00a0commodities\u00a0en su conjunto, representan el 44% de las exportaciones totales de la Argentina, donde \u201cel 27% fue contribuci\u00f3n del complejo sojero, 12% del ma\u00edz y 5% del complejo triguero\u201d, ampl\u00eda la BCCBA.<\/p>\n","protected":false},"excerpt":{"rendered":"<p>Entre enero y agosto de este a\u00f1o, las ventas externas argentinas de los principales granos alcanzaron los 37.229 millones de d\u00f3lares.<\/p>\n","protected":false},"author":2,"featured_media":22980,"comment_status":"open","ping_status":"open","sticky":false,"template":"","format":"standard","meta":{"fifu_image_url":"","fifu_image_alt":"","footnotes":""},"categories":[10],"tags":[191,83,273,120],"class_list":{"0":"post-52035","1":"post","2":"type-post","3":"status-publish","4":"format-standard","5":"has-post-thumbnail","7":"category-campo","8":"tag-agricultura","9":"tag-exportaciones","10":"tag-maiz","11":"tag-produccion"},"yoast_head":"<title>Exportaciones de ma\u00edz: destacan un r\u00e9cord en los primeros ocho meses de 2020 - Informe Litoral<\/title>\n<meta name=\"robots\" content=\"index, follow, max-snippet:-1, max-image-preview:large, max-video-preview:-1\" \/>\n<link rel=\"canonical\" href=\"https:\/\/informelitoral.com.ar\/exportaciones-de-maiz-destacan-un-record-en-los-primeros-ocho-meses-de-2020\/\" \/>\n<meta property=\"og:locale\" content=\"es_ES\" \/>\n<meta property=\"og:type\" content=\"article\" \/>\n<meta property=\"og:title\" content=\"Exportaciones de ma\u00edz: destacan un r\u00e9cord en los primeros ocho meses de 2020 - Informe Litoral\" \/>\n<meta property=\"og:description\" content=\"Entre enero y agosto de este a\u00f1o, las ventas externas argentinas de los principales granos alcanzaron los 37.229 millones de d\u00f3lares.\" \/>\n<meta property=\"og:url\" content=\"https:\/\/informelitoral.com.ar\/exportaciones-de-maiz-destacan-un-record-en-los-primeros-ocho-meses-de-2020\/\" \/>\n<meta property=\"og:site_name\" content=\"Informe Litoral\" \/>\n<meta property=\"article:publisher\" content=\"https:\/\/www.facebook.com\/informelitoral\/\" \/>\n<meta property=\"article:published_time\" content=\"2020-10-26T11:25:59+00:00\" \/>\n<meta property=\"og:image\" content=\"https:\/\/informelitoral.com.ar\/%77%70%2d%63%6f%6e%74%65%6e%74\/uploads\/2017\/09\/cosecha-maiz.jpg\" \/>\n\t<meta property=\"og:image:width\" content=\"640\" \/>\n\t<meta property=\"og:image:height\" content=\"416\" \/>\n\t<meta property=\"og:image:type\" content=\"image\/jpeg\" \/>\n<meta name=\"author\" content=\"Gonzalo Schmidt\" \/>\n<meta name=\"twitter:card\" content=\"summary_large_image\" \/>\n<meta name=\"twitter:creator\" content=\"@InformeLitoral\" \/>\n<meta name=\"twitter:site\" content=\"@InformeLitoral\" \/>\n<meta name=\"twitter:label1\" content=\"Escrito por\" \/>\n\t<meta name=\"twitter:data1\" content=\"Gonzalo Schmidt\" \/>\n\t<meta name=\"twitter:label2\" content=\"Tiempo de lectura\" \/>\n\t<meta name=\"twitter:data2\" content=\"1 minuto\" \/>\n<script type=\"application\/ld+json\" class=\"yoast-schema-graph\">{\"@context\":\"https:\\\/\\\/schema.org\",\"@graph\":[{\"@type\":\"Article\",\"@id\":\"https:\\\/\\\/informelitoral.com.ar\\\/exportaciones-de-maiz-destacan-un-record-en-los-primeros-ocho-meses-de-2020\\\/#article\",\"isPartOf\":{\"@id\":\"https:\\\/\\\/informelitoral.com.ar\\\/exportaciones-de-maiz-destacan-un-record-en-los-primeros-ocho-meses-de-2020\\\/\"},\"author\":{\"name\":\"Gonzalo Schmidt\",\"@id\":\"https:\\\/\\\/informelitoral.com.ar\\\/#\\\/schema\\\/person\\\/b9d00407c836482871ef1d57bf8e3180\"},\"headline\":\"Exportaciones de ma\u00edz: destacan un r\u00e9cord en los primeros ocho meses de 2020\",\"datePublished\":\"2020-10-26T11:25:59+00:00\",\"mainEntityOfPage\":{\"@id\":\"https:\\\/\\\/informelitoral.com.ar\\\/exportaciones-de-maiz-destacan-un-record-en-los-primeros-ocho-meses-de-2020\\\/\"},\"wordCount\":286,\"commentCount\":0,\"publisher\":{\"@id\":\"https:\\\/\\\/informelitoral.com.ar\\\/#organization\"},\"image\":{\"@id\":\"https:\\\/\\\/informelitoral.com.ar\\\/exportaciones-de-maiz-destacan-un-record-en-los-primeros-ocho-meses-de-2020\\\/#primaryimage\"},\"thumbnailUrl\":\"https:\\\/\\\/informelitoral.com.ar\\\/%77%70%2d%63%6f%6e%74%65%6e%74\\\/uploads\\\/2017\\\/09\\\/cosecha-maiz.jpg\",\"keywords\":[\"Agricultura\",\"Exportaciones\",\"Ma\u00edz\",\"Producci\u00f3n\"],\"articleSection\":[\"Campo\"],\"inLanguage\":\"es\",\"potentialAction\":[{\"@type\":\"CommentAction\",\"name\":\"Comment\",\"target\":[\"https:\\\/\\\/informelitoral.com.ar\\\/exportaciones-de-maiz-destacan-un-record-en-los-primeros-ocho-meses-de-2020\\\/#respond\"]}]},{\"@type\":\"WebPage\",\"@id\":\"https:\\\/\\\/informelitoral.com.ar\\\/exportaciones-de-maiz-destacan-un-record-en-los-primeros-ocho-meses-de-2020\\\/\",\"url\":\"https:\\\/\\\/informelitoral.com.ar\\\/exportaciones-de-maiz-destacan-un-record-en-los-primeros-ocho-meses-de-2020\\\/\",\"name\":\"Exportaciones de ma\u00edz: destacan un r\u00e9cord en los primeros ocho meses de 2020 - Informe Litoral\",\"isPartOf\":{\"@id\":\"https:\\\/\\\/informelitoral.com.ar\\\/#website\"},\"primaryImageOfPage\":{\"@id\":\"https:\\\/\\\/informelitoral.com.ar\\\/exportaciones-de-maiz-destacan-un-record-en-los-primeros-ocho-meses-de-2020\\\/#primaryimage\"},\"image\":{\"@id\":\"https:\\\/\\\/informelitoral.com.ar\\\/exportaciones-de-maiz-destacan-un-record-en-los-primeros-ocho-meses-de-2020\\\/#primaryimage\"},\"thumbnailUrl\":\"https:\\\/\\\/informelitoral.com.ar\\\/%77%70%2d%63%6f%6e%74%65%6e%74\\\/uploads\\\/2017\\\/09\\\/cosecha-maiz.jpg\",\"datePublished\":\"2020-10-26T11:25:59+00:00\",\"breadcrumb\":{\"@id\":\"https:\\\/\\\/informelitoral.com.ar\\\/exportaciones-de-maiz-destacan-un-record-en-los-primeros-ocho-meses-de-2020\\\/#breadcrumb\"},\"inLanguage\":\"es\",\"potentialAction\":[{\"@type\":\"ReadAction\",\"target\":[\"https:\\\/\\\/informelitoral.com.ar\\\/exportaciones-de-maiz-destacan-un-record-en-los-primeros-ocho-meses-de-2020\\\/\"]}]},{\"@type\":\"ImageObject\",\"inLanguage\":\"es\",\"@id\":\"https:\\\/\\\/informelitoral.com.ar\\\/exportaciones-de-maiz-destacan-un-record-en-los-primeros-ocho-meses-de-2020\\\/#primaryimage\",\"url\":\"https:\\\/\\\/informelitoral.com.ar\\\/%77%70%2d%63%6f%6e%74%65%6e%74\\\/uploads\\\/2017\\\/09\\\/cosecha-maiz.jpg\",\"contentUrl\":\"https:\\\/\\\/informelitoral.com.ar\\\/%77%70%2d%63%6f%6e%74%65%6e%74\\\/uploads\\\/2017\\\/09\\\/cosecha-maiz.jpg\",\"width\":640,\"height\":416},{\"@type\":\"BreadcrumbList\",\"@id\":\"https:\\\/\\\/informelitoral.com.ar\\\/exportaciones-de-maiz-destacan-un-record-en-los-primeros-ocho-meses-de-2020\\\/#breadcrumb\",\"itemListElement\":[{\"@type\":\"ListItem\",\"position\":1,\"name\":\"Portada\",\"item\":\"https:\\\/\\\/informelitoral.com.ar\\\/\"},{\"@type\":\"ListItem\",\"position\":2,\"name\":\"Exportaciones de ma\u00edz: destacan un r\u00e9cord en los primeros ocho meses de 2020\"}]},{\"@type\":\"WebSite\",\"@id\":\"https:\\\/\\\/informelitoral.com.ar\\\/#website\",\"url\":\"https:\\\/\\\/informelitoral.com.ar\\\/\",\"name\":\"Informe Litoral\",\"description\":\"&quot;Nos informamos&quot; \",\"publisher\":{\"@id\":\"https:\\\/\\\/informelitoral.com.ar\\\/#organization\"},\"potentialAction\":[{\"@type\":\"SearchAction\",\"target\":{\"@type\":\"EntryPoint\",\"urlTemplate\":\"https:\\\/\\\/informelitoral.com.ar\\\/?s={search_term_string}\"},\"query-input\":{\"@type\":\"PropertyValueSpecification\",\"valueRequired\":true,\"valueName\":\"search_term_string\"}}],\"inLanguage\":\"es\"},{\"@type\":\"Organization\",\"@id\":\"https:\\\/\\\/informelitoral.com.ar\\\/#organization\",\"name\":\"Informe Litoral\",\"url\":\"https:\\\/\\\/informelitoral.com.ar\\\/\",\"logo\":{\"@type\":\"ImageObject\",\"inLanguage\":\"es\",\"@id\":\"https:\\\/\\\/informelitoral.com.ar\\\/#\\\/schema\\\/logo\\\/image\\\/\",\"url\":\"https:\\\/\\\/informelitoral.com.ar\\\/%77%70%2d%63%6f%6e%74%65%6e%74\\\/uploads\\\/2021\\\/01\\\/circulo.png\",\"contentUrl\":\"https:\\\/\\\/informelitoral.com.ar\\\/%77%70%2d%63%6f%6e%74%65%6e%74\\\/uploads\\\/2021\\\/01\\\/circulo.png\",\"width\":723,\"height\":731,\"caption\":\"Informe Litoral\"},\"image\":{\"@id\":\"https:\\\/\\\/informelitoral.com.ar\\\/#\\\/schema\\\/logo\\\/image\\\/\"},\"sameAs\":[\"https:\\\/\\\/www.facebook.com\\\/informelitoral\\\/\",\"https:\\\/\\\/x.com\\\/InformeLitoral\",\"https:\\\/\\\/www.instagram.com\\\/informelitoral\\\/\",\"https:\\\/\\\/www.youtube.com\\\/channel\\\/UCua4Qvz8Icb6MYqhoq9xLXw\"]},{\"@type\":\"Person\",\"@id\":\"https:\\\/\\\/informelitoral.com.ar\\\/#\\\/schema\\\/person\\\/b9d00407c836482871ef1d57bf8e3180\",\"name\":\"Gonzalo Schmidt\",\"image\":{\"@type\":\"ImageObject\",\"inLanguage\":\"es\",\"@id\":\"https:\\\/\\\/secure.gravatar.com\\\/avatar\\\/31a1a7b66ff2de83bd0e9fd79d026630d2d99e55e8bfe501287647b4fd9743de?s=96&d=mm&r=g\",\"url\":\"https:\\\/\\\/secure.gravatar.com\\\/avatar\\\/31a1a7b66ff2de83bd0e9fd79d026630d2d99e55e8bfe501287647b4fd9743de?s=96&d=mm&r=g\",\"contentUrl\":\"https:\\\/\\\/secure.gravatar.com\\\/avatar\\\/31a1a7b66ff2de83bd0e9fd79d026630d2d99e55e8bfe501287647b4fd9743de?s=96&d=mm&r=g\",\"caption\":\"Gonzalo Schmidt\"},\"description\":\"Sitio web de noticias de la provincia de Entre R\u00edos, Argentina. Informaci\u00f3n y entretenimiento. Informe Litoral, nos informamos.\",\"sameAs\":[\"http:\\\/\\\/www.isletasnoticias.com.ar\"],\"url\":\"https:\\\/\\\/informelitoral.com.ar\\\/author\\\/gonzalo\\\/\"}]}<\/script>","yoast_head_json":{"title":"Exportaciones de ma\u00edz: destacan un r\u00e9cord en los primeros ocho meses de 2020 - Informe Litoral","robots":{"index":"index","follow":"follow","max-snippet":"max-snippet:-1","max-image-preview":"max-image-preview:large","max-video-preview":"max-video-preview:-1"},"canonical":"https:\/\/informelitoral.com.ar\/exportaciones-de-maiz-destacan-un-record-en-los-primeros-ocho-meses-de-2020\/","og_locale":"es_ES","og_type":"article","og_title":"Exportaciones de ma\u00edz: destacan un r\u00e9cord en los primeros ocho meses de 2020 - Informe Litoral","og_description":"Entre enero y agosto de este a\u00f1o, las ventas externas argentinas de los principales granos alcanzaron los 37.229 millones de d\u00f3lares.","og_url":"https:\/\/informelitoral.com.ar\/exportaciones-de-maiz-destacan-un-record-en-los-primeros-ocho-meses-de-2020\/","og_site_name":"Informe Litoral","article_publisher":"https:\/\/www.facebook.com\/informelitoral\/","article_published_time":"2020-10-26T11:25:59+00:00","og_image":[{"width":640,"height":416,"url":"https:\/\/informelitoral.com.ar\/%77%70%2d%63%6f%6e%74%65%6e%74\/uploads\/2017\/09\/cosecha-maiz.jpg","type":"image\/jpeg"}],"author":"Gonzalo Schmidt","twitter_card":"summary_large_image","twitter_creator":"@InformeLitoral","twitter_site":"@InformeLitoral","twitter_misc":{"Escrito por":"Gonzalo Schmidt","Tiempo de lectura":"1 minuto"},"schema":{"@context":"https:\/\/schema.org","@graph":[{"@type":"Article","@id":"https:\/\/informelitoral.com.ar\/exportaciones-de-maiz-destacan-un-record-en-los-primeros-ocho-meses-de-2020\/#article","isPartOf":{"@id":"https:\/\/informelitoral.com.ar\/exportaciones-de-maiz-destacan-un-record-en-los-primeros-ocho-meses-de-2020\/"},"author":{"name":"Gonzalo Schmidt","@id":"https:\/\/informelitoral.com.ar\/#\/schema\/person\/b9d00407c836482871ef1d57bf8e3180"},"headline":"Exportaciones de ma\u00edz: destacan un r\u00e9cord en los primeros ocho meses de 2020","datePublished":"2020-10-26T11:25:59+00:00","mainEntityOfPage":{"@id":"https:\/\/informelitoral.com.ar\/exportaciones-de-maiz-destacan-un-record-en-los-primeros-ocho-meses-de-2020\/"},"wordCount":286,"commentCount":0,"publisher":{"@id":"https:\/\/informelitoral.com.ar\/#organization"},"image":{"@id":"https:\/\/informelitoral.com.ar\/exportaciones-de-maiz-destacan-un-record-en-los-primeros-ocho-meses-de-2020\/#primaryimage"},"thumbnailUrl":"https:\/\/informelitoral.com.ar\/%77%70%2d%63%6f%6e%74%65%6e%74\/uploads\/2017\/09\/cosecha-maiz.jpg","keywords":["Agricultura","Exportaciones","Ma\u00edz","Producci\u00f3n"],"articleSection":["Campo"],"inLanguage":"es","potentialAction":[{"@type":"CommentAction","name":"Comment","target":["https:\/\/informelitoral.com.ar\/exportaciones-de-maiz-destacan-un-record-en-los-primeros-ocho-meses-de-2020\/#respond"]}]},{"@type":"WebPage","@id":"https:\/\/informelitoral.com.ar\/exportaciones-de-maiz-destacan-un-record-en-los-primeros-ocho-meses-de-2020\/","url":"https:\/\/informelitoral.com.ar\/exportaciones-de-maiz-destacan-un-record-en-los-primeros-ocho-meses-de-2020\/","name":"Exportaciones de ma\u00edz: destacan un r\u00e9cord en los primeros ocho meses de 2020 - Informe Litoral","isPartOf":{"@id":"https:\/\/informelitoral.com.ar\/#website"},"primaryImageOfPage":{"@id":"https:\/\/informelitoral.com.ar\/exportaciones-de-maiz-destacan-un-record-en-los-primeros-ocho-meses-de-2020\/#primaryimage"},"image":{"@id":"https:\/\/informelitoral.com.ar\/exportaciones-de-maiz-destacan-un-record-en-los-primeros-ocho-meses-de-2020\/#primaryimage"},"thumbnailUrl":"https:\/\/informelitoral.com.ar\/%77%70%2d%63%6f%6e%74%65%6e%74\/uploads\/2017\/09\/cosecha-maiz.jpg","datePublished":"2020-10-26T11:25:59+00:00","breadcrumb":{"@id":"https:\/\/informelitoral.com.ar\/exportaciones-de-maiz-destacan-un-record-en-los-primeros-ocho-meses-de-2020\/#breadcrumb"},"inLanguage":"es","potentialAction":[{"@type":"ReadAction","target":["https:\/\/informelitoral.com.ar\/exportaciones-de-maiz-destacan-un-record-en-los-primeros-ocho-meses-de-2020\/"]}]},{"@type":"ImageObject","inLanguage":"es","@id":"https:\/\/informelitoral.com.ar\/exportaciones-de-maiz-destacan-un-record-en-los-primeros-ocho-meses-de-2020\/#primaryimage","url":"https:\/\/informelitoral.com.ar\/%77%70%2d%63%6f%6e%74%65%6e%74\/uploads\/2017\/09\/cosecha-maiz.jpg","contentUrl":"https:\/\/informelitoral.com.ar\/%77%70%2d%63%6f%6e%74%65%6e%74\/uploads\/2017\/09\/cosecha-maiz.jpg","width":640,"height":416},{"@type":"BreadcrumbList","@id":"https:\/\/informelitoral.com.ar\/exportaciones-de-maiz-destacan-un-record-en-los-primeros-ocho-meses-de-2020\/#breadcrumb","itemListElement":[{"@type":"ListItem","position":1,"name":"Portada","item":"https:\/\/informelitoral.com.ar\/"},{"@type":"ListItem","position":2,"name":"Exportaciones de ma\u00edz: destacan un r\u00e9cord en los primeros ocho meses de 2020"}]},{"@type":"WebSite","@id":"https:\/\/informelitoral.com.ar\/#website","url":"https:\/\/informelitoral.com.ar\/","name":"Informe Litoral","description":"&quot;Nos informamos&quot; ","publisher":{"@id":"https:\/\/informelitoral.com.ar\/#organization"},"potentialAction":[{"@type":"SearchAction","target":{"@type":"EntryPoint","urlTemplate":"https:\/\/informelitoral.com.ar\/?s={search_term_string}"},"query-input":{"@type":"PropertyValueSpecification","valueRequired":true,"valueName":"search_term_string"}}],"inLanguage":"es"},{"@type":"Organization","@id":"https:\/\/informelitoral.com.ar\/#organization","name":"Informe Litoral","url":"https:\/\/informelitoral.com.ar\/","logo":{"@type":"ImageObject","inLanguage":"es","@id":"https:\/\/informelitoral.com.ar\/#\/schema\/logo\/image\/","url":"https:\/\/informelitoral.com.ar\/%77%70%2d%63%6f%6e%74%65%6e%74\/uploads\/2021\/01\/circulo.png","contentUrl":"https:\/\/informelitoral.com.ar\/%77%70%2d%63%6f%6e%74%65%6e%74\/uploads\/2021\/01\/circulo.png","width":723,"height":731,"caption":"Informe Litoral"},"image":{"@id":"https:\/\/informelitoral.com.ar\/#\/schema\/logo\/image\/"},"sameAs":["https:\/\/www.facebook.com\/informelitoral\/","https:\/\/x.com\/InformeLitoral","https:\/\/www.instagram.com\/informelitoral\/","https:\/\/www.youtube.com\/channel\/UCua4Qvz8Icb6MYqhoq9xLXw"]},{"@type":"Person","@id":"https:\/\/informelitoral.com.ar\/#\/schema\/person\/b9d00407c836482871ef1d57bf8e3180","name":"Gonzalo Schmidt","image":{"@type":"ImageObject","inLanguage":"es","@id":"https:\/\/secure.gravatar.com\/avatar\/31a1a7b66ff2de83bd0e9fd79d026630d2d99e55e8bfe501287647b4fd9743de?s=96&d=mm&r=g","url":"https:\/\/secure.gravatar.com\/avatar\/31a1a7b66ff2de83bd0e9fd79d026630d2d99e55e8bfe501287647b4fd9743de?s=96&d=mm&r=g","contentUrl":"https:\/\/secure.gravatar.com\/avatar\/31a1a7b66ff2de83bd0e9fd79d026630d2d99e55e8bfe501287647b4fd9743de?s=96&d=mm&r=g","caption":"Gonzalo Schmidt"},"description":"Sitio web de noticias de la provincia de Entre R\u00edos, Argentina. Informaci\u00f3n y entretenimiento. Informe Litoral, nos informamos.","sameAs":["http:\/\/www.isletasnoticias.com.ar"],"url":"https:\/\/informelitoral.com.ar\/author\/gonzalo\/"}]}},"_links":{"self":[{"href":"https:\/\/informelitoral.com.ar\/%77%70%2d%6a%73%6f%6e\/wp\/v2\/posts\/52035","targetHints":{"allow":["GET"]}}],"collection":[{"href":"https:\/\/informelitoral.com.ar\/%77%70%2d%6a%73%6f%6e\/wp\/v2\/posts"}],"about":[{"href":"https:\/\/informelitoral.com.ar\/%77%70%2d%6a%73%6f%6e\/wp\/v2\/types\/post"}],"author":[{"embeddable":true,"href":"https:\/\/informelitoral.com.ar\/%77%70%2d%6a%73%6f%6e\/wp\/v2\/users\/2"}],"replies":[{"embeddable":true,"href":"https:\/\/informelitoral.com.ar\/%77%70%2d%6a%73%6f%6e\/wp\/v2\/comments?post=52035"}],"version-history":[{"count":0,"href":"https:\/\/informelitoral.com.ar\/%77%70%2d%6a%73%6f%6e\/wp\/v2\/posts\/52035\/revisions"}],"wp:featuredmedia":[{"embeddable":true,"href":"https:\/\/informelitoral.com.ar\/%77%70%2d%6a%73%6f%6e\/wp\/v2\/media\/22980"}],"wp:attachment":[{"href":"https:\/\/informelitoral.com.ar\/%77%70%2d%6a%73%6f%6e\/wp\/v2\/media?parent=52035"}],"wp:term":[{"taxonomy":"category","embeddable":true,"href":"https:\/\/informelitoral.com.ar\/%77%70%2d%6a%73%6f%6e\/wp\/v2\/categories?post=52035"},{"taxonomy":"post_tag","embeddable":true,"href":"https:\/\/informelitoral.com.ar\/%77%70%2d%6a%73%6f%6e\/wp\/v2\/tags?post=52035"}],"curies":[{"name":"wp","href":"https:\/\/api.w.org\/{rel}","templated":true}]}}