{"id":519,"date":"2013-03-24T20:23:06","date_gmt":"2013-03-24T23:23:06","guid":{"rendered":"http:\/\/www.isletasnoticias.com.ar\/?p=519"},"modified":"2013-03-25T12:45:47","modified_gmt":"2013-03-25T15:45:47","slug":"venezuela-asumira-por-primera-vez-la-presidencia-pro-tempore-del-mercorsur","status":"publish","type":"post","link":"https:\/\/informelitoral.com.ar\/venezuela-asumira-por-primera-vez-la-presidencia-pro-tempore-del-mercorsur\/","title":{"rendered":"Venezuela asumir\u00e1 por primera vez la presidencia pro tempore del Mercorsur"},"content":{"rendered":"<p><strong>Venezuela asumir\u00e1 por primera vez la presidencia pro t\u00e9mpore del Mercosur el 28 de junio cuando el presidente uruguayo Jos\u00e9 Mujica formalice el traspaso hasta fin de a\u00f1o, un a\u00f1o despu\u00e9s de ser inco<strong>rporado el pa\u00eds caribe\u00f1o al bloque regional.<\/strong><\/strong><\/p>\n<p><a href=\"http:\/\/www.isletasnoticias.com.ar\/%77%70%2d%63%6f%6e%74%65%6e%74\/uploads\/2013\/03\/vern.jpg\"><img loading=\"lazy\" decoding=\"async\" class=\"size-medium wp-image-520 alignleft\" alt=\"vern\" src=\"http:\/\/www.isletasnoticias.com.ar\/%77%70%2d%63%6f%6e%74%65%6e%74\/uploads\/2013\/03\/vern-300x225.jpg\" width=\"300\" height=\"225\" srcset=\"https:\/\/informelitoral.com.ar\/%77%70%2d%63%6f%6e%74%65%6e%74\/uploads\/2013\/03\/vern-300x225.jpg 300w, https:\/\/informelitoral.com.ar\/%77%70%2d%63%6f%6e%74%65%6e%74\/uploads\/2013\/03\/vern.jpg 432w\" sizes=\"auto, (max-width: 300px) 100vw, 300px\" \/><\/a><\/p>\n<p>El propio presidente encargado de Venezuela, <strong>Nicol\u00e1s Maduro<\/strong>, anunci\u00f3 que el 28 de junio su pa\u00eds recibir\u00e1 de manos de Uruguay la Presidencia pro t\u00e9mpore del Mercosur, seg\u00fan lo anunci\u00f3 y fue difundido en Telesur.<br \/>\nEl Mercosur est\u00e1 conformado desde 1991 por Argentina, Uruguay, Brasil y Paraguay, aunque desde junio del a\u00f1o pasado este \u00faltimo pa\u00eds se encuentra suspendido por el golpe institucional que sufri\u00f3 el ex presidente Fernando Lugo, hasta las elecciones del 21 de abril. En junio, en la reuni\u00f3n realizada en Mendoza, el Mercosur decidi\u00f3 incorporar formalmente a Venezuela como miembro pleno.<\/p>\n<p>En un acto oficial desarrollado en el estado Lara, Maduro record\u00f3 que <em>\u00abhoy (domingo) estuvimos reunidos con el canciller de Uruguay (Luis Almagro)\u00bb<\/em> y confirm\u00f3 la asunci\u00f3n de Venezuela a la Presidencia del Mercado Com\u00fan del Sur, seg\u00fan reproduce Telesur.<br \/>\n<em>\u00abEl 28 de junio, yo como presidente constitucional de Venezuela, voy a ir a Montevideo porque Venezuela asume la presidencia de Mercosur (&#8230;). El 28 de junio seremos presidentes de Mercosur\u00bb,<\/em> expres\u00f3 Maduro, en referencia a la posibilidad de una victoria suya en las elecciones presidenciales del 14 de abril para las que es candidato.<\/p>\n<p>El mandatario afirm\u00f3 que para ese d\u00eda<em id=\"__mceDel\"> \u00abva a ser dif\u00edcil no recordarlo (al l\u00edder de la Revoluci\u00f3n Bolivariana, Hugo Ch\u00e1vez) con l\u00e1grimas, con cantos y con amor\u00bb<\/em> porque<em id=\"__mceDel\"> \u00abfue \u00e9l quien impuls\u00f3 como nadie el ingreso de Venezuela al Mercosur\u00bb.<\/em><\/p>\n<p>Fuente: Elonce<\/p>\n","protected":false},"excerpt":{"rendered":"<p>Venezuela asumir&aacute; por primera vez la presidencia pro t&eacute;mpore del Mercosur el 28 de junio cuando el presidente uruguayo Jos&eacute; Mujica formalice el traspaso hasta fin de a&ntilde;o, un a&ntilde;o despu&eacute;s de ser incorporado el pa&iacute;s caribe&ntilde;o al bloque regional. El propio presidente encargado de Venezuela, Nicol&aacute;s Maduro, anunci&oacute; que el 28 de junio su [&hellip;]<\/p>\n","protected":false},"author":2,"featured_media":0,"comment_status":"open","ping_status":"open","sticky":false,"template":"","format":"standard","meta":{"fifu_image_url":"","fifu_image_alt":"","footnotes":""},"categories":[8,16],"tags":[],"class_list":{"0":"post-519","1":"post","2":"type-post","3":"status-publish","4":"format-standard","6":"category-internacionales","7":"category-politi"},"yoast_head":"<title>Venezuela asumir\u00e1 por primera vez la presidencia pro tempore del Mercorsur - Informe Litoral<\/title>\n<meta name=\"robots\" content=\"index, follow, max-snippet:-1, max-image-preview:large, max-video-preview:-1\" \/>\n<link rel=\"canonical\" href=\"https:\/\/informelitoral.com.ar\/venezuela-asumira-por-primera-vez-la-presidencia-pro-tempore-del-mercorsur\/\" \/>\n<meta property=\"og:locale\" content=\"es_ES\" \/>\n<meta property=\"og:type\" content=\"article\" \/>\n<meta property=\"og:title\" content=\"Venezuela asumir\u00e1 por primera vez la presidencia pro tempore del Mercorsur - Informe Litoral\" \/>\n<meta property=\"og:description\" content=\"Venezuela asumir&aacute; por primera vez la presidencia pro t&eacute;mpore del Mercosur el 28 de junio cuando el presidente uruguayo Jos&eacute; Mujica formalice el traspaso hasta fin de a&ntilde;o, un a&ntilde;o despu&eacute;s de ser incorporado el pa&iacute;s caribe&ntilde;o al bloque regional. El propio presidente encargado de Venezuela, Nicol&aacute;s Maduro, anunci&oacute; que el 28 de junio su [&hellip;]\" \/>\n<meta property=\"og:url\" content=\"https:\/\/informelitoral.com.ar\/venezuela-asumira-por-primera-vez-la-presidencia-pro-tempore-del-mercorsur\/\" \/>\n<meta property=\"og:site_name\" content=\"Informe Litoral\" \/>\n<meta property=\"article:publisher\" content=\"https:\/\/www.facebook.com\/informelitoral\/\" \/>\n<meta property=\"article:published_time\" content=\"2013-03-24T23:23:06+00:00\" \/>\n<meta property=\"article:modified_time\" content=\"2013-03-25T15:45:47+00:00\" \/>\n<meta property=\"og:image\" content=\"https:\/\/informelitoral.com.ar\/%77%70%2d%63%6f%6e%74%65%6e%74\/uploads\/2013\/03\/vern.jpg\" \/>\n\t<meta property=\"og:image:width\" content=\"432\" \/>\n\t<meta property=\"og:image:height\" content=\"324\" \/>\n\t<meta property=\"og:image:type\" content=\"image\/jpeg\" \/>\n<meta name=\"author\" content=\"Gonzalo Schmidt\" \/>\n<meta name=\"twitter:card\" content=\"summary_large_image\" \/>\n<meta name=\"twitter:creator\" content=\"@InformeLitoral\" \/>\n<meta name=\"twitter:site\" content=\"@InformeLitoral\" \/>\n<meta name=\"twitter:label1\" content=\"Escrito por\" \/>\n\t<meta name=\"twitter:data1\" content=\"Gonzalo Schmidt\" \/>\n\t<meta name=\"twitter:label2\" content=\"Tiempo de lectura\" \/>\n\t<meta name=\"twitter:data2\" content=\"1 minuto\" \/>\n<script type=\"application\/ld+json\" class=\"yoast-schema-graph\">{\"@context\":\"https:\\\/\\\/schema.org\",\"@graph\":[{\"@type\":\"Article\",\"@id\":\"https:\\\/\\\/informelitoral.com.ar\\\/venezuela-asumira-por-primera-vez-la-presidencia-pro-tempore-del-mercorsur\\\/#article\",\"isPartOf\":{\"@id\":\"https:\\\/\\\/informelitoral.com.ar\\\/venezuela-asumira-por-primera-vez-la-presidencia-pro-tempore-del-mercorsur\\\/\"},\"author\":{\"name\":\"Gonzalo Schmidt\",\"@id\":\"https:\\\/\\\/informelitoral.com.ar\\\/#\\\/schema\\\/person\\\/b9d00407c836482871ef1d57bf8e3180\"},\"headline\":\"Venezuela asumir\u00e1 por primera vez la presidencia pro tempore del Mercorsur\",\"datePublished\":\"2013-03-24T23:23:06+00:00\",\"dateModified\":\"2013-03-25T15:45:47+00:00\",\"mainEntityOfPage\":{\"@id\":\"https:\\\/\\\/informelitoral.com.ar\\\/venezuela-asumira-por-primera-vez-la-presidencia-pro-tempore-del-mercorsur\\\/\"},\"wordCount\":298,\"commentCount\":0,\"publisher\":{\"@id\":\"https:\\\/\\\/informelitoral.com.ar\\\/#organization\"},\"image\":{\"@id\":\"https:\\\/\\\/informelitoral.com.ar\\\/venezuela-asumira-por-primera-vez-la-presidencia-pro-tempore-del-mercorsur\\\/#primaryimage\"},\"thumbnailUrl\":\"http:\\\/\\\/www.isletasnoticias.com.ar\\\/%77%70%2d%63%6f%6e%74%65%6e%74\\\/uploads\\\/2013\\\/03\\\/vern-300x225.jpg\",\"articleSection\":[\"Internacionales\",\"Politica\"],\"inLanguage\":\"es\",\"potentialAction\":[{\"@type\":\"CommentAction\",\"name\":\"Comment\",\"target\":[\"https:\\\/\\\/informelitoral.com.ar\\\/venezuela-asumira-por-primera-vez-la-presidencia-pro-tempore-del-mercorsur\\\/#respond\"]}]},{\"@type\":\"WebPage\",\"@id\":\"https:\\\/\\\/informelitoral.com.ar\\\/venezuela-asumira-por-primera-vez-la-presidencia-pro-tempore-del-mercorsur\\\/\",\"url\":\"https:\\\/\\\/informelitoral.com.ar\\\/venezuela-asumira-por-primera-vez-la-presidencia-pro-tempore-del-mercorsur\\\/\",\"name\":\"Venezuela asumir\u00e1 por primera vez la presidencia pro tempore del Mercorsur - Informe Litoral\",\"isPartOf\":{\"@id\":\"https:\\\/\\\/informelitoral.com.ar\\\/#website\"},\"primaryImageOfPage\":{\"@id\":\"https:\\\/\\\/informelitoral.com.ar\\\/venezuela-asumira-por-primera-vez-la-presidencia-pro-tempore-del-mercorsur\\\/#primaryimage\"},\"image\":{\"@id\":\"https:\\\/\\\/informelitoral.com.ar\\\/venezuela-asumira-por-primera-vez-la-presidencia-pro-tempore-del-mercorsur\\\/#primaryimage\"},\"thumbnailUrl\":\"http:\\\/\\\/www.isletasnoticias.com.ar\\\/%77%70%2d%63%6f%6e%74%65%6e%74\\\/uploads\\\/2013\\\/03\\\/vern-300x225.jpg\",\"datePublished\":\"2013-03-24T23:23:06+00:00\",\"dateModified\":\"2013-03-25T15:45:47+00:00\",\"breadcrumb\":{\"@id\":\"https:\\\/\\\/informelitoral.com.ar\\\/venezuela-asumira-por-primera-vez-la-presidencia-pro-tempore-del-mercorsur\\\/#breadcrumb\"},\"inLanguage\":\"es\",\"potentialAction\":[{\"@type\":\"ReadAction\",\"target\":[\"https:\\\/\\\/informelitoral.com.ar\\\/venezuela-asumira-por-primera-vez-la-presidencia-pro-tempore-del-mercorsur\\\/\"]}]},{\"@type\":\"ImageObject\",\"inLanguage\":\"es\",\"@id\":\"https:\\\/\\\/informelitoral.com.ar\\\/venezuela-asumira-por-primera-vez-la-presidencia-pro-tempore-del-mercorsur\\\/#primaryimage\",\"url\":\"http:\\\/\\\/www.isletasnoticias.com.ar\\\/%77%70%2d%63%6f%6e%74%65%6e%74\\\/uploads\\\/2013\\\/03\\\/vern-300x225.jpg\",\"contentUrl\":\"http:\\\/\\\/www.isletasnoticias.com.ar\\\/%77%70%2d%63%6f%6e%74%65%6e%74\\\/uploads\\\/2013\\\/03\\\/vern-300x225.jpg\"},{\"@type\":\"BreadcrumbList\",\"@id\":\"https:\\\/\\\/informelitoral.com.ar\\\/venezuela-asumira-por-primera-vez-la-presidencia-pro-tempore-del-mercorsur\\\/#breadcrumb\",\"itemListElement\":[{\"@type\":\"ListItem\",\"position\":1,\"name\":\"Portada\",\"item\":\"https:\\\/\\\/informelitoral.com.ar\\\/\"},{\"@type\":\"ListItem\",\"position\":2,\"name\":\"Venezuela asumir\u00e1 por primera vez la presidencia pro tempore del Mercorsur\"}]},{\"@type\":\"WebSite\",\"@id\":\"https:\\\/\\\/informelitoral.com.ar\\\/#website\",\"url\":\"https:\\\/\\\/informelitoral.com.ar\\\/\",\"name\":\"Informe Litoral\",\"description\":\"&quot;Nos informamos&quot; \",\"publisher\":{\"@id\":\"https:\\\/\\\/informelitoral.com.ar\\\/#organization\"},\"potentialAction\":[{\"@type\":\"SearchAction\",\"target\":{\"@type\":\"EntryPoint\",\"urlTemplate\":\"https:\\\/\\\/informelitoral.com.ar\\\/?s={search_term_string}\"},\"query-input\":{\"@type\":\"PropertyValueSpecification\",\"valueRequired\":true,\"valueName\":\"search_term_string\"}}],\"inLanguage\":\"es\"},{\"@type\":\"Organization\",\"@id\":\"https:\\\/\\\/informelitoral.com.ar\\\/#organization\",\"name\":\"Informe Litoral\",\"url\":\"https:\\\/\\\/informelitoral.com.ar\\\/\",\"logo\":{\"@type\":\"ImageObject\",\"inLanguage\":\"es\",\"@id\":\"https:\\\/\\\/informelitoral.com.ar\\\/#\\\/schema\\\/logo\\\/image\\\/\",\"url\":\"https:\\\/\\\/informelitoral.com.ar\\\/%77%70%2d%63%6f%6e%74%65%6e%74\\\/uploads\\\/2021\\\/01\\\/circulo.png\",\"contentUrl\":\"https:\\\/\\\/informelitoral.com.ar\\\/%77%70%2d%63%6f%6e%74%65%6e%74\\\/uploads\\\/2021\\\/01\\\/circulo.png\",\"width\":723,\"height\":731,\"caption\":\"Informe Litoral\"},\"image\":{\"@id\":\"https:\\\/\\\/informelitoral.com.ar\\\/#\\\/schema\\\/logo\\\/image\\\/\"},\"sameAs\":[\"https:\\\/\\\/www.facebook.com\\\/informelitoral\\\/\",\"https:\\\/\\\/x.com\\\/InformeLitoral\",\"https:\\\/\\\/www.instagram.com\\\/informelitoral\\\/\",\"https:\\\/\\\/www.youtube.com\\\/channel\\\/UCua4Qvz8Icb6MYqhoq9xLXw\"]},{\"@type\":\"Person\",\"@id\":\"https:\\\/\\\/informelitoral.com.ar\\\/#\\\/schema\\\/person\\\/b9d00407c836482871ef1d57bf8e3180\",\"name\":\"Gonzalo Schmidt\",\"image\":{\"@type\":\"ImageObject\",\"inLanguage\":\"es\",\"@id\":\"https:\\\/\\\/secure.gravatar.com\\\/avatar\\\/31a1a7b66ff2de83bd0e9fd79d026630d2d99e55e8bfe501287647b4fd9743de?s=96&d=mm&r=g\",\"url\":\"https:\\\/\\\/secure.gravatar.com\\\/avatar\\\/31a1a7b66ff2de83bd0e9fd79d026630d2d99e55e8bfe501287647b4fd9743de?s=96&d=mm&r=g\",\"contentUrl\":\"https:\\\/\\\/secure.gravatar.com\\\/avatar\\\/31a1a7b66ff2de83bd0e9fd79d026630d2d99e55e8bfe501287647b4fd9743de?s=96&d=mm&r=g\",\"caption\":\"Gonzalo Schmidt\"},\"description\":\"Sitio web de noticias de la provincia de Entre R\u00edos, Argentina. Informaci\u00f3n y entretenimiento. Informe Litoral, nos informamos.\",\"sameAs\":[\"http:\\\/\\\/www.isletasnoticias.com.ar\"],\"url\":\"https:\\\/\\\/informelitoral.com.ar\\\/author\\\/gonzalo\\\/\"}]}<\/script>","yoast_head_json":{"title":"Venezuela asumir\u00e1 por primera vez la presidencia pro tempore del Mercorsur - Informe Litoral","robots":{"index":"index","follow":"follow","max-snippet":"max-snippet:-1","max-image-preview":"max-image-preview:large","max-video-preview":"max-video-preview:-1"},"canonical":"https:\/\/informelitoral.com.ar\/venezuela-asumira-por-primera-vez-la-presidencia-pro-tempore-del-mercorsur\/","og_locale":"es_ES","og_type":"article","og_title":"Venezuela asumir\u00e1 por primera vez la presidencia pro tempore del Mercorsur - Informe Litoral","og_description":"Venezuela asumir&aacute; por primera vez la presidencia pro t&eacute;mpore del Mercosur el 28 de junio cuando el presidente uruguayo Jos&eacute; Mujica formalice el traspaso hasta fin de a&ntilde;o, un a&ntilde;o despu&eacute;s de ser incorporado el pa&iacute;s caribe&ntilde;o al bloque regional. El propio presidente encargado de Venezuela, Nicol&aacute;s Maduro, anunci&oacute; que el 28 de junio su [&hellip;]","og_url":"https:\/\/informelitoral.com.ar\/venezuela-asumira-por-primera-vez-la-presidencia-pro-tempore-del-mercorsur\/","og_site_name":"Informe Litoral","article_publisher":"https:\/\/www.facebook.com\/informelitoral\/","article_published_time":"2013-03-24T23:23:06+00:00","article_modified_time":"2013-03-25T15:45:47+00:00","og_image":[{"width":432,"height":324,"url":"https:\/\/informelitoral.com.ar\/%77%70%2d%63%6f%6e%74%65%6e%74\/uploads\/2013\/03\/vern.jpg","type":"image\/jpeg"}],"author":"Gonzalo Schmidt","twitter_card":"summary_large_image","twitter_creator":"@InformeLitoral","twitter_site":"@InformeLitoral","twitter_misc":{"Escrito por":"Gonzalo Schmidt","Tiempo de lectura":"1 minuto"},"schema":{"@context":"https:\/\/schema.org","@graph":[{"@type":"Article","@id":"https:\/\/informelitoral.com.ar\/venezuela-asumira-por-primera-vez-la-presidencia-pro-tempore-del-mercorsur\/#article","isPartOf":{"@id":"https:\/\/informelitoral.com.ar\/venezuela-asumira-por-primera-vez-la-presidencia-pro-tempore-del-mercorsur\/"},"author":{"name":"Gonzalo Schmidt","@id":"https:\/\/informelitoral.com.ar\/#\/schema\/person\/b9d00407c836482871ef1d57bf8e3180"},"headline":"Venezuela asumir\u00e1 por primera vez la presidencia pro tempore del Mercorsur","datePublished":"2013-03-24T23:23:06+00:00","dateModified":"2013-03-25T15:45:47+00:00","mainEntityOfPage":{"@id":"https:\/\/informelitoral.com.ar\/venezuela-asumira-por-primera-vez-la-presidencia-pro-tempore-del-mercorsur\/"},"wordCount":298,"commentCount":0,"publisher":{"@id":"https:\/\/informelitoral.com.ar\/#organization"},"image":{"@id":"https:\/\/informelitoral.com.ar\/venezuela-asumira-por-primera-vez-la-presidencia-pro-tempore-del-mercorsur\/#primaryimage"},"thumbnailUrl":"http:\/\/www.isletasnoticias.com.ar\/%77%70%2d%63%6f%6e%74%65%6e%74\/uploads\/2013\/03\/vern-300x225.jpg","articleSection":["Internacionales","Politica"],"inLanguage":"es","potentialAction":[{"@type":"CommentAction","name":"Comment","target":["https:\/\/informelitoral.com.ar\/venezuela-asumira-por-primera-vez-la-presidencia-pro-tempore-del-mercorsur\/#respond"]}]},{"@type":"WebPage","@id":"https:\/\/informelitoral.com.ar\/venezuela-asumira-por-primera-vez-la-presidencia-pro-tempore-del-mercorsur\/","url":"https:\/\/informelitoral.com.ar\/venezuela-asumira-por-primera-vez-la-presidencia-pro-tempore-del-mercorsur\/","name":"Venezuela asumir\u00e1 por primera vez la presidencia pro tempore del Mercorsur - Informe Litoral","isPartOf":{"@id":"https:\/\/informelitoral.com.ar\/#website"},"primaryImageOfPage":{"@id":"https:\/\/informelitoral.com.ar\/venezuela-asumira-por-primera-vez-la-presidencia-pro-tempore-del-mercorsur\/#primaryimage"},"image":{"@id":"https:\/\/informelitoral.com.ar\/venezuela-asumira-por-primera-vez-la-presidencia-pro-tempore-del-mercorsur\/#primaryimage"},"thumbnailUrl":"http:\/\/www.isletasnoticias.com.ar\/%77%70%2d%63%6f%6e%74%65%6e%74\/uploads\/2013\/03\/vern-300x225.jpg","datePublished":"2013-03-24T23:23:06+00:00","dateModified":"2013-03-25T15:45:47+00:00","breadcrumb":{"@id":"https:\/\/informelitoral.com.ar\/venezuela-asumira-por-primera-vez-la-presidencia-pro-tempore-del-mercorsur\/#breadcrumb"},"inLanguage":"es","potentialAction":[{"@type":"ReadAction","target":["https:\/\/informelitoral.com.ar\/venezuela-asumira-por-primera-vez-la-presidencia-pro-tempore-del-mercorsur\/"]}]},{"@type":"ImageObject","inLanguage":"es","@id":"https:\/\/informelitoral.com.ar\/venezuela-asumira-por-primera-vez-la-presidencia-pro-tempore-del-mercorsur\/#primaryimage","url":"http:\/\/www.isletasnoticias.com.ar\/%77%70%2d%63%6f%6e%74%65%6e%74\/uploads\/2013\/03\/vern-300x225.jpg","contentUrl":"http:\/\/www.isletasnoticias.com.ar\/%77%70%2d%63%6f%6e%74%65%6e%74\/uploads\/2013\/03\/vern-300x225.jpg"},{"@type":"BreadcrumbList","@id":"https:\/\/informelitoral.com.ar\/venezuela-asumira-por-primera-vez-la-presidencia-pro-tempore-del-mercorsur\/#breadcrumb","itemListElement":[{"@type":"ListItem","position":1,"name":"Portada","item":"https:\/\/informelitoral.com.ar\/"},{"@type":"ListItem","position":2,"name":"Venezuela asumir\u00e1 por primera vez la presidencia pro tempore del Mercorsur"}]},{"@type":"WebSite","@id":"https:\/\/informelitoral.com.ar\/#website","url":"https:\/\/informelitoral.com.ar\/","name":"Informe Litoral","description":"&quot;Nos informamos&quot; ","publisher":{"@id":"https:\/\/informelitoral.com.ar\/#organization"},"potentialAction":[{"@type":"SearchAction","target":{"@type":"EntryPoint","urlTemplate":"https:\/\/informelitoral.com.ar\/?s={search_term_string}"},"query-input":{"@type":"PropertyValueSpecification","valueRequired":true,"valueName":"search_term_string"}}],"inLanguage":"es"},{"@type":"Organization","@id":"https:\/\/informelitoral.com.ar\/#organization","name":"Informe Litoral","url":"https:\/\/informelitoral.com.ar\/","logo":{"@type":"ImageObject","inLanguage":"es","@id":"https:\/\/informelitoral.com.ar\/#\/schema\/logo\/image\/","url":"https:\/\/informelitoral.com.ar\/%77%70%2d%63%6f%6e%74%65%6e%74\/uploads\/2021\/01\/circulo.png","contentUrl":"https:\/\/informelitoral.com.ar\/%77%70%2d%63%6f%6e%74%65%6e%74\/uploads\/2021\/01\/circulo.png","width":723,"height":731,"caption":"Informe Litoral"},"image":{"@id":"https:\/\/informelitoral.com.ar\/#\/schema\/logo\/image\/"},"sameAs":["https:\/\/www.facebook.com\/informelitoral\/","https:\/\/x.com\/InformeLitoral","https:\/\/www.instagram.com\/informelitoral\/","https:\/\/www.youtube.com\/channel\/UCua4Qvz8Icb6MYqhoq9xLXw"]},{"@type":"Person","@id":"https:\/\/informelitoral.com.ar\/#\/schema\/person\/b9d00407c836482871ef1d57bf8e3180","name":"Gonzalo Schmidt","image":{"@type":"ImageObject","inLanguage":"es","@id":"https:\/\/secure.gravatar.com\/avatar\/31a1a7b66ff2de83bd0e9fd79d026630d2d99e55e8bfe501287647b4fd9743de?s=96&d=mm&r=g","url":"https:\/\/secure.gravatar.com\/avatar\/31a1a7b66ff2de83bd0e9fd79d026630d2d99e55e8bfe501287647b4fd9743de?s=96&d=mm&r=g","contentUrl":"https:\/\/secure.gravatar.com\/avatar\/31a1a7b66ff2de83bd0e9fd79d026630d2d99e55e8bfe501287647b4fd9743de?s=96&d=mm&r=g","caption":"Gonzalo Schmidt"},"description":"Sitio web de noticias de la provincia de Entre R\u00edos, Argentina. Informaci\u00f3n y entretenimiento. Informe Litoral, nos informamos.","sameAs":["http:\/\/www.isletasnoticias.com.ar"],"url":"https:\/\/informelitoral.com.ar\/author\/gonzalo\/"}]}},"_links":{"self":[{"href":"https:\/\/informelitoral.com.ar\/%77%70%2d%6a%73%6f%6e\/wp\/v2\/posts\/519","targetHints":{"allow":["GET"]}}],"collection":[{"href":"https:\/\/informelitoral.com.ar\/%77%70%2d%6a%73%6f%6e\/wp\/v2\/posts"}],"about":[{"href":"https:\/\/informelitoral.com.ar\/%77%70%2d%6a%73%6f%6e\/wp\/v2\/types\/post"}],"author":[{"embeddable":true,"href":"https:\/\/informelitoral.com.ar\/%77%70%2d%6a%73%6f%6e\/wp\/v2\/users\/2"}],"replies":[{"embeddable":true,"href":"https:\/\/informelitoral.com.ar\/%77%70%2d%6a%73%6f%6e\/wp\/v2\/comments?post=519"}],"version-history":[{"count":0,"href":"https:\/\/informelitoral.com.ar\/%77%70%2d%6a%73%6f%6e\/wp\/v2\/posts\/519\/revisions"}],"wp:attachment":[{"href":"https:\/\/informelitoral.com.ar\/%77%70%2d%6a%73%6f%6e\/wp\/v2\/media?parent=519"}],"wp:term":[{"taxonomy":"category","embeddable":true,"href":"https:\/\/informelitoral.com.ar\/%77%70%2d%6a%73%6f%6e\/wp\/v2\/categories?post=519"},{"taxonomy":"post_tag","embeddable":true,"href":"https:\/\/informelitoral.com.ar\/%77%70%2d%6a%73%6f%6e\/wp\/v2\/tags?post=519"}],"curies":[{"name":"wp","href":"https:\/\/api.w.org\/{rel}","templated":true}]}}