{"id":5174,"date":"2014-01-18T14:51:11","date_gmt":"2014-01-18T17:51:11","guid":{"rendered":"http:\/\/www.isletasnoticias.com.ar\/?p=5174"},"modified":"2014-01-18T14:52:54","modified_gmt":"2014-01-18T17:52:54","slug":"mas-de-600-productores-protestaron-contra-la-reforma-tributaria","status":"publish","type":"post","link":"https:\/\/informelitoral.com.ar\/mas-de-600-productores-protestaron-contra-la-reforma-tributaria\/","title":{"rendered":"M\u00e1s de 600 productores protestaron contra la reforma tributaria"},"content":{"rendered":"<p><strong>Unos 600 productores protestaron en Gualeguaych\u00fa contra el incremento de impuestos dispuesto por el gobierno entrerriano. No descartaron cortar la ruta en febrero, si Urribarri no los recibe.\u00a0<\/strong><a href=\"http:\/\/www.isletasnoticias.com.ar\/%77%70%2d%63%6f%6e%74%65%6e%74\/uploads\/2014\/01\/campo.jpg\"><img loading=\"lazy\" decoding=\"async\" class=\"aligncenter size-medium wp-image-5175\" alt=\"campo\" src=\"http:\/\/www.isletasnoticias.com.ar\/%77%70%2d%63%6f%6e%74%65%6e%74\/uploads\/2014\/01\/campo-300x168.jpg\" width=\"300\" height=\"168\" srcset=\"https:\/\/informelitoral.com.ar\/%77%70%2d%63%6f%6e%74%65%6e%74\/uploads\/2014\/01\/campo-300x168.jpg 300w, https:\/\/informelitoral.com.ar\/%77%70%2d%63%6f%6e%74%65%6e%74\/uploads\/2014\/01\/campo.jpg 640w\" sizes=\"auto, (max-width: 300px) 100vw, 300px\" \/><\/a><\/p>\n<p>En la ruta 14, el mismo punto donde en 2008 cortaron la ruta contra la resoluci\u00f3n que dispon\u00eda las retenciones a los granos, unos seis centenares de chacareros gritaron esta vez contra la reforma impositiva que dispone un incremento en impuestos rurales y urbanos, entre otros. Los cuatro presidentes de las entidades que conforman la Mesa de Enlace se hicieron presente en el lugar;\u00a0<strong>Eduardo Buzzi<\/strong>, de la Federaci\u00f3n Agraria Argentina (FAA); <strong>Luis Miguel Echevehere<\/strong>, Sociedad Rural Argentina (SRA), <strong>Rub\u00e9n Ferrero<\/strong>, Confederaci\u00f3n Rural Argentina (CRA) y <strong>Carlos Garetto<\/strong>, Federaci\u00f3n Intercooperativa Agropecuaria Cooperativa Limitada (Coninagro).<\/p>\n<p><b>Duro contra Urribarri<\/b><br \/>\nEl titular de la FAA, <strong>Eduardo Buzzi<\/strong>, dijo que Urribarri \u201cdecidi\u00f3 ser un gerente del poder central, en lugar del gobernador de todos los entrerrianos\u201d. Al borde de la ruta, sin cortar el tr\u00e1nsito, los productores entregaron volantes donde explicaban a los automovilistas los motivos de la concentraci\u00f3n.<\/p>\n<p>\u201cAqu\u00ed estamos, con mucho calor, pero m\u00e1s calor tiene la gente que siente que le metieron la mano en el bolsillo. Urribarri decidi\u00f3 ser un gerente del poder central, en lugar de ser gobernador. Estas cosas terminan pasando porque la gente ya no aguanta m\u00e1s. Hoy hay una multisectorial que integran aquellos a los que le sacan, y aquellos otros a los que no le llega: docentes, polic\u00edas entrerriana. \u00bfQu\u00e9 pasa, la polic\u00eda entrerriana es golpista? No: se queja porque no le cumplieron\u201d, dijo Buzzi desde Gualeguaych\u00fa a minutos de comenzar la concentraci\u00f3n de productores rurales.<\/p>\n<p>El titular de la FAA sostuvo que la protesta se inicia en un contexto en el que \u201cde cada 100 pesos, 75 quedan en Buenos Aires y el resto a las provincias. Hay que dejar de meterle la mano en el bolsillo a la gente y a los que quieren producir. Nosotros podemos agregarle los problemas que tienen todos los productores, pero ac\u00e1 hay un desmadre mayor\u201d, dijo Buzzi en di\u00e1logo con el programa Tranquera abierta (Mitre Paran\u00e1) y reprodujo<em> An\u00e1lisis Digital.<\/em><\/p>\n<p>\u201cEsta es una protesta entrerriana, con ingredientes entrerrianos, que se suman a los problemas de todos los productores argentinos\u201d, dijo el dirigente de la entidad. Buzzi fustig\u00f3 tambi\u00e9n contra el mandatario provincial al decir que \u201cesta protesta debe ser un llamado de atenci\u00f3n para un se\u00f1or que se quiere poner el traje del presidente de la Naci\u00f3n y hoy no puede defender los intereses de sus coprovincianos\u201d.<\/p>\n<p>Por su parte, el titular de la Sociedad Rural Argentina, <strong>Luis Miguel Etchevehere<\/strong>, se mostr\u00f3 conforme con la respuesta a la convocatoria para protestar contra la pol\u00edtica kirchnerista hacia el campo. \u201cLa manifestaci\u00f3n de hoy es por lo grosero del impuestazo aplicado a la provincia de Entre R\u00edos por parte del gobernador Urribarri, que afecta a toda la ciudadan\u00eda en general, a los productores, al comercio, a la industria, a los servicios y a todos aquellos que pagan alguna factura de algo porque a trav\u00e9s de ingresos brutos hay un impuestazo tambi\u00e9n\u201d.<\/p>\n<p>Consider\u00f3 el ruralista que a Urribarri \u201cle falta coraje para reclamar lo que corresponde a Entre R\u00edos ante la Naci\u00f3n\u201d y lo calific\u00f3 de \u201cflojo\u201d. \u201cTenemos que aguantar este nuevo golpe de impuestos, y eso habla a las claras de lo mal administrada que est\u00e1 la provincia\u201d, sostuvo Etchevehere.<\/p>\n<p>No dud\u00f3 en asegurar que \u201clos impuestos son impagables, pese a que los entrerrianos son muy cumplidores\u201d.<\/p>\n","protected":false},"excerpt":{"rendered":"<p>Unos 600 productores protestaron en Gualeguaych&uacute; contra el incremento de impuestos dispuesto por el gobierno entrerriano. No descartaron cortar la ruta en febrero, si Urribarri no los recibe.&nbsp; En la ruta 14, el mismo punto donde en 2008 cortaron la ruta contra la resoluci&oacute;n que dispon&iacute;a las retenciones a los granos, unos seis centenares de [&hellip;]<\/p>\n","protected":false},"author":2,"featured_media":0,"comment_status":"open","ping_status":"open","sticky":false,"template":"","format":"standard","meta":{"fifu_image_url":"","fifu_image_alt":"","footnotes":""},"categories":[10,6],"tags":[],"class_list":{"0":"post-5174","1":"post","2":"type-post","3":"status-publish","4":"format-standard","6":"category-campo","7":"category-entre-rios"},"yoast_head":"<title>M\u00e1s de 600 productores protestaron contra la reforma tributaria - Informe Litoral<\/title>\n<meta name=\"robots\" content=\"index, follow, max-snippet:-1, max-image-preview:large, max-video-preview:-1\" \/>\n<link rel=\"canonical\" href=\"https:\/\/informelitoral.com.ar\/mas-de-600-productores-protestaron-contra-la-reforma-tributaria\/\" \/>\n<meta property=\"og:locale\" content=\"es_ES\" \/>\n<meta property=\"og:type\" content=\"article\" \/>\n<meta property=\"og:title\" content=\"M\u00e1s de 600 productores protestaron contra la reforma tributaria - Informe Litoral\" \/>\n<meta property=\"og:description\" content=\"Unos 600 productores protestaron en Gualeguaych&uacute; contra el incremento de impuestos dispuesto por el gobierno entrerriano. No descartaron cortar la ruta en febrero, si Urribarri no los recibe.&nbsp; En la ruta 14, el mismo punto donde en 2008 cortaron la ruta contra la resoluci&oacute;n que dispon&iacute;a las retenciones a los granos, unos seis centenares de [&hellip;]\" \/>\n<meta property=\"og:url\" content=\"https:\/\/informelitoral.com.ar\/mas-de-600-productores-protestaron-contra-la-reforma-tributaria\/\" \/>\n<meta property=\"og:site_name\" content=\"Informe Litoral\" \/>\n<meta property=\"article:publisher\" content=\"https:\/\/www.facebook.com\/informelitoral\/\" \/>\n<meta property=\"article:published_time\" content=\"2014-01-18T17:51:11+00:00\" \/>\n<meta property=\"article:modified_time\" content=\"2014-01-18T17:52:54+00:00\" \/>\n<meta property=\"og:image\" content=\"https:\/\/informelitoral.com.ar\/%77%70%2d%63%6f%6e%74%65%6e%74\/uploads\/2014\/01\/campo.jpg\" \/>\n\t<meta property=\"og:image:width\" content=\"640\" \/>\n\t<meta property=\"og:image:height\" content=\"360\" \/>\n\t<meta property=\"og:image:type\" content=\"image\/jpeg\" \/>\n<meta name=\"author\" content=\"Gonzalo Schmidt\" \/>\n<meta name=\"twitter:card\" content=\"summary_large_image\" \/>\n<meta name=\"twitter:creator\" content=\"@InformeLitoral\" \/>\n<meta name=\"twitter:site\" content=\"@InformeLitoral\" \/>\n<meta name=\"twitter:label1\" content=\"Escrito por\" \/>\n\t<meta name=\"twitter:data1\" content=\"Gonzalo Schmidt\" \/>\n\t<meta name=\"twitter:label2\" content=\"Tiempo de lectura\" \/>\n\t<meta name=\"twitter:data2\" content=\"3 minutos\" \/>\n<script type=\"application\/ld+json\" class=\"yoast-schema-graph\">{\"@context\":\"https:\\\/\\\/schema.org\",\"@graph\":[{\"@type\":\"Article\",\"@id\":\"https:\\\/\\\/informelitoral.com.ar\\\/mas-de-600-productores-protestaron-contra-la-reforma-tributaria\\\/#article\",\"isPartOf\":{\"@id\":\"https:\\\/\\\/informelitoral.com.ar\\\/mas-de-600-productores-protestaron-contra-la-reforma-tributaria\\\/\"},\"author\":{\"name\":\"Gonzalo Schmidt\",\"@id\":\"https:\\\/\\\/informelitoral.com.ar\\\/#\\\/schema\\\/person\\\/b9d00407c836482871ef1d57bf8e3180\"},\"headline\":\"M\u00e1s de 600 productores protestaron contra la reforma tributaria\",\"datePublished\":\"2014-01-18T17:51:11+00:00\",\"dateModified\":\"2014-01-18T17:52:54+00:00\",\"mainEntityOfPage\":{\"@id\":\"https:\\\/\\\/informelitoral.com.ar\\\/mas-de-600-productores-protestaron-contra-la-reforma-tributaria\\\/\"},\"wordCount\":607,\"commentCount\":0,\"publisher\":{\"@id\":\"https:\\\/\\\/informelitoral.com.ar\\\/#organization\"},\"image\":{\"@id\":\"https:\\\/\\\/informelitoral.com.ar\\\/mas-de-600-productores-protestaron-contra-la-reforma-tributaria\\\/#primaryimage\"},\"thumbnailUrl\":\"http:\\\/\\\/www.isletasnoticias.com.ar\\\/%77%70%2d%63%6f%6e%74%65%6e%74\\\/uploads\\\/2014\\\/01\\\/campo-300x168.jpg\",\"articleSection\":[\"Campo\",\"Entre R\u00edos\"],\"inLanguage\":\"es\",\"potentialAction\":[{\"@type\":\"CommentAction\",\"name\":\"Comment\",\"target\":[\"https:\\\/\\\/informelitoral.com.ar\\\/mas-de-600-productores-protestaron-contra-la-reforma-tributaria\\\/#respond\"]}]},{\"@type\":\"WebPage\",\"@id\":\"https:\\\/\\\/informelitoral.com.ar\\\/mas-de-600-productores-protestaron-contra-la-reforma-tributaria\\\/\",\"url\":\"https:\\\/\\\/informelitoral.com.ar\\\/mas-de-600-productores-protestaron-contra-la-reforma-tributaria\\\/\",\"name\":\"M\u00e1s de 600 productores protestaron contra la reforma tributaria - Informe Litoral\",\"isPartOf\":{\"@id\":\"https:\\\/\\\/informelitoral.com.ar\\\/#website\"},\"primaryImageOfPage\":{\"@id\":\"https:\\\/\\\/informelitoral.com.ar\\\/mas-de-600-productores-protestaron-contra-la-reforma-tributaria\\\/#primaryimage\"},\"image\":{\"@id\":\"https:\\\/\\\/informelitoral.com.ar\\\/mas-de-600-productores-protestaron-contra-la-reforma-tributaria\\\/#primaryimage\"},\"thumbnailUrl\":\"http:\\\/\\\/www.isletasnoticias.com.ar\\\/%77%70%2d%63%6f%6e%74%65%6e%74\\\/uploads\\\/2014\\\/01\\\/campo-300x168.jpg\",\"datePublished\":\"2014-01-18T17:51:11+00:00\",\"dateModified\":\"2014-01-18T17:52:54+00:00\",\"breadcrumb\":{\"@id\":\"https:\\\/\\\/informelitoral.com.ar\\\/mas-de-600-productores-protestaron-contra-la-reforma-tributaria\\\/#breadcrumb\"},\"inLanguage\":\"es\",\"potentialAction\":[{\"@type\":\"ReadAction\",\"target\":[\"https:\\\/\\\/informelitoral.com.ar\\\/mas-de-600-productores-protestaron-contra-la-reforma-tributaria\\\/\"]}]},{\"@type\":\"ImageObject\",\"inLanguage\":\"es\",\"@id\":\"https:\\\/\\\/informelitoral.com.ar\\\/mas-de-600-productores-protestaron-contra-la-reforma-tributaria\\\/#primaryimage\",\"url\":\"http:\\\/\\\/www.isletasnoticias.com.ar\\\/%77%70%2d%63%6f%6e%74%65%6e%74\\\/uploads\\\/2014\\\/01\\\/campo-300x168.jpg\",\"contentUrl\":\"http:\\\/\\\/www.isletasnoticias.com.ar\\\/%77%70%2d%63%6f%6e%74%65%6e%74\\\/uploads\\\/2014\\\/01\\\/campo-300x168.jpg\"},{\"@type\":\"BreadcrumbList\",\"@id\":\"https:\\\/\\\/informelitoral.com.ar\\\/mas-de-600-productores-protestaron-contra-la-reforma-tributaria\\\/#breadcrumb\",\"itemListElement\":[{\"@type\":\"ListItem\",\"position\":1,\"name\":\"Portada\",\"item\":\"https:\\\/\\\/informelitoral.com.ar\\\/\"},{\"@type\":\"ListItem\",\"position\":2,\"name\":\"M\u00e1s de 600 productores protestaron contra la reforma tributaria\"}]},{\"@type\":\"WebSite\",\"@id\":\"https:\\\/\\\/informelitoral.com.ar\\\/#website\",\"url\":\"https:\\\/\\\/informelitoral.com.ar\\\/\",\"name\":\"Informe Litoral\",\"description\":\"&quot;Nos informamos&quot; \",\"publisher\":{\"@id\":\"https:\\\/\\\/informelitoral.com.ar\\\/#organization\"},\"potentialAction\":[{\"@type\":\"SearchAction\",\"target\":{\"@type\":\"EntryPoint\",\"urlTemplate\":\"https:\\\/\\\/informelitoral.com.ar\\\/?s={search_term_string}\"},\"query-input\":{\"@type\":\"PropertyValueSpecification\",\"valueRequired\":true,\"valueName\":\"search_term_string\"}}],\"inLanguage\":\"es\"},{\"@type\":\"Organization\",\"@id\":\"https:\\\/\\\/informelitoral.com.ar\\\/#organization\",\"name\":\"Informe Litoral\",\"url\":\"https:\\\/\\\/informelitoral.com.ar\\\/\",\"logo\":{\"@type\":\"ImageObject\",\"inLanguage\":\"es\",\"@id\":\"https:\\\/\\\/informelitoral.com.ar\\\/#\\\/schema\\\/logo\\\/image\\\/\",\"url\":\"https:\\\/\\\/informelitoral.com.ar\\\/%77%70%2d%63%6f%6e%74%65%6e%74\\\/uploads\\\/2021\\\/01\\\/circulo.png\",\"contentUrl\":\"https:\\\/\\\/informelitoral.com.ar\\\/%77%70%2d%63%6f%6e%74%65%6e%74\\\/uploads\\\/2021\\\/01\\\/circulo.png\",\"width\":723,\"height\":731,\"caption\":\"Informe Litoral\"},\"image\":{\"@id\":\"https:\\\/\\\/informelitoral.com.ar\\\/#\\\/schema\\\/logo\\\/image\\\/\"},\"sameAs\":[\"https:\\\/\\\/www.facebook.com\\\/informelitoral\\\/\",\"https:\\\/\\\/x.com\\\/InformeLitoral\",\"https:\\\/\\\/www.instagram.com\\\/informelitoral\\\/\",\"https:\\\/\\\/www.youtube.com\\\/channel\\\/UCua4Qvz8Icb6MYqhoq9xLXw\"]},{\"@type\":\"Person\",\"@id\":\"https:\\\/\\\/informelitoral.com.ar\\\/#\\\/schema\\\/person\\\/b9d00407c836482871ef1d57bf8e3180\",\"name\":\"Gonzalo Schmidt\",\"image\":{\"@type\":\"ImageObject\",\"inLanguage\":\"es\",\"@id\":\"https:\\\/\\\/secure.gravatar.com\\\/avatar\\\/31a1a7b66ff2de83bd0e9fd79d026630d2d99e55e8bfe501287647b4fd9743de?s=96&d=mm&r=g\",\"url\":\"https:\\\/\\\/secure.gravatar.com\\\/avatar\\\/31a1a7b66ff2de83bd0e9fd79d026630d2d99e55e8bfe501287647b4fd9743de?s=96&d=mm&r=g\",\"contentUrl\":\"https:\\\/\\\/secure.gravatar.com\\\/avatar\\\/31a1a7b66ff2de83bd0e9fd79d026630d2d99e55e8bfe501287647b4fd9743de?s=96&d=mm&r=g\",\"caption\":\"Gonzalo Schmidt\"},\"description\":\"Sitio web de noticias de la provincia de Entre R\u00edos, Argentina. Informaci\u00f3n y entretenimiento. Informe Litoral, nos informamos.\",\"sameAs\":[\"http:\\\/\\\/www.isletasnoticias.com.ar\"],\"url\":\"https:\\\/\\\/informelitoral.com.ar\\\/author\\\/gonzalo\\\/\"}]}<\/script>","yoast_head_json":{"title":"M\u00e1s de 600 productores protestaron contra la reforma tributaria - Informe Litoral","robots":{"index":"index","follow":"follow","max-snippet":"max-snippet:-1","max-image-preview":"max-image-preview:large","max-video-preview":"max-video-preview:-1"},"canonical":"https:\/\/informelitoral.com.ar\/mas-de-600-productores-protestaron-contra-la-reforma-tributaria\/","og_locale":"es_ES","og_type":"article","og_title":"M\u00e1s de 600 productores protestaron contra la reforma tributaria - Informe Litoral","og_description":"Unos 600 productores protestaron en Gualeguaych&uacute; contra el incremento de impuestos dispuesto por el gobierno entrerriano. No descartaron cortar la ruta en febrero, si Urribarri no los recibe.&nbsp; En la ruta 14, el mismo punto donde en 2008 cortaron la ruta contra la resoluci&oacute;n que dispon&iacute;a las retenciones a los granos, unos seis centenares de [&hellip;]","og_url":"https:\/\/informelitoral.com.ar\/mas-de-600-productores-protestaron-contra-la-reforma-tributaria\/","og_site_name":"Informe Litoral","article_publisher":"https:\/\/www.facebook.com\/informelitoral\/","article_published_time":"2014-01-18T17:51:11+00:00","article_modified_time":"2014-01-18T17:52:54+00:00","og_image":[{"width":640,"height":360,"url":"https:\/\/informelitoral.com.ar\/%77%70%2d%63%6f%6e%74%65%6e%74\/uploads\/2014\/01\/campo.jpg","type":"image\/jpeg"}],"author":"Gonzalo Schmidt","twitter_card":"summary_large_image","twitter_creator":"@InformeLitoral","twitter_site":"@InformeLitoral","twitter_misc":{"Escrito por":"Gonzalo Schmidt","Tiempo de lectura":"3 minutos"},"schema":{"@context":"https:\/\/schema.org","@graph":[{"@type":"Article","@id":"https:\/\/informelitoral.com.ar\/mas-de-600-productores-protestaron-contra-la-reforma-tributaria\/#article","isPartOf":{"@id":"https:\/\/informelitoral.com.ar\/mas-de-600-productores-protestaron-contra-la-reforma-tributaria\/"},"author":{"name":"Gonzalo Schmidt","@id":"https:\/\/informelitoral.com.ar\/#\/schema\/person\/b9d00407c836482871ef1d57bf8e3180"},"headline":"M\u00e1s de 600 productores protestaron contra la reforma tributaria","datePublished":"2014-01-18T17:51:11+00:00","dateModified":"2014-01-18T17:52:54+00:00","mainEntityOfPage":{"@id":"https:\/\/informelitoral.com.ar\/mas-de-600-productores-protestaron-contra-la-reforma-tributaria\/"},"wordCount":607,"commentCount":0,"publisher":{"@id":"https:\/\/informelitoral.com.ar\/#organization"},"image":{"@id":"https:\/\/informelitoral.com.ar\/mas-de-600-productores-protestaron-contra-la-reforma-tributaria\/#primaryimage"},"thumbnailUrl":"http:\/\/www.isletasnoticias.com.ar\/%77%70%2d%63%6f%6e%74%65%6e%74\/uploads\/2014\/01\/campo-300x168.jpg","articleSection":["Campo","Entre R\u00edos"],"inLanguage":"es","potentialAction":[{"@type":"CommentAction","name":"Comment","target":["https:\/\/informelitoral.com.ar\/mas-de-600-productores-protestaron-contra-la-reforma-tributaria\/#respond"]}]},{"@type":"WebPage","@id":"https:\/\/informelitoral.com.ar\/mas-de-600-productores-protestaron-contra-la-reforma-tributaria\/","url":"https:\/\/informelitoral.com.ar\/mas-de-600-productores-protestaron-contra-la-reforma-tributaria\/","name":"M\u00e1s de 600 productores protestaron contra la reforma tributaria - Informe Litoral","isPartOf":{"@id":"https:\/\/informelitoral.com.ar\/#website"},"primaryImageOfPage":{"@id":"https:\/\/informelitoral.com.ar\/mas-de-600-productores-protestaron-contra-la-reforma-tributaria\/#primaryimage"},"image":{"@id":"https:\/\/informelitoral.com.ar\/mas-de-600-productores-protestaron-contra-la-reforma-tributaria\/#primaryimage"},"thumbnailUrl":"http:\/\/www.isletasnoticias.com.ar\/%77%70%2d%63%6f%6e%74%65%6e%74\/uploads\/2014\/01\/campo-300x168.jpg","datePublished":"2014-01-18T17:51:11+00:00","dateModified":"2014-01-18T17:52:54+00:00","breadcrumb":{"@id":"https:\/\/informelitoral.com.ar\/mas-de-600-productores-protestaron-contra-la-reforma-tributaria\/#breadcrumb"},"inLanguage":"es","potentialAction":[{"@type":"ReadAction","target":["https:\/\/informelitoral.com.ar\/mas-de-600-productores-protestaron-contra-la-reforma-tributaria\/"]}]},{"@type":"ImageObject","inLanguage":"es","@id":"https:\/\/informelitoral.com.ar\/mas-de-600-productores-protestaron-contra-la-reforma-tributaria\/#primaryimage","url":"http:\/\/www.isletasnoticias.com.ar\/%77%70%2d%63%6f%6e%74%65%6e%74\/uploads\/2014\/01\/campo-300x168.jpg","contentUrl":"http:\/\/www.isletasnoticias.com.ar\/%77%70%2d%63%6f%6e%74%65%6e%74\/uploads\/2014\/01\/campo-300x168.jpg"},{"@type":"BreadcrumbList","@id":"https:\/\/informelitoral.com.ar\/mas-de-600-productores-protestaron-contra-la-reforma-tributaria\/#breadcrumb","itemListElement":[{"@type":"ListItem","position":1,"name":"Portada","item":"https:\/\/informelitoral.com.ar\/"},{"@type":"ListItem","position":2,"name":"M\u00e1s de 600 productores protestaron contra la reforma tributaria"}]},{"@type":"WebSite","@id":"https:\/\/informelitoral.com.ar\/#website","url":"https:\/\/informelitoral.com.ar\/","name":"Informe Litoral","description":"&quot;Nos informamos&quot; ","publisher":{"@id":"https:\/\/informelitoral.com.ar\/#organization"},"potentialAction":[{"@type":"SearchAction","target":{"@type":"EntryPoint","urlTemplate":"https:\/\/informelitoral.com.ar\/?s={search_term_string}"},"query-input":{"@type":"PropertyValueSpecification","valueRequired":true,"valueName":"search_term_string"}}],"inLanguage":"es"},{"@type":"Organization","@id":"https:\/\/informelitoral.com.ar\/#organization","name":"Informe Litoral","url":"https:\/\/informelitoral.com.ar\/","logo":{"@type":"ImageObject","inLanguage":"es","@id":"https:\/\/informelitoral.com.ar\/#\/schema\/logo\/image\/","url":"https:\/\/informelitoral.com.ar\/%77%70%2d%63%6f%6e%74%65%6e%74\/uploads\/2021\/01\/circulo.png","contentUrl":"https:\/\/informelitoral.com.ar\/%77%70%2d%63%6f%6e%74%65%6e%74\/uploads\/2021\/01\/circulo.png","width":723,"height":731,"caption":"Informe Litoral"},"image":{"@id":"https:\/\/informelitoral.com.ar\/#\/schema\/logo\/image\/"},"sameAs":["https:\/\/www.facebook.com\/informelitoral\/","https:\/\/x.com\/InformeLitoral","https:\/\/www.instagram.com\/informelitoral\/","https:\/\/www.youtube.com\/channel\/UCua4Qvz8Icb6MYqhoq9xLXw"]},{"@type":"Person","@id":"https:\/\/informelitoral.com.ar\/#\/schema\/person\/b9d00407c836482871ef1d57bf8e3180","name":"Gonzalo Schmidt","image":{"@type":"ImageObject","inLanguage":"es","@id":"https:\/\/secure.gravatar.com\/avatar\/31a1a7b66ff2de83bd0e9fd79d026630d2d99e55e8bfe501287647b4fd9743de?s=96&d=mm&r=g","url":"https:\/\/secure.gravatar.com\/avatar\/31a1a7b66ff2de83bd0e9fd79d026630d2d99e55e8bfe501287647b4fd9743de?s=96&d=mm&r=g","contentUrl":"https:\/\/secure.gravatar.com\/avatar\/31a1a7b66ff2de83bd0e9fd79d026630d2d99e55e8bfe501287647b4fd9743de?s=96&d=mm&r=g","caption":"Gonzalo Schmidt"},"description":"Sitio web de noticias de la provincia de Entre R\u00edos, Argentina. Informaci\u00f3n y entretenimiento. Informe Litoral, nos informamos.","sameAs":["http:\/\/www.isletasnoticias.com.ar"],"url":"https:\/\/informelitoral.com.ar\/author\/gonzalo\/"}]}},"_links":{"self":[{"href":"https:\/\/informelitoral.com.ar\/%77%70%2d%6a%73%6f%6e\/wp\/v2\/posts\/5174","targetHints":{"allow":["GET"]}}],"collection":[{"href":"https:\/\/informelitoral.com.ar\/%77%70%2d%6a%73%6f%6e\/wp\/v2\/posts"}],"about":[{"href":"https:\/\/informelitoral.com.ar\/%77%70%2d%6a%73%6f%6e\/wp\/v2\/types\/post"}],"author":[{"embeddable":true,"href":"https:\/\/informelitoral.com.ar\/%77%70%2d%6a%73%6f%6e\/wp\/v2\/users\/2"}],"replies":[{"embeddable":true,"href":"https:\/\/informelitoral.com.ar\/%77%70%2d%6a%73%6f%6e\/wp\/v2\/comments?post=5174"}],"version-history":[{"count":0,"href":"https:\/\/informelitoral.com.ar\/%77%70%2d%6a%73%6f%6e\/wp\/v2\/posts\/5174\/revisions"}],"wp:attachment":[{"href":"https:\/\/informelitoral.com.ar\/%77%70%2d%6a%73%6f%6e\/wp\/v2\/media?parent=5174"}],"wp:term":[{"taxonomy":"category","embeddable":true,"href":"https:\/\/informelitoral.com.ar\/%77%70%2d%6a%73%6f%6e\/wp\/v2\/categories?post=5174"},{"taxonomy":"post_tag","embeddable":true,"href":"https:\/\/informelitoral.com.ar\/%77%70%2d%6a%73%6f%6e\/wp\/v2\/tags?post=5174"}],"curies":[{"name":"wp","href":"https:\/\/api.w.org\/{rel}","templated":true}]}}