{"id":51738,"date":"2020-10-21T08:21:00","date_gmt":"2020-10-21T11:21:00","guid":{"rendered":"https:\/\/www.isletasnoticias.com.ar\/?p=51738"},"modified":"2020-10-21T08:21:00","modified_gmt":"2020-10-21T11:21:00","slug":"mauricio-macri-hoy-el-peronismo-es-el-partido-de-los-que-no-trabajan","status":"publish","type":"post","link":"https:\/\/informelitoral.com.ar\/mauricio-macri-hoy-el-peronismo-es-el-partido-de-los-que-no-trabajan\/","title":{"rendered":"Mauricio Macri: \u00abHoy el peronismo es el partido de los que no trabajan\u00bb"},"content":{"rendered":"<p>En un mano a mano con el periodista Jonatan Viale,<strong>\u00a0Mauricio Macri\u00a0<\/strong>asegur\u00f3 que la gente \u00abest\u00e1 angustiada por su trabajo, el futuro y la seguridad\u00bb y volvi\u00f3 a apuntar directamente contra la gesti\u00f3n de Alberto Fern\u00e1ndez.\u00a0<strong>\u00abAl Gobierno lo veo en el rumbo equivocado, no hay futuro\u00bb<\/strong>, dijo el ex mandatario.<\/p>\n<p>Macri<strong>\u00a0se refiri\u00f3 al peronismo como \u00abel partido de los que no trabajan\u00bb<\/strong>\u00a0y pidi\u00f3 que \u00abvuelva a recuperar su esencia\u00bb.\u00a0\u00abAl kirchnerismo y al peronismo los desorient\u00f3 perder la calle, los desalent\u00f3, porque siempre hab\u00edan tenido el monopolio de la calle. Ahora es la rebeli\u00f3n de los mansos\u00bb, agreg\u00f3. Adem\u00e1s, el ex presidente<strong>\u00a0insisti\u00f3 en que \u00e9ste sera \u00abel \u00faltimo gobierno populista\u00bb de la historia argentina.<\/strong><\/p>\n<p>En ese sentido,\u00a0<strong>se mostr\u00f3 molesto por la postura de Alberto Fern\u00e1ndez ante las movilizaciones<\/strong>\u00a0y se\u00f1al\u00f3: \u00abMe preocupa enormemente que la reacci\u00f3n del Presidente y de su Gobierno sea enojarse con los que salen pac\u00edficamente a expresar su preocupaci\u00f3n\u00a0ante esta cuarentena eterna que es tan da\u00f1ina. Y decir que este no es el pueblo\u00bb.<\/p>\n<p><strong>Las principales frases de Macri en la entrevista:<\/strong><\/p>\n<p>\u2013\u00a0<strong><em>Autocr\u00edtica<\/em><\/strong>: \u00abAsign\u00e9 todo mi tiempo a la microeconom\u00eda. Las exportaciones, la AFIP, el expediente econ\u00f3mico, los chinos, y no ten\u00eda resuelto lo central: tener moneda, que es lo que resuelve la pobreza. El 12 de agosto est\u00e1bamos lejos de la expectativa\u00bb.<\/p>\n<p><span style=\"text-align: center;\">\u2013 <\/span><strong style=\"text-align: center;\"><em>Persecuci\u00f3n judicial<\/em><\/strong><span style=\"text-align: center;\">: \u00abMe siento perseguido judicialmente. Es muy c\u00ednico porque ella habl\u00f3 sobre el Lawfare y se dedic\u00f3 a perseguir a mi familia\u00bb.<\/span><\/p>\n<p>\u2013\u00a0<strong><em>Cristina Kirchner<\/em><\/strong>: \u00abElla sigui\u00f3 dominando el sistema, entonces no pudimos alcanzar acuerdos profundos. El control del sistema pol\u00edtico, especialmente el peronista, me lo impidi\u00f3. Hasta tal punto que no me pas\u00f3 los atributos\u00bb.<\/p>\n<p>\u2013\u00a0<strong><em>Posible candidatura<\/em><\/strong>: \u00abNo me veo candidato el a\u00f1o que viene. Hoy no me anoto en ning\u00fan lugar. Me anoto en ayudar\u00bb.<\/p>\n<p>\u2013\u00a0<em><strong>Cuarentena<\/strong><\/em>: \u00abSufr\u00ed mucho la cuarentena. Soy un hombre que ama la libertad, y creo en la persona, en el argentino. Cuando le das al argentino la oportunidad y lo empoder\u00e1s, sac\u00e1s lo mejor. Deber\u00edamos haber hecho lo que hizo Uruguay\u00bb.<\/p>\n<p><strong>Video de la entrevista:<\/strong><\/p>\n<div class=\"youtube-embed\" data-video_id=\"gE7T-1V0iig\"><iframe loading=\"lazy\" title=\"Jonatan Viale Mano a Mano A Mauricio Macri\" width=\"696\" height=\"522\" src=\"https:\/\/www.youtube.com\/embed\/gE7T-1V0iig?feature=oembed&#038;enablejsapi=1\" frameborder=\"0\" allow=\"accelerometer; autoplay; clipboard-write; encrypted-media; gyroscope; picture-in-picture\" allowfullscreen><\/iframe><\/div>\n<p>&nbsp;<\/p>\n","protected":false},"excerpt":{"rendered":"<p>El ex presidente volvi\u00f3 a apuntar contra la gesti\u00f3n de Alberto Fern\u00e1ndez y reafirm\u00f3 que ser\u00e1 \u00abel \u00faltimo gobierno populista\u00bb de la historia argentina.<\/p>\n","protected":false},"author":2,"featured_media":49420,"comment_status":"open","ping_status":"open","sticky":false,"template":"","format":"standard","meta":{"fifu_image_url":"","fifu_image_alt":"","footnotes":""},"categories":[16],"tags":[80],"class_list":{"0":"post-51738","1":"post","2":"type-post","3":"status-publish","4":"format-standard","5":"has-post-thumbnail","7":"category-politi","8":"tag-mauricio-macri"},"yoast_head":"<title>Mauricio Macri: \u00abHoy el peronismo es el partido de los que no trabajan\u00bb - Informe Litoral<\/title>\n<meta name=\"robots\" content=\"index, follow, max-snippet:-1, max-image-preview:large, max-video-preview:-1\" \/>\n<link rel=\"canonical\" href=\"https:\/\/informelitoral.com.ar\/mauricio-macri-hoy-el-peronismo-es-el-partido-de-los-que-no-trabajan\/\" \/>\n<meta property=\"og:locale\" content=\"es_ES\" \/>\n<meta property=\"og:type\" content=\"article\" \/>\n<meta property=\"og:title\" content=\"Mauricio Macri: \u00abHoy el peronismo es el partido de los que no trabajan\u00bb - Informe Litoral\" \/>\n<meta property=\"og:description\" content=\"El ex presidente volvi\u00f3 a apuntar contra la gesti\u00f3n de Alberto Fern\u00e1ndez y reafirm\u00f3 que ser\u00e1 &quot;el \u00faltimo gobierno populista&quot; de la historia argentina.\" \/>\n<meta property=\"og:url\" content=\"https:\/\/informelitoral.com.ar\/mauricio-macri-hoy-el-peronismo-es-el-partido-de-los-que-no-trabajan\/\" \/>\n<meta property=\"og:site_name\" content=\"Informe Litoral\" \/>\n<meta property=\"article:publisher\" content=\"https:\/\/www.facebook.com\/informelitoral\/\" \/>\n<meta property=\"article:published_time\" content=\"2020-10-21T11:21:00+00:00\" \/>\n<meta property=\"og:image\" content=\"https:\/\/informelitoral.com.ar\/%77%70%2d%63%6f%6e%74%65%6e%74\/uploads\/2020\/09\/macri.jpg\" \/>\n\t<meta property=\"og:image:width\" content=\"770\" \/>\n\t<meta property=\"og:image:height\" content=\"435\" \/>\n\t<meta property=\"og:image:type\" content=\"image\/jpeg\" \/>\n<meta name=\"author\" content=\"Gonzalo Schmidt\" \/>\n<meta name=\"twitter:card\" content=\"summary_large_image\" \/>\n<meta name=\"twitter:creator\" content=\"@InformeLitoral\" \/>\n<meta name=\"twitter:site\" content=\"@InformeLitoral\" \/>\n<meta name=\"twitter:label1\" content=\"Escrito por\" \/>\n\t<meta name=\"twitter:data1\" content=\"Gonzalo Schmidt\" \/>\n\t<meta name=\"twitter:label2\" content=\"Tiempo de lectura\" \/>\n\t<meta name=\"twitter:data2\" content=\"2 minutos\" \/>\n<script type=\"application\/ld+json\" class=\"yoast-schema-graph\">{\"@context\":\"https:\\\/\\\/schema.org\",\"@graph\":[{\"@type\":\"Article\",\"@id\":\"https:\\\/\\\/informelitoral.com.ar\\\/mauricio-macri-hoy-el-peronismo-es-el-partido-de-los-que-no-trabajan\\\/#article\",\"isPartOf\":{\"@id\":\"https:\\\/\\\/informelitoral.com.ar\\\/mauricio-macri-hoy-el-peronismo-es-el-partido-de-los-que-no-trabajan\\\/\"},\"author\":{\"name\":\"Gonzalo Schmidt\",\"@id\":\"https:\\\/\\\/informelitoral.com.ar\\\/#\\\/schema\\\/person\\\/b9d00407c836482871ef1d57bf8e3180\"},\"headline\":\"Mauricio Macri: \u00abHoy el peronismo es el partido de los que no trabajan\u00bb\",\"datePublished\":\"2020-10-21T11:21:00+00:00\",\"mainEntityOfPage\":{\"@id\":\"https:\\\/\\\/informelitoral.com.ar\\\/mauricio-macri-hoy-el-peronismo-es-el-partido-de-los-que-no-trabajan\\\/\"},\"wordCount\":392,\"commentCount\":0,\"publisher\":{\"@id\":\"https:\\\/\\\/informelitoral.com.ar\\\/#organization\"},\"image\":{\"@id\":\"https:\\\/\\\/informelitoral.com.ar\\\/mauricio-macri-hoy-el-peronismo-es-el-partido-de-los-que-no-trabajan\\\/#primaryimage\"},\"thumbnailUrl\":\"https:\\\/\\\/informelitoral.com.ar\\\/%77%70%2d%63%6f%6e%74%65%6e%74\\\/uploads\\\/2020\\\/09\\\/macri.jpg\",\"keywords\":[\"Mauricio Macri\"],\"articleSection\":[\"Politica\"],\"inLanguage\":\"es\",\"potentialAction\":[{\"@type\":\"CommentAction\",\"name\":\"Comment\",\"target\":[\"https:\\\/\\\/informelitoral.com.ar\\\/mauricio-macri-hoy-el-peronismo-es-el-partido-de-los-que-no-trabajan\\\/#respond\"]}]},{\"@type\":\"WebPage\",\"@id\":\"https:\\\/\\\/informelitoral.com.ar\\\/mauricio-macri-hoy-el-peronismo-es-el-partido-de-los-que-no-trabajan\\\/\",\"url\":\"https:\\\/\\\/informelitoral.com.ar\\\/mauricio-macri-hoy-el-peronismo-es-el-partido-de-los-que-no-trabajan\\\/\",\"name\":\"Mauricio Macri: \u00abHoy el peronismo es el partido de los que no trabajan\u00bb - Informe Litoral\",\"isPartOf\":{\"@id\":\"https:\\\/\\\/informelitoral.com.ar\\\/#website\"},\"primaryImageOfPage\":{\"@id\":\"https:\\\/\\\/informelitoral.com.ar\\\/mauricio-macri-hoy-el-peronismo-es-el-partido-de-los-que-no-trabajan\\\/#primaryimage\"},\"image\":{\"@id\":\"https:\\\/\\\/informelitoral.com.ar\\\/mauricio-macri-hoy-el-peronismo-es-el-partido-de-los-que-no-trabajan\\\/#primaryimage\"},\"thumbnailUrl\":\"https:\\\/\\\/informelitoral.com.ar\\\/%77%70%2d%63%6f%6e%74%65%6e%74\\\/uploads\\\/2020\\\/09\\\/macri.jpg\",\"datePublished\":\"2020-10-21T11:21:00+00:00\",\"breadcrumb\":{\"@id\":\"https:\\\/\\\/informelitoral.com.ar\\\/mauricio-macri-hoy-el-peronismo-es-el-partido-de-los-que-no-trabajan\\\/#breadcrumb\"},\"inLanguage\":\"es\",\"potentialAction\":[{\"@type\":\"ReadAction\",\"target\":[\"https:\\\/\\\/informelitoral.com.ar\\\/mauricio-macri-hoy-el-peronismo-es-el-partido-de-los-que-no-trabajan\\\/\"]}]},{\"@type\":\"ImageObject\",\"inLanguage\":\"es\",\"@id\":\"https:\\\/\\\/informelitoral.com.ar\\\/mauricio-macri-hoy-el-peronismo-es-el-partido-de-los-que-no-trabajan\\\/#primaryimage\",\"url\":\"https:\\\/\\\/informelitoral.com.ar\\\/%77%70%2d%63%6f%6e%74%65%6e%74\\\/uploads\\\/2020\\\/09\\\/macri.jpg\",\"contentUrl\":\"https:\\\/\\\/informelitoral.com.ar\\\/%77%70%2d%63%6f%6e%74%65%6e%74\\\/uploads\\\/2020\\\/09\\\/macri.jpg\",\"width\":770,\"height\":435},{\"@type\":\"BreadcrumbList\",\"@id\":\"https:\\\/\\\/informelitoral.com.ar\\\/mauricio-macri-hoy-el-peronismo-es-el-partido-de-los-que-no-trabajan\\\/#breadcrumb\",\"itemListElement\":[{\"@type\":\"ListItem\",\"position\":1,\"name\":\"Portada\",\"item\":\"https:\\\/\\\/informelitoral.com.ar\\\/\"},{\"@type\":\"ListItem\",\"position\":2,\"name\":\"Mauricio Macri: \u00abHoy el peronismo es el partido de los que no trabajan\u00bb\"}]},{\"@type\":\"WebSite\",\"@id\":\"https:\\\/\\\/informelitoral.com.ar\\\/#website\",\"url\":\"https:\\\/\\\/informelitoral.com.ar\\\/\",\"name\":\"Informe Litoral\",\"description\":\"&quot;Nos informamos&quot; \",\"publisher\":{\"@id\":\"https:\\\/\\\/informelitoral.com.ar\\\/#organization\"},\"potentialAction\":[{\"@type\":\"SearchAction\",\"target\":{\"@type\":\"EntryPoint\",\"urlTemplate\":\"https:\\\/\\\/informelitoral.com.ar\\\/?s={search_term_string}\"},\"query-input\":{\"@type\":\"PropertyValueSpecification\",\"valueRequired\":true,\"valueName\":\"search_term_string\"}}],\"inLanguage\":\"es\"},{\"@type\":\"Organization\",\"@id\":\"https:\\\/\\\/informelitoral.com.ar\\\/#organization\",\"name\":\"Informe Litoral\",\"url\":\"https:\\\/\\\/informelitoral.com.ar\\\/\",\"logo\":{\"@type\":\"ImageObject\",\"inLanguage\":\"es\",\"@id\":\"https:\\\/\\\/informelitoral.com.ar\\\/#\\\/schema\\\/logo\\\/image\\\/\",\"url\":\"https:\\\/\\\/informelitoral.com.ar\\\/%77%70%2d%63%6f%6e%74%65%6e%74\\\/uploads\\\/2021\\\/01\\\/circulo.png\",\"contentUrl\":\"https:\\\/\\\/informelitoral.com.ar\\\/%77%70%2d%63%6f%6e%74%65%6e%74\\\/uploads\\\/2021\\\/01\\\/circulo.png\",\"width\":723,\"height\":731,\"caption\":\"Informe Litoral\"},\"image\":{\"@id\":\"https:\\\/\\\/informelitoral.com.ar\\\/#\\\/schema\\\/logo\\\/image\\\/\"},\"sameAs\":[\"https:\\\/\\\/www.facebook.com\\\/informelitoral\\\/\",\"https:\\\/\\\/x.com\\\/InformeLitoral\",\"https:\\\/\\\/www.instagram.com\\\/informelitoral\\\/\",\"https:\\\/\\\/www.youtube.com\\\/channel\\\/UCua4Qvz8Icb6MYqhoq9xLXw\"]},{\"@type\":\"Person\",\"@id\":\"https:\\\/\\\/informelitoral.com.ar\\\/#\\\/schema\\\/person\\\/b9d00407c836482871ef1d57bf8e3180\",\"name\":\"Gonzalo Schmidt\",\"image\":{\"@type\":\"ImageObject\",\"inLanguage\":\"es\",\"@id\":\"https:\\\/\\\/secure.gravatar.com\\\/avatar\\\/31a1a7b66ff2de83bd0e9fd79d026630d2d99e55e8bfe501287647b4fd9743de?s=96&d=mm&r=g\",\"url\":\"https:\\\/\\\/secure.gravatar.com\\\/avatar\\\/31a1a7b66ff2de83bd0e9fd79d026630d2d99e55e8bfe501287647b4fd9743de?s=96&d=mm&r=g\",\"contentUrl\":\"https:\\\/\\\/secure.gravatar.com\\\/avatar\\\/31a1a7b66ff2de83bd0e9fd79d026630d2d99e55e8bfe501287647b4fd9743de?s=96&d=mm&r=g\",\"caption\":\"Gonzalo Schmidt\"},\"description\":\"Sitio web de noticias de la provincia de Entre R\u00edos, Argentina. Informaci\u00f3n y entretenimiento. Informe Litoral, nos informamos.\",\"sameAs\":[\"http:\\\/\\\/www.isletasnoticias.com.ar\"],\"url\":\"https:\\\/\\\/informelitoral.com.ar\\\/author\\\/gonzalo\\\/\"}]}<\/script>","yoast_head_json":{"title":"Mauricio Macri: \u00abHoy el peronismo es el partido de los que no trabajan\u00bb - Informe Litoral","robots":{"index":"index","follow":"follow","max-snippet":"max-snippet:-1","max-image-preview":"max-image-preview:large","max-video-preview":"max-video-preview:-1"},"canonical":"https:\/\/informelitoral.com.ar\/mauricio-macri-hoy-el-peronismo-es-el-partido-de-los-que-no-trabajan\/","og_locale":"es_ES","og_type":"article","og_title":"Mauricio Macri: \u00abHoy el peronismo es el partido de los que no trabajan\u00bb - Informe Litoral","og_description":"El ex presidente volvi\u00f3 a apuntar contra la gesti\u00f3n de Alberto Fern\u00e1ndez y reafirm\u00f3 que ser\u00e1 \"el \u00faltimo gobierno populista\" de la historia argentina.","og_url":"https:\/\/informelitoral.com.ar\/mauricio-macri-hoy-el-peronismo-es-el-partido-de-los-que-no-trabajan\/","og_site_name":"Informe Litoral","article_publisher":"https:\/\/www.facebook.com\/informelitoral\/","article_published_time":"2020-10-21T11:21:00+00:00","og_image":[{"width":770,"height":435,"url":"https:\/\/informelitoral.com.ar\/%77%70%2d%63%6f%6e%74%65%6e%74\/uploads\/2020\/09\/macri.jpg","type":"image\/jpeg"}],"author":"Gonzalo Schmidt","twitter_card":"summary_large_image","twitter_creator":"@InformeLitoral","twitter_site":"@InformeLitoral","twitter_misc":{"Escrito por":"Gonzalo Schmidt","Tiempo de lectura":"2 minutos"},"schema":{"@context":"https:\/\/schema.org","@graph":[{"@type":"Article","@id":"https:\/\/informelitoral.com.ar\/mauricio-macri-hoy-el-peronismo-es-el-partido-de-los-que-no-trabajan\/#article","isPartOf":{"@id":"https:\/\/informelitoral.com.ar\/mauricio-macri-hoy-el-peronismo-es-el-partido-de-los-que-no-trabajan\/"},"author":{"name":"Gonzalo Schmidt","@id":"https:\/\/informelitoral.com.ar\/#\/schema\/person\/b9d00407c836482871ef1d57bf8e3180"},"headline":"Mauricio Macri: \u00abHoy el peronismo es el partido de los que no trabajan\u00bb","datePublished":"2020-10-21T11:21:00+00:00","mainEntityOfPage":{"@id":"https:\/\/informelitoral.com.ar\/mauricio-macri-hoy-el-peronismo-es-el-partido-de-los-que-no-trabajan\/"},"wordCount":392,"commentCount":0,"publisher":{"@id":"https:\/\/informelitoral.com.ar\/#organization"},"image":{"@id":"https:\/\/informelitoral.com.ar\/mauricio-macri-hoy-el-peronismo-es-el-partido-de-los-que-no-trabajan\/#primaryimage"},"thumbnailUrl":"https:\/\/informelitoral.com.ar\/%77%70%2d%63%6f%6e%74%65%6e%74\/uploads\/2020\/09\/macri.jpg","keywords":["Mauricio Macri"],"articleSection":["Politica"],"inLanguage":"es","potentialAction":[{"@type":"CommentAction","name":"Comment","target":["https:\/\/informelitoral.com.ar\/mauricio-macri-hoy-el-peronismo-es-el-partido-de-los-que-no-trabajan\/#respond"]}]},{"@type":"WebPage","@id":"https:\/\/informelitoral.com.ar\/mauricio-macri-hoy-el-peronismo-es-el-partido-de-los-que-no-trabajan\/","url":"https:\/\/informelitoral.com.ar\/mauricio-macri-hoy-el-peronismo-es-el-partido-de-los-que-no-trabajan\/","name":"Mauricio Macri: \u00abHoy el peronismo es el partido de los que no trabajan\u00bb - Informe Litoral","isPartOf":{"@id":"https:\/\/informelitoral.com.ar\/#website"},"primaryImageOfPage":{"@id":"https:\/\/informelitoral.com.ar\/mauricio-macri-hoy-el-peronismo-es-el-partido-de-los-que-no-trabajan\/#primaryimage"},"image":{"@id":"https:\/\/informelitoral.com.ar\/mauricio-macri-hoy-el-peronismo-es-el-partido-de-los-que-no-trabajan\/#primaryimage"},"thumbnailUrl":"https:\/\/informelitoral.com.ar\/%77%70%2d%63%6f%6e%74%65%6e%74\/uploads\/2020\/09\/macri.jpg","datePublished":"2020-10-21T11:21:00+00:00","breadcrumb":{"@id":"https:\/\/informelitoral.com.ar\/mauricio-macri-hoy-el-peronismo-es-el-partido-de-los-que-no-trabajan\/#breadcrumb"},"inLanguage":"es","potentialAction":[{"@type":"ReadAction","target":["https:\/\/informelitoral.com.ar\/mauricio-macri-hoy-el-peronismo-es-el-partido-de-los-que-no-trabajan\/"]}]},{"@type":"ImageObject","inLanguage":"es","@id":"https:\/\/informelitoral.com.ar\/mauricio-macri-hoy-el-peronismo-es-el-partido-de-los-que-no-trabajan\/#primaryimage","url":"https:\/\/informelitoral.com.ar\/%77%70%2d%63%6f%6e%74%65%6e%74\/uploads\/2020\/09\/macri.jpg","contentUrl":"https:\/\/informelitoral.com.ar\/%77%70%2d%63%6f%6e%74%65%6e%74\/uploads\/2020\/09\/macri.jpg","width":770,"height":435},{"@type":"BreadcrumbList","@id":"https:\/\/informelitoral.com.ar\/mauricio-macri-hoy-el-peronismo-es-el-partido-de-los-que-no-trabajan\/#breadcrumb","itemListElement":[{"@type":"ListItem","position":1,"name":"Portada","item":"https:\/\/informelitoral.com.ar\/"},{"@type":"ListItem","position":2,"name":"Mauricio Macri: \u00abHoy el peronismo es el partido de los que no trabajan\u00bb"}]},{"@type":"WebSite","@id":"https:\/\/informelitoral.com.ar\/#website","url":"https:\/\/informelitoral.com.ar\/","name":"Informe Litoral","description":"&quot;Nos informamos&quot; ","publisher":{"@id":"https:\/\/informelitoral.com.ar\/#organization"},"potentialAction":[{"@type":"SearchAction","target":{"@type":"EntryPoint","urlTemplate":"https:\/\/informelitoral.com.ar\/?s={search_term_string}"},"query-input":{"@type":"PropertyValueSpecification","valueRequired":true,"valueName":"search_term_string"}}],"inLanguage":"es"},{"@type":"Organization","@id":"https:\/\/informelitoral.com.ar\/#organization","name":"Informe Litoral","url":"https:\/\/informelitoral.com.ar\/","logo":{"@type":"ImageObject","inLanguage":"es","@id":"https:\/\/informelitoral.com.ar\/#\/schema\/logo\/image\/","url":"https:\/\/informelitoral.com.ar\/%77%70%2d%63%6f%6e%74%65%6e%74\/uploads\/2021\/01\/circulo.png","contentUrl":"https:\/\/informelitoral.com.ar\/%77%70%2d%63%6f%6e%74%65%6e%74\/uploads\/2021\/01\/circulo.png","width":723,"height":731,"caption":"Informe Litoral"},"image":{"@id":"https:\/\/informelitoral.com.ar\/#\/schema\/logo\/image\/"},"sameAs":["https:\/\/www.facebook.com\/informelitoral\/","https:\/\/x.com\/InformeLitoral","https:\/\/www.instagram.com\/informelitoral\/","https:\/\/www.youtube.com\/channel\/UCua4Qvz8Icb6MYqhoq9xLXw"]},{"@type":"Person","@id":"https:\/\/informelitoral.com.ar\/#\/schema\/person\/b9d00407c836482871ef1d57bf8e3180","name":"Gonzalo Schmidt","image":{"@type":"ImageObject","inLanguage":"es","@id":"https:\/\/secure.gravatar.com\/avatar\/31a1a7b66ff2de83bd0e9fd79d026630d2d99e55e8bfe501287647b4fd9743de?s=96&d=mm&r=g","url":"https:\/\/secure.gravatar.com\/avatar\/31a1a7b66ff2de83bd0e9fd79d026630d2d99e55e8bfe501287647b4fd9743de?s=96&d=mm&r=g","contentUrl":"https:\/\/secure.gravatar.com\/avatar\/31a1a7b66ff2de83bd0e9fd79d026630d2d99e55e8bfe501287647b4fd9743de?s=96&d=mm&r=g","caption":"Gonzalo Schmidt"},"description":"Sitio web de noticias de la provincia de Entre R\u00edos, Argentina. Informaci\u00f3n y entretenimiento. Informe Litoral, nos informamos.","sameAs":["http:\/\/www.isletasnoticias.com.ar"],"url":"https:\/\/informelitoral.com.ar\/author\/gonzalo\/"}]}},"_links":{"self":[{"href":"https:\/\/informelitoral.com.ar\/%77%70%2d%6a%73%6f%6e\/wp\/v2\/posts\/51738","targetHints":{"allow":["GET"]}}],"collection":[{"href":"https:\/\/informelitoral.com.ar\/%77%70%2d%6a%73%6f%6e\/wp\/v2\/posts"}],"about":[{"href":"https:\/\/informelitoral.com.ar\/%77%70%2d%6a%73%6f%6e\/wp\/v2\/types\/post"}],"author":[{"embeddable":true,"href":"https:\/\/informelitoral.com.ar\/%77%70%2d%6a%73%6f%6e\/wp\/v2\/users\/2"}],"replies":[{"embeddable":true,"href":"https:\/\/informelitoral.com.ar\/%77%70%2d%6a%73%6f%6e\/wp\/v2\/comments?post=51738"}],"version-history":[{"count":0,"href":"https:\/\/informelitoral.com.ar\/%77%70%2d%6a%73%6f%6e\/wp\/v2\/posts\/51738\/revisions"}],"wp:featuredmedia":[{"embeddable":true,"href":"https:\/\/informelitoral.com.ar\/%77%70%2d%6a%73%6f%6e\/wp\/v2\/media\/49420"}],"wp:attachment":[{"href":"https:\/\/informelitoral.com.ar\/%77%70%2d%6a%73%6f%6e\/wp\/v2\/media?parent=51738"}],"wp:term":[{"taxonomy":"category","embeddable":true,"href":"https:\/\/informelitoral.com.ar\/%77%70%2d%6a%73%6f%6e\/wp\/v2\/categories?post=51738"},{"taxonomy":"post_tag","embeddable":true,"href":"https:\/\/informelitoral.com.ar\/%77%70%2d%6a%73%6f%6e\/wp\/v2\/tags?post=51738"}],"curies":[{"name":"wp","href":"https:\/\/api.w.org\/{rel}","templated":true}]}}