{"id":51618,"date":"2020-10-19T13:09:34","date_gmt":"2020-10-19T16:09:34","guid":{"rendered":"https:\/\/www.isletasnoticias.com.ar\/?p=51618"},"modified":"2020-10-19T13:09:34","modified_gmt":"2020-10-19T16:09:34","slug":"un-chico-cruzo-el-rio-caminando-y-fue-picado-por-una-raya","status":"publish","type":"post","link":"https:\/\/informelitoral.com.ar\/un-chico-cruzo-el-rio-caminando-y-fue-picado-por-una-raya\/","title":{"rendered":"Un chico cruz\u00f3 el r\u00edo caminando y fue picado por una raya"},"content":{"rendered":"<p>Un joven de 15 a\u00f1os que, junto a un grupo de amigos, decidi\u00f3 cruzar a la isla puente caminando a trav\u00e9s del r\u00edo Paran\u00e1, sufri\u00f3 un accidente que oblig\u00f3 su urgente traslado al hospital.<\/p>\n<p>El muchacho pis\u00f3 un pez raya con su pie derecho y recibi\u00f3 una picadura como respuesta. Ante la desesperante situaci\u00f3n, producto del dolor, pidi\u00f3 ser asistido con una persona que en una moto de agua lo traslad\u00f3 hasta la orilla\u00a0 para luego ser derivado al hospital San Mart\u00edn. En el nosocomio recibi\u00f3 las primeras atenciones y se confirm\u00f3 que hab\u00eda sufrido una herida de 5 cent\u00edmetros.<\/p>\n<h4>Herida<\/h4>\n<p>Las rayas tienen la sustancia de defensa en las p\u00faas situadas en la parte posterior de la cola. Las lesiones suelen producirse cuando una persona pisa una raya, que por lo general est\u00e1 enterrada en la arena. La raya lanza su cola y clava las p\u00faas en el pie o en la pierna de la v\u00edctima, y libera la sustancia. Es posible que en la herida queden fragmentos del revestimiento de la p\u00faa, lo cual incrementa el riesgo de infecci\u00f3n.<\/p>\n<p>En general, la herida que produce la p\u00faa es irregular y sangra abundantemente. El dolor es inmediato e intenso, si bien disminuye gradualmente en un periodo de 6 a 48 horas. Muchas personas que sufren este tipo de herida manifiestan desvanecimiento, debilidad, n\u00e1useas y ansiedad. Son menos frecuentes los v\u00f3mitos, diarrea, sudoraci\u00f3n, espasmos generalizados y las dificultades respiratorias.<\/p>\n","protected":false},"excerpt":{"rendered":"<p>Un joven de 15 a&ntilde;os que, junto a un grupo de amigos, decidi&oacute; cruzar a la isla puente caminando a trav&eacute;s del r&iacute;o Paran&aacute;, sufri&oacute; un accidente que oblig&oacute; su urgente traslado al hospital. El muchacho pis&oacute; un pez raya con su pie derecho y recibi&oacute; una picadura como respuesta. Ante la desesperante situaci&oacute;n, producto [&hellip;]<\/p>\n","protected":false},"author":8,"featured_media":51619,"comment_status":"open","ping_status":"open","sticky":false,"template":"","format":"standard","meta":{"fifu_image_url":"","fifu_image_alt":"","footnotes":""},"categories":[9],"tags":[1950,1951,45,1949,1952,777,124],"class_list":{"0":"post-51618","1":"post","2":"type-post","3":"status-publish","4":"format-standard","5":"has-post-thumbnail","7":"category-sociedad","8":"tag-chico","9":"tag-manta-raya","10":"tag-parana","11":"tag-peligro","12":"tag-raya","13":"tag-rio-parana","14":"tag-sociedad"},"yoast_head":"<title>Un chico cruz\u00f3 el r\u00edo caminando y fue picado por una raya - Informe Litoral<\/title>\n<meta name=\"robots\" content=\"index, follow, max-snippet:-1, max-image-preview:large, max-video-preview:-1\" \/>\n<link rel=\"canonical\" href=\"https:\/\/informelitoral.com.ar\/un-chico-cruzo-el-rio-caminando-y-fue-picado-por-una-raya\/\" \/>\n<meta property=\"og:locale\" content=\"es_ES\" \/>\n<meta property=\"og:type\" content=\"article\" \/>\n<meta property=\"og:title\" content=\"Un chico cruz\u00f3 el r\u00edo caminando y fue picado por una raya - Informe Litoral\" \/>\n<meta property=\"og:description\" content=\"Un joven de 15 a&ntilde;os que, junto a un grupo de amigos, decidi&oacute; cruzar a la isla puente caminando a trav&eacute;s del r&iacute;o Paran&aacute;, sufri&oacute; un accidente que oblig&oacute; su urgente traslado al hospital. El muchacho pis&oacute; un pez raya con su pie derecho y recibi&oacute; una picadura como respuesta. Ante la desesperante situaci&oacute;n, producto [&hellip;]\" \/>\n<meta property=\"og:url\" content=\"https:\/\/informelitoral.com.ar\/un-chico-cruzo-el-rio-caminando-y-fue-picado-por-una-raya\/\" \/>\n<meta property=\"og:site_name\" content=\"Informe Litoral\" \/>\n<meta property=\"article:publisher\" content=\"https:\/\/www.facebook.com\/informelitoral\/\" \/>\n<meta property=\"article:published_time\" content=\"2020-10-19T16:09:34+00:00\" \/>\n<meta property=\"og:image\" content=\"https:\/\/informelitoral.com.ar\/%77%70%2d%63%6f%6e%74%65%6e%74\/uploads\/2020\/10\/Mantarraya.jpg\" \/>\n\t<meta property=\"og:image:width\" content=\"780\" \/>\n\t<meta property=\"og:image:height\" content=\"470\" \/>\n\t<meta property=\"og:image:type\" content=\"image\/jpeg\" \/>\n<meta name=\"author\" content=\"Sebastian\" \/>\n<meta name=\"twitter:card\" content=\"summary_large_image\" \/>\n<meta name=\"twitter:creator\" content=\"@InformeLitoral\" \/>\n<meta name=\"twitter:site\" content=\"@InformeLitoral\" \/>\n<meta name=\"twitter:label1\" content=\"Escrito por\" \/>\n\t<meta name=\"twitter:data1\" content=\"Sebastian\" \/>\n\t<meta name=\"twitter:label2\" content=\"Tiempo de lectura\" \/>\n\t<meta name=\"twitter:data2\" content=\"1 minuto\" \/>\n<script type=\"application\/ld+json\" class=\"yoast-schema-graph\">{\"@context\":\"https:\\\/\\\/schema.org\",\"@graph\":[{\"@type\":\"Article\",\"@id\":\"https:\\\/\\\/informelitoral.com.ar\\\/un-chico-cruzo-el-rio-caminando-y-fue-picado-por-una-raya\\\/#article\",\"isPartOf\":{\"@id\":\"https:\\\/\\\/informelitoral.com.ar\\\/un-chico-cruzo-el-rio-caminando-y-fue-picado-por-una-raya\\\/\"},\"author\":{\"name\":\"Sebastian\",\"@id\":\"https:\\\/\\\/informelitoral.com.ar\\\/#\\\/schema\\\/person\\\/f05f9f461677119578717524b127d6d5\"},\"headline\":\"Un chico cruz\u00f3 el r\u00edo caminando y fue picado por una raya\",\"datePublished\":\"2020-10-19T16:09:34+00:00\",\"mainEntityOfPage\":{\"@id\":\"https:\\\/\\\/informelitoral.com.ar\\\/un-chico-cruzo-el-rio-caminando-y-fue-picado-por-una-raya\\\/\"},\"wordCount\":264,\"commentCount\":0,\"publisher\":{\"@id\":\"https:\\\/\\\/informelitoral.com.ar\\\/#organization\"},\"image\":{\"@id\":\"https:\\\/\\\/informelitoral.com.ar\\\/un-chico-cruzo-el-rio-caminando-y-fue-picado-por-una-raya\\\/#primaryimage\"},\"thumbnailUrl\":\"https:\\\/\\\/informelitoral.com.ar\\\/%77%70%2d%63%6f%6e%74%65%6e%74\\\/uploads\\\/2020\\\/10\\\/Mantarraya.jpg\",\"keywords\":[\"Chico\",\"Manta Raya\",\"Paran\u00e1\",\"Peligro\",\"Raya\",\"R\u00edo Paran\u00e1\",\"Sociedad\"],\"articleSection\":[\"Sociedad\"],\"inLanguage\":\"es\",\"potentialAction\":[{\"@type\":\"CommentAction\",\"name\":\"Comment\",\"target\":[\"https:\\\/\\\/informelitoral.com.ar\\\/un-chico-cruzo-el-rio-caminando-y-fue-picado-por-una-raya\\\/#respond\"]}]},{\"@type\":\"WebPage\",\"@id\":\"https:\\\/\\\/informelitoral.com.ar\\\/un-chico-cruzo-el-rio-caminando-y-fue-picado-por-una-raya\\\/\",\"url\":\"https:\\\/\\\/informelitoral.com.ar\\\/un-chico-cruzo-el-rio-caminando-y-fue-picado-por-una-raya\\\/\",\"name\":\"Un chico cruz\u00f3 el r\u00edo caminando y fue picado por una raya - Informe Litoral\",\"isPartOf\":{\"@id\":\"https:\\\/\\\/informelitoral.com.ar\\\/#website\"},\"primaryImageOfPage\":{\"@id\":\"https:\\\/\\\/informelitoral.com.ar\\\/un-chico-cruzo-el-rio-caminando-y-fue-picado-por-una-raya\\\/#primaryimage\"},\"image\":{\"@id\":\"https:\\\/\\\/informelitoral.com.ar\\\/un-chico-cruzo-el-rio-caminando-y-fue-picado-por-una-raya\\\/#primaryimage\"},\"thumbnailUrl\":\"https:\\\/\\\/informelitoral.com.ar\\\/%77%70%2d%63%6f%6e%74%65%6e%74\\\/uploads\\\/2020\\\/10\\\/Mantarraya.jpg\",\"datePublished\":\"2020-10-19T16:09:34+00:00\",\"breadcrumb\":{\"@id\":\"https:\\\/\\\/informelitoral.com.ar\\\/un-chico-cruzo-el-rio-caminando-y-fue-picado-por-una-raya\\\/#breadcrumb\"},\"inLanguage\":\"es\",\"potentialAction\":[{\"@type\":\"ReadAction\",\"target\":[\"https:\\\/\\\/informelitoral.com.ar\\\/un-chico-cruzo-el-rio-caminando-y-fue-picado-por-una-raya\\\/\"]}]},{\"@type\":\"ImageObject\",\"inLanguage\":\"es\",\"@id\":\"https:\\\/\\\/informelitoral.com.ar\\\/un-chico-cruzo-el-rio-caminando-y-fue-picado-por-una-raya\\\/#primaryimage\",\"url\":\"https:\\\/\\\/informelitoral.com.ar\\\/%77%70%2d%63%6f%6e%74%65%6e%74\\\/uploads\\\/2020\\\/10\\\/Mantarraya.jpg\",\"contentUrl\":\"https:\\\/\\\/informelitoral.com.ar\\\/%77%70%2d%63%6f%6e%74%65%6e%74\\\/uploads\\\/2020\\\/10\\\/Mantarraya.jpg\",\"width\":780,\"height\":470},{\"@type\":\"BreadcrumbList\",\"@id\":\"https:\\\/\\\/informelitoral.com.ar\\\/un-chico-cruzo-el-rio-caminando-y-fue-picado-por-una-raya\\\/#breadcrumb\",\"itemListElement\":[{\"@type\":\"ListItem\",\"position\":1,\"name\":\"Portada\",\"item\":\"https:\\\/\\\/informelitoral.com.ar\\\/\"},{\"@type\":\"ListItem\",\"position\":2,\"name\":\"Un chico cruz\u00f3 el r\u00edo caminando y fue picado por una raya\"}]},{\"@type\":\"WebSite\",\"@id\":\"https:\\\/\\\/informelitoral.com.ar\\\/#website\",\"url\":\"https:\\\/\\\/informelitoral.com.ar\\\/\",\"name\":\"Informe Litoral\",\"description\":\"&quot;Nos informamos&quot; \",\"publisher\":{\"@id\":\"https:\\\/\\\/informelitoral.com.ar\\\/#organization\"},\"potentialAction\":[{\"@type\":\"SearchAction\",\"target\":{\"@type\":\"EntryPoint\",\"urlTemplate\":\"https:\\\/\\\/informelitoral.com.ar\\\/?s={search_term_string}\"},\"query-input\":{\"@type\":\"PropertyValueSpecification\",\"valueRequired\":true,\"valueName\":\"search_term_string\"}}],\"inLanguage\":\"es\"},{\"@type\":\"Organization\",\"@id\":\"https:\\\/\\\/informelitoral.com.ar\\\/#organization\",\"name\":\"Informe Litoral\",\"url\":\"https:\\\/\\\/informelitoral.com.ar\\\/\",\"logo\":{\"@type\":\"ImageObject\",\"inLanguage\":\"es\",\"@id\":\"https:\\\/\\\/informelitoral.com.ar\\\/#\\\/schema\\\/logo\\\/image\\\/\",\"url\":\"https:\\\/\\\/informelitoral.com.ar\\\/%77%70%2d%63%6f%6e%74%65%6e%74\\\/uploads\\\/2021\\\/01\\\/circulo.png\",\"contentUrl\":\"https:\\\/\\\/informelitoral.com.ar\\\/%77%70%2d%63%6f%6e%74%65%6e%74\\\/uploads\\\/2021\\\/01\\\/circulo.png\",\"width\":723,\"height\":731,\"caption\":\"Informe Litoral\"},\"image\":{\"@id\":\"https:\\\/\\\/informelitoral.com.ar\\\/#\\\/schema\\\/logo\\\/image\\\/\"},\"sameAs\":[\"https:\\\/\\\/www.facebook.com\\\/informelitoral\\\/\",\"https:\\\/\\\/x.com\\\/InformeLitoral\",\"https:\\\/\\\/www.instagram.com\\\/informelitoral\\\/\",\"https:\\\/\\\/www.youtube.com\\\/channel\\\/UCua4Qvz8Icb6MYqhoq9xLXw\"]},{\"@type\":\"Person\",\"@id\":\"https:\\\/\\\/informelitoral.com.ar\\\/#\\\/schema\\\/person\\\/f05f9f461677119578717524b127d6d5\",\"name\":\"Sebastian\",\"image\":{\"@type\":\"ImageObject\",\"inLanguage\":\"es\",\"@id\":\"https:\\\/\\\/secure.gravatar.com\\\/avatar\\\/b71bf7481d447dfb9583c7f2798e7cc64de6efb9067b74633ed8c31059a3bd82?s=96&d=mm&r=g\",\"url\":\"https:\\\/\\\/secure.gravatar.com\\\/avatar\\\/b71bf7481d447dfb9583c7f2798e7cc64de6efb9067b74633ed8c31059a3bd82?s=96&d=mm&r=g\",\"contentUrl\":\"https:\\\/\\\/secure.gravatar.com\\\/avatar\\\/b71bf7481d447dfb9583c7f2798e7cc64de6efb9067b74633ed8c31059a3bd82?s=96&d=mm&r=g\",\"caption\":\"Sebastian\"},\"url\":\"https:\\\/\\\/informelitoral.com.ar\\\/author\\\/sebastian\\\/\"}]}<\/script>","yoast_head_json":{"title":"Un chico cruz\u00f3 el r\u00edo caminando y fue picado por una raya - Informe Litoral","robots":{"index":"index","follow":"follow","max-snippet":"max-snippet:-1","max-image-preview":"max-image-preview:large","max-video-preview":"max-video-preview:-1"},"canonical":"https:\/\/informelitoral.com.ar\/un-chico-cruzo-el-rio-caminando-y-fue-picado-por-una-raya\/","og_locale":"es_ES","og_type":"article","og_title":"Un chico cruz\u00f3 el r\u00edo caminando y fue picado por una raya - Informe Litoral","og_description":"Un joven de 15 a&ntilde;os que, junto a un grupo de amigos, decidi&oacute; cruzar a la isla puente caminando a trav&eacute;s del r&iacute;o Paran&aacute;, sufri&oacute; un accidente que oblig&oacute; su urgente traslado al hospital. El muchacho pis&oacute; un pez raya con su pie derecho y recibi&oacute; una picadura como respuesta. Ante la desesperante situaci&oacute;n, producto [&hellip;]","og_url":"https:\/\/informelitoral.com.ar\/un-chico-cruzo-el-rio-caminando-y-fue-picado-por-una-raya\/","og_site_name":"Informe Litoral","article_publisher":"https:\/\/www.facebook.com\/informelitoral\/","article_published_time":"2020-10-19T16:09:34+00:00","og_image":[{"width":780,"height":470,"url":"https:\/\/informelitoral.com.ar\/%77%70%2d%63%6f%6e%74%65%6e%74\/uploads\/2020\/10\/Mantarraya.jpg","type":"image\/jpeg"}],"author":"Sebastian","twitter_card":"summary_large_image","twitter_creator":"@InformeLitoral","twitter_site":"@InformeLitoral","twitter_misc":{"Escrito por":"Sebastian","Tiempo de lectura":"1 minuto"},"schema":{"@context":"https:\/\/schema.org","@graph":[{"@type":"Article","@id":"https:\/\/informelitoral.com.ar\/un-chico-cruzo-el-rio-caminando-y-fue-picado-por-una-raya\/#article","isPartOf":{"@id":"https:\/\/informelitoral.com.ar\/un-chico-cruzo-el-rio-caminando-y-fue-picado-por-una-raya\/"},"author":{"name":"Sebastian","@id":"https:\/\/informelitoral.com.ar\/#\/schema\/person\/f05f9f461677119578717524b127d6d5"},"headline":"Un chico cruz\u00f3 el r\u00edo caminando y fue picado por una raya","datePublished":"2020-10-19T16:09:34+00:00","mainEntityOfPage":{"@id":"https:\/\/informelitoral.com.ar\/un-chico-cruzo-el-rio-caminando-y-fue-picado-por-una-raya\/"},"wordCount":264,"commentCount":0,"publisher":{"@id":"https:\/\/informelitoral.com.ar\/#organization"},"image":{"@id":"https:\/\/informelitoral.com.ar\/un-chico-cruzo-el-rio-caminando-y-fue-picado-por-una-raya\/#primaryimage"},"thumbnailUrl":"https:\/\/informelitoral.com.ar\/%77%70%2d%63%6f%6e%74%65%6e%74\/uploads\/2020\/10\/Mantarraya.jpg","keywords":["Chico","Manta Raya","Paran\u00e1","Peligro","Raya","R\u00edo Paran\u00e1","Sociedad"],"articleSection":["Sociedad"],"inLanguage":"es","potentialAction":[{"@type":"CommentAction","name":"Comment","target":["https:\/\/informelitoral.com.ar\/un-chico-cruzo-el-rio-caminando-y-fue-picado-por-una-raya\/#respond"]}]},{"@type":"WebPage","@id":"https:\/\/informelitoral.com.ar\/un-chico-cruzo-el-rio-caminando-y-fue-picado-por-una-raya\/","url":"https:\/\/informelitoral.com.ar\/un-chico-cruzo-el-rio-caminando-y-fue-picado-por-una-raya\/","name":"Un chico cruz\u00f3 el r\u00edo caminando y fue picado por una raya - Informe Litoral","isPartOf":{"@id":"https:\/\/informelitoral.com.ar\/#website"},"primaryImageOfPage":{"@id":"https:\/\/informelitoral.com.ar\/un-chico-cruzo-el-rio-caminando-y-fue-picado-por-una-raya\/#primaryimage"},"image":{"@id":"https:\/\/informelitoral.com.ar\/un-chico-cruzo-el-rio-caminando-y-fue-picado-por-una-raya\/#primaryimage"},"thumbnailUrl":"https:\/\/informelitoral.com.ar\/%77%70%2d%63%6f%6e%74%65%6e%74\/uploads\/2020\/10\/Mantarraya.jpg","datePublished":"2020-10-19T16:09:34+00:00","breadcrumb":{"@id":"https:\/\/informelitoral.com.ar\/un-chico-cruzo-el-rio-caminando-y-fue-picado-por-una-raya\/#breadcrumb"},"inLanguage":"es","potentialAction":[{"@type":"ReadAction","target":["https:\/\/informelitoral.com.ar\/un-chico-cruzo-el-rio-caminando-y-fue-picado-por-una-raya\/"]}]},{"@type":"ImageObject","inLanguage":"es","@id":"https:\/\/informelitoral.com.ar\/un-chico-cruzo-el-rio-caminando-y-fue-picado-por-una-raya\/#primaryimage","url":"https:\/\/informelitoral.com.ar\/%77%70%2d%63%6f%6e%74%65%6e%74\/uploads\/2020\/10\/Mantarraya.jpg","contentUrl":"https:\/\/informelitoral.com.ar\/%77%70%2d%63%6f%6e%74%65%6e%74\/uploads\/2020\/10\/Mantarraya.jpg","width":780,"height":470},{"@type":"BreadcrumbList","@id":"https:\/\/informelitoral.com.ar\/un-chico-cruzo-el-rio-caminando-y-fue-picado-por-una-raya\/#breadcrumb","itemListElement":[{"@type":"ListItem","position":1,"name":"Portada","item":"https:\/\/informelitoral.com.ar\/"},{"@type":"ListItem","position":2,"name":"Un chico cruz\u00f3 el r\u00edo caminando y fue picado por una raya"}]},{"@type":"WebSite","@id":"https:\/\/informelitoral.com.ar\/#website","url":"https:\/\/informelitoral.com.ar\/","name":"Informe Litoral","description":"&quot;Nos informamos&quot; ","publisher":{"@id":"https:\/\/informelitoral.com.ar\/#organization"},"potentialAction":[{"@type":"SearchAction","target":{"@type":"EntryPoint","urlTemplate":"https:\/\/informelitoral.com.ar\/?s={search_term_string}"},"query-input":{"@type":"PropertyValueSpecification","valueRequired":true,"valueName":"search_term_string"}}],"inLanguage":"es"},{"@type":"Organization","@id":"https:\/\/informelitoral.com.ar\/#organization","name":"Informe Litoral","url":"https:\/\/informelitoral.com.ar\/","logo":{"@type":"ImageObject","inLanguage":"es","@id":"https:\/\/informelitoral.com.ar\/#\/schema\/logo\/image\/","url":"https:\/\/informelitoral.com.ar\/%77%70%2d%63%6f%6e%74%65%6e%74\/uploads\/2021\/01\/circulo.png","contentUrl":"https:\/\/informelitoral.com.ar\/%77%70%2d%63%6f%6e%74%65%6e%74\/uploads\/2021\/01\/circulo.png","width":723,"height":731,"caption":"Informe Litoral"},"image":{"@id":"https:\/\/informelitoral.com.ar\/#\/schema\/logo\/image\/"},"sameAs":["https:\/\/www.facebook.com\/informelitoral\/","https:\/\/x.com\/InformeLitoral","https:\/\/www.instagram.com\/informelitoral\/","https:\/\/www.youtube.com\/channel\/UCua4Qvz8Icb6MYqhoq9xLXw"]},{"@type":"Person","@id":"https:\/\/informelitoral.com.ar\/#\/schema\/person\/f05f9f461677119578717524b127d6d5","name":"Sebastian","image":{"@type":"ImageObject","inLanguage":"es","@id":"https:\/\/secure.gravatar.com\/avatar\/b71bf7481d447dfb9583c7f2798e7cc64de6efb9067b74633ed8c31059a3bd82?s=96&d=mm&r=g","url":"https:\/\/secure.gravatar.com\/avatar\/b71bf7481d447dfb9583c7f2798e7cc64de6efb9067b74633ed8c31059a3bd82?s=96&d=mm&r=g","contentUrl":"https:\/\/secure.gravatar.com\/avatar\/b71bf7481d447dfb9583c7f2798e7cc64de6efb9067b74633ed8c31059a3bd82?s=96&d=mm&r=g","caption":"Sebastian"},"url":"https:\/\/informelitoral.com.ar\/author\/sebastian\/"}]}},"_links":{"self":[{"href":"https:\/\/informelitoral.com.ar\/%77%70%2d%6a%73%6f%6e\/wp\/v2\/posts\/51618","targetHints":{"allow":["GET"]}}],"collection":[{"href":"https:\/\/informelitoral.com.ar\/%77%70%2d%6a%73%6f%6e\/wp\/v2\/posts"}],"about":[{"href":"https:\/\/informelitoral.com.ar\/%77%70%2d%6a%73%6f%6e\/wp\/v2\/types\/post"}],"author":[{"embeddable":true,"href":"https:\/\/informelitoral.com.ar\/%77%70%2d%6a%73%6f%6e\/wp\/v2\/users\/8"}],"replies":[{"embeddable":true,"href":"https:\/\/informelitoral.com.ar\/%77%70%2d%6a%73%6f%6e\/wp\/v2\/comments?post=51618"}],"version-history":[{"count":0,"href":"https:\/\/informelitoral.com.ar\/%77%70%2d%6a%73%6f%6e\/wp\/v2\/posts\/51618\/revisions"}],"wp:featuredmedia":[{"embeddable":true,"href":"https:\/\/informelitoral.com.ar\/%77%70%2d%6a%73%6f%6e\/wp\/v2\/media\/51619"}],"wp:attachment":[{"href":"https:\/\/informelitoral.com.ar\/%77%70%2d%6a%73%6f%6e\/wp\/v2\/media?parent=51618"}],"wp:term":[{"taxonomy":"category","embeddable":true,"href":"https:\/\/informelitoral.com.ar\/%77%70%2d%6a%73%6f%6e\/wp\/v2\/categories?post=51618"},{"taxonomy":"post_tag","embeddable":true,"href":"https:\/\/informelitoral.com.ar\/%77%70%2d%6a%73%6f%6e\/wp\/v2\/tags?post=51618"}],"curies":[{"name":"wp","href":"https:\/\/api.w.org\/{rel}","templated":true}]}}