{"id":51545,"date":"2020-10-19T08:00:43","date_gmt":"2020-10-19T11:00:43","guid":{"rendered":"https:\/\/www.isletasnoticias.com.ar\/?p=51545"},"modified":"2020-10-19T08:00:43","modified_gmt":"2020-10-19T11:00:43","slug":"este-lunes-y-martes-habra-otra-desconexion-virtual-de-docentes","status":"publish","type":"post","link":"https:\/\/informelitoral.com.ar\/este-lunes-y-martes-habra-otra-desconexion-virtual-de-docentes\/","title":{"rendered":"Este lunes y martes habr\u00e1 otra desconexi\u00f3n virtual de docentes"},"content":{"rendered":"<p>Los docentes volver\u00e1n a las medidas de fuerza con las desconexiones virtuales, la modalidad de protesta que se impuso desde que en Entre R\u00edos se suspendieron las clases presenciales, el lunes 16 de marzo. La demanda es por la apertura de la paritaria salarial, y en rechazo a las sumas en negro que decidi\u00f3 otorgar el Gobierno para el \u00faltimo trimestre del a\u00f1o.<\/p>\n<p>El \u00faltimo plenario de secretarios generales de la Asociaci\u00f3n Gremial del Magisterio de Entre R\u00edos (Agmer), el mi\u00e9rcoles 7 del actual, dispuso la convocatoria a 8 d\u00edas de desconexi\u00f3n virtual: ya hubo paros los d\u00edas viernes 9, mi\u00e9rcoles 14 y jueves 15. Seguir\u00e1n este lunes 19 y martes 20. Y continuar\u00e1n el jueves 29 y viernes 30.<\/p>\n<p>La protesta de maestros y profesores se apoya en la disconformidad que hay hacia la \u00faltima oferta salarial presentada por el Gobierno. En la primera reuni\u00f3n entre el ministro de Econom\u00eda, Hugo Ballay, y los gremios del Estado y de representaci\u00f3n docente, el jueves 24 de septiembre, la oferta fue pagar una suma fija no remunerativa durante los meses de octubre, noviembre y diciembre de $3.500 para los trabajadores que ganan hasta $50.000, y de $2.500 para los que perciben entre $50.000 y $100.000. En ese esquema, los jubilados recibir\u00edan el 82%.<\/p>\n<p>En la segunda reuni\u00f3n, el jueves 1\u00b0 de octubre, se present\u00f3 un nuevo esquema con iguales par\u00e1metros: una suma fija para los meses de octubre, noviembre y diciembre de $4.000 para los agentes que perciban hasta $35.000; $3.500 para los que perciben de $35.000 a $55.000; y $3.000 para los que perciben m\u00e1s de $55.000 a $120.000.<\/p>\n","protected":false},"excerpt":{"rendered":"<p>Se trata de una nueva medida de fuerza del gremio de los maestros en reclamo de mejoras salariales. C\u00f3mo siguen los paros.<\/p>\n","protected":false},"author":2,"featured_media":51546,"comment_status":"open","ping_status":"open","sticky":false,"template":"","format":"standard","meta":{"fifu_image_url":"","fifu_image_alt":"","footnotes":""},"categories":[6],"tags":[64,49,81,1199],"class_list":{"0":"post-51545","1":"post","2":"type-post","3":"status-publish","4":"format-standard","5":"has-post-thumbnail","7":"category-entre-rios","8":"tag-agmer","9":"tag-docentes","10":"tag-entre-rios","11":"tag-gremios-docentes"},"yoast_head":"<title>Este lunes y martes habr\u00e1 otra desconexi\u00f3n virtual de docentes - Informe Litoral<\/title>\n<meta name=\"robots\" content=\"index, follow, max-snippet:-1, max-image-preview:large, max-video-preview:-1\" \/>\n<link rel=\"canonical\" href=\"https:\/\/informelitoral.com.ar\/este-lunes-y-martes-habra-otra-desconexion-virtual-de-docentes\/\" \/>\n<meta property=\"og:locale\" content=\"es_ES\" \/>\n<meta property=\"og:type\" content=\"article\" \/>\n<meta property=\"og:title\" content=\"Este lunes y martes habr\u00e1 otra desconexi\u00f3n virtual de docentes - Informe Litoral\" \/>\n<meta property=\"og:description\" content=\"Se trata de una nueva medida de fuerza del gremio de los maestros en reclamo de mejoras salariales. C\u00f3mo siguen los paros.\" \/>\n<meta property=\"og:url\" content=\"https:\/\/informelitoral.com.ar\/este-lunes-y-martes-habra-otra-desconexion-virtual-de-docentes\/\" \/>\n<meta property=\"og:site_name\" content=\"Informe Litoral\" \/>\n<meta property=\"article:publisher\" content=\"https:\/\/www.facebook.com\/informelitoral\/\" \/>\n<meta property=\"article:published_time\" content=\"2020-10-19T11:00:43+00:00\" \/>\n<meta property=\"og:image\" content=\"https:\/\/informelitoral.com.ar\/%77%70%2d%63%6f%6e%74%65%6e%74\/uploads\/2020\/10\/desconexion-virtual.jpg\" \/>\n\t<meta property=\"og:image:width\" content=\"800\" \/>\n\t<meta property=\"og:image:height\" content=\"450\" \/>\n\t<meta property=\"og:image:type\" content=\"image\/jpeg\" \/>\n<meta name=\"author\" content=\"Gonzalo Schmidt\" \/>\n<meta name=\"twitter:card\" content=\"summary_large_image\" \/>\n<meta name=\"twitter:creator\" content=\"@InformeLitoral\" \/>\n<meta name=\"twitter:site\" content=\"@InformeLitoral\" \/>\n<meta name=\"twitter:label1\" content=\"Escrito por\" \/>\n\t<meta name=\"twitter:data1\" content=\"Gonzalo Schmidt\" \/>\n\t<meta name=\"twitter:label2\" content=\"Tiempo de lectura\" \/>\n\t<meta name=\"twitter:data2\" content=\"1 minuto\" \/>\n<script type=\"application\/ld+json\" class=\"yoast-schema-graph\">{\"@context\":\"https:\\\/\\\/schema.org\",\"@graph\":[{\"@type\":\"Article\",\"@id\":\"https:\\\/\\\/informelitoral.com.ar\\\/este-lunes-y-martes-habra-otra-desconexion-virtual-de-docentes\\\/#article\",\"isPartOf\":{\"@id\":\"https:\\\/\\\/informelitoral.com.ar\\\/este-lunes-y-martes-habra-otra-desconexion-virtual-de-docentes\\\/\"},\"author\":{\"name\":\"Gonzalo Schmidt\",\"@id\":\"https:\\\/\\\/informelitoral.com.ar\\\/#\\\/schema\\\/person\\\/b9d00407c836482871ef1d57bf8e3180\"},\"headline\":\"Este lunes y martes habr\u00e1 otra desconexi\u00f3n virtual de docentes\",\"datePublished\":\"2020-10-19T11:00:43+00:00\",\"mainEntityOfPage\":{\"@id\":\"https:\\\/\\\/informelitoral.com.ar\\\/este-lunes-y-martes-habra-otra-desconexion-virtual-de-docentes\\\/\"},\"wordCount\":273,\"commentCount\":0,\"publisher\":{\"@id\":\"https:\\\/\\\/informelitoral.com.ar\\\/#organization\"},\"image\":{\"@id\":\"https:\\\/\\\/informelitoral.com.ar\\\/este-lunes-y-martes-habra-otra-desconexion-virtual-de-docentes\\\/#primaryimage\"},\"thumbnailUrl\":\"https:\\\/\\\/informelitoral.com.ar\\\/%77%70%2d%63%6f%6e%74%65%6e%74\\\/uploads\\\/2020\\\/10\\\/desconexion-virtual.jpg\",\"keywords\":[\"Agmer\",\"Docentes\",\"Entre R\u00edos\",\"Gremios docentes\"],\"articleSection\":[\"Entre R\u00edos\"],\"inLanguage\":\"es\",\"potentialAction\":[{\"@type\":\"CommentAction\",\"name\":\"Comment\",\"target\":[\"https:\\\/\\\/informelitoral.com.ar\\\/este-lunes-y-martes-habra-otra-desconexion-virtual-de-docentes\\\/#respond\"]}]},{\"@type\":\"WebPage\",\"@id\":\"https:\\\/\\\/informelitoral.com.ar\\\/este-lunes-y-martes-habra-otra-desconexion-virtual-de-docentes\\\/\",\"url\":\"https:\\\/\\\/informelitoral.com.ar\\\/este-lunes-y-martes-habra-otra-desconexion-virtual-de-docentes\\\/\",\"name\":\"Este lunes y martes habr\u00e1 otra desconexi\u00f3n virtual de docentes - Informe Litoral\",\"isPartOf\":{\"@id\":\"https:\\\/\\\/informelitoral.com.ar\\\/#website\"},\"primaryImageOfPage\":{\"@id\":\"https:\\\/\\\/informelitoral.com.ar\\\/este-lunes-y-martes-habra-otra-desconexion-virtual-de-docentes\\\/#primaryimage\"},\"image\":{\"@id\":\"https:\\\/\\\/informelitoral.com.ar\\\/este-lunes-y-martes-habra-otra-desconexion-virtual-de-docentes\\\/#primaryimage\"},\"thumbnailUrl\":\"https:\\\/\\\/informelitoral.com.ar\\\/%77%70%2d%63%6f%6e%74%65%6e%74\\\/uploads\\\/2020\\\/10\\\/desconexion-virtual.jpg\",\"datePublished\":\"2020-10-19T11:00:43+00:00\",\"breadcrumb\":{\"@id\":\"https:\\\/\\\/informelitoral.com.ar\\\/este-lunes-y-martes-habra-otra-desconexion-virtual-de-docentes\\\/#breadcrumb\"},\"inLanguage\":\"es\",\"potentialAction\":[{\"@type\":\"ReadAction\",\"target\":[\"https:\\\/\\\/informelitoral.com.ar\\\/este-lunes-y-martes-habra-otra-desconexion-virtual-de-docentes\\\/\"]}]},{\"@type\":\"ImageObject\",\"inLanguage\":\"es\",\"@id\":\"https:\\\/\\\/informelitoral.com.ar\\\/este-lunes-y-martes-habra-otra-desconexion-virtual-de-docentes\\\/#primaryimage\",\"url\":\"https:\\\/\\\/informelitoral.com.ar\\\/%77%70%2d%63%6f%6e%74%65%6e%74\\\/uploads\\\/2020\\\/10\\\/desconexion-virtual.jpg\",\"contentUrl\":\"https:\\\/\\\/informelitoral.com.ar\\\/%77%70%2d%63%6f%6e%74%65%6e%74\\\/uploads\\\/2020\\\/10\\\/desconexion-virtual.jpg\",\"width\":800,\"height\":450},{\"@type\":\"BreadcrumbList\",\"@id\":\"https:\\\/\\\/informelitoral.com.ar\\\/este-lunes-y-martes-habra-otra-desconexion-virtual-de-docentes\\\/#breadcrumb\",\"itemListElement\":[{\"@type\":\"ListItem\",\"position\":1,\"name\":\"Portada\",\"item\":\"https:\\\/\\\/informelitoral.com.ar\\\/\"},{\"@type\":\"ListItem\",\"position\":2,\"name\":\"Este lunes y martes habr\u00e1 otra desconexi\u00f3n virtual de docentes\"}]},{\"@type\":\"WebSite\",\"@id\":\"https:\\\/\\\/informelitoral.com.ar\\\/#website\",\"url\":\"https:\\\/\\\/informelitoral.com.ar\\\/\",\"name\":\"Informe Litoral\",\"description\":\"&quot;Nos informamos&quot; \",\"publisher\":{\"@id\":\"https:\\\/\\\/informelitoral.com.ar\\\/#organization\"},\"potentialAction\":[{\"@type\":\"SearchAction\",\"target\":{\"@type\":\"EntryPoint\",\"urlTemplate\":\"https:\\\/\\\/informelitoral.com.ar\\\/?s={search_term_string}\"},\"query-input\":{\"@type\":\"PropertyValueSpecification\",\"valueRequired\":true,\"valueName\":\"search_term_string\"}}],\"inLanguage\":\"es\"},{\"@type\":\"Organization\",\"@id\":\"https:\\\/\\\/informelitoral.com.ar\\\/#organization\",\"name\":\"Informe Litoral\",\"url\":\"https:\\\/\\\/informelitoral.com.ar\\\/\",\"logo\":{\"@type\":\"ImageObject\",\"inLanguage\":\"es\",\"@id\":\"https:\\\/\\\/informelitoral.com.ar\\\/#\\\/schema\\\/logo\\\/image\\\/\",\"url\":\"https:\\\/\\\/informelitoral.com.ar\\\/%77%70%2d%63%6f%6e%74%65%6e%74\\\/uploads\\\/2021\\\/01\\\/circulo.png\",\"contentUrl\":\"https:\\\/\\\/informelitoral.com.ar\\\/%77%70%2d%63%6f%6e%74%65%6e%74\\\/uploads\\\/2021\\\/01\\\/circulo.png\",\"width\":723,\"height\":731,\"caption\":\"Informe Litoral\"},\"image\":{\"@id\":\"https:\\\/\\\/informelitoral.com.ar\\\/#\\\/schema\\\/logo\\\/image\\\/\"},\"sameAs\":[\"https:\\\/\\\/www.facebook.com\\\/informelitoral\\\/\",\"https:\\\/\\\/x.com\\\/InformeLitoral\",\"https:\\\/\\\/www.instagram.com\\\/informelitoral\\\/\",\"https:\\\/\\\/www.youtube.com\\\/channel\\\/UCua4Qvz8Icb6MYqhoq9xLXw\"]},{\"@type\":\"Person\",\"@id\":\"https:\\\/\\\/informelitoral.com.ar\\\/#\\\/schema\\\/person\\\/b9d00407c836482871ef1d57bf8e3180\",\"name\":\"Gonzalo Schmidt\",\"image\":{\"@type\":\"ImageObject\",\"inLanguage\":\"es\",\"@id\":\"https:\\\/\\\/secure.gravatar.com\\\/avatar\\\/31a1a7b66ff2de83bd0e9fd79d026630d2d99e55e8bfe501287647b4fd9743de?s=96&d=mm&r=g\",\"url\":\"https:\\\/\\\/secure.gravatar.com\\\/avatar\\\/31a1a7b66ff2de83bd0e9fd79d026630d2d99e55e8bfe501287647b4fd9743de?s=96&d=mm&r=g\",\"contentUrl\":\"https:\\\/\\\/secure.gravatar.com\\\/avatar\\\/31a1a7b66ff2de83bd0e9fd79d026630d2d99e55e8bfe501287647b4fd9743de?s=96&d=mm&r=g\",\"caption\":\"Gonzalo Schmidt\"},\"description\":\"Sitio web de noticias de la provincia de Entre R\u00edos, Argentina. Informaci\u00f3n y entretenimiento. Informe Litoral, nos informamos.\",\"sameAs\":[\"http:\\\/\\\/www.isletasnoticias.com.ar\"],\"url\":\"https:\\\/\\\/informelitoral.com.ar\\\/author\\\/gonzalo\\\/\"}]}<\/script>","yoast_head_json":{"title":"Este lunes y martes habr\u00e1 otra desconexi\u00f3n virtual de docentes - Informe Litoral","robots":{"index":"index","follow":"follow","max-snippet":"max-snippet:-1","max-image-preview":"max-image-preview:large","max-video-preview":"max-video-preview:-1"},"canonical":"https:\/\/informelitoral.com.ar\/este-lunes-y-martes-habra-otra-desconexion-virtual-de-docentes\/","og_locale":"es_ES","og_type":"article","og_title":"Este lunes y martes habr\u00e1 otra desconexi\u00f3n virtual de docentes - Informe Litoral","og_description":"Se trata de una nueva medida de fuerza del gremio de los maestros en reclamo de mejoras salariales. C\u00f3mo siguen los paros.","og_url":"https:\/\/informelitoral.com.ar\/este-lunes-y-martes-habra-otra-desconexion-virtual-de-docentes\/","og_site_name":"Informe Litoral","article_publisher":"https:\/\/www.facebook.com\/informelitoral\/","article_published_time":"2020-10-19T11:00:43+00:00","og_image":[{"width":800,"height":450,"url":"https:\/\/informelitoral.com.ar\/%77%70%2d%63%6f%6e%74%65%6e%74\/uploads\/2020\/10\/desconexion-virtual.jpg","type":"image\/jpeg"}],"author":"Gonzalo Schmidt","twitter_card":"summary_large_image","twitter_creator":"@InformeLitoral","twitter_site":"@InformeLitoral","twitter_misc":{"Escrito por":"Gonzalo Schmidt","Tiempo de lectura":"1 minuto"},"schema":{"@context":"https:\/\/schema.org","@graph":[{"@type":"Article","@id":"https:\/\/informelitoral.com.ar\/este-lunes-y-martes-habra-otra-desconexion-virtual-de-docentes\/#article","isPartOf":{"@id":"https:\/\/informelitoral.com.ar\/este-lunes-y-martes-habra-otra-desconexion-virtual-de-docentes\/"},"author":{"name":"Gonzalo Schmidt","@id":"https:\/\/informelitoral.com.ar\/#\/schema\/person\/b9d00407c836482871ef1d57bf8e3180"},"headline":"Este lunes y martes habr\u00e1 otra desconexi\u00f3n virtual de docentes","datePublished":"2020-10-19T11:00:43+00:00","mainEntityOfPage":{"@id":"https:\/\/informelitoral.com.ar\/este-lunes-y-martes-habra-otra-desconexion-virtual-de-docentes\/"},"wordCount":273,"commentCount":0,"publisher":{"@id":"https:\/\/informelitoral.com.ar\/#organization"},"image":{"@id":"https:\/\/informelitoral.com.ar\/este-lunes-y-martes-habra-otra-desconexion-virtual-de-docentes\/#primaryimage"},"thumbnailUrl":"https:\/\/informelitoral.com.ar\/%77%70%2d%63%6f%6e%74%65%6e%74\/uploads\/2020\/10\/desconexion-virtual.jpg","keywords":["Agmer","Docentes","Entre R\u00edos","Gremios docentes"],"articleSection":["Entre R\u00edos"],"inLanguage":"es","potentialAction":[{"@type":"CommentAction","name":"Comment","target":["https:\/\/informelitoral.com.ar\/este-lunes-y-martes-habra-otra-desconexion-virtual-de-docentes\/#respond"]}]},{"@type":"WebPage","@id":"https:\/\/informelitoral.com.ar\/este-lunes-y-martes-habra-otra-desconexion-virtual-de-docentes\/","url":"https:\/\/informelitoral.com.ar\/este-lunes-y-martes-habra-otra-desconexion-virtual-de-docentes\/","name":"Este lunes y martes habr\u00e1 otra desconexi\u00f3n virtual de docentes - Informe Litoral","isPartOf":{"@id":"https:\/\/informelitoral.com.ar\/#website"},"primaryImageOfPage":{"@id":"https:\/\/informelitoral.com.ar\/este-lunes-y-martes-habra-otra-desconexion-virtual-de-docentes\/#primaryimage"},"image":{"@id":"https:\/\/informelitoral.com.ar\/este-lunes-y-martes-habra-otra-desconexion-virtual-de-docentes\/#primaryimage"},"thumbnailUrl":"https:\/\/informelitoral.com.ar\/%77%70%2d%63%6f%6e%74%65%6e%74\/uploads\/2020\/10\/desconexion-virtual.jpg","datePublished":"2020-10-19T11:00:43+00:00","breadcrumb":{"@id":"https:\/\/informelitoral.com.ar\/este-lunes-y-martes-habra-otra-desconexion-virtual-de-docentes\/#breadcrumb"},"inLanguage":"es","potentialAction":[{"@type":"ReadAction","target":["https:\/\/informelitoral.com.ar\/este-lunes-y-martes-habra-otra-desconexion-virtual-de-docentes\/"]}]},{"@type":"ImageObject","inLanguage":"es","@id":"https:\/\/informelitoral.com.ar\/este-lunes-y-martes-habra-otra-desconexion-virtual-de-docentes\/#primaryimage","url":"https:\/\/informelitoral.com.ar\/%77%70%2d%63%6f%6e%74%65%6e%74\/uploads\/2020\/10\/desconexion-virtual.jpg","contentUrl":"https:\/\/informelitoral.com.ar\/%77%70%2d%63%6f%6e%74%65%6e%74\/uploads\/2020\/10\/desconexion-virtual.jpg","width":800,"height":450},{"@type":"BreadcrumbList","@id":"https:\/\/informelitoral.com.ar\/este-lunes-y-martes-habra-otra-desconexion-virtual-de-docentes\/#breadcrumb","itemListElement":[{"@type":"ListItem","position":1,"name":"Portada","item":"https:\/\/informelitoral.com.ar\/"},{"@type":"ListItem","position":2,"name":"Este lunes y martes habr\u00e1 otra desconexi\u00f3n virtual de docentes"}]},{"@type":"WebSite","@id":"https:\/\/informelitoral.com.ar\/#website","url":"https:\/\/informelitoral.com.ar\/","name":"Informe Litoral","description":"&quot;Nos informamos&quot; ","publisher":{"@id":"https:\/\/informelitoral.com.ar\/#organization"},"potentialAction":[{"@type":"SearchAction","target":{"@type":"EntryPoint","urlTemplate":"https:\/\/informelitoral.com.ar\/?s={search_term_string}"},"query-input":{"@type":"PropertyValueSpecification","valueRequired":true,"valueName":"search_term_string"}}],"inLanguage":"es"},{"@type":"Organization","@id":"https:\/\/informelitoral.com.ar\/#organization","name":"Informe Litoral","url":"https:\/\/informelitoral.com.ar\/","logo":{"@type":"ImageObject","inLanguage":"es","@id":"https:\/\/informelitoral.com.ar\/#\/schema\/logo\/image\/","url":"https:\/\/informelitoral.com.ar\/%77%70%2d%63%6f%6e%74%65%6e%74\/uploads\/2021\/01\/circulo.png","contentUrl":"https:\/\/informelitoral.com.ar\/%77%70%2d%63%6f%6e%74%65%6e%74\/uploads\/2021\/01\/circulo.png","width":723,"height":731,"caption":"Informe Litoral"},"image":{"@id":"https:\/\/informelitoral.com.ar\/#\/schema\/logo\/image\/"},"sameAs":["https:\/\/www.facebook.com\/informelitoral\/","https:\/\/x.com\/InformeLitoral","https:\/\/www.instagram.com\/informelitoral\/","https:\/\/www.youtube.com\/channel\/UCua4Qvz8Icb6MYqhoq9xLXw"]},{"@type":"Person","@id":"https:\/\/informelitoral.com.ar\/#\/schema\/person\/b9d00407c836482871ef1d57bf8e3180","name":"Gonzalo Schmidt","image":{"@type":"ImageObject","inLanguage":"es","@id":"https:\/\/secure.gravatar.com\/avatar\/31a1a7b66ff2de83bd0e9fd79d026630d2d99e55e8bfe501287647b4fd9743de?s=96&d=mm&r=g","url":"https:\/\/secure.gravatar.com\/avatar\/31a1a7b66ff2de83bd0e9fd79d026630d2d99e55e8bfe501287647b4fd9743de?s=96&d=mm&r=g","contentUrl":"https:\/\/secure.gravatar.com\/avatar\/31a1a7b66ff2de83bd0e9fd79d026630d2d99e55e8bfe501287647b4fd9743de?s=96&d=mm&r=g","caption":"Gonzalo Schmidt"},"description":"Sitio web de noticias de la provincia de Entre R\u00edos, Argentina. Informaci\u00f3n y entretenimiento. Informe Litoral, nos informamos.","sameAs":["http:\/\/www.isletasnoticias.com.ar"],"url":"https:\/\/informelitoral.com.ar\/author\/gonzalo\/"}]}},"_links":{"self":[{"href":"https:\/\/informelitoral.com.ar\/%77%70%2d%6a%73%6f%6e\/wp\/v2\/posts\/51545","targetHints":{"allow":["GET"]}}],"collection":[{"href":"https:\/\/informelitoral.com.ar\/%77%70%2d%6a%73%6f%6e\/wp\/v2\/posts"}],"about":[{"href":"https:\/\/informelitoral.com.ar\/%77%70%2d%6a%73%6f%6e\/wp\/v2\/types\/post"}],"author":[{"embeddable":true,"href":"https:\/\/informelitoral.com.ar\/%77%70%2d%6a%73%6f%6e\/wp\/v2\/users\/2"}],"replies":[{"embeddable":true,"href":"https:\/\/informelitoral.com.ar\/%77%70%2d%6a%73%6f%6e\/wp\/v2\/comments?post=51545"}],"version-history":[{"count":0,"href":"https:\/\/informelitoral.com.ar\/%77%70%2d%6a%73%6f%6e\/wp\/v2\/posts\/51545\/revisions"}],"wp:featuredmedia":[{"embeddable":true,"href":"https:\/\/informelitoral.com.ar\/%77%70%2d%6a%73%6f%6e\/wp\/v2\/media\/51546"}],"wp:attachment":[{"href":"https:\/\/informelitoral.com.ar\/%77%70%2d%6a%73%6f%6e\/wp\/v2\/media?parent=51545"}],"wp:term":[{"taxonomy":"category","embeddable":true,"href":"https:\/\/informelitoral.com.ar\/%77%70%2d%6a%73%6f%6e\/wp\/v2\/categories?post=51545"},{"taxonomy":"post_tag","embeddable":true,"href":"https:\/\/informelitoral.com.ar\/%77%70%2d%6a%73%6f%6e\/wp\/v2\/tags?post=51545"}],"curies":[{"name":"wp","href":"https:\/\/api.w.org\/{rel}","templated":true}]}}