{"id":515,"date":"2013-03-24T20:14:34","date_gmt":"2013-03-24T23:14:34","guid":{"rendered":"http:\/\/www.isletasnoticias.com.ar\/?p=515"},"modified":"2013-03-24T20:14:34","modified_gmt":"2013-03-24T23:14:34","slug":"preven-que-la-ocupacion-sera-plena-durante-semana-santa-en-parana","status":"publish","type":"post","link":"https:\/\/informelitoral.com.ar\/preven-que-la-ocupacion-sera-plena-durante-semana-santa-en-parana\/","title":{"rendered":"Prev\u00e9n que \u201cla ocupaci\u00f3n ser\u00e1 plena\u201d durante Semana Santa en Paran\u00e1"},"content":{"rendered":"<p><strong>La Semana Santa es el periodo de mayor movimiento tur\u00edstico en Paran\u00e1. El rubro gastron\u00f3mico espera <em>\u201cque sea el mejor fin de semana del a\u00f1o\u201d.<\/em> En tanto el comercio se dispone a abrir los locales durante los feriados.<\/strong><\/p>\n<p><a style=\"text-align: center;\" href=\"http:\/\/www.isletasnoticias.com.ar\/%77%70%2d%63%6f%6e%74%65%6e%74\/uploads\/2013\/03\/parana.jpg\"><img loading=\"lazy\" decoding=\"async\" class=\"size-medium wp-image-517 aligncenter\" alt=\"parana\" src=\"http:\/\/www.isletasnoticias.com.ar\/%77%70%2d%63%6f%6e%74%65%6e%74\/uploads\/2013\/03\/parana-300x225.jpg\" width=\"300\" height=\"225\" srcset=\"https:\/\/informelitoral.com.ar\/%77%70%2d%63%6f%6e%74%65%6e%74\/uploads\/2013\/03\/parana-300x225.jpg 300w, https:\/\/informelitoral.com.ar\/%77%70%2d%63%6f%6e%74%65%6e%74\/uploads\/2013\/03\/parana.jpg 432w\" sizes=\"auto, (max-width: 300px) 100vw, 300px\" \/><\/a><\/p>\n<p>La Semana Santa que comienza, extendida por los feriados del 1 y el 2 de abril, ofrece un at\u00edpico periodo de seis d\u00edas consecutivos de descanso.<\/p>\n<p style=\"text-align: left;\">\u00a0Este a\u00f1o, jueves y viernes santos no s\u00f3lo se plegar\u00e1n al fin de semana, sino que estar\u00e1n sucedidos por el feriado del martes siguiente, el D\u00eda del Veterano y de los Ca\u00eddos en la Guerra de Malvinas, junto al d\u00eda anterior \u2013el lunes\u2013 establecido como feriado puente.<br \/>\nSer\u00e1 casi una semana de vacaciones, de jornadas no laborables para la mayor\u00eda de los trabajadores, y como ocurre en estos casos una ocasi\u00f3n propicia para la actividad tur\u00edstica.<br \/>\nLos \u00faltimos a\u00f1os han mostrado un notable crecimiento en el movimiento tur\u00edstico nacional. El desarrollo, con su efecto favorable sobre diversos sectores de la econom\u00eda, tambi\u00e9n se experiment\u00f3 en Entre R\u00edos.<\/p>\n<p style=\"text-align: left;\">Paran\u00e1 tambi\u00e9n ha registrado indicadores positivos en este contexto. La capital entrerriana, sin lograr afianzarse como opci\u00f3n tur\u00edstica en la temporada de verano, s\u00ed ha mejorado sus resultados en los fines de semana largos. Y en particular, la Semana Santa es el mejor periodo del a\u00f1o para el turismo local.<br \/>\nEntonces, ahora, con el agregado de los feriados por el 2 de Abril, para la semana que comienza el sector aguarda d\u00edas muy productivos.<br \/>\nDesde el sector oficial, se asegura que<em> \u201cse ha mejorado la oferta\u201d<\/em> y que <em>\u201cla ocupaci\u00f3n ser\u00e1 plena\u201d<\/em>. Una consulta a los principales hoteles de la ciudad confirma esa expectativa: algunos tienen <em>\u201ctodo reservado\u201d.<\/em> El rubro gastron\u00f3mico espera <em>\u201cque sea el mejor fin de semana del a\u00f1o\u201d<\/em>. En tanto el comercio se dispone a abrir los locales durante los feriados<em> \u201cpara acompa\u00f1ar el perfil tur\u00edstico de la ciudad\u201d.\u00a0<\/em><\/p>\n<p style=\"text-align: left;\">Paran\u00e1 se promocion\u00f3 para Semana Santa con una invitaci\u00f3n tem\u00e1tica. \u201cRenov\u00e1 tu Esp\u00edritu\u201d, es la propuesta que se difundi\u00f3 al pa\u00eds para atraer a los visitantes a la ciudad en los pr\u00f3ximos d\u00edas.<br \/>\n<em>\u201cLo que ofrecemos es una propuesta tem\u00e1tica. La invitaci\u00f3n es \u2018Renov\u00e1 Tu Esp\u00edritu. Semana Santa en Paran\u00e1\u2019, por un lado con las actividades religiosas, como el V\u00eda Crucis Viviente, el recorrido por las Siete Iglesias, el programa de misas; pero tambi\u00e9n a trav\u00e9s del contacto con la naturaleza y la tranquilidad de la ciudad\u201d<\/em>, describi\u00f3 la invitaci\u00f3n\u00a0el secretario de Turismo de la Municipalidad de Paran\u00e1, <strong>Carlos Monti.\u00a0<\/strong><\/p>\n<p style=\"text-align: left;\">Esta iniciativa contin\u00faa la tendencia iniciada con dos experiencias tem\u00e1ticas anteriores: Paran\u00e1 se Disfraza, en ocasi\u00f3n de la Fiesta de Disfraces; y Viv\u00ed la Patria en Paran\u00e1, para el fin de semana largo por el 25 de Mayo.<\/p>\n<p style=\"text-align: left;\">\u201cLa experiencia de la tematizaci\u00f3n ha sido un \u00e9xito\u201d, asegur\u00f3 Monti, y destac\u00f3 que el sector privado se ha involucrado en estas iniciativas: \u201cComerciantes y empresarios participan y hacemos el trabajo en conjunto. Ofrecemos bienvenidas y mostramos nuestras alternativas en los accesos y en distintos puntos de la ciudad, pero tambi\u00e9n en hoteles y comedores\u201d, destac\u00f3.<br \/>\nMonti indic\u00f3 que la ciudad ha sumado m\u00e1s opciones a la oferta tur\u00edstica. En ese sentido, valor\u00f3 el programa de actividades dise\u00f1ado para la Semana Santa extendida: \u201cArmamos un calendario con 250 actividades. Se han sumado much\u00edsimos eventos culturales y deportivos. Todo est\u00e1 mostrado en un folleto que muestra las actividades previstas d\u00eda por d\u00eda, con lugares, horarios y precios. Eso responde a la pregunta de qu\u00e9 puede hacer el turista en Paran\u00e1\u201d.<\/p>\n<p style=\"text-align: left;\">El funcionario resalt\u00f3 que tambi\u00e9n se ampli\u00f3 la oferta de alojamiento en la ciudad: <em>\u201cHemos pasado de 2.600 a 3.125 plazas de alojamiento. Esta semana\u00a0Paran\u00e1 recuper\u00f3 un hotel (el ex City, frente a la Estaci\u00f3n del Ferrocarril). Tambi\u00e9n homologamos nuevas empresas de excursiones y de gastronom\u00eda\u201d. \u201cMuchos empresarios ya ven el turismo como una posibilidad concreta\u201d<\/em>, defini\u00f3.<\/p>\n<p style=\"text-align: left;\">\n<strong>El comercio acompa\u00f1a el perfil tur\u00edstico\u00a0<\/strong><\/p>\n<p>El presidente del Centro Comercial de Paran\u00e1, <strong>Edgardo Benintende,<\/strong> indic\u00f3 que el sector <em>\u201cacompa\u00f1a el perfil tur\u00edstico\u201d<\/em> de la ciudad. Lo hace con el pedido a los propietarios de que abran los locales durante los feriados. Pero reconoci\u00f3 que los fines de semana largos <em>\u201cson favorables s\u00f3lo para algunos rubros\u201d.\u00a0<\/em><\/p>\n<p style=\"text-align: left;\"><em>\u201cTodos los fines de semana largo est\u00e1 el interrogante sobre si abren los negocios. Desde el Centro Comercial pedimos que se mantengan abiertos el mayor tiempo posible. Para que Paran\u00e1 despegue tenemos que acompa\u00f1ar\u201d,<\/em>\u00a0afirm\u00f3 Benintende.<\/p>\n<p style=\"text-align: left;\">En ese sentido, indic\u00f3 que \u201ccada vez se abre m\u00e1s tiempo los fines de semana largos\u201d, aunque reconoci\u00f3 que \u201chay cierta resistencia entre los propietarios\u201d.\u00a0\u201cSi la demanda fuera sostenida, se mantendr\u00eda abierto m\u00e1s tiempo. Pero eso ocurre s\u00f3lo en algunos rubros. Hay buenas intenciones. Se abre porque las autoridades lo piden para apoyar el proyecto tur\u00edstico. Pero comercialmente no da resultado en todos los casos. Adem\u00e1s el empleado quiere su descanso\u201d, complet\u00f3.<\/p>\n<p style=\"text-align: left;\"><em id=\"__mceDel\"><br \/>\n<\/em><strong>Gastron\u00f3micos\u00a0<\/strong><em id=\"__mceDel\"><em id=\"__mceDel\"><em id=\"__mceDel\"><br \/>\n<\/em><\/em><\/em><\/p>\n<p style=\"text-align: left;\">El presidente de la Asociaci\u00f3n Empresaria Hotelera y Gastron\u00f3mica de Paran\u00e1, Marcelo Barsuglia, expres\u00f3 grandes expectativas desde el sector empresario para el pr\u00f3ximo fin de semana largo.<\/p>\n<p style=\"text-align: left;\"><em id=\"__mceDel\">\u201cHay muchas reservas y muchas consultas. Va a ser el mejor fin de semana\u201d, <\/em>pronostic\u00f3 el dirigente.<br \/>\nDe cara al intenso movimiento tur\u00edstico previsto, Barsuglia indic\u00f3 que los locales gastron\u00f3micos<em id=\"__mceDel\"> \u201cest\u00e1n preparados (para responder a la demanda) porque est\u00e1n acostumbrados a trabajar bien los fines de semana largos y tambi\u00e9n porque la gente de ac\u00e1 siempre sale\u201d.<br \/>\n<\/em>El empresario gastron\u00f3mico indic\u00f3 que en estos casos<em id=\"__mceDel\"> \u201clos locales trabajan con el personal estable, como todos los fines de se<\/em><em id=\"__mceDel\">mana\u201d. <\/em>Indic\u00f3 que en algunos casos<em id=\"__mceDel\"> \u201cse ampl\u00edan horas de trabajo, pero no se recurre a personal extra\u201d.\u00a0<\/em><\/p>\n<p style=\"text-align: left;\">Respecto a los horarios de atenci\u00f3n al p\u00fablico en los comedores en d\u00edas de intensa afluencia tur\u00edstica, Barsuglia asegur\u00f3 que<em id=\"__mceDel\"> \u201cse ha creado un mito con que no se atiende. Pero no es as\u00ed. Los restaurantes, hoteles y bares de Paran\u00e1 trabajan en los mismos horarios que en los grandes centros tur\u00edsticos. Pero si hay m\u00e1s demanda, se va a permanecer abierto m\u00e1s de lo normal\u201d.<br \/>\n<\/em>El gastron\u00f3mico destac\u00f3 desde el sector que<em id=\"__mceDel\"> \u201cel turismo ha crecido de manera notable en la provincia como una pol\u00edtica de Estado\u201d<\/em> y que<em id=\"__mceDel\"> \u201cParan\u00e1 ha tenido altibajos, pero tambi\u00e9n ha crecido\u201d. <\/em>Sobre la actividad en la ciudad opin\u00f3 que<em id=\"__mceDel\"> \u201cfalta un atractivo como el parque acu\u00e1tico que est\u00e1 proyectado o un centro de convenciones. Eso ser\u00eda un antes y un despu\u00e9s y nosotros podr\u00edamos mejorar la re<\/em><em id=\"__mceDel\"><em id=\"__mceDel\">ntabilidad\u201d. <\/em><\/em><\/p>\n<p style=\"text-align: left;\">Fuente: El Diario.<\/p>\n","protected":false},"excerpt":{"rendered":"<p>La Semana Santa es el periodo de mayor movimiento tur&iacute;stico en Paran&aacute;. El rubro gastron&oacute;mico espera &ldquo;que sea el mejor fin de semana del a&ntilde;o&rdquo;. En tanto el comercio se dispone a abrir los locales durante los feriados. La Semana Santa que comienza, extendida por los feriados del 1 y el 2 de abril, ofrece [&hellip;]<\/p>\n","protected":false},"author":2,"featured_media":0,"comment_status":"open","ping_status":"open","sticky":false,"template":"","format":"standard","meta":{"fifu_image_url":"","fifu_image_alt":"","footnotes":""},"categories":[6],"tags":[],"class_list":{"0":"post-515","1":"post","2":"type-post","3":"status-publish","4":"format-standard","6":"category-entre-rios"},"yoast_head":"<title>Prev\u00e9n que \u201cla ocupaci\u00f3n ser\u00e1 plena\u201d durante Semana Santa en Paran\u00e1  - Informe Litoral<\/title>\n<meta name=\"robots\" content=\"index, follow, max-snippet:-1, max-image-preview:large, max-video-preview:-1\" \/>\n<link rel=\"canonical\" href=\"https:\/\/informelitoral.com.ar\/preven-que-la-ocupacion-sera-plena-durante-semana-santa-en-parana\/\" \/>\n<meta property=\"og:locale\" content=\"es_ES\" \/>\n<meta property=\"og:type\" content=\"article\" \/>\n<meta property=\"og:title\" content=\"Prev\u00e9n que \u201cla ocupaci\u00f3n ser\u00e1 plena\u201d durante Semana Santa en Paran\u00e1  - Informe Litoral\" \/>\n<meta property=\"og:description\" content=\"La Semana Santa es el periodo de mayor movimiento tur&iacute;stico en Paran&aacute;. El rubro gastron&oacute;mico espera &ldquo;que sea el mejor fin de semana del a&ntilde;o&rdquo;. En tanto el comercio se dispone a abrir los locales durante los feriados. La Semana Santa que comienza, extendida por los feriados del 1 y el 2 de abril, ofrece [&hellip;]\" \/>\n<meta property=\"og:url\" content=\"https:\/\/informelitoral.com.ar\/preven-que-la-ocupacion-sera-plena-durante-semana-santa-en-parana\/\" \/>\n<meta property=\"og:site_name\" content=\"Informe Litoral\" \/>\n<meta property=\"article:publisher\" content=\"https:\/\/www.facebook.com\/informelitoral\/\" \/>\n<meta property=\"article:published_time\" content=\"2013-03-24T23:14:34+00:00\" \/>\n<meta property=\"og:image\" content=\"https:\/\/informelitoral.com.ar\/%77%70%2d%63%6f%6e%74%65%6e%74\/uploads\/2013\/03\/parana.jpg\" \/>\n\t<meta property=\"og:image:width\" content=\"432\" \/>\n\t<meta property=\"og:image:height\" content=\"324\" \/>\n\t<meta property=\"og:image:type\" content=\"image\/jpeg\" \/>\n<meta name=\"author\" content=\"Gonzalo Schmidt\" \/>\n<meta name=\"twitter:card\" content=\"summary_large_image\" \/>\n<meta name=\"twitter:creator\" content=\"@InformeLitoral\" \/>\n<meta name=\"twitter:site\" content=\"@InformeLitoral\" \/>\n<meta name=\"twitter:label1\" content=\"Escrito por\" \/>\n\t<meta name=\"twitter:data1\" content=\"Gonzalo Schmidt\" \/>\n\t<meta name=\"twitter:label2\" content=\"Tiempo de lectura\" \/>\n\t<meta name=\"twitter:data2\" content=\"6 minutos\" \/>\n<script type=\"application\/ld+json\" class=\"yoast-schema-graph\">{\"@context\":\"https:\\\/\\\/schema.org\",\"@graph\":[{\"@type\":\"Article\",\"@id\":\"https:\\\/\\\/informelitoral.com.ar\\\/preven-que-la-ocupacion-sera-plena-durante-semana-santa-en-parana\\\/#article\",\"isPartOf\":{\"@id\":\"https:\\\/\\\/informelitoral.com.ar\\\/preven-que-la-ocupacion-sera-plena-durante-semana-santa-en-parana\\\/\"},\"author\":{\"name\":\"Gonzalo Schmidt\",\"@id\":\"https:\\\/\\\/informelitoral.com.ar\\\/#\\\/schema\\\/person\\\/b9d00407c836482871ef1d57bf8e3180\"},\"headline\":\"Prev\u00e9n que \u201cla ocupaci\u00f3n ser\u00e1 plena\u201d durante Semana Santa en Paran\u00e1\",\"datePublished\":\"2013-03-24T23:14:34+00:00\",\"mainEntityOfPage\":{\"@id\":\"https:\\\/\\\/informelitoral.com.ar\\\/preven-que-la-ocupacion-sera-plena-durante-semana-santa-en-parana\\\/\"},\"wordCount\":1167,\"commentCount\":0,\"publisher\":{\"@id\":\"https:\\\/\\\/informelitoral.com.ar\\\/#organization\"},\"image\":{\"@id\":\"https:\\\/\\\/informelitoral.com.ar\\\/preven-que-la-ocupacion-sera-plena-durante-semana-santa-en-parana\\\/#primaryimage\"},\"thumbnailUrl\":\"http:\\\/\\\/www.isletasnoticias.com.ar\\\/%77%70%2d%63%6f%6e%74%65%6e%74\\\/uploads\\\/2013\\\/03\\\/parana-300x225.jpg\",\"articleSection\":[\"Entre R\u00edos\"],\"inLanguage\":\"es\",\"potentialAction\":[{\"@type\":\"CommentAction\",\"name\":\"Comment\",\"target\":[\"https:\\\/\\\/informelitoral.com.ar\\\/preven-que-la-ocupacion-sera-plena-durante-semana-santa-en-parana\\\/#respond\"]}]},{\"@type\":\"WebPage\",\"@id\":\"https:\\\/\\\/informelitoral.com.ar\\\/preven-que-la-ocupacion-sera-plena-durante-semana-santa-en-parana\\\/\",\"url\":\"https:\\\/\\\/informelitoral.com.ar\\\/preven-que-la-ocupacion-sera-plena-durante-semana-santa-en-parana\\\/\",\"name\":\"Prev\u00e9n que \u201cla ocupaci\u00f3n ser\u00e1 plena\u201d durante Semana Santa en Paran\u00e1 - Informe Litoral\",\"isPartOf\":{\"@id\":\"https:\\\/\\\/informelitoral.com.ar\\\/#website\"},\"primaryImageOfPage\":{\"@id\":\"https:\\\/\\\/informelitoral.com.ar\\\/preven-que-la-ocupacion-sera-plena-durante-semana-santa-en-parana\\\/#primaryimage\"},\"image\":{\"@id\":\"https:\\\/\\\/informelitoral.com.ar\\\/preven-que-la-ocupacion-sera-plena-durante-semana-santa-en-parana\\\/#primaryimage\"},\"thumbnailUrl\":\"http:\\\/\\\/www.isletasnoticias.com.ar\\\/%77%70%2d%63%6f%6e%74%65%6e%74\\\/uploads\\\/2013\\\/03\\\/parana-300x225.jpg\",\"datePublished\":\"2013-03-24T23:14:34+00:00\",\"breadcrumb\":{\"@id\":\"https:\\\/\\\/informelitoral.com.ar\\\/preven-que-la-ocupacion-sera-plena-durante-semana-santa-en-parana\\\/#breadcrumb\"},\"inLanguage\":\"es\",\"potentialAction\":[{\"@type\":\"ReadAction\",\"target\":[\"https:\\\/\\\/informelitoral.com.ar\\\/preven-que-la-ocupacion-sera-plena-durante-semana-santa-en-parana\\\/\"]}]},{\"@type\":\"ImageObject\",\"inLanguage\":\"es\",\"@id\":\"https:\\\/\\\/informelitoral.com.ar\\\/preven-que-la-ocupacion-sera-plena-durante-semana-santa-en-parana\\\/#primaryimage\",\"url\":\"http:\\\/\\\/www.isletasnoticias.com.ar\\\/%77%70%2d%63%6f%6e%74%65%6e%74\\\/uploads\\\/2013\\\/03\\\/parana-300x225.jpg\",\"contentUrl\":\"http:\\\/\\\/www.isletasnoticias.com.ar\\\/%77%70%2d%63%6f%6e%74%65%6e%74\\\/uploads\\\/2013\\\/03\\\/parana-300x225.jpg\"},{\"@type\":\"BreadcrumbList\",\"@id\":\"https:\\\/\\\/informelitoral.com.ar\\\/preven-que-la-ocupacion-sera-plena-durante-semana-santa-en-parana\\\/#breadcrumb\",\"itemListElement\":[{\"@type\":\"ListItem\",\"position\":1,\"name\":\"Portada\",\"item\":\"https:\\\/\\\/informelitoral.com.ar\\\/\"},{\"@type\":\"ListItem\",\"position\":2,\"name\":\"Prev\u00e9n que \u201cla ocupaci\u00f3n ser\u00e1 plena\u201d durante Semana Santa en Paran\u00e1\"}]},{\"@type\":\"WebSite\",\"@id\":\"https:\\\/\\\/informelitoral.com.ar\\\/#website\",\"url\":\"https:\\\/\\\/informelitoral.com.ar\\\/\",\"name\":\"Informe Litoral\",\"description\":\"&quot;Nos informamos&quot; \",\"publisher\":{\"@id\":\"https:\\\/\\\/informelitoral.com.ar\\\/#organization\"},\"potentialAction\":[{\"@type\":\"SearchAction\",\"target\":{\"@type\":\"EntryPoint\",\"urlTemplate\":\"https:\\\/\\\/informelitoral.com.ar\\\/?s={search_term_string}\"},\"query-input\":{\"@type\":\"PropertyValueSpecification\",\"valueRequired\":true,\"valueName\":\"search_term_string\"}}],\"inLanguage\":\"es\"},{\"@type\":\"Organization\",\"@id\":\"https:\\\/\\\/informelitoral.com.ar\\\/#organization\",\"name\":\"Informe Litoral\",\"url\":\"https:\\\/\\\/informelitoral.com.ar\\\/\",\"logo\":{\"@type\":\"ImageObject\",\"inLanguage\":\"es\",\"@id\":\"https:\\\/\\\/informelitoral.com.ar\\\/#\\\/schema\\\/logo\\\/image\\\/\",\"url\":\"https:\\\/\\\/informelitoral.com.ar\\\/%77%70%2d%63%6f%6e%74%65%6e%74\\\/uploads\\\/2021\\\/01\\\/circulo.png\",\"contentUrl\":\"https:\\\/\\\/informelitoral.com.ar\\\/%77%70%2d%63%6f%6e%74%65%6e%74\\\/uploads\\\/2021\\\/01\\\/circulo.png\",\"width\":723,\"height\":731,\"caption\":\"Informe Litoral\"},\"image\":{\"@id\":\"https:\\\/\\\/informelitoral.com.ar\\\/#\\\/schema\\\/logo\\\/image\\\/\"},\"sameAs\":[\"https:\\\/\\\/www.facebook.com\\\/informelitoral\\\/\",\"https:\\\/\\\/x.com\\\/InformeLitoral\",\"https:\\\/\\\/www.instagram.com\\\/informelitoral\\\/\",\"https:\\\/\\\/www.youtube.com\\\/channel\\\/UCua4Qvz8Icb6MYqhoq9xLXw\"]},{\"@type\":\"Person\",\"@id\":\"https:\\\/\\\/informelitoral.com.ar\\\/#\\\/schema\\\/person\\\/b9d00407c836482871ef1d57bf8e3180\",\"name\":\"Gonzalo Schmidt\",\"image\":{\"@type\":\"ImageObject\",\"inLanguage\":\"es\",\"@id\":\"https:\\\/\\\/secure.gravatar.com\\\/avatar\\\/31a1a7b66ff2de83bd0e9fd79d026630d2d99e55e8bfe501287647b4fd9743de?s=96&d=mm&r=g\",\"url\":\"https:\\\/\\\/secure.gravatar.com\\\/avatar\\\/31a1a7b66ff2de83bd0e9fd79d026630d2d99e55e8bfe501287647b4fd9743de?s=96&d=mm&r=g\",\"contentUrl\":\"https:\\\/\\\/secure.gravatar.com\\\/avatar\\\/31a1a7b66ff2de83bd0e9fd79d026630d2d99e55e8bfe501287647b4fd9743de?s=96&d=mm&r=g\",\"caption\":\"Gonzalo Schmidt\"},\"description\":\"Sitio web de noticias de la provincia de Entre R\u00edos, Argentina. Informaci\u00f3n y entretenimiento. Informe Litoral, nos informamos.\",\"sameAs\":[\"http:\\\/\\\/www.isletasnoticias.com.ar\"],\"url\":\"https:\\\/\\\/informelitoral.com.ar\\\/author\\\/gonzalo\\\/\"}]}<\/script>","yoast_head_json":{"title":"Prev\u00e9n que \u201cla ocupaci\u00f3n ser\u00e1 plena\u201d durante Semana Santa en Paran\u00e1  - Informe Litoral","robots":{"index":"index","follow":"follow","max-snippet":"max-snippet:-1","max-image-preview":"max-image-preview:large","max-video-preview":"max-video-preview:-1"},"canonical":"https:\/\/informelitoral.com.ar\/preven-que-la-ocupacion-sera-plena-durante-semana-santa-en-parana\/","og_locale":"es_ES","og_type":"article","og_title":"Prev\u00e9n que \u201cla ocupaci\u00f3n ser\u00e1 plena\u201d durante Semana Santa en Paran\u00e1  - Informe Litoral","og_description":"La Semana Santa es el periodo de mayor movimiento tur&iacute;stico en Paran&aacute;. El rubro gastron&oacute;mico espera &ldquo;que sea el mejor fin de semana del a&ntilde;o&rdquo;. En tanto el comercio se dispone a abrir los locales durante los feriados. La Semana Santa que comienza, extendida por los feriados del 1 y el 2 de abril, ofrece [&hellip;]","og_url":"https:\/\/informelitoral.com.ar\/preven-que-la-ocupacion-sera-plena-durante-semana-santa-en-parana\/","og_site_name":"Informe Litoral","article_publisher":"https:\/\/www.facebook.com\/informelitoral\/","article_published_time":"2013-03-24T23:14:34+00:00","og_image":[{"width":432,"height":324,"url":"https:\/\/informelitoral.com.ar\/%77%70%2d%63%6f%6e%74%65%6e%74\/uploads\/2013\/03\/parana.jpg","type":"image\/jpeg"}],"author":"Gonzalo Schmidt","twitter_card":"summary_large_image","twitter_creator":"@InformeLitoral","twitter_site":"@InformeLitoral","twitter_misc":{"Escrito por":"Gonzalo Schmidt","Tiempo de lectura":"6 minutos"},"schema":{"@context":"https:\/\/schema.org","@graph":[{"@type":"Article","@id":"https:\/\/informelitoral.com.ar\/preven-que-la-ocupacion-sera-plena-durante-semana-santa-en-parana\/#article","isPartOf":{"@id":"https:\/\/informelitoral.com.ar\/preven-que-la-ocupacion-sera-plena-durante-semana-santa-en-parana\/"},"author":{"name":"Gonzalo Schmidt","@id":"https:\/\/informelitoral.com.ar\/#\/schema\/person\/b9d00407c836482871ef1d57bf8e3180"},"headline":"Prev\u00e9n que \u201cla ocupaci\u00f3n ser\u00e1 plena\u201d durante Semana Santa en Paran\u00e1","datePublished":"2013-03-24T23:14:34+00:00","mainEntityOfPage":{"@id":"https:\/\/informelitoral.com.ar\/preven-que-la-ocupacion-sera-plena-durante-semana-santa-en-parana\/"},"wordCount":1167,"commentCount":0,"publisher":{"@id":"https:\/\/informelitoral.com.ar\/#organization"},"image":{"@id":"https:\/\/informelitoral.com.ar\/preven-que-la-ocupacion-sera-plena-durante-semana-santa-en-parana\/#primaryimage"},"thumbnailUrl":"http:\/\/www.isletasnoticias.com.ar\/%77%70%2d%63%6f%6e%74%65%6e%74\/uploads\/2013\/03\/parana-300x225.jpg","articleSection":["Entre R\u00edos"],"inLanguage":"es","potentialAction":[{"@type":"CommentAction","name":"Comment","target":["https:\/\/informelitoral.com.ar\/preven-que-la-ocupacion-sera-plena-durante-semana-santa-en-parana\/#respond"]}]},{"@type":"WebPage","@id":"https:\/\/informelitoral.com.ar\/preven-que-la-ocupacion-sera-plena-durante-semana-santa-en-parana\/","url":"https:\/\/informelitoral.com.ar\/preven-que-la-ocupacion-sera-plena-durante-semana-santa-en-parana\/","name":"Prev\u00e9n que \u201cla ocupaci\u00f3n ser\u00e1 plena\u201d durante Semana Santa en Paran\u00e1 - Informe Litoral","isPartOf":{"@id":"https:\/\/informelitoral.com.ar\/#website"},"primaryImageOfPage":{"@id":"https:\/\/informelitoral.com.ar\/preven-que-la-ocupacion-sera-plena-durante-semana-santa-en-parana\/#primaryimage"},"image":{"@id":"https:\/\/informelitoral.com.ar\/preven-que-la-ocupacion-sera-plena-durante-semana-santa-en-parana\/#primaryimage"},"thumbnailUrl":"http:\/\/www.isletasnoticias.com.ar\/%77%70%2d%63%6f%6e%74%65%6e%74\/uploads\/2013\/03\/parana-300x225.jpg","datePublished":"2013-03-24T23:14:34+00:00","breadcrumb":{"@id":"https:\/\/informelitoral.com.ar\/preven-que-la-ocupacion-sera-plena-durante-semana-santa-en-parana\/#breadcrumb"},"inLanguage":"es","potentialAction":[{"@type":"ReadAction","target":["https:\/\/informelitoral.com.ar\/preven-que-la-ocupacion-sera-plena-durante-semana-santa-en-parana\/"]}]},{"@type":"ImageObject","inLanguage":"es","@id":"https:\/\/informelitoral.com.ar\/preven-que-la-ocupacion-sera-plena-durante-semana-santa-en-parana\/#primaryimage","url":"http:\/\/www.isletasnoticias.com.ar\/%77%70%2d%63%6f%6e%74%65%6e%74\/uploads\/2013\/03\/parana-300x225.jpg","contentUrl":"http:\/\/www.isletasnoticias.com.ar\/%77%70%2d%63%6f%6e%74%65%6e%74\/uploads\/2013\/03\/parana-300x225.jpg"},{"@type":"BreadcrumbList","@id":"https:\/\/informelitoral.com.ar\/preven-que-la-ocupacion-sera-plena-durante-semana-santa-en-parana\/#breadcrumb","itemListElement":[{"@type":"ListItem","position":1,"name":"Portada","item":"https:\/\/informelitoral.com.ar\/"},{"@type":"ListItem","position":2,"name":"Prev\u00e9n que \u201cla ocupaci\u00f3n ser\u00e1 plena\u201d durante Semana Santa en Paran\u00e1"}]},{"@type":"WebSite","@id":"https:\/\/informelitoral.com.ar\/#website","url":"https:\/\/informelitoral.com.ar\/","name":"Informe Litoral","description":"&quot;Nos informamos&quot; ","publisher":{"@id":"https:\/\/informelitoral.com.ar\/#organization"},"potentialAction":[{"@type":"SearchAction","target":{"@type":"EntryPoint","urlTemplate":"https:\/\/informelitoral.com.ar\/?s={search_term_string}"},"query-input":{"@type":"PropertyValueSpecification","valueRequired":true,"valueName":"search_term_string"}}],"inLanguage":"es"},{"@type":"Organization","@id":"https:\/\/informelitoral.com.ar\/#organization","name":"Informe Litoral","url":"https:\/\/informelitoral.com.ar\/","logo":{"@type":"ImageObject","inLanguage":"es","@id":"https:\/\/informelitoral.com.ar\/#\/schema\/logo\/image\/","url":"https:\/\/informelitoral.com.ar\/%77%70%2d%63%6f%6e%74%65%6e%74\/uploads\/2021\/01\/circulo.png","contentUrl":"https:\/\/informelitoral.com.ar\/%77%70%2d%63%6f%6e%74%65%6e%74\/uploads\/2021\/01\/circulo.png","width":723,"height":731,"caption":"Informe Litoral"},"image":{"@id":"https:\/\/informelitoral.com.ar\/#\/schema\/logo\/image\/"},"sameAs":["https:\/\/www.facebook.com\/informelitoral\/","https:\/\/x.com\/InformeLitoral","https:\/\/www.instagram.com\/informelitoral\/","https:\/\/www.youtube.com\/channel\/UCua4Qvz8Icb6MYqhoq9xLXw"]},{"@type":"Person","@id":"https:\/\/informelitoral.com.ar\/#\/schema\/person\/b9d00407c836482871ef1d57bf8e3180","name":"Gonzalo Schmidt","image":{"@type":"ImageObject","inLanguage":"es","@id":"https:\/\/secure.gravatar.com\/avatar\/31a1a7b66ff2de83bd0e9fd79d026630d2d99e55e8bfe501287647b4fd9743de?s=96&d=mm&r=g","url":"https:\/\/secure.gravatar.com\/avatar\/31a1a7b66ff2de83bd0e9fd79d026630d2d99e55e8bfe501287647b4fd9743de?s=96&d=mm&r=g","contentUrl":"https:\/\/secure.gravatar.com\/avatar\/31a1a7b66ff2de83bd0e9fd79d026630d2d99e55e8bfe501287647b4fd9743de?s=96&d=mm&r=g","caption":"Gonzalo Schmidt"},"description":"Sitio web de noticias de la provincia de Entre R\u00edos, Argentina. Informaci\u00f3n y entretenimiento. Informe Litoral, nos informamos.","sameAs":["http:\/\/www.isletasnoticias.com.ar"],"url":"https:\/\/informelitoral.com.ar\/author\/gonzalo\/"}]}},"_links":{"self":[{"href":"https:\/\/informelitoral.com.ar\/%77%70%2d%6a%73%6f%6e\/wp\/v2\/posts\/515","targetHints":{"allow":["GET"]}}],"collection":[{"href":"https:\/\/informelitoral.com.ar\/%77%70%2d%6a%73%6f%6e\/wp\/v2\/posts"}],"about":[{"href":"https:\/\/informelitoral.com.ar\/%77%70%2d%6a%73%6f%6e\/wp\/v2\/types\/post"}],"author":[{"embeddable":true,"href":"https:\/\/informelitoral.com.ar\/%77%70%2d%6a%73%6f%6e\/wp\/v2\/users\/2"}],"replies":[{"embeddable":true,"href":"https:\/\/informelitoral.com.ar\/%77%70%2d%6a%73%6f%6e\/wp\/v2\/comments?post=515"}],"version-history":[{"count":0,"href":"https:\/\/informelitoral.com.ar\/%77%70%2d%6a%73%6f%6e\/wp\/v2\/posts\/515\/revisions"}],"wp:attachment":[{"href":"https:\/\/informelitoral.com.ar\/%77%70%2d%6a%73%6f%6e\/wp\/v2\/media?parent=515"}],"wp:term":[{"taxonomy":"category","embeddable":true,"href":"https:\/\/informelitoral.com.ar\/%77%70%2d%6a%73%6f%6e\/wp\/v2\/categories?post=515"},{"taxonomy":"post_tag","embeddable":true,"href":"https:\/\/informelitoral.com.ar\/%77%70%2d%6a%73%6f%6e\/wp\/v2\/tags?post=515"}],"curies":[{"name":"wp","href":"https:\/\/api.w.org\/{rel}","templated":true}]}}