{"id":51452,"date":"2020-10-16T08:23:17","date_gmt":"2020-10-16T11:23:17","guid":{"rendered":"https:\/\/www.isletasnoticias.com.ar\/?p=51452"},"modified":"2020-10-16T08:23:17","modified_gmt":"2020-10-16T11:23:17","slug":"claudia-gieco-dijo-que-la-nueva-gestion-de-la-hidrovia-parana-paraguay-permitira-estimular-el-desarrollo-regional","status":"publish","type":"post","link":"https:\/\/informelitoral.com.ar\/claudia-gieco-dijo-que-la-nueva-gestion-de-la-hidrovia-parana-paraguay-permitira-estimular-el-desarrollo-regional\/","title":{"rendered":"Claudia Gieco dijo que la nueva gesti\u00f3n de la Hidrov\u00eda Paran\u00e1-Paraguay permitir\u00e1 estimular el desarrollo regional"},"content":{"rendered":"<p>Como presidenta de la Comisi\u00f3n de Hidrov\u00eda, Puertos y Transportes multimodales, la legisladora defini\u00f3 la Hidrov\u00eda Paran\u00e1-Paraguay como un eje de integraci\u00f3n y desarrollo regional, \u201ccuya constante mejora de infraestructura f\u00edsica se presupone fundamental en la conformaci\u00f3n de cadenas productivas a fin de estimular desarrollo regional\u201d.<\/p>\n<p><a href=\"https:\/\/www.isletasnoticias.com.ar\/%77%70%2d%63%6f%6e%74%65%6e%74\/uploads\/2020\/10\/a7d61d90-fee5-43f4-8d00-7ea4e087d85b.jpg\"><img loading=\"lazy\" decoding=\"async\" class=\"aligncenter wp-image-51453 size-large\" src=\"https:\/\/www.isletasnoticias.com.ar\/%77%70%2d%63%6f%6e%74%65%6e%74\/uploads\/2020\/10\/a7d61d90-fee5-43f4-8d00-7ea4e087d85b-1024x575.jpg\" alt=\"\" width=\"696\" height=\"391\" srcset=\"https:\/\/informelitoral.com.ar\/%77%70%2d%63%6f%6e%74%65%6e%74\/uploads\/2020\/10\/a7d61d90-fee5-43f4-8d00-7ea4e087d85b-1024x575.jpg 1024w, https:\/\/informelitoral.com.ar\/%77%70%2d%63%6f%6e%74%65%6e%74\/uploads\/2020\/10\/a7d61d90-fee5-43f4-8d00-7ea4e087d85b-300x169.jpg 300w, https:\/\/informelitoral.com.ar\/%77%70%2d%63%6f%6e%74%65%6e%74\/uploads\/2020\/10\/a7d61d90-fee5-43f4-8d00-7ea4e087d85b-768x431.jpg 768w, https:\/\/informelitoral.com.ar\/%77%70%2d%63%6f%6e%74%65%6e%74\/uploads\/2020\/10\/a7d61d90-fee5-43f4-8d00-7ea4e087d85b-696x391.jpg 696w, https:\/\/informelitoral.com.ar\/%77%70%2d%63%6f%6e%74%65%6e%74\/uploads\/2020\/10\/a7d61d90-fee5-43f4-8d00-7ea4e087d85b-1068x600.jpg 1068w, https:\/\/informelitoral.com.ar\/%77%70%2d%63%6f%6e%74%65%6e%74\/uploads\/2020\/10\/a7d61d90-fee5-43f4-8d00-7ea4e087d85b-748x420.jpg 748w, https:\/\/informelitoral.com.ar\/%77%70%2d%63%6f%6e%74%65%6e%74\/uploads\/2020\/10\/a7d61d90-fee5-43f4-8d00-7ea4e087d85b.jpg 1280w\" sizes=\"auto, (max-width: 696px) 100vw, 696px\" \/><\/a><\/p>\n<p>En cuanto al puerto de Diamante, destac\u00f3 que se trata del \u00faltimo Puerto de Ultramar de la Mesopotamia, con el ingreso de buques Panamax y por contar con una zona portuaria de 600 metros de largo por 80 metros de ancho variable; adem\u00e1s de un acceso independiente de la ciudad, que tiene conexi\u00f3n directa con la Ruta Provincial N\u00b0 11 y ruta Nacional N\u00b0 131.<\/p>\n<p><strong>Hidrov\u00eda<\/strong><br \/>\nLa senadora Gieco record\u00f3 que en agosto de este a\u00f1o se firm\u00f3 el acuerdo de creaci\u00f3n del Consejo Federal de Hidrov\u00eda Paran\u00e1-Paraguay, que tienen car\u00e1cter consultivo y est\u00e1 integrado por el Ministerio de Transporte de la Naci\u00f3n y las siete provincias, entre ellas el gobierno entrerriano, junto a entidades empresarias, gremiales, representativas de usuarios y organismos acad\u00e9micos.<\/p>\n<p>Seg\u00fan la legisladora, este nuevo escenario permitir\u00e1 avanzar en \u201cuna gesti\u00f3n federal real, con acciones concretas, a trav\u00e9s de la cual esta Hidrov\u00eda estar\u00e1 administrada y controlada por el Estado Nacional en conjunto con siete gobiernos provinciales: el de Entre R\u00edos, Buenos Aires, Chaco, Corrientes, Formosa, Misiones y Santa Fe\u201d.<\/p>\n<p>\u201cLa Hidrov\u00eda constituye una herramienta estrat\u00e9gica para dinamizar el sector exportador de la provincia y de la regi\u00f3n, a la vez que integra y fortalece el intercambio regional y el mercado interno. Este proyecto aporta a construir un modelo alternativo al modelo de exportaci\u00f3n y producci\u00f3n tradicional de nuestro pa\u00eds, apostando a dejar atr\u00e1s la organizaci\u00f3n territorial de las producci\u00f3n y exportaci\u00f3n vinculada a la econom\u00eda de siglos pasados, en la que exist\u00eda un verdadero embudo y un \u00fanico punto concentrador de la producci\u00f3n del pa\u00eds, Buenos Aires\u201d, destac\u00f3 Claudia Gieco.<\/p>\n<p>Tambi\u00e9n fueron parte de este encuentro virtual Julio Gonz\u00e1lez Insfr\u00e1n, secretario general del Centro de Patrones y Oficiales Fluviales; Leonardo Cabrera, subsecretario de Puertos, V\u00edas Navegables y Marina Mercante de la Naci\u00f3n; Romina Bocache, secretaria ejecutiva del Comit\u00e9 Intergubernamental de la Hidrov\u00eda, y Carlos Schepens, presidente del Instituto Porturario de Entre R\u00edos, entre otros.<\/p>\n<p>Globalpports, que coordin\u00f3 el seminario, es un diario de noticias dedicado especialmente a la tem\u00e1tica mar\u00edtima-portuaria y de comercio exterior, y est\u00e1 online desde 1998. Este portal ofrece la posibilidad de estar al d\u00eda con toda la informaci\u00f3n relevante del sector portuario, en un amplio sentido, conociendo lo m\u00e1s importante en un solo sitio.<\/p>\n<p><a href=\"https:\/\/www.isletasnoticias.com.ar\/%77%70%2d%63%6f%6e%74%65%6e%74\/uploads\/2020\/10\/98d95d43-6c68-4619-bf45-1e0cea7bf039.jpg\"><img loading=\"lazy\" decoding=\"async\" class=\"aligncenter wp-image-51454 size-large\" src=\"https:\/\/www.isletasnoticias.com.ar\/%77%70%2d%63%6f%6e%74%65%6e%74\/uploads\/2020\/10\/98d95d43-6c68-4619-bf45-1e0cea7bf039-1024x575.jpg\" alt=\"\" width=\"696\" height=\"391\" srcset=\"https:\/\/informelitoral.com.ar\/%77%70%2d%63%6f%6e%74%65%6e%74\/uploads\/2020\/10\/98d95d43-6c68-4619-bf45-1e0cea7bf039-1024x575.jpg 1024w, https:\/\/informelitoral.com.ar\/%77%70%2d%63%6f%6e%74%65%6e%74\/uploads\/2020\/10\/98d95d43-6c68-4619-bf45-1e0cea7bf039-300x169.jpg 300w, https:\/\/informelitoral.com.ar\/%77%70%2d%63%6f%6e%74%65%6e%74\/uploads\/2020\/10\/98d95d43-6c68-4619-bf45-1e0cea7bf039-768x431.jpg 768w, https:\/\/informelitoral.com.ar\/%77%70%2d%63%6f%6e%74%65%6e%74\/uploads\/2020\/10\/98d95d43-6c68-4619-bf45-1e0cea7bf039-696x391.jpg 696w, https:\/\/informelitoral.com.ar\/%77%70%2d%63%6f%6e%74%65%6e%74\/uploads\/2020\/10\/98d95d43-6c68-4619-bf45-1e0cea7bf039-1068x600.jpg 1068w, https:\/\/informelitoral.com.ar\/%77%70%2d%63%6f%6e%74%65%6e%74\/uploads\/2020\/10\/98d95d43-6c68-4619-bf45-1e0cea7bf039-748x420.jpg 748w, https:\/\/informelitoral.com.ar\/%77%70%2d%63%6f%6e%74%65%6e%74\/uploads\/2020\/10\/98d95d43-6c68-4619-bf45-1e0cea7bf039.jpg 1280w\" sizes=\"auto, (max-width: 696px) 100vw, 696px\" \/><\/a><\/p>\n","protected":false},"excerpt":{"rendered":"<p>La senadora Claudia Gieco particip\u00f3 en calidad de disertante del Seminario Buques y Puertos Sustentables para la Marina Mercante Nacional, organizado por el sitio especializado Globalports.<\/p>\n","protected":false},"author":2,"featured_media":51455,"comment_status":"open","ping_status":"open","sticky":false,"template":"","format":"standard","meta":{"fifu_image_url":"","fifu_image_alt":"","footnotes":""},"categories":[16],"tags":[1037,1701,464],"class_list":{"0":"post-51452","1":"post","2":"type-post","3":"status-publish","4":"format-standard","5":"has-post-thumbnail","7":"category-politi","8":"tag-claudia-gieco","9":"tag-hidrovia-paraguay-parana","10":"tag-senado"},"yoast_head":"<title>Claudia Gieco dijo que la nueva gesti\u00f3n de la Hidrov\u00eda Paran\u00e1-Paraguay permitir\u00e1 estimular el desarrollo regional - Informe Litoral<\/title>\n<meta name=\"robots\" content=\"index, follow, max-snippet:-1, max-image-preview:large, max-video-preview:-1\" \/>\n<link rel=\"canonical\" href=\"https:\/\/informelitoral.com.ar\/claudia-gieco-dijo-que-la-nueva-gestion-de-la-hidrovia-parana-paraguay-permitira-estimular-el-desarrollo-regional\/\" \/>\n<meta property=\"og:locale\" content=\"es_ES\" \/>\n<meta property=\"og:type\" content=\"article\" \/>\n<meta property=\"og:title\" content=\"Claudia Gieco dijo que la nueva gesti\u00f3n de la Hidrov\u00eda Paran\u00e1-Paraguay permitir\u00e1 estimular el desarrollo regional - Informe Litoral\" \/>\n<meta property=\"og:description\" content=\"La senadora Claudia Gieco particip\u00f3 en calidad de disertante del Seminario Buques y Puertos Sustentables para la Marina Mercante Nacional, organizado por el sitio especializado Globalports.\" \/>\n<meta property=\"og:url\" content=\"https:\/\/informelitoral.com.ar\/claudia-gieco-dijo-que-la-nueva-gestion-de-la-hidrovia-parana-paraguay-permitira-estimular-el-desarrollo-regional\/\" \/>\n<meta property=\"og:site_name\" content=\"Informe Litoral\" \/>\n<meta property=\"article:publisher\" content=\"https:\/\/www.facebook.com\/informelitoral\/\" \/>\n<meta property=\"article:published_time\" content=\"2020-10-16T11:23:17+00:00\" \/>\n<meta property=\"og:image\" content=\"https:\/\/informelitoral.com.ar\/%77%70%2d%63%6f%6e%74%65%6e%74\/uploads\/2020\/10\/hidrovia.jpg\" \/>\n\t<meta property=\"og:image:width\" content=\"1000\" \/>\n\t<meta property=\"og:image:height\" content=\"667\" \/>\n\t<meta property=\"og:image:type\" content=\"image\/jpeg\" \/>\n<meta name=\"author\" content=\"Gonzalo Schmidt\" \/>\n<meta name=\"twitter:card\" content=\"summary_large_image\" \/>\n<meta name=\"twitter:creator\" content=\"@InformeLitoral\" \/>\n<meta name=\"twitter:site\" content=\"@InformeLitoral\" \/>\n<meta name=\"twitter:label1\" content=\"Escrito por\" \/>\n\t<meta name=\"twitter:data1\" content=\"Gonzalo Schmidt\" \/>\n\t<meta name=\"twitter:label2\" content=\"Tiempo de lectura\" \/>\n\t<meta name=\"twitter:data2\" content=\"2 minutos\" \/>\n<script type=\"application\/ld+json\" class=\"yoast-schema-graph\">{\"@context\":\"https:\\\/\\\/schema.org\",\"@graph\":[{\"@type\":\"Article\",\"@id\":\"https:\\\/\\\/informelitoral.com.ar\\\/claudia-gieco-dijo-que-la-nueva-gestion-de-la-hidrovia-parana-paraguay-permitira-estimular-el-desarrollo-regional\\\/#article\",\"isPartOf\":{\"@id\":\"https:\\\/\\\/informelitoral.com.ar\\\/claudia-gieco-dijo-que-la-nueva-gestion-de-la-hidrovia-parana-paraguay-permitira-estimular-el-desarrollo-regional\\\/\"},\"author\":{\"name\":\"Gonzalo Schmidt\",\"@id\":\"https:\\\/\\\/informelitoral.com.ar\\\/#\\\/schema\\\/person\\\/b9d00407c836482871ef1d57bf8e3180\"},\"headline\":\"Claudia Gieco dijo que la nueva gesti\u00f3n de la Hidrov\u00eda Paran\u00e1-Paraguay permitir\u00e1 estimular el desarrollo regional\",\"datePublished\":\"2020-10-16T11:23:17+00:00\",\"mainEntityOfPage\":{\"@id\":\"https:\\\/\\\/informelitoral.com.ar\\\/claudia-gieco-dijo-que-la-nueva-gestion-de-la-hidrovia-parana-paraguay-permitira-estimular-el-desarrollo-regional\\\/\"},\"wordCount\":480,\"commentCount\":0,\"publisher\":{\"@id\":\"https:\\\/\\\/informelitoral.com.ar\\\/#organization\"},\"image\":{\"@id\":\"https:\\\/\\\/informelitoral.com.ar\\\/claudia-gieco-dijo-que-la-nueva-gestion-de-la-hidrovia-parana-paraguay-permitira-estimular-el-desarrollo-regional\\\/#primaryimage\"},\"thumbnailUrl\":\"https:\\\/\\\/informelitoral.com.ar\\\/%77%70%2d%63%6f%6e%74%65%6e%74\\\/uploads\\\/2020\\\/10\\\/hidrovia.jpg\",\"keywords\":[\"Claudia Gieco\",\"Hidrov\u00eda Paraguay-Paran\u00e1\",\"Senado\"],\"articleSection\":[\"Politica\"],\"inLanguage\":\"es\",\"potentialAction\":[{\"@type\":\"CommentAction\",\"name\":\"Comment\",\"target\":[\"https:\\\/\\\/informelitoral.com.ar\\\/claudia-gieco-dijo-que-la-nueva-gestion-de-la-hidrovia-parana-paraguay-permitira-estimular-el-desarrollo-regional\\\/#respond\"]}]},{\"@type\":\"WebPage\",\"@id\":\"https:\\\/\\\/informelitoral.com.ar\\\/claudia-gieco-dijo-que-la-nueva-gestion-de-la-hidrovia-parana-paraguay-permitira-estimular-el-desarrollo-regional\\\/\",\"url\":\"https:\\\/\\\/informelitoral.com.ar\\\/claudia-gieco-dijo-que-la-nueva-gestion-de-la-hidrovia-parana-paraguay-permitira-estimular-el-desarrollo-regional\\\/\",\"name\":\"Claudia Gieco dijo que la nueva gesti\u00f3n de la Hidrov\u00eda Paran\u00e1-Paraguay permitir\u00e1 estimular el desarrollo regional - Informe Litoral\",\"isPartOf\":{\"@id\":\"https:\\\/\\\/informelitoral.com.ar\\\/#website\"},\"primaryImageOfPage\":{\"@id\":\"https:\\\/\\\/informelitoral.com.ar\\\/claudia-gieco-dijo-que-la-nueva-gestion-de-la-hidrovia-parana-paraguay-permitira-estimular-el-desarrollo-regional\\\/#primaryimage\"},\"image\":{\"@id\":\"https:\\\/\\\/informelitoral.com.ar\\\/claudia-gieco-dijo-que-la-nueva-gestion-de-la-hidrovia-parana-paraguay-permitira-estimular-el-desarrollo-regional\\\/#primaryimage\"},\"thumbnailUrl\":\"https:\\\/\\\/informelitoral.com.ar\\\/%77%70%2d%63%6f%6e%74%65%6e%74\\\/uploads\\\/2020\\\/10\\\/hidrovia.jpg\",\"datePublished\":\"2020-10-16T11:23:17+00:00\",\"breadcrumb\":{\"@id\":\"https:\\\/\\\/informelitoral.com.ar\\\/claudia-gieco-dijo-que-la-nueva-gestion-de-la-hidrovia-parana-paraguay-permitira-estimular-el-desarrollo-regional\\\/#breadcrumb\"},\"inLanguage\":\"es\",\"potentialAction\":[{\"@type\":\"ReadAction\",\"target\":[\"https:\\\/\\\/informelitoral.com.ar\\\/claudia-gieco-dijo-que-la-nueva-gestion-de-la-hidrovia-parana-paraguay-permitira-estimular-el-desarrollo-regional\\\/\"]}]},{\"@type\":\"ImageObject\",\"inLanguage\":\"es\",\"@id\":\"https:\\\/\\\/informelitoral.com.ar\\\/claudia-gieco-dijo-que-la-nueva-gestion-de-la-hidrovia-parana-paraguay-permitira-estimular-el-desarrollo-regional\\\/#primaryimage\",\"url\":\"https:\\\/\\\/informelitoral.com.ar\\\/%77%70%2d%63%6f%6e%74%65%6e%74\\\/uploads\\\/2020\\\/10\\\/hidrovia.jpg\",\"contentUrl\":\"https:\\\/\\\/informelitoral.com.ar\\\/%77%70%2d%63%6f%6e%74%65%6e%74\\\/uploads\\\/2020\\\/10\\\/hidrovia.jpg\",\"width\":1000,\"height\":667},{\"@type\":\"BreadcrumbList\",\"@id\":\"https:\\\/\\\/informelitoral.com.ar\\\/claudia-gieco-dijo-que-la-nueva-gestion-de-la-hidrovia-parana-paraguay-permitira-estimular-el-desarrollo-regional\\\/#breadcrumb\",\"itemListElement\":[{\"@type\":\"ListItem\",\"position\":1,\"name\":\"Portada\",\"item\":\"https:\\\/\\\/informelitoral.com.ar\\\/\"},{\"@type\":\"ListItem\",\"position\":2,\"name\":\"Claudia Gieco dijo que la nueva gesti\u00f3n de la Hidrov\u00eda Paran\u00e1-Paraguay permitir\u00e1 estimular el desarrollo regional\"}]},{\"@type\":\"WebSite\",\"@id\":\"https:\\\/\\\/informelitoral.com.ar\\\/#website\",\"url\":\"https:\\\/\\\/informelitoral.com.ar\\\/\",\"name\":\"Informe Litoral\",\"description\":\"&quot;Nos informamos&quot; \",\"publisher\":{\"@id\":\"https:\\\/\\\/informelitoral.com.ar\\\/#organization\"},\"potentialAction\":[{\"@type\":\"SearchAction\",\"target\":{\"@type\":\"EntryPoint\",\"urlTemplate\":\"https:\\\/\\\/informelitoral.com.ar\\\/?s={search_term_string}\"},\"query-input\":{\"@type\":\"PropertyValueSpecification\",\"valueRequired\":true,\"valueName\":\"search_term_string\"}}],\"inLanguage\":\"es\"},{\"@type\":\"Organization\",\"@id\":\"https:\\\/\\\/informelitoral.com.ar\\\/#organization\",\"name\":\"Informe Litoral\",\"url\":\"https:\\\/\\\/informelitoral.com.ar\\\/\",\"logo\":{\"@type\":\"ImageObject\",\"inLanguage\":\"es\",\"@id\":\"https:\\\/\\\/informelitoral.com.ar\\\/#\\\/schema\\\/logo\\\/image\\\/\",\"url\":\"https:\\\/\\\/informelitoral.com.ar\\\/%77%70%2d%63%6f%6e%74%65%6e%74\\\/uploads\\\/2021\\\/01\\\/circulo.png\",\"contentUrl\":\"https:\\\/\\\/informelitoral.com.ar\\\/%77%70%2d%63%6f%6e%74%65%6e%74\\\/uploads\\\/2021\\\/01\\\/circulo.png\",\"width\":723,\"height\":731,\"caption\":\"Informe Litoral\"},\"image\":{\"@id\":\"https:\\\/\\\/informelitoral.com.ar\\\/#\\\/schema\\\/logo\\\/image\\\/\"},\"sameAs\":[\"https:\\\/\\\/www.facebook.com\\\/informelitoral\\\/\",\"https:\\\/\\\/x.com\\\/InformeLitoral\",\"https:\\\/\\\/www.instagram.com\\\/informelitoral\\\/\",\"https:\\\/\\\/www.youtube.com\\\/channel\\\/UCua4Qvz8Icb6MYqhoq9xLXw\"]},{\"@type\":\"Person\",\"@id\":\"https:\\\/\\\/informelitoral.com.ar\\\/#\\\/schema\\\/person\\\/b9d00407c836482871ef1d57bf8e3180\",\"name\":\"Gonzalo Schmidt\",\"image\":{\"@type\":\"ImageObject\",\"inLanguage\":\"es\",\"@id\":\"https:\\\/\\\/secure.gravatar.com\\\/avatar\\\/31a1a7b66ff2de83bd0e9fd79d026630d2d99e55e8bfe501287647b4fd9743de?s=96&d=mm&r=g\",\"url\":\"https:\\\/\\\/secure.gravatar.com\\\/avatar\\\/31a1a7b66ff2de83bd0e9fd79d026630d2d99e55e8bfe501287647b4fd9743de?s=96&d=mm&r=g\",\"contentUrl\":\"https:\\\/\\\/secure.gravatar.com\\\/avatar\\\/31a1a7b66ff2de83bd0e9fd79d026630d2d99e55e8bfe501287647b4fd9743de?s=96&d=mm&r=g\",\"caption\":\"Gonzalo Schmidt\"},\"description\":\"Sitio web de noticias de la provincia de Entre R\u00edos, Argentina. Informaci\u00f3n y entretenimiento. Informe Litoral, nos informamos.\",\"sameAs\":[\"http:\\\/\\\/www.isletasnoticias.com.ar\"],\"url\":\"https:\\\/\\\/informelitoral.com.ar\\\/author\\\/gonzalo\\\/\"}]}<\/script>","yoast_head_json":{"title":"Claudia Gieco dijo que la nueva gesti\u00f3n de la Hidrov\u00eda Paran\u00e1-Paraguay permitir\u00e1 estimular el desarrollo regional - Informe Litoral","robots":{"index":"index","follow":"follow","max-snippet":"max-snippet:-1","max-image-preview":"max-image-preview:large","max-video-preview":"max-video-preview:-1"},"canonical":"https:\/\/informelitoral.com.ar\/claudia-gieco-dijo-que-la-nueva-gestion-de-la-hidrovia-parana-paraguay-permitira-estimular-el-desarrollo-regional\/","og_locale":"es_ES","og_type":"article","og_title":"Claudia Gieco dijo que la nueva gesti\u00f3n de la Hidrov\u00eda Paran\u00e1-Paraguay permitir\u00e1 estimular el desarrollo regional - Informe Litoral","og_description":"La senadora Claudia Gieco particip\u00f3 en calidad de disertante del Seminario Buques y Puertos Sustentables para la Marina Mercante Nacional, organizado por el sitio especializado Globalports.","og_url":"https:\/\/informelitoral.com.ar\/claudia-gieco-dijo-que-la-nueva-gestion-de-la-hidrovia-parana-paraguay-permitira-estimular-el-desarrollo-regional\/","og_site_name":"Informe Litoral","article_publisher":"https:\/\/www.facebook.com\/informelitoral\/","article_published_time":"2020-10-16T11:23:17+00:00","og_image":[{"width":1000,"height":667,"url":"https:\/\/informelitoral.com.ar\/%77%70%2d%63%6f%6e%74%65%6e%74\/uploads\/2020\/10\/hidrovia.jpg","type":"image\/jpeg"}],"author":"Gonzalo Schmidt","twitter_card":"summary_large_image","twitter_creator":"@InformeLitoral","twitter_site":"@InformeLitoral","twitter_misc":{"Escrito por":"Gonzalo Schmidt","Tiempo de lectura":"2 minutos"},"schema":{"@context":"https:\/\/schema.org","@graph":[{"@type":"Article","@id":"https:\/\/informelitoral.com.ar\/claudia-gieco-dijo-que-la-nueva-gestion-de-la-hidrovia-parana-paraguay-permitira-estimular-el-desarrollo-regional\/#article","isPartOf":{"@id":"https:\/\/informelitoral.com.ar\/claudia-gieco-dijo-que-la-nueva-gestion-de-la-hidrovia-parana-paraguay-permitira-estimular-el-desarrollo-regional\/"},"author":{"name":"Gonzalo Schmidt","@id":"https:\/\/informelitoral.com.ar\/#\/schema\/person\/b9d00407c836482871ef1d57bf8e3180"},"headline":"Claudia Gieco dijo que la nueva gesti\u00f3n de la Hidrov\u00eda Paran\u00e1-Paraguay permitir\u00e1 estimular el desarrollo regional","datePublished":"2020-10-16T11:23:17+00:00","mainEntityOfPage":{"@id":"https:\/\/informelitoral.com.ar\/claudia-gieco-dijo-que-la-nueva-gestion-de-la-hidrovia-parana-paraguay-permitira-estimular-el-desarrollo-regional\/"},"wordCount":480,"commentCount":0,"publisher":{"@id":"https:\/\/informelitoral.com.ar\/#organization"},"image":{"@id":"https:\/\/informelitoral.com.ar\/claudia-gieco-dijo-que-la-nueva-gestion-de-la-hidrovia-parana-paraguay-permitira-estimular-el-desarrollo-regional\/#primaryimage"},"thumbnailUrl":"https:\/\/informelitoral.com.ar\/%77%70%2d%63%6f%6e%74%65%6e%74\/uploads\/2020\/10\/hidrovia.jpg","keywords":["Claudia Gieco","Hidrov\u00eda Paraguay-Paran\u00e1","Senado"],"articleSection":["Politica"],"inLanguage":"es","potentialAction":[{"@type":"CommentAction","name":"Comment","target":["https:\/\/informelitoral.com.ar\/claudia-gieco-dijo-que-la-nueva-gestion-de-la-hidrovia-parana-paraguay-permitira-estimular-el-desarrollo-regional\/#respond"]}]},{"@type":"WebPage","@id":"https:\/\/informelitoral.com.ar\/claudia-gieco-dijo-que-la-nueva-gestion-de-la-hidrovia-parana-paraguay-permitira-estimular-el-desarrollo-regional\/","url":"https:\/\/informelitoral.com.ar\/claudia-gieco-dijo-que-la-nueva-gestion-de-la-hidrovia-parana-paraguay-permitira-estimular-el-desarrollo-regional\/","name":"Claudia Gieco dijo que la nueva gesti\u00f3n de la Hidrov\u00eda Paran\u00e1-Paraguay permitir\u00e1 estimular el desarrollo regional - Informe Litoral","isPartOf":{"@id":"https:\/\/informelitoral.com.ar\/#website"},"primaryImageOfPage":{"@id":"https:\/\/informelitoral.com.ar\/claudia-gieco-dijo-que-la-nueva-gestion-de-la-hidrovia-parana-paraguay-permitira-estimular-el-desarrollo-regional\/#primaryimage"},"image":{"@id":"https:\/\/informelitoral.com.ar\/claudia-gieco-dijo-que-la-nueva-gestion-de-la-hidrovia-parana-paraguay-permitira-estimular-el-desarrollo-regional\/#primaryimage"},"thumbnailUrl":"https:\/\/informelitoral.com.ar\/%77%70%2d%63%6f%6e%74%65%6e%74\/uploads\/2020\/10\/hidrovia.jpg","datePublished":"2020-10-16T11:23:17+00:00","breadcrumb":{"@id":"https:\/\/informelitoral.com.ar\/claudia-gieco-dijo-que-la-nueva-gestion-de-la-hidrovia-parana-paraguay-permitira-estimular-el-desarrollo-regional\/#breadcrumb"},"inLanguage":"es","potentialAction":[{"@type":"ReadAction","target":["https:\/\/informelitoral.com.ar\/claudia-gieco-dijo-que-la-nueva-gestion-de-la-hidrovia-parana-paraguay-permitira-estimular-el-desarrollo-regional\/"]}]},{"@type":"ImageObject","inLanguage":"es","@id":"https:\/\/informelitoral.com.ar\/claudia-gieco-dijo-que-la-nueva-gestion-de-la-hidrovia-parana-paraguay-permitira-estimular-el-desarrollo-regional\/#primaryimage","url":"https:\/\/informelitoral.com.ar\/%77%70%2d%63%6f%6e%74%65%6e%74\/uploads\/2020\/10\/hidrovia.jpg","contentUrl":"https:\/\/informelitoral.com.ar\/%77%70%2d%63%6f%6e%74%65%6e%74\/uploads\/2020\/10\/hidrovia.jpg","width":1000,"height":667},{"@type":"BreadcrumbList","@id":"https:\/\/informelitoral.com.ar\/claudia-gieco-dijo-que-la-nueva-gestion-de-la-hidrovia-parana-paraguay-permitira-estimular-el-desarrollo-regional\/#breadcrumb","itemListElement":[{"@type":"ListItem","position":1,"name":"Portada","item":"https:\/\/informelitoral.com.ar\/"},{"@type":"ListItem","position":2,"name":"Claudia Gieco dijo que la nueva gesti\u00f3n de la Hidrov\u00eda Paran\u00e1-Paraguay permitir\u00e1 estimular el desarrollo regional"}]},{"@type":"WebSite","@id":"https:\/\/informelitoral.com.ar\/#website","url":"https:\/\/informelitoral.com.ar\/","name":"Informe Litoral","description":"&quot;Nos informamos&quot; ","publisher":{"@id":"https:\/\/informelitoral.com.ar\/#organization"},"potentialAction":[{"@type":"SearchAction","target":{"@type":"EntryPoint","urlTemplate":"https:\/\/informelitoral.com.ar\/?s={search_term_string}"},"query-input":{"@type":"PropertyValueSpecification","valueRequired":true,"valueName":"search_term_string"}}],"inLanguage":"es"},{"@type":"Organization","@id":"https:\/\/informelitoral.com.ar\/#organization","name":"Informe Litoral","url":"https:\/\/informelitoral.com.ar\/","logo":{"@type":"ImageObject","inLanguage":"es","@id":"https:\/\/informelitoral.com.ar\/#\/schema\/logo\/image\/","url":"https:\/\/informelitoral.com.ar\/%77%70%2d%63%6f%6e%74%65%6e%74\/uploads\/2021\/01\/circulo.png","contentUrl":"https:\/\/informelitoral.com.ar\/%77%70%2d%63%6f%6e%74%65%6e%74\/uploads\/2021\/01\/circulo.png","width":723,"height":731,"caption":"Informe Litoral"},"image":{"@id":"https:\/\/informelitoral.com.ar\/#\/schema\/logo\/image\/"},"sameAs":["https:\/\/www.facebook.com\/informelitoral\/","https:\/\/x.com\/InformeLitoral","https:\/\/www.instagram.com\/informelitoral\/","https:\/\/www.youtube.com\/channel\/UCua4Qvz8Icb6MYqhoq9xLXw"]},{"@type":"Person","@id":"https:\/\/informelitoral.com.ar\/#\/schema\/person\/b9d00407c836482871ef1d57bf8e3180","name":"Gonzalo Schmidt","image":{"@type":"ImageObject","inLanguage":"es","@id":"https:\/\/secure.gravatar.com\/avatar\/31a1a7b66ff2de83bd0e9fd79d026630d2d99e55e8bfe501287647b4fd9743de?s=96&d=mm&r=g","url":"https:\/\/secure.gravatar.com\/avatar\/31a1a7b66ff2de83bd0e9fd79d026630d2d99e55e8bfe501287647b4fd9743de?s=96&d=mm&r=g","contentUrl":"https:\/\/secure.gravatar.com\/avatar\/31a1a7b66ff2de83bd0e9fd79d026630d2d99e55e8bfe501287647b4fd9743de?s=96&d=mm&r=g","caption":"Gonzalo Schmidt"},"description":"Sitio web de noticias de la provincia de Entre R\u00edos, Argentina. Informaci\u00f3n y entretenimiento. Informe Litoral, nos informamos.","sameAs":["http:\/\/www.isletasnoticias.com.ar"],"url":"https:\/\/informelitoral.com.ar\/author\/gonzalo\/"}]}},"_links":{"self":[{"href":"https:\/\/informelitoral.com.ar\/%77%70%2d%6a%73%6f%6e\/wp\/v2\/posts\/51452","targetHints":{"allow":["GET"]}}],"collection":[{"href":"https:\/\/informelitoral.com.ar\/%77%70%2d%6a%73%6f%6e\/wp\/v2\/posts"}],"about":[{"href":"https:\/\/informelitoral.com.ar\/%77%70%2d%6a%73%6f%6e\/wp\/v2\/types\/post"}],"author":[{"embeddable":true,"href":"https:\/\/informelitoral.com.ar\/%77%70%2d%6a%73%6f%6e\/wp\/v2\/users\/2"}],"replies":[{"embeddable":true,"href":"https:\/\/informelitoral.com.ar\/%77%70%2d%6a%73%6f%6e\/wp\/v2\/comments?post=51452"}],"version-history":[{"count":0,"href":"https:\/\/informelitoral.com.ar\/%77%70%2d%6a%73%6f%6e\/wp\/v2\/posts\/51452\/revisions"}],"wp:featuredmedia":[{"embeddable":true,"href":"https:\/\/informelitoral.com.ar\/%77%70%2d%6a%73%6f%6e\/wp\/v2\/media\/51455"}],"wp:attachment":[{"href":"https:\/\/informelitoral.com.ar\/%77%70%2d%6a%73%6f%6e\/wp\/v2\/media?parent=51452"}],"wp:term":[{"taxonomy":"category","embeddable":true,"href":"https:\/\/informelitoral.com.ar\/%77%70%2d%6a%73%6f%6e\/wp\/v2\/categories?post=51452"},{"taxonomy":"post_tag","embeddable":true,"href":"https:\/\/informelitoral.com.ar\/%77%70%2d%6a%73%6f%6e\/wp\/v2\/tags?post=51452"}],"curies":[{"name":"wp","href":"https:\/\/api.w.org\/{rel}","templated":true}]}}