{"id":51198,"date":"2020-10-09T22:37:06","date_gmt":"2020-10-10T01:37:06","guid":{"rendered":"https:\/\/www.isletasnoticias.com.ar\/?p=51198"},"modified":"2020-10-09T22:37:06","modified_gmt":"2020-10-10T01:37:06","slug":"entre-rios-no-esta-entre-las-provincias-donde-se-restringira-la-circulacion","status":"publish","type":"post","link":"https:\/\/informelitoral.com.ar\/entre-rios-no-esta-entre-las-provincias-donde-se-restringira-la-circulacion\/","title":{"rendered":"Entre R\u00edos no est\u00e1 entre las provincias donde se restringir\u00e1 la circulaci\u00f3n"},"content":{"rendered":"<p>El presidente\u00a0<strong>Alberto Fern\u00e1ndez<\/strong>\u00a0comunic\u00f3 una nueva extensi\u00f3n de la cuarentena, haciendo principal foco en los crecientes contagios que se advierten desde algunas semanas en el interior del pa\u00eds.<\/p>\n<p>\u201cTenemos que restringir la circulaci\u00f3n. Tenemos que evitar al m\u00e1ximo las reuniones sociales. Durante los pr\u00f3ximos 14 d\u00edas, en departamentos de 18 provincias del interior del pa\u00eds, vamos a tomar estas medidas que garanticen la circulaci\u00f3n en las calles. Va a tener vigencia hasta el 25 de octubre\u201d, anunci\u00f3 el Presidente.<\/p>\n<p><a href=\"https:\/\/www.isletasnoticias.com.ar\/%77%70%2d%63%6f%6e%74%65%6e%74\/uploads\/2020\/10\/Captura-de-pantalla-1362-e1602286212774-780x470-1.png\"><img loading=\"lazy\" decoding=\"async\" class=\"aligncenter wp-image-51199 size-full\" src=\"https:\/\/www.isletasnoticias.com.ar\/%77%70%2d%63%6f%6e%74%65%6e%74\/uploads\/2020\/10\/Captura-de-pantalla-1362-e1602286212774-780x470-1.png\" alt=\"\" width=\"780\" height=\"470\" srcset=\"https:\/\/informelitoral.com.ar\/%77%70%2d%63%6f%6e%74%65%6e%74\/uploads\/2020\/10\/Captura-de-pantalla-1362-e1602286212774-780x470-1.png 780w, https:\/\/informelitoral.com.ar\/%77%70%2d%63%6f%6e%74%65%6e%74\/uploads\/2020\/10\/Captura-de-pantalla-1362-e1602286212774-780x470-1-300x181.png 300w, https:\/\/informelitoral.com.ar\/%77%70%2d%63%6f%6e%74%65%6e%74\/uploads\/2020\/10\/Captura-de-pantalla-1362-e1602286212774-780x470-1-768x463.png 768w, https:\/\/informelitoral.com.ar\/%77%70%2d%63%6f%6e%74%65%6e%74\/uploads\/2020\/10\/Captura-de-pantalla-1362-e1602286212774-780x470-1-696x419.png 696w, https:\/\/informelitoral.com.ar\/%77%70%2d%63%6f%6e%74%65%6e%74\/uploads\/2020\/10\/Captura-de-pantalla-1362-e1602286212774-780x470-1-697x420.png 697w\" sizes=\"auto, (max-width: 780px) 100vw, 780px\" \/><\/a><\/p>\n<p>Las restricciones ser\u00e1n para las ciudades m\u00e1s comprometidas de 18 provincias, entre las cuales no estar\u00e1n\u00a0<strong>Entre R\u00edos<\/strong>, Corrientes, Misiones, La Pampa, Formosa y Catamarca.<\/p>\n<p>La restricci\u00f3n de la circulaci\u00f3n se aplicar\u00e1 a departamentos y ciudades de las provincias de Chaco, Chubut, Buenos Aires, R\u00edo Negro, Neuqu\u00e9n, Jujuy, Salta, Tucum\u00e1n, C\u00f3rdoba, La Rioja, Mendoza, Santa Cruz, Tierra del Fuego, Santiago del Estero, Santa Fe, San Juan y San Luis y a la Ciudad de Buenos Aires. No obstante,<strong>\u00a0a\u00fan resta difundirse cu\u00e1les son las jurisdicciones alcanzadas.<\/strong><\/p>\n<p>\u201cEl gobierno nacional hizo un enorme trabajo con cada gobierno provincial.\u00a0<strong>Eso nos permiti\u00f3 poder llegar al momento de enfrentar la pandemia con la suficiente atenci\u00f3n m\u00e9dica y sanitaria que el contexto requer\u00eda.\u00a0<\/strong>Ha pasado mucho tiempo, trabajamos mucho todos juntos en este tiempo, garantizamos la atenci\u00f3n sanitaria, inmenso fue el esfuerzo del personal de salud. Todos y todas trabajando muy cerca para poder enfrentar el problema\u201d, sostuvo el mandatario, seg\u00fan reprodujo <em>Entremediosweb.\u00a0<\/em><\/p>\n","protected":false},"excerpt":{"rendered":"<p>El Presidente anunci\u00f3 que restringir\u00e1n la circulaci\u00f3n en departamentos de 18 provincias de la Argentina hasta el 25 de octubre.<\/p>\n","protected":false},"author":2,"featured_media":44793,"comment_status":"open","ping_status":"open","sticky":false,"template":"","format":"standard","meta":{"fifu_image_url":"","fifu_image_alt":"","footnotes":""},"categories":[6,16],"tags":[1311,1426,1481,81],"class_list":{"0":"post-51198","1":"post","2":"type-post","3":"status-publish","4":"format-standard","5":"has-post-thumbnail","7":"category-entre-rios","8":"category-politi","9":"tag-alberto-fernandez","10":"tag-coronavirus","11":"tag-covid-19","12":"tag-entre-rios"},"yoast_head":"<title>Entre R\u00edos no est\u00e1 entre las provincias donde se restringir\u00e1 la circulaci\u00f3n - Informe Litoral<\/title>\n<meta name=\"robots\" content=\"index, follow, max-snippet:-1, max-image-preview:large, max-video-preview:-1\" \/>\n<link rel=\"canonical\" href=\"https:\/\/informelitoral.com.ar\/entre-rios-no-esta-entre-las-provincias-donde-se-restringira-la-circulacion\/\" \/>\n<meta property=\"og:locale\" content=\"es_ES\" \/>\n<meta property=\"og:type\" content=\"article\" \/>\n<meta property=\"og:title\" content=\"Entre R\u00edos no est\u00e1 entre las provincias donde se restringir\u00e1 la circulaci\u00f3n - Informe Litoral\" \/>\n<meta property=\"og:description\" content=\"El Presidente anunci\u00f3 que restringir\u00e1n la circulaci\u00f3n en departamentos de 18 provincias de la Argentina hasta el 25 de octubre.\" \/>\n<meta property=\"og:url\" content=\"https:\/\/informelitoral.com.ar\/entre-rios-no-esta-entre-las-provincias-donde-se-restringira-la-circulacion\/\" \/>\n<meta property=\"og:site_name\" content=\"Informe Litoral\" \/>\n<meta property=\"article:publisher\" content=\"https:\/\/www.facebook.com\/informelitoral\/\" \/>\n<meta property=\"article:published_time\" content=\"2020-10-10T01:37:06+00:00\" \/>\n<meta property=\"og:image\" content=\"https:\/\/informelitoral.com.ar\/%77%70%2d%63%6f%6e%74%65%6e%74\/uploads\/2020\/06\/controles.jpg\" \/>\n\t<meta property=\"og:image:width\" content=\"561\" \/>\n\t<meta property=\"og:image:height\" content=\"466\" \/>\n\t<meta property=\"og:image:type\" content=\"image\/jpeg\" \/>\n<meta name=\"author\" content=\"Gonzalo Schmidt\" \/>\n<meta name=\"twitter:card\" content=\"summary_large_image\" \/>\n<meta name=\"twitter:creator\" content=\"@InformeLitoral\" \/>\n<meta name=\"twitter:site\" content=\"@InformeLitoral\" \/>\n<meta name=\"twitter:label1\" content=\"Escrito por\" \/>\n\t<meta name=\"twitter:data1\" content=\"Gonzalo Schmidt\" \/>\n\t<meta name=\"twitter:label2\" content=\"Tiempo de lectura\" \/>\n\t<meta name=\"twitter:data2\" content=\"1 minuto\" \/>\n<script type=\"application\/ld+json\" class=\"yoast-schema-graph\">{\"@context\":\"https:\\\/\\\/schema.org\",\"@graph\":[{\"@type\":\"Article\",\"@id\":\"https:\\\/\\\/informelitoral.com.ar\\\/entre-rios-no-esta-entre-las-provincias-donde-se-restringira-la-circulacion\\\/#article\",\"isPartOf\":{\"@id\":\"https:\\\/\\\/informelitoral.com.ar\\\/entre-rios-no-esta-entre-las-provincias-donde-se-restringira-la-circulacion\\\/\"},\"author\":{\"name\":\"Gonzalo Schmidt\",\"@id\":\"https:\\\/\\\/informelitoral.com.ar\\\/#\\\/schema\\\/person\\\/b9d00407c836482871ef1d57bf8e3180\"},\"headline\":\"Entre R\u00edos no est\u00e1 entre las provincias donde se restringir\u00e1 la circulaci\u00f3n\",\"datePublished\":\"2020-10-10T01:37:06+00:00\",\"mainEntityOfPage\":{\"@id\":\"https:\\\/\\\/informelitoral.com.ar\\\/entre-rios-no-esta-entre-las-provincias-donde-se-restringira-la-circulacion\\\/\"},\"wordCount\":275,\"commentCount\":0,\"publisher\":{\"@id\":\"https:\\\/\\\/informelitoral.com.ar\\\/#organization\"},\"image\":{\"@id\":\"https:\\\/\\\/informelitoral.com.ar\\\/entre-rios-no-esta-entre-las-provincias-donde-se-restringira-la-circulacion\\\/#primaryimage\"},\"thumbnailUrl\":\"https:\\\/\\\/informelitoral.com.ar\\\/%77%70%2d%63%6f%6e%74%65%6e%74\\\/uploads\\\/2020\\\/06\\\/controles.jpg\",\"keywords\":[\"Alberto Fern\u00e1ndez\",\"Coronavirus\",\"COVID-19\",\"Entre R\u00edos\"],\"articleSection\":[\"Entre R\u00edos\",\"Politica\"],\"inLanguage\":\"es\",\"potentialAction\":[{\"@type\":\"CommentAction\",\"name\":\"Comment\",\"target\":[\"https:\\\/\\\/informelitoral.com.ar\\\/entre-rios-no-esta-entre-las-provincias-donde-se-restringira-la-circulacion\\\/#respond\"]}]},{\"@type\":\"WebPage\",\"@id\":\"https:\\\/\\\/informelitoral.com.ar\\\/entre-rios-no-esta-entre-las-provincias-donde-se-restringira-la-circulacion\\\/\",\"url\":\"https:\\\/\\\/informelitoral.com.ar\\\/entre-rios-no-esta-entre-las-provincias-donde-se-restringira-la-circulacion\\\/\",\"name\":\"Entre R\u00edos no est\u00e1 entre las provincias donde se restringir\u00e1 la circulaci\u00f3n - Informe Litoral\",\"isPartOf\":{\"@id\":\"https:\\\/\\\/informelitoral.com.ar\\\/#website\"},\"primaryImageOfPage\":{\"@id\":\"https:\\\/\\\/informelitoral.com.ar\\\/entre-rios-no-esta-entre-las-provincias-donde-se-restringira-la-circulacion\\\/#primaryimage\"},\"image\":{\"@id\":\"https:\\\/\\\/informelitoral.com.ar\\\/entre-rios-no-esta-entre-las-provincias-donde-se-restringira-la-circulacion\\\/#primaryimage\"},\"thumbnailUrl\":\"https:\\\/\\\/informelitoral.com.ar\\\/%77%70%2d%63%6f%6e%74%65%6e%74\\\/uploads\\\/2020\\\/06\\\/controles.jpg\",\"datePublished\":\"2020-10-10T01:37:06+00:00\",\"breadcrumb\":{\"@id\":\"https:\\\/\\\/informelitoral.com.ar\\\/entre-rios-no-esta-entre-las-provincias-donde-se-restringira-la-circulacion\\\/#breadcrumb\"},\"inLanguage\":\"es\",\"potentialAction\":[{\"@type\":\"ReadAction\",\"target\":[\"https:\\\/\\\/informelitoral.com.ar\\\/entre-rios-no-esta-entre-las-provincias-donde-se-restringira-la-circulacion\\\/\"]}]},{\"@type\":\"ImageObject\",\"inLanguage\":\"es\",\"@id\":\"https:\\\/\\\/informelitoral.com.ar\\\/entre-rios-no-esta-entre-las-provincias-donde-se-restringira-la-circulacion\\\/#primaryimage\",\"url\":\"https:\\\/\\\/informelitoral.com.ar\\\/%77%70%2d%63%6f%6e%74%65%6e%74\\\/uploads\\\/2020\\\/06\\\/controles.jpg\",\"contentUrl\":\"https:\\\/\\\/informelitoral.com.ar\\\/%77%70%2d%63%6f%6e%74%65%6e%74\\\/uploads\\\/2020\\\/06\\\/controles.jpg\",\"width\":561,\"height\":466},{\"@type\":\"BreadcrumbList\",\"@id\":\"https:\\\/\\\/informelitoral.com.ar\\\/entre-rios-no-esta-entre-las-provincias-donde-se-restringira-la-circulacion\\\/#breadcrumb\",\"itemListElement\":[{\"@type\":\"ListItem\",\"position\":1,\"name\":\"Portada\",\"item\":\"https:\\\/\\\/informelitoral.com.ar\\\/\"},{\"@type\":\"ListItem\",\"position\":2,\"name\":\"Entre R\u00edos no est\u00e1 entre las provincias donde se restringir\u00e1 la circulaci\u00f3n\"}]},{\"@type\":\"WebSite\",\"@id\":\"https:\\\/\\\/informelitoral.com.ar\\\/#website\",\"url\":\"https:\\\/\\\/informelitoral.com.ar\\\/\",\"name\":\"Informe Litoral\",\"description\":\"&quot;Nos informamos&quot; \",\"publisher\":{\"@id\":\"https:\\\/\\\/informelitoral.com.ar\\\/#organization\"},\"potentialAction\":[{\"@type\":\"SearchAction\",\"target\":{\"@type\":\"EntryPoint\",\"urlTemplate\":\"https:\\\/\\\/informelitoral.com.ar\\\/?s={search_term_string}\"},\"query-input\":{\"@type\":\"PropertyValueSpecification\",\"valueRequired\":true,\"valueName\":\"search_term_string\"}}],\"inLanguage\":\"es\"},{\"@type\":\"Organization\",\"@id\":\"https:\\\/\\\/informelitoral.com.ar\\\/#organization\",\"name\":\"Informe Litoral\",\"url\":\"https:\\\/\\\/informelitoral.com.ar\\\/\",\"logo\":{\"@type\":\"ImageObject\",\"inLanguage\":\"es\",\"@id\":\"https:\\\/\\\/informelitoral.com.ar\\\/#\\\/schema\\\/logo\\\/image\\\/\",\"url\":\"https:\\\/\\\/informelitoral.com.ar\\\/%77%70%2d%63%6f%6e%74%65%6e%74\\\/uploads\\\/2021\\\/01\\\/circulo.png\",\"contentUrl\":\"https:\\\/\\\/informelitoral.com.ar\\\/%77%70%2d%63%6f%6e%74%65%6e%74\\\/uploads\\\/2021\\\/01\\\/circulo.png\",\"width\":723,\"height\":731,\"caption\":\"Informe Litoral\"},\"image\":{\"@id\":\"https:\\\/\\\/informelitoral.com.ar\\\/#\\\/schema\\\/logo\\\/image\\\/\"},\"sameAs\":[\"https:\\\/\\\/www.facebook.com\\\/informelitoral\\\/\",\"https:\\\/\\\/x.com\\\/InformeLitoral\",\"https:\\\/\\\/www.instagram.com\\\/informelitoral\\\/\",\"https:\\\/\\\/www.youtube.com\\\/channel\\\/UCua4Qvz8Icb6MYqhoq9xLXw\"]},{\"@type\":\"Person\",\"@id\":\"https:\\\/\\\/informelitoral.com.ar\\\/#\\\/schema\\\/person\\\/b9d00407c836482871ef1d57bf8e3180\",\"name\":\"Gonzalo Schmidt\",\"image\":{\"@type\":\"ImageObject\",\"inLanguage\":\"es\",\"@id\":\"https:\\\/\\\/secure.gravatar.com\\\/avatar\\\/31a1a7b66ff2de83bd0e9fd79d026630d2d99e55e8bfe501287647b4fd9743de?s=96&d=mm&r=g\",\"url\":\"https:\\\/\\\/secure.gravatar.com\\\/avatar\\\/31a1a7b66ff2de83bd0e9fd79d026630d2d99e55e8bfe501287647b4fd9743de?s=96&d=mm&r=g\",\"contentUrl\":\"https:\\\/\\\/secure.gravatar.com\\\/avatar\\\/31a1a7b66ff2de83bd0e9fd79d026630d2d99e55e8bfe501287647b4fd9743de?s=96&d=mm&r=g\",\"caption\":\"Gonzalo Schmidt\"},\"description\":\"Sitio web de noticias de la provincia de Entre R\u00edos, Argentina. Informaci\u00f3n y entretenimiento. Informe Litoral, nos informamos.\",\"sameAs\":[\"http:\\\/\\\/www.isletasnoticias.com.ar\"],\"url\":\"https:\\\/\\\/informelitoral.com.ar\\\/author\\\/gonzalo\\\/\"}]}<\/script>","yoast_head_json":{"title":"Entre R\u00edos no est\u00e1 entre las provincias donde se restringir\u00e1 la circulaci\u00f3n - Informe Litoral","robots":{"index":"index","follow":"follow","max-snippet":"max-snippet:-1","max-image-preview":"max-image-preview:large","max-video-preview":"max-video-preview:-1"},"canonical":"https:\/\/informelitoral.com.ar\/entre-rios-no-esta-entre-las-provincias-donde-se-restringira-la-circulacion\/","og_locale":"es_ES","og_type":"article","og_title":"Entre R\u00edos no est\u00e1 entre las provincias donde se restringir\u00e1 la circulaci\u00f3n - Informe Litoral","og_description":"El Presidente anunci\u00f3 que restringir\u00e1n la circulaci\u00f3n en departamentos de 18 provincias de la Argentina hasta el 25 de octubre.","og_url":"https:\/\/informelitoral.com.ar\/entre-rios-no-esta-entre-las-provincias-donde-se-restringira-la-circulacion\/","og_site_name":"Informe Litoral","article_publisher":"https:\/\/www.facebook.com\/informelitoral\/","article_published_time":"2020-10-10T01:37:06+00:00","og_image":[{"width":561,"height":466,"url":"https:\/\/informelitoral.com.ar\/%77%70%2d%63%6f%6e%74%65%6e%74\/uploads\/2020\/06\/controles.jpg","type":"image\/jpeg"}],"author":"Gonzalo Schmidt","twitter_card":"summary_large_image","twitter_creator":"@InformeLitoral","twitter_site":"@InformeLitoral","twitter_misc":{"Escrito por":"Gonzalo Schmidt","Tiempo de lectura":"1 minuto"},"schema":{"@context":"https:\/\/schema.org","@graph":[{"@type":"Article","@id":"https:\/\/informelitoral.com.ar\/entre-rios-no-esta-entre-las-provincias-donde-se-restringira-la-circulacion\/#article","isPartOf":{"@id":"https:\/\/informelitoral.com.ar\/entre-rios-no-esta-entre-las-provincias-donde-se-restringira-la-circulacion\/"},"author":{"name":"Gonzalo Schmidt","@id":"https:\/\/informelitoral.com.ar\/#\/schema\/person\/b9d00407c836482871ef1d57bf8e3180"},"headline":"Entre R\u00edos no est\u00e1 entre las provincias donde se restringir\u00e1 la circulaci\u00f3n","datePublished":"2020-10-10T01:37:06+00:00","mainEntityOfPage":{"@id":"https:\/\/informelitoral.com.ar\/entre-rios-no-esta-entre-las-provincias-donde-se-restringira-la-circulacion\/"},"wordCount":275,"commentCount":0,"publisher":{"@id":"https:\/\/informelitoral.com.ar\/#organization"},"image":{"@id":"https:\/\/informelitoral.com.ar\/entre-rios-no-esta-entre-las-provincias-donde-se-restringira-la-circulacion\/#primaryimage"},"thumbnailUrl":"https:\/\/informelitoral.com.ar\/%77%70%2d%63%6f%6e%74%65%6e%74\/uploads\/2020\/06\/controles.jpg","keywords":["Alberto Fern\u00e1ndez","Coronavirus","COVID-19","Entre R\u00edos"],"articleSection":["Entre R\u00edos","Politica"],"inLanguage":"es","potentialAction":[{"@type":"CommentAction","name":"Comment","target":["https:\/\/informelitoral.com.ar\/entre-rios-no-esta-entre-las-provincias-donde-se-restringira-la-circulacion\/#respond"]}]},{"@type":"WebPage","@id":"https:\/\/informelitoral.com.ar\/entre-rios-no-esta-entre-las-provincias-donde-se-restringira-la-circulacion\/","url":"https:\/\/informelitoral.com.ar\/entre-rios-no-esta-entre-las-provincias-donde-se-restringira-la-circulacion\/","name":"Entre R\u00edos no est\u00e1 entre las provincias donde se restringir\u00e1 la circulaci\u00f3n - Informe Litoral","isPartOf":{"@id":"https:\/\/informelitoral.com.ar\/#website"},"primaryImageOfPage":{"@id":"https:\/\/informelitoral.com.ar\/entre-rios-no-esta-entre-las-provincias-donde-se-restringira-la-circulacion\/#primaryimage"},"image":{"@id":"https:\/\/informelitoral.com.ar\/entre-rios-no-esta-entre-las-provincias-donde-se-restringira-la-circulacion\/#primaryimage"},"thumbnailUrl":"https:\/\/informelitoral.com.ar\/%77%70%2d%63%6f%6e%74%65%6e%74\/uploads\/2020\/06\/controles.jpg","datePublished":"2020-10-10T01:37:06+00:00","breadcrumb":{"@id":"https:\/\/informelitoral.com.ar\/entre-rios-no-esta-entre-las-provincias-donde-se-restringira-la-circulacion\/#breadcrumb"},"inLanguage":"es","potentialAction":[{"@type":"ReadAction","target":["https:\/\/informelitoral.com.ar\/entre-rios-no-esta-entre-las-provincias-donde-se-restringira-la-circulacion\/"]}]},{"@type":"ImageObject","inLanguage":"es","@id":"https:\/\/informelitoral.com.ar\/entre-rios-no-esta-entre-las-provincias-donde-se-restringira-la-circulacion\/#primaryimage","url":"https:\/\/informelitoral.com.ar\/%77%70%2d%63%6f%6e%74%65%6e%74\/uploads\/2020\/06\/controles.jpg","contentUrl":"https:\/\/informelitoral.com.ar\/%77%70%2d%63%6f%6e%74%65%6e%74\/uploads\/2020\/06\/controles.jpg","width":561,"height":466},{"@type":"BreadcrumbList","@id":"https:\/\/informelitoral.com.ar\/entre-rios-no-esta-entre-las-provincias-donde-se-restringira-la-circulacion\/#breadcrumb","itemListElement":[{"@type":"ListItem","position":1,"name":"Portada","item":"https:\/\/informelitoral.com.ar\/"},{"@type":"ListItem","position":2,"name":"Entre R\u00edos no est\u00e1 entre las provincias donde se restringir\u00e1 la circulaci\u00f3n"}]},{"@type":"WebSite","@id":"https:\/\/informelitoral.com.ar\/#website","url":"https:\/\/informelitoral.com.ar\/","name":"Informe Litoral","description":"&quot;Nos informamos&quot; ","publisher":{"@id":"https:\/\/informelitoral.com.ar\/#organization"},"potentialAction":[{"@type":"SearchAction","target":{"@type":"EntryPoint","urlTemplate":"https:\/\/informelitoral.com.ar\/?s={search_term_string}"},"query-input":{"@type":"PropertyValueSpecification","valueRequired":true,"valueName":"search_term_string"}}],"inLanguage":"es"},{"@type":"Organization","@id":"https:\/\/informelitoral.com.ar\/#organization","name":"Informe Litoral","url":"https:\/\/informelitoral.com.ar\/","logo":{"@type":"ImageObject","inLanguage":"es","@id":"https:\/\/informelitoral.com.ar\/#\/schema\/logo\/image\/","url":"https:\/\/informelitoral.com.ar\/%77%70%2d%63%6f%6e%74%65%6e%74\/uploads\/2021\/01\/circulo.png","contentUrl":"https:\/\/informelitoral.com.ar\/%77%70%2d%63%6f%6e%74%65%6e%74\/uploads\/2021\/01\/circulo.png","width":723,"height":731,"caption":"Informe Litoral"},"image":{"@id":"https:\/\/informelitoral.com.ar\/#\/schema\/logo\/image\/"},"sameAs":["https:\/\/www.facebook.com\/informelitoral\/","https:\/\/x.com\/InformeLitoral","https:\/\/www.instagram.com\/informelitoral\/","https:\/\/www.youtube.com\/channel\/UCua4Qvz8Icb6MYqhoq9xLXw"]},{"@type":"Person","@id":"https:\/\/informelitoral.com.ar\/#\/schema\/person\/b9d00407c836482871ef1d57bf8e3180","name":"Gonzalo Schmidt","image":{"@type":"ImageObject","inLanguage":"es","@id":"https:\/\/secure.gravatar.com\/avatar\/31a1a7b66ff2de83bd0e9fd79d026630d2d99e55e8bfe501287647b4fd9743de?s=96&d=mm&r=g","url":"https:\/\/secure.gravatar.com\/avatar\/31a1a7b66ff2de83bd0e9fd79d026630d2d99e55e8bfe501287647b4fd9743de?s=96&d=mm&r=g","contentUrl":"https:\/\/secure.gravatar.com\/avatar\/31a1a7b66ff2de83bd0e9fd79d026630d2d99e55e8bfe501287647b4fd9743de?s=96&d=mm&r=g","caption":"Gonzalo Schmidt"},"description":"Sitio web de noticias de la provincia de Entre R\u00edos, Argentina. Informaci\u00f3n y entretenimiento. Informe Litoral, nos informamos.","sameAs":["http:\/\/www.isletasnoticias.com.ar"],"url":"https:\/\/informelitoral.com.ar\/author\/gonzalo\/"}]}},"_links":{"self":[{"href":"https:\/\/informelitoral.com.ar\/%77%70%2d%6a%73%6f%6e\/wp\/v2\/posts\/51198","targetHints":{"allow":["GET"]}}],"collection":[{"href":"https:\/\/informelitoral.com.ar\/%77%70%2d%6a%73%6f%6e\/wp\/v2\/posts"}],"about":[{"href":"https:\/\/informelitoral.com.ar\/%77%70%2d%6a%73%6f%6e\/wp\/v2\/types\/post"}],"author":[{"embeddable":true,"href":"https:\/\/informelitoral.com.ar\/%77%70%2d%6a%73%6f%6e\/wp\/v2\/users\/2"}],"replies":[{"embeddable":true,"href":"https:\/\/informelitoral.com.ar\/%77%70%2d%6a%73%6f%6e\/wp\/v2\/comments?post=51198"}],"version-history":[{"count":0,"href":"https:\/\/informelitoral.com.ar\/%77%70%2d%6a%73%6f%6e\/wp\/v2\/posts\/51198\/revisions"}],"wp:featuredmedia":[{"embeddable":true,"href":"https:\/\/informelitoral.com.ar\/%77%70%2d%6a%73%6f%6e\/wp\/v2\/media\/44793"}],"wp:attachment":[{"href":"https:\/\/informelitoral.com.ar\/%77%70%2d%6a%73%6f%6e\/wp\/v2\/media?parent=51198"}],"wp:term":[{"taxonomy":"category","embeddable":true,"href":"https:\/\/informelitoral.com.ar\/%77%70%2d%6a%73%6f%6e\/wp\/v2\/categories?post=51198"},{"taxonomy":"post_tag","embeddable":true,"href":"https:\/\/informelitoral.com.ar\/%77%70%2d%6a%73%6f%6e\/wp\/v2\/tags?post=51198"}],"curies":[{"name":"wp","href":"https:\/\/api.w.org\/{rel}","templated":true}]}}