{"id":51185,"date":"2020-10-09T19:15:04","date_gmt":"2020-10-09T22:15:04","guid":{"rendered":"https:\/\/www.isletasnoticias.com.ar\/?p=51185"},"modified":"2020-10-09T19:16:17","modified_gmt":"2020-10-09T22:16:17","slug":"incendio-de-grandes-dimensiones-amenaza-una-plantacion-y-convoca-a-bomberos-de-tres-ciudades","status":"publish","type":"post","link":"https:\/\/informelitoral.com.ar\/incendio-de-grandes-dimensiones-amenaza-una-plantacion-y-convoca-a-bomberos-de-tres-ciudades\/","title":{"rendered":"Incendio de grandes dimensiones amenaza una plantaci\u00f3n y convoca a bomberos de tres ciudades"},"content":{"rendered":"<p>Ubicado al sur del Departamento Col\u00f3n, un establecimiento rural de Colonia San Anselmo se vio afectado por el fuego a partir de un foco \u00edgneo iniciado aparentemente en horas del mediod\u00eda, por causas que se desconocen.<\/p>\n<p>Desde la hora 14 en que fue convocado, Bomberos Voluntarios Col\u00f3n trabaja en el lugar con tres dotaciones que representan un total de 12 efectivos luchando contra las llamas, las cuales amenazan como avanzar sobre una plantaci\u00f3n de pinos en un campo privado.<\/p>\n<p>De acuerdo a lo informado desde la guardia del cuartel\u00a0la dimensi\u00f3n del incendio motiv\u00f3 la activaci\u00f3n de un protocolo en el marco de la Regional N\u00ba 4 de la Federaci\u00f3n Entrerriana de Asociaciones de Bomberos Voluntarios, que significar\u00e1 la pronta intervenci\u00f3n -en apoyo- de dotaciones provenientes de San Jos\u00e9 y Villa Elisa.<\/p>\n<p>La propagaci\u00f3n del fuego hizo que el incendio y el humo pudieran visualizarse a varios kil\u00f3metros del lugar -lo que inmediatamente comenz\u00f3 a viralizarse en las redes sociales-, incluso desde la ciudad uruguaya de Paysand\u00fa, ubicada frente a Col\u00f3n, r\u00edo Uruguay mediante.<\/p>\n<p>(Fuente: elentrerios.com)<\/p>\n","protected":false},"excerpt":{"rendered":"<p>Ubicado al sur del Departamento Col&oacute;n, un establecimiento rural de Colonia San Anselmo se vio afectado por el fuego a partir de un foco &iacute;gneo iniciado aparentemente en horas del mediod&iacute;a, por causas que se desconocen. Desde la hora 14 en que fue convocado, Bomberos Voluntarios Col&oacute;n trabaja en el lugar con tres dotaciones que [&hellip;]<\/p>\n","protected":false},"author":8,"featured_media":51186,"comment_status":"open","ping_status":"open","sticky":false,"template":"","format":"standard","meta":{"fifu_image_url":"","fifu_image_alt":"","footnotes":""},"categories":[6],"tags":[1782,509,1928,1918],"class_list":{"0":"post-51185","1":"post","2":"type-post","3":"status-publish","4":"format-standard","5":"has-post-thumbnail","7":"category-entre-rios","8":"tag-bomberos","9":"tag-incendio","10":"tag-incendio-rural","11":"tag-quema"},"yoast_head":"<title>Incendio de grandes dimensiones amenaza una plantaci\u00f3n y convoca a bomberos de tres ciudades - Informe Litoral<\/title>\n<meta name=\"robots\" content=\"index, follow, max-snippet:-1, max-image-preview:large, max-video-preview:-1\" \/>\n<link rel=\"canonical\" href=\"https:\/\/informelitoral.com.ar\/incendio-de-grandes-dimensiones-amenaza-una-plantacion-y-convoca-a-bomberos-de-tres-ciudades\/\" \/>\n<meta property=\"og:locale\" content=\"es_ES\" \/>\n<meta property=\"og:type\" content=\"article\" \/>\n<meta property=\"og:title\" content=\"Incendio de grandes dimensiones amenaza una plantaci\u00f3n y convoca a bomberos de tres ciudades - Informe Litoral\" \/>\n<meta property=\"og:description\" content=\"Ubicado al sur del Departamento Col&oacute;n, un establecimiento rural de Colonia San Anselmo se vio afectado por el fuego a partir de un foco &iacute;gneo iniciado aparentemente en horas del mediod&iacute;a, por causas que se desconocen. Desde la hora 14 en que fue convocado, Bomberos Voluntarios Col&oacute;n trabaja en el lugar con tres dotaciones que [&hellip;]\" \/>\n<meta property=\"og:url\" content=\"https:\/\/informelitoral.com.ar\/incendio-de-grandes-dimensiones-amenaza-una-plantacion-y-convoca-a-bomberos-de-tres-ciudades\/\" \/>\n<meta property=\"og:site_name\" content=\"Informe Litoral\" \/>\n<meta property=\"article:publisher\" content=\"https:\/\/www.facebook.com\/informelitoral\/\" \/>\n<meta property=\"article:published_time\" content=\"2020-10-09T22:15:04+00:00\" \/>\n<meta property=\"article:modified_time\" content=\"2020-10-09T22:16:17+00:00\" \/>\n<meta property=\"og:image\" content=\"https:\/\/informelitoral.com.ar\/%77%70%2d%63%6f%6e%74%65%6e%74\/uploads\/2020\/10\/incendio.jpg\" \/>\n\t<meta property=\"og:image:width\" content=\"870\" \/>\n\t<meta property=\"og:image:height\" content=\"580\" \/>\n\t<meta property=\"og:image:type\" content=\"image\/jpeg\" \/>\n<meta name=\"author\" content=\"Sebastian\" \/>\n<meta name=\"twitter:card\" content=\"summary_large_image\" \/>\n<meta name=\"twitter:creator\" content=\"@InformeLitoral\" \/>\n<meta name=\"twitter:site\" content=\"@InformeLitoral\" \/>\n<meta name=\"twitter:label1\" content=\"Escrito por\" \/>\n\t<meta name=\"twitter:data1\" content=\"Sebastian\" \/>\n\t<meta name=\"twitter:label2\" content=\"Tiempo de lectura\" \/>\n\t<meta name=\"twitter:data2\" content=\"1 minuto\" \/>\n<script type=\"application\/ld+json\" class=\"yoast-schema-graph\">{\"@context\":\"https:\\\/\\\/schema.org\",\"@graph\":[{\"@type\":\"Article\",\"@id\":\"https:\\\/\\\/informelitoral.com.ar\\\/incendio-de-grandes-dimensiones-amenaza-una-plantacion-y-convoca-a-bomberos-de-tres-ciudades\\\/#article\",\"isPartOf\":{\"@id\":\"https:\\\/\\\/informelitoral.com.ar\\\/incendio-de-grandes-dimensiones-amenaza-una-plantacion-y-convoca-a-bomberos-de-tres-ciudades\\\/\"},\"author\":{\"name\":\"Sebastian\",\"@id\":\"https:\\\/\\\/informelitoral.com.ar\\\/#\\\/schema\\\/person\\\/f05f9f461677119578717524b127d6d5\"},\"headline\":\"Incendio de grandes dimensiones amenaza una plantaci\u00f3n y convoca a bomberos de tres ciudades\",\"datePublished\":\"2020-10-09T22:15:04+00:00\",\"dateModified\":\"2020-10-09T22:16:17+00:00\",\"mainEntityOfPage\":{\"@id\":\"https:\\\/\\\/informelitoral.com.ar\\\/incendio-de-grandes-dimensiones-amenaza-una-plantacion-y-convoca-a-bomberos-de-tres-ciudades\\\/\"},\"wordCount\":201,\"commentCount\":0,\"publisher\":{\"@id\":\"https:\\\/\\\/informelitoral.com.ar\\\/#organization\"},\"image\":{\"@id\":\"https:\\\/\\\/informelitoral.com.ar\\\/incendio-de-grandes-dimensiones-amenaza-una-plantacion-y-convoca-a-bomberos-de-tres-ciudades\\\/#primaryimage\"},\"thumbnailUrl\":\"https:\\\/\\\/informelitoral.com.ar\\\/%77%70%2d%63%6f%6e%74%65%6e%74\\\/uploads\\\/2020\\\/10\\\/incendio.jpg\",\"keywords\":[\"Bomberos\",\"Incendio\",\"Incendio Rural\",\"Quema\"],\"articleSection\":[\"Entre R\u00edos\"],\"inLanguage\":\"es\",\"potentialAction\":[{\"@type\":\"CommentAction\",\"name\":\"Comment\",\"target\":[\"https:\\\/\\\/informelitoral.com.ar\\\/incendio-de-grandes-dimensiones-amenaza-una-plantacion-y-convoca-a-bomberos-de-tres-ciudades\\\/#respond\"]}]},{\"@type\":\"WebPage\",\"@id\":\"https:\\\/\\\/informelitoral.com.ar\\\/incendio-de-grandes-dimensiones-amenaza-una-plantacion-y-convoca-a-bomberos-de-tres-ciudades\\\/\",\"url\":\"https:\\\/\\\/informelitoral.com.ar\\\/incendio-de-grandes-dimensiones-amenaza-una-plantacion-y-convoca-a-bomberos-de-tres-ciudades\\\/\",\"name\":\"Incendio de grandes dimensiones amenaza una plantaci\u00f3n y convoca a bomberos de tres ciudades - Informe Litoral\",\"isPartOf\":{\"@id\":\"https:\\\/\\\/informelitoral.com.ar\\\/#website\"},\"primaryImageOfPage\":{\"@id\":\"https:\\\/\\\/informelitoral.com.ar\\\/incendio-de-grandes-dimensiones-amenaza-una-plantacion-y-convoca-a-bomberos-de-tres-ciudades\\\/#primaryimage\"},\"image\":{\"@id\":\"https:\\\/\\\/informelitoral.com.ar\\\/incendio-de-grandes-dimensiones-amenaza-una-plantacion-y-convoca-a-bomberos-de-tres-ciudades\\\/#primaryimage\"},\"thumbnailUrl\":\"https:\\\/\\\/informelitoral.com.ar\\\/%77%70%2d%63%6f%6e%74%65%6e%74\\\/uploads\\\/2020\\\/10\\\/incendio.jpg\",\"datePublished\":\"2020-10-09T22:15:04+00:00\",\"dateModified\":\"2020-10-09T22:16:17+00:00\",\"breadcrumb\":{\"@id\":\"https:\\\/\\\/informelitoral.com.ar\\\/incendio-de-grandes-dimensiones-amenaza-una-plantacion-y-convoca-a-bomberos-de-tres-ciudades\\\/#breadcrumb\"},\"inLanguage\":\"es\",\"potentialAction\":[{\"@type\":\"ReadAction\",\"target\":[\"https:\\\/\\\/informelitoral.com.ar\\\/incendio-de-grandes-dimensiones-amenaza-una-plantacion-y-convoca-a-bomberos-de-tres-ciudades\\\/\"]}]},{\"@type\":\"ImageObject\",\"inLanguage\":\"es\",\"@id\":\"https:\\\/\\\/informelitoral.com.ar\\\/incendio-de-grandes-dimensiones-amenaza-una-plantacion-y-convoca-a-bomberos-de-tres-ciudades\\\/#primaryimage\",\"url\":\"https:\\\/\\\/informelitoral.com.ar\\\/%77%70%2d%63%6f%6e%74%65%6e%74\\\/uploads\\\/2020\\\/10\\\/incendio.jpg\",\"contentUrl\":\"https:\\\/\\\/informelitoral.com.ar\\\/%77%70%2d%63%6f%6e%74%65%6e%74\\\/uploads\\\/2020\\\/10\\\/incendio.jpg\",\"width\":870,\"height\":580},{\"@type\":\"BreadcrumbList\",\"@id\":\"https:\\\/\\\/informelitoral.com.ar\\\/incendio-de-grandes-dimensiones-amenaza-una-plantacion-y-convoca-a-bomberos-de-tres-ciudades\\\/#breadcrumb\",\"itemListElement\":[{\"@type\":\"ListItem\",\"position\":1,\"name\":\"Portada\",\"item\":\"https:\\\/\\\/informelitoral.com.ar\\\/\"},{\"@type\":\"ListItem\",\"position\":2,\"name\":\"Incendio de grandes dimensiones amenaza una plantaci\u00f3n y convoca a bomberos de tres ciudades\"}]},{\"@type\":\"WebSite\",\"@id\":\"https:\\\/\\\/informelitoral.com.ar\\\/#website\",\"url\":\"https:\\\/\\\/informelitoral.com.ar\\\/\",\"name\":\"Informe Litoral\",\"description\":\"&quot;Nos informamos&quot; \",\"publisher\":{\"@id\":\"https:\\\/\\\/informelitoral.com.ar\\\/#organization\"},\"potentialAction\":[{\"@type\":\"SearchAction\",\"target\":{\"@type\":\"EntryPoint\",\"urlTemplate\":\"https:\\\/\\\/informelitoral.com.ar\\\/?s={search_term_string}\"},\"query-input\":{\"@type\":\"PropertyValueSpecification\",\"valueRequired\":true,\"valueName\":\"search_term_string\"}}],\"inLanguage\":\"es\"},{\"@type\":\"Organization\",\"@id\":\"https:\\\/\\\/informelitoral.com.ar\\\/#organization\",\"name\":\"Informe Litoral\",\"url\":\"https:\\\/\\\/informelitoral.com.ar\\\/\",\"logo\":{\"@type\":\"ImageObject\",\"inLanguage\":\"es\",\"@id\":\"https:\\\/\\\/informelitoral.com.ar\\\/#\\\/schema\\\/logo\\\/image\\\/\",\"url\":\"https:\\\/\\\/informelitoral.com.ar\\\/%77%70%2d%63%6f%6e%74%65%6e%74\\\/uploads\\\/2021\\\/01\\\/circulo.png\",\"contentUrl\":\"https:\\\/\\\/informelitoral.com.ar\\\/%77%70%2d%63%6f%6e%74%65%6e%74\\\/uploads\\\/2021\\\/01\\\/circulo.png\",\"width\":723,\"height\":731,\"caption\":\"Informe Litoral\"},\"image\":{\"@id\":\"https:\\\/\\\/informelitoral.com.ar\\\/#\\\/schema\\\/logo\\\/image\\\/\"},\"sameAs\":[\"https:\\\/\\\/www.facebook.com\\\/informelitoral\\\/\",\"https:\\\/\\\/x.com\\\/InformeLitoral\",\"https:\\\/\\\/www.instagram.com\\\/informelitoral\\\/\",\"https:\\\/\\\/www.youtube.com\\\/channel\\\/UCua4Qvz8Icb6MYqhoq9xLXw\"]},{\"@type\":\"Person\",\"@id\":\"https:\\\/\\\/informelitoral.com.ar\\\/#\\\/schema\\\/person\\\/f05f9f461677119578717524b127d6d5\",\"name\":\"Sebastian\",\"image\":{\"@type\":\"ImageObject\",\"inLanguage\":\"es\",\"@id\":\"https:\\\/\\\/secure.gravatar.com\\\/avatar\\\/b71bf7481d447dfb9583c7f2798e7cc64de6efb9067b74633ed8c31059a3bd82?s=96&d=mm&r=g\",\"url\":\"https:\\\/\\\/secure.gravatar.com\\\/avatar\\\/b71bf7481d447dfb9583c7f2798e7cc64de6efb9067b74633ed8c31059a3bd82?s=96&d=mm&r=g\",\"contentUrl\":\"https:\\\/\\\/secure.gravatar.com\\\/avatar\\\/b71bf7481d447dfb9583c7f2798e7cc64de6efb9067b74633ed8c31059a3bd82?s=96&d=mm&r=g\",\"caption\":\"Sebastian\"},\"url\":\"https:\\\/\\\/informelitoral.com.ar\\\/author\\\/sebastian\\\/\"}]}<\/script>","yoast_head_json":{"title":"Incendio de grandes dimensiones amenaza una plantaci\u00f3n y convoca a bomberos de tres ciudades - Informe Litoral","robots":{"index":"index","follow":"follow","max-snippet":"max-snippet:-1","max-image-preview":"max-image-preview:large","max-video-preview":"max-video-preview:-1"},"canonical":"https:\/\/informelitoral.com.ar\/incendio-de-grandes-dimensiones-amenaza-una-plantacion-y-convoca-a-bomberos-de-tres-ciudades\/","og_locale":"es_ES","og_type":"article","og_title":"Incendio de grandes dimensiones amenaza una plantaci\u00f3n y convoca a bomberos de tres ciudades - Informe Litoral","og_description":"Ubicado al sur del Departamento Col&oacute;n, un establecimiento rural de Colonia San Anselmo se vio afectado por el fuego a partir de un foco &iacute;gneo iniciado aparentemente en horas del mediod&iacute;a, por causas que se desconocen. Desde la hora 14 en que fue convocado, Bomberos Voluntarios Col&oacute;n trabaja en el lugar con tres dotaciones que [&hellip;]","og_url":"https:\/\/informelitoral.com.ar\/incendio-de-grandes-dimensiones-amenaza-una-plantacion-y-convoca-a-bomberos-de-tres-ciudades\/","og_site_name":"Informe Litoral","article_publisher":"https:\/\/www.facebook.com\/informelitoral\/","article_published_time":"2020-10-09T22:15:04+00:00","article_modified_time":"2020-10-09T22:16:17+00:00","og_image":[{"width":870,"height":580,"url":"https:\/\/informelitoral.com.ar\/%77%70%2d%63%6f%6e%74%65%6e%74\/uploads\/2020\/10\/incendio.jpg","type":"image\/jpeg"}],"author":"Sebastian","twitter_card":"summary_large_image","twitter_creator":"@InformeLitoral","twitter_site":"@InformeLitoral","twitter_misc":{"Escrito por":"Sebastian","Tiempo de lectura":"1 minuto"},"schema":{"@context":"https:\/\/schema.org","@graph":[{"@type":"Article","@id":"https:\/\/informelitoral.com.ar\/incendio-de-grandes-dimensiones-amenaza-una-plantacion-y-convoca-a-bomberos-de-tres-ciudades\/#article","isPartOf":{"@id":"https:\/\/informelitoral.com.ar\/incendio-de-grandes-dimensiones-amenaza-una-plantacion-y-convoca-a-bomberos-de-tres-ciudades\/"},"author":{"name":"Sebastian","@id":"https:\/\/informelitoral.com.ar\/#\/schema\/person\/f05f9f461677119578717524b127d6d5"},"headline":"Incendio de grandes dimensiones amenaza una plantaci\u00f3n y convoca a bomberos de tres ciudades","datePublished":"2020-10-09T22:15:04+00:00","dateModified":"2020-10-09T22:16:17+00:00","mainEntityOfPage":{"@id":"https:\/\/informelitoral.com.ar\/incendio-de-grandes-dimensiones-amenaza-una-plantacion-y-convoca-a-bomberos-de-tres-ciudades\/"},"wordCount":201,"commentCount":0,"publisher":{"@id":"https:\/\/informelitoral.com.ar\/#organization"},"image":{"@id":"https:\/\/informelitoral.com.ar\/incendio-de-grandes-dimensiones-amenaza-una-plantacion-y-convoca-a-bomberos-de-tres-ciudades\/#primaryimage"},"thumbnailUrl":"https:\/\/informelitoral.com.ar\/%77%70%2d%63%6f%6e%74%65%6e%74\/uploads\/2020\/10\/incendio.jpg","keywords":["Bomberos","Incendio","Incendio Rural","Quema"],"articleSection":["Entre R\u00edos"],"inLanguage":"es","potentialAction":[{"@type":"CommentAction","name":"Comment","target":["https:\/\/informelitoral.com.ar\/incendio-de-grandes-dimensiones-amenaza-una-plantacion-y-convoca-a-bomberos-de-tres-ciudades\/#respond"]}]},{"@type":"WebPage","@id":"https:\/\/informelitoral.com.ar\/incendio-de-grandes-dimensiones-amenaza-una-plantacion-y-convoca-a-bomberos-de-tres-ciudades\/","url":"https:\/\/informelitoral.com.ar\/incendio-de-grandes-dimensiones-amenaza-una-plantacion-y-convoca-a-bomberos-de-tres-ciudades\/","name":"Incendio de grandes dimensiones amenaza una plantaci\u00f3n y convoca a bomberos de tres ciudades - Informe Litoral","isPartOf":{"@id":"https:\/\/informelitoral.com.ar\/#website"},"primaryImageOfPage":{"@id":"https:\/\/informelitoral.com.ar\/incendio-de-grandes-dimensiones-amenaza-una-plantacion-y-convoca-a-bomberos-de-tres-ciudades\/#primaryimage"},"image":{"@id":"https:\/\/informelitoral.com.ar\/incendio-de-grandes-dimensiones-amenaza-una-plantacion-y-convoca-a-bomberos-de-tres-ciudades\/#primaryimage"},"thumbnailUrl":"https:\/\/informelitoral.com.ar\/%77%70%2d%63%6f%6e%74%65%6e%74\/uploads\/2020\/10\/incendio.jpg","datePublished":"2020-10-09T22:15:04+00:00","dateModified":"2020-10-09T22:16:17+00:00","breadcrumb":{"@id":"https:\/\/informelitoral.com.ar\/incendio-de-grandes-dimensiones-amenaza-una-plantacion-y-convoca-a-bomberos-de-tres-ciudades\/#breadcrumb"},"inLanguage":"es","potentialAction":[{"@type":"ReadAction","target":["https:\/\/informelitoral.com.ar\/incendio-de-grandes-dimensiones-amenaza-una-plantacion-y-convoca-a-bomberos-de-tres-ciudades\/"]}]},{"@type":"ImageObject","inLanguage":"es","@id":"https:\/\/informelitoral.com.ar\/incendio-de-grandes-dimensiones-amenaza-una-plantacion-y-convoca-a-bomberos-de-tres-ciudades\/#primaryimage","url":"https:\/\/informelitoral.com.ar\/%77%70%2d%63%6f%6e%74%65%6e%74\/uploads\/2020\/10\/incendio.jpg","contentUrl":"https:\/\/informelitoral.com.ar\/%77%70%2d%63%6f%6e%74%65%6e%74\/uploads\/2020\/10\/incendio.jpg","width":870,"height":580},{"@type":"BreadcrumbList","@id":"https:\/\/informelitoral.com.ar\/incendio-de-grandes-dimensiones-amenaza-una-plantacion-y-convoca-a-bomberos-de-tres-ciudades\/#breadcrumb","itemListElement":[{"@type":"ListItem","position":1,"name":"Portada","item":"https:\/\/informelitoral.com.ar\/"},{"@type":"ListItem","position":2,"name":"Incendio de grandes dimensiones amenaza una plantaci\u00f3n y convoca a bomberos de tres ciudades"}]},{"@type":"WebSite","@id":"https:\/\/informelitoral.com.ar\/#website","url":"https:\/\/informelitoral.com.ar\/","name":"Informe Litoral","description":"&quot;Nos informamos&quot; ","publisher":{"@id":"https:\/\/informelitoral.com.ar\/#organization"},"potentialAction":[{"@type":"SearchAction","target":{"@type":"EntryPoint","urlTemplate":"https:\/\/informelitoral.com.ar\/?s={search_term_string}"},"query-input":{"@type":"PropertyValueSpecification","valueRequired":true,"valueName":"search_term_string"}}],"inLanguage":"es"},{"@type":"Organization","@id":"https:\/\/informelitoral.com.ar\/#organization","name":"Informe Litoral","url":"https:\/\/informelitoral.com.ar\/","logo":{"@type":"ImageObject","inLanguage":"es","@id":"https:\/\/informelitoral.com.ar\/#\/schema\/logo\/image\/","url":"https:\/\/informelitoral.com.ar\/%77%70%2d%63%6f%6e%74%65%6e%74\/uploads\/2021\/01\/circulo.png","contentUrl":"https:\/\/informelitoral.com.ar\/%77%70%2d%63%6f%6e%74%65%6e%74\/uploads\/2021\/01\/circulo.png","width":723,"height":731,"caption":"Informe Litoral"},"image":{"@id":"https:\/\/informelitoral.com.ar\/#\/schema\/logo\/image\/"},"sameAs":["https:\/\/www.facebook.com\/informelitoral\/","https:\/\/x.com\/InformeLitoral","https:\/\/www.instagram.com\/informelitoral\/","https:\/\/www.youtube.com\/channel\/UCua4Qvz8Icb6MYqhoq9xLXw"]},{"@type":"Person","@id":"https:\/\/informelitoral.com.ar\/#\/schema\/person\/f05f9f461677119578717524b127d6d5","name":"Sebastian","image":{"@type":"ImageObject","inLanguage":"es","@id":"https:\/\/secure.gravatar.com\/avatar\/b71bf7481d447dfb9583c7f2798e7cc64de6efb9067b74633ed8c31059a3bd82?s=96&d=mm&r=g","url":"https:\/\/secure.gravatar.com\/avatar\/b71bf7481d447dfb9583c7f2798e7cc64de6efb9067b74633ed8c31059a3bd82?s=96&d=mm&r=g","contentUrl":"https:\/\/secure.gravatar.com\/avatar\/b71bf7481d447dfb9583c7f2798e7cc64de6efb9067b74633ed8c31059a3bd82?s=96&d=mm&r=g","caption":"Sebastian"},"url":"https:\/\/informelitoral.com.ar\/author\/sebastian\/"}]}},"_links":{"self":[{"href":"https:\/\/informelitoral.com.ar\/%77%70%2d%6a%73%6f%6e\/wp\/v2\/posts\/51185","targetHints":{"allow":["GET"]}}],"collection":[{"href":"https:\/\/informelitoral.com.ar\/%77%70%2d%6a%73%6f%6e\/wp\/v2\/posts"}],"about":[{"href":"https:\/\/informelitoral.com.ar\/%77%70%2d%6a%73%6f%6e\/wp\/v2\/types\/post"}],"author":[{"embeddable":true,"href":"https:\/\/informelitoral.com.ar\/%77%70%2d%6a%73%6f%6e\/wp\/v2\/users\/8"}],"replies":[{"embeddable":true,"href":"https:\/\/informelitoral.com.ar\/%77%70%2d%6a%73%6f%6e\/wp\/v2\/comments?post=51185"}],"version-history":[{"count":0,"href":"https:\/\/informelitoral.com.ar\/%77%70%2d%6a%73%6f%6e\/wp\/v2\/posts\/51185\/revisions"}],"wp:featuredmedia":[{"embeddable":true,"href":"https:\/\/informelitoral.com.ar\/%77%70%2d%6a%73%6f%6e\/wp\/v2\/media\/51186"}],"wp:attachment":[{"href":"https:\/\/informelitoral.com.ar\/%77%70%2d%6a%73%6f%6e\/wp\/v2\/media?parent=51185"}],"wp:term":[{"taxonomy":"category","embeddable":true,"href":"https:\/\/informelitoral.com.ar\/%77%70%2d%6a%73%6f%6e\/wp\/v2\/categories?post=51185"},{"taxonomy":"post_tag","embeddable":true,"href":"https:\/\/informelitoral.com.ar\/%77%70%2d%6a%73%6f%6e\/wp\/v2\/tags?post=51185"}],"curies":[{"name":"wp","href":"https:\/\/api.w.org\/{rel}","templated":true}]}}