{"id":5084,"date":"2014-01-10T16:33:00","date_gmt":"2014-01-10T19:33:00","guid":{"rendered":"http:\/\/www.isletasnoticias.com.ar\/?p=5084"},"modified":"2014-01-10T16:33:00","modified_gmt":"2014-01-10T19:33:00","slug":"crecio-la-produccion-de-colza-en-entre-rios-pero-mermo-la-superficie-sembrada","status":"publish","type":"post","link":"https:\/\/informelitoral.com.ar\/crecio-la-produccion-de-colza-en-entre-rios-pero-mermo-la-superficie-sembrada\/","title":{"rendered":"Creci\u00f3 la producci\u00f3n de colza en Entre R\u00edos, pero merm\u00f3 la superficie sembrada"},"content":{"rendered":"<p><strong>La Bolsa de Cereales de Entre R\u00edos mediante su sistema de informaci\u00f3n agr\u00edcola report\u00f3 que a nivel provincial hubo una reducci\u00f3n del \u00e1rea implantada de colza del orden del 16%, pero que no tuvo un efecto negativo en la producci\u00f3n total debido a que el rendimiento promedio se situ\u00f3 en 1.042 kg\/ha versus 921 kg\/ha alcanzados el a\u00f1o pasado. Esto represent\u00f3 una variaci\u00f3n positiva del 13% que permiti\u00f3 elevar la producci\u00f3n total a pesar de la merma en la superficie.<\/strong><\/p>\n<p style=\"text-align: left;\"><a href=\"http:\/\/www.isletasnoticias.com.ar\/%77%70%2d%63%6f%6e%74%65%6e%74\/uploads\/2013\/03\/colzaaa.jpg\"><img loading=\"lazy\" decoding=\"async\" class=\"aligncenter  wp-image-315\" title=\"Foto: IN.\" alt=\"colzaaa\" src=\"http:\/\/www.isletasnoticias.com.ar\/%77%70%2d%63%6f%6e%74%65%6e%74\/uploads\/2013\/03\/colzaaa-300x225.jpg\" width=\"300\" height=\"225\" srcset=\"https:\/\/informelitoral.com.ar\/%77%70%2d%63%6f%6e%74%65%6e%74\/uploads\/2013\/03\/colzaaa-300x225.jpg 300w, https:\/\/informelitoral.com.ar\/%77%70%2d%63%6f%6e%74%65%6e%74\/uploads\/2013\/03\/colzaaa.jpg 960w\" sizes=\"auto, (max-width: 300px) 100vw, 300px\" \/><\/a>Los primeros lotes se implantaron a mediados del mes de abril, extendi\u00e9ndose las labores de siembra hasta los primeros d\u00edas del mes de junio. Hacia mediados de julio la condici\u00f3n general de la colza era de buena a muy buena en la casi totalidad de los lotes, visualiz\u00e1ndose en dicho momento la floraci\u00f3n temprana de algunas chacras.<\/p>\n<p style=\"text-align: justify;\">Seg\u00fan el SIBER, en agosto y setiembre (per\u00edodo en el cual se produjo la floraci\u00f3n y llenado de los granos), se registr\u00f3 una reducci\u00f3n de las precipitaciones y la ocurrencia de heladas que afectaron negativamente al cultivo generando aborto de flores, granos y el secado prematuro de plantas.<\/p>\n<p>Mediante un gr\u00e1fico, el SIBER resalt\u00f3 el umbral de 3\u00ba C, como el l\u00edmite por debajo del cual es factible que se generen heladas, ya que los sensores de temperatura de las centrales se encuentran al abrigo dentro de las casillas. Entre agosto y setiembre se detectaron 14 d\u00edas con la presencia de heladas, 5 de los cuales fueron de gran intensidad; siendo la m\u00e1s severa el 27 de agosto donde la m\u00ednima promedi\u00f3 -3,4 oC.<\/p>\n<p>La cosecha de los primeros lotes se realiz\u00f3 en la segunda quincena de octubre, finalizando las labores en la segunda quincena de noviembre. \u00abNo se detectaron p\u00e9rdidas significativas de hect\u00e1reas, aunque hubo rendimientos m\u00ednimos a nivel de lote que se ubicaron alrededor de 300 kg\/ha como resultado de una mala implantaci\u00f3n y el efecto de las escasas lluvias asociadas a fuertes heladas; mientras que los rindes m\u00e1ximos reportados se aproximaron a los 3.000 kg\/ha\u00bb se\u00f1ala el reporte de producci\u00f3n.<\/p>\n<p>El SIBER indica que los m\u00e1ximos rendimientos a nivel departamental se corresponden con: Tala, Uruguay y Gualeguaych\u00fa donde las precipitaciones posibilitaron una recarga mayor del perfil ed\u00e1fico con respecto al resto del territorio.<\/p>\n","protected":false},"excerpt":{"rendered":"<p>La Bolsa de Cereales de Entre R&iacute;os mediante su sistema de informaci&oacute;n agr&iacute;cola report&oacute; que a nivel provincial hubo una reducci&oacute;n del &aacute;rea implantada de colza del orden del 16%, pero que no tuvo un efecto negativo en la producci&oacute;n total debido a que el rendimiento promedio se situ&oacute; en 1.042 kg\/ha versus 921 kg\/ha [&hellip;]<\/p>\n","protected":false},"author":2,"featured_media":0,"comment_status":"open","ping_status":"open","sticky":false,"template":"","format":"standard","meta":{"fifu_image_url":"","fifu_image_alt":"","footnotes":""},"categories":[10],"tags":[],"class_list":{"0":"post-5084","1":"post","2":"type-post","3":"status-publish","4":"format-standard","6":"category-campo"},"yoast_head":"<title>Creci\u00f3 la producci\u00f3n de colza en Entre R\u00edos, pero merm\u00f3 la superficie sembrada - Informe Litoral<\/title>\n<meta name=\"robots\" content=\"index, follow, max-snippet:-1, max-image-preview:large, max-video-preview:-1\" \/>\n<link rel=\"canonical\" href=\"https:\/\/informelitoral.com.ar\/crecio-la-produccion-de-colza-en-entre-rios-pero-mermo-la-superficie-sembrada\/\" \/>\n<meta property=\"og:locale\" content=\"es_ES\" \/>\n<meta property=\"og:type\" content=\"article\" \/>\n<meta property=\"og:title\" content=\"Creci\u00f3 la producci\u00f3n de colza en Entre R\u00edos, pero merm\u00f3 la superficie sembrada - Informe Litoral\" \/>\n<meta property=\"og:description\" content=\"La Bolsa de Cereales de Entre R&iacute;os mediante su sistema de informaci&oacute;n agr&iacute;cola report&oacute; que a nivel provincial hubo una reducci&oacute;n del &aacute;rea implantada de colza del orden del 16%, pero que no tuvo un efecto negativo en la producci&oacute;n total debido a que el rendimiento promedio se situ&oacute; en 1.042 kg\/ha versus 921 kg\/ha [&hellip;]\" \/>\n<meta property=\"og:url\" content=\"https:\/\/informelitoral.com.ar\/crecio-la-produccion-de-colza-en-entre-rios-pero-mermo-la-superficie-sembrada\/\" \/>\n<meta property=\"og:site_name\" content=\"Informe Litoral\" \/>\n<meta property=\"article:publisher\" content=\"https:\/\/www.facebook.com\/informelitoral\/\" \/>\n<meta property=\"article:published_time\" content=\"2014-01-10T19:33:00+00:00\" \/>\n<meta property=\"og:image\" content=\"https:\/\/informelitoral.com.ar\/%77%70%2d%63%6f%6e%74%65%6e%74\/uploads\/2013\/03\/colzaaa.jpg\" \/>\n\t<meta property=\"og:image:width\" content=\"960\" \/>\n\t<meta property=\"og:image:height\" content=\"720\" \/>\n\t<meta property=\"og:image:type\" content=\"image\/jpeg\" \/>\n<meta name=\"author\" content=\"Gonzalo Schmidt\" \/>\n<meta name=\"twitter:card\" content=\"summary_large_image\" \/>\n<meta name=\"twitter:creator\" content=\"@InformeLitoral\" \/>\n<meta name=\"twitter:site\" content=\"@InformeLitoral\" \/>\n<meta name=\"twitter:label1\" content=\"Escrito por\" \/>\n\t<meta name=\"twitter:data1\" content=\"Gonzalo Schmidt\" \/>\n\t<meta name=\"twitter:label2\" content=\"Tiempo de lectura\" \/>\n\t<meta name=\"twitter:data2\" content=\"2 minutos\" \/>\n<script type=\"application\/ld+json\" class=\"yoast-schema-graph\">{\"@context\":\"https:\\\/\\\/schema.org\",\"@graph\":[{\"@type\":\"Article\",\"@id\":\"https:\\\/\\\/informelitoral.com.ar\\\/crecio-la-produccion-de-colza-en-entre-rios-pero-mermo-la-superficie-sembrada\\\/#article\",\"isPartOf\":{\"@id\":\"https:\\\/\\\/informelitoral.com.ar\\\/crecio-la-produccion-de-colza-en-entre-rios-pero-mermo-la-superficie-sembrada\\\/\"},\"author\":{\"name\":\"Gonzalo Schmidt\",\"@id\":\"https:\\\/\\\/informelitoral.com.ar\\\/#\\\/schema\\\/person\\\/b9d00407c836482871ef1d57bf8e3180\"},\"headline\":\"Creci\u00f3 la producci\u00f3n de colza en Entre R\u00edos, pero merm\u00f3 la superficie sembrada\",\"datePublished\":\"2014-01-10T19:33:00+00:00\",\"mainEntityOfPage\":{\"@id\":\"https:\\\/\\\/informelitoral.com.ar\\\/crecio-la-produccion-de-colza-en-entre-rios-pero-mermo-la-superficie-sembrada\\\/\"},\"wordCount\":413,\"commentCount\":0,\"publisher\":{\"@id\":\"https:\\\/\\\/informelitoral.com.ar\\\/#organization\"},\"image\":{\"@id\":\"https:\\\/\\\/informelitoral.com.ar\\\/crecio-la-produccion-de-colza-en-entre-rios-pero-mermo-la-superficie-sembrada\\\/#primaryimage\"},\"thumbnailUrl\":\"http:\\\/\\\/www.isletasnoticias.com.ar\\\/%77%70%2d%63%6f%6e%74%65%6e%74\\\/uploads\\\/2013\\\/03\\\/colzaaa-300x225.jpg\",\"articleSection\":[\"Campo\"],\"inLanguage\":\"es\",\"potentialAction\":[{\"@type\":\"CommentAction\",\"name\":\"Comment\",\"target\":[\"https:\\\/\\\/informelitoral.com.ar\\\/crecio-la-produccion-de-colza-en-entre-rios-pero-mermo-la-superficie-sembrada\\\/#respond\"]}]},{\"@type\":\"WebPage\",\"@id\":\"https:\\\/\\\/informelitoral.com.ar\\\/crecio-la-produccion-de-colza-en-entre-rios-pero-mermo-la-superficie-sembrada\\\/\",\"url\":\"https:\\\/\\\/informelitoral.com.ar\\\/crecio-la-produccion-de-colza-en-entre-rios-pero-mermo-la-superficie-sembrada\\\/\",\"name\":\"Creci\u00f3 la producci\u00f3n de colza en Entre R\u00edos, pero merm\u00f3 la superficie sembrada - Informe Litoral\",\"isPartOf\":{\"@id\":\"https:\\\/\\\/informelitoral.com.ar\\\/#website\"},\"primaryImageOfPage\":{\"@id\":\"https:\\\/\\\/informelitoral.com.ar\\\/crecio-la-produccion-de-colza-en-entre-rios-pero-mermo-la-superficie-sembrada\\\/#primaryimage\"},\"image\":{\"@id\":\"https:\\\/\\\/informelitoral.com.ar\\\/crecio-la-produccion-de-colza-en-entre-rios-pero-mermo-la-superficie-sembrada\\\/#primaryimage\"},\"thumbnailUrl\":\"http:\\\/\\\/www.isletasnoticias.com.ar\\\/%77%70%2d%63%6f%6e%74%65%6e%74\\\/uploads\\\/2013\\\/03\\\/colzaaa-300x225.jpg\",\"datePublished\":\"2014-01-10T19:33:00+00:00\",\"breadcrumb\":{\"@id\":\"https:\\\/\\\/informelitoral.com.ar\\\/crecio-la-produccion-de-colza-en-entre-rios-pero-mermo-la-superficie-sembrada\\\/#breadcrumb\"},\"inLanguage\":\"es\",\"potentialAction\":[{\"@type\":\"ReadAction\",\"target\":[\"https:\\\/\\\/informelitoral.com.ar\\\/crecio-la-produccion-de-colza-en-entre-rios-pero-mermo-la-superficie-sembrada\\\/\"]}]},{\"@type\":\"ImageObject\",\"inLanguage\":\"es\",\"@id\":\"https:\\\/\\\/informelitoral.com.ar\\\/crecio-la-produccion-de-colza-en-entre-rios-pero-mermo-la-superficie-sembrada\\\/#primaryimage\",\"url\":\"http:\\\/\\\/www.isletasnoticias.com.ar\\\/%77%70%2d%63%6f%6e%74%65%6e%74\\\/uploads\\\/2013\\\/03\\\/colzaaa-300x225.jpg\",\"contentUrl\":\"http:\\\/\\\/www.isletasnoticias.com.ar\\\/%77%70%2d%63%6f%6e%74%65%6e%74\\\/uploads\\\/2013\\\/03\\\/colzaaa-300x225.jpg\"},{\"@type\":\"BreadcrumbList\",\"@id\":\"https:\\\/\\\/informelitoral.com.ar\\\/crecio-la-produccion-de-colza-en-entre-rios-pero-mermo-la-superficie-sembrada\\\/#breadcrumb\",\"itemListElement\":[{\"@type\":\"ListItem\",\"position\":1,\"name\":\"Portada\",\"item\":\"https:\\\/\\\/informelitoral.com.ar\\\/\"},{\"@type\":\"ListItem\",\"position\":2,\"name\":\"Creci\u00f3 la producci\u00f3n de colza en Entre R\u00edos, pero merm\u00f3 la superficie sembrada\"}]},{\"@type\":\"WebSite\",\"@id\":\"https:\\\/\\\/informelitoral.com.ar\\\/#website\",\"url\":\"https:\\\/\\\/informelitoral.com.ar\\\/\",\"name\":\"Informe Litoral\",\"description\":\"&quot;Nos informamos&quot; \",\"publisher\":{\"@id\":\"https:\\\/\\\/informelitoral.com.ar\\\/#organization\"},\"potentialAction\":[{\"@type\":\"SearchAction\",\"target\":{\"@type\":\"EntryPoint\",\"urlTemplate\":\"https:\\\/\\\/informelitoral.com.ar\\\/?s={search_term_string}\"},\"query-input\":{\"@type\":\"PropertyValueSpecification\",\"valueRequired\":true,\"valueName\":\"search_term_string\"}}],\"inLanguage\":\"es\"},{\"@type\":\"Organization\",\"@id\":\"https:\\\/\\\/informelitoral.com.ar\\\/#organization\",\"name\":\"Informe Litoral\",\"url\":\"https:\\\/\\\/informelitoral.com.ar\\\/\",\"logo\":{\"@type\":\"ImageObject\",\"inLanguage\":\"es\",\"@id\":\"https:\\\/\\\/informelitoral.com.ar\\\/#\\\/schema\\\/logo\\\/image\\\/\",\"url\":\"https:\\\/\\\/informelitoral.com.ar\\\/%77%70%2d%63%6f%6e%74%65%6e%74\\\/uploads\\\/2021\\\/01\\\/circulo.png\",\"contentUrl\":\"https:\\\/\\\/informelitoral.com.ar\\\/%77%70%2d%63%6f%6e%74%65%6e%74\\\/uploads\\\/2021\\\/01\\\/circulo.png\",\"width\":723,\"height\":731,\"caption\":\"Informe Litoral\"},\"image\":{\"@id\":\"https:\\\/\\\/informelitoral.com.ar\\\/#\\\/schema\\\/logo\\\/image\\\/\"},\"sameAs\":[\"https:\\\/\\\/www.facebook.com\\\/informelitoral\\\/\",\"https:\\\/\\\/x.com\\\/InformeLitoral\",\"https:\\\/\\\/www.instagram.com\\\/informelitoral\\\/\",\"https:\\\/\\\/www.youtube.com\\\/channel\\\/UCua4Qvz8Icb6MYqhoq9xLXw\"]},{\"@type\":\"Person\",\"@id\":\"https:\\\/\\\/informelitoral.com.ar\\\/#\\\/schema\\\/person\\\/b9d00407c836482871ef1d57bf8e3180\",\"name\":\"Gonzalo Schmidt\",\"image\":{\"@type\":\"ImageObject\",\"inLanguage\":\"es\",\"@id\":\"https:\\\/\\\/secure.gravatar.com\\\/avatar\\\/31a1a7b66ff2de83bd0e9fd79d026630d2d99e55e8bfe501287647b4fd9743de?s=96&d=mm&r=g\",\"url\":\"https:\\\/\\\/secure.gravatar.com\\\/avatar\\\/31a1a7b66ff2de83bd0e9fd79d026630d2d99e55e8bfe501287647b4fd9743de?s=96&d=mm&r=g\",\"contentUrl\":\"https:\\\/\\\/secure.gravatar.com\\\/avatar\\\/31a1a7b66ff2de83bd0e9fd79d026630d2d99e55e8bfe501287647b4fd9743de?s=96&d=mm&r=g\",\"caption\":\"Gonzalo Schmidt\"},\"description\":\"Sitio web de noticias de la provincia de Entre R\u00edos, Argentina. Informaci\u00f3n y entretenimiento. Informe Litoral, nos informamos.\",\"sameAs\":[\"http:\\\/\\\/www.isletasnoticias.com.ar\"],\"url\":\"https:\\\/\\\/informelitoral.com.ar\\\/author\\\/gonzalo\\\/\"}]}<\/script>","yoast_head_json":{"title":"Creci\u00f3 la producci\u00f3n de colza en Entre R\u00edos, pero merm\u00f3 la superficie sembrada - Informe Litoral","robots":{"index":"index","follow":"follow","max-snippet":"max-snippet:-1","max-image-preview":"max-image-preview:large","max-video-preview":"max-video-preview:-1"},"canonical":"https:\/\/informelitoral.com.ar\/crecio-la-produccion-de-colza-en-entre-rios-pero-mermo-la-superficie-sembrada\/","og_locale":"es_ES","og_type":"article","og_title":"Creci\u00f3 la producci\u00f3n de colza en Entre R\u00edos, pero merm\u00f3 la superficie sembrada - Informe Litoral","og_description":"La Bolsa de Cereales de Entre R&iacute;os mediante su sistema de informaci&oacute;n agr&iacute;cola report&oacute; que a nivel provincial hubo una reducci&oacute;n del &aacute;rea implantada de colza del orden del 16%, pero que no tuvo un efecto negativo en la producci&oacute;n total debido a que el rendimiento promedio se situ&oacute; en 1.042 kg\/ha versus 921 kg\/ha [&hellip;]","og_url":"https:\/\/informelitoral.com.ar\/crecio-la-produccion-de-colza-en-entre-rios-pero-mermo-la-superficie-sembrada\/","og_site_name":"Informe Litoral","article_publisher":"https:\/\/www.facebook.com\/informelitoral\/","article_published_time":"2014-01-10T19:33:00+00:00","og_image":[{"width":960,"height":720,"url":"https:\/\/informelitoral.com.ar\/%77%70%2d%63%6f%6e%74%65%6e%74\/uploads\/2013\/03\/colzaaa.jpg","type":"image\/jpeg"}],"author":"Gonzalo Schmidt","twitter_card":"summary_large_image","twitter_creator":"@InformeLitoral","twitter_site":"@InformeLitoral","twitter_misc":{"Escrito por":"Gonzalo Schmidt","Tiempo de lectura":"2 minutos"},"schema":{"@context":"https:\/\/schema.org","@graph":[{"@type":"Article","@id":"https:\/\/informelitoral.com.ar\/crecio-la-produccion-de-colza-en-entre-rios-pero-mermo-la-superficie-sembrada\/#article","isPartOf":{"@id":"https:\/\/informelitoral.com.ar\/crecio-la-produccion-de-colza-en-entre-rios-pero-mermo-la-superficie-sembrada\/"},"author":{"name":"Gonzalo Schmidt","@id":"https:\/\/informelitoral.com.ar\/#\/schema\/person\/b9d00407c836482871ef1d57bf8e3180"},"headline":"Creci\u00f3 la producci\u00f3n de colza en Entre R\u00edos, pero merm\u00f3 la superficie sembrada","datePublished":"2014-01-10T19:33:00+00:00","mainEntityOfPage":{"@id":"https:\/\/informelitoral.com.ar\/crecio-la-produccion-de-colza-en-entre-rios-pero-mermo-la-superficie-sembrada\/"},"wordCount":413,"commentCount":0,"publisher":{"@id":"https:\/\/informelitoral.com.ar\/#organization"},"image":{"@id":"https:\/\/informelitoral.com.ar\/crecio-la-produccion-de-colza-en-entre-rios-pero-mermo-la-superficie-sembrada\/#primaryimage"},"thumbnailUrl":"http:\/\/www.isletasnoticias.com.ar\/%77%70%2d%63%6f%6e%74%65%6e%74\/uploads\/2013\/03\/colzaaa-300x225.jpg","articleSection":["Campo"],"inLanguage":"es","potentialAction":[{"@type":"CommentAction","name":"Comment","target":["https:\/\/informelitoral.com.ar\/crecio-la-produccion-de-colza-en-entre-rios-pero-mermo-la-superficie-sembrada\/#respond"]}]},{"@type":"WebPage","@id":"https:\/\/informelitoral.com.ar\/crecio-la-produccion-de-colza-en-entre-rios-pero-mermo-la-superficie-sembrada\/","url":"https:\/\/informelitoral.com.ar\/crecio-la-produccion-de-colza-en-entre-rios-pero-mermo-la-superficie-sembrada\/","name":"Creci\u00f3 la producci\u00f3n de colza en Entre R\u00edos, pero merm\u00f3 la superficie sembrada - Informe Litoral","isPartOf":{"@id":"https:\/\/informelitoral.com.ar\/#website"},"primaryImageOfPage":{"@id":"https:\/\/informelitoral.com.ar\/crecio-la-produccion-de-colza-en-entre-rios-pero-mermo-la-superficie-sembrada\/#primaryimage"},"image":{"@id":"https:\/\/informelitoral.com.ar\/crecio-la-produccion-de-colza-en-entre-rios-pero-mermo-la-superficie-sembrada\/#primaryimage"},"thumbnailUrl":"http:\/\/www.isletasnoticias.com.ar\/%77%70%2d%63%6f%6e%74%65%6e%74\/uploads\/2013\/03\/colzaaa-300x225.jpg","datePublished":"2014-01-10T19:33:00+00:00","breadcrumb":{"@id":"https:\/\/informelitoral.com.ar\/crecio-la-produccion-de-colza-en-entre-rios-pero-mermo-la-superficie-sembrada\/#breadcrumb"},"inLanguage":"es","potentialAction":[{"@type":"ReadAction","target":["https:\/\/informelitoral.com.ar\/crecio-la-produccion-de-colza-en-entre-rios-pero-mermo-la-superficie-sembrada\/"]}]},{"@type":"ImageObject","inLanguage":"es","@id":"https:\/\/informelitoral.com.ar\/crecio-la-produccion-de-colza-en-entre-rios-pero-mermo-la-superficie-sembrada\/#primaryimage","url":"http:\/\/www.isletasnoticias.com.ar\/%77%70%2d%63%6f%6e%74%65%6e%74\/uploads\/2013\/03\/colzaaa-300x225.jpg","contentUrl":"http:\/\/www.isletasnoticias.com.ar\/%77%70%2d%63%6f%6e%74%65%6e%74\/uploads\/2013\/03\/colzaaa-300x225.jpg"},{"@type":"BreadcrumbList","@id":"https:\/\/informelitoral.com.ar\/crecio-la-produccion-de-colza-en-entre-rios-pero-mermo-la-superficie-sembrada\/#breadcrumb","itemListElement":[{"@type":"ListItem","position":1,"name":"Portada","item":"https:\/\/informelitoral.com.ar\/"},{"@type":"ListItem","position":2,"name":"Creci\u00f3 la producci\u00f3n de colza en Entre R\u00edos, pero merm\u00f3 la superficie sembrada"}]},{"@type":"WebSite","@id":"https:\/\/informelitoral.com.ar\/#website","url":"https:\/\/informelitoral.com.ar\/","name":"Informe Litoral","description":"&quot;Nos informamos&quot; ","publisher":{"@id":"https:\/\/informelitoral.com.ar\/#organization"},"potentialAction":[{"@type":"SearchAction","target":{"@type":"EntryPoint","urlTemplate":"https:\/\/informelitoral.com.ar\/?s={search_term_string}"},"query-input":{"@type":"PropertyValueSpecification","valueRequired":true,"valueName":"search_term_string"}}],"inLanguage":"es"},{"@type":"Organization","@id":"https:\/\/informelitoral.com.ar\/#organization","name":"Informe Litoral","url":"https:\/\/informelitoral.com.ar\/","logo":{"@type":"ImageObject","inLanguage":"es","@id":"https:\/\/informelitoral.com.ar\/#\/schema\/logo\/image\/","url":"https:\/\/informelitoral.com.ar\/%77%70%2d%63%6f%6e%74%65%6e%74\/uploads\/2021\/01\/circulo.png","contentUrl":"https:\/\/informelitoral.com.ar\/%77%70%2d%63%6f%6e%74%65%6e%74\/uploads\/2021\/01\/circulo.png","width":723,"height":731,"caption":"Informe Litoral"},"image":{"@id":"https:\/\/informelitoral.com.ar\/#\/schema\/logo\/image\/"},"sameAs":["https:\/\/www.facebook.com\/informelitoral\/","https:\/\/x.com\/InformeLitoral","https:\/\/www.instagram.com\/informelitoral\/","https:\/\/www.youtube.com\/channel\/UCua4Qvz8Icb6MYqhoq9xLXw"]},{"@type":"Person","@id":"https:\/\/informelitoral.com.ar\/#\/schema\/person\/b9d00407c836482871ef1d57bf8e3180","name":"Gonzalo Schmidt","image":{"@type":"ImageObject","inLanguage":"es","@id":"https:\/\/secure.gravatar.com\/avatar\/31a1a7b66ff2de83bd0e9fd79d026630d2d99e55e8bfe501287647b4fd9743de?s=96&d=mm&r=g","url":"https:\/\/secure.gravatar.com\/avatar\/31a1a7b66ff2de83bd0e9fd79d026630d2d99e55e8bfe501287647b4fd9743de?s=96&d=mm&r=g","contentUrl":"https:\/\/secure.gravatar.com\/avatar\/31a1a7b66ff2de83bd0e9fd79d026630d2d99e55e8bfe501287647b4fd9743de?s=96&d=mm&r=g","caption":"Gonzalo Schmidt"},"description":"Sitio web de noticias de la provincia de Entre R\u00edos, Argentina. Informaci\u00f3n y entretenimiento. Informe Litoral, nos informamos.","sameAs":["http:\/\/www.isletasnoticias.com.ar"],"url":"https:\/\/informelitoral.com.ar\/author\/gonzalo\/"}]}},"_links":{"self":[{"href":"https:\/\/informelitoral.com.ar\/%77%70%2d%6a%73%6f%6e\/wp\/v2\/posts\/5084","targetHints":{"allow":["GET"]}}],"collection":[{"href":"https:\/\/informelitoral.com.ar\/%77%70%2d%6a%73%6f%6e\/wp\/v2\/posts"}],"about":[{"href":"https:\/\/informelitoral.com.ar\/%77%70%2d%6a%73%6f%6e\/wp\/v2\/types\/post"}],"author":[{"embeddable":true,"href":"https:\/\/informelitoral.com.ar\/%77%70%2d%6a%73%6f%6e\/wp\/v2\/users\/2"}],"replies":[{"embeddable":true,"href":"https:\/\/informelitoral.com.ar\/%77%70%2d%6a%73%6f%6e\/wp\/v2\/comments?post=5084"}],"version-history":[{"count":0,"href":"https:\/\/informelitoral.com.ar\/%77%70%2d%6a%73%6f%6e\/wp\/v2\/posts\/5084\/revisions"}],"wp:attachment":[{"href":"https:\/\/informelitoral.com.ar\/%77%70%2d%6a%73%6f%6e\/wp\/v2\/media?parent=5084"}],"wp:term":[{"taxonomy":"category","embeddable":true,"href":"https:\/\/informelitoral.com.ar\/%77%70%2d%6a%73%6f%6e\/wp\/v2\/categories?post=5084"},{"taxonomy":"post_tag","embeddable":true,"href":"https:\/\/informelitoral.com.ar\/%77%70%2d%6a%73%6f%6e\/wp\/v2\/tags?post=5084"}],"curies":[{"name":"wp","href":"https:\/\/api.w.org\/{rel}","templated":true}]}}