{"id":50728,"date":"2020-10-02T17:03:52","date_gmt":"2020-10-02T20:03:52","guid":{"rendered":"https:\/\/www.isletasnoticias.com.ar\/?p=50728"},"modified":"2020-10-02T17:04:02","modified_gmt":"2020-10-02T20:04:02","slug":"sebastian-reichel-necesitamos-que-la-gente-cumpla-con-el-aislamiento","status":"publish","type":"post","link":"https:\/\/informelitoral.com.ar\/sebastian-reichel-necesitamos-que-la-gente-cumpla-con-el-aislamiento\/","title":{"rendered":"Sebastian Reichel: \u00abNecesitamos que la gente cumpla con el aislamiento\u00bb"},"content":{"rendered":"<p>Desde el Comit\u00e9 de Organizaci\u00f3n de la Emergencia &#8211;<strong>COES- de General Ram\u00edrez<\/strong> brindaron una conferencia de prensa para dar cuenta de la <strong>situaci\u00f3n epidemiol\u00f3gica de la ciudad al 1\u00b0 de octubre.<\/strong><\/p>\n<p>Las diferentes autoridades coincidieron en hacer un<span style=\"background-color: #ffff00;\"><strong> fuerte llamado a la responsabilidad social, el autocuidado y la necesidad de respetar las medidas preventivas para transitar la nueva normalidad.<\/strong><\/span><\/p>\n<h3><strong>Gustavo Vergara: \u00abActivamos pol\u00edticas para sobrellevar la pandemia de la mejor manera\u00bb<\/strong><\/h3>\n<p>El intendente <strong>Gustavo Vergara<\/strong>, inform\u00f3 que nuevamente -como se hizo al principio de la pandemia-<strong> se retomar\u00e1n las conferencias de prensa para informar sobre la situaci\u00f3n epidemiol\u00f3gica<\/strong> de esa ciudad del departamento Diamante.<\/p>\n<p>El mandatario hizo un especial <strong>agradecimiento<\/strong> al resto de los integrantes del <strong>COES<\/strong> y a las autoriades, equipo m\u00e9dico y <strong>personal del Hospital Nuestra Se\u00f1ora del Luj\u00e1n \u00abpor el incansable trabajo<\/strong>\u00ab.<\/p>\n<p>En relaci\u00f3n al accionar del Ejecutivo ante los efectos que gener\u00f3 el aislamiento preventivo, Vergara remarc\u00f3 el compromiso de su gesti\u00f3n para \u00ab<strong>activar pol\u00edticas activas en lo econ\u00f3mico y lo social para sobrellevar la pandemia de la mejor manera<\/strong>\u00ab.<\/p>\n<p>En cuanto a las principales medidas preventivas que se llevan adelante por estos d\u00edas, el presidente municipal indic\u00f3 que <strong>aportaron personal municipal al hospital para trabajar con personas aisladas y el seguimiento diario de los mismos.<\/strong> \u00abEs fundamental para tratar de controlar la propagaci\u00f3n del virus. <span style=\"background-color: #ffff00;\">Mientras no tengamos una vacuna la \u00fanica medida que tenemos es ser solidarios y cumplir con las medidas preventivas<\/span>\u00ab, remarc\u00f3 el intendente.<\/p>\n<h3><strong>Dr. Sebasti\u00e1n Reichel: \u00abSeguimos trabajando sin descanso de lunes a lunes\u00bb\u00a0<\/strong><\/h3>\n<p>Con esa frase comenz\u00f3 su alocuci\u00f3n el director del Hospital, Nuestra Se\u00f1ora de Luj\u00e1n. El profesional de la salud reconoci\u00f3 que en la localidad <span style=\"background-color: #ffff00;\"><strong>\u00abhay una nueva oleada de casos, con 19 activos lo que nos lleva a aislar a mucha gente\u00bb<\/strong><\/span>, dijo y explic\u00f3: \u00abDebido al aumento de casos en la provincia se demoran los resultados de los hisopados por lo que preventivamete tenemos que aislar a m\u00e1s personas. <strong><span style=\"background-color: #ffff00;\">Cada d\u00eda tomamos entre 10 y 12 muestras por eso hasta que est\u00e9 el resultado necesitamos que la gente cumpla con el aislamiento para evitar que se expanda el virus<\/span><\/strong>\u00ab.<\/p>\n<p>Si bien destac\u00f3 que \u00ab<strong>afortunadamente casi todos los casos positivos son leves<\/strong>\u00bb sostuvo que \u00abes un gran trabajo hacer el seguimiento. <strong>La poblaci\u00f3n debe colaborar con el uso de tapaboca, respetar la distancia social, no compartir el mate, mantener la higiene de manos entre otras medidas que se mencionan desde el inicio de la pandemia<\/strong>\u00ab.<\/p>\n<p>Al ser consultado sobre la <strong>decisi\u00f3n de no informar m\u00e1s los casos en estudio<\/strong>, Reichel sostuvo que \u00ab<strong>es una informaci\u00f3n que se torna engorrosa porque cambia permanente y genera confusi\u00f3n. Se a conocer la cantidad y al rato consulta otra persona y ya cambia el n\u00famero. Adem\u00e1s no sabemos cu\u00e1ntos lo hacen en efectores privados<\/strong>\u00ab, ejemplific\u00f3.<\/p>\n<p>Sin embargo el director del hospital fue contundente con respecto a la informaci\u00f3n sobre los contagios confirmados. \u00ab<span style=\"background-color: #ffff00;\"><b>Los casos positivos los informamos todos. No se oculta ning\u00fan dato, independientemente que se hisopen en el sector p\u00fablico o privado a esa informaci\u00f3n s\u00ed podemos acceder y siempre se dar\u00e1 a conocer<\/b><\/span>\u00ab.<\/p>\n<p>Sobre la<strong> situaci\u00f3n de los trabajadores de la salud y la disponibilidad de camas<\/strong>, el director del nosocomio local dijo: \u00abtenemos algunos enfermeros contagiados, y personal de cocina, m\u00e9dicos a\u00fan no. El personal se va acomodando a la situaci\u00f3n y cuando es dado de alta se reincorpora al trabajo. <strong>Hay camas pero se nos complica con los casos sospechosos porque tienen que estar solos -para no contagiarse si es que no lo est\u00e1n- hasta que est\u00e1 el resultado del hisopado<\/strong>\u00ab.<\/p>\n<h3><strong>M\u00e9dica Aracelis Garc\u00eda: \u00ab\u00daltimamente consultan m\u00e1s personas con factores de riesgo\u00bb<\/strong><\/h3>\n<p>\u00abCon el primer caso positivo que se dio el 24 de junio, los casos comenzaron el subir en n\u00famero, pero <span style=\"background-color: #ffff00;\"><strong>especialmente desde fines de agosto y septiembre se dio un salto exponencial<\/strong><\/span>\u00ab, expuso la profesional de planta del hospital.<\/p>\n<p>Garc\u00eda sostuvo que tambi\u00e9n se atienden casos que no residen en la ciudad, por lo que <strong>trabajan en conjunto con las localidades de Aranguren, Isletas y Don Crist\u00f3bal.<\/strong><\/p>\n<p>En relaci\u00f3n a las caracter\u00edsticas que tiene la manifestaci\u00f3n del virus a nivel local, describi\u00f3: \u00abla pandemia en Ram\u00edrez tiene una metodolog\u00eda similar a la del mundo. <strong>Hay un 20% que necesita atenci\u00f3n hospitalaria y un 5% de ellos pueden requerir terapia intensiva, algunos con respirador artificial y eso es lo que m\u00e1s nos debe preocupar<\/strong>\u00ab, alert\u00f3.<\/p>\n<p>Actualmente <strong>los pacientes moderados est\u00e1n internados en el hospital y los casos m\u00e1s severos son derivados a Paran\u00e1<\/strong>, tanto al Hospital San Mart\u00edn como al Hospital de la Baxada.<\/p>\n<p>La Dra. Aracelis Garc\u00eda asegur\u00f3 que observan <strong>cambios en la sintomatolog\u00eda del coronavirus<\/strong>: \u00abEn primer momento los s\u00edntomas eran puramente respiratorios y febriles. Ahora<strong> se sumaron la diarrea, cansancio, v\u00f3mitos, dolores musculares, entre otros.<\/strong> Adem\u00e1s,<span style=\"background-color: #ffff00;\"><strong> \u00faltimamente consultan m\u00e1s personas con factores de riesgo <\/strong>-como obesidad, diabetes y patolog\u00edas que inmunocomprometen al paciente-<strong> y esto se debe a la relajaci\u00f3n de la comunidad<\/strong><\/span>\u00ab, asegur\u00f3.<\/p>\n<p>\u00ab<strong>Hay <span style=\"background-color: #ffff00;\">circulaci\u00f3n por conglomerado<\/span>, es decir hay casos en los que ya no se puede establecer el nexo epidemiol\u00f3gico, no sabemos d\u00f3nde ni c\u00f3mo se contagiaron<\/strong>, pero si los casos se siguen dando de esta manera los podemos ir controlando, es decir el sistema de salud puede responder\u00bb.<\/p>\n<p>La profesional subray\u00f3 que <strong>es fundamental acostumbrarse a la \u00abnueva normalidad<\/strong> para poder tener una vida lo m\u00e1s normal posible pero sin correr riesgos en la salud para con uno y los dem\u00e1s\u00bb.<\/p>\n<p>Por \u00faltimo le dej\u00f3 otro claro mensaje a la comunidad: \u00ab<span style=\"background-color: #ffff00;\"><strong>Si quieren visitar a alguien que lo hagan, pero que no compartan mates, botellas, mantengan distancia, usen tapaboca y traten de estar en lugares al aire libre. Si todos har\u00edamos eso ser\u00eda mucho m\u00e1s dif\u00edcil que se propaguen los contagio<\/strong><strong>s<\/strong><\/span>\u00ab, sentenci\u00f3. <em>(IN)<\/em><\/p>\n<div id=\"fb-root\"><\/div>\n<p><script async=\"1\" defer=\"1\" crossorigin=\"anonymous\" src=\"https:\/\/connect.facebook.net\/es_LA\/sdk.js#xfbml=1&amp;version=v8.0\" nonce=\"vxgxCtwR\"><\/script><\/p>\n<div class=\"fb-video\" data-href=\"https:\/\/www.facebook.com\/muni.general.ramirez\/videos\/1240492119651876\" data-width=\"696\">\n<blockquote cite=\"https:\/\/www.facebook.com\/muni.general.ramirez\/videos\/1240492119651876\/\" class=\"fb-xfbml-parse-ignore\"><p><a href=\"https:\/\/www.facebook.com\/muni.general.ramirez\/videos\/1240492119651876\/\">Conferencia de prensa COES<\/a><\/p>\n<p>Publicado por <a href=\"https:\/\/www.facebook.com\/muni.general.ramirez\/\">Municipalidad de General Ram\u00edrez<\/a> en Jueves, 1 de octubre de 2020<\/p><\/blockquote>\n<\/div>\n<p>&nbsp;<\/p>\n","protected":false},"excerpt":{"rendered":"<p>Lo afirm\u00f3 el director del Hospital Nuestra Se\u00f1ora de Luj\u00e1n en referencia a los contactos estrechos o contagiados con s\u00edntomas leves. Fue en el marco de una conferencia de prensa del COES, donde repasaron la situaci\u00f3n epidemiol\u00f3gica de la ciudad que actualmente tiene transmisi\u00f3n por conglomerado. <\/p>\n","protected":false},"author":2,"featured_media":50730,"comment_status":"open","ping_status":"open","sticky":false,"template":"","format":"standard","meta":{"fifu_image_url":"","fifu_image_alt":"","footnotes":""},"categories":[5],"tags":[1616,1426,1481,556,1433,27],"class_list":{"0":"post-50728","1":"post","2":"type-post","3":"status-publish","4":"format-standard","5":"has-post-thumbnail","7":"category-zonales","8":"tag-coes","9":"tag-coronavirus","10":"tag-covid-19","11":"tag-general-ramirez","12":"tag-municipalidad-de-general-ramirez","13":"tag-ramirez"},"yoast_head":"<title>Sebastian Reichel: &quot;Necesitamos que la gente cumpla con el aislamiento&quot; - Informe Litoral<\/title>\n<meta name=\"robots\" content=\"index, follow, max-snippet:-1, max-image-preview:large, max-video-preview:-1\" \/>\n<link rel=\"canonical\" href=\"https:\/\/informelitoral.com.ar\/sebastian-reichel-necesitamos-que-la-gente-cumpla-con-el-aislamiento\/\" \/>\n<meta property=\"og:locale\" content=\"es_ES\" \/>\n<meta property=\"og:type\" content=\"article\" \/>\n<meta property=\"og:title\" content=\"Sebastian Reichel: &quot;Necesitamos que la gente cumpla con el aislamiento&quot; - Informe Litoral\" \/>\n<meta property=\"og:description\" content=\"Lo afirm\u00f3 el director del Hospital Nuestra Se\u00f1ora de Luj\u00e1n en referencia a los contactos estrechos o contagiados con s\u00edntomas leves. Fue en el marco de una conferencia de prensa del COES, donde repasaron la situaci\u00f3n epidemiol\u00f3gica de la ciudad que actualmente tiene transmisi\u00f3n por conglomerado.\" \/>\n<meta property=\"og:url\" content=\"https:\/\/informelitoral.com.ar\/sebastian-reichel-necesitamos-que-la-gente-cumpla-con-el-aislamiento\/\" \/>\n<meta property=\"og:site_name\" content=\"Informe Litoral\" \/>\n<meta property=\"article:publisher\" content=\"https:\/\/www.facebook.com\/informelitoral\/\" \/>\n<meta property=\"article:published_time\" content=\"2020-10-02T20:03:52+00:00\" \/>\n<meta property=\"article:modified_time\" content=\"2020-10-02T20:04:02+00:00\" \/>\n<meta property=\"og:image\" content=\"https:\/\/informelitoral.com.ar\/%77%70%2d%63%6f%6e%74%65%6e%74\/uploads\/2020\/10\/adaa9dc1-07ac-4afb-ad1a-a1813217ace6.jpg\" \/>\n\t<meta property=\"og:image:width\" content=\"1280\" \/>\n\t<meta property=\"og:image:height\" content=\"720\" \/>\n\t<meta property=\"og:image:type\" content=\"image\/jpeg\" \/>\n<meta name=\"author\" content=\"Gonzalo Schmidt\" \/>\n<meta name=\"twitter:card\" content=\"summary_large_image\" \/>\n<meta name=\"twitter:creator\" content=\"@InformeLitoral\" \/>\n<meta name=\"twitter:site\" content=\"@InformeLitoral\" \/>\n<meta name=\"twitter:label1\" content=\"Escrito por\" \/>\n\t<meta name=\"twitter:data1\" content=\"Gonzalo Schmidt\" \/>\n\t<meta name=\"twitter:label2\" content=\"Tiempo de lectura\" \/>\n\t<meta name=\"twitter:data2\" content=\"5 minutos\" \/>\n<script type=\"application\/ld+json\" class=\"yoast-schema-graph\">{\"@context\":\"https:\\\/\\\/schema.org\",\"@graph\":[{\"@type\":\"Article\",\"@id\":\"https:\\\/\\\/informelitoral.com.ar\\\/sebastian-reichel-necesitamos-que-la-gente-cumpla-con-el-aislamiento\\\/#article\",\"isPartOf\":{\"@id\":\"https:\\\/\\\/informelitoral.com.ar\\\/sebastian-reichel-necesitamos-que-la-gente-cumpla-con-el-aislamiento\\\/\"},\"author\":{\"name\":\"Gonzalo Schmidt\",\"@id\":\"https:\\\/\\\/informelitoral.com.ar\\\/#\\\/schema\\\/person\\\/b9d00407c836482871ef1d57bf8e3180\"},\"headline\":\"Sebastian Reichel: \u00abNecesitamos que la gente cumpla con el aislamiento\u00bb\",\"datePublished\":\"2020-10-02T20:03:52+00:00\",\"dateModified\":\"2020-10-02T20:04:02+00:00\",\"mainEntityOfPage\":{\"@id\":\"https:\\\/\\\/informelitoral.com.ar\\\/sebastian-reichel-necesitamos-que-la-gente-cumpla-con-el-aislamiento\\\/\"},\"wordCount\":1042,\"commentCount\":0,\"publisher\":{\"@id\":\"https:\\\/\\\/informelitoral.com.ar\\\/#organization\"},\"image\":{\"@id\":\"https:\\\/\\\/informelitoral.com.ar\\\/sebastian-reichel-necesitamos-que-la-gente-cumpla-con-el-aislamiento\\\/#primaryimage\"},\"thumbnailUrl\":\"https:\\\/\\\/informelitoral.com.ar\\\/%77%70%2d%63%6f%6e%74%65%6e%74\\\/uploads\\\/2020\\\/10\\\/adaa9dc1-07ac-4afb-ad1a-a1813217ace6.jpg\",\"keywords\":[\"COES\",\"Coronavirus\",\"COVID-19\",\"General Ram\u00edrez\",\"Municipalidad de General Ram\u00edrez\",\"Ram\u00edrez\"],\"articleSection\":[\"Departamento Diamante\"],\"inLanguage\":\"es\",\"potentialAction\":[{\"@type\":\"CommentAction\",\"name\":\"Comment\",\"target\":[\"https:\\\/\\\/informelitoral.com.ar\\\/sebastian-reichel-necesitamos-que-la-gente-cumpla-con-el-aislamiento\\\/#respond\"]}]},{\"@type\":\"WebPage\",\"@id\":\"https:\\\/\\\/informelitoral.com.ar\\\/sebastian-reichel-necesitamos-que-la-gente-cumpla-con-el-aislamiento\\\/\",\"url\":\"https:\\\/\\\/informelitoral.com.ar\\\/sebastian-reichel-necesitamos-que-la-gente-cumpla-con-el-aislamiento\\\/\",\"name\":\"Sebastian Reichel: \\\"Necesitamos que la gente cumpla con el aislamiento\\\" - Informe Litoral\",\"isPartOf\":{\"@id\":\"https:\\\/\\\/informelitoral.com.ar\\\/#website\"},\"primaryImageOfPage\":{\"@id\":\"https:\\\/\\\/informelitoral.com.ar\\\/sebastian-reichel-necesitamos-que-la-gente-cumpla-con-el-aislamiento\\\/#primaryimage\"},\"image\":{\"@id\":\"https:\\\/\\\/informelitoral.com.ar\\\/sebastian-reichel-necesitamos-que-la-gente-cumpla-con-el-aislamiento\\\/#primaryimage\"},\"thumbnailUrl\":\"https:\\\/\\\/informelitoral.com.ar\\\/%77%70%2d%63%6f%6e%74%65%6e%74\\\/uploads\\\/2020\\\/10\\\/adaa9dc1-07ac-4afb-ad1a-a1813217ace6.jpg\",\"datePublished\":\"2020-10-02T20:03:52+00:00\",\"dateModified\":\"2020-10-02T20:04:02+00:00\",\"breadcrumb\":{\"@id\":\"https:\\\/\\\/informelitoral.com.ar\\\/sebastian-reichel-necesitamos-que-la-gente-cumpla-con-el-aislamiento\\\/#breadcrumb\"},\"inLanguage\":\"es\",\"potentialAction\":[{\"@type\":\"ReadAction\",\"target\":[\"https:\\\/\\\/informelitoral.com.ar\\\/sebastian-reichel-necesitamos-que-la-gente-cumpla-con-el-aislamiento\\\/\"]}]},{\"@type\":\"ImageObject\",\"inLanguage\":\"es\",\"@id\":\"https:\\\/\\\/informelitoral.com.ar\\\/sebastian-reichel-necesitamos-que-la-gente-cumpla-con-el-aislamiento\\\/#primaryimage\",\"url\":\"https:\\\/\\\/informelitoral.com.ar\\\/%77%70%2d%63%6f%6e%74%65%6e%74\\\/uploads\\\/2020\\\/10\\\/adaa9dc1-07ac-4afb-ad1a-a1813217ace6.jpg\",\"contentUrl\":\"https:\\\/\\\/informelitoral.com.ar\\\/%77%70%2d%63%6f%6e%74%65%6e%74\\\/uploads\\\/2020\\\/10\\\/adaa9dc1-07ac-4afb-ad1a-a1813217ace6.jpg\",\"width\":1280,\"height\":720},{\"@type\":\"BreadcrumbList\",\"@id\":\"https:\\\/\\\/informelitoral.com.ar\\\/sebastian-reichel-necesitamos-que-la-gente-cumpla-con-el-aislamiento\\\/#breadcrumb\",\"itemListElement\":[{\"@type\":\"ListItem\",\"position\":1,\"name\":\"Portada\",\"item\":\"https:\\\/\\\/informelitoral.com.ar\\\/\"},{\"@type\":\"ListItem\",\"position\":2,\"name\":\"Sebastian Reichel: \u00abNecesitamos que la gente cumpla con el aislamiento\u00bb\"}]},{\"@type\":\"WebSite\",\"@id\":\"https:\\\/\\\/informelitoral.com.ar\\\/#website\",\"url\":\"https:\\\/\\\/informelitoral.com.ar\\\/\",\"name\":\"Informe Litoral\",\"description\":\"&quot;Nos informamos&quot; \",\"publisher\":{\"@id\":\"https:\\\/\\\/informelitoral.com.ar\\\/#organization\"},\"potentialAction\":[{\"@type\":\"SearchAction\",\"target\":{\"@type\":\"EntryPoint\",\"urlTemplate\":\"https:\\\/\\\/informelitoral.com.ar\\\/?s={search_term_string}\"},\"query-input\":{\"@type\":\"PropertyValueSpecification\",\"valueRequired\":true,\"valueName\":\"search_term_string\"}}],\"inLanguage\":\"es\"},{\"@type\":\"Organization\",\"@id\":\"https:\\\/\\\/informelitoral.com.ar\\\/#organization\",\"name\":\"Informe Litoral\",\"url\":\"https:\\\/\\\/informelitoral.com.ar\\\/\",\"logo\":{\"@type\":\"ImageObject\",\"inLanguage\":\"es\",\"@id\":\"https:\\\/\\\/informelitoral.com.ar\\\/#\\\/schema\\\/logo\\\/image\\\/\",\"url\":\"https:\\\/\\\/informelitoral.com.ar\\\/%77%70%2d%63%6f%6e%74%65%6e%74\\\/uploads\\\/2021\\\/01\\\/circulo.png\",\"contentUrl\":\"https:\\\/\\\/informelitoral.com.ar\\\/%77%70%2d%63%6f%6e%74%65%6e%74\\\/uploads\\\/2021\\\/01\\\/circulo.png\",\"width\":723,\"height\":731,\"caption\":\"Informe Litoral\"},\"image\":{\"@id\":\"https:\\\/\\\/informelitoral.com.ar\\\/#\\\/schema\\\/logo\\\/image\\\/\"},\"sameAs\":[\"https:\\\/\\\/www.facebook.com\\\/informelitoral\\\/\",\"https:\\\/\\\/x.com\\\/InformeLitoral\",\"https:\\\/\\\/www.instagram.com\\\/informelitoral\\\/\",\"https:\\\/\\\/www.youtube.com\\\/channel\\\/UCua4Qvz8Icb6MYqhoq9xLXw\"]},{\"@type\":\"Person\",\"@id\":\"https:\\\/\\\/informelitoral.com.ar\\\/#\\\/schema\\\/person\\\/b9d00407c836482871ef1d57bf8e3180\",\"name\":\"Gonzalo Schmidt\",\"image\":{\"@type\":\"ImageObject\",\"inLanguage\":\"es\",\"@id\":\"https:\\\/\\\/secure.gravatar.com\\\/avatar\\\/31a1a7b66ff2de83bd0e9fd79d026630d2d99e55e8bfe501287647b4fd9743de?s=96&d=mm&r=g\",\"url\":\"https:\\\/\\\/secure.gravatar.com\\\/avatar\\\/31a1a7b66ff2de83bd0e9fd79d026630d2d99e55e8bfe501287647b4fd9743de?s=96&d=mm&r=g\",\"contentUrl\":\"https:\\\/\\\/secure.gravatar.com\\\/avatar\\\/31a1a7b66ff2de83bd0e9fd79d026630d2d99e55e8bfe501287647b4fd9743de?s=96&d=mm&r=g\",\"caption\":\"Gonzalo Schmidt\"},\"description\":\"Sitio web de noticias de la provincia de Entre R\u00edos, Argentina. Informaci\u00f3n y entretenimiento. Informe Litoral, nos informamos.\",\"sameAs\":[\"http:\\\/\\\/www.isletasnoticias.com.ar\"],\"url\":\"https:\\\/\\\/informelitoral.com.ar\\\/author\\\/gonzalo\\\/\"}]}<\/script>","yoast_head_json":{"title":"Sebastian Reichel: \"Necesitamos que la gente cumpla con el aislamiento\" - Informe Litoral","robots":{"index":"index","follow":"follow","max-snippet":"max-snippet:-1","max-image-preview":"max-image-preview:large","max-video-preview":"max-video-preview:-1"},"canonical":"https:\/\/informelitoral.com.ar\/sebastian-reichel-necesitamos-que-la-gente-cumpla-con-el-aislamiento\/","og_locale":"es_ES","og_type":"article","og_title":"Sebastian Reichel: \"Necesitamos que la gente cumpla con el aislamiento\" - Informe Litoral","og_description":"Lo afirm\u00f3 el director del Hospital Nuestra Se\u00f1ora de Luj\u00e1n en referencia a los contactos estrechos o contagiados con s\u00edntomas leves. Fue en el marco de una conferencia de prensa del COES, donde repasaron la situaci\u00f3n epidemiol\u00f3gica de la ciudad que actualmente tiene transmisi\u00f3n por conglomerado.","og_url":"https:\/\/informelitoral.com.ar\/sebastian-reichel-necesitamos-que-la-gente-cumpla-con-el-aislamiento\/","og_site_name":"Informe Litoral","article_publisher":"https:\/\/www.facebook.com\/informelitoral\/","article_published_time":"2020-10-02T20:03:52+00:00","article_modified_time":"2020-10-02T20:04:02+00:00","og_image":[{"width":1280,"height":720,"url":"https:\/\/informelitoral.com.ar\/%77%70%2d%63%6f%6e%74%65%6e%74\/uploads\/2020\/10\/adaa9dc1-07ac-4afb-ad1a-a1813217ace6.jpg","type":"image\/jpeg"}],"author":"Gonzalo Schmidt","twitter_card":"summary_large_image","twitter_creator":"@InformeLitoral","twitter_site":"@InformeLitoral","twitter_misc":{"Escrito por":"Gonzalo Schmidt","Tiempo de lectura":"5 minutos"},"schema":{"@context":"https:\/\/schema.org","@graph":[{"@type":"Article","@id":"https:\/\/informelitoral.com.ar\/sebastian-reichel-necesitamos-que-la-gente-cumpla-con-el-aislamiento\/#article","isPartOf":{"@id":"https:\/\/informelitoral.com.ar\/sebastian-reichel-necesitamos-que-la-gente-cumpla-con-el-aislamiento\/"},"author":{"name":"Gonzalo Schmidt","@id":"https:\/\/informelitoral.com.ar\/#\/schema\/person\/b9d00407c836482871ef1d57bf8e3180"},"headline":"Sebastian Reichel: \u00abNecesitamos que la gente cumpla con el aislamiento\u00bb","datePublished":"2020-10-02T20:03:52+00:00","dateModified":"2020-10-02T20:04:02+00:00","mainEntityOfPage":{"@id":"https:\/\/informelitoral.com.ar\/sebastian-reichel-necesitamos-que-la-gente-cumpla-con-el-aislamiento\/"},"wordCount":1042,"commentCount":0,"publisher":{"@id":"https:\/\/informelitoral.com.ar\/#organization"},"image":{"@id":"https:\/\/informelitoral.com.ar\/sebastian-reichel-necesitamos-que-la-gente-cumpla-con-el-aislamiento\/#primaryimage"},"thumbnailUrl":"https:\/\/informelitoral.com.ar\/%77%70%2d%63%6f%6e%74%65%6e%74\/uploads\/2020\/10\/adaa9dc1-07ac-4afb-ad1a-a1813217ace6.jpg","keywords":["COES","Coronavirus","COVID-19","General Ram\u00edrez","Municipalidad de General Ram\u00edrez","Ram\u00edrez"],"articleSection":["Departamento Diamante"],"inLanguage":"es","potentialAction":[{"@type":"CommentAction","name":"Comment","target":["https:\/\/informelitoral.com.ar\/sebastian-reichel-necesitamos-que-la-gente-cumpla-con-el-aislamiento\/#respond"]}]},{"@type":"WebPage","@id":"https:\/\/informelitoral.com.ar\/sebastian-reichel-necesitamos-que-la-gente-cumpla-con-el-aislamiento\/","url":"https:\/\/informelitoral.com.ar\/sebastian-reichel-necesitamos-que-la-gente-cumpla-con-el-aislamiento\/","name":"Sebastian Reichel: \"Necesitamos que la gente cumpla con el aislamiento\" - Informe Litoral","isPartOf":{"@id":"https:\/\/informelitoral.com.ar\/#website"},"primaryImageOfPage":{"@id":"https:\/\/informelitoral.com.ar\/sebastian-reichel-necesitamos-que-la-gente-cumpla-con-el-aislamiento\/#primaryimage"},"image":{"@id":"https:\/\/informelitoral.com.ar\/sebastian-reichel-necesitamos-que-la-gente-cumpla-con-el-aislamiento\/#primaryimage"},"thumbnailUrl":"https:\/\/informelitoral.com.ar\/%77%70%2d%63%6f%6e%74%65%6e%74\/uploads\/2020\/10\/adaa9dc1-07ac-4afb-ad1a-a1813217ace6.jpg","datePublished":"2020-10-02T20:03:52+00:00","dateModified":"2020-10-02T20:04:02+00:00","breadcrumb":{"@id":"https:\/\/informelitoral.com.ar\/sebastian-reichel-necesitamos-que-la-gente-cumpla-con-el-aislamiento\/#breadcrumb"},"inLanguage":"es","potentialAction":[{"@type":"ReadAction","target":["https:\/\/informelitoral.com.ar\/sebastian-reichel-necesitamos-que-la-gente-cumpla-con-el-aislamiento\/"]}]},{"@type":"ImageObject","inLanguage":"es","@id":"https:\/\/informelitoral.com.ar\/sebastian-reichel-necesitamos-que-la-gente-cumpla-con-el-aislamiento\/#primaryimage","url":"https:\/\/informelitoral.com.ar\/%77%70%2d%63%6f%6e%74%65%6e%74\/uploads\/2020\/10\/adaa9dc1-07ac-4afb-ad1a-a1813217ace6.jpg","contentUrl":"https:\/\/informelitoral.com.ar\/%77%70%2d%63%6f%6e%74%65%6e%74\/uploads\/2020\/10\/adaa9dc1-07ac-4afb-ad1a-a1813217ace6.jpg","width":1280,"height":720},{"@type":"BreadcrumbList","@id":"https:\/\/informelitoral.com.ar\/sebastian-reichel-necesitamos-que-la-gente-cumpla-con-el-aislamiento\/#breadcrumb","itemListElement":[{"@type":"ListItem","position":1,"name":"Portada","item":"https:\/\/informelitoral.com.ar\/"},{"@type":"ListItem","position":2,"name":"Sebastian Reichel: \u00abNecesitamos que la gente cumpla con el aislamiento\u00bb"}]},{"@type":"WebSite","@id":"https:\/\/informelitoral.com.ar\/#website","url":"https:\/\/informelitoral.com.ar\/","name":"Informe Litoral","description":"&quot;Nos informamos&quot; ","publisher":{"@id":"https:\/\/informelitoral.com.ar\/#organization"},"potentialAction":[{"@type":"SearchAction","target":{"@type":"EntryPoint","urlTemplate":"https:\/\/informelitoral.com.ar\/?s={search_term_string}"},"query-input":{"@type":"PropertyValueSpecification","valueRequired":true,"valueName":"search_term_string"}}],"inLanguage":"es"},{"@type":"Organization","@id":"https:\/\/informelitoral.com.ar\/#organization","name":"Informe Litoral","url":"https:\/\/informelitoral.com.ar\/","logo":{"@type":"ImageObject","inLanguage":"es","@id":"https:\/\/informelitoral.com.ar\/#\/schema\/logo\/image\/","url":"https:\/\/informelitoral.com.ar\/%77%70%2d%63%6f%6e%74%65%6e%74\/uploads\/2021\/01\/circulo.png","contentUrl":"https:\/\/informelitoral.com.ar\/%77%70%2d%63%6f%6e%74%65%6e%74\/uploads\/2021\/01\/circulo.png","width":723,"height":731,"caption":"Informe Litoral"},"image":{"@id":"https:\/\/informelitoral.com.ar\/#\/schema\/logo\/image\/"},"sameAs":["https:\/\/www.facebook.com\/informelitoral\/","https:\/\/x.com\/InformeLitoral","https:\/\/www.instagram.com\/informelitoral\/","https:\/\/www.youtube.com\/channel\/UCua4Qvz8Icb6MYqhoq9xLXw"]},{"@type":"Person","@id":"https:\/\/informelitoral.com.ar\/#\/schema\/person\/b9d00407c836482871ef1d57bf8e3180","name":"Gonzalo Schmidt","image":{"@type":"ImageObject","inLanguage":"es","@id":"https:\/\/secure.gravatar.com\/avatar\/31a1a7b66ff2de83bd0e9fd79d026630d2d99e55e8bfe501287647b4fd9743de?s=96&d=mm&r=g","url":"https:\/\/secure.gravatar.com\/avatar\/31a1a7b66ff2de83bd0e9fd79d026630d2d99e55e8bfe501287647b4fd9743de?s=96&d=mm&r=g","contentUrl":"https:\/\/secure.gravatar.com\/avatar\/31a1a7b66ff2de83bd0e9fd79d026630d2d99e55e8bfe501287647b4fd9743de?s=96&d=mm&r=g","caption":"Gonzalo Schmidt"},"description":"Sitio web de noticias de la provincia de Entre R\u00edos, Argentina. Informaci\u00f3n y entretenimiento. Informe Litoral, nos informamos.","sameAs":["http:\/\/www.isletasnoticias.com.ar"],"url":"https:\/\/informelitoral.com.ar\/author\/gonzalo\/"}]}},"_links":{"self":[{"href":"https:\/\/informelitoral.com.ar\/%77%70%2d%6a%73%6f%6e\/wp\/v2\/posts\/50728","targetHints":{"allow":["GET"]}}],"collection":[{"href":"https:\/\/informelitoral.com.ar\/%77%70%2d%6a%73%6f%6e\/wp\/v2\/posts"}],"about":[{"href":"https:\/\/informelitoral.com.ar\/%77%70%2d%6a%73%6f%6e\/wp\/v2\/types\/post"}],"author":[{"embeddable":true,"href":"https:\/\/informelitoral.com.ar\/%77%70%2d%6a%73%6f%6e\/wp\/v2\/users\/2"}],"replies":[{"embeddable":true,"href":"https:\/\/informelitoral.com.ar\/%77%70%2d%6a%73%6f%6e\/wp\/v2\/comments?post=50728"}],"version-history":[{"count":0,"href":"https:\/\/informelitoral.com.ar\/%77%70%2d%6a%73%6f%6e\/wp\/v2\/posts\/50728\/revisions"}],"wp:featuredmedia":[{"embeddable":true,"href":"https:\/\/informelitoral.com.ar\/%77%70%2d%6a%73%6f%6e\/wp\/v2\/media\/50730"}],"wp:attachment":[{"href":"https:\/\/informelitoral.com.ar\/%77%70%2d%6a%73%6f%6e\/wp\/v2\/media?parent=50728"}],"wp:term":[{"taxonomy":"category","embeddable":true,"href":"https:\/\/informelitoral.com.ar\/%77%70%2d%6a%73%6f%6e\/wp\/v2\/categories?post=50728"},{"taxonomy":"post_tag","embeddable":true,"href":"https:\/\/informelitoral.com.ar\/%77%70%2d%6a%73%6f%6e\/wp\/v2\/tags?post=50728"}],"curies":[{"name":"wp","href":"https:\/\/api.w.org\/{rel}","templated":true}]}}