{"id":50653,"date":"2020-09-30T20:39:30","date_gmt":"2020-09-30T23:39:30","guid":{"rendered":"https:\/\/www.isletasnoticias.com.ar\/?p=50653"},"modified":"2020-09-30T20:44:02","modified_gmt":"2020-09-30T23:44:02","slug":"parana-detuvieron-a-un-hombre-por-robar-en-la-sede-de-la-asociacion-barriletes","status":"publish","type":"post","link":"https:\/\/informelitoral.com.ar\/parana-detuvieron-a-un-hombre-por-robar-en-la-sede-de-la-asociacion-barriletes\/","title":{"rendered":"Paran\u00e1: detenido por robar en la \u00abAsociaci\u00f3n Barriletes\u00bb"},"content":{"rendered":"<div class=\"news-body-main\">\n<div id=\"note-body\" data-twitter-link=\"https:\/\/twitter.com\/intent\/tweet?url=https:\/\/www.unoentrerios.com.ar\/c2613462&amp;via=&amp;related=Uno Entre Rios&amp;text=\">\n<p>En la tarde de este mi\u00e9rcoles, se produjo la detenci\u00f3n de un hombre que llevaba un equipo de sonido en el centro de<strong>\u00a0Paran\u00e1<\/strong>. Se estableci\u00f3 que hab\u00eda sido robado de la asociaci\u00f3n civil\u00a0<strong>Barriletes<\/strong>. Tambi\u00e9n en San Agust\u00edn, se detuvo a dos adolescentes que hab\u00edan sustra\u00eddo equipos el\u00e9ctricos y dinero.<\/p>\n<\/div>\n<\/div>\n<div class=\"news-body-main\">\n<div id=\"note-body\" data-twitter-link=\"https:\/\/twitter.com\/intent\/tweet?url=https:\/\/www.unoentrerios.com.ar\/c2613462&amp;via=&amp;related=Uno Entre Rios&amp;text=\">\n<p>Personal Motorizado del\u00a0<strong>911<\/strong> de Paran\u00e1, demor\u00f3 este mi\u00e9rcoles a la tarde a un hombre de 37 a\u00f1os en calle Sebasti\u00e1n V\u00e1zquez y Montevideo. El sospechoso trasladaba un parlante de grandes dimensiones Marca \u00abCuazar\u00bb.<\/p>\n<\/div>\n<\/div>\n<div class=\"news-body-main\">\n<div id=\"note-body\" data-twitter-link=\"https:\/\/twitter.com\/intent\/tweet?url=https:\/\/www.unoentrerios.com.ar\/c2613462&amp;via=&amp;related=Uno Entre Rios&amp;text=\">\n<p>Por algunos datos, se supo que el equipo podr\u00eda haber sido robado de la asociaci\u00f3n civil Barriletes, ubicado en calle 9 de Julio. Al consultarse a las autoridades de la entidad, se estableci\u00f3 el faltante del parlante, como tambi\u00e9n la ausencia de da\u00f1os en la casa.<\/p>\n<p>El fiscal en turno, Juan Malvasio orden\u00f3 la detenci\u00f3n del hombre y su traslado a la Alcaid\u00eda de Tribunales.<\/p>\n<p><strong>Art\u00edculos el\u00e9ctricos<\/strong><\/p>\n<p>En tanto, en la madrugada de este mi\u00e9rcoles, se recepcion\u00f3 en el 911, de una situaci\u00f3n delictiva en Coronel Caminos, entre Gal\u00e1n y Casiano Calder\u00f3n.<\/p>\n<p>Uno de los m\u00f3viles, encontr\u00f3 al due\u00f1o de una casa, el cu\u00e1l inform\u00f3 que minutos antes, dos j\u00f3venes le hab\u00edan da\u00f1ado la puerta de ingreso y le robaron dos televisores, un equipo de m\u00fasica y una billetera con dinero.<\/p>\n<p>Se inici\u00f3 la b\u00fasqueda, y en Don Segundo Sombre y Cura Brochero, se demor\u00f3 a dos adolescentes de 14 y 17 a\u00f1os, que ten\u00edan en su poder equipos electr\u00f3nicos y otros elementos que hab\u00edan sustra\u00eddo.<\/p>\n<p>En la investigaci\u00f3n, se estableci\u00f3 que los detenidos con antecedentes, pretend\u00edan esconder los equipos en alg\u00fan descampa\u00f1ado, para luego ofrecerlos en esa zona de San Agust\u00edn y en las redes sociales, y luego adquirir estupefacientes.<\/p>\n<p>Con esta novedad, la fiscal en turno orden\u00f3 trasladar a los dos sospechosos a la Divisi\u00f3n Minoridad. En cuanto a los elementos secuestrados, fueron llevados a la comisar\u00eda sexta para ser entregados a su leg\u00edtimo due\u00f1o.<\/p>\n<p>(Fuente: unoentrerios.com)<\/p>\n<\/div>\n<\/div>\n","protected":false},"excerpt":{"rendered":"<p>En la tarde de este mi&eacute;rcoles, se produjo la detenci&oacute;n de un hombre que llevaba un equipo de sonido en el centro de&nbsp;Paran&aacute;. Se estableci&oacute; que hab&iacute;a sido robado de la asociaci&oacute;n civil&nbsp;Barriletes. Tambi&eacute;n en San Agust&iacute;n, se detuvo a dos adolescentes que hab&iacute;an sustra&iacute;do equipos el&eacute;ctricos y dinero. Personal Motorizado del&nbsp;911 de Paran&aacute;, demor&oacute; [&hellip;]<\/p>\n","protected":false},"author":8,"featured_media":50654,"comment_status":"open","ping_status":"open","sticky":false,"template":"","format":"standard","meta":{"fifu_image_url":"","fifu_image_alt":"","footnotes":""},"categories":[14],"tags":[1861,1862,1858,1859,45,1613,1860],"class_list":{"0":"post-50653","1":"post","2":"type-post","3":"status-publish","4":"format-standard","5":"has-post-thumbnail","7":"category-policiales","8":"tag-1861","9":"tag-alcaidia","10":"tag-barriletes","11":"tag-detuvieron","12":"tag-parana","13":"tag-policiales","14":"tag-robar"},"yoast_head":"<title>Paran\u00e1: detenido por robar en la &quot;Asociaci\u00f3n Barriletes&quot; - Informe Litoral<\/title>\n<meta name=\"robots\" content=\"index, follow, max-snippet:-1, max-image-preview:large, max-video-preview:-1\" \/>\n<link rel=\"canonical\" href=\"https:\/\/informelitoral.com.ar\/parana-detuvieron-a-un-hombre-por-robar-en-la-sede-de-la-asociacion-barriletes\/\" \/>\n<meta property=\"og:locale\" content=\"es_ES\" \/>\n<meta property=\"og:type\" content=\"article\" \/>\n<meta property=\"og:title\" content=\"Paran\u00e1: detenido por robar en la &quot;Asociaci\u00f3n Barriletes&quot; - Informe Litoral\" \/>\n<meta property=\"og:description\" content=\"En la tarde de este mi&eacute;rcoles, se produjo la detenci&oacute;n de un hombre que llevaba un equipo de sonido en el centro de&nbsp;Paran&aacute;. Se estableci&oacute; que hab&iacute;a sido robado de la asociaci&oacute;n civil&nbsp;Barriletes. Tambi&eacute;n en San Agust&iacute;n, se detuvo a dos adolescentes que hab&iacute;an sustra&iacute;do equipos el&eacute;ctricos y dinero. Personal Motorizado del&nbsp;911 de Paran&aacute;, demor&oacute; [&hellip;]\" \/>\n<meta property=\"og:url\" content=\"https:\/\/informelitoral.com.ar\/parana-detuvieron-a-un-hombre-por-robar-en-la-sede-de-la-asociacion-barriletes\/\" \/>\n<meta property=\"og:site_name\" content=\"Informe Litoral\" \/>\n<meta property=\"article:publisher\" content=\"https:\/\/www.facebook.com\/informelitoral\/\" \/>\n<meta property=\"article:published_time\" content=\"2020-09-30T23:39:30+00:00\" \/>\n<meta property=\"article:modified_time\" content=\"2020-09-30T23:44:02+00:00\" \/>\n<meta property=\"og:image\" content=\"https:\/\/informelitoral.com.ar\/%77%70%2d%63%6f%6e%74%65%6e%74\/uploads\/2020\/09\/policialesbarriletes.jpg\" \/>\n\t<meta property=\"og:image:width\" content=\"1330\" \/>\n\t<meta property=\"og:image:height\" content=\"880\" \/>\n\t<meta property=\"og:image:type\" content=\"image\/jpeg\" \/>\n<meta name=\"author\" content=\"Sebastian\" \/>\n<meta name=\"twitter:card\" content=\"summary_large_image\" \/>\n<meta name=\"twitter:creator\" content=\"@InformeLitoral\" \/>\n<meta name=\"twitter:site\" content=\"@InformeLitoral\" \/>\n<meta name=\"twitter:label1\" content=\"Escrito por\" \/>\n\t<meta name=\"twitter:data1\" content=\"Sebastian\" \/>\n\t<meta name=\"twitter:label2\" content=\"Tiempo de lectura\" \/>\n\t<meta name=\"twitter:data2\" content=\"2 minutos\" \/>\n<script type=\"application\/ld+json\" class=\"yoast-schema-graph\">{\"@context\":\"https:\\\/\\\/schema.org\",\"@graph\":[{\"@type\":\"Article\",\"@id\":\"https:\\\/\\\/informelitoral.com.ar\\\/parana-detuvieron-a-un-hombre-por-robar-en-la-sede-de-la-asociacion-barriletes\\\/#article\",\"isPartOf\":{\"@id\":\"https:\\\/\\\/informelitoral.com.ar\\\/parana-detuvieron-a-un-hombre-por-robar-en-la-sede-de-la-asociacion-barriletes\\\/\"},\"author\":{\"name\":\"Sebastian\",\"@id\":\"https:\\\/\\\/informelitoral.com.ar\\\/#\\\/schema\\\/person\\\/f05f9f461677119578717524b127d6d5\"},\"headline\":\"Paran\u00e1: detenido por robar en la \u00abAsociaci\u00f3n Barriletes\u00bb\",\"datePublished\":\"2020-09-30T23:39:30+00:00\",\"dateModified\":\"2020-09-30T23:44:02+00:00\",\"mainEntityOfPage\":{\"@id\":\"https:\\\/\\\/informelitoral.com.ar\\\/parana-detuvieron-a-un-hombre-por-robar-en-la-sede-de-la-asociacion-barriletes\\\/\"},\"wordCount\":375,\"commentCount\":0,\"publisher\":{\"@id\":\"https:\\\/\\\/informelitoral.com.ar\\\/#organization\"},\"image\":{\"@id\":\"https:\\\/\\\/informelitoral.com.ar\\\/parana-detuvieron-a-un-hombre-por-robar-en-la-sede-de-la-asociacion-barriletes\\\/#primaryimage\"},\"thumbnailUrl\":\"https:\\\/\\\/informelitoral.com.ar\\\/%77%70%2d%63%6f%6e%74%65%6e%74\\\/uploads\\\/2020\\\/09\\\/policialesbarriletes.jpg\",\"keywords\":[\"911\",\"Alcaid\u00eda\",\"Barriletes\",\"Detuvieron\",\"Paran\u00e1\",\"policiales\",\"Robar\"],\"articleSection\":[\"Policiales\"],\"inLanguage\":\"es\",\"potentialAction\":[{\"@type\":\"CommentAction\",\"name\":\"Comment\",\"target\":[\"https:\\\/\\\/informelitoral.com.ar\\\/parana-detuvieron-a-un-hombre-por-robar-en-la-sede-de-la-asociacion-barriletes\\\/#respond\"]}]},{\"@type\":\"WebPage\",\"@id\":\"https:\\\/\\\/informelitoral.com.ar\\\/parana-detuvieron-a-un-hombre-por-robar-en-la-sede-de-la-asociacion-barriletes\\\/\",\"url\":\"https:\\\/\\\/informelitoral.com.ar\\\/parana-detuvieron-a-un-hombre-por-robar-en-la-sede-de-la-asociacion-barriletes\\\/\",\"name\":\"Paran\u00e1: detenido por robar en la \\\"Asociaci\u00f3n Barriletes\\\" - Informe Litoral\",\"isPartOf\":{\"@id\":\"https:\\\/\\\/informelitoral.com.ar\\\/#website\"},\"primaryImageOfPage\":{\"@id\":\"https:\\\/\\\/informelitoral.com.ar\\\/parana-detuvieron-a-un-hombre-por-robar-en-la-sede-de-la-asociacion-barriletes\\\/#primaryimage\"},\"image\":{\"@id\":\"https:\\\/\\\/informelitoral.com.ar\\\/parana-detuvieron-a-un-hombre-por-robar-en-la-sede-de-la-asociacion-barriletes\\\/#primaryimage\"},\"thumbnailUrl\":\"https:\\\/\\\/informelitoral.com.ar\\\/%77%70%2d%63%6f%6e%74%65%6e%74\\\/uploads\\\/2020\\\/09\\\/policialesbarriletes.jpg\",\"datePublished\":\"2020-09-30T23:39:30+00:00\",\"dateModified\":\"2020-09-30T23:44:02+00:00\",\"breadcrumb\":{\"@id\":\"https:\\\/\\\/informelitoral.com.ar\\\/parana-detuvieron-a-un-hombre-por-robar-en-la-sede-de-la-asociacion-barriletes\\\/#breadcrumb\"},\"inLanguage\":\"es\",\"potentialAction\":[{\"@type\":\"ReadAction\",\"target\":[\"https:\\\/\\\/informelitoral.com.ar\\\/parana-detuvieron-a-un-hombre-por-robar-en-la-sede-de-la-asociacion-barriletes\\\/\"]}]},{\"@type\":\"ImageObject\",\"inLanguage\":\"es\",\"@id\":\"https:\\\/\\\/informelitoral.com.ar\\\/parana-detuvieron-a-un-hombre-por-robar-en-la-sede-de-la-asociacion-barriletes\\\/#primaryimage\",\"url\":\"https:\\\/\\\/informelitoral.com.ar\\\/%77%70%2d%63%6f%6e%74%65%6e%74\\\/uploads\\\/2020\\\/09\\\/policialesbarriletes.jpg\",\"contentUrl\":\"https:\\\/\\\/informelitoral.com.ar\\\/%77%70%2d%63%6f%6e%74%65%6e%74\\\/uploads\\\/2020\\\/09\\\/policialesbarriletes.jpg\",\"width\":1330,\"height\":880},{\"@type\":\"BreadcrumbList\",\"@id\":\"https:\\\/\\\/informelitoral.com.ar\\\/parana-detuvieron-a-un-hombre-por-robar-en-la-sede-de-la-asociacion-barriletes\\\/#breadcrumb\",\"itemListElement\":[{\"@type\":\"ListItem\",\"position\":1,\"name\":\"Portada\",\"item\":\"https:\\\/\\\/informelitoral.com.ar\\\/\"},{\"@type\":\"ListItem\",\"position\":2,\"name\":\"Paran\u00e1: detenido por robar en la \u00abAsociaci\u00f3n Barriletes\u00bb\"}]},{\"@type\":\"WebSite\",\"@id\":\"https:\\\/\\\/informelitoral.com.ar\\\/#website\",\"url\":\"https:\\\/\\\/informelitoral.com.ar\\\/\",\"name\":\"Informe Litoral\",\"description\":\"&quot;Nos informamos&quot; \",\"publisher\":{\"@id\":\"https:\\\/\\\/informelitoral.com.ar\\\/#organization\"},\"potentialAction\":[{\"@type\":\"SearchAction\",\"target\":{\"@type\":\"EntryPoint\",\"urlTemplate\":\"https:\\\/\\\/informelitoral.com.ar\\\/?s={search_term_string}\"},\"query-input\":{\"@type\":\"PropertyValueSpecification\",\"valueRequired\":true,\"valueName\":\"search_term_string\"}}],\"inLanguage\":\"es\"},{\"@type\":\"Organization\",\"@id\":\"https:\\\/\\\/informelitoral.com.ar\\\/#organization\",\"name\":\"Informe Litoral\",\"url\":\"https:\\\/\\\/informelitoral.com.ar\\\/\",\"logo\":{\"@type\":\"ImageObject\",\"inLanguage\":\"es\",\"@id\":\"https:\\\/\\\/informelitoral.com.ar\\\/#\\\/schema\\\/logo\\\/image\\\/\",\"url\":\"https:\\\/\\\/informelitoral.com.ar\\\/%77%70%2d%63%6f%6e%74%65%6e%74\\\/uploads\\\/2021\\\/01\\\/circulo.png\",\"contentUrl\":\"https:\\\/\\\/informelitoral.com.ar\\\/%77%70%2d%63%6f%6e%74%65%6e%74\\\/uploads\\\/2021\\\/01\\\/circulo.png\",\"width\":723,\"height\":731,\"caption\":\"Informe Litoral\"},\"image\":{\"@id\":\"https:\\\/\\\/informelitoral.com.ar\\\/#\\\/schema\\\/logo\\\/image\\\/\"},\"sameAs\":[\"https:\\\/\\\/www.facebook.com\\\/informelitoral\\\/\",\"https:\\\/\\\/x.com\\\/InformeLitoral\",\"https:\\\/\\\/www.instagram.com\\\/informelitoral\\\/\",\"https:\\\/\\\/www.youtube.com\\\/channel\\\/UCua4Qvz8Icb6MYqhoq9xLXw\"]},{\"@type\":\"Person\",\"@id\":\"https:\\\/\\\/informelitoral.com.ar\\\/#\\\/schema\\\/person\\\/f05f9f461677119578717524b127d6d5\",\"name\":\"Sebastian\",\"image\":{\"@type\":\"ImageObject\",\"inLanguage\":\"es\",\"@id\":\"https:\\\/\\\/secure.gravatar.com\\\/avatar\\\/b71bf7481d447dfb9583c7f2798e7cc64de6efb9067b74633ed8c31059a3bd82?s=96&d=mm&r=g\",\"url\":\"https:\\\/\\\/secure.gravatar.com\\\/avatar\\\/b71bf7481d447dfb9583c7f2798e7cc64de6efb9067b74633ed8c31059a3bd82?s=96&d=mm&r=g\",\"contentUrl\":\"https:\\\/\\\/secure.gravatar.com\\\/avatar\\\/b71bf7481d447dfb9583c7f2798e7cc64de6efb9067b74633ed8c31059a3bd82?s=96&d=mm&r=g\",\"caption\":\"Sebastian\"},\"url\":\"https:\\\/\\\/informelitoral.com.ar\\\/author\\\/sebastian\\\/\"}]}<\/script>","yoast_head_json":{"title":"Paran\u00e1: detenido por robar en la \"Asociaci\u00f3n Barriletes\" - Informe Litoral","robots":{"index":"index","follow":"follow","max-snippet":"max-snippet:-1","max-image-preview":"max-image-preview:large","max-video-preview":"max-video-preview:-1"},"canonical":"https:\/\/informelitoral.com.ar\/parana-detuvieron-a-un-hombre-por-robar-en-la-sede-de-la-asociacion-barriletes\/","og_locale":"es_ES","og_type":"article","og_title":"Paran\u00e1: detenido por robar en la \"Asociaci\u00f3n Barriletes\" - Informe Litoral","og_description":"En la tarde de este mi&eacute;rcoles, se produjo la detenci&oacute;n de un hombre que llevaba un equipo de sonido en el centro de&nbsp;Paran&aacute;. Se estableci&oacute; que hab&iacute;a sido robado de la asociaci&oacute;n civil&nbsp;Barriletes. Tambi&eacute;n en San Agust&iacute;n, se detuvo a dos adolescentes que hab&iacute;an sustra&iacute;do equipos el&eacute;ctricos y dinero. Personal Motorizado del&nbsp;911 de Paran&aacute;, demor&oacute; [&hellip;]","og_url":"https:\/\/informelitoral.com.ar\/parana-detuvieron-a-un-hombre-por-robar-en-la-sede-de-la-asociacion-barriletes\/","og_site_name":"Informe Litoral","article_publisher":"https:\/\/www.facebook.com\/informelitoral\/","article_published_time":"2020-09-30T23:39:30+00:00","article_modified_time":"2020-09-30T23:44:02+00:00","og_image":[{"width":1330,"height":880,"url":"https:\/\/informelitoral.com.ar\/%77%70%2d%63%6f%6e%74%65%6e%74\/uploads\/2020\/09\/policialesbarriletes.jpg","type":"image\/jpeg"}],"author":"Sebastian","twitter_card":"summary_large_image","twitter_creator":"@InformeLitoral","twitter_site":"@InformeLitoral","twitter_misc":{"Escrito por":"Sebastian","Tiempo de lectura":"2 minutos"},"schema":{"@context":"https:\/\/schema.org","@graph":[{"@type":"Article","@id":"https:\/\/informelitoral.com.ar\/parana-detuvieron-a-un-hombre-por-robar-en-la-sede-de-la-asociacion-barriletes\/#article","isPartOf":{"@id":"https:\/\/informelitoral.com.ar\/parana-detuvieron-a-un-hombre-por-robar-en-la-sede-de-la-asociacion-barriletes\/"},"author":{"name":"Sebastian","@id":"https:\/\/informelitoral.com.ar\/#\/schema\/person\/f05f9f461677119578717524b127d6d5"},"headline":"Paran\u00e1: detenido por robar en la \u00abAsociaci\u00f3n Barriletes\u00bb","datePublished":"2020-09-30T23:39:30+00:00","dateModified":"2020-09-30T23:44:02+00:00","mainEntityOfPage":{"@id":"https:\/\/informelitoral.com.ar\/parana-detuvieron-a-un-hombre-por-robar-en-la-sede-de-la-asociacion-barriletes\/"},"wordCount":375,"commentCount":0,"publisher":{"@id":"https:\/\/informelitoral.com.ar\/#organization"},"image":{"@id":"https:\/\/informelitoral.com.ar\/parana-detuvieron-a-un-hombre-por-robar-en-la-sede-de-la-asociacion-barriletes\/#primaryimage"},"thumbnailUrl":"https:\/\/informelitoral.com.ar\/%77%70%2d%63%6f%6e%74%65%6e%74\/uploads\/2020\/09\/policialesbarriletes.jpg","keywords":["911","Alcaid\u00eda","Barriletes","Detuvieron","Paran\u00e1","policiales","Robar"],"articleSection":["Policiales"],"inLanguage":"es","potentialAction":[{"@type":"CommentAction","name":"Comment","target":["https:\/\/informelitoral.com.ar\/parana-detuvieron-a-un-hombre-por-robar-en-la-sede-de-la-asociacion-barriletes\/#respond"]}]},{"@type":"WebPage","@id":"https:\/\/informelitoral.com.ar\/parana-detuvieron-a-un-hombre-por-robar-en-la-sede-de-la-asociacion-barriletes\/","url":"https:\/\/informelitoral.com.ar\/parana-detuvieron-a-un-hombre-por-robar-en-la-sede-de-la-asociacion-barriletes\/","name":"Paran\u00e1: detenido por robar en la \"Asociaci\u00f3n Barriletes\" - Informe Litoral","isPartOf":{"@id":"https:\/\/informelitoral.com.ar\/#website"},"primaryImageOfPage":{"@id":"https:\/\/informelitoral.com.ar\/parana-detuvieron-a-un-hombre-por-robar-en-la-sede-de-la-asociacion-barriletes\/#primaryimage"},"image":{"@id":"https:\/\/informelitoral.com.ar\/parana-detuvieron-a-un-hombre-por-robar-en-la-sede-de-la-asociacion-barriletes\/#primaryimage"},"thumbnailUrl":"https:\/\/informelitoral.com.ar\/%77%70%2d%63%6f%6e%74%65%6e%74\/uploads\/2020\/09\/policialesbarriletes.jpg","datePublished":"2020-09-30T23:39:30+00:00","dateModified":"2020-09-30T23:44:02+00:00","breadcrumb":{"@id":"https:\/\/informelitoral.com.ar\/parana-detuvieron-a-un-hombre-por-robar-en-la-sede-de-la-asociacion-barriletes\/#breadcrumb"},"inLanguage":"es","potentialAction":[{"@type":"ReadAction","target":["https:\/\/informelitoral.com.ar\/parana-detuvieron-a-un-hombre-por-robar-en-la-sede-de-la-asociacion-barriletes\/"]}]},{"@type":"ImageObject","inLanguage":"es","@id":"https:\/\/informelitoral.com.ar\/parana-detuvieron-a-un-hombre-por-robar-en-la-sede-de-la-asociacion-barriletes\/#primaryimage","url":"https:\/\/informelitoral.com.ar\/%77%70%2d%63%6f%6e%74%65%6e%74\/uploads\/2020\/09\/policialesbarriletes.jpg","contentUrl":"https:\/\/informelitoral.com.ar\/%77%70%2d%63%6f%6e%74%65%6e%74\/uploads\/2020\/09\/policialesbarriletes.jpg","width":1330,"height":880},{"@type":"BreadcrumbList","@id":"https:\/\/informelitoral.com.ar\/parana-detuvieron-a-un-hombre-por-robar-en-la-sede-de-la-asociacion-barriletes\/#breadcrumb","itemListElement":[{"@type":"ListItem","position":1,"name":"Portada","item":"https:\/\/informelitoral.com.ar\/"},{"@type":"ListItem","position":2,"name":"Paran\u00e1: detenido por robar en la \u00abAsociaci\u00f3n Barriletes\u00bb"}]},{"@type":"WebSite","@id":"https:\/\/informelitoral.com.ar\/#website","url":"https:\/\/informelitoral.com.ar\/","name":"Informe Litoral","description":"&quot;Nos informamos&quot; ","publisher":{"@id":"https:\/\/informelitoral.com.ar\/#organization"},"potentialAction":[{"@type":"SearchAction","target":{"@type":"EntryPoint","urlTemplate":"https:\/\/informelitoral.com.ar\/?s={search_term_string}"},"query-input":{"@type":"PropertyValueSpecification","valueRequired":true,"valueName":"search_term_string"}}],"inLanguage":"es"},{"@type":"Organization","@id":"https:\/\/informelitoral.com.ar\/#organization","name":"Informe Litoral","url":"https:\/\/informelitoral.com.ar\/","logo":{"@type":"ImageObject","inLanguage":"es","@id":"https:\/\/informelitoral.com.ar\/#\/schema\/logo\/image\/","url":"https:\/\/informelitoral.com.ar\/%77%70%2d%63%6f%6e%74%65%6e%74\/uploads\/2021\/01\/circulo.png","contentUrl":"https:\/\/informelitoral.com.ar\/%77%70%2d%63%6f%6e%74%65%6e%74\/uploads\/2021\/01\/circulo.png","width":723,"height":731,"caption":"Informe Litoral"},"image":{"@id":"https:\/\/informelitoral.com.ar\/#\/schema\/logo\/image\/"},"sameAs":["https:\/\/www.facebook.com\/informelitoral\/","https:\/\/x.com\/InformeLitoral","https:\/\/www.instagram.com\/informelitoral\/","https:\/\/www.youtube.com\/channel\/UCua4Qvz8Icb6MYqhoq9xLXw"]},{"@type":"Person","@id":"https:\/\/informelitoral.com.ar\/#\/schema\/person\/f05f9f461677119578717524b127d6d5","name":"Sebastian","image":{"@type":"ImageObject","inLanguage":"es","@id":"https:\/\/secure.gravatar.com\/avatar\/b71bf7481d447dfb9583c7f2798e7cc64de6efb9067b74633ed8c31059a3bd82?s=96&d=mm&r=g","url":"https:\/\/secure.gravatar.com\/avatar\/b71bf7481d447dfb9583c7f2798e7cc64de6efb9067b74633ed8c31059a3bd82?s=96&d=mm&r=g","contentUrl":"https:\/\/secure.gravatar.com\/avatar\/b71bf7481d447dfb9583c7f2798e7cc64de6efb9067b74633ed8c31059a3bd82?s=96&d=mm&r=g","caption":"Sebastian"},"url":"https:\/\/informelitoral.com.ar\/author\/sebastian\/"}]}},"_links":{"self":[{"href":"https:\/\/informelitoral.com.ar\/%77%70%2d%6a%73%6f%6e\/wp\/v2\/posts\/50653","targetHints":{"allow":["GET"]}}],"collection":[{"href":"https:\/\/informelitoral.com.ar\/%77%70%2d%6a%73%6f%6e\/wp\/v2\/posts"}],"about":[{"href":"https:\/\/informelitoral.com.ar\/%77%70%2d%6a%73%6f%6e\/wp\/v2\/types\/post"}],"author":[{"embeddable":true,"href":"https:\/\/informelitoral.com.ar\/%77%70%2d%6a%73%6f%6e\/wp\/v2\/users\/8"}],"replies":[{"embeddable":true,"href":"https:\/\/informelitoral.com.ar\/%77%70%2d%6a%73%6f%6e\/wp\/v2\/comments?post=50653"}],"version-history":[{"count":0,"href":"https:\/\/informelitoral.com.ar\/%77%70%2d%6a%73%6f%6e\/wp\/v2\/posts\/50653\/revisions"}],"wp:featuredmedia":[{"embeddable":true,"href":"https:\/\/informelitoral.com.ar\/%77%70%2d%6a%73%6f%6e\/wp\/v2\/media\/50654"}],"wp:attachment":[{"href":"https:\/\/informelitoral.com.ar\/%77%70%2d%6a%73%6f%6e\/wp\/v2\/media?parent=50653"}],"wp:term":[{"taxonomy":"category","embeddable":true,"href":"https:\/\/informelitoral.com.ar\/%77%70%2d%6a%73%6f%6e\/wp\/v2\/categories?post=50653"},{"taxonomy":"post_tag","embeddable":true,"href":"https:\/\/informelitoral.com.ar\/%77%70%2d%6a%73%6f%6e\/wp\/v2\/tags?post=50653"}],"curies":[{"name":"wp","href":"https:\/\/api.w.org\/{rel}","templated":true}]}}