{"id":5055,"date":"2014-01-08T12:36:26","date_gmt":"2014-01-08T15:36:26","guid":{"rendered":"http:\/\/www.isletasnoticias.com.ar\/?p=5055"},"modified":"2014-01-08T12:36:26","modified_gmt":"2014-01-08T15:36:26","slug":"aldea-san-francisco-volvieron-a-aparecer-numerosos-peces-muertos-en-arroyo-las-aranas","status":"publish","type":"post","link":"https:\/\/informelitoral.com.ar\/aldea-san-francisco-volvieron-a-aparecer-numerosos-peces-muertos-en-arroyo-las-aranas\/","title":{"rendered":"Aldea San Francisco: Volvieron a aparecer numerosos peces muertos en arroyo Las Ara\u00f1as"},"content":{"rendered":"<p><strong>La mortandad se da en Aldea San Francisco, donde sucedi\u00f3 el mismo problema en noviembre. Sospechan del volcado de agroqu\u00edmicos o limpieza de m\u00e1quina<strong>s fumigadoras.<\/strong><\/strong><\/p>\n<p><img loading=\"lazy\" decoding=\"async\" class=\"aligncenter size-medium wp-image-5063\" alt=\"1486648_452789948177098_2140059700_n\" src=\"http:\/\/www.isletasnoticias.com.ar\/%77%70%2d%63%6f%6e%74%65%6e%74\/uploads\/2014\/01\/1486648_452789948177098_2140059700_n-300x225.jpg\" width=\"300\" height=\"225\" srcset=\"https:\/\/informelitoral.com.ar\/%77%70%2d%63%6f%6e%74%65%6e%74\/uploads\/2014\/01\/1486648_452789948177098_2140059700_n-300x225.jpg 300w, https:\/\/informelitoral.com.ar\/%77%70%2d%63%6f%6e%74%65%6e%74\/uploads\/2014\/01\/1486648_452789948177098_2140059700_n.jpg 960w\" sizes=\"auto, (max-width: 300px) 100vw, 300px\" \/><\/p>\n<p>En Aldea San Francisco, Departamento Diamante, aparecieron numerosos peces muertos los primeros d\u00edas de 2014. Adem\u00e1s, el agua presenta una tonalidad rojiza. Los vecinos est\u00e1n preocupados porque los chicos se ba\u00f1an en ese curso de agua y de ah\u00ed tambi\u00e9n beben los animales.<\/p>\n<p>El jueves 2, habitantes de la zona avisaron de la novedad a <strong>Marina Meccia<\/strong>, presidente de la Junta de Gobierno de General Alvear, de la que depende Aldea San Francisco. El s\u00e1bado 4 la funcionaria realiz\u00f3 una exposici\u00f3n policial en la Comisar\u00eda de Aldea San Francisco.<\/p>\n<p>El arroyo Las Ara\u00f1as nace en Aldea Spatzenkutter, atraviesa San Francisco y desemboca en el r\u00edo Paran\u00e1, a poca distancia aguas arriba del balneario de Valle Mar\u00eda.<\/p>\n<p>En ese mismo lugar, en noviembre de 2013 aparecieron cientos de peces muertos y tambi\u00e9n tortugas. Medio Ambiente de la Provincia tom\u00f3 muestras para hacer analizar, pero hasta la fecha no se conocen los resultados completos de los estudios.<\/p>\n<p>Meccia cont\u00f3 que se conocieron los resultados de las muestras que se enviaron a Concepci\u00f3n del Uruguay, que arrojaron que el agua conten\u00eda ox\u00edgeno pero tambi\u00e9n un grado alto de amoniaco. En cambio, todav\u00eda est\u00e1n a la espera de los an\u00e1lisis realizados en Santa Fe, que suponen que no se conocer\u00e1n reci\u00e9n cuando finalice el receso administrativo, el lunes 20.<\/p>\n<p>El titular de Medio Ambiente de la Provincia, <strong>Fernando Raffo,<\/strong> se comunic\u00f3 con Meccia. La presidenta de la Junta le manifest\u00f3 la preocupaci\u00f3n suya y de los vecinos por este problema.<\/p>\n<p>Las posibles causas que se manejan son el lavado de maquinaria en el arroyo, el uso de un agroqu\u00edmico o una f\u00e1brica que est\u00e9 ilegalmente en la zona y vuelque sus residuos en el agua.<\/p>\n<p>Ante los comentarios de los pobladores que hablan de un productor que lav\u00f3 una fumigadora en Las Ara\u00f1as, Meccia sostuvo que esa posibilidad no se descarta, pero tampoco se la puede afirmar.<\/p>\n<p>\u201cAlgunos perros comieron peces muertos y tambi\u00e9n comenzaron a sentir las consecuencias, seg\u00fan me comentaron los vecinos. La gente est\u00e1 preocupada porque el arroyo pasa por el medio del pueblo; despu\u00e9s de lo de noviembre se hab\u00eda recuperado y los chicos se hab\u00edan vuelto a ba\u00f1ar ah\u00ed\u201d, sostuvo.<\/p>\n<p><strong>En Facebook<\/strong><\/p>\n<p>Meccia hizo p\u00fablico esta situaci\u00f3n el s\u00e1bado en su cuenta de Facebook, donde comparti\u00f3 las fotos que obtuvo y el siguiente comentario: \u201cEl d\u00eda jueves 2 de enero de 2014, luego de la lluvia ca\u00edda en la zona, el Sr. Daniel Lell, vecino de Aldea San Francisco, me llama para informarme que recorriendo el arroyo con sus animales como lo hace usualmente, observa algo que capta su atenci\u00f3n; muchos caranchos circundaban en el Arroyo Las Ara\u00f1as de Aldea San Francisco\u2026 Acerc\u00e1ndose al lugar ve gran cantidad y variedad de peces muertos (truchas, bogas, mojarras, viejas del agua, etc, como as\u00ed tambi\u00e9n una anguila) not\u00f3 que el agua estaba de un color rojizo y que las vacas y caballos no quer\u00edan beber agua del arroyo\u201d.<\/p>\n<p>\u201cTras su llamada me dirijo a la Secretar\u00eda de ambiente en la ciudad de Paran\u00e1, encontrando solo una empleada debido al receso administrativo, por lo que le solicit\u00e9 informara al secretario de Medio Ambiente Sr. Fernando Raffo, quien se comunic\u00f3 telef\u00f3nicamente conmigo. Me pidi\u00f3 que hiciera una exposici\u00f3n y la llevara a la Secretar\u00eda, ya que por el momento no hay personal trabajando. Tambi\u00e9n me informa que el resultado del an\u00e1lisis enviado al laboratorio de la ciudad de Santa Fe no ha llegado a\u00fan\u201d.<\/p>\n<p>\u201cEl d\u00eda viernes la Sra. Marisa Kemmerer tambi\u00e9n al recorrer aguas m\u00e1s arriba la cascada del arroyo donde se dirigi\u00f3 con sus hijos a sacar fotos, ve el color rojizo del agua y peces de distintos tama\u00f1os muertos que flotaban en el mismo arroyo\u201d.<\/p>\n<p>\u201cTal como me fue solicitado por el secretario de Ambiente, hoy constate lo dicho por estas personas, recorriendo el lugar junto a ellos, ya que no hab\u00eda nadie en la comisar\u00eda local. Tomando fotos realic\u00e9 la exposici\u00f3n en la Comisar\u00eda de Aldea Valle Mar\u00eda\u201d.<\/p>\n<p>\u201cEn dos meses es la segunda vez que un hecho de esta \u00edndole se repite, sin encontrar todav\u00eda las causas del mismo. Los vecinos se encuentran preocupados, ya que el arroyo al conectarse con el r\u00edo Paran\u00e1 hab\u00eda logrado tener vida acu\u00e1tica nuevamente y ahora observan que este hecho volvi\u00f3 a repetirse luego de una lluvia abundante\u201d.<\/p>\n<p>Fuente:\u00a0<em>UNO.<\/em><\/p>\n","protected":false},"excerpt":{"rendered":"<p>La mortandad se da en Aldea San Francisco, donde sucedi&oacute; el mismo problema en noviembre. Sospechan del volcado de agroqu&iacute;micos o limpieza de m&aacute;quinas fumigadoras. En Aldea San Francisco, Departamento Diamante, aparecieron numerosos peces muertos los primeros d&iacute;as de 2014. Adem&aacute;s, el agua presenta una tonalidad rojiza. Los vecinos est&aacute;n preocupados porque los chicos se [&hellip;]<\/p>\n","protected":false},"author":2,"featured_media":0,"comment_status":"open","ping_status":"open","sticky":false,"template":"","format":"standard","meta":{"fifu_image_url":"","fifu_image_alt":"","footnotes":""},"categories":[5],"tags":[],"class_list":{"0":"post-5055","1":"post","2":"type-post","3":"status-publish","4":"format-standard","6":"category-zonales"},"yoast_head":"<title>Aldea San Francisco: Volvieron a aparecer numerosos peces muertos en arroyo Las Ara\u00f1as - Informe Litoral<\/title>\n<meta name=\"robots\" content=\"index, follow, max-snippet:-1, max-image-preview:large, max-video-preview:-1\" \/>\n<link rel=\"canonical\" href=\"https:\/\/informelitoral.com.ar\/aldea-san-francisco-volvieron-a-aparecer-numerosos-peces-muertos-en-arroyo-las-aranas\/\" \/>\n<meta property=\"og:locale\" content=\"es_ES\" \/>\n<meta property=\"og:type\" content=\"article\" \/>\n<meta property=\"og:title\" content=\"Aldea San Francisco: Volvieron a aparecer numerosos peces muertos en arroyo Las Ara\u00f1as - Informe Litoral\" \/>\n<meta property=\"og:description\" content=\"La mortandad se da en Aldea San Francisco, donde sucedi&oacute; el mismo problema en noviembre. Sospechan del volcado de agroqu&iacute;micos o limpieza de m&aacute;quinas fumigadoras. En Aldea San Francisco, Departamento Diamante, aparecieron numerosos peces muertos los primeros d&iacute;as de 2014. Adem&aacute;s, el agua presenta una tonalidad rojiza. Los vecinos est&aacute;n preocupados porque los chicos se [&hellip;]\" \/>\n<meta property=\"og:url\" content=\"https:\/\/informelitoral.com.ar\/aldea-san-francisco-volvieron-a-aparecer-numerosos-peces-muertos-en-arroyo-las-aranas\/\" \/>\n<meta property=\"og:site_name\" content=\"Informe Litoral\" \/>\n<meta property=\"article:publisher\" content=\"https:\/\/www.facebook.com\/informelitoral\/\" \/>\n<meta property=\"article:published_time\" content=\"2014-01-08T15:36:26+00:00\" \/>\n<meta property=\"og:image\" content=\"https:\/\/informelitoral.com.ar\/%77%70%2d%63%6f%6e%74%65%6e%74\/uploads\/2014\/01\/1486648_452789948177098_2140059700_n.jpg\" \/>\n\t<meta property=\"og:image:width\" content=\"960\" \/>\n\t<meta property=\"og:image:height\" content=\"720\" \/>\n\t<meta property=\"og:image:type\" content=\"image\/jpeg\" \/>\n<meta name=\"author\" content=\"Gonzalo Schmidt\" \/>\n<meta name=\"twitter:card\" content=\"summary_large_image\" \/>\n<meta name=\"twitter:creator\" content=\"@InformeLitoral\" \/>\n<meta name=\"twitter:site\" content=\"@InformeLitoral\" \/>\n<meta name=\"twitter:label1\" content=\"Escrito por\" \/>\n\t<meta name=\"twitter:data1\" content=\"Gonzalo Schmidt\" \/>\n\t<meta name=\"twitter:label2\" content=\"Tiempo de lectura\" \/>\n\t<meta name=\"twitter:data2\" content=\"4 minutos\" \/>\n<script type=\"application\/ld+json\" class=\"yoast-schema-graph\">{\"@context\":\"https:\\\/\\\/schema.org\",\"@graph\":[{\"@type\":\"Article\",\"@id\":\"https:\\\/\\\/informelitoral.com.ar\\\/aldea-san-francisco-volvieron-a-aparecer-numerosos-peces-muertos-en-arroyo-las-aranas\\\/#article\",\"isPartOf\":{\"@id\":\"https:\\\/\\\/informelitoral.com.ar\\\/aldea-san-francisco-volvieron-a-aparecer-numerosos-peces-muertos-en-arroyo-las-aranas\\\/\"},\"author\":{\"name\":\"Gonzalo Schmidt\",\"@id\":\"https:\\\/\\\/informelitoral.com.ar\\\/#\\\/schema\\\/person\\\/b9d00407c836482871ef1d57bf8e3180\"},\"headline\":\"Aldea San Francisco: Volvieron a aparecer numerosos peces muertos en arroyo Las Ara\u00f1as\",\"datePublished\":\"2014-01-08T15:36:26+00:00\",\"mainEntityOfPage\":{\"@id\":\"https:\\\/\\\/informelitoral.com.ar\\\/aldea-san-francisco-volvieron-a-aparecer-numerosos-peces-muertos-en-arroyo-las-aranas\\\/\"},\"wordCount\":813,\"commentCount\":0,\"publisher\":{\"@id\":\"https:\\\/\\\/informelitoral.com.ar\\\/#organization\"},\"image\":{\"@id\":\"https:\\\/\\\/informelitoral.com.ar\\\/aldea-san-francisco-volvieron-a-aparecer-numerosos-peces-muertos-en-arroyo-las-aranas\\\/#primaryimage\"},\"thumbnailUrl\":\"http:\\\/\\\/www.isletasnoticias.com.ar\\\/%77%70%2d%63%6f%6e%74%65%6e%74\\\/uploads\\\/2014\\\/01\\\/1486648_452789948177098_2140059700_n-300x225.jpg\",\"articleSection\":[\"Departamento Diamante\"],\"inLanguage\":\"es\",\"potentialAction\":[{\"@type\":\"CommentAction\",\"name\":\"Comment\",\"target\":[\"https:\\\/\\\/informelitoral.com.ar\\\/aldea-san-francisco-volvieron-a-aparecer-numerosos-peces-muertos-en-arroyo-las-aranas\\\/#respond\"]}]},{\"@type\":\"WebPage\",\"@id\":\"https:\\\/\\\/informelitoral.com.ar\\\/aldea-san-francisco-volvieron-a-aparecer-numerosos-peces-muertos-en-arroyo-las-aranas\\\/\",\"url\":\"https:\\\/\\\/informelitoral.com.ar\\\/aldea-san-francisco-volvieron-a-aparecer-numerosos-peces-muertos-en-arroyo-las-aranas\\\/\",\"name\":\"Aldea San Francisco: Volvieron a aparecer numerosos peces muertos en arroyo Las Ara\u00f1as - Informe Litoral\",\"isPartOf\":{\"@id\":\"https:\\\/\\\/informelitoral.com.ar\\\/#website\"},\"primaryImageOfPage\":{\"@id\":\"https:\\\/\\\/informelitoral.com.ar\\\/aldea-san-francisco-volvieron-a-aparecer-numerosos-peces-muertos-en-arroyo-las-aranas\\\/#primaryimage\"},\"image\":{\"@id\":\"https:\\\/\\\/informelitoral.com.ar\\\/aldea-san-francisco-volvieron-a-aparecer-numerosos-peces-muertos-en-arroyo-las-aranas\\\/#primaryimage\"},\"thumbnailUrl\":\"http:\\\/\\\/www.isletasnoticias.com.ar\\\/%77%70%2d%63%6f%6e%74%65%6e%74\\\/uploads\\\/2014\\\/01\\\/1486648_452789948177098_2140059700_n-300x225.jpg\",\"datePublished\":\"2014-01-08T15:36:26+00:00\",\"breadcrumb\":{\"@id\":\"https:\\\/\\\/informelitoral.com.ar\\\/aldea-san-francisco-volvieron-a-aparecer-numerosos-peces-muertos-en-arroyo-las-aranas\\\/#breadcrumb\"},\"inLanguage\":\"es\",\"potentialAction\":[{\"@type\":\"ReadAction\",\"target\":[\"https:\\\/\\\/informelitoral.com.ar\\\/aldea-san-francisco-volvieron-a-aparecer-numerosos-peces-muertos-en-arroyo-las-aranas\\\/\"]}]},{\"@type\":\"ImageObject\",\"inLanguage\":\"es\",\"@id\":\"https:\\\/\\\/informelitoral.com.ar\\\/aldea-san-francisco-volvieron-a-aparecer-numerosos-peces-muertos-en-arroyo-las-aranas\\\/#primaryimage\",\"url\":\"http:\\\/\\\/www.isletasnoticias.com.ar\\\/%77%70%2d%63%6f%6e%74%65%6e%74\\\/uploads\\\/2014\\\/01\\\/1486648_452789948177098_2140059700_n-300x225.jpg\",\"contentUrl\":\"http:\\\/\\\/www.isletasnoticias.com.ar\\\/%77%70%2d%63%6f%6e%74%65%6e%74\\\/uploads\\\/2014\\\/01\\\/1486648_452789948177098_2140059700_n-300x225.jpg\"},{\"@type\":\"BreadcrumbList\",\"@id\":\"https:\\\/\\\/informelitoral.com.ar\\\/aldea-san-francisco-volvieron-a-aparecer-numerosos-peces-muertos-en-arroyo-las-aranas\\\/#breadcrumb\",\"itemListElement\":[{\"@type\":\"ListItem\",\"position\":1,\"name\":\"Portada\",\"item\":\"https:\\\/\\\/informelitoral.com.ar\\\/\"},{\"@type\":\"ListItem\",\"position\":2,\"name\":\"Aldea San Francisco: Volvieron a aparecer numerosos peces muertos en arroyo Las Ara\u00f1as\"}]},{\"@type\":\"WebSite\",\"@id\":\"https:\\\/\\\/informelitoral.com.ar\\\/#website\",\"url\":\"https:\\\/\\\/informelitoral.com.ar\\\/\",\"name\":\"Informe Litoral\",\"description\":\"&quot;Nos informamos&quot; \",\"publisher\":{\"@id\":\"https:\\\/\\\/informelitoral.com.ar\\\/#organization\"},\"potentialAction\":[{\"@type\":\"SearchAction\",\"target\":{\"@type\":\"EntryPoint\",\"urlTemplate\":\"https:\\\/\\\/informelitoral.com.ar\\\/?s={search_term_string}\"},\"query-input\":{\"@type\":\"PropertyValueSpecification\",\"valueRequired\":true,\"valueName\":\"search_term_string\"}}],\"inLanguage\":\"es\"},{\"@type\":\"Organization\",\"@id\":\"https:\\\/\\\/informelitoral.com.ar\\\/#organization\",\"name\":\"Informe Litoral\",\"url\":\"https:\\\/\\\/informelitoral.com.ar\\\/\",\"logo\":{\"@type\":\"ImageObject\",\"inLanguage\":\"es\",\"@id\":\"https:\\\/\\\/informelitoral.com.ar\\\/#\\\/schema\\\/logo\\\/image\\\/\",\"url\":\"https:\\\/\\\/informelitoral.com.ar\\\/%77%70%2d%63%6f%6e%74%65%6e%74\\\/uploads\\\/2021\\\/01\\\/circulo.png\",\"contentUrl\":\"https:\\\/\\\/informelitoral.com.ar\\\/%77%70%2d%63%6f%6e%74%65%6e%74\\\/uploads\\\/2021\\\/01\\\/circulo.png\",\"width\":723,\"height\":731,\"caption\":\"Informe Litoral\"},\"image\":{\"@id\":\"https:\\\/\\\/informelitoral.com.ar\\\/#\\\/schema\\\/logo\\\/image\\\/\"},\"sameAs\":[\"https:\\\/\\\/www.facebook.com\\\/informelitoral\\\/\",\"https:\\\/\\\/x.com\\\/InformeLitoral\",\"https:\\\/\\\/www.instagram.com\\\/informelitoral\\\/\",\"https:\\\/\\\/www.youtube.com\\\/channel\\\/UCua4Qvz8Icb6MYqhoq9xLXw\"]},{\"@type\":\"Person\",\"@id\":\"https:\\\/\\\/informelitoral.com.ar\\\/#\\\/schema\\\/person\\\/b9d00407c836482871ef1d57bf8e3180\",\"name\":\"Gonzalo Schmidt\",\"image\":{\"@type\":\"ImageObject\",\"inLanguage\":\"es\",\"@id\":\"https:\\\/\\\/secure.gravatar.com\\\/avatar\\\/31a1a7b66ff2de83bd0e9fd79d026630d2d99e55e8bfe501287647b4fd9743de?s=96&d=mm&r=g\",\"url\":\"https:\\\/\\\/secure.gravatar.com\\\/avatar\\\/31a1a7b66ff2de83bd0e9fd79d026630d2d99e55e8bfe501287647b4fd9743de?s=96&d=mm&r=g\",\"contentUrl\":\"https:\\\/\\\/secure.gravatar.com\\\/avatar\\\/31a1a7b66ff2de83bd0e9fd79d026630d2d99e55e8bfe501287647b4fd9743de?s=96&d=mm&r=g\",\"caption\":\"Gonzalo Schmidt\"},\"description\":\"Sitio web de noticias de la provincia de Entre R\u00edos, Argentina. Informaci\u00f3n y entretenimiento. Informe Litoral, nos informamos.\",\"sameAs\":[\"http:\\\/\\\/www.isletasnoticias.com.ar\"],\"url\":\"https:\\\/\\\/informelitoral.com.ar\\\/author\\\/gonzalo\\\/\"}]}<\/script>","yoast_head_json":{"title":"Aldea San Francisco: Volvieron a aparecer numerosos peces muertos en arroyo Las Ara\u00f1as - Informe Litoral","robots":{"index":"index","follow":"follow","max-snippet":"max-snippet:-1","max-image-preview":"max-image-preview:large","max-video-preview":"max-video-preview:-1"},"canonical":"https:\/\/informelitoral.com.ar\/aldea-san-francisco-volvieron-a-aparecer-numerosos-peces-muertos-en-arroyo-las-aranas\/","og_locale":"es_ES","og_type":"article","og_title":"Aldea San Francisco: Volvieron a aparecer numerosos peces muertos en arroyo Las Ara\u00f1as - Informe Litoral","og_description":"La mortandad se da en Aldea San Francisco, donde sucedi&oacute; el mismo problema en noviembre. Sospechan del volcado de agroqu&iacute;micos o limpieza de m&aacute;quinas fumigadoras. En Aldea San Francisco, Departamento Diamante, aparecieron numerosos peces muertos los primeros d&iacute;as de 2014. Adem&aacute;s, el agua presenta una tonalidad rojiza. Los vecinos est&aacute;n preocupados porque los chicos se [&hellip;]","og_url":"https:\/\/informelitoral.com.ar\/aldea-san-francisco-volvieron-a-aparecer-numerosos-peces-muertos-en-arroyo-las-aranas\/","og_site_name":"Informe Litoral","article_publisher":"https:\/\/www.facebook.com\/informelitoral\/","article_published_time":"2014-01-08T15:36:26+00:00","og_image":[{"width":960,"height":720,"url":"https:\/\/informelitoral.com.ar\/%77%70%2d%63%6f%6e%74%65%6e%74\/uploads\/2014\/01\/1486648_452789948177098_2140059700_n.jpg","type":"image\/jpeg"}],"author":"Gonzalo Schmidt","twitter_card":"summary_large_image","twitter_creator":"@InformeLitoral","twitter_site":"@InformeLitoral","twitter_misc":{"Escrito por":"Gonzalo Schmidt","Tiempo de lectura":"4 minutos"},"schema":{"@context":"https:\/\/schema.org","@graph":[{"@type":"Article","@id":"https:\/\/informelitoral.com.ar\/aldea-san-francisco-volvieron-a-aparecer-numerosos-peces-muertos-en-arroyo-las-aranas\/#article","isPartOf":{"@id":"https:\/\/informelitoral.com.ar\/aldea-san-francisco-volvieron-a-aparecer-numerosos-peces-muertos-en-arroyo-las-aranas\/"},"author":{"name":"Gonzalo Schmidt","@id":"https:\/\/informelitoral.com.ar\/#\/schema\/person\/b9d00407c836482871ef1d57bf8e3180"},"headline":"Aldea San Francisco: Volvieron a aparecer numerosos peces muertos en arroyo Las Ara\u00f1as","datePublished":"2014-01-08T15:36:26+00:00","mainEntityOfPage":{"@id":"https:\/\/informelitoral.com.ar\/aldea-san-francisco-volvieron-a-aparecer-numerosos-peces-muertos-en-arroyo-las-aranas\/"},"wordCount":813,"commentCount":0,"publisher":{"@id":"https:\/\/informelitoral.com.ar\/#organization"},"image":{"@id":"https:\/\/informelitoral.com.ar\/aldea-san-francisco-volvieron-a-aparecer-numerosos-peces-muertos-en-arroyo-las-aranas\/#primaryimage"},"thumbnailUrl":"http:\/\/www.isletasnoticias.com.ar\/%77%70%2d%63%6f%6e%74%65%6e%74\/uploads\/2014\/01\/1486648_452789948177098_2140059700_n-300x225.jpg","articleSection":["Departamento Diamante"],"inLanguage":"es","potentialAction":[{"@type":"CommentAction","name":"Comment","target":["https:\/\/informelitoral.com.ar\/aldea-san-francisco-volvieron-a-aparecer-numerosos-peces-muertos-en-arroyo-las-aranas\/#respond"]}]},{"@type":"WebPage","@id":"https:\/\/informelitoral.com.ar\/aldea-san-francisco-volvieron-a-aparecer-numerosos-peces-muertos-en-arroyo-las-aranas\/","url":"https:\/\/informelitoral.com.ar\/aldea-san-francisco-volvieron-a-aparecer-numerosos-peces-muertos-en-arroyo-las-aranas\/","name":"Aldea San Francisco: Volvieron a aparecer numerosos peces muertos en arroyo Las Ara\u00f1as - Informe Litoral","isPartOf":{"@id":"https:\/\/informelitoral.com.ar\/#website"},"primaryImageOfPage":{"@id":"https:\/\/informelitoral.com.ar\/aldea-san-francisco-volvieron-a-aparecer-numerosos-peces-muertos-en-arroyo-las-aranas\/#primaryimage"},"image":{"@id":"https:\/\/informelitoral.com.ar\/aldea-san-francisco-volvieron-a-aparecer-numerosos-peces-muertos-en-arroyo-las-aranas\/#primaryimage"},"thumbnailUrl":"http:\/\/www.isletasnoticias.com.ar\/%77%70%2d%63%6f%6e%74%65%6e%74\/uploads\/2014\/01\/1486648_452789948177098_2140059700_n-300x225.jpg","datePublished":"2014-01-08T15:36:26+00:00","breadcrumb":{"@id":"https:\/\/informelitoral.com.ar\/aldea-san-francisco-volvieron-a-aparecer-numerosos-peces-muertos-en-arroyo-las-aranas\/#breadcrumb"},"inLanguage":"es","potentialAction":[{"@type":"ReadAction","target":["https:\/\/informelitoral.com.ar\/aldea-san-francisco-volvieron-a-aparecer-numerosos-peces-muertos-en-arroyo-las-aranas\/"]}]},{"@type":"ImageObject","inLanguage":"es","@id":"https:\/\/informelitoral.com.ar\/aldea-san-francisco-volvieron-a-aparecer-numerosos-peces-muertos-en-arroyo-las-aranas\/#primaryimage","url":"http:\/\/www.isletasnoticias.com.ar\/%77%70%2d%63%6f%6e%74%65%6e%74\/uploads\/2014\/01\/1486648_452789948177098_2140059700_n-300x225.jpg","contentUrl":"http:\/\/www.isletasnoticias.com.ar\/%77%70%2d%63%6f%6e%74%65%6e%74\/uploads\/2014\/01\/1486648_452789948177098_2140059700_n-300x225.jpg"},{"@type":"BreadcrumbList","@id":"https:\/\/informelitoral.com.ar\/aldea-san-francisco-volvieron-a-aparecer-numerosos-peces-muertos-en-arroyo-las-aranas\/#breadcrumb","itemListElement":[{"@type":"ListItem","position":1,"name":"Portada","item":"https:\/\/informelitoral.com.ar\/"},{"@type":"ListItem","position":2,"name":"Aldea San Francisco: Volvieron a aparecer numerosos peces muertos en arroyo Las Ara\u00f1as"}]},{"@type":"WebSite","@id":"https:\/\/informelitoral.com.ar\/#website","url":"https:\/\/informelitoral.com.ar\/","name":"Informe Litoral","description":"&quot;Nos informamos&quot; ","publisher":{"@id":"https:\/\/informelitoral.com.ar\/#organization"},"potentialAction":[{"@type":"SearchAction","target":{"@type":"EntryPoint","urlTemplate":"https:\/\/informelitoral.com.ar\/?s={search_term_string}"},"query-input":{"@type":"PropertyValueSpecification","valueRequired":true,"valueName":"search_term_string"}}],"inLanguage":"es"},{"@type":"Organization","@id":"https:\/\/informelitoral.com.ar\/#organization","name":"Informe Litoral","url":"https:\/\/informelitoral.com.ar\/","logo":{"@type":"ImageObject","inLanguage":"es","@id":"https:\/\/informelitoral.com.ar\/#\/schema\/logo\/image\/","url":"https:\/\/informelitoral.com.ar\/%77%70%2d%63%6f%6e%74%65%6e%74\/uploads\/2021\/01\/circulo.png","contentUrl":"https:\/\/informelitoral.com.ar\/%77%70%2d%63%6f%6e%74%65%6e%74\/uploads\/2021\/01\/circulo.png","width":723,"height":731,"caption":"Informe Litoral"},"image":{"@id":"https:\/\/informelitoral.com.ar\/#\/schema\/logo\/image\/"},"sameAs":["https:\/\/www.facebook.com\/informelitoral\/","https:\/\/x.com\/InformeLitoral","https:\/\/www.instagram.com\/informelitoral\/","https:\/\/www.youtube.com\/channel\/UCua4Qvz8Icb6MYqhoq9xLXw"]},{"@type":"Person","@id":"https:\/\/informelitoral.com.ar\/#\/schema\/person\/b9d00407c836482871ef1d57bf8e3180","name":"Gonzalo Schmidt","image":{"@type":"ImageObject","inLanguage":"es","@id":"https:\/\/secure.gravatar.com\/avatar\/31a1a7b66ff2de83bd0e9fd79d026630d2d99e55e8bfe501287647b4fd9743de?s=96&d=mm&r=g","url":"https:\/\/secure.gravatar.com\/avatar\/31a1a7b66ff2de83bd0e9fd79d026630d2d99e55e8bfe501287647b4fd9743de?s=96&d=mm&r=g","contentUrl":"https:\/\/secure.gravatar.com\/avatar\/31a1a7b66ff2de83bd0e9fd79d026630d2d99e55e8bfe501287647b4fd9743de?s=96&d=mm&r=g","caption":"Gonzalo Schmidt"},"description":"Sitio web de noticias de la provincia de Entre R\u00edos, Argentina. Informaci\u00f3n y entretenimiento. Informe Litoral, nos informamos.","sameAs":["http:\/\/www.isletasnoticias.com.ar"],"url":"https:\/\/informelitoral.com.ar\/author\/gonzalo\/"}]}},"_links":{"self":[{"href":"https:\/\/informelitoral.com.ar\/%77%70%2d%6a%73%6f%6e\/wp\/v2\/posts\/5055","targetHints":{"allow":["GET"]}}],"collection":[{"href":"https:\/\/informelitoral.com.ar\/%77%70%2d%6a%73%6f%6e\/wp\/v2\/posts"}],"about":[{"href":"https:\/\/informelitoral.com.ar\/%77%70%2d%6a%73%6f%6e\/wp\/v2\/types\/post"}],"author":[{"embeddable":true,"href":"https:\/\/informelitoral.com.ar\/%77%70%2d%6a%73%6f%6e\/wp\/v2\/users\/2"}],"replies":[{"embeddable":true,"href":"https:\/\/informelitoral.com.ar\/%77%70%2d%6a%73%6f%6e\/wp\/v2\/comments?post=5055"}],"version-history":[{"count":0,"href":"https:\/\/informelitoral.com.ar\/%77%70%2d%6a%73%6f%6e\/wp\/v2\/posts\/5055\/revisions"}],"wp:attachment":[{"href":"https:\/\/informelitoral.com.ar\/%77%70%2d%6a%73%6f%6e\/wp\/v2\/media?parent=5055"}],"wp:term":[{"taxonomy":"category","embeddable":true,"href":"https:\/\/informelitoral.com.ar\/%77%70%2d%6a%73%6f%6e\/wp\/v2\/categories?post=5055"},{"taxonomy":"post_tag","embeddable":true,"href":"https:\/\/informelitoral.com.ar\/%77%70%2d%6a%73%6f%6e\/wp\/v2\/tags?post=5055"}],"curies":[{"name":"wp","href":"https:\/\/api.w.org\/{rel}","templated":true}]}}