{"id":50457,"date":"2020-09-26T13:00:54","date_gmt":"2020-09-26T16:00:54","guid":{"rendered":"https:\/\/www.isletasnoticias.com.ar\/?p=50457"},"modified":"2020-09-26T13:00:54","modified_gmt":"2020-09-26T16:00:54","slug":"una-intensa-tormenta-derribo-arboles-y-postes-en-el-sur-de-entre-rios","status":"publish","type":"post","link":"https:\/\/informelitoral.com.ar\/una-intensa-tormenta-derribo-arboles-y-postes-en-el-sur-de-entre-rios\/","title":{"rendered":"Una intensa tormenta derrib\u00f3 \u00e1rboles y postes en el sur de Entre R\u00edos"},"content":{"rendered":"<p>Fuertes r\u00e1fagas de viento, acompa\u00f1adas por intensas precipitaciones en un corto per\u00edodo de tiempo provocaron inconvenientes en diferentes zonas del sur de Entre R\u00edos. Hubo ca\u00edda de \u00e1rboles, cortes de luz y da\u00f1os en viviendas<\/p>\n<p>Una fuerte pero breve tormenta acompa\u00f1ada de r\u00e1fagas de viento afect\u00f3, este viernes por la noche, la localidad de Basavilbaso y alrededores. El fen\u00f3meno clim\u00e1tico caus\u00f3 algunos da\u00f1os y provoc\u00f3 el corte del suministro el\u00e9ctrico y reci\u00e9n a medida ma\u00f1ana de este s\u00e1bado se reestableci\u00f3 el servicio.<\/p>\n<p>Si bien las r\u00e1fagas de viento en Basavilbaso comenzaron por la tarde donde el cielo se cubri\u00f3 de nubes negras, la lluvia fuerte llegar\u00eda alrededor de las 21 horas.<\/p>\n<figure class=\"wp-block-image size-large\"><img loading=\"lazy\" decoding=\"async\" class=\"wp-image-63525\" src=\"https:\/\/www.entremediosweb.com\/v2\/%77%70%2d%63%6f%6e%74%65%6e%74\/uploads\/2020\/09\/vientos-tormentas-1024x768.jpg\" sizes=\"auto, (max-width: 1024px) 100vw, 1024px\" srcset=\"https:\/\/www.entremediosweb.com\/v2\/%77%70%2d%63%6f%6e%74%65%6e%74\/uploads\/2020\/09\/vientos-tormentas-1024x768.jpg 1024w, https:\/\/www.entremediosweb.com\/v2\/%77%70%2d%63%6f%6e%74%65%6e%74\/uploads\/2020\/09\/vientos-tormentas-300x225.jpg 300w, https:\/\/www.entremediosweb.com\/v2\/%77%70%2d%63%6f%6e%74%65%6e%74\/uploads\/2020\/09\/vientos-tormentas-768x576.jpg 768w, https:\/\/www.entremediosweb.com\/v2\/%77%70%2d%63%6f%6e%74%65%6e%74\/uploads\/2020\/09\/vientos-tormentas.jpg 1280w\" alt=\"\" width=\"1024\" height=\"768\" data-attachment-id=\"63525\" data-permalink=\"https:\/\/www.entremediosweb.com\/v2\/una-intensa-tormenta-con-fuertes-vientos-derribo-arboles-y-postes-en-el-sur-de-entre-rios\/vientos-tormentas\/\" data-orig-file=\"https:\/\/www.entremediosweb.com\/v2\/%77%70%2d%63%6f%6e%74%65%6e%74\/uploads\/2020\/09\/vientos-tormentas.jpg\" data-orig-size=\"1280,960\" data-comments-opened=\"0\" data-image-meta=\"{&quot;aperture&quot;:&quot;0&quot;,&quot;credit&quot;:&quot;&quot;,&quot;camera&quot;:&quot;&quot;,&quot;caption&quot;:&quot;&quot;,&quot;created_timestamp&quot;:&quot;0&quot;,&quot;copyright&quot;:&quot;&quot;,&quot;focal_length&quot;:&quot;0&quot;,&quot;iso&quot;:&quot;0&quot;,&quot;shutter_speed&quot;:&quot;0&quot;,&quot;title&quot;:&quot;&quot;,&quot;orientation&quot;:&quot;0&quot;}\" data-image-title=\"vientos-tormentas\" data-image-description=\"\" data-medium-file=\"https:\/\/www.entremediosweb.com\/v2\/%77%70%2d%63%6f%6e%74%65%6e%74\/uploads\/2020\/09\/vientos-tormentas-300x225.jpg\" data-large-file=\"https:\/\/www.entremediosweb.com\/v2\/%77%70%2d%63%6f%6e%74%65%6e%74\/uploads\/2020\/09\/vientos-tormentas-1024x768.jpg\" \/><\/figure>\n<p>En el acceso a la localidad, personal del Municipio y de Bomberos que efectuaban controles de rutina en momentos en que hab\u00eda comenzado el desplazamiento de las oscuras nubes, aseguraron que \u00abla intensidad del viento iba en aumento\u00bb.<\/p>\n<p>\u00abCuando m\u00e1s se not\u00f3 fue durante un control de temperatura al conductor de un automovilista; vimos que \u00abcomenzaron a \u00abvolar\u00bb los conos y dem\u00e1s elementos de se\u00f1al\u00e9tica, y cuando el auto deja el lugar nos dirigimos al container (que utilizan para resguardarse del fr\u00edo o la lluvia), y nos sorprende una violenta r\u00e1faga que movi\u00f3 la \u00abcasilla\u00bb y la desplaz\u00f3 contra la camioneta\u00bb, cont\u00f3 un Bombero, al medio <em>Fm Riel.<\/em><\/p>\n<figure class=\"wp-block-image size-large\"><img loading=\"lazy\" decoding=\"async\" class=\"wp-image-63526\" src=\"https:\/\/www.entremediosweb.com\/v2\/%77%70%2d%63%6f%6e%74%65%6e%74\/uploads\/2020\/09\/tormentas-arboles-1024x768.jpg\" sizes=\"auto, (max-width: 1024px) 100vw, 1024px\" srcset=\"https:\/\/www.entremediosweb.com\/v2\/%77%70%2d%63%6f%6e%74%65%6e%74\/uploads\/2020\/09\/tormentas-arboles-1024x768.jpg 1024w, https:\/\/www.entremediosweb.com\/v2\/%77%70%2d%63%6f%6e%74%65%6e%74\/uploads\/2020\/09\/tormentas-arboles-300x225.jpg 300w, https:\/\/www.entremediosweb.com\/v2\/%77%70%2d%63%6f%6e%74%65%6e%74\/uploads\/2020\/09\/tormentas-arboles-768x576.jpg 768w, https:\/\/www.entremediosweb.com\/v2\/%77%70%2d%63%6f%6e%74%65%6e%74\/uploads\/2020\/09\/tormentas-arboles.jpg 1280w\" alt=\"\" width=\"1024\" height=\"768\" data-attachment-id=\"63526\" data-permalink=\"https:\/\/www.entremediosweb.com\/v2\/una-intensa-tormenta-con-fuertes-vientos-derribo-arboles-y-postes-en-el-sur-de-entre-rios\/tormentas-arboles\/\" data-orig-file=\"https:\/\/www.entremediosweb.com\/v2\/%77%70%2d%63%6f%6e%74%65%6e%74\/uploads\/2020\/09\/tormentas-arboles.jpg\" data-orig-size=\"1280,960\" data-comments-opened=\"0\" data-image-meta=\"{&quot;aperture&quot;:&quot;0&quot;,&quot;credit&quot;:&quot;&quot;,&quot;camera&quot;:&quot;&quot;,&quot;caption&quot;:&quot;&quot;,&quot;created_timestamp&quot;:&quot;0&quot;,&quot;copyright&quot;:&quot;&quot;,&quot;focal_length&quot;:&quot;0&quot;,&quot;iso&quot;:&quot;0&quot;,&quot;shutter_speed&quot;:&quot;0&quot;,&quot;title&quot;:&quot;&quot;,&quot;orientation&quot;:&quot;0&quot;}\" data-image-title=\"tormentas-arboles\" data-image-description=\"\" data-medium-file=\"https:\/\/www.entremediosweb.com\/v2\/%77%70%2d%63%6f%6e%74%65%6e%74\/uploads\/2020\/09\/tormentas-arboles-300x225.jpg\" data-large-file=\"https:\/\/www.entremediosweb.com\/v2\/%77%70%2d%63%6f%6e%74%65%6e%74\/uploads\/2020\/09\/tormentas-arboles-1024x768.jpg\" \/><\/figure>\n<p>En Basavilbaso, aproximadamente para las 21, otra vez hubo un poco de viento intenso, lluvia y hasta -en algunos sectores- granizo; el fen\u00f3meno no dur\u00f3 mucho, pero lo suficiente para que en algunos sectores de la ciudad se observaran hojas, gajos y ramas, entre los m\u00e1s afectados un a\u00f1oso \u00e1rbol de la plazoleta de la Avenida San Mart\u00edn, entre Urquiza y Sarmiento y otro, en la plaza \u00ab9 de Julio\u00bb, el que qued\u00f3 con sus ra\u00edces fuera de la tierra.<\/p>\n<figure class=\"wp-block-image size-large\"><img loading=\"lazy\" decoding=\"async\" class=\"wp-image-63521\" src=\"https:\/\/www.entremediosweb.com\/v2\/%77%70%2d%63%6f%6e%74%65%6e%74\/uploads\/2020\/09\/tormentas-2-768x1024.jpg\" sizes=\"auto, (max-width: 768px) 100vw, 768px\" srcset=\"https:\/\/www.entremediosweb.com\/v2\/%77%70%2d%63%6f%6e%74%65%6e%74\/uploads\/2020\/09\/tormentas-2-768x1024.jpg 768w, https:\/\/www.entremediosweb.com\/v2\/%77%70%2d%63%6f%6e%74%65%6e%74\/uploads\/2020\/09\/tormentas-2-225x300.jpg 225w, https:\/\/www.entremediosweb.com\/v2\/%77%70%2d%63%6f%6e%74%65%6e%74\/uploads\/2020\/09\/tormentas-2.jpg 780w\" alt=\"\" width=\"768\" height=\"1024\" data-attachment-id=\"63521\" data-permalink=\"https:\/\/www.entremediosweb.com\/v2\/una-intensa-tormenta-con-fuertes-vientos-derribo-arboles-y-postes-en-el-sur-de-entre-rios\/tormentas-2-2\/\" data-orig-file=\"https:\/\/www.entremediosweb.com\/v2\/%77%70%2d%63%6f%6e%74%65%6e%74\/uploads\/2020\/09\/tormentas-2.jpg\" data-orig-size=\"780,1040\" data-comments-opened=\"0\" data-image-meta=\"{&quot;aperture&quot;:&quot;0&quot;,&quot;credit&quot;:&quot;&quot;,&quot;camera&quot;:&quot;&quot;,&quot;caption&quot;:&quot;&quot;,&quot;created_timestamp&quot;:&quot;0&quot;,&quot;copyright&quot;:&quot;&quot;,&quot;focal_length&quot;:&quot;0&quot;,&quot;iso&quot;:&quot;0&quot;,&quot;shutter_speed&quot;:&quot;0&quot;,&quot;title&quot;:&quot;&quot;,&quot;orientation&quot;:&quot;0&quot;}\" data-image-title=\"tormentas-2\" data-image-description=\"\" data-medium-file=\"https:\/\/www.entremediosweb.com\/v2\/%77%70%2d%63%6f%6e%74%65%6e%74\/uploads\/2020\/09\/tormentas-2-225x300.jpg\" data-large-file=\"https:\/\/www.entremediosweb.com\/v2\/%77%70%2d%63%6f%6e%74%65%6e%74\/uploads\/2020\/09\/tormentas-2-768x1024.jpg\" \/><\/figure>\n<p>En tanto, en la localidad de Rocamora, tanto en la zona urbana como rural el temporal vol\u00f3 chapas , gajos y ramas de \u00e1rboles afectaron varios tramos del tendido el\u00e9ctrico. Hasta pasadas 00:30 horas hab\u00eda usuarios sin luz, ya que varios tramos de cables de media y baja tensi\u00f3n resultaron cortados en al menos dos sectores de la localidad.<\/p>\n<figure class=\"wp-block-image size-large\"><img loading=\"lazy\" decoding=\"async\" class=\"wp-image-63523\" src=\"https:\/\/www.entremediosweb.com\/v2\/%77%70%2d%63%6f%6e%74%65%6e%74\/uploads\/2020\/09\/tormenta-1-1-768x1024.jpg\" sizes=\"auto, (max-width: 768px) 100vw, 768px\" srcset=\"https:\/\/www.entremediosweb.com\/v2\/%77%70%2d%63%6f%6e%74%65%6e%74\/uploads\/2020\/09\/tormenta-1-1-768x1024.jpg 768w, https:\/\/www.entremediosweb.com\/v2\/%77%70%2d%63%6f%6e%74%65%6e%74\/uploads\/2020\/09\/tormenta-1-1-225x300.jpg 225w, https:\/\/www.entremediosweb.com\/v2\/%77%70%2d%63%6f%6e%74%65%6e%74\/uploads\/2020\/09\/tormenta-1-1.jpg 864w\" alt=\"\" width=\"768\" height=\"1024\" data-attachment-id=\"63523\" data-permalink=\"https:\/\/www.entremediosweb.com\/v2\/una-intensa-tormenta-con-fuertes-vientos-derribo-arboles-y-postes-en-el-sur-de-entre-rios\/tormenta-1-1\/\" data-orig-file=\"https:\/\/www.entremediosweb.com\/v2\/%77%70%2d%63%6f%6e%74%65%6e%74\/uploads\/2020\/09\/tormenta-1-1.jpg\" data-orig-size=\"864,1152\" data-comments-opened=\"0\" data-image-meta=\"{&quot;aperture&quot;:&quot;0&quot;,&quot;credit&quot;:&quot;&quot;,&quot;camera&quot;:&quot;&quot;,&quot;caption&quot;:&quot;&quot;,&quot;created_timestamp&quot;:&quot;0&quot;,&quot;copyright&quot;:&quot;&quot;,&quot;focal_length&quot;:&quot;0&quot;,&quot;iso&quot;:&quot;0&quot;,&quot;shutter_speed&quot;:&quot;0&quot;,&quot;title&quot;:&quot;&quot;,&quot;orientation&quot;:&quot;0&quot;}\" data-image-title=\"tormenta-1-1\" data-image-description=\"\" data-medium-file=\"https:\/\/www.entremediosweb.com\/v2\/%77%70%2d%63%6f%6e%74%65%6e%74\/uploads\/2020\/09\/tormenta-1-1-225x300.jpg\" data-large-file=\"https:\/\/www.entremediosweb.com\/v2\/%77%70%2d%63%6f%6e%74%65%6e%74\/uploads\/2020\/09\/tormenta-1-1-768x1024.jpg\" \/><\/figure>\n<figure class=\"wp-block-image size-large\"><img loading=\"lazy\" decoding=\"async\" class=\"wp-image-63522\" src=\"https:\/\/www.entremediosweb.com\/v2\/%77%70%2d%63%6f%6e%74%65%6e%74\/uploads\/2020\/09\/tormentas-3-768x1024.jpg\" sizes=\"auto, (max-width: 768px) 100vw, 768px\" srcset=\"https:\/\/www.entremediosweb.com\/v2\/%77%70%2d%63%6f%6e%74%65%6e%74\/uploads\/2020\/09\/tormentas-3-768x1024.jpg 768w, https:\/\/www.entremediosweb.com\/v2\/%77%70%2d%63%6f%6e%74%65%6e%74\/uploads\/2020\/09\/tormentas-3-225x300.jpg 225w, https:\/\/www.entremediosweb.com\/v2\/%77%70%2d%63%6f%6e%74%65%6e%74\/uploads\/2020\/09\/tormentas-3.jpg 864w\" alt=\"\" width=\"768\" height=\"1024\" data-attachment-id=\"63522\" data-permalink=\"https:\/\/www.entremediosweb.com\/v2\/una-intensa-tormenta-con-fuertes-vientos-derribo-arboles-y-postes-en-el-sur-de-entre-rios\/tormentas-3-2\/\" data-orig-file=\"https:\/\/www.entremediosweb.com\/v2\/%77%70%2d%63%6f%6e%74%65%6e%74\/uploads\/2020\/09\/tormentas-3.jpg\" data-orig-size=\"864,1152\" data-comments-opened=\"0\" data-image-meta=\"{&quot;aperture&quot;:&quot;0&quot;,&quot;credit&quot;:&quot;&quot;,&quot;camera&quot;:&quot;&quot;,&quot;caption&quot;:&quot;&quot;,&quot;created_timestamp&quot;:&quot;0&quot;,&quot;copyright&quot;:&quot;&quot;,&quot;focal_length&quot;:&quot;0&quot;,&quot;iso&quot;:&quot;0&quot;,&quot;shutter_speed&quot;:&quot;0&quot;,&quot;title&quot;:&quot;&quot;,&quot;orientation&quot;:&quot;0&quot;}\" data-image-title=\"tormentas-3\" data-image-description=\"\" data-medium-file=\"https:\/\/www.entremediosweb.com\/v2\/%77%70%2d%63%6f%6e%74%65%6e%74\/uploads\/2020\/09\/tormentas-3-225x300.jpg\" data-large-file=\"https:\/\/www.entremediosweb.com\/v2\/%77%70%2d%63%6f%6e%74%65%6e%74\/uploads\/2020\/09\/tormentas-3-768x1024.jpg\" \/><\/figure>\n<p>En la Colonia Avelina la tormenta no dur\u00f3 m\u00e1s de 5 minutos, pero caus\u00f3 da\u00f1os severos, arranc\u00f3 varios \u00e1rboles de ra\u00edz, a otros los \u00abparti\u00f3 por la mitad\u00bb, en un reconocido vivero la virulencia del viento provoc\u00f3 grandes da\u00f1os.<\/p>\n<p><em>Fuente: Fm Riel<\/em><\/p>\n","protected":false},"excerpt":{"rendered":"<p>Hubo ca\u00edda de \u00e1rboles, cortes de luz y da\u00f1os en viviendas.<\/p>\n","protected":false},"author":2,"featured_media":50459,"comment_status":"open","ping_status":"open","sticky":false,"template":"","format":"standard","meta":{"fifu_image_url":"","fifu_image_alt":"","footnotes":""},"categories":[6],"tags":[81,527,1078],"class_list":{"0":"post-50457","1":"post","2":"type-post","3":"status-publish","4":"format-standard","5":"has-post-thumbnail","7":"category-entre-rios","8":"tag-entre-rios","9":"tag-temporal","10":"tag-tormentas"},"yoast_head":"<title>Una intensa tormenta derrib\u00f3 \u00e1rboles y postes en el sur de Entre R\u00edos - Informe Litoral<\/title>\n<meta name=\"robots\" content=\"index, follow, max-snippet:-1, max-image-preview:large, max-video-preview:-1\" \/>\n<link rel=\"canonical\" href=\"https:\/\/informelitoral.com.ar\/una-intensa-tormenta-derribo-arboles-y-postes-en-el-sur-de-entre-rios\/\" \/>\n<meta property=\"og:locale\" content=\"es_ES\" \/>\n<meta property=\"og:type\" content=\"article\" \/>\n<meta property=\"og:title\" content=\"Una intensa tormenta derrib\u00f3 \u00e1rboles y postes en el sur de Entre R\u00edos - Informe Litoral\" \/>\n<meta property=\"og:description\" content=\"Hubo ca\u00edda de \u00e1rboles, cortes de luz y da\u00f1os en viviendas.\" \/>\n<meta property=\"og:url\" content=\"https:\/\/informelitoral.com.ar\/una-intensa-tormenta-derribo-arboles-y-postes-en-el-sur-de-entre-rios\/\" \/>\n<meta property=\"og:site_name\" content=\"Informe Litoral\" \/>\n<meta property=\"article:publisher\" content=\"https:\/\/www.facebook.com\/informelitoral\/\" \/>\n<meta property=\"article:published_time\" content=\"2020-09-26T16:00:54+00:00\" \/>\n<meta property=\"og:image\" content=\"https:\/\/informelitoral.com.ar\/%77%70%2d%63%6f%6e%74%65%6e%74\/uploads\/2020\/09\/tormentas-fuertes-780x470-2.jpg\" \/>\n\t<meta property=\"og:image:width\" content=\"780\" \/>\n\t<meta property=\"og:image:height\" content=\"470\" \/>\n\t<meta property=\"og:image:type\" content=\"image\/jpeg\" \/>\n<meta name=\"author\" content=\"Gonzalo Schmidt\" \/>\n<meta name=\"twitter:card\" content=\"summary_large_image\" \/>\n<meta name=\"twitter:creator\" content=\"@InformeLitoral\" \/>\n<meta name=\"twitter:site\" content=\"@InformeLitoral\" \/>\n<meta name=\"twitter:label1\" content=\"Escrito por\" \/>\n\t<meta name=\"twitter:data1\" content=\"Gonzalo Schmidt\" \/>\n\t<meta name=\"twitter:label2\" content=\"Tiempo de lectura\" \/>\n\t<meta name=\"twitter:data2\" content=\"2 minutos\" \/>\n<script type=\"application\/ld+json\" class=\"yoast-schema-graph\">{\"@context\":\"https:\\\/\\\/schema.org\",\"@graph\":[{\"@type\":\"Article\",\"@id\":\"https:\\\/\\\/informelitoral.com.ar\\\/una-intensa-tormenta-derribo-arboles-y-postes-en-el-sur-de-entre-rios\\\/#article\",\"isPartOf\":{\"@id\":\"https:\\\/\\\/informelitoral.com.ar\\\/una-intensa-tormenta-derribo-arboles-y-postes-en-el-sur-de-entre-rios\\\/\"},\"author\":{\"name\":\"Gonzalo Schmidt\",\"@id\":\"https:\\\/\\\/informelitoral.com.ar\\\/#\\\/schema\\\/person\\\/b9d00407c836482871ef1d57bf8e3180\"},\"headline\":\"Una intensa tormenta derrib\u00f3 \u00e1rboles y postes en el sur de Entre R\u00edos\",\"datePublished\":\"2020-09-26T16:00:54+00:00\",\"mainEntityOfPage\":{\"@id\":\"https:\\\/\\\/informelitoral.com.ar\\\/una-intensa-tormenta-derribo-arboles-y-postes-en-el-sur-de-entre-rios\\\/\"},\"wordCount\":444,\"commentCount\":0,\"publisher\":{\"@id\":\"https:\\\/\\\/informelitoral.com.ar\\\/#organization\"},\"image\":{\"@id\":\"https:\\\/\\\/informelitoral.com.ar\\\/una-intensa-tormenta-derribo-arboles-y-postes-en-el-sur-de-entre-rios\\\/#primaryimage\"},\"thumbnailUrl\":\"https:\\\/\\\/informelitoral.com.ar\\\/%77%70%2d%63%6f%6e%74%65%6e%74\\\/uploads\\\/2020\\\/09\\\/tormentas-fuertes-780x470-2.jpg\",\"keywords\":[\"Entre R\u00edos\",\"Temporal\",\"Tormentas\"],\"articleSection\":[\"Entre R\u00edos\"],\"inLanguage\":\"es\",\"potentialAction\":[{\"@type\":\"CommentAction\",\"name\":\"Comment\",\"target\":[\"https:\\\/\\\/informelitoral.com.ar\\\/una-intensa-tormenta-derribo-arboles-y-postes-en-el-sur-de-entre-rios\\\/#respond\"]}]},{\"@type\":\"WebPage\",\"@id\":\"https:\\\/\\\/informelitoral.com.ar\\\/una-intensa-tormenta-derribo-arboles-y-postes-en-el-sur-de-entre-rios\\\/\",\"url\":\"https:\\\/\\\/informelitoral.com.ar\\\/una-intensa-tormenta-derribo-arboles-y-postes-en-el-sur-de-entre-rios\\\/\",\"name\":\"Una intensa tormenta derrib\u00f3 \u00e1rboles y postes en el sur de Entre R\u00edos - Informe Litoral\",\"isPartOf\":{\"@id\":\"https:\\\/\\\/informelitoral.com.ar\\\/#website\"},\"primaryImageOfPage\":{\"@id\":\"https:\\\/\\\/informelitoral.com.ar\\\/una-intensa-tormenta-derribo-arboles-y-postes-en-el-sur-de-entre-rios\\\/#primaryimage\"},\"image\":{\"@id\":\"https:\\\/\\\/informelitoral.com.ar\\\/una-intensa-tormenta-derribo-arboles-y-postes-en-el-sur-de-entre-rios\\\/#primaryimage\"},\"thumbnailUrl\":\"https:\\\/\\\/informelitoral.com.ar\\\/%77%70%2d%63%6f%6e%74%65%6e%74\\\/uploads\\\/2020\\\/09\\\/tormentas-fuertes-780x470-2.jpg\",\"datePublished\":\"2020-09-26T16:00:54+00:00\",\"breadcrumb\":{\"@id\":\"https:\\\/\\\/informelitoral.com.ar\\\/una-intensa-tormenta-derribo-arboles-y-postes-en-el-sur-de-entre-rios\\\/#breadcrumb\"},\"inLanguage\":\"es\",\"potentialAction\":[{\"@type\":\"ReadAction\",\"target\":[\"https:\\\/\\\/informelitoral.com.ar\\\/una-intensa-tormenta-derribo-arboles-y-postes-en-el-sur-de-entre-rios\\\/\"]}]},{\"@type\":\"ImageObject\",\"inLanguage\":\"es\",\"@id\":\"https:\\\/\\\/informelitoral.com.ar\\\/una-intensa-tormenta-derribo-arboles-y-postes-en-el-sur-de-entre-rios\\\/#primaryimage\",\"url\":\"https:\\\/\\\/informelitoral.com.ar\\\/%77%70%2d%63%6f%6e%74%65%6e%74\\\/uploads\\\/2020\\\/09\\\/tormentas-fuertes-780x470-2.jpg\",\"contentUrl\":\"https:\\\/\\\/informelitoral.com.ar\\\/%77%70%2d%63%6f%6e%74%65%6e%74\\\/uploads\\\/2020\\\/09\\\/tormentas-fuertes-780x470-2.jpg\",\"width\":780,\"height\":470},{\"@type\":\"BreadcrumbList\",\"@id\":\"https:\\\/\\\/informelitoral.com.ar\\\/una-intensa-tormenta-derribo-arboles-y-postes-en-el-sur-de-entre-rios\\\/#breadcrumb\",\"itemListElement\":[{\"@type\":\"ListItem\",\"position\":1,\"name\":\"Portada\",\"item\":\"https:\\\/\\\/informelitoral.com.ar\\\/\"},{\"@type\":\"ListItem\",\"position\":2,\"name\":\"Una intensa tormenta derrib\u00f3 \u00e1rboles y postes en el sur de Entre R\u00edos\"}]},{\"@type\":\"WebSite\",\"@id\":\"https:\\\/\\\/informelitoral.com.ar\\\/#website\",\"url\":\"https:\\\/\\\/informelitoral.com.ar\\\/\",\"name\":\"Informe Litoral\",\"description\":\"&quot;Nos informamos&quot; \",\"publisher\":{\"@id\":\"https:\\\/\\\/informelitoral.com.ar\\\/#organization\"},\"potentialAction\":[{\"@type\":\"SearchAction\",\"target\":{\"@type\":\"EntryPoint\",\"urlTemplate\":\"https:\\\/\\\/informelitoral.com.ar\\\/?s={search_term_string}\"},\"query-input\":{\"@type\":\"PropertyValueSpecification\",\"valueRequired\":true,\"valueName\":\"search_term_string\"}}],\"inLanguage\":\"es\"},{\"@type\":\"Organization\",\"@id\":\"https:\\\/\\\/informelitoral.com.ar\\\/#organization\",\"name\":\"Informe Litoral\",\"url\":\"https:\\\/\\\/informelitoral.com.ar\\\/\",\"logo\":{\"@type\":\"ImageObject\",\"inLanguage\":\"es\",\"@id\":\"https:\\\/\\\/informelitoral.com.ar\\\/#\\\/schema\\\/logo\\\/image\\\/\",\"url\":\"https:\\\/\\\/informelitoral.com.ar\\\/%77%70%2d%63%6f%6e%74%65%6e%74\\\/uploads\\\/2021\\\/01\\\/circulo.png\",\"contentUrl\":\"https:\\\/\\\/informelitoral.com.ar\\\/%77%70%2d%63%6f%6e%74%65%6e%74\\\/uploads\\\/2021\\\/01\\\/circulo.png\",\"width\":723,\"height\":731,\"caption\":\"Informe Litoral\"},\"image\":{\"@id\":\"https:\\\/\\\/informelitoral.com.ar\\\/#\\\/schema\\\/logo\\\/image\\\/\"},\"sameAs\":[\"https:\\\/\\\/www.facebook.com\\\/informelitoral\\\/\",\"https:\\\/\\\/x.com\\\/InformeLitoral\",\"https:\\\/\\\/www.instagram.com\\\/informelitoral\\\/\",\"https:\\\/\\\/www.youtube.com\\\/channel\\\/UCua4Qvz8Icb6MYqhoq9xLXw\"]},{\"@type\":\"Person\",\"@id\":\"https:\\\/\\\/informelitoral.com.ar\\\/#\\\/schema\\\/person\\\/b9d00407c836482871ef1d57bf8e3180\",\"name\":\"Gonzalo Schmidt\",\"image\":{\"@type\":\"ImageObject\",\"inLanguage\":\"es\",\"@id\":\"https:\\\/\\\/secure.gravatar.com\\\/avatar\\\/31a1a7b66ff2de83bd0e9fd79d026630d2d99e55e8bfe501287647b4fd9743de?s=96&d=mm&r=g\",\"url\":\"https:\\\/\\\/secure.gravatar.com\\\/avatar\\\/31a1a7b66ff2de83bd0e9fd79d026630d2d99e55e8bfe501287647b4fd9743de?s=96&d=mm&r=g\",\"contentUrl\":\"https:\\\/\\\/secure.gravatar.com\\\/avatar\\\/31a1a7b66ff2de83bd0e9fd79d026630d2d99e55e8bfe501287647b4fd9743de?s=96&d=mm&r=g\",\"caption\":\"Gonzalo Schmidt\"},\"description\":\"Sitio web de noticias de la provincia de Entre R\u00edos, Argentina. Informaci\u00f3n y entretenimiento. Informe Litoral, nos informamos.\",\"sameAs\":[\"http:\\\/\\\/www.isletasnoticias.com.ar\"],\"url\":\"https:\\\/\\\/informelitoral.com.ar\\\/author\\\/gonzalo\\\/\"}]}<\/script>","yoast_head_json":{"title":"Una intensa tormenta derrib\u00f3 \u00e1rboles y postes en el sur de Entre R\u00edos - Informe Litoral","robots":{"index":"index","follow":"follow","max-snippet":"max-snippet:-1","max-image-preview":"max-image-preview:large","max-video-preview":"max-video-preview:-1"},"canonical":"https:\/\/informelitoral.com.ar\/una-intensa-tormenta-derribo-arboles-y-postes-en-el-sur-de-entre-rios\/","og_locale":"es_ES","og_type":"article","og_title":"Una intensa tormenta derrib\u00f3 \u00e1rboles y postes en el sur de Entre R\u00edos - Informe Litoral","og_description":"Hubo ca\u00edda de \u00e1rboles, cortes de luz y da\u00f1os en viviendas.","og_url":"https:\/\/informelitoral.com.ar\/una-intensa-tormenta-derribo-arboles-y-postes-en-el-sur-de-entre-rios\/","og_site_name":"Informe Litoral","article_publisher":"https:\/\/www.facebook.com\/informelitoral\/","article_published_time":"2020-09-26T16:00:54+00:00","og_image":[{"width":780,"height":470,"url":"https:\/\/informelitoral.com.ar\/%77%70%2d%63%6f%6e%74%65%6e%74\/uploads\/2020\/09\/tormentas-fuertes-780x470-2.jpg","type":"image\/jpeg"}],"author":"Gonzalo Schmidt","twitter_card":"summary_large_image","twitter_creator":"@InformeLitoral","twitter_site":"@InformeLitoral","twitter_misc":{"Escrito por":"Gonzalo Schmidt","Tiempo de lectura":"2 minutos"},"schema":{"@context":"https:\/\/schema.org","@graph":[{"@type":"Article","@id":"https:\/\/informelitoral.com.ar\/una-intensa-tormenta-derribo-arboles-y-postes-en-el-sur-de-entre-rios\/#article","isPartOf":{"@id":"https:\/\/informelitoral.com.ar\/una-intensa-tormenta-derribo-arboles-y-postes-en-el-sur-de-entre-rios\/"},"author":{"name":"Gonzalo Schmidt","@id":"https:\/\/informelitoral.com.ar\/#\/schema\/person\/b9d00407c836482871ef1d57bf8e3180"},"headline":"Una intensa tormenta derrib\u00f3 \u00e1rboles y postes en el sur de Entre R\u00edos","datePublished":"2020-09-26T16:00:54+00:00","mainEntityOfPage":{"@id":"https:\/\/informelitoral.com.ar\/una-intensa-tormenta-derribo-arboles-y-postes-en-el-sur-de-entre-rios\/"},"wordCount":444,"commentCount":0,"publisher":{"@id":"https:\/\/informelitoral.com.ar\/#organization"},"image":{"@id":"https:\/\/informelitoral.com.ar\/una-intensa-tormenta-derribo-arboles-y-postes-en-el-sur-de-entre-rios\/#primaryimage"},"thumbnailUrl":"https:\/\/informelitoral.com.ar\/%77%70%2d%63%6f%6e%74%65%6e%74\/uploads\/2020\/09\/tormentas-fuertes-780x470-2.jpg","keywords":["Entre R\u00edos","Temporal","Tormentas"],"articleSection":["Entre R\u00edos"],"inLanguage":"es","potentialAction":[{"@type":"CommentAction","name":"Comment","target":["https:\/\/informelitoral.com.ar\/una-intensa-tormenta-derribo-arboles-y-postes-en-el-sur-de-entre-rios\/#respond"]}]},{"@type":"WebPage","@id":"https:\/\/informelitoral.com.ar\/una-intensa-tormenta-derribo-arboles-y-postes-en-el-sur-de-entre-rios\/","url":"https:\/\/informelitoral.com.ar\/una-intensa-tormenta-derribo-arboles-y-postes-en-el-sur-de-entre-rios\/","name":"Una intensa tormenta derrib\u00f3 \u00e1rboles y postes en el sur de Entre R\u00edos - Informe Litoral","isPartOf":{"@id":"https:\/\/informelitoral.com.ar\/#website"},"primaryImageOfPage":{"@id":"https:\/\/informelitoral.com.ar\/una-intensa-tormenta-derribo-arboles-y-postes-en-el-sur-de-entre-rios\/#primaryimage"},"image":{"@id":"https:\/\/informelitoral.com.ar\/una-intensa-tormenta-derribo-arboles-y-postes-en-el-sur-de-entre-rios\/#primaryimage"},"thumbnailUrl":"https:\/\/informelitoral.com.ar\/%77%70%2d%63%6f%6e%74%65%6e%74\/uploads\/2020\/09\/tormentas-fuertes-780x470-2.jpg","datePublished":"2020-09-26T16:00:54+00:00","breadcrumb":{"@id":"https:\/\/informelitoral.com.ar\/una-intensa-tormenta-derribo-arboles-y-postes-en-el-sur-de-entre-rios\/#breadcrumb"},"inLanguage":"es","potentialAction":[{"@type":"ReadAction","target":["https:\/\/informelitoral.com.ar\/una-intensa-tormenta-derribo-arboles-y-postes-en-el-sur-de-entre-rios\/"]}]},{"@type":"ImageObject","inLanguage":"es","@id":"https:\/\/informelitoral.com.ar\/una-intensa-tormenta-derribo-arboles-y-postes-en-el-sur-de-entre-rios\/#primaryimage","url":"https:\/\/informelitoral.com.ar\/%77%70%2d%63%6f%6e%74%65%6e%74\/uploads\/2020\/09\/tormentas-fuertes-780x470-2.jpg","contentUrl":"https:\/\/informelitoral.com.ar\/%77%70%2d%63%6f%6e%74%65%6e%74\/uploads\/2020\/09\/tormentas-fuertes-780x470-2.jpg","width":780,"height":470},{"@type":"BreadcrumbList","@id":"https:\/\/informelitoral.com.ar\/una-intensa-tormenta-derribo-arboles-y-postes-en-el-sur-de-entre-rios\/#breadcrumb","itemListElement":[{"@type":"ListItem","position":1,"name":"Portada","item":"https:\/\/informelitoral.com.ar\/"},{"@type":"ListItem","position":2,"name":"Una intensa tormenta derrib\u00f3 \u00e1rboles y postes en el sur de Entre R\u00edos"}]},{"@type":"WebSite","@id":"https:\/\/informelitoral.com.ar\/#website","url":"https:\/\/informelitoral.com.ar\/","name":"Informe Litoral","description":"&quot;Nos informamos&quot; ","publisher":{"@id":"https:\/\/informelitoral.com.ar\/#organization"},"potentialAction":[{"@type":"SearchAction","target":{"@type":"EntryPoint","urlTemplate":"https:\/\/informelitoral.com.ar\/?s={search_term_string}"},"query-input":{"@type":"PropertyValueSpecification","valueRequired":true,"valueName":"search_term_string"}}],"inLanguage":"es"},{"@type":"Organization","@id":"https:\/\/informelitoral.com.ar\/#organization","name":"Informe Litoral","url":"https:\/\/informelitoral.com.ar\/","logo":{"@type":"ImageObject","inLanguage":"es","@id":"https:\/\/informelitoral.com.ar\/#\/schema\/logo\/image\/","url":"https:\/\/informelitoral.com.ar\/%77%70%2d%63%6f%6e%74%65%6e%74\/uploads\/2021\/01\/circulo.png","contentUrl":"https:\/\/informelitoral.com.ar\/%77%70%2d%63%6f%6e%74%65%6e%74\/uploads\/2021\/01\/circulo.png","width":723,"height":731,"caption":"Informe Litoral"},"image":{"@id":"https:\/\/informelitoral.com.ar\/#\/schema\/logo\/image\/"},"sameAs":["https:\/\/www.facebook.com\/informelitoral\/","https:\/\/x.com\/InformeLitoral","https:\/\/www.instagram.com\/informelitoral\/","https:\/\/www.youtube.com\/channel\/UCua4Qvz8Icb6MYqhoq9xLXw"]},{"@type":"Person","@id":"https:\/\/informelitoral.com.ar\/#\/schema\/person\/b9d00407c836482871ef1d57bf8e3180","name":"Gonzalo Schmidt","image":{"@type":"ImageObject","inLanguage":"es","@id":"https:\/\/secure.gravatar.com\/avatar\/31a1a7b66ff2de83bd0e9fd79d026630d2d99e55e8bfe501287647b4fd9743de?s=96&d=mm&r=g","url":"https:\/\/secure.gravatar.com\/avatar\/31a1a7b66ff2de83bd0e9fd79d026630d2d99e55e8bfe501287647b4fd9743de?s=96&d=mm&r=g","contentUrl":"https:\/\/secure.gravatar.com\/avatar\/31a1a7b66ff2de83bd0e9fd79d026630d2d99e55e8bfe501287647b4fd9743de?s=96&d=mm&r=g","caption":"Gonzalo Schmidt"},"description":"Sitio web de noticias de la provincia de Entre R\u00edos, Argentina. Informaci\u00f3n y entretenimiento. Informe Litoral, nos informamos.","sameAs":["http:\/\/www.isletasnoticias.com.ar"],"url":"https:\/\/informelitoral.com.ar\/author\/gonzalo\/"}]}},"_links":{"self":[{"href":"https:\/\/informelitoral.com.ar\/%77%70%2d%6a%73%6f%6e\/wp\/v2\/posts\/50457","targetHints":{"allow":["GET"]}}],"collection":[{"href":"https:\/\/informelitoral.com.ar\/%77%70%2d%6a%73%6f%6e\/wp\/v2\/posts"}],"about":[{"href":"https:\/\/informelitoral.com.ar\/%77%70%2d%6a%73%6f%6e\/wp\/v2\/types\/post"}],"author":[{"embeddable":true,"href":"https:\/\/informelitoral.com.ar\/%77%70%2d%6a%73%6f%6e\/wp\/v2\/users\/2"}],"replies":[{"embeddable":true,"href":"https:\/\/informelitoral.com.ar\/%77%70%2d%6a%73%6f%6e\/wp\/v2\/comments?post=50457"}],"version-history":[{"count":0,"href":"https:\/\/informelitoral.com.ar\/%77%70%2d%6a%73%6f%6e\/wp\/v2\/posts\/50457\/revisions"}],"wp:featuredmedia":[{"embeddable":true,"href":"https:\/\/informelitoral.com.ar\/%77%70%2d%6a%73%6f%6e\/wp\/v2\/media\/50459"}],"wp:attachment":[{"href":"https:\/\/informelitoral.com.ar\/%77%70%2d%6a%73%6f%6e\/wp\/v2\/media?parent=50457"}],"wp:term":[{"taxonomy":"category","embeddable":true,"href":"https:\/\/informelitoral.com.ar\/%77%70%2d%6a%73%6f%6e\/wp\/v2\/categories?post=50457"},{"taxonomy":"post_tag","embeddable":true,"href":"https:\/\/informelitoral.com.ar\/%77%70%2d%6a%73%6f%6e\/wp\/v2\/tags?post=50457"}],"curies":[{"name":"wp","href":"https:\/\/api.w.org\/{rel}","templated":true}]}}