{"id":50441,"date":"2020-09-25T20:57:10","date_gmt":"2020-09-25T23:57:10","guid":{"rendered":"https:\/\/www.isletasnoticias.com.ar\/?p=50441"},"modified":"2020-09-25T21:22:36","modified_gmt":"2020-09-26T00:22:36","slug":"habra-una-nueva-reunion-por-el-conflicto-salarial-del-personal-de-correo-argentino","status":"publish","type":"post","link":"https:\/\/informelitoral.com.ar\/habra-una-nueva-reunion-por-el-conflicto-salarial-del-personal-de-correo-argentino\/","title":{"rendered":"Habr\u00e1 una nueva reuni\u00f3n por el conflicto salarial del personal de Correo Argentino"},"content":{"rendered":"<p>En el marco de la conciliaci\u00f3n obligatoria dictada por Trabajo, gremios y empresarios de correos se reunieron este jueves, pero no hubo ning\u00fan avance en las negociaciones salariales. Se volver\u00e1n a reunir el 1\u00ba de octubre, adelant\u00f3 el titular de la Federaci\u00f3n de Obreros y Empleados de Correos y Telecomunicaciones, Rub\u00e9n Mastrachio.<\/p>\n<p>Tras la profundizaci\u00f3n de las medidas de fuerza, el Ministerio de Trabajo de la Naci\u00f3n dict\u00f3 la conciliaci\u00f3n obligatoria por 15 d\u00edas y en ese marco este jueves hubo una reuni\u00f3n entre los empresarios y los gremios Foecyt y la Federaci\u00f3n de Obreros y Empleados del Correo Oficial y Privados (Foecop).<\/p>\n<p>\u201cNo hubo mayores novedades, s\u00f3lo acordamos volver a reunirnos el 1\u00ba de octubre. Esperamos arribar a un acuerdo\u201d, dijo Mastrachio, quien manifest\u00f3 que se seguir\u00e1n realizando protestas pero fuera del horario laboral, durante el refrigerio.<\/p>\n<p>\u201cSomos trabajadores esenciales y desde que empez\u00f3 la pandemia no dejamos de trabajar, a pesar del riesgo que ello implica teniendo en cuenta que tenemos contacto permanente con el p\u00fablico usuario, con correspondencia y cadeter\u00eda\u201d, sostuvo, al tiempo que precis\u00f3 que de los 450 empleados de correo que hay en la provincia unos 50 pertenecen a grupos de riesgo y dejaron de ir a trabajar, pero el \u201cservicio se sigui\u00f3 cumpliendo de manera eficiente con el personal que s\u00ed acudi\u00f3 a su lugar de trabajo\u201d.<\/p>\n<p>\u201cDesde abril a esta parte ha habido algunas reuniones con los empresarios, pero siempre pasaban a un cuarto intermedio y se retiraban. Nunca hubo un ofrecimiento ni propuesta alguna\u201d, expres\u00f3, al tiempo que consider\u00f3 que \u201cesto es una falta de respeto hacia los trabajadores\u201d.<\/p>\n<p>Por \u00faltimo, record\u00f3 que el a\u00f1o pasado los aumentos fueron mensuales, en funci\u00f3n de la suba de la inflaci\u00f3n y se\u00f1al\u00f3 que un trabajador que reci\u00e9n ingresa cobra entre 47 mil y 48 mil pesos, seg\u00fan la funci\u00f3n.<\/p>\n","protected":false},"excerpt":{"rendered":"<p>En el marco de la conciliaci&oacute;n obligatoria dictada por Trabajo, gremios y empresarios de correos se reunieron este jueves, pero no hubo ning&uacute;n avance en las negociaciones salariales. Se volver&aacute;n a reunir el 1&ordm; de octubre, adelant&oacute; el titular de la Federaci&oacute;n de Obreros y Empleados de Correos y Telecomunicaciones, Rub&eacute;n Mastrachio. Tras la profundizaci&oacute;n [&hellip;]<\/p>\n","protected":false},"author":8,"featured_media":42735,"comment_status":"open","ping_status":"open","sticky":false,"template":"","format":"standard","meta":{"fifu_image_url":"","fifu_image_alt":"","footnotes":""},"categories":[9],"tags":[1832,1833,250,841],"class_list":{"0":"post-50441","1":"post","2":"type-post","3":"status-publish","4":"format-standard","5":"has-post-thumbnail","7":"category-sociedad","8":"tag-correo","9":"tag-empresarios","10":"tag-gremios","11":"tag-trabajo"},"yoast_head":"<title>Habr\u00e1 una nueva reuni\u00f3n por el conflicto salarial del personal de Correo Argentino - Informe Litoral<\/title>\n<meta name=\"robots\" content=\"index, follow, max-snippet:-1, max-image-preview:large, max-video-preview:-1\" \/>\n<link rel=\"canonical\" href=\"https:\/\/informelitoral.com.ar\/habra-una-nueva-reunion-por-el-conflicto-salarial-del-personal-de-correo-argentino\/\" \/>\n<meta property=\"og:locale\" content=\"es_ES\" \/>\n<meta property=\"og:type\" content=\"article\" \/>\n<meta property=\"og:title\" content=\"Habr\u00e1 una nueva reuni\u00f3n por el conflicto salarial del personal de Correo Argentino - Informe Litoral\" \/>\n<meta property=\"og:description\" content=\"En el marco de la conciliaci&oacute;n obligatoria dictada por Trabajo, gremios y empresarios de correos se reunieron este jueves, pero no hubo ning&uacute;n avance en las negociaciones salariales. Se volver&aacute;n a reunir el 1&ordm; de octubre, adelant&oacute; el titular de la Federaci&oacute;n de Obreros y Empleados de Correos y Telecomunicaciones, Rub&eacute;n Mastrachio. Tras la profundizaci&oacute;n [&hellip;]\" \/>\n<meta property=\"og:url\" content=\"https:\/\/informelitoral.com.ar\/habra-una-nueva-reunion-por-el-conflicto-salarial-del-personal-de-correo-argentino\/\" \/>\n<meta property=\"og:site_name\" content=\"Informe Litoral\" \/>\n<meta property=\"article:publisher\" content=\"https:\/\/www.facebook.com\/informelitoral\/\" \/>\n<meta property=\"article:published_time\" content=\"2020-09-25T23:57:10+00:00\" \/>\n<meta property=\"article:modified_time\" content=\"2020-09-26T00:22:36+00:00\" \/>\n<meta property=\"og:image\" content=\"https:\/\/informelitoral.com.ar\/%77%70%2d%63%6f%6e%74%65%6e%74\/uploads\/2020\/05\/correo-1536x864.jpg\" \/>\n\t<meta property=\"og:image:width\" content=\"1536\" \/>\n\t<meta property=\"og:image:height\" content=\"864\" \/>\n\t<meta property=\"og:image:type\" content=\"image\/jpeg\" \/>\n<meta name=\"author\" content=\"Sebastian\" \/>\n<meta name=\"twitter:card\" content=\"summary_large_image\" \/>\n<meta name=\"twitter:creator\" content=\"@InformeLitoral\" \/>\n<meta name=\"twitter:site\" content=\"@InformeLitoral\" \/>\n<meta name=\"twitter:label1\" content=\"Escrito por\" \/>\n\t<meta name=\"twitter:data1\" content=\"Sebastian\" \/>\n\t<meta name=\"twitter:label2\" content=\"Tiempo de lectura\" \/>\n\t<meta name=\"twitter:data2\" content=\"2 minutos\" \/>\n<script type=\"application\/ld+json\" class=\"yoast-schema-graph\">{\"@context\":\"https:\\\/\\\/schema.org\",\"@graph\":[{\"@type\":\"Article\",\"@id\":\"https:\\\/\\\/informelitoral.com.ar\\\/habra-una-nueva-reunion-por-el-conflicto-salarial-del-personal-de-correo-argentino\\\/#article\",\"isPartOf\":{\"@id\":\"https:\\\/\\\/informelitoral.com.ar\\\/habra-una-nueva-reunion-por-el-conflicto-salarial-del-personal-de-correo-argentino\\\/\"},\"author\":{\"name\":\"Sebastian\",\"@id\":\"https:\\\/\\\/informelitoral.com.ar\\\/#\\\/schema\\\/person\\\/f05f9f461677119578717524b127d6d5\"},\"headline\":\"Habr\u00e1 una nueva reuni\u00f3n por el conflicto salarial del personal de Correo Argentino\",\"datePublished\":\"2020-09-25T23:57:10+00:00\",\"dateModified\":\"2020-09-26T00:22:36+00:00\",\"mainEntityOfPage\":{\"@id\":\"https:\\\/\\\/informelitoral.com.ar\\\/habra-una-nueva-reunion-por-el-conflicto-salarial-del-personal-de-correo-argentino\\\/\"},\"wordCount\":334,\"commentCount\":0,\"publisher\":{\"@id\":\"https:\\\/\\\/informelitoral.com.ar\\\/#organization\"},\"image\":{\"@id\":\"https:\\\/\\\/informelitoral.com.ar\\\/habra-una-nueva-reunion-por-el-conflicto-salarial-del-personal-de-correo-argentino\\\/#primaryimage\"},\"thumbnailUrl\":\"https:\\\/\\\/informelitoral.com.ar\\\/%77%70%2d%63%6f%6e%74%65%6e%74\\\/uploads\\\/2020\\\/05\\\/correo-1536x864.jpg\",\"keywords\":[\"Correo\",\"Empresarios\",\"Gremios\",\"Trabajo\"],\"articleSection\":[\"Sociedad\"],\"inLanguage\":\"es\",\"potentialAction\":[{\"@type\":\"CommentAction\",\"name\":\"Comment\",\"target\":[\"https:\\\/\\\/informelitoral.com.ar\\\/habra-una-nueva-reunion-por-el-conflicto-salarial-del-personal-de-correo-argentino\\\/#respond\"]}]},{\"@type\":\"WebPage\",\"@id\":\"https:\\\/\\\/informelitoral.com.ar\\\/habra-una-nueva-reunion-por-el-conflicto-salarial-del-personal-de-correo-argentino\\\/\",\"url\":\"https:\\\/\\\/informelitoral.com.ar\\\/habra-una-nueva-reunion-por-el-conflicto-salarial-del-personal-de-correo-argentino\\\/\",\"name\":\"Habr\u00e1 una nueva reuni\u00f3n por el conflicto salarial del personal de Correo Argentino - Informe Litoral\",\"isPartOf\":{\"@id\":\"https:\\\/\\\/informelitoral.com.ar\\\/#website\"},\"primaryImageOfPage\":{\"@id\":\"https:\\\/\\\/informelitoral.com.ar\\\/habra-una-nueva-reunion-por-el-conflicto-salarial-del-personal-de-correo-argentino\\\/#primaryimage\"},\"image\":{\"@id\":\"https:\\\/\\\/informelitoral.com.ar\\\/habra-una-nueva-reunion-por-el-conflicto-salarial-del-personal-de-correo-argentino\\\/#primaryimage\"},\"thumbnailUrl\":\"https:\\\/\\\/informelitoral.com.ar\\\/%77%70%2d%63%6f%6e%74%65%6e%74\\\/uploads\\\/2020\\\/05\\\/correo-1536x864.jpg\",\"datePublished\":\"2020-09-25T23:57:10+00:00\",\"dateModified\":\"2020-09-26T00:22:36+00:00\",\"breadcrumb\":{\"@id\":\"https:\\\/\\\/informelitoral.com.ar\\\/habra-una-nueva-reunion-por-el-conflicto-salarial-del-personal-de-correo-argentino\\\/#breadcrumb\"},\"inLanguage\":\"es\",\"potentialAction\":[{\"@type\":\"ReadAction\",\"target\":[\"https:\\\/\\\/informelitoral.com.ar\\\/habra-una-nueva-reunion-por-el-conflicto-salarial-del-personal-de-correo-argentino\\\/\"]}]},{\"@type\":\"ImageObject\",\"inLanguage\":\"es\",\"@id\":\"https:\\\/\\\/informelitoral.com.ar\\\/habra-una-nueva-reunion-por-el-conflicto-salarial-del-personal-de-correo-argentino\\\/#primaryimage\",\"url\":\"https:\\\/\\\/informelitoral.com.ar\\\/%77%70%2d%63%6f%6e%74%65%6e%74\\\/uploads\\\/2020\\\/05\\\/correo-1536x864.jpg\",\"contentUrl\":\"https:\\\/\\\/informelitoral.com.ar\\\/%77%70%2d%63%6f%6e%74%65%6e%74\\\/uploads\\\/2020\\\/05\\\/correo-1536x864.jpg\",\"width\":1536,\"height\":864},{\"@type\":\"BreadcrumbList\",\"@id\":\"https:\\\/\\\/informelitoral.com.ar\\\/habra-una-nueva-reunion-por-el-conflicto-salarial-del-personal-de-correo-argentino\\\/#breadcrumb\",\"itemListElement\":[{\"@type\":\"ListItem\",\"position\":1,\"name\":\"Portada\",\"item\":\"https:\\\/\\\/informelitoral.com.ar\\\/\"},{\"@type\":\"ListItem\",\"position\":2,\"name\":\"Habr\u00e1 una nueva reuni\u00f3n por el conflicto salarial del personal de Correo Argentino\"}]},{\"@type\":\"WebSite\",\"@id\":\"https:\\\/\\\/informelitoral.com.ar\\\/#website\",\"url\":\"https:\\\/\\\/informelitoral.com.ar\\\/\",\"name\":\"Informe Litoral\",\"description\":\"&quot;Nos informamos&quot; \",\"publisher\":{\"@id\":\"https:\\\/\\\/informelitoral.com.ar\\\/#organization\"},\"potentialAction\":[{\"@type\":\"SearchAction\",\"target\":{\"@type\":\"EntryPoint\",\"urlTemplate\":\"https:\\\/\\\/informelitoral.com.ar\\\/?s={search_term_string}\"},\"query-input\":{\"@type\":\"PropertyValueSpecification\",\"valueRequired\":true,\"valueName\":\"search_term_string\"}}],\"inLanguage\":\"es\"},{\"@type\":\"Organization\",\"@id\":\"https:\\\/\\\/informelitoral.com.ar\\\/#organization\",\"name\":\"Informe Litoral\",\"url\":\"https:\\\/\\\/informelitoral.com.ar\\\/\",\"logo\":{\"@type\":\"ImageObject\",\"inLanguage\":\"es\",\"@id\":\"https:\\\/\\\/informelitoral.com.ar\\\/#\\\/schema\\\/logo\\\/image\\\/\",\"url\":\"https:\\\/\\\/informelitoral.com.ar\\\/%77%70%2d%63%6f%6e%74%65%6e%74\\\/uploads\\\/2021\\\/01\\\/circulo.png\",\"contentUrl\":\"https:\\\/\\\/informelitoral.com.ar\\\/%77%70%2d%63%6f%6e%74%65%6e%74\\\/uploads\\\/2021\\\/01\\\/circulo.png\",\"width\":723,\"height\":731,\"caption\":\"Informe Litoral\"},\"image\":{\"@id\":\"https:\\\/\\\/informelitoral.com.ar\\\/#\\\/schema\\\/logo\\\/image\\\/\"},\"sameAs\":[\"https:\\\/\\\/www.facebook.com\\\/informelitoral\\\/\",\"https:\\\/\\\/x.com\\\/InformeLitoral\",\"https:\\\/\\\/www.instagram.com\\\/informelitoral\\\/\",\"https:\\\/\\\/www.youtube.com\\\/channel\\\/UCua4Qvz8Icb6MYqhoq9xLXw\"]},{\"@type\":\"Person\",\"@id\":\"https:\\\/\\\/informelitoral.com.ar\\\/#\\\/schema\\\/person\\\/f05f9f461677119578717524b127d6d5\",\"name\":\"Sebastian\",\"image\":{\"@type\":\"ImageObject\",\"inLanguage\":\"es\",\"@id\":\"https:\\\/\\\/secure.gravatar.com\\\/avatar\\\/b71bf7481d447dfb9583c7f2798e7cc64de6efb9067b74633ed8c31059a3bd82?s=96&d=mm&r=g\",\"url\":\"https:\\\/\\\/secure.gravatar.com\\\/avatar\\\/b71bf7481d447dfb9583c7f2798e7cc64de6efb9067b74633ed8c31059a3bd82?s=96&d=mm&r=g\",\"contentUrl\":\"https:\\\/\\\/secure.gravatar.com\\\/avatar\\\/b71bf7481d447dfb9583c7f2798e7cc64de6efb9067b74633ed8c31059a3bd82?s=96&d=mm&r=g\",\"caption\":\"Sebastian\"},\"url\":\"https:\\\/\\\/informelitoral.com.ar\\\/author\\\/sebastian\\\/\"}]}<\/script>","yoast_head_json":{"title":"Habr\u00e1 una nueva reuni\u00f3n por el conflicto salarial del personal de Correo Argentino - Informe Litoral","robots":{"index":"index","follow":"follow","max-snippet":"max-snippet:-1","max-image-preview":"max-image-preview:large","max-video-preview":"max-video-preview:-1"},"canonical":"https:\/\/informelitoral.com.ar\/habra-una-nueva-reunion-por-el-conflicto-salarial-del-personal-de-correo-argentino\/","og_locale":"es_ES","og_type":"article","og_title":"Habr\u00e1 una nueva reuni\u00f3n por el conflicto salarial del personal de Correo Argentino - Informe Litoral","og_description":"En el marco de la conciliaci&oacute;n obligatoria dictada por Trabajo, gremios y empresarios de correos se reunieron este jueves, pero no hubo ning&uacute;n avance en las negociaciones salariales. Se volver&aacute;n a reunir el 1&ordm; de octubre, adelant&oacute; el titular de la Federaci&oacute;n de Obreros y Empleados de Correos y Telecomunicaciones, Rub&eacute;n Mastrachio. Tras la profundizaci&oacute;n [&hellip;]","og_url":"https:\/\/informelitoral.com.ar\/habra-una-nueva-reunion-por-el-conflicto-salarial-del-personal-de-correo-argentino\/","og_site_name":"Informe Litoral","article_publisher":"https:\/\/www.facebook.com\/informelitoral\/","article_published_time":"2020-09-25T23:57:10+00:00","article_modified_time":"2020-09-26T00:22:36+00:00","og_image":[{"width":1536,"height":864,"url":"https:\/\/informelitoral.com.ar\/%77%70%2d%63%6f%6e%74%65%6e%74\/uploads\/2020\/05\/correo-1536x864.jpg","type":"image\/jpeg"}],"author":"Sebastian","twitter_card":"summary_large_image","twitter_creator":"@InformeLitoral","twitter_site":"@InformeLitoral","twitter_misc":{"Escrito por":"Sebastian","Tiempo de lectura":"2 minutos"},"schema":{"@context":"https:\/\/schema.org","@graph":[{"@type":"Article","@id":"https:\/\/informelitoral.com.ar\/habra-una-nueva-reunion-por-el-conflicto-salarial-del-personal-de-correo-argentino\/#article","isPartOf":{"@id":"https:\/\/informelitoral.com.ar\/habra-una-nueva-reunion-por-el-conflicto-salarial-del-personal-de-correo-argentino\/"},"author":{"name":"Sebastian","@id":"https:\/\/informelitoral.com.ar\/#\/schema\/person\/f05f9f461677119578717524b127d6d5"},"headline":"Habr\u00e1 una nueva reuni\u00f3n por el conflicto salarial del personal de Correo Argentino","datePublished":"2020-09-25T23:57:10+00:00","dateModified":"2020-09-26T00:22:36+00:00","mainEntityOfPage":{"@id":"https:\/\/informelitoral.com.ar\/habra-una-nueva-reunion-por-el-conflicto-salarial-del-personal-de-correo-argentino\/"},"wordCount":334,"commentCount":0,"publisher":{"@id":"https:\/\/informelitoral.com.ar\/#organization"},"image":{"@id":"https:\/\/informelitoral.com.ar\/habra-una-nueva-reunion-por-el-conflicto-salarial-del-personal-de-correo-argentino\/#primaryimage"},"thumbnailUrl":"https:\/\/informelitoral.com.ar\/%77%70%2d%63%6f%6e%74%65%6e%74\/uploads\/2020\/05\/correo-1536x864.jpg","keywords":["Correo","Empresarios","Gremios","Trabajo"],"articleSection":["Sociedad"],"inLanguage":"es","potentialAction":[{"@type":"CommentAction","name":"Comment","target":["https:\/\/informelitoral.com.ar\/habra-una-nueva-reunion-por-el-conflicto-salarial-del-personal-de-correo-argentino\/#respond"]}]},{"@type":"WebPage","@id":"https:\/\/informelitoral.com.ar\/habra-una-nueva-reunion-por-el-conflicto-salarial-del-personal-de-correo-argentino\/","url":"https:\/\/informelitoral.com.ar\/habra-una-nueva-reunion-por-el-conflicto-salarial-del-personal-de-correo-argentino\/","name":"Habr\u00e1 una nueva reuni\u00f3n por el conflicto salarial del personal de Correo Argentino - Informe Litoral","isPartOf":{"@id":"https:\/\/informelitoral.com.ar\/#website"},"primaryImageOfPage":{"@id":"https:\/\/informelitoral.com.ar\/habra-una-nueva-reunion-por-el-conflicto-salarial-del-personal-de-correo-argentino\/#primaryimage"},"image":{"@id":"https:\/\/informelitoral.com.ar\/habra-una-nueva-reunion-por-el-conflicto-salarial-del-personal-de-correo-argentino\/#primaryimage"},"thumbnailUrl":"https:\/\/informelitoral.com.ar\/%77%70%2d%63%6f%6e%74%65%6e%74\/uploads\/2020\/05\/correo-1536x864.jpg","datePublished":"2020-09-25T23:57:10+00:00","dateModified":"2020-09-26T00:22:36+00:00","breadcrumb":{"@id":"https:\/\/informelitoral.com.ar\/habra-una-nueva-reunion-por-el-conflicto-salarial-del-personal-de-correo-argentino\/#breadcrumb"},"inLanguage":"es","potentialAction":[{"@type":"ReadAction","target":["https:\/\/informelitoral.com.ar\/habra-una-nueva-reunion-por-el-conflicto-salarial-del-personal-de-correo-argentino\/"]}]},{"@type":"ImageObject","inLanguage":"es","@id":"https:\/\/informelitoral.com.ar\/habra-una-nueva-reunion-por-el-conflicto-salarial-del-personal-de-correo-argentino\/#primaryimage","url":"https:\/\/informelitoral.com.ar\/%77%70%2d%63%6f%6e%74%65%6e%74\/uploads\/2020\/05\/correo-1536x864.jpg","contentUrl":"https:\/\/informelitoral.com.ar\/%77%70%2d%63%6f%6e%74%65%6e%74\/uploads\/2020\/05\/correo-1536x864.jpg","width":1536,"height":864},{"@type":"BreadcrumbList","@id":"https:\/\/informelitoral.com.ar\/habra-una-nueva-reunion-por-el-conflicto-salarial-del-personal-de-correo-argentino\/#breadcrumb","itemListElement":[{"@type":"ListItem","position":1,"name":"Portada","item":"https:\/\/informelitoral.com.ar\/"},{"@type":"ListItem","position":2,"name":"Habr\u00e1 una nueva reuni\u00f3n por el conflicto salarial del personal de Correo Argentino"}]},{"@type":"WebSite","@id":"https:\/\/informelitoral.com.ar\/#website","url":"https:\/\/informelitoral.com.ar\/","name":"Informe Litoral","description":"&quot;Nos informamos&quot; ","publisher":{"@id":"https:\/\/informelitoral.com.ar\/#organization"},"potentialAction":[{"@type":"SearchAction","target":{"@type":"EntryPoint","urlTemplate":"https:\/\/informelitoral.com.ar\/?s={search_term_string}"},"query-input":{"@type":"PropertyValueSpecification","valueRequired":true,"valueName":"search_term_string"}}],"inLanguage":"es"},{"@type":"Organization","@id":"https:\/\/informelitoral.com.ar\/#organization","name":"Informe Litoral","url":"https:\/\/informelitoral.com.ar\/","logo":{"@type":"ImageObject","inLanguage":"es","@id":"https:\/\/informelitoral.com.ar\/#\/schema\/logo\/image\/","url":"https:\/\/informelitoral.com.ar\/%77%70%2d%63%6f%6e%74%65%6e%74\/uploads\/2021\/01\/circulo.png","contentUrl":"https:\/\/informelitoral.com.ar\/%77%70%2d%63%6f%6e%74%65%6e%74\/uploads\/2021\/01\/circulo.png","width":723,"height":731,"caption":"Informe Litoral"},"image":{"@id":"https:\/\/informelitoral.com.ar\/#\/schema\/logo\/image\/"},"sameAs":["https:\/\/www.facebook.com\/informelitoral\/","https:\/\/x.com\/InformeLitoral","https:\/\/www.instagram.com\/informelitoral\/","https:\/\/www.youtube.com\/channel\/UCua4Qvz8Icb6MYqhoq9xLXw"]},{"@type":"Person","@id":"https:\/\/informelitoral.com.ar\/#\/schema\/person\/f05f9f461677119578717524b127d6d5","name":"Sebastian","image":{"@type":"ImageObject","inLanguage":"es","@id":"https:\/\/secure.gravatar.com\/avatar\/b71bf7481d447dfb9583c7f2798e7cc64de6efb9067b74633ed8c31059a3bd82?s=96&d=mm&r=g","url":"https:\/\/secure.gravatar.com\/avatar\/b71bf7481d447dfb9583c7f2798e7cc64de6efb9067b74633ed8c31059a3bd82?s=96&d=mm&r=g","contentUrl":"https:\/\/secure.gravatar.com\/avatar\/b71bf7481d447dfb9583c7f2798e7cc64de6efb9067b74633ed8c31059a3bd82?s=96&d=mm&r=g","caption":"Sebastian"},"url":"https:\/\/informelitoral.com.ar\/author\/sebastian\/"}]}},"_links":{"self":[{"href":"https:\/\/informelitoral.com.ar\/%77%70%2d%6a%73%6f%6e\/wp\/v2\/posts\/50441","targetHints":{"allow":["GET"]}}],"collection":[{"href":"https:\/\/informelitoral.com.ar\/%77%70%2d%6a%73%6f%6e\/wp\/v2\/posts"}],"about":[{"href":"https:\/\/informelitoral.com.ar\/%77%70%2d%6a%73%6f%6e\/wp\/v2\/types\/post"}],"author":[{"embeddable":true,"href":"https:\/\/informelitoral.com.ar\/%77%70%2d%6a%73%6f%6e\/wp\/v2\/users\/8"}],"replies":[{"embeddable":true,"href":"https:\/\/informelitoral.com.ar\/%77%70%2d%6a%73%6f%6e\/wp\/v2\/comments?post=50441"}],"version-history":[{"count":0,"href":"https:\/\/informelitoral.com.ar\/%77%70%2d%6a%73%6f%6e\/wp\/v2\/posts\/50441\/revisions"}],"wp:featuredmedia":[{"embeddable":true,"href":"https:\/\/informelitoral.com.ar\/%77%70%2d%6a%73%6f%6e\/wp\/v2\/media\/42735"}],"wp:attachment":[{"href":"https:\/\/informelitoral.com.ar\/%77%70%2d%6a%73%6f%6e\/wp\/v2\/media?parent=50441"}],"wp:term":[{"taxonomy":"category","embeddable":true,"href":"https:\/\/informelitoral.com.ar\/%77%70%2d%6a%73%6f%6e\/wp\/v2\/categories?post=50441"},{"taxonomy":"post_tag","embeddable":true,"href":"https:\/\/informelitoral.com.ar\/%77%70%2d%6a%73%6f%6e\/wp\/v2\/tags?post=50441"}],"curies":[{"name":"wp","href":"https:\/\/api.w.org\/{rel}","templated":true}]}}