{"id":50395,"date":"2020-09-25T10:01:31","date_gmt":"2020-09-25T13:01:31","guid":{"rendered":"https:\/\/www.isletasnoticias.com.ar\/?p=50395"},"modified":"2020-09-25T10:01:31","modified_gmt":"2020-09-25T13:01:31","slug":"una-propuesta-para-enfrentar-al-delito-rural-en-entre-rios","status":"publish","type":"post","link":"https:\/\/informelitoral.com.ar\/una-propuesta-para-enfrentar-al-delito-rural-en-entre-rios\/","title":{"rendered":"Una propuesta para enfrentar al delito rural en Entre R\u00edos"},"content":{"rendered":"<p class=\"x_MsoNormal\">Ingres\u00f3 a la C\u00e1mara de Diputados de Entre R\u00edos un proyecto de ley que crea en el \u00e1mbito del Ministerio P\u00fablico Fiscal la \u201cUnidad Fiscal Especial de Delitos Rurales\u201d, cuya competencia ser\u00e1 la investigaci\u00f3n y acci\u00f3n preventiva en esta materia en todo el territorio provincial.<\/p>\n<p class=\"x_MsoNormal\"><a href=\"https:\/\/www.isletasnoticias.com.ar\/%77%70%2d%63%6f%6e%74%65%6e%74\/uploads\/2020\/09\/silobolsas-maiz-cra.jpeg\"><img loading=\"lazy\" decoding=\"async\" class=\"aligncenter wp-image-49023 size-full\" src=\"https:\/\/www.isletasnoticias.com.ar\/%77%70%2d%63%6f%6e%74%65%6e%74\/uploads\/2020\/09\/silobolsas-maiz-cra.jpeg\" alt=\"\" width=\"1000\" height=\"570\" srcset=\"https:\/\/informelitoral.com.ar\/%77%70%2d%63%6f%6e%74%65%6e%74\/uploads\/2020\/09\/silobolsas-maiz-cra.jpeg 1000w, https:\/\/informelitoral.com.ar\/%77%70%2d%63%6f%6e%74%65%6e%74\/uploads\/2020\/09\/silobolsas-maiz-cra-300x171.jpeg 300w, https:\/\/informelitoral.com.ar\/%77%70%2d%63%6f%6e%74%65%6e%74\/uploads\/2020\/09\/silobolsas-maiz-cra-768x438.jpeg 768w, https:\/\/informelitoral.com.ar\/%77%70%2d%63%6f%6e%74%65%6e%74\/uploads\/2020\/09\/silobolsas-maiz-cra-696x397.jpeg 696w, https:\/\/informelitoral.com.ar\/%77%70%2d%63%6f%6e%74%65%6e%74\/uploads\/2020\/09\/silobolsas-maiz-cra-737x420.jpeg 737w\" sizes=\"auto, (max-width: 1000px) 100vw, 1000px\" \/><\/a><\/p>\n<p class=\"x_MsoNormal\">Impulsada por <strong>Juli\u00e1n Maneiro<\/strong> (UCR-Cambiemos), dispone una estructura organizativa, de acuerdo a las disposiciones que dicte el Procurador General, en el marco de las facultades conferidas por la Ley N\u00ba10.407.<\/p>\n<p class=\"x_MsoNormal\"><b>\u00bfQu\u00e9 propone el proyecto?<\/b><\/p>\n<p class=\"x_MsoNormal\">\u2022 Contar\u00e1 con un Fiscal por cada Unidad Fiscal y estar\u00e1 bajo la jerarqu\u00eda del Fiscal Coordinador de su jurisdicci\u00f3n.<\/p>\n<p class=\"x_MsoNormal\">\u2022 Los Agentes Fiscales y Fiscales Auxiliares tendr\u00e1n a su cargo el ejercicio de la acci\u00f3n penal, de acuerdo a las previsiones legales, instrucciones del Procurador General y distribuci\u00f3n de tareas que establezca.<\/p>\n<p class=\"x_MsoNormal\">\u2022 Intervendr\u00e1, a trav\u00e9s de los Delegados Judiciales y en coordinaci\u00f3n con la Polic\u00eda de Entre R\u00edos, y a trav\u00e9s de la Direcci\u00f3n de Prevenci\u00f3n de Delitos Rurales, en todas las actuaciones preventivas y punitivas de delitos que se cometan o intenten en \u00e1reas rurales e islas de jurisdicci\u00f3n provincial.<\/p>\n<p class=\"x_MsoNormal\">\u2022 Tambi\u00e9n lo har\u00e1 en coordinaci\u00f3n con la Direcci\u00f3n General de Fiscalizaci\u00f3n de la Provincia de Entre R\u00edos, que ser\u00e1 competente como titular de la acci\u00f3n penal, en todo lo normado por la Ley N\u00ba 4.841 de Caza, la Ley N\u00ba 4.892 de Pesca y la Ley N\u00ba 10.479 de \u00c1reas Naturales Protegidas\u201d.<\/p>\n<p class=\"x_MsoNormal\"><b>Antecedentes y justificaciones<\/b><\/p>\n<p class=\"x_MsoNormal\">Otras jurisdicciones provinciales han llevado adelante reformas que crean figuras similares con funciones y competencias parecidas, por lo que existen antecedentes. El propio Maneiro explic\u00f3 que \u201cLos acontecimientos que se vienen sucediendo dan cuenta de un notable incremento en los delitos rurales. Hay que generar una respuesta institucional y adaptar el entramado organizacional y judicial provincial para lograr m\u00e1s eficacia, prevenir y sancionar la realizaci\u00f3n de estas acciones\u201d.<\/p>\n<p class=\"x_MsoNormal\">\u201cLa especificidad y el incremento del delito rural merece que se activen pol\u00edticas p\u00fablicas para su control y erradicaci\u00f3n. Los productores agropecuarios, empleados rurales, prestadores de servicios y contratistas, as\u00ed como quienes eligen adoptar este estilo de vida, merecen el respeto de sus derechos y garant\u00edas consagrados en la Constituci\u00f3n\u201d, argument\u00f3.<\/p>\n<p class=\"x_MsoNormal\"><b>\u00bfEntonces?<\/b><\/p>\n<p class=\"x_MsoNormal\">Este proyecto de ley apunta a abordar el problema de la inseguridad en el campo y el crecimiento de los delitos rurales. \u201cNecesitamos preocupaci\u00f3n en serio de las autoridades provinciales. El campo es uno de los principales generadores de riqueza en la provincia. Debemos darles condiciones para que puedan seguir produciendo y as\u00ed sacar la provincia adelante\u201d, indic\u00f3 el legislador.<\/p>\n","protected":false},"excerpt":{"rendered":"<p>El proyecto de ley para crear una Unidad Fiscal Especial del diputado Juli\u00e1n Maneiro es una respuesta a la preocupaci\u00f3n de los productores. La inseguridad crece y la iniciativa apuesta a la protecci\u00f3n del campo.<\/p>\n","protected":false},"author":2,"featured_media":50396,"comment_status":"open","ping_status":"open","sticky":false,"template":"","format":"standard","meta":{"fifu_image_url":"","fifu_image_alt":"","footnotes":""},"categories":[16],"tags":[1591,1529,519],"class_list":{"0":"post-50395","1":"post","2":"type-post","3":"status-publish","4":"format-standard","5":"has-post-thumbnail","7":"category-politi","8":"tag-delitos-rurales","9":"tag-julian-maneiro","10":"tag-silobolsa"},"yoast_head":"<title>Una propuesta para enfrentar al delito rural en Entre R\u00edos - Informe Litoral<\/title>\n<meta name=\"robots\" content=\"index, follow, max-snippet:-1, max-image-preview:large, max-video-preview:-1\" \/>\n<link rel=\"canonical\" href=\"https:\/\/informelitoral.com.ar\/una-propuesta-para-enfrentar-al-delito-rural-en-entre-rios\/\" \/>\n<meta property=\"og:locale\" content=\"es_ES\" \/>\n<meta property=\"og:type\" content=\"article\" \/>\n<meta property=\"og:title\" content=\"Una propuesta para enfrentar al delito rural en Entre R\u00edos - Informe Litoral\" \/>\n<meta property=\"og:description\" content=\"El proyecto de ley para crear una Unidad Fiscal Especial del diputado Juli\u00e1n Maneiro es una respuesta a la preocupaci\u00f3n de los productores. La inseguridad crece y la iniciativa apuesta a la protecci\u00f3n del campo.\" \/>\n<meta property=\"og:url\" content=\"https:\/\/informelitoral.com.ar\/una-propuesta-para-enfrentar-al-delito-rural-en-entre-rios\/\" \/>\n<meta property=\"og:site_name\" content=\"Informe Litoral\" \/>\n<meta property=\"article:publisher\" content=\"https:\/\/www.facebook.com\/informelitoral\/\" \/>\n<meta property=\"article:published_time\" content=\"2020-09-25T13:01:31+00:00\" \/>\n<meta property=\"og:image\" content=\"https:\/\/informelitoral.com.ar\/%77%70%2d%63%6f%6e%74%65%6e%74\/uploads\/2020\/09\/Maneiro-1.jpg\" \/>\n\t<meta property=\"og:image:width\" content=\"960\" \/>\n\t<meta property=\"og:image:height\" content=\"1280\" \/>\n\t<meta property=\"og:image:type\" content=\"image\/jpeg\" \/>\n<meta name=\"author\" content=\"Gonzalo Schmidt\" \/>\n<meta name=\"twitter:card\" content=\"summary_large_image\" \/>\n<meta name=\"twitter:creator\" content=\"@InformeLitoral\" \/>\n<meta name=\"twitter:site\" content=\"@InformeLitoral\" \/>\n<meta name=\"twitter:label1\" content=\"Escrito por\" \/>\n\t<meta name=\"twitter:data1\" content=\"Gonzalo Schmidt\" \/>\n\t<meta name=\"twitter:label2\" content=\"Tiempo de lectura\" \/>\n\t<meta name=\"twitter:data2\" content=\"2 minutos\" \/>\n<script type=\"application\/ld+json\" class=\"yoast-schema-graph\">{\"@context\":\"https:\\\/\\\/schema.org\",\"@graph\":[{\"@type\":\"Article\",\"@id\":\"https:\\\/\\\/informelitoral.com.ar\\\/una-propuesta-para-enfrentar-al-delito-rural-en-entre-rios\\\/#article\",\"isPartOf\":{\"@id\":\"https:\\\/\\\/informelitoral.com.ar\\\/una-propuesta-para-enfrentar-al-delito-rural-en-entre-rios\\\/\"},\"author\":{\"name\":\"Gonzalo Schmidt\",\"@id\":\"https:\\\/\\\/informelitoral.com.ar\\\/#\\\/schema\\\/person\\\/b9d00407c836482871ef1d57bf8e3180\"},\"headline\":\"Una propuesta para enfrentar al delito rural en Entre R\u00edos\",\"datePublished\":\"2020-09-25T13:01:31+00:00\",\"mainEntityOfPage\":{\"@id\":\"https:\\\/\\\/informelitoral.com.ar\\\/una-propuesta-para-enfrentar-al-delito-rural-en-entre-rios\\\/\"},\"wordCount\":455,\"commentCount\":0,\"publisher\":{\"@id\":\"https:\\\/\\\/informelitoral.com.ar\\\/#organization\"},\"image\":{\"@id\":\"https:\\\/\\\/informelitoral.com.ar\\\/una-propuesta-para-enfrentar-al-delito-rural-en-entre-rios\\\/#primaryimage\"},\"thumbnailUrl\":\"https:\\\/\\\/informelitoral.com.ar\\\/%77%70%2d%63%6f%6e%74%65%6e%74\\\/uploads\\\/2020\\\/09\\\/Maneiro-1.jpg\",\"keywords\":[\"Delitos rurales\",\"Juli\u00e1n Maneiro\",\"Silobolsa\"],\"articleSection\":[\"Politica\"],\"inLanguage\":\"es\",\"potentialAction\":[{\"@type\":\"CommentAction\",\"name\":\"Comment\",\"target\":[\"https:\\\/\\\/informelitoral.com.ar\\\/una-propuesta-para-enfrentar-al-delito-rural-en-entre-rios\\\/#respond\"]}]},{\"@type\":\"WebPage\",\"@id\":\"https:\\\/\\\/informelitoral.com.ar\\\/una-propuesta-para-enfrentar-al-delito-rural-en-entre-rios\\\/\",\"url\":\"https:\\\/\\\/informelitoral.com.ar\\\/una-propuesta-para-enfrentar-al-delito-rural-en-entre-rios\\\/\",\"name\":\"Una propuesta para enfrentar al delito rural en Entre R\u00edos - Informe Litoral\",\"isPartOf\":{\"@id\":\"https:\\\/\\\/informelitoral.com.ar\\\/#website\"},\"primaryImageOfPage\":{\"@id\":\"https:\\\/\\\/informelitoral.com.ar\\\/una-propuesta-para-enfrentar-al-delito-rural-en-entre-rios\\\/#primaryimage\"},\"image\":{\"@id\":\"https:\\\/\\\/informelitoral.com.ar\\\/una-propuesta-para-enfrentar-al-delito-rural-en-entre-rios\\\/#primaryimage\"},\"thumbnailUrl\":\"https:\\\/\\\/informelitoral.com.ar\\\/%77%70%2d%63%6f%6e%74%65%6e%74\\\/uploads\\\/2020\\\/09\\\/Maneiro-1.jpg\",\"datePublished\":\"2020-09-25T13:01:31+00:00\",\"breadcrumb\":{\"@id\":\"https:\\\/\\\/informelitoral.com.ar\\\/una-propuesta-para-enfrentar-al-delito-rural-en-entre-rios\\\/#breadcrumb\"},\"inLanguage\":\"es\",\"potentialAction\":[{\"@type\":\"ReadAction\",\"target\":[\"https:\\\/\\\/informelitoral.com.ar\\\/una-propuesta-para-enfrentar-al-delito-rural-en-entre-rios\\\/\"]}]},{\"@type\":\"ImageObject\",\"inLanguage\":\"es\",\"@id\":\"https:\\\/\\\/informelitoral.com.ar\\\/una-propuesta-para-enfrentar-al-delito-rural-en-entre-rios\\\/#primaryimage\",\"url\":\"https:\\\/\\\/informelitoral.com.ar\\\/%77%70%2d%63%6f%6e%74%65%6e%74\\\/uploads\\\/2020\\\/09\\\/Maneiro-1.jpg\",\"contentUrl\":\"https:\\\/\\\/informelitoral.com.ar\\\/%77%70%2d%63%6f%6e%74%65%6e%74\\\/uploads\\\/2020\\\/09\\\/Maneiro-1.jpg\",\"width\":960,\"height\":1280},{\"@type\":\"BreadcrumbList\",\"@id\":\"https:\\\/\\\/informelitoral.com.ar\\\/una-propuesta-para-enfrentar-al-delito-rural-en-entre-rios\\\/#breadcrumb\",\"itemListElement\":[{\"@type\":\"ListItem\",\"position\":1,\"name\":\"Portada\",\"item\":\"https:\\\/\\\/informelitoral.com.ar\\\/\"},{\"@type\":\"ListItem\",\"position\":2,\"name\":\"Una propuesta para enfrentar al delito rural en Entre R\u00edos\"}]},{\"@type\":\"WebSite\",\"@id\":\"https:\\\/\\\/informelitoral.com.ar\\\/#website\",\"url\":\"https:\\\/\\\/informelitoral.com.ar\\\/\",\"name\":\"Informe Litoral\",\"description\":\"&quot;Nos informamos&quot; \",\"publisher\":{\"@id\":\"https:\\\/\\\/informelitoral.com.ar\\\/#organization\"},\"potentialAction\":[{\"@type\":\"SearchAction\",\"target\":{\"@type\":\"EntryPoint\",\"urlTemplate\":\"https:\\\/\\\/informelitoral.com.ar\\\/?s={search_term_string}\"},\"query-input\":{\"@type\":\"PropertyValueSpecification\",\"valueRequired\":true,\"valueName\":\"search_term_string\"}}],\"inLanguage\":\"es\"},{\"@type\":\"Organization\",\"@id\":\"https:\\\/\\\/informelitoral.com.ar\\\/#organization\",\"name\":\"Informe Litoral\",\"url\":\"https:\\\/\\\/informelitoral.com.ar\\\/\",\"logo\":{\"@type\":\"ImageObject\",\"inLanguage\":\"es\",\"@id\":\"https:\\\/\\\/informelitoral.com.ar\\\/#\\\/schema\\\/logo\\\/image\\\/\",\"url\":\"https:\\\/\\\/informelitoral.com.ar\\\/%77%70%2d%63%6f%6e%74%65%6e%74\\\/uploads\\\/2021\\\/01\\\/circulo.png\",\"contentUrl\":\"https:\\\/\\\/informelitoral.com.ar\\\/%77%70%2d%63%6f%6e%74%65%6e%74\\\/uploads\\\/2021\\\/01\\\/circulo.png\",\"width\":723,\"height\":731,\"caption\":\"Informe Litoral\"},\"image\":{\"@id\":\"https:\\\/\\\/informelitoral.com.ar\\\/#\\\/schema\\\/logo\\\/image\\\/\"},\"sameAs\":[\"https:\\\/\\\/www.facebook.com\\\/informelitoral\\\/\",\"https:\\\/\\\/x.com\\\/InformeLitoral\",\"https:\\\/\\\/www.instagram.com\\\/informelitoral\\\/\",\"https:\\\/\\\/www.youtube.com\\\/channel\\\/UCua4Qvz8Icb6MYqhoq9xLXw\"]},{\"@type\":\"Person\",\"@id\":\"https:\\\/\\\/informelitoral.com.ar\\\/#\\\/schema\\\/person\\\/b9d00407c836482871ef1d57bf8e3180\",\"name\":\"Gonzalo Schmidt\",\"image\":{\"@type\":\"ImageObject\",\"inLanguage\":\"es\",\"@id\":\"https:\\\/\\\/secure.gravatar.com\\\/avatar\\\/31a1a7b66ff2de83bd0e9fd79d026630d2d99e55e8bfe501287647b4fd9743de?s=96&d=mm&r=g\",\"url\":\"https:\\\/\\\/secure.gravatar.com\\\/avatar\\\/31a1a7b66ff2de83bd0e9fd79d026630d2d99e55e8bfe501287647b4fd9743de?s=96&d=mm&r=g\",\"contentUrl\":\"https:\\\/\\\/secure.gravatar.com\\\/avatar\\\/31a1a7b66ff2de83bd0e9fd79d026630d2d99e55e8bfe501287647b4fd9743de?s=96&d=mm&r=g\",\"caption\":\"Gonzalo Schmidt\"},\"description\":\"Sitio web de noticias de la provincia de Entre R\u00edos, Argentina. Informaci\u00f3n y entretenimiento. Informe Litoral, nos informamos.\",\"sameAs\":[\"http:\\\/\\\/www.isletasnoticias.com.ar\"],\"url\":\"https:\\\/\\\/informelitoral.com.ar\\\/author\\\/gonzalo\\\/\"}]}<\/script>","yoast_head_json":{"title":"Una propuesta para enfrentar al delito rural en Entre R\u00edos - Informe Litoral","robots":{"index":"index","follow":"follow","max-snippet":"max-snippet:-1","max-image-preview":"max-image-preview:large","max-video-preview":"max-video-preview:-1"},"canonical":"https:\/\/informelitoral.com.ar\/una-propuesta-para-enfrentar-al-delito-rural-en-entre-rios\/","og_locale":"es_ES","og_type":"article","og_title":"Una propuesta para enfrentar al delito rural en Entre R\u00edos - Informe Litoral","og_description":"El proyecto de ley para crear una Unidad Fiscal Especial del diputado Juli\u00e1n Maneiro es una respuesta a la preocupaci\u00f3n de los productores. La inseguridad crece y la iniciativa apuesta a la protecci\u00f3n del campo.","og_url":"https:\/\/informelitoral.com.ar\/una-propuesta-para-enfrentar-al-delito-rural-en-entre-rios\/","og_site_name":"Informe Litoral","article_publisher":"https:\/\/www.facebook.com\/informelitoral\/","article_published_time":"2020-09-25T13:01:31+00:00","og_image":[{"width":960,"height":1280,"url":"https:\/\/informelitoral.com.ar\/%77%70%2d%63%6f%6e%74%65%6e%74\/uploads\/2020\/09\/Maneiro-1.jpg","type":"image\/jpeg"}],"author":"Gonzalo Schmidt","twitter_card":"summary_large_image","twitter_creator":"@InformeLitoral","twitter_site":"@InformeLitoral","twitter_misc":{"Escrito por":"Gonzalo Schmidt","Tiempo de lectura":"2 minutos"},"schema":{"@context":"https:\/\/schema.org","@graph":[{"@type":"Article","@id":"https:\/\/informelitoral.com.ar\/una-propuesta-para-enfrentar-al-delito-rural-en-entre-rios\/#article","isPartOf":{"@id":"https:\/\/informelitoral.com.ar\/una-propuesta-para-enfrentar-al-delito-rural-en-entre-rios\/"},"author":{"name":"Gonzalo Schmidt","@id":"https:\/\/informelitoral.com.ar\/#\/schema\/person\/b9d00407c836482871ef1d57bf8e3180"},"headline":"Una propuesta para enfrentar al delito rural en Entre R\u00edos","datePublished":"2020-09-25T13:01:31+00:00","mainEntityOfPage":{"@id":"https:\/\/informelitoral.com.ar\/una-propuesta-para-enfrentar-al-delito-rural-en-entre-rios\/"},"wordCount":455,"commentCount":0,"publisher":{"@id":"https:\/\/informelitoral.com.ar\/#organization"},"image":{"@id":"https:\/\/informelitoral.com.ar\/una-propuesta-para-enfrentar-al-delito-rural-en-entre-rios\/#primaryimage"},"thumbnailUrl":"https:\/\/informelitoral.com.ar\/%77%70%2d%63%6f%6e%74%65%6e%74\/uploads\/2020\/09\/Maneiro-1.jpg","keywords":["Delitos rurales","Juli\u00e1n Maneiro","Silobolsa"],"articleSection":["Politica"],"inLanguage":"es","potentialAction":[{"@type":"CommentAction","name":"Comment","target":["https:\/\/informelitoral.com.ar\/una-propuesta-para-enfrentar-al-delito-rural-en-entre-rios\/#respond"]}]},{"@type":"WebPage","@id":"https:\/\/informelitoral.com.ar\/una-propuesta-para-enfrentar-al-delito-rural-en-entre-rios\/","url":"https:\/\/informelitoral.com.ar\/una-propuesta-para-enfrentar-al-delito-rural-en-entre-rios\/","name":"Una propuesta para enfrentar al delito rural en Entre R\u00edos - Informe Litoral","isPartOf":{"@id":"https:\/\/informelitoral.com.ar\/#website"},"primaryImageOfPage":{"@id":"https:\/\/informelitoral.com.ar\/una-propuesta-para-enfrentar-al-delito-rural-en-entre-rios\/#primaryimage"},"image":{"@id":"https:\/\/informelitoral.com.ar\/una-propuesta-para-enfrentar-al-delito-rural-en-entre-rios\/#primaryimage"},"thumbnailUrl":"https:\/\/informelitoral.com.ar\/%77%70%2d%63%6f%6e%74%65%6e%74\/uploads\/2020\/09\/Maneiro-1.jpg","datePublished":"2020-09-25T13:01:31+00:00","breadcrumb":{"@id":"https:\/\/informelitoral.com.ar\/una-propuesta-para-enfrentar-al-delito-rural-en-entre-rios\/#breadcrumb"},"inLanguage":"es","potentialAction":[{"@type":"ReadAction","target":["https:\/\/informelitoral.com.ar\/una-propuesta-para-enfrentar-al-delito-rural-en-entre-rios\/"]}]},{"@type":"ImageObject","inLanguage":"es","@id":"https:\/\/informelitoral.com.ar\/una-propuesta-para-enfrentar-al-delito-rural-en-entre-rios\/#primaryimage","url":"https:\/\/informelitoral.com.ar\/%77%70%2d%63%6f%6e%74%65%6e%74\/uploads\/2020\/09\/Maneiro-1.jpg","contentUrl":"https:\/\/informelitoral.com.ar\/%77%70%2d%63%6f%6e%74%65%6e%74\/uploads\/2020\/09\/Maneiro-1.jpg","width":960,"height":1280},{"@type":"BreadcrumbList","@id":"https:\/\/informelitoral.com.ar\/una-propuesta-para-enfrentar-al-delito-rural-en-entre-rios\/#breadcrumb","itemListElement":[{"@type":"ListItem","position":1,"name":"Portada","item":"https:\/\/informelitoral.com.ar\/"},{"@type":"ListItem","position":2,"name":"Una propuesta para enfrentar al delito rural en Entre R\u00edos"}]},{"@type":"WebSite","@id":"https:\/\/informelitoral.com.ar\/#website","url":"https:\/\/informelitoral.com.ar\/","name":"Informe Litoral","description":"&quot;Nos informamos&quot; ","publisher":{"@id":"https:\/\/informelitoral.com.ar\/#organization"},"potentialAction":[{"@type":"SearchAction","target":{"@type":"EntryPoint","urlTemplate":"https:\/\/informelitoral.com.ar\/?s={search_term_string}"},"query-input":{"@type":"PropertyValueSpecification","valueRequired":true,"valueName":"search_term_string"}}],"inLanguage":"es"},{"@type":"Organization","@id":"https:\/\/informelitoral.com.ar\/#organization","name":"Informe Litoral","url":"https:\/\/informelitoral.com.ar\/","logo":{"@type":"ImageObject","inLanguage":"es","@id":"https:\/\/informelitoral.com.ar\/#\/schema\/logo\/image\/","url":"https:\/\/informelitoral.com.ar\/%77%70%2d%63%6f%6e%74%65%6e%74\/uploads\/2021\/01\/circulo.png","contentUrl":"https:\/\/informelitoral.com.ar\/%77%70%2d%63%6f%6e%74%65%6e%74\/uploads\/2021\/01\/circulo.png","width":723,"height":731,"caption":"Informe Litoral"},"image":{"@id":"https:\/\/informelitoral.com.ar\/#\/schema\/logo\/image\/"},"sameAs":["https:\/\/www.facebook.com\/informelitoral\/","https:\/\/x.com\/InformeLitoral","https:\/\/www.instagram.com\/informelitoral\/","https:\/\/www.youtube.com\/channel\/UCua4Qvz8Icb6MYqhoq9xLXw"]},{"@type":"Person","@id":"https:\/\/informelitoral.com.ar\/#\/schema\/person\/b9d00407c836482871ef1d57bf8e3180","name":"Gonzalo Schmidt","image":{"@type":"ImageObject","inLanguage":"es","@id":"https:\/\/secure.gravatar.com\/avatar\/31a1a7b66ff2de83bd0e9fd79d026630d2d99e55e8bfe501287647b4fd9743de?s=96&d=mm&r=g","url":"https:\/\/secure.gravatar.com\/avatar\/31a1a7b66ff2de83bd0e9fd79d026630d2d99e55e8bfe501287647b4fd9743de?s=96&d=mm&r=g","contentUrl":"https:\/\/secure.gravatar.com\/avatar\/31a1a7b66ff2de83bd0e9fd79d026630d2d99e55e8bfe501287647b4fd9743de?s=96&d=mm&r=g","caption":"Gonzalo Schmidt"},"description":"Sitio web de noticias de la provincia de Entre R\u00edos, Argentina. Informaci\u00f3n y entretenimiento. Informe Litoral, nos informamos.","sameAs":["http:\/\/www.isletasnoticias.com.ar"],"url":"https:\/\/informelitoral.com.ar\/author\/gonzalo\/"}]}},"_links":{"self":[{"href":"https:\/\/informelitoral.com.ar\/%77%70%2d%6a%73%6f%6e\/wp\/v2\/posts\/50395","targetHints":{"allow":["GET"]}}],"collection":[{"href":"https:\/\/informelitoral.com.ar\/%77%70%2d%6a%73%6f%6e\/wp\/v2\/posts"}],"about":[{"href":"https:\/\/informelitoral.com.ar\/%77%70%2d%6a%73%6f%6e\/wp\/v2\/types\/post"}],"author":[{"embeddable":true,"href":"https:\/\/informelitoral.com.ar\/%77%70%2d%6a%73%6f%6e\/wp\/v2\/users\/2"}],"replies":[{"embeddable":true,"href":"https:\/\/informelitoral.com.ar\/%77%70%2d%6a%73%6f%6e\/wp\/v2\/comments?post=50395"}],"version-history":[{"count":0,"href":"https:\/\/informelitoral.com.ar\/%77%70%2d%6a%73%6f%6e\/wp\/v2\/posts\/50395\/revisions"}],"wp:featuredmedia":[{"embeddable":true,"href":"https:\/\/informelitoral.com.ar\/%77%70%2d%6a%73%6f%6e\/wp\/v2\/media\/50396"}],"wp:attachment":[{"href":"https:\/\/informelitoral.com.ar\/%77%70%2d%6a%73%6f%6e\/wp\/v2\/media?parent=50395"}],"wp:term":[{"taxonomy":"category","embeddable":true,"href":"https:\/\/informelitoral.com.ar\/%77%70%2d%6a%73%6f%6e\/wp\/v2\/categories?post=50395"},{"taxonomy":"post_tag","embeddable":true,"href":"https:\/\/informelitoral.com.ar\/%77%70%2d%6a%73%6f%6e\/wp\/v2\/tags?post=50395"}],"curies":[{"name":"wp","href":"https:\/\/api.w.org\/{rel}","templated":true}]}}