{"id":50369,"date":"2020-09-24T21:02:00","date_gmt":"2020-09-25T00:02:00","guid":{"rendered":"https:\/\/www.isletasnoticias.com.ar\/?p=50369"},"modified":"2020-09-24T21:02:00","modified_gmt":"2020-09-25T00:02:00","slug":"un-proyecto-de-ley-autoriza-uso-de-ibuprofenato-de-sodio-inhalado-para-pacientes-con-covid-19","status":"publish","type":"post","link":"https:\/\/informelitoral.com.ar\/un-proyecto-de-ley-autoriza-uso-de-ibuprofenato-de-sodio-inhalado-para-pacientes-con-covid-19\/","title":{"rendered":"Un proyecto de ley autoriza uso de ibuprofenato de sodio inhalado para pacientes con Covid-19"},"content":{"rendered":"<p>A trav\u00e9s de un proyecto de Ley se pretende autorizar la utilizaci\u00f3n de Ibuprofenato de sodio como uso compasivo para el tratamiento de pacientes con Covid-19 en la provincia, \u201centendi\u00e9ndose como medicamentos compasivos a aquellos que se administran a un paciente antes de que el f\u00e1rmaco haya recibido su aprobaci\u00f3n oficial para esa indicaci\u00f3n, o estando aprobado oficialmente, lo sea para otras patolog\u00edas o indicaciones y no para la situaci\u00f3n cl\u00ednica del paciente\u201d, seg\u00fan se aclara en el texto cuya autor\u00eda corresponde al presidente de la C\u00e1mara de Diputados, Angel Giano.<\/p>\n<p>Con el objetivo de colaborar y contribuir con la recuperaci\u00f3n de pacientes afectados por el coronavirus, la iniciativa propone al Poder Ejecutivo, por medio del ministerio de Salud, como \u00f3rgano de reglamentaci\u00f3n y control del uso de la terapia.<\/p>\n<p>El tratamiento, que fue desarrollado por investigadores del Centro de Excelencia en Productos y Procesos de C\u00f3rdoba (CEPROCOR) y del Consejo Nacional de Investigaciones Cient\u00edficas y T\u00e9cnicas (CONICET), permiti\u00f3 descubrir dos propiedades fundamentales del medicamento \u201cuna antiinflamatoria, la m\u00e1s difundida, y otra, la menos conocida, es la de ser bactericida y viricida, la cual no est\u00e1 a\u00fan muy explotada\u201d, tal cual expresa el texto presentado por Giano.<\/p>\n<p>En ese sentido, el proyecto de Ley destaca que \u201cel ibuprofeno no se administra habitualmente como analg\u00e9sico y antiinflamatorio, sino que se aplica como ibuprofenato de sodio (ibuprofeno hecho soluble al agua) a trav\u00e9s de nebulizaciones con una soluci\u00f3n hipert\u00f3nica, es decir con alta concentraci\u00f3n de sal\u201d. Adem\u00e1s, enfatiza en la importancia de \u201cevitar con drogas antiinflamatorias la progresi\u00f3n hacia el s\u00edndrome inflamatorio multisist\u00e9mico activado por COVID-19\u201d.<\/p>\n<p>De este modo, Entre R\u00edos se sumar\u00eda a las provincias de C\u00f3rdoba, Buenos Aires, Jujuy y La Rioja, las cuales han obtenido muy buenos resultados terap\u00e9uticos a partir del uso del ibuprofenato de sodio. Por su parte, la provincia de Santa Fe se encuentra trabajando en un texto de similares caracter\u00edsticas.<\/p>\n","protected":false},"excerpt":{"rendered":"<p>A trav&eacute;s de un proyecto de Ley se pretende autorizar la utilizaci&oacute;n de Ibuprofenato de sodio como uso compasivo para el tratamiento de pacientes con Covid-19 en la provincia, &ldquo;entendi&eacute;ndose como medicamentos compasivos a aquellos que se administran a un paciente antes de que el f&aacute;rmaco haya recibido su aprobaci&oacute;n oficial para esa indicaci&oacute;n, o [&hellip;]<\/p>\n","protected":false},"author":8,"featured_media":45552,"comment_status":"open","ping_status":"open","sticky":false,"template":"","format":"standard","meta":{"fifu_image_url":"","fifu_image_alt":"","footnotes":""},"categories":[7],"tags":[1426,1481,1823,82,652,1824],"class_list":{"0":"post-50369","1":"post","2":"type-post","3":"status-publish","4":"format-standard","5":"has-post-thumbnail","7":"category-nacionales","8":"tag-coronavirus","9":"tag-covid-19","10":"tag-ibuprofenato","11":"tag-salud","12":"tag-salud-publica","13":"tag-tratamiento"},"yoast_head":"<title>Un proyecto de ley autoriza uso de ibuprofenato de sodio inhalado para pacientes con Covid-19 - Informe Litoral<\/title>\n<meta name=\"robots\" content=\"index, follow, max-snippet:-1, max-image-preview:large, max-video-preview:-1\" \/>\n<link rel=\"canonical\" href=\"https:\/\/informelitoral.com.ar\/un-proyecto-de-ley-autoriza-uso-de-ibuprofenato-de-sodio-inhalado-para-pacientes-con-covid-19\/\" \/>\n<meta property=\"og:locale\" content=\"es_ES\" \/>\n<meta property=\"og:type\" content=\"article\" \/>\n<meta property=\"og:title\" content=\"Un proyecto de ley autoriza uso de ibuprofenato de sodio inhalado para pacientes con Covid-19 - Informe Litoral\" \/>\n<meta property=\"og:description\" content=\"A trav&eacute;s de un proyecto de Ley se pretende autorizar la utilizaci&oacute;n de Ibuprofenato de sodio como uso compasivo para el tratamiento de pacientes con Covid-19 en la provincia, &ldquo;entendi&eacute;ndose como medicamentos compasivos a aquellos que se administran a un paciente antes de que el f&aacute;rmaco haya recibido su aprobaci&oacute;n oficial para esa indicaci&oacute;n, o [&hellip;]\" \/>\n<meta property=\"og:url\" content=\"https:\/\/informelitoral.com.ar\/un-proyecto-de-ley-autoriza-uso-de-ibuprofenato-de-sodio-inhalado-para-pacientes-con-covid-19\/\" \/>\n<meta property=\"og:site_name\" content=\"Informe Litoral\" \/>\n<meta property=\"article:publisher\" content=\"https:\/\/www.facebook.com\/informelitoral\/\" \/>\n<meta property=\"article:published_time\" content=\"2020-09-25T00:02:00+00:00\" \/>\n<meta property=\"og:image\" content=\"https:\/\/informelitoral.com.ar\/%77%70%2d%63%6f%6e%74%65%6e%74\/uploads\/2020\/07\/covidvacune.jpeg\" \/>\n\t<meta property=\"og:image:width\" content=\"612\" \/>\n\t<meta property=\"og:image:height\" content=\"340\" \/>\n\t<meta property=\"og:image:type\" content=\"image\/jpeg\" \/>\n<meta name=\"author\" content=\"Sebastian\" \/>\n<meta name=\"twitter:card\" content=\"summary_large_image\" \/>\n<meta name=\"twitter:creator\" content=\"@InformeLitoral\" \/>\n<meta name=\"twitter:site\" content=\"@InformeLitoral\" \/>\n<meta name=\"twitter:label1\" content=\"Escrito por\" \/>\n\t<meta name=\"twitter:data1\" content=\"Sebastian\" \/>\n\t<meta name=\"twitter:label2\" content=\"Tiempo de lectura\" \/>\n\t<meta name=\"twitter:data2\" content=\"2 minutos\" \/>\n<script type=\"application\/ld+json\" class=\"yoast-schema-graph\">{\"@context\":\"https:\\\/\\\/schema.org\",\"@graph\":[{\"@type\":\"Article\",\"@id\":\"https:\\\/\\\/informelitoral.com.ar\\\/un-proyecto-de-ley-autoriza-uso-de-ibuprofenato-de-sodio-inhalado-para-pacientes-con-covid-19\\\/#article\",\"isPartOf\":{\"@id\":\"https:\\\/\\\/informelitoral.com.ar\\\/un-proyecto-de-ley-autoriza-uso-de-ibuprofenato-de-sodio-inhalado-para-pacientes-con-covid-19\\\/\"},\"author\":{\"name\":\"Sebastian\",\"@id\":\"https:\\\/\\\/informelitoral.com.ar\\\/#\\\/schema\\\/person\\\/f05f9f461677119578717524b127d6d5\"},\"headline\":\"Un proyecto de ley autoriza uso de ibuprofenato de sodio inhalado para pacientes con Covid-19\",\"datePublished\":\"2020-09-25T00:02:00+00:00\",\"mainEntityOfPage\":{\"@id\":\"https:\\\/\\\/informelitoral.com.ar\\\/un-proyecto-de-ley-autoriza-uso-de-ibuprofenato-de-sodio-inhalado-para-pacientes-con-covid-19\\\/\"},\"wordCount\":363,\"commentCount\":0,\"publisher\":{\"@id\":\"https:\\\/\\\/informelitoral.com.ar\\\/#organization\"},\"image\":{\"@id\":\"https:\\\/\\\/informelitoral.com.ar\\\/un-proyecto-de-ley-autoriza-uso-de-ibuprofenato-de-sodio-inhalado-para-pacientes-con-covid-19\\\/#primaryimage\"},\"thumbnailUrl\":\"https:\\\/\\\/informelitoral.com.ar\\\/%77%70%2d%63%6f%6e%74%65%6e%74\\\/uploads\\\/2020\\\/07\\\/covidvacune.jpeg\",\"keywords\":[\"Coronavirus\",\"COVID-19\",\"Ibuprofenato\",\"Salud\",\"Salud p\u00fablica\",\"Tratamiento\"],\"articleSection\":[\"Nacionales\"],\"inLanguage\":\"es\",\"potentialAction\":[{\"@type\":\"CommentAction\",\"name\":\"Comment\",\"target\":[\"https:\\\/\\\/informelitoral.com.ar\\\/un-proyecto-de-ley-autoriza-uso-de-ibuprofenato-de-sodio-inhalado-para-pacientes-con-covid-19\\\/#respond\"]}]},{\"@type\":\"WebPage\",\"@id\":\"https:\\\/\\\/informelitoral.com.ar\\\/un-proyecto-de-ley-autoriza-uso-de-ibuprofenato-de-sodio-inhalado-para-pacientes-con-covid-19\\\/\",\"url\":\"https:\\\/\\\/informelitoral.com.ar\\\/un-proyecto-de-ley-autoriza-uso-de-ibuprofenato-de-sodio-inhalado-para-pacientes-con-covid-19\\\/\",\"name\":\"Un proyecto de ley autoriza uso de ibuprofenato de sodio inhalado para pacientes con Covid-19 - Informe Litoral\",\"isPartOf\":{\"@id\":\"https:\\\/\\\/informelitoral.com.ar\\\/#website\"},\"primaryImageOfPage\":{\"@id\":\"https:\\\/\\\/informelitoral.com.ar\\\/un-proyecto-de-ley-autoriza-uso-de-ibuprofenato-de-sodio-inhalado-para-pacientes-con-covid-19\\\/#primaryimage\"},\"image\":{\"@id\":\"https:\\\/\\\/informelitoral.com.ar\\\/un-proyecto-de-ley-autoriza-uso-de-ibuprofenato-de-sodio-inhalado-para-pacientes-con-covid-19\\\/#primaryimage\"},\"thumbnailUrl\":\"https:\\\/\\\/informelitoral.com.ar\\\/%77%70%2d%63%6f%6e%74%65%6e%74\\\/uploads\\\/2020\\\/07\\\/covidvacune.jpeg\",\"datePublished\":\"2020-09-25T00:02:00+00:00\",\"breadcrumb\":{\"@id\":\"https:\\\/\\\/informelitoral.com.ar\\\/un-proyecto-de-ley-autoriza-uso-de-ibuprofenato-de-sodio-inhalado-para-pacientes-con-covid-19\\\/#breadcrumb\"},\"inLanguage\":\"es\",\"potentialAction\":[{\"@type\":\"ReadAction\",\"target\":[\"https:\\\/\\\/informelitoral.com.ar\\\/un-proyecto-de-ley-autoriza-uso-de-ibuprofenato-de-sodio-inhalado-para-pacientes-con-covid-19\\\/\"]}]},{\"@type\":\"ImageObject\",\"inLanguage\":\"es\",\"@id\":\"https:\\\/\\\/informelitoral.com.ar\\\/un-proyecto-de-ley-autoriza-uso-de-ibuprofenato-de-sodio-inhalado-para-pacientes-con-covid-19\\\/#primaryimage\",\"url\":\"https:\\\/\\\/informelitoral.com.ar\\\/%77%70%2d%63%6f%6e%74%65%6e%74\\\/uploads\\\/2020\\\/07\\\/covidvacune.jpeg\",\"contentUrl\":\"https:\\\/\\\/informelitoral.com.ar\\\/%77%70%2d%63%6f%6e%74%65%6e%74\\\/uploads\\\/2020\\\/07\\\/covidvacune.jpeg\",\"width\":612,\"height\":340},{\"@type\":\"BreadcrumbList\",\"@id\":\"https:\\\/\\\/informelitoral.com.ar\\\/un-proyecto-de-ley-autoriza-uso-de-ibuprofenato-de-sodio-inhalado-para-pacientes-con-covid-19\\\/#breadcrumb\",\"itemListElement\":[{\"@type\":\"ListItem\",\"position\":1,\"name\":\"Portada\",\"item\":\"https:\\\/\\\/informelitoral.com.ar\\\/\"},{\"@type\":\"ListItem\",\"position\":2,\"name\":\"Un proyecto de ley autoriza uso de ibuprofenato de sodio inhalado para pacientes con Covid-19\"}]},{\"@type\":\"WebSite\",\"@id\":\"https:\\\/\\\/informelitoral.com.ar\\\/#website\",\"url\":\"https:\\\/\\\/informelitoral.com.ar\\\/\",\"name\":\"Informe Litoral\",\"description\":\"&quot;Nos informamos&quot; \",\"publisher\":{\"@id\":\"https:\\\/\\\/informelitoral.com.ar\\\/#organization\"},\"potentialAction\":[{\"@type\":\"SearchAction\",\"target\":{\"@type\":\"EntryPoint\",\"urlTemplate\":\"https:\\\/\\\/informelitoral.com.ar\\\/?s={search_term_string}\"},\"query-input\":{\"@type\":\"PropertyValueSpecification\",\"valueRequired\":true,\"valueName\":\"search_term_string\"}}],\"inLanguage\":\"es\"},{\"@type\":\"Organization\",\"@id\":\"https:\\\/\\\/informelitoral.com.ar\\\/#organization\",\"name\":\"Informe Litoral\",\"url\":\"https:\\\/\\\/informelitoral.com.ar\\\/\",\"logo\":{\"@type\":\"ImageObject\",\"inLanguage\":\"es\",\"@id\":\"https:\\\/\\\/informelitoral.com.ar\\\/#\\\/schema\\\/logo\\\/image\\\/\",\"url\":\"https:\\\/\\\/informelitoral.com.ar\\\/%77%70%2d%63%6f%6e%74%65%6e%74\\\/uploads\\\/2021\\\/01\\\/circulo.png\",\"contentUrl\":\"https:\\\/\\\/informelitoral.com.ar\\\/%77%70%2d%63%6f%6e%74%65%6e%74\\\/uploads\\\/2021\\\/01\\\/circulo.png\",\"width\":723,\"height\":731,\"caption\":\"Informe Litoral\"},\"image\":{\"@id\":\"https:\\\/\\\/informelitoral.com.ar\\\/#\\\/schema\\\/logo\\\/image\\\/\"},\"sameAs\":[\"https:\\\/\\\/www.facebook.com\\\/informelitoral\\\/\",\"https:\\\/\\\/x.com\\\/InformeLitoral\",\"https:\\\/\\\/www.instagram.com\\\/informelitoral\\\/\",\"https:\\\/\\\/www.youtube.com\\\/channel\\\/UCua4Qvz8Icb6MYqhoq9xLXw\"]},{\"@type\":\"Person\",\"@id\":\"https:\\\/\\\/informelitoral.com.ar\\\/#\\\/schema\\\/person\\\/f05f9f461677119578717524b127d6d5\",\"name\":\"Sebastian\",\"image\":{\"@type\":\"ImageObject\",\"inLanguage\":\"es\",\"@id\":\"https:\\\/\\\/secure.gravatar.com\\\/avatar\\\/b71bf7481d447dfb9583c7f2798e7cc64de6efb9067b74633ed8c31059a3bd82?s=96&d=mm&r=g\",\"url\":\"https:\\\/\\\/secure.gravatar.com\\\/avatar\\\/b71bf7481d447dfb9583c7f2798e7cc64de6efb9067b74633ed8c31059a3bd82?s=96&d=mm&r=g\",\"contentUrl\":\"https:\\\/\\\/secure.gravatar.com\\\/avatar\\\/b71bf7481d447dfb9583c7f2798e7cc64de6efb9067b74633ed8c31059a3bd82?s=96&d=mm&r=g\",\"caption\":\"Sebastian\"},\"url\":\"https:\\\/\\\/informelitoral.com.ar\\\/author\\\/sebastian\\\/\"}]}<\/script>","yoast_head_json":{"title":"Un proyecto de ley autoriza uso de ibuprofenato de sodio inhalado para pacientes con Covid-19 - Informe Litoral","robots":{"index":"index","follow":"follow","max-snippet":"max-snippet:-1","max-image-preview":"max-image-preview:large","max-video-preview":"max-video-preview:-1"},"canonical":"https:\/\/informelitoral.com.ar\/un-proyecto-de-ley-autoriza-uso-de-ibuprofenato-de-sodio-inhalado-para-pacientes-con-covid-19\/","og_locale":"es_ES","og_type":"article","og_title":"Un proyecto de ley autoriza uso de ibuprofenato de sodio inhalado para pacientes con Covid-19 - Informe Litoral","og_description":"A trav&eacute;s de un proyecto de Ley se pretende autorizar la utilizaci&oacute;n de Ibuprofenato de sodio como uso compasivo para el tratamiento de pacientes con Covid-19 en la provincia, &ldquo;entendi&eacute;ndose como medicamentos compasivos a aquellos que se administran a un paciente antes de que el f&aacute;rmaco haya recibido su aprobaci&oacute;n oficial para esa indicaci&oacute;n, o [&hellip;]","og_url":"https:\/\/informelitoral.com.ar\/un-proyecto-de-ley-autoriza-uso-de-ibuprofenato-de-sodio-inhalado-para-pacientes-con-covid-19\/","og_site_name":"Informe Litoral","article_publisher":"https:\/\/www.facebook.com\/informelitoral\/","article_published_time":"2020-09-25T00:02:00+00:00","og_image":[{"width":612,"height":340,"url":"https:\/\/informelitoral.com.ar\/%77%70%2d%63%6f%6e%74%65%6e%74\/uploads\/2020\/07\/covidvacune.jpeg","type":"image\/jpeg"}],"author":"Sebastian","twitter_card":"summary_large_image","twitter_creator":"@InformeLitoral","twitter_site":"@InformeLitoral","twitter_misc":{"Escrito por":"Sebastian","Tiempo de lectura":"2 minutos"},"schema":{"@context":"https:\/\/schema.org","@graph":[{"@type":"Article","@id":"https:\/\/informelitoral.com.ar\/un-proyecto-de-ley-autoriza-uso-de-ibuprofenato-de-sodio-inhalado-para-pacientes-con-covid-19\/#article","isPartOf":{"@id":"https:\/\/informelitoral.com.ar\/un-proyecto-de-ley-autoriza-uso-de-ibuprofenato-de-sodio-inhalado-para-pacientes-con-covid-19\/"},"author":{"name":"Sebastian","@id":"https:\/\/informelitoral.com.ar\/#\/schema\/person\/f05f9f461677119578717524b127d6d5"},"headline":"Un proyecto de ley autoriza uso de ibuprofenato de sodio inhalado para pacientes con Covid-19","datePublished":"2020-09-25T00:02:00+00:00","mainEntityOfPage":{"@id":"https:\/\/informelitoral.com.ar\/un-proyecto-de-ley-autoriza-uso-de-ibuprofenato-de-sodio-inhalado-para-pacientes-con-covid-19\/"},"wordCount":363,"commentCount":0,"publisher":{"@id":"https:\/\/informelitoral.com.ar\/#organization"},"image":{"@id":"https:\/\/informelitoral.com.ar\/un-proyecto-de-ley-autoriza-uso-de-ibuprofenato-de-sodio-inhalado-para-pacientes-con-covid-19\/#primaryimage"},"thumbnailUrl":"https:\/\/informelitoral.com.ar\/%77%70%2d%63%6f%6e%74%65%6e%74\/uploads\/2020\/07\/covidvacune.jpeg","keywords":["Coronavirus","COVID-19","Ibuprofenato","Salud","Salud p\u00fablica","Tratamiento"],"articleSection":["Nacionales"],"inLanguage":"es","potentialAction":[{"@type":"CommentAction","name":"Comment","target":["https:\/\/informelitoral.com.ar\/un-proyecto-de-ley-autoriza-uso-de-ibuprofenato-de-sodio-inhalado-para-pacientes-con-covid-19\/#respond"]}]},{"@type":"WebPage","@id":"https:\/\/informelitoral.com.ar\/un-proyecto-de-ley-autoriza-uso-de-ibuprofenato-de-sodio-inhalado-para-pacientes-con-covid-19\/","url":"https:\/\/informelitoral.com.ar\/un-proyecto-de-ley-autoriza-uso-de-ibuprofenato-de-sodio-inhalado-para-pacientes-con-covid-19\/","name":"Un proyecto de ley autoriza uso de ibuprofenato de sodio inhalado para pacientes con Covid-19 - Informe Litoral","isPartOf":{"@id":"https:\/\/informelitoral.com.ar\/#website"},"primaryImageOfPage":{"@id":"https:\/\/informelitoral.com.ar\/un-proyecto-de-ley-autoriza-uso-de-ibuprofenato-de-sodio-inhalado-para-pacientes-con-covid-19\/#primaryimage"},"image":{"@id":"https:\/\/informelitoral.com.ar\/un-proyecto-de-ley-autoriza-uso-de-ibuprofenato-de-sodio-inhalado-para-pacientes-con-covid-19\/#primaryimage"},"thumbnailUrl":"https:\/\/informelitoral.com.ar\/%77%70%2d%63%6f%6e%74%65%6e%74\/uploads\/2020\/07\/covidvacune.jpeg","datePublished":"2020-09-25T00:02:00+00:00","breadcrumb":{"@id":"https:\/\/informelitoral.com.ar\/un-proyecto-de-ley-autoriza-uso-de-ibuprofenato-de-sodio-inhalado-para-pacientes-con-covid-19\/#breadcrumb"},"inLanguage":"es","potentialAction":[{"@type":"ReadAction","target":["https:\/\/informelitoral.com.ar\/un-proyecto-de-ley-autoriza-uso-de-ibuprofenato-de-sodio-inhalado-para-pacientes-con-covid-19\/"]}]},{"@type":"ImageObject","inLanguage":"es","@id":"https:\/\/informelitoral.com.ar\/un-proyecto-de-ley-autoriza-uso-de-ibuprofenato-de-sodio-inhalado-para-pacientes-con-covid-19\/#primaryimage","url":"https:\/\/informelitoral.com.ar\/%77%70%2d%63%6f%6e%74%65%6e%74\/uploads\/2020\/07\/covidvacune.jpeg","contentUrl":"https:\/\/informelitoral.com.ar\/%77%70%2d%63%6f%6e%74%65%6e%74\/uploads\/2020\/07\/covidvacune.jpeg","width":612,"height":340},{"@type":"BreadcrumbList","@id":"https:\/\/informelitoral.com.ar\/un-proyecto-de-ley-autoriza-uso-de-ibuprofenato-de-sodio-inhalado-para-pacientes-con-covid-19\/#breadcrumb","itemListElement":[{"@type":"ListItem","position":1,"name":"Portada","item":"https:\/\/informelitoral.com.ar\/"},{"@type":"ListItem","position":2,"name":"Un proyecto de ley autoriza uso de ibuprofenato de sodio inhalado para pacientes con Covid-19"}]},{"@type":"WebSite","@id":"https:\/\/informelitoral.com.ar\/#website","url":"https:\/\/informelitoral.com.ar\/","name":"Informe Litoral","description":"&quot;Nos informamos&quot; ","publisher":{"@id":"https:\/\/informelitoral.com.ar\/#organization"},"potentialAction":[{"@type":"SearchAction","target":{"@type":"EntryPoint","urlTemplate":"https:\/\/informelitoral.com.ar\/?s={search_term_string}"},"query-input":{"@type":"PropertyValueSpecification","valueRequired":true,"valueName":"search_term_string"}}],"inLanguage":"es"},{"@type":"Organization","@id":"https:\/\/informelitoral.com.ar\/#organization","name":"Informe Litoral","url":"https:\/\/informelitoral.com.ar\/","logo":{"@type":"ImageObject","inLanguage":"es","@id":"https:\/\/informelitoral.com.ar\/#\/schema\/logo\/image\/","url":"https:\/\/informelitoral.com.ar\/%77%70%2d%63%6f%6e%74%65%6e%74\/uploads\/2021\/01\/circulo.png","contentUrl":"https:\/\/informelitoral.com.ar\/%77%70%2d%63%6f%6e%74%65%6e%74\/uploads\/2021\/01\/circulo.png","width":723,"height":731,"caption":"Informe Litoral"},"image":{"@id":"https:\/\/informelitoral.com.ar\/#\/schema\/logo\/image\/"},"sameAs":["https:\/\/www.facebook.com\/informelitoral\/","https:\/\/x.com\/InformeLitoral","https:\/\/www.instagram.com\/informelitoral\/","https:\/\/www.youtube.com\/channel\/UCua4Qvz8Icb6MYqhoq9xLXw"]},{"@type":"Person","@id":"https:\/\/informelitoral.com.ar\/#\/schema\/person\/f05f9f461677119578717524b127d6d5","name":"Sebastian","image":{"@type":"ImageObject","inLanguage":"es","@id":"https:\/\/secure.gravatar.com\/avatar\/b71bf7481d447dfb9583c7f2798e7cc64de6efb9067b74633ed8c31059a3bd82?s=96&d=mm&r=g","url":"https:\/\/secure.gravatar.com\/avatar\/b71bf7481d447dfb9583c7f2798e7cc64de6efb9067b74633ed8c31059a3bd82?s=96&d=mm&r=g","contentUrl":"https:\/\/secure.gravatar.com\/avatar\/b71bf7481d447dfb9583c7f2798e7cc64de6efb9067b74633ed8c31059a3bd82?s=96&d=mm&r=g","caption":"Sebastian"},"url":"https:\/\/informelitoral.com.ar\/author\/sebastian\/"}]}},"_links":{"self":[{"href":"https:\/\/informelitoral.com.ar\/%77%70%2d%6a%73%6f%6e\/wp\/v2\/posts\/50369","targetHints":{"allow":["GET"]}}],"collection":[{"href":"https:\/\/informelitoral.com.ar\/%77%70%2d%6a%73%6f%6e\/wp\/v2\/posts"}],"about":[{"href":"https:\/\/informelitoral.com.ar\/%77%70%2d%6a%73%6f%6e\/wp\/v2\/types\/post"}],"author":[{"embeddable":true,"href":"https:\/\/informelitoral.com.ar\/%77%70%2d%6a%73%6f%6e\/wp\/v2\/users\/8"}],"replies":[{"embeddable":true,"href":"https:\/\/informelitoral.com.ar\/%77%70%2d%6a%73%6f%6e\/wp\/v2\/comments?post=50369"}],"version-history":[{"count":0,"href":"https:\/\/informelitoral.com.ar\/%77%70%2d%6a%73%6f%6e\/wp\/v2\/posts\/50369\/revisions"}],"wp:featuredmedia":[{"embeddable":true,"href":"https:\/\/informelitoral.com.ar\/%77%70%2d%6a%73%6f%6e\/wp\/v2\/media\/45552"}],"wp:attachment":[{"href":"https:\/\/informelitoral.com.ar\/%77%70%2d%6a%73%6f%6e\/wp\/v2\/media?parent=50369"}],"wp:term":[{"taxonomy":"category","embeddable":true,"href":"https:\/\/informelitoral.com.ar\/%77%70%2d%6a%73%6f%6e\/wp\/v2\/categories?post=50369"},{"taxonomy":"post_tag","embeddable":true,"href":"https:\/\/informelitoral.com.ar\/%77%70%2d%6a%73%6f%6e\/wp\/v2\/tags?post=50369"}],"curies":[{"name":"wp","href":"https:\/\/api.w.org\/{rel}","templated":true}]}}