{"id":50366,"date":"2020-09-24T20:56:56","date_gmt":"2020-09-24T23:56:56","guid":{"rendered":"https:\/\/www.isletasnoticias.com.ar\/?p=50366"},"modified":"2020-09-24T20:56:56","modified_gmt":"2020-09-24T23:56:56","slug":"un-proyecto-superador-para-la-escuela-municipal-de-danza-de-parana","status":"publish","type":"post","link":"https:\/\/informelitoral.com.ar\/un-proyecto-superador-para-la-escuela-municipal-de-danza-de-parana\/","title":{"rendered":"Un proyecto superador para la Escuela Municipal de Danza de Paran\u00e1"},"content":{"rendered":"<p>\u201cFirmamos un convenio con el Consejo General de Educaci\u00f3n a fin de normalizar para jerarquizar la actividad de la Escuela Municipal de Danza. A partir de esto, contin\u00faa bajo la potestad del Municipio pero con un dise\u00f1o curricular adaptado a las exigencias acad\u00e9micas y pedag\u00f3gicas de la autoridad educativa provincial\u201d, expres\u00f3 el intendente Ad\u00e1n Bahl tras la firma del acuerdo y agreg\u00f3: \u201cResolvemos un problema hist\u00f3rico. El a\u00f1o pasado la escuela suspendi\u00f3 sus actividades sin previo aviso, dejando a los docentes sin trabajo y con sueldos adeudados; y a los chicos y a los padres en la incertidumbre sobre la continuidad de la actividad\u201d.<\/p>\n<p>M\u00e1s adelante explic\u00f3 que \u201cla Escuela Municipal de Danza es una instituci\u00f3n educativa y cultural emblem\u00e1tica en Paran\u00e1, cuna de grandes artistas. Estamos comprometidos con el desarrollo cultural de la ciudad y buscamos garantizar que los y las paranaenses puedan acceder a bienes y servicios culturales de calidad\u201d.<\/p>\n<p>El Intendente sintetiz\u00f3: \u201cEsta acci\u00f3n nos permite solucionar la informalidad y la precarizaci\u00f3n de los trabajadores de la Escuela Municipal de Danza. Antes se los incorporaba por contratos de obra y no ten\u00edan categor\u00eda docente. Ahora, al ingresar por concurso, la tarea del docente de arte se profesionaliza y se pone en valor. Asimismo, permite hacer carrera dentro de la instituci\u00f3n. Y tambi\u00e9n tiene un impacto directo en la calidad educativa, porque se ampl\u00eda y mejora el plan formativo y cada trayectoria cuenta con el reconocimiento del CGE\u00bb.<\/p>\n<p>Ingresar a la modalidad art\u00edstica del sistema educativo implica reconocimiento oficial de las trayectorias formativas. Ser\u00e1 a partir de ahora el CGE quien abrir\u00e1 los concursos a las horas docentes y fiscalizar\u00e1 la labor educativa de la instituci\u00f3n de acuerdo a la normativa vigente.<\/p>\n<p>El titular del CGE, Mart\u00edn M\u00fcller, manifest\u00f3: \u00abEstamos muy contentos. Adaptar un dise\u00f1o curricular es de un gran trabajo t\u00e9cnico que redunda en una educaci\u00f3n de calidad y en que la certificaci\u00f3n que se reciba tenga el aval y la validez que requiere por parte de cualquier otro tipo de instituci\u00f3n educativa. Creemos que estamos en un tiempo prudencial y \u00f3ptimo para -cuando podamos retomar las actividades presenciales- volver a funcionar como la comunidad de la escuela lo espera. Lo que se cumplimenta es la caja curricular necesaria para el funcionamiento de todos los talleres que ya ven\u00edan funcionando\u00bb.<\/p>\n<p>Ver\u00f3nica de Mondesert, directora de Cultura y Educaci\u00f3n de la Subsecretar\u00eda de Cultura explic\u00f3 que \u00abfue decisi\u00f3n dar continuidad a la instituci\u00f3n pero una nueva modalidad respecto de la oferta educativa. Los estudiantes se van a encontrar con una oferta diversificada, que aborda todos los lenguajes de una manera equitativa para que los estudiantes puedan elegir luego qu\u00e9 camino seguir\u00bb.<\/p>\n<p>Participaron de la firma, la secretaria de Coordinaci\u00f3n Estrat\u00e9gica, Camila Far\u00edas; y la subsecretaria de Cultura, Carina Netto.<\/p>\n<p>La primera respuesta de la gesti\u00f3n municipal fue el pago de haberes atrasados a los docentes. La segunda y en simult\u00e1neo fue comenzar a elaborar un proyecto que pudiera integrar la perspectiva de la gesti\u00f3n para la escuela.<\/p>\n<p>Ingresar a la modalidad art\u00edstica del sistema educativo implica, adem\u00e1s, el reconocimiento de los docentes como tales (con horas docentes y no con contratos de obra). De esta manera, la Escuela consigue resolver problemas hist\u00f3ricos y al mismo tiempo formalizar su accionar y ampliar el sentido de su actividad.<\/p>\n<p>Para ingresar al marco de la normativa, la Escuela debi\u00f3 adecuar su estructura curricular a una nueva, con diferente carga horaria, diferentes espacios y modos de organizar las trayectorias. Para ello fue necesario escribir un dise\u00f1o curricular que respaldara ese nuevo formato. El Municipio contrat\u00f3 una comisi\u00f3n de especialistas para escribir un proyecto fundamentado en la accesibilidad y la inclusi\u00f3n con perspectiva de g\u00e9nero y un fuerte compromiso con el respeto y el cuidado de las infancias.<\/p>\n<p>A su vez, se ampl\u00eda en su sentido y diversidad la perspectiva formativa de la instituci\u00f3n, contemplando en el nuevo plan y de manera equitativa el desarrollo de los estudiantes en tres g\u00e9neros: Danza Cl\u00e1sica, Danza Contempor\u00e1nea y Danzas Folkl\u00f3ricas Populares.<\/p>\n<p>Con este nuevo comienzo se deja atr\u00e1s la realizaci\u00f3n de contratos de obra sin especificidad ni categor\u00eda docente y la adjudicaci\u00f3n de cargos sin procesos selectivos p\u00fablicos que respalden dichas contrataciones. Tambi\u00e9n se garantiza, por sobre todas las cosas, la accesibilidad a la ciudadan\u00eda, con el abordaje correspondiente a cada uno de los estudiantes, seg\u00fan sus necesidades y franja etaria.<\/p>\n","protected":false},"excerpt":{"rendered":"<p>&ldquo;Firmamos un convenio con el Consejo General de Educaci&oacute;n a fin de normalizar para jerarquizar la actividad de la Escuela Municipal de Danza. A partir de esto, contin&uacute;a bajo la potestad del Municipio pero con un dise&ntilde;o curricular adaptado a las exigencias acad&eacute;micas y pedag&oacute;gicas de la autoridad educativa provincial&rdquo;, expres&oacute; el intendente Ad&aacute;n Bahl [&hellip;]<\/p>\n","protected":false},"author":8,"featured_media":50367,"comment_status":"open","ping_status":"open","sticky":false,"template":"","format":"standard","meta":{"fifu_image_url":"","fifu_image_alt":"","footnotes":""},"categories":[9],"tags":[209,1822,81,1821,45],"class_list":{"0":"post-50366","1":"post","2":"type-post","3":"status-publish","4":"format-standard","5":"has-post-thumbnail","7":"category-sociedad","8":"tag-cge","9":"tag-danza","10":"tag-entre-rios","11":"tag-escuela-municipal","12":"tag-parana"},"yoast_head":"<title>Un proyecto superador para la Escuela Municipal de Danza de Paran\u00e1 - Informe Litoral<\/title>\n<meta name=\"robots\" content=\"index, follow, max-snippet:-1, max-image-preview:large, max-video-preview:-1\" \/>\n<link rel=\"canonical\" href=\"https:\/\/informelitoral.com.ar\/un-proyecto-superador-para-la-escuela-municipal-de-danza-de-parana\/\" \/>\n<meta property=\"og:locale\" content=\"es_ES\" \/>\n<meta property=\"og:type\" content=\"article\" \/>\n<meta property=\"og:title\" content=\"Un proyecto superador para la Escuela Municipal de Danza de Paran\u00e1 - Informe Litoral\" \/>\n<meta property=\"og:description\" content=\"&ldquo;Firmamos un convenio con el Consejo General de Educaci&oacute;n a fin de normalizar para jerarquizar la actividad de la Escuela Municipal de Danza. A partir de esto, contin&uacute;a bajo la potestad del Municipio pero con un dise&ntilde;o curricular adaptado a las exigencias acad&eacute;micas y pedag&oacute;gicas de la autoridad educativa provincial&rdquo;, expres&oacute; el intendente Ad&aacute;n Bahl [&hellip;]\" \/>\n<meta property=\"og:url\" content=\"https:\/\/informelitoral.com.ar\/un-proyecto-superador-para-la-escuela-municipal-de-danza-de-parana\/\" \/>\n<meta property=\"og:site_name\" content=\"Informe Litoral\" \/>\n<meta property=\"article:publisher\" content=\"https:\/\/www.facebook.com\/informelitoral\/\" \/>\n<meta property=\"article:published_time\" content=\"2020-09-24T23:56:56+00:00\" \/>\n<meta property=\"og:image\" content=\"https:\/\/informelitoral.com.ar\/%77%70%2d%63%6f%6e%74%65%6e%74\/uploads\/2020\/09\/danza.jpg\" \/>\n\t<meta property=\"og:image:width\" content=\"1280\" \/>\n\t<meta property=\"og:image:height\" content=\"854\" \/>\n\t<meta property=\"og:image:type\" content=\"image\/jpeg\" \/>\n<meta name=\"author\" content=\"Sebastian\" \/>\n<meta name=\"twitter:card\" content=\"summary_large_image\" \/>\n<meta name=\"twitter:creator\" content=\"@InformeLitoral\" \/>\n<meta name=\"twitter:site\" content=\"@InformeLitoral\" \/>\n<meta name=\"twitter:label1\" content=\"Escrito por\" \/>\n\t<meta name=\"twitter:data1\" content=\"Sebastian\" \/>\n\t<meta name=\"twitter:label2\" content=\"Tiempo de lectura\" \/>\n\t<meta name=\"twitter:data2\" content=\"4 minutos\" \/>\n<script type=\"application\/ld+json\" class=\"yoast-schema-graph\">{\"@context\":\"https:\\\/\\\/schema.org\",\"@graph\":[{\"@type\":\"Article\",\"@id\":\"https:\\\/\\\/informelitoral.com.ar\\\/un-proyecto-superador-para-la-escuela-municipal-de-danza-de-parana\\\/#article\",\"isPartOf\":{\"@id\":\"https:\\\/\\\/informelitoral.com.ar\\\/un-proyecto-superador-para-la-escuela-municipal-de-danza-de-parana\\\/\"},\"author\":{\"name\":\"Sebastian\",\"@id\":\"https:\\\/\\\/informelitoral.com.ar\\\/#\\\/schema\\\/person\\\/f05f9f461677119578717524b127d6d5\"},\"headline\":\"Un proyecto superador para la Escuela Municipal de Danza de Paran\u00e1\",\"datePublished\":\"2020-09-24T23:56:56+00:00\",\"mainEntityOfPage\":{\"@id\":\"https:\\\/\\\/informelitoral.com.ar\\\/un-proyecto-superador-para-la-escuela-municipal-de-danza-de-parana\\\/\"},\"wordCount\":797,\"commentCount\":0,\"publisher\":{\"@id\":\"https:\\\/\\\/informelitoral.com.ar\\\/#organization\"},\"image\":{\"@id\":\"https:\\\/\\\/informelitoral.com.ar\\\/un-proyecto-superador-para-la-escuela-municipal-de-danza-de-parana\\\/#primaryimage\"},\"thumbnailUrl\":\"https:\\\/\\\/informelitoral.com.ar\\\/%77%70%2d%63%6f%6e%74%65%6e%74\\\/uploads\\\/2020\\\/09\\\/danza.jpg\",\"keywords\":[\"CGE\",\"Danza\",\"Entre R\u00edos\",\"Escuela Municipal\",\"Paran\u00e1\"],\"articleSection\":[\"Sociedad\"],\"inLanguage\":\"es\",\"potentialAction\":[{\"@type\":\"CommentAction\",\"name\":\"Comment\",\"target\":[\"https:\\\/\\\/informelitoral.com.ar\\\/un-proyecto-superador-para-la-escuela-municipal-de-danza-de-parana\\\/#respond\"]}]},{\"@type\":\"WebPage\",\"@id\":\"https:\\\/\\\/informelitoral.com.ar\\\/un-proyecto-superador-para-la-escuela-municipal-de-danza-de-parana\\\/\",\"url\":\"https:\\\/\\\/informelitoral.com.ar\\\/un-proyecto-superador-para-la-escuela-municipal-de-danza-de-parana\\\/\",\"name\":\"Un proyecto superador para la Escuela Municipal de Danza de Paran\u00e1 - Informe Litoral\",\"isPartOf\":{\"@id\":\"https:\\\/\\\/informelitoral.com.ar\\\/#website\"},\"primaryImageOfPage\":{\"@id\":\"https:\\\/\\\/informelitoral.com.ar\\\/un-proyecto-superador-para-la-escuela-municipal-de-danza-de-parana\\\/#primaryimage\"},\"image\":{\"@id\":\"https:\\\/\\\/informelitoral.com.ar\\\/un-proyecto-superador-para-la-escuela-municipal-de-danza-de-parana\\\/#primaryimage\"},\"thumbnailUrl\":\"https:\\\/\\\/informelitoral.com.ar\\\/%77%70%2d%63%6f%6e%74%65%6e%74\\\/uploads\\\/2020\\\/09\\\/danza.jpg\",\"datePublished\":\"2020-09-24T23:56:56+00:00\",\"breadcrumb\":{\"@id\":\"https:\\\/\\\/informelitoral.com.ar\\\/un-proyecto-superador-para-la-escuela-municipal-de-danza-de-parana\\\/#breadcrumb\"},\"inLanguage\":\"es\",\"potentialAction\":[{\"@type\":\"ReadAction\",\"target\":[\"https:\\\/\\\/informelitoral.com.ar\\\/un-proyecto-superador-para-la-escuela-municipal-de-danza-de-parana\\\/\"]}]},{\"@type\":\"ImageObject\",\"inLanguage\":\"es\",\"@id\":\"https:\\\/\\\/informelitoral.com.ar\\\/un-proyecto-superador-para-la-escuela-municipal-de-danza-de-parana\\\/#primaryimage\",\"url\":\"https:\\\/\\\/informelitoral.com.ar\\\/%77%70%2d%63%6f%6e%74%65%6e%74\\\/uploads\\\/2020\\\/09\\\/danza.jpg\",\"contentUrl\":\"https:\\\/\\\/informelitoral.com.ar\\\/%77%70%2d%63%6f%6e%74%65%6e%74\\\/uploads\\\/2020\\\/09\\\/danza.jpg\",\"width\":1280,\"height\":854},{\"@type\":\"BreadcrumbList\",\"@id\":\"https:\\\/\\\/informelitoral.com.ar\\\/un-proyecto-superador-para-la-escuela-municipal-de-danza-de-parana\\\/#breadcrumb\",\"itemListElement\":[{\"@type\":\"ListItem\",\"position\":1,\"name\":\"Portada\",\"item\":\"https:\\\/\\\/informelitoral.com.ar\\\/\"},{\"@type\":\"ListItem\",\"position\":2,\"name\":\"Un proyecto superador para la Escuela Municipal de Danza de Paran\u00e1\"}]},{\"@type\":\"WebSite\",\"@id\":\"https:\\\/\\\/informelitoral.com.ar\\\/#website\",\"url\":\"https:\\\/\\\/informelitoral.com.ar\\\/\",\"name\":\"Informe Litoral\",\"description\":\"&quot;Nos informamos&quot; \",\"publisher\":{\"@id\":\"https:\\\/\\\/informelitoral.com.ar\\\/#organization\"},\"potentialAction\":[{\"@type\":\"SearchAction\",\"target\":{\"@type\":\"EntryPoint\",\"urlTemplate\":\"https:\\\/\\\/informelitoral.com.ar\\\/?s={search_term_string}\"},\"query-input\":{\"@type\":\"PropertyValueSpecification\",\"valueRequired\":true,\"valueName\":\"search_term_string\"}}],\"inLanguage\":\"es\"},{\"@type\":\"Organization\",\"@id\":\"https:\\\/\\\/informelitoral.com.ar\\\/#organization\",\"name\":\"Informe Litoral\",\"url\":\"https:\\\/\\\/informelitoral.com.ar\\\/\",\"logo\":{\"@type\":\"ImageObject\",\"inLanguage\":\"es\",\"@id\":\"https:\\\/\\\/informelitoral.com.ar\\\/#\\\/schema\\\/logo\\\/image\\\/\",\"url\":\"https:\\\/\\\/informelitoral.com.ar\\\/%77%70%2d%63%6f%6e%74%65%6e%74\\\/uploads\\\/2021\\\/01\\\/circulo.png\",\"contentUrl\":\"https:\\\/\\\/informelitoral.com.ar\\\/%77%70%2d%63%6f%6e%74%65%6e%74\\\/uploads\\\/2021\\\/01\\\/circulo.png\",\"width\":723,\"height\":731,\"caption\":\"Informe Litoral\"},\"image\":{\"@id\":\"https:\\\/\\\/informelitoral.com.ar\\\/#\\\/schema\\\/logo\\\/image\\\/\"},\"sameAs\":[\"https:\\\/\\\/www.facebook.com\\\/informelitoral\\\/\",\"https:\\\/\\\/x.com\\\/InformeLitoral\",\"https:\\\/\\\/www.instagram.com\\\/informelitoral\\\/\",\"https:\\\/\\\/www.youtube.com\\\/channel\\\/UCua4Qvz8Icb6MYqhoq9xLXw\"]},{\"@type\":\"Person\",\"@id\":\"https:\\\/\\\/informelitoral.com.ar\\\/#\\\/schema\\\/person\\\/f05f9f461677119578717524b127d6d5\",\"name\":\"Sebastian\",\"image\":{\"@type\":\"ImageObject\",\"inLanguage\":\"es\",\"@id\":\"https:\\\/\\\/secure.gravatar.com\\\/avatar\\\/b71bf7481d447dfb9583c7f2798e7cc64de6efb9067b74633ed8c31059a3bd82?s=96&d=mm&r=g\",\"url\":\"https:\\\/\\\/secure.gravatar.com\\\/avatar\\\/b71bf7481d447dfb9583c7f2798e7cc64de6efb9067b74633ed8c31059a3bd82?s=96&d=mm&r=g\",\"contentUrl\":\"https:\\\/\\\/secure.gravatar.com\\\/avatar\\\/b71bf7481d447dfb9583c7f2798e7cc64de6efb9067b74633ed8c31059a3bd82?s=96&d=mm&r=g\",\"caption\":\"Sebastian\"},\"url\":\"https:\\\/\\\/informelitoral.com.ar\\\/author\\\/sebastian\\\/\"}]}<\/script>","yoast_head_json":{"title":"Un proyecto superador para la Escuela Municipal de Danza de Paran\u00e1 - Informe Litoral","robots":{"index":"index","follow":"follow","max-snippet":"max-snippet:-1","max-image-preview":"max-image-preview:large","max-video-preview":"max-video-preview:-1"},"canonical":"https:\/\/informelitoral.com.ar\/un-proyecto-superador-para-la-escuela-municipal-de-danza-de-parana\/","og_locale":"es_ES","og_type":"article","og_title":"Un proyecto superador para la Escuela Municipal de Danza de Paran\u00e1 - Informe Litoral","og_description":"&ldquo;Firmamos un convenio con el Consejo General de Educaci&oacute;n a fin de normalizar para jerarquizar la actividad de la Escuela Municipal de Danza. A partir de esto, contin&uacute;a bajo la potestad del Municipio pero con un dise&ntilde;o curricular adaptado a las exigencias acad&eacute;micas y pedag&oacute;gicas de la autoridad educativa provincial&rdquo;, expres&oacute; el intendente Ad&aacute;n Bahl [&hellip;]","og_url":"https:\/\/informelitoral.com.ar\/un-proyecto-superador-para-la-escuela-municipal-de-danza-de-parana\/","og_site_name":"Informe Litoral","article_publisher":"https:\/\/www.facebook.com\/informelitoral\/","article_published_time":"2020-09-24T23:56:56+00:00","og_image":[{"width":1280,"height":854,"url":"https:\/\/informelitoral.com.ar\/%77%70%2d%63%6f%6e%74%65%6e%74\/uploads\/2020\/09\/danza.jpg","type":"image\/jpeg"}],"author":"Sebastian","twitter_card":"summary_large_image","twitter_creator":"@InformeLitoral","twitter_site":"@InformeLitoral","twitter_misc":{"Escrito por":"Sebastian","Tiempo de lectura":"4 minutos"},"schema":{"@context":"https:\/\/schema.org","@graph":[{"@type":"Article","@id":"https:\/\/informelitoral.com.ar\/un-proyecto-superador-para-la-escuela-municipal-de-danza-de-parana\/#article","isPartOf":{"@id":"https:\/\/informelitoral.com.ar\/un-proyecto-superador-para-la-escuela-municipal-de-danza-de-parana\/"},"author":{"name":"Sebastian","@id":"https:\/\/informelitoral.com.ar\/#\/schema\/person\/f05f9f461677119578717524b127d6d5"},"headline":"Un proyecto superador para la Escuela Municipal de Danza de Paran\u00e1","datePublished":"2020-09-24T23:56:56+00:00","mainEntityOfPage":{"@id":"https:\/\/informelitoral.com.ar\/un-proyecto-superador-para-la-escuela-municipal-de-danza-de-parana\/"},"wordCount":797,"commentCount":0,"publisher":{"@id":"https:\/\/informelitoral.com.ar\/#organization"},"image":{"@id":"https:\/\/informelitoral.com.ar\/un-proyecto-superador-para-la-escuela-municipal-de-danza-de-parana\/#primaryimage"},"thumbnailUrl":"https:\/\/informelitoral.com.ar\/%77%70%2d%63%6f%6e%74%65%6e%74\/uploads\/2020\/09\/danza.jpg","keywords":["CGE","Danza","Entre R\u00edos","Escuela Municipal","Paran\u00e1"],"articleSection":["Sociedad"],"inLanguage":"es","potentialAction":[{"@type":"CommentAction","name":"Comment","target":["https:\/\/informelitoral.com.ar\/un-proyecto-superador-para-la-escuela-municipal-de-danza-de-parana\/#respond"]}]},{"@type":"WebPage","@id":"https:\/\/informelitoral.com.ar\/un-proyecto-superador-para-la-escuela-municipal-de-danza-de-parana\/","url":"https:\/\/informelitoral.com.ar\/un-proyecto-superador-para-la-escuela-municipal-de-danza-de-parana\/","name":"Un proyecto superador para la Escuela Municipal de Danza de Paran\u00e1 - Informe Litoral","isPartOf":{"@id":"https:\/\/informelitoral.com.ar\/#website"},"primaryImageOfPage":{"@id":"https:\/\/informelitoral.com.ar\/un-proyecto-superador-para-la-escuela-municipal-de-danza-de-parana\/#primaryimage"},"image":{"@id":"https:\/\/informelitoral.com.ar\/un-proyecto-superador-para-la-escuela-municipal-de-danza-de-parana\/#primaryimage"},"thumbnailUrl":"https:\/\/informelitoral.com.ar\/%77%70%2d%63%6f%6e%74%65%6e%74\/uploads\/2020\/09\/danza.jpg","datePublished":"2020-09-24T23:56:56+00:00","breadcrumb":{"@id":"https:\/\/informelitoral.com.ar\/un-proyecto-superador-para-la-escuela-municipal-de-danza-de-parana\/#breadcrumb"},"inLanguage":"es","potentialAction":[{"@type":"ReadAction","target":["https:\/\/informelitoral.com.ar\/un-proyecto-superador-para-la-escuela-municipal-de-danza-de-parana\/"]}]},{"@type":"ImageObject","inLanguage":"es","@id":"https:\/\/informelitoral.com.ar\/un-proyecto-superador-para-la-escuela-municipal-de-danza-de-parana\/#primaryimage","url":"https:\/\/informelitoral.com.ar\/%77%70%2d%63%6f%6e%74%65%6e%74\/uploads\/2020\/09\/danza.jpg","contentUrl":"https:\/\/informelitoral.com.ar\/%77%70%2d%63%6f%6e%74%65%6e%74\/uploads\/2020\/09\/danza.jpg","width":1280,"height":854},{"@type":"BreadcrumbList","@id":"https:\/\/informelitoral.com.ar\/un-proyecto-superador-para-la-escuela-municipal-de-danza-de-parana\/#breadcrumb","itemListElement":[{"@type":"ListItem","position":1,"name":"Portada","item":"https:\/\/informelitoral.com.ar\/"},{"@type":"ListItem","position":2,"name":"Un proyecto superador para la Escuela Municipal de Danza de Paran\u00e1"}]},{"@type":"WebSite","@id":"https:\/\/informelitoral.com.ar\/#website","url":"https:\/\/informelitoral.com.ar\/","name":"Informe Litoral","description":"&quot;Nos informamos&quot; ","publisher":{"@id":"https:\/\/informelitoral.com.ar\/#organization"},"potentialAction":[{"@type":"SearchAction","target":{"@type":"EntryPoint","urlTemplate":"https:\/\/informelitoral.com.ar\/?s={search_term_string}"},"query-input":{"@type":"PropertyValueSpecification","valueRequired":true,"valueName":"search_term_string"}}],"inLanguage":"es"},{"@type":"Organization","@id":"https:\/\/informelitoral.com.ar\/#organization","name":"Informe Litoral","url":"https:\/\/informelitoral.com.ar\/","logo":{"@type":"ImageObject","inLanguage":"es","@id":"https:\/\/informelitoral.com.ar\/#\/schema\/logo\/image\/","url":"https:\/\/informelitoral.com.ar\/%77%70%2d%63%6f%6e%74%65%6e%74\/uploads\/2021\/01\/circulo.png","contentUrl":"https:\/\/informelitoral.com.ar\/%77%70%2d%63%6f%6e%74%65%6e%74\/uploads\/2021\/01\/circulo.png","width":723,"height":731,"caption":"Informe Litoral"},"image":{"@id":"https:\/\/informelitoral.com.ar\/#\/schema\/logo\/image\/"},"sameAs":["https:\/\/www.facebook.com\/informelitoral\/","https:\/\/x.com\/InformeLitoral","https:\/\/www.instagram.com\/informelitoral\/","https:\/\/www.youtube.com\/channel\/UCua4Qvz8Icb6MYqhoq9xLXw"]},{"@type":"Person","@id":"https:\/\/informelitoral.com.ar\/#\/schema\/person\/f05f9f461677119578717524b127d6d5","name":"Sebastian","image":{"@type":"ImageObject","inLanguage":"es","@id":"https:\/\/secure.gravatar.com\/avatar\/b71bf7481d447dfb9583c7f2798e7cc64de6efb9067b74633ed8c31059a3bd82?s=96&d=mm&r=g","url":"https:\/\/secure.gravatar.com\/avatar\/b71bf7481d447dfb9583c7f2798e7cc64de6efb9067b74633ed8c31059a3bd82?s=96&d=mm&r=g","contentUrl":"https:\/\/secure.gravatar.com\/avatar\/b71bf7481d447dfb9583c7f2798e7cc64de6efb9067b74633ed8c31059a3bd82?s=96&d=mm&r=g","caption":"Sebastian"},"url":"https:\/\/informelitoral.com.ar\/author\/sebastian\/"}]}},"_links":{"self":[{"href":"https:\/\/informelitoral.com.ar\/%77%70%2d%6a%73%6f%6e\/wp\/v2\/posts\/50366","targetHints":{"allow":["GET"]}}],"collection":[{"href":"https:\/\/informelitoral.com.ar\/%77%70%2d%6a%73%6f%6e\/wp\/v2\/posts"}],"about":[{"href":"https:\/\/informelitoral.com.ar\/%77%70%2d%6a%73%6f%6e\/wp\/v2\/types\/post"}],"author":[{"embeddable":true,"href":"https:\/\/informelitoral.com.ar\/%77%70%2d%6a%73%6f%6e\/wp\/v2\/users\/8"}],"replies":[{"embeddable":true,"href":"https:\/\/informelitoral.com.ar\/%77%70%2d%6a%73%6f%6e\/wp\/v2\/comments?post=50366"}],"version-history":[{"count":0,"href":"https:\/\/informelitoral.com.ar\/%77%70%2d%6a%73%6f%6e\/wp\/v2\/posts\/50366\/revisions"}],"wp:featuredmedia":[{"embeddable":true,"href":"https:\/\/informelitoral.com.ar\/%77%70%2d%6a%73%6f%6e\/wp\/v2\/media\/50367"}],"wp:attachment":[{"href":"https:\/\/informelitoral.com.ar\/%77%70%2d%6a%73%6f%6e\/wp\/v2\/media?parent=50366"}],"wp:term":[{"taxonomy":"category","embeddable":true,"href":"https:\/\/informelitoral.com.ar\/%77%70%2d%6a%73%6f%6e\/wp\/v2\/categories?post=50366"},{"taxonomy":"post_tag","embeddable":true,"href":"https:\/\/informelitoral.com.ar\/%77%70%2d%6a%73%6f%6e\/wp\/v2\/tags?post=50366"}],"curies":[{"name":"wp","href":"https:\/\/api.w.org\/{rel}","templated":true}]}}