{"id":4982,"date":"2014-01-02T15:15:21","date_gmt":"2014-01-02T18:15:21","guid":{"rendered":"http:\/\/www.isletasnoticias.com.ar\/?p=4982"},"modified":"2014-01-02T15:15:21","modified_gmt":"2014-01-02T18:15:21","slug":"el-pasaje-de-colectivo-entre-parana-y-santa-fe-subio-un-70","status":"publish","type":"post","link":"https:\/\/informelitoral.com.ar\/el-pasaje-de-colectivo-entre-parana-y-santa-fe-subio-un-70\/","title":{"rendered":"El pasaje de colectivo entre Paran\u00e1 y Santa Fe subi\u00f3 un 70%"},"content":{"rendered":"<p><strong>En el medio del feriado del 1 de enero, con boleter\u00edas cerradas en la Terminal de Paran\u00e1, el incremento tom\u00f3 por sorpresa a buena parte de los pasajeros. Los descuentos por la compra de abonos por cantidad de pasajes siguen vigentes.<\/strong><\/p>\n<p style=\"text-align: center;\"><a href=\"http:\/\/www.isletasnoticias.com.ar\/%77%70%2d%63%6f%6e%74%65%6e%74\/uploads\/2014\/01\/PARANA-SANTA-F\u00c9.jpg\"><img loading=\"lazy\" decoding=\"async\" class=\"aligncenter  wp-image-4983\" alt=\"PARANA-SANTA F\u00c9\" src=\"http:\/\/www.isletasnoticias.com.ar\/%77%70%2d%63%6f%6e%74%65%6e%74\/uploads\/2014\/01\/PARANA-SANTA-F\u00c9-300x168.jpg\" width=\"300\" height=\"168\" srcset=\"https:\/\/informelitoral.com.ar\/%77%70%2d%63%6f%6e%74%65%6e%74\/uploads\/2014\/01\/PARANA-SANTA-F\u00c9-300x168.jpg 300w, https:\/\/informelitoral.com.ar\/%77%70%2d%63%6f%6e%74%65%6e%74\/uploads\/2014\/01\/PARANA-SANTA-F\u00c9.jpg 640w\" sizes=\"auto, (max-width: 300px) 100vw, 300px\" \/><\/a><\/p>\n<p>Las empresas que prestan el servicio de transporte de pasajeros en colectivo entre Paran\u00e1 y Santa Fe, practicaron un abultado incremento en las tarifas.<\/p>\n<p>Viajar a la vecina orilla en Etacer\/Flecha Bus o en Fluviales\/Ersa, pas\u00f3 a costar desde este mi\u00e9rcoles un 70% m\u00e1s. En el medio del feriado del 1 de enero, con boleter\u00edas cerradas en la Terminal de Paran\u00e1, el incremento tom\u00f3 por sorpresa a buena parte de los pasajeros entre ambas capitales. Un diminuto papel en las ventanillas cerradas consignaba a los viajeros del nuevo tarifario.<\/p>\n<p>Ante la consulta a quienes hac\u00edan fila para poder subir a dos unidades apostadas en la Terminal este mi\u00e9rcoles a las 17, la respuesta de los pasajeros era generalizada: \u201cNo. No hay aumentos. De ser as\u00ed nos hubi\u00e9ramos enterado, \u00bfno?\u201d, dijo una estudiante y busc\u00f3 confirmar sus dichos ante un grupo de amigas que tambi\u00e9n esperaba. En la oficina de Informes de la Terminal tampoco estaban anoticiados de la suba: \u201cSi hay aumentos, no creo que sea a partir de hoy. Es raro que ac\u00e1 en Informes no sepamos\u201d, apost\u00f3.<\/p>\n<p>Pero los choferes tomaron su puesto y anoticiaron a los pasajeros de la suba. El boleto general pas\u00f3 de $5.70 a $9.80. Los estudiantes y los jubilados pagan desde este mi\u00e9rcoles $8 cuando hasta el \u00faltimo d\u00eda de 2013 abonaban $4.80.<\/p>\n<p>En el caso del pasaje de Paran\u00e1 a Isla Berduc, el pasaje pas\u00f3 a costar $5.70; de Paran\u00e1 al Cruce de Rutas, $7.70.<\/p>\n<p>Los descuentos por la compra de abonos por cantidad de pasajes siguen vigentes: por 10 pasajes se pagan $98; por 20 pasajes $162; y por 30 pasajes $218.<\/p>\n<p>\u201cEs mucho. No digo que no aumente. Pero esto es mucho\u201d, dijo una jubilada mientras buscaba en la billetera las monedas y billetes que le faltaban para pagar el nuevo precio.<\/p>\n<p>Un pasajero sum\u00f3 su queja, adem\u00e1s, porque \u201cnunca tienen vuelto por lo cual siempre pag\u00e1s m\u00e1s. Ahora, si lo fijaron en 9.80, da por hecho que te van a cobrar 10 pesos\u201d.<\/p>\n<p>A trav\u00e9s de las redes sociales, se hizo notar la queja de usuarios del servicio. Un joven, desde su perfil y en el grupo de la facultad en la que estudia en Paran\u00e1, afirm\u00f3: \u201cAumento en el boleto de los interurbanos Santa Fe\u2013Paran\u00e1. Nuevamente, y como ya no es sorpresa para nadie, justo se empieza a aplicar en enero, mes de inactividad estudiantil en las instituciones\u201d, public\u00f3 junto a una foto tomada con su celular del nuevo cuadro tarifario, pegado en la ventanilla de la boleter\u00eda de una de las empresas de transporte.<\/p>\n<p>M\u00e1s tarde, alguien propuso una encuesta entre sus amigos de la red social Facebook buscando adeptos a la idea de una movilizaci\u00f3n de estudiantes, en pleno enero, en contra del incremento.<\/p>\n<p>Se estima que unas 7.500 personas hacen diariamente el viaje Paran\u00e1\u2013Santa Fe y viceversa.<\/p>\n","protected":false},"excerpt":{"rendered":"<p>En el medio del feriado del 1 de enero, con boleter&iacute;as cerradas en la Terminal de Paran&aacute;, el incremento tom&oacute; por sorpresa a buena parte de los pasajeros. Los descuentos por la compra de abonos por cantidad de pasajes siguen vigentes. Las empresas que prestan el servicio de transporte de pasajeros en colectivo entre Paran&aacute; [&hellip;]<\/p>\n","protected":false},"author":2,"featured_media":0,"comment_status":"open","ping_status":"open","sticky":false,"template":"","format":"standard","meta":{"fifu_image_url":"","fifu_image_alt":"","footnotes":""},"categories":[6,7],"tags":[],"class_list":{"0":"post-4982","1":"post","2":"type-post","3":"status-publish","4":"format-standard","6":"category-entre-rios","7":"category-nacionales"},"yoast_head":"<title>El pasaje de colectivo entre Paran\u00e1 y Santa Fe subi\u00f3 un 70%  - Informe Litoral<\/title>\n<meta name=\"robots\" content=\"index, follow, max-snippet:-1, max-image-preview:large, max-video-preview:-1\" \/>\n<link rel=\"canonical\" href=\"https:\/\/informelitoral.com.ar\/el-pasaje-de-colectivo-entre-parana-y-santa-fe-subio-un-70\/\" \/>\n<meta property=\"og:locale\" content=\"es_ES\" \/>\n<meta property=\"og:type\" content=\"article\" \/>\n<meta property=\"og:title\" content=\"El pasaje de colectivo entre Paran\u00e1 y Santa Fe subi\u00f3 un 70%  - Informe Litoral\" \/>\n<meta property=\"og:description\" content=\"En el medio del feriado del 1 de enero, con boleter&iacute;as cerradas en la Terminal de Paran&aacute;, el incremento tom&oacute; por sorpresa a buena parte de los pasajeros. Los descuentos por la compra de abonos por cantidad de pasajes siguen vigentes. Las empresas que prestan el servicio de transporte de pasajeros en colectivo entre Paran&aacute; [&hellip;]\" \/>\n<meta property=\"og:url\" content=\"https:\/\/informelitoral.com.ar\/el-pasaje-de-colectivo-entre-parana-y-santa-fe-subio-un-70\/\" \/>\n<meta property=\"og:site_name\" content=\"Informe Litoral\" \/>\n<meta property=\"article:publisher\" content=\"https:\/\/www.facebook.com\/informelitoral\/\" \/>\n<meta property=\"article:published_time\" content=\"2014-01-02T18:15:21+00:00\" \/>\n<meta name=\"author\" content=\"Gonzalo Schmidt\" \/>\n<meta name=\"twitter:card\" content=\"summary_large_image\" \/>\n<meta name=\"twitter:creator\" content=\"@InformeLitoral\" \/>\n<meta name=\"twitter:site\" content=\"@InformeLitoral\" \/>\n<meta name=\"twitter:label1\" content=\"Escrito por\" \/>\n\t<meta name=\"twitter:data1\" content=\"Gonzalo Schmidt\" \/>\n\t<meta name=\"twitter:label2\" content=\"Tiempo de lectura\" \/>\n\t<meta name=\"twitter:data2\" content=\"3 minutos\" \/>\n<script type=\"application\/ld+json\" class=\"yoast-schema-graph\">{\"@context\":\"https:\\\/\\\/schema.org\",\"@graph\":[{\"@type\":\"Article\",\"@id\":\"https:\\\/\\\/informelitoral.com.ar\\\/el-pasaje-de-colectivo-entre-parana-y-santa-fe-subio-un-70\\\/#article\",\"isPartOf\":{\"@id\":\"https:\\\/\\\/informelitoral.com.ar\\\/el-pasaje-de-colectivo-entre-parana-y-santa-fe-subio-un-70\\\/\"},\"author\":{\"name\":\"Gonzalo Schmidt\",\"@id\":\"https:\\\/\\\/informelitoral.com.ar\\\/#\\\/schema\\\/person\\\/b9d00407c836482871ef1d57bf8e3180\"},\"headline\":\"El pasaje de colectivo entre Paran\u00e1 y Santa Fe subi\u00f3 un 70%\",\"datePublished\":\"2014-01-02T18:15:21+00:00\",\"mainEntityOfPage\":{\"@id\":\"https:\\\/\\\/informelitoral.com.ar\\\/el-pasaje-de-colectivo-entre-parana-y-santa-fe-subio-un-70\\\/\"},\"wordCount\":525,\"commentCount\":0,\"publisher\":{\"@id\":\"https:\\\/\\\/informelitoral.com.ar\\\/#organization\"},\"articleSection\":[\"Entre R\u00edos\",\"Nacionales\"],\"inLanguage\":\"es\",\"potentialAction\":[{\"@type\":\"CommentAction\",\"name\":\"Comment\",\"target\":[\"https:\\\/\\\/informelitoral.com.ar\\\/el-pasaje-de-colectivo-entre-parana-y-santa-fe-subio-un-70\\\/#respond\"]}]},{\"@type\":\"WebPage\",\"@id\":\"https:\\\/\\\/informelitoral.com.ar\\\/el-pasaje-de-colectivo-entre-parana-y-santa-fe-subio-un-70\\\/\",\"url\":\"https:\\\/\\\/informelitoral.com.ar\\\/el-pasaje-de-colectivo-entre-parana-y-santa-fe-subio-un-70\\\/\",\"name\":\"El pasaje de colectivo entre Paran\u00e1 y Santa Fe subi\u00f3 un 70% - Informe Litoral\",\"isPartOf\":{\"@id\":\"https:\\\/\\\/informelitoral.com.ar\\\/#website\"},\"datePublished\":\"2014-01-02T18:15:21+00:00\",\"breadcrumb\":{\"@id\":\"https:\\\/\\\/informelitoral.com.ar\\\/el-pasaje-de-colectivo-entre-parana-y-santa-fe-subio-un-70\\\/#breadcrumb\"},\"inLanguage\":\"es\",\"potentialAction\":[{\"@type\":\"ReadAction\",\"target\":[\"https:\\\/\\\/informelitoral.com.ar\\\/el-pasaje-de-colectivo-entre-parana-y-santa-fe-subio-un-70\\\/\"]}]},{\"@type\":\"BreadcrumbList\",\"@id\":\"https:\\\/\\\/informelitoral.com.ar\\\/el-pasaje-de-colectivo-entre-parana-y-santa-fe-subio-un-70\\\/#breadcrumb\",\"itemListElement\":[{\"@type\":\"ListItem\",\"position\":1,\"name\":\"Portada\",\"item\":\"https:\\\/\\\/informelitoral.com.ar\\\/\"},{\"@type\":\"ListItem\",\"position\":2,\"name\":\"El pasaje de colectivo entre Paran\u00e1 y Santa Fe subi\u00f3 un 70%\"}]},{\"@type\":\"WebSite\",\"@id\":\"https:\\\/\\\/informelitoral.com.ar\\\/#website\",\"url\":\"https:\\\/\\\/informelitoral.com.ar\\\/\",\"name\":\"Informe Litoral\",\"description\":\"&quot;Nos informamos&quot; \",\"publisher\":{\"@id\":\"https:\\\/\\\/informelitoral.com.ar\\\/#organization\"},\"potentialAction\":[{\"@type\":\"SearchAction\",\"target\":{\"@type\":\"EntryPoint\",\"urlTemplate\":\"https:\\\/\\\/informelitoral.com.ar\\\/?s={search_term_string}\"},\"query-input\":{\"@type\":\"PropertyValueSpecification\",\"valueRequired\":true,\"valueName\":\"search_term_string\"}}],\"inLanguage\":\"es\"},{\"@type\":\"Organization\",\"@id\":\"https:\\\/\\\/informelitoral.com.ar\\\/#organization\",\"name\":\"Informe Litoral\",\"url\":\"https:\\\/\\\/informelitoral.com.ar\\\/\",\"logo\":{\"@type\":\"ImageObject\",\"inLanguage\":\"es\",\"@id\":\"https:\\\/\\\/informelitoral.com.ar\\\/#\\\/schema\\\/logo\\\/image\\\/\",\"url\":\"https:\\\/\\\/informelitoral.com.ar\\\/%77%70%2d%63%6f%6e%74%65%6e%74\\\/uploads\\\/2021\\\/01\\\/circulo.png\",\"contentUrl\":\"https:\\\/\\\/informelitoral.com.ar\\\/%77%70%2d%63%6f%6e%74%65%6e%74\\\/uploads\\\/2021\\\/01\\\/circulo.png\",\"width\":723,\"height\":731,\"caption\":\"Informe Litoral\"},\"image\":{\"@id\":\"https:\\\/\\\/informelitoral.com.ar\\\/#\\\/schema\\\/logo\\\/image\\\/\"},\"sameAs\":[\"https:\\\/\\\/www.facebook.com\\\/informelitoral\\\/\",\"https:\\\/\\\/x.com\\\/InformeLitoral\",\"https:\\\/\\\/www.instagram.com\\\/informelitoral\\\/\",\"https:\\\/\\\/www.youtube.com\\\/channel\\\/UCua4Qvz8Icb6MYqhoq9xLXw\"]},{\"@type\":\"Person\",\"@id\":\"https:\\\/\\\/informelitoral.com.ar\\\/#\\\/schema\\\/person\\\/b9d00407c836482871ef1d57bf8e3180\",\"name\":\"Gonzalo Schmidt\",\"image\":{\"@type\":\"ImageObject\",\"inLanguage\":\"es\",\"@id\":\"https:\\\/\\\/secure.gravatar.com\\\/avatar\\\/31a1a7b66ff2de83bd0e9fd79d026630d2d99e55e8bfe501287647b4fd9743de?s=96&d=mm&r=g\",\"url\":\"https:\\\/\\\/secure.gravatar.com\\\/avatar\\\/31a1a7b66ff2de83bd0e9fd79d026630d2d99e55e8bfe501287647b4fd9743de?s=96&d=mm&r=g\",\"contentUrl\":\"https:\\\/\\\/secure.gravatar.com\\\/avatar\\\/31a1a7b66ff2de83bd0e9fd79d026630d2d99e55e8bfe501287647b4fd9743de?s=96&d=mm&r=g\",\"caption\":\"Gonzalo Schmidt\"},\"description\":\"Sitio web de noticias de la provincia de Entre R\u00edos, Argentina. Informaci\u00f3n y entretenimiento. Informe Litoral, nos informamos.\",\"sameAs\":[\"http:\\\/\\\/www.isletasnoticias.com.ar\"],\"url\":\"https:\\\/\\\/informelitoral.com.ar\\\/author\\\/gonzalo\\\/\"}]}<\/script>","yoast_head_json":{"title":"El pasaje de colectivo entre Paran\u00e1 y Santa Fe subi\u00f3 un 70%  - Informe Litoral","robots":{"index":"index","follow":"follow","max-snippet":"max-snippet:-1","max-image-preview":"max-image-preview:large","max-video-preview":"max-video-preview:-1"},"canonical":"https:\/\/informelitoral.com.ar\/el-pasaje-de-colectivo-entre-parana-y-santa-fe-subio-un-70\/","og_locale":"es_ES","og_type":"article","og_title":"El pasaje de colectivo entre Paran\u00e1 y Santa Fe subi\u00f3 un 70%  - Informe Litoral","og_description":"En el medio del feriado del 1 de enero, con boleter&iacute;as cerradas en la Terminal de Paran&aacute;, el incremento tom&oacute; por sorpresa a buena parte de los pasajeros. Los descuentos por la compra de abonos por cantidad de pasajes siguen vigentes. Las empresas que prestan el servicio de transporte de pasajeros en colectivo entre Paran&aacute; [&hellip;]","og_url":"https:\/\/informelitoral.com.ar\/el-pasaje-de-colectivo-entre-parana-y-santa-fe-subio-un-70\/","og_site_name":"Informe Litoral","article_publisher":"https:\/\/www.facebook.com\/informelitoral\/","article_published_time":"2014-01-02T18:15:21+00:00","author":"Gonzalo Schmidt","twitter_card":"summary_large_image","twitter_creator":"@InformeLitoral","twitter_site":"@InformeLitoral","twitter_misc":{"Escrito por":"Gonzalo Schmidt","Tiempo de lectura":"3 minutos"},"schema":{"@context":"https:\/\/schema.org","@graph":[{"@type":"Article","@id":"https:\/\/informelitoral.com.ar\/el-pasaje-de-colectivo-entre-parana-y-santa-fe-subio-un-70\/#article","isPartOf":{"@id":"https:\/\/informelitoral.com.ar\/el-pasaje-de-colectivo-entre-parana-y-santa-fe-subio-un-70\/"},"author":{"name":"Gonzalo Schmidt","@id":"https:\/\/informelitoral.com.ar\/#\/schema\/person\/b9d00407c836482871ef1d57bf8e3180"},"headline":"El pasaje de colectivo entre Paran\u00e1 y Santa Fe subi\u00f3 un 70%","datePublished":"2014-01-02T18:15:21+00:00","mainEntityOfPage":{"@id":"https:\/\/informelitoral.com.ar\/el-pasaje-de-colectivo-entre-parana-y-santa-fe-subio-un-70\/"},"wordCount":525,"commentCount":0,"publisher":{"@id":"https:\/\/informelitoral.com.ar\/#organization"},"articleSection":["Entre R\u00edos","Nacionales"],"inLanguage":"es","potentialAction":[{"@type":"CommentAction","name":"Comment","target":["https:\/\/informelitoral.com.ar\/el-pasaje-de-colectivo-entre-parana-y-santa-fe-subio-un-70\/#respond"]}]},{"@type":"WebPage","@id":"https:\/\/informelitoral.com.ar\/el-pasaje-de-colectivo-entre-parana-y-santa-fe-subio-un-70\/","url":"https:\/\/informelitoral.com.ar\/el-pasaje-de-colectivo-entre-parana-y-santa-fe-subio-un-70\/","name":"El pasaje de colectivo entre Paran\u00e1 y Santa Fe subi\u00f3 un 70% - Informe Litoral","isPartOf":{"@id":"https:\/\/informelitoral.com.ar\/#website"},"datePublished":"2014-01-02T18:15:21+00:00","breadcrumb":{"@id":"https:\/\/informelitoral.com.ar\/el-pasaje-de-colectivo-entre-parana-y-santa-fe-subio-un-70\/#breadcrumb"},"inLanguage":"es","potentialAction":[{"@type":"ReadAction","target":["https:\/\/informelitoral.com.ar\/el-pasaje-de-colectivo-entre-parana-y-santa-fe-subio-un-70\/"]}]},{"@type":"BreadcrumbList","@id":"https:\/\/informelitoral.com.ar\/el-pasaje-de-colectivo-entre-parana-y-santa-fe-subio-un-70\/#breadcrumb","itemListElement":[{"@type":"ListItem","position":1,"name":"Portada","item":"https:\/\/informelitoral.com.ar\/"},{"@type":"ListItem","position":2,"name":"El pasaje de colectivo entre Paran\u00e1 y Santa Fe subi\u00f3 un 70%"}]},{"@type":"WebSite","@id":"https:\/\/informelitoral.com.ar\/#website","url":"https:\/\/informelitoral.com.ar\/","name":"Informe Litoral","description":"&quot;Nos informamos&quot; ","publisher":{"@id":"https:\/\/informelitoral.com.ar\/#organization"},"potentialAction":[{"@type":"SearchAction","target":{"@type":"EntryPoint","urlTemplate":"https:\/\/informelitoral.com.ar\/?s={search_term_string}"},"query-input":{"@type":"PropertyValueSpecification","valueRequired":true,"valueName":"search_term_string"}}],"inLanguage":"es"},{"@type":"Organization","@id":"https:\/\/informelitoral.com.ar\/#organization","name":"Informe Litoral","url":"https:\/\/informelitoral.com.ar\/","logo":{"@type":"ImageObject","inLanguage":"es","@id":"https:\/\/informelitoral.com.ar\/#\/schema\/logo\/image\/","url":"https:\/\/informelitoral.com.ar\/%77%70%2d%63%6f%6e%74%65%6e%74\/uploads\/2021\/01\/circulo.png","contentUrl":"https:\/\/informelitoral.com.ar\/%77%70%2d%63%6f%6e%74%65%6e%74\/uploads\/2021\/01\/circulo.png","width":723,"height":731,"caption":"Informe Litoral"},"image":{"@id":"https:\/\/informelitoral.com.ar\/#\/schema\/logo\/image\/"},"sameAs":["https:\/\/www.facebook.com\/informelitoral\/","https:\/\/x.com\/InformeLitoral","https:\/\/www.instagram.com\/informelitoral\/","https:\/\/www.youtube.com\/channel\/UCua4Qvz8Icb6MYqhoq9xLXw"]},{"@type":"Person","@id":"https:\/\/informelitoral.com.ar\/#\/schema\/person\/b9d00407c836482871ef1d57bf8e3180","name":"Gonzalo Schmidt","image":{"@type":"ImageObject","inLanguage":"es","@id":"https:\/\/secure.gravatar.com\/avatar\/31a1a7b66ff2de83bd0e9fd79d026630d2d99e55e8bfe501287647b4fd9743de?s=96&d=mm&r=g","url":"https:\/\/secure.gravatar.com\/avatar\/31a1a7b66ff2de83bd0e9fd79d026630d2d99e55e8bfe501287647b4fd9743de?s=96&d=mm&r=g","contentUrl":"https:\/\/secure.gravatar.com\/avatar\/31a1a7b66ff2de83bd0e9fd79d026630d2d99e55e8bfe501287647b4fd9743de?s=96&d=mm&r=g","caption":"Gonzalo Schmidt"},"description":"Sitio web de noticias de la provincia de Entre R\u00edos, Argentina. Informaci\u00f3n y entretenimiento. Informe Litoral, nos informamos.","sameAs":["http:\/\/www.isletasnoticias.com.ar"],"url":"https:\/\/informelitoral.com.ar\/author\/gonzalo\/"}]}},"_links":{"self":[{"href":"https:\/\/informelitoral.com.ar\/%77%70%2d%6a%73%6f%6e\/wp\/v2\/posts\/4982","targetHints":{"allow":["GET"]}}],"collection":[{"href":"https:\/\/informelitoral.com.ar\/%77%70%2d%6a%73%6f%6e\/wp\/v2\/posts"}],"about":[{"href":"https:\/\/informelitoral.com.ar\/%77%70%2d%6a%73%6f%6e\/wp\/v2\/types\/post"}],"author":[{"embeddable":true,"href":"https:\/\/informelitoral.com.ar\/%77%70%2d%6a%73%6f%6e\/wp\/v2\/users\/2"}],"replies":[{"embeddable":true,"href":"https:\/\/informelitoral.com.ar\/%77%70%2d%6a%73%6f%6e\/wp\/v2\/comments?post=4982"}],"version-history":[{"count":0,"href":"https:\/\/informelitoral.com.ar\/%77%70%2d%6a%73%6f%6e\/wp\/v2\/posts\/4982\/revisions"}],"wp:attachment":[{"href":"https:\/\/informelitoral.com.ar\/%77%70%2d%6a%73%6f%6e\/wp\/v2\/media?parent=4982"}],"wp:term":[{"taxonomy":"category","embeddable":true,"href":"https:\/\/informelitoral.com.ar\/%77%70%2d%6a%73%6f%6e\/wp\/v2\/categories?post=4982"},{"taxonomy":"post_tag","embeddable":true,"href":"https:\/\/informelitoral.com.ar\/%77%70%2d%6a%73%6f%6e\/wp\/v2\/tags?post=4982"}],"curies":[{"name":"wp","href":"https:\/\/api.w.org\/{rel}","templated":true}]}}