{"id":49708,"date":"2020-09-15T20:32:52","date_gmt":"2020-09-15T23:32:52","guid":{"rendered":"https:\/\/www.isletasnoticias.com.ar\/?p=49708"},"modified":"2020-09-15T20:35:40","modified_gmt":"2020-09-15T23:35:40","slug":"bordet-y-stratta-destacaron-el-lanzamiento-de-los-precios-cuidados-para-la-construccion","status":"publish","type":"post","link":"https:\/\/informelitoral.com.ar\/bordet-y-stratta-destacaron-el-lanzamiento-de-los-precios-cuidados-para-la-construccion\/","title":{"rendered":"Bordet y Stratta destacaron el lanzamiento de los precios cuidados para la construcci\u00f3n"},"content":{"rendered":"<p>El Gobierno nacional present\u00f3 este lunes el nuevo Programa de Precios Cuidados para la Construcci\u00f3n, con una lista de 93 productos de 17 rubros diferentes que tendr\u00e1n un precio de referencia un 5% m\u00e1s bajo que los valores anteriores y estar\u00e1n disponibles en m\u00e1s de 500 bocas de expendio de todo el pa\u00eds.<\/p>\n<p>\u201cCon el lanzamiento de #PreciosCuidados para la construcci\u00f3n, el Estado vuelve a proteger una actividad que crea miles de puestos de trabajo. Nos enorgullece y alienta esta decisi\u00f3n de @alferdez. Cuidarnos tambi\u00e9n es apoyar el consumo interno, la producci\u00f3n y el crecimiento\u201d, manifest\u00f3 Gustavo Bordet en su cuenta de Twitter.<\/p>\n<blockquote class=\"twitter-tweet\" data-width=\"550\" data-dnt=\"true\">\n<p lang=\"es\" dir=\"ltr\">Con el lanzamiento de <a href=\"https:\/\/twitter.com\/hashtag\/PreciosCuidados?src=hash&amp;ref_src=twsrc%5Etfw\">#PreciosCuidados<\/a> para la construcci\u00f3n, el Estado vuelve a proteger una actividad que crea miles de puestos de trabajo. Nos enorgullece y alienta esta decisi\u00f3n de <a href=\"https:\/\/twitter.com\/alferdez?ref_src=twsrc%5Etfw\">@alferdez<\/a>. Cuidarnos tambi\u00e9n es apoyar el consumo interno, la producci\u00f3n y el crecimiento.<\/p>\n<p>&mdash; Gustavo Bordet (@bordet) <a href=\"https:\/\/twitter.com\/bordet\/status\/1305571465270620161?ref_src=twsrc%5Etfw\">September 14, 2020<\/a><\/p><\/blockquote>\n<p><script async src=\"https:\/\/platform.twitter.com\/widgets.js\" charset=\"utf-8\"><\/script><\/p>\n<p>En tanto, la vicegobernadora Laura Stratta expres\u00f3 en la misma red social: \u201cComo dijo @alferdez, poner a la #ArgentinaDePie requiere de un Estado asociado a los que producen y trabajan. Por eso celebro el anuncio de #PreciosCuidados en la construcci\u00f3n. Significa impulsar el empleo, el crecimiento econ\u00f3mico y mejorar la calidad de vida de todos y todas\u201d.<\/p>\n<blockquote class=\"twitter-tweet\" data-width=\"550\" data-dnt=\"true\">\n<p lang=\"es\" dir=\"ltr\">Como dijo <a href=\"https:\/\/twitter.com\/alferdez?ref_src=twsrc%5Etfw\">@alferdez<\/a> , poner a la <a href=\"https:\/\/twitter.com\/hashtag\/ArgentinaDePie?src=hash&amp;ref_src=twsrc%5Etfw\">#ArgentinaDePie<\/a> requiere de un Estado asociado a los que producen y trabajan. <br \/>Por eso celebro el anuncio de <a href=\"https:\/\/twitter.com\/hashtag\/PreciosCuidados?src=hash&amp;ref_src=twsrc%5Etfw\">#PreciosCuidados<\/a> en la construcci\u00f3n. Significa impulsar el empleo, el crecimiento econ\u00f3mico y mejorar la calidad de vida de todos y todas. <a href=\"https:\/\/t.co\/JvNnCHKIH2\">pic.twitter.com\/JvNnCHKIH2<\/a><\/p>\n<p>&mdash; Laura Stratta (@StrattaLaura1) <a href=\"https:\/\/twitter.com\/StrattaLaura1\/status\/1305586385315823617?ref_src=twsrc%5Etfw\">September 14, 2020<\/a><\/p><\/blockquote>\n<p><script async src=\"https:\/\/platform.twitter.com\/widgets.js\" charset=\"utf-8\"><\/script><\/p>\n","protected":false},"excerpt":{"rendered":"<p>El Gobierno nacional present&oacute; este lunes el nuevo Programa de Precios Cuidados para la Construcci&oacute;n, con una lista de 93 productos de 17 rubros diferentes que tendr&aacute;n un precio de referencia un 5% m&aacute;s bajo que los valores anteriores y estar&aacute;n disponibles en m&aacute;s de 500 bocas de expendio de todo el pa&iacute;s. &ldquo;Con el [&hellip;]<\/p>\n","protected":false},"author":8,"featured_media":42335,"comment_status":"open","ping_status":"open","sticky":false,"template":"","format":"standard","meta":{"fifu_image_url":"","fifu_image_alt":"","footnotes":""},"categories":[6],"tags":[828,44,81,1024],"class_list":{"0":"post-49708","1":"post","2":"type-post","3":"status-publish","4":"format-standard","5":"has-post-thumbnail","7":"category-entre-rios","8":"tag-construccion","9":"tag-economia","10":"tag-entre-rios","11":"tag-precios-cuidados"},"yoast_head":"<title>Bordet y Stratta destacaron el lanzamiento de los precios cuidados para la construcci\u00f3n - Informe Litoral<\/title>\n<meta name=\"robots\" content=\"index, follow, max-snippet:-1, max-image-preview:large, max-video-preview:-1\" \/>\n<link rel=\"canonical\" href=\"https:\/\/informelitoral.com.ar\/bordet-y-stratta-destacaron-el-lanzamiento-de-los-precios-cuidados-para-la-construccion\/\" \/>\n<meta property=\"og:locale\" content=\"es_ES\" \/>\n<meta property=\"og:type\" content=\"article\" \/>\n<meta property=\"og:title\" content=\"Bordet y Stratta destacaron el lanzamiento de los precios cuidados para la construcci\u00f3n - Informe Litoral\" \/>\n<meta property=\"og:description\" content=\"El Gobierno nacional present&oacute; este lunes el nuevo Programa de Precios Cuidados para la Construcci&oacute;n, con una lista de 93 productos de 17 rubros diferentes que tendr&aacute;n un precio de referencia un 5% m&aacute;s bajo que los valores anteriores y estar&aacute;n disponibles en m&aacute;s de 500 bocas de expendio de todo el pa&iacute;s. &ldquo;Con el [&hellip;]\" \/>\n<meta property=\"og:url\" content=\"https:\/\/informelitoral.com.ar\/bordet-y-stratta-destacaron-el-lanzamiento-de-los-precios-cuidados-para-la-construccion\/\" \/>\n<meta property=\"og:site_name\" content=\"Informe Litoral\" \/>\n<meta property=\"article:publisher\" content=\"https:\/\/www.facebook.com\/informelitoral\/\" \/>\n<meta property=\"article:published_time\" content=\"2020-09-15T23:32:52+00:00\" \/>\n<meta property=\"article:modified_time\" content=\"2020-09-15T23:35:40+00:00\" \/>\n<meta property=\"og:image\" content=\"https:\/\/informelitoral.com.ar\/%77%70%2d%63%6f%6e%74%65%6e%74\/uploads\/2020\/04\/Construccion.jpg\" \/>\n\t<meta property=\"og:image:width\" content=\"850\" \/>\n\t<meta property=\"og:image:height\" content=\"560\" \/>\n\t<meta property=\"og:image:type\" content=\"image\/jpeg\" \/>\n<meta name=\"author\" content=\"Sebastian\" \/>\n<meta name=\"twitter:card\" content=\"summary_large_image\" \/>\n<meta name=\"twitter:creator\" content=\"@InformeLitoral\" \/>\n<meta name=\"twitter:site\" content=\"@InformeLitoral\" \/>\n<meta name=\"twitter:label1\" content=\"Escrito por\" \/>\n\t<meta name=\"twitter:data1\" content=\"Sebastian\" \/>\n\t<meta name=\"twitter:label2\" content=\"Tiempo de lectura\" \/>\n\t<meta name=\"twitter:data2\" content=\"1 minuto\" \/>\n<script type=\"application\/ld+json\" class=\"yoast-schema-graph\">{\"@context\":\"https:\\\/\\\/schema.org\",\"@graph\":[{\"@type\":\"Article\",\"@id\":\"https:\\\/\\\/informelitoral.com.ar\\\/bordet-y-stratta-destacaron-el-lanzamiento-de-los-precios-cuidados-para-la-construccion\\\/#article\",\"isPartOf\":{\"@id\":\"https:\\\/\\\/informelitoral.com.ar\\\/bordet-y-stratta-destacaron-el-lanzamiento-de-los-precios-cuidados-para-la-construccion\\\/\"},\"author\":{\"name\":\"Sebastian\",\"@id\":\"https:\\\/\\\/informelitoral.com.ar\\\/#\\\/schema\\\/person\\\/f05f9f461677119578717524b127d6d5\"},\"headline\":\"Bordet y Stratta destacaron el lanzamiento de los precios cuidados para la construcci\u00f3n\",\"datePublished\":\"2020-09-15T23:32:52+00:00\",\"dateModified\":\"2020-09-15T23:35:40+00:00\",\"mainEntityOfPage\":{\"@id\":\"https:\\\/\\\/informelitoral.com.ar\\\/bordet-y-stratta-destacaron-el-lanzamiento-de-los-precios-cuidados-para-la-construccion\\\/\"},\"wordCount\":192,\"commentCount\":0,\"publisher\":{\"@id\":\"https:\\\/\\\/informelitoral.com.ar\\\/#organization\"},\"image\":{\"@id\":\"https:\\\/\\\/informelitoral.com.ar\\\/bordet-y-stratta-destacaron-el-lanzamiento-de-los-precios-cuidados-para-la-construccion\\\/#primaryimage\"},\"thumbnailUrl\":\"https:\\\/\\\/informelitoral.com.ar\\\/%77%70%2d%63%6f%6e%74%65%6e%74\\\/uploads\\\/2020\\\/04\\\/Construccion.jpg\",\"keywords\":[\"Construcci\u00f3n\",\"Econom\u00eda\",\"Entre R\u00edos\",\"Precios Cuidados\"],\"articleSection\":[\"Entre R\u00edos\"],\"inLanguage\":\"es\",\"potentialAction\":[{\"@type\":\"CommentAction\",\"name\":\"Comment\",\"target\":[\"https:\\\/\\\/informelitoral.com.ar\\\/bordet-y-stratta-destacaron-el-lanzamiento-de-los-precios-cuidados-para-la-construccion\\\/#respond\"]}]},{\"@type\":\"WebPage\",\"@id\":\"https:\\\/\\\/informelitoral.com.ar\\\/bordet-y-stratta-destacaron-el-lanzamiento-de-los-precios-cuidados-para-la-construccion\\\/\",\"url\":\"https:\\\/\\\/informelitoral.com.ar\\\/bordet-y-stratta-destacaron-el-lanzamiento-de-los-precios-cuidados-para-la-construccion\\\/\",\"name\":\"Bordet y Stratta destacaron el lanzamiento de los precios cuidados para la construcci\u00f3n - Informe Litoral\",\"isPartOf\":{\"@id\":\"https:\\\/\\\/informelitoral.com.ar\\\/#website\"},\"primaryImageOfPage\":{\"@id\":\"https:\\\/\\\/informelitoral.com.ar\\\/bordet-y-stratta-destacaron-el-lanzamiento-de-los-precios-cuidados-para-la-construccion\\\/#primaryimage\"},\"image\":{\"@id\":\"https:\\\/\\\/informelitoral.com.ar\\\/bordet-y-stratta-destacaron-el-lanzamiento-de-los-precios-cuidados-para-la-construccion\\\/#primaryimage\"},\"thumbnailUrl\":\"https:\\\/\\\/informelitoral.com.ar\\\/%77%70%2d%63%6f%6e%74%65%6e%74\\\/uploads\\\/2020\\\/04\\\/Construccion.jpg\",\"datePublished\":\"2020-09-15T23:32:52+00:00\",\"dateModified\":\"2020-09-15T23:35:40+00:00\",\"breadcrumb\":{\"@id\":\"https:\\\/\\\/informelitoral.com.ar\\\/bordet-y-stratta-destacaron-el-lanzamiento-de-los-precios-cuidados-para-la-construccion\\\/#breadcrumb\"},\"inLanguage\":\"es\",\"potentialAction\":[{\"@type\":\"ReadAction\",\"target\":[\"https:\\\/\\\/informelitoral.com.ar\\\/bordet-y-stratta-destacaron-el-lanzamiento-de-los-precios-cuidados-para-la-construccion\\\/\"]}]},{\"@type\":\"ImageObject\",\"inLanguage\":\"es\",\"@id\":\"https:\\\/\\\/informelitoral.com.ar\\\/bordet-y-stratta-destacaron-el-lanzamiento-de-los-precios-cuidados-para-la-construccion\\\/#primaryimage\",\"url\":\"https:\\\/\\\/informelitoral.com.ar\\\/%77%70%2d%63%6f%6e%74%65%6e%74\\\/uploads\\\/2020\\\/04\\\/Construccion.jpg\",\"contentUrl\":\"https:\\\/\\\/informelitoral.com.ar\\\/%77%70%2d%63%6f%6e%74%65%6e%74\\\/uploads\\\/2020\\\/04\\\/Construccion.jpg\",\"width\":850,\"height\":560},{\"@type\":\"BreadcrumbList\",\"@id\":\"https:\\\/\\\/informelitoral.com.ar\\\/bordet-y-stratta-destacaron-el-lanzamiento-de-los-precios-cuidados-para-la-construccion\\\/#breadcrumb\",\"itemListElement\":[{\"@type\":\"ListItem\",\"position\":1,\"name\":\"Portada\",\"item\":\"https:\\\/\\\/informelitoral.com.ar\\\/\"},{\"@type\":\"ListItem\",\"position\":2,\"name\":\"Bordet y Stratta destacaron el lanzamiento de los precios cuidados para la construcci\u00f3n\"}]},{\"@type\":\"WebSite\",\"@id\":\"https:\\\/\\\/informelitoral.com.ar\\\/#website\",\"url\":\"https:\\\/\\\/informelitoral.com.ar\\\/\",\"name\":\"Informe Litoral\",\"description\":\"&quot;Nos informamos&quot; \",\"publisher\":{\"@id\":\"https:\\\/\\\/informelitoral.com.ar\\\/#organization\"},\"potentialAction\":[{\"@type\":\"SearchAction\",\"target\":{\"@type\":\"EntryPoint\",\"urlTemplate\":\"https:\\\/\\\/informelitoral.com.ar\\\/?s={search_term_string}\"},\"query-input\":{\"@type\":\"PropertyValueSpecification\",\"valueRequired\":true,\"valueName\":\"search_term_string\"}}],\"inLanguage\":\"es\"},{\"@type\":\"Organization\",\"@id\":\"https:\\\/\\\/informelitoral.com.ar\\\/#organization\",\"name\":\"Informe Litoral\",\"url\":\"https:\\\/\\\/informelitoral.com.ar\\\/\",\"logo\":{\"@type\":\"ImageObject\",\"inLanguage\":\"es\",\"@id\":\"https:\\\/\\\/informelitoral.com.ar\\\/#\\\/schema\\\/logo\\\/image\\\/\",\"url\":\"https:\\\/\\\/informelitoral.com.ar\\\/%77%70%2d%63%6f%6e%74%65%6e%74\\\/uploads\\\/2021\\\/01\\\/circulo.png\",\"contentUrl\":\"https:\\\/\\\/informelitoral.com.ar\\\/%77%70%2d%63%6f%6e%74%65%6e%74\\\/uploads\\\/2021\\\/01\\\/circulo.png\",\"width\":723,\"height\":731,\"caption\":\"Informe Litoral\"},\"image\":{\"@id\":\"https:\\\/\\\/informelitoral.com.ar\\\/#\\\/schema\\\/logo\\\/image\\\/\"},\"sameAs\":[\"https:\\\/\\\/www.facebook.com\\\/informelitoral\\\/\",\"https:\\\/\\\/x.com\\\/InformeLitoral\",\"https:\\\/\\\/www.instagram.com\\\/informelitoral\\\/\",\"https:\\\/\\\/www.youtube.com\\\/channel\\\/UCua4Qvz8Icb6MYqhoq9xLXw\"]},{\"@type\":\"Person\",\"@id\":\"https:\\\/\\\/informelitoral.com.ar\\\/#\\\/schema\\\/person\\\/f05f9f461677119578717524b127d6d5\",\"name\":\"Sebastian\",\"image\":{\"@type\":\"ImageObject\",\"inLanguage\":\"es\",\"@id\":\"https:\\\/\\\/secure.gravatar.com\\\/avatar\\\/b71bf7481d447dfb9583c7f2798e7cc64de6efb9067b74633ed8c31059a3bd82?s=96&d=mm&r=g\",\"url\":\"https:\\\/\\\/secure.gravatar.com\\\/avatar\\\/b71bf7481d447dfb9583c7f2798e7cc64de6efb9067b74633ed8c31059a3bd82?s=96&d=mm&r=g\",\"contentUrl\":\"https:\\\/\\\/secure.gravatar.com\\\/avatar\\\/b71bf7481d447dfb9583c7f2798e7cc64de6efb9067b74633ed8c31059a3bd82?s=96&d=mm&r=g\",\"caption\":\"Sebastian\"},\"url\":\"https:\\\/\\\/informelitoral.com.ar\\\/author\\\/sebastian\\\/\"}]}<\/script>","yoast_head_json":{"title":"Bordet y Stratta destacaron el lanzamiento de los precios cuidados para la construcci\u00f3n - Informe Litoral","robots":{"index":"index","follow":"follow","max-snippet":"max-snippet:-1","max-image-preview":"max-image-preview:large","max-video-preview":"max-video-preview:-1"},"canonical":"https:\/\/informelitoral.com.ar\/bordet-y-stratta-destacaron-el-lanzamiento-de-los-precios-cuidados-para-la-construccion\/","og_locale":"es_ES","og_type":"article","og_title":"Bordet y Stratta destacaron el lanzamiento de los precios cuidados para la construcci\u00f3n - Informe Litoral","og_description":"El Gobierno nacional present&oacute; este lunes el nuevo Programa de Precios Cuidados para la Construcci&oacute;n, con una lista de 93 productos de 17 rubros diferentes que tendr&aacute;n un precio de referencia un 5% m&aacute;s bajo que los valores anteriores y estar&aacute;n disponibles en m&aacute;s de 500 bocas de expendio de todo el pa&iacute;s. &ldquo;Con el [&hellip;]","og_url":"https:\/\/informelitoral.com.ar\/bordet-y-stratta-destacaron-el-lanzamiento-de-los-precios-cuidados-para-la-construccion\/","og_site_name":"Informe Litoral","article_publisher":"https:\/\/www.facebook.com\/informelitoral\/","article_published_time":"2020-09-15T23:32:52+00:00","article_modified_time":"2020-09-15T23:35:40+00:00","og_image":[{"width":850,"height":560,"url":"https:\/\/informelitoral.com.ar\/%77%70%2d%63%6f%6e%74%65%6e%74\/uploads\/2020\/04\/Construccion.jpg","type":"image\/jpeg"}],"author":"Sebastian","twitter_card":"summary_large_image","twitter_creator":"@InformeLitoral","twitter_site":"@InformeLitoral","twitter_misc":{"Escrito por":"Sebastian","Tiempo de lectura":"1 minuto"},"schema":{"@context":"https:\/\/schema.org","@graph":[{"@type":"Article","@id":"https:\/\/informelitoral.com.ar\/bordet-y-stratta-destacaron-el-lanzamiento-de-los-precios-cuidados-para-la-construccion\/#article","isPartOf":{"@id":"https:\/\/informelitoral.com.ar\/bordet-y-stratta-destacaron-el-lanzamiento-de-los-precios-cuidados-para-la-construccion\/"},"author":{"name":"Sebastian","@id":"https:\/\/informelitoral.com.ar\/#\/schema\/person\/f05f9f461677119578717524b127d6d5"},"headline":"Bordet y Stratta destacaron el lanzamiento de los precios cuidados para la construcci\u00f3n","datePublished":"2020-09-15T23:32:52+00:00","dateModified":"2020-09-15T23:35:40+00:00","mainEntityOfPage":{"@id":"https:\/\/informelitoral.com.ar\/bordet-y-stratta-destacaron-el-lanzamiento-de-los-precios-cuidados-para-la-construccion\/"},"wordCount":192,"commentCount":0,"publisher":{"@id":"https:\/\/informelitoral.com.ar\/#organization"},"image":{"@id":"https:\/\/informelitoral.com.ar\/bordet-y-stratta-destacaron-el-lanzamiento-de-los-precios-cuidados-para-la-construccion\/#primaryimage"},"thumbnailUrl":"https:\/\/informelitoral.com.ar\/%77%70%2d%63%6f%6e%74%65%6e%74\/uploads\/2020\/04\/Construccion.jpg","keywords":["Construcci\u00f3n","Econom\u00eda","Entre R\u00edos","Precios Cuidados"],"articleSection":["Entre R\u00edos"],"inLanguage":"es","potentialAction":[{"@type":"CommentAction","name":"Comment","target":["https:\/\/informelitoral.com.ar\/bordet-y-stratta-destacaron-el-lanzamiento-de-los-precios-cuidados-para-la-construccion\/#respond"]}]},{"@type":"WebPage","@id":"https:\/\/informelitoral.com.ar\/bordet-y-stratta-destacaron-el-lanzamiento-de-los-precios-cuidados-para-la-construccion\/","url":"https:\/\/informelitoral.com.ar\/bordet-y-stratta-destacaron-el-lanzamiento-de-los-precios-cuidados-para-la-construccion\/","name":"Bordet y Stratta destacaron el lanzamiento de los precios cuidados para la construcci\u00f3n - Informe Litoral","isPartOf":{"@id":"https:\/\/informelitoral.com.ar\/#website"},"primaryImageOfPage":{"@id":"https:\/\/informelitoral.com.ar\/bordet-y-stratta-destacaron-el-lanzamiento-de-los-precios-cuidados-para-la-construccion\/#primaryimage"},"image":{"@id":"https:\/\/informelitoral.com.ar\/bordet-y-stratta-destacaron-el-lanzamiento-de-los-precios-cuidados-para-la-construccion\/#primaryimage"},"thumbnailUrl":"https:\/\/informelitoral.com.ar\/%77%70%2d%63%6f%6e%74%65%6e%74\/uploads\/2020\/04\/Construccion.jpg","datePublished":"2020-09-15T23:32:52+00:00","dateModified":"2020-09-15T23:35:40+00:00","breadcrumb":{"@id":"https:\/\/informelitoral.com.ar\/bordet-y-stratta-destacaron-el-lanzamiento-de-los-precios-cuidados-para-la-construccion\/#breadcrumb"},"inLanguage":"es","potentialAction":[{"@type":"ReadAction","target":["https:\/\/informelitoral.com.ar\/bordet-y-stratta-destacaron-el-lanzamiento-de-los-precios-cuidados-para-la-construccion\/"]}]},{"@type":"ImageObject","inLanguage":"es","@id":"https:\/\/informelitoral.com.ar\/bordet-y-stratta-destacaron-el-lanzamiento-de-los-precios-cuidados-para-la-construccion\/#primaryimage","url":"https:\/\/informelitoral.com.ar\/%77%70%2d%63%6f%6e%74%65%6e%74\/uploads\/2020\/04\/Construccion.jpg","contentUrl":"https:\/\/informelitoral.com.ar\/%77%70%2d%63%6f%6e%74%65%6e%74\/uploads\/2020\/04\/Construccion.jpg","width":850,"height":560},{"@type":"BreadcrumbList","@id":"https:\/\/informelitoral.com.ar\/bordet-y-stratta-destacaron-el-lanzamiento-de-los-precios-cuidados-para-la-construccion\/#breadcrumb","itemListElement":[{"@type":"ListItem","position":1,"name":"Portada","item":"https:\/\/informelitoral.com.ar\/"},{"@type":"ListItem","position":2,"name":"Bordet y Stratta destacaron el lanzamiento de los precios cuidados para la construcci\u00f3n"}]},{"@type":"WebSite","@id":"https:\/\/informelitoral.com.ar\/#website","url":"https:\/\/informelitoral.com.ar\/","name":"Informe Litoral","description":"&quot;Nos informamos&quot; ","publisher":{"@id":"https:\/\/informelitoral.com.ar\/#organization"},"potentialAction":[{"@type":"SearchAction","target":{"@type":"EntryPoint","urlTemplate":"https:\/\/informelitoral.com.ar\/?s={search_term_string}"},"query-input":{"@type":"PropertyValueSpecification","valueRequired":true,"valueName":"search_term_string"}}],"inLanguage":"es"},{"@type":"Organization","@id":"https:\/\/informelitoral.com.ar\/#organization","name":"Informe Litoral","url":"https:\/\/informelitoral.com.ar\/","logo":{"@type":"ImageObject","inLanguage":"es","@id":"https:\/\/informelitoral.com.ar\/#\/schema\/logo\/image\/","url":"https:\/\/informelitoral.com.ar\/%77%70%2d%63%6f%6e%74%65%6e%74\/uploads\/2021\/01\/circulo.png","contentUrl":"https:\/\/informelitoral.com.ar\/%77%70%2d%63%6f%6e%74%65%6e%74\/uploads\/2021\/01\/circulo.png","width":723,"height":731,"caption":"Informe Litoral"},"image":{"@id":"https:\/\/informelitoral.com.ar\/#\/schema\/logo\/image\/"},"sameAs":["https:\/\/www.facebook.com\/informelitoral\/","https:\/\/x.com\/InformeLitoral","https:\/\/www.instagram.com\/informelitoral\/","https:\/\/www.youtube.com\/channel\/UCua4Qvz8Icb6MYqhoq9xLXw"]},{"@type":"Person","@id":"https:\/\/informelitoral.com.ar\/#\/schema\/person\/f05f9f461677119578717524b127d6d5","name":"Sebastian","image":{"@type":"ImageObject","inLanguage":"es","@id":"https:\/\/secure.gravatar.com\/avatar\/b71bf7481d447dfb9583c7f2798e7cc64de6efb9067b74633ed8c31059a3bd82?s=96&d=mm&r=g","url":"https:\/\/secure.gravatar.com\/avatar\/b71bf7481d447dfb9583c7f2798e7cc64de6efb9067b74633ed8c31059a3bd82?s=96&d=mm&r=g","contentUrl":"https:\/\/secure.gravatar.com\/avatar\/b71bf7481d447dfb9583c7f2798e7cc64de6efb9067b74633ed8c31059a3bd82?s=96&d=mm&r=g","caption":"Sebastian"},"url":"https:\/\/informelitoral.com.ar\/author\/sebastian\/"}]}},"_links":{"self":[{"href":"https:\/\/informelitoral.com.ar\/%77%70%2d%6a%73%6f%6e\/wp\/v2\/posts\/49708","targetHints":{"allow":["GET"]}}],"collection":[{"href":"https:\/\/informelitoral.com.ar\/%77%70%2d%6a%73%6f%6e\/wp\/v2\/posts"}],"about":[{"href":"https:\/\/informelitoral.com.ar\/%77%70%2d%6a%73%6f%6e\/wp\/v2\/types\/post"}],"author":[{"embeddable":true,"href":"https:\/\/informelitoral.com.ar\/%77%70%2d%6a%73%6f%6e\/wp\/v2\/users\/8"}],"replies":[{"embeddable":true,"href":"https:\/\/informelitoral.com.ar\/%77%70%2d%6a%73%6f%6e\/wp\/v2\/comments?post=49708"}],"version-history":[{"count":0,"href":"https:\/\/informelitoral.com.ar\/%77%70%2d%6a%73%6f%6e\/wp\/v2\/posts\/49708\/revisions"}],"wp:featuredmedia":[{"embeddable":true,"href":"https:\/\/informelitoral.com.ar\/%77%70%2d%6a%73%6f%6e\/wp\/v2\/media\/42335"}],"wp:attachment":[{"href":"https:\/\/informelitoral.com.ar\/%77%70%2d%6a%73%6f%6e\/wp\/v2\/media?parent=49708"}],"wp:term":[{"taxonomy":"category","embeddable":true,"href":"https:\/\/informelitoral.com.ar\/%77%70%2d%6a%73%6f%6e\/wp\/v2\/categories?post=49708"},{"taxonomy":"post_tag","embeddable":true,"href":"https:\/\/informelitoral.com.ar\/%77%70%2d%6a%73%6f%6e\/wp\/v2\/tags?post=49708"}],"curies":[{"name":"wp","href":"https:\/\/api.w.org\/{rel}","templated":true}]}}