{"id":49614,"date":"2020-09-15T07:48:55","date_gmt":"2020-09-15T10:48:55","guid":{"rendered":"https:\/\/www.isletasnoticias.com.ar\/?p=49614"},"modified":"2020-09-15T08:43:05","modified_gmt":"2020-09-15T11:43:05","slug":"votacion-popular-28-especies-compiten-para-ser-el-arbol-entrerriano","status":"publish","type":"post","link":"https:\/\/informelitoral.com.ar\/votacion-popular-28-especies-compiten-para-ser-el-arbol-entrerriano\/","title":{"rendered":"Votaci\u00f3n popular: 28 especies \u00abcompiten\u00bb para ser el \u00e1rbol entrerriano"},"content":{"rendered":"<p>A trav\u00e9s del Programa de Educaci\u00f3n Ambiental (CGE) y el Jard\u00edn Bot\u00e1nico de Oro Verde (FCA-UNER), ambos organismos se comprometieron a promover la elecci\u00f3n del representante arb\u00f3reo de la provincia, que definir\u00e1n docentes, estudiantes y p\u00fablico en general. La iniciativa, declarada de inter\u00e9s educativo, consistir\u00e1 en la elecci\u00f3n de un \u00e1rbol caracter\u00edstico y representativo de la biodiversidad de Entre R\u00edos.<\/p>\n<p>La elecci\u00f3n se inicia el martes 15 de septiembre y estar\u00e1 disponible durante dos meses, hasta el domingo 15 de noviembre. Se votar\u00e1 trav\u00e9s de un formulario electr\u00f3nico que se compartir\u00e1 por las redes sociales del CGE, la UNER y diferentes organismos provinciales. En la p\u00e1gina principal de la web del Consejo General de Educaci\u00f3n habr\u00e1 un enlace directo durante los 60 d\u00edas.<\/p>\n<p>Se trata de una apuesta para construir saberes con identidad territorial y con el objetivo de dar a conocer y que se aprendan a identificar las especies arb\u00f3reas representativas de cada una de las ecorregiones de la provincia, adem\u00e1s de apreciar las caracter\u00edsticas de las diferentes especies y su potencialidad en el desarrollo sustentable.<\/p>\n<div id='gallery-1' class='gallery galleryid-49614 gallery-columns-3 gallery-size-thumbnail'><figure class='gallery-item'>\n\t\t\t<div class='gallery-icon landscape'>\n\t\t\t\t<a href='https:\/\/informelitoral.com.ar\/votacion-popular-28-especies-compiten-para-ser-el-arbol-entrerriano\/f_1600089548\/'><img loading=\"lazy\" decoding=\"async\" width=\"150\" height=\"150\" src=\"https:\/\/informelitoral.com.ar\/%77%70%2d%63%6f%6e%74%65%6e%74\/uploads\/2020\/09\/f_1600089548-150x150.jpg\" class=\"attachment-thumbnail size-thumbnail\" alt=\"\" \/><\/a>\n\t\t\t<\/div><\/figure><figure class='gallery-item'>\n\t\t\t<div class='gallery-icon landscape'>\n\t\t\t\t<a href='https:\/\/informelitoral.com.ar\/votacion-popular-28-especies-compiten-para-ser-el-arbol-entrerriano\/f_1600090026\/'><img loading=\"lazy\" decoding=\"async\" width=\"150\" height=\"150\" src=\"https:\/\/informelitoral.com.ar\/%77%70%2d%63%6f%6e%74%65%6e%74\/uploads\/2020\/09\/f_1600090026-150x150.png\" class=\"attachment-thumbnail size-thumbnail\" alt=\"\" \/><\/a>\n\t\t\t<\/div><\/figure><figure class='gallery-item'>\n\t\t\t<div class='gallery-icon landscape'>\n\t\t\t\t<a href='https:\/\/informelitoral.com.ar\/votacion-popular-28-especies-compiten-para-ser-el-arbol-entrerriano\/f_1600089545\/'><img loading=\"lazy\" decoding=\"async\" width=\"150\" height=\"150\" src=\"https:\/\/informelitoral.com.ar\/%77%70%2d%63%6f%6e%74%65%6e%74\/uploads\/2020\/09\/f_1600089545-150x150.jpg\" class=\"attachment-thumbnail size-thumbnail\" alt=\"\" \/><\/a>\n\t\t\t<\/div><\/figure><figure class='gallery-item'>\n\t\t\t<div class='gallery-icon landscape'>\n\t\t\t\t<a href='https:\/\/informelitoral.com.ar\/votacion-popular-28-especies-compiten-para-ser-el-arbol-entrerriano\/f_1600089856\/'><img loading=\"lazy\" decoding=\"async\" width=\"150\" height=\"150\" src=\"https:\/\/informelitoral.com.ar\/%77%70%2d%63%6f%6e%74%65%6e%74\/uploads\/2020\/09\/f_1600089856-150x150.jpg\" class=\"attachment-thumbnail size-thumbnail\" alt=\"\" \/><\/a>\n\t\t\t<\/div><\/figure><figure class='gallery-item'>\n\t\t\t<div class='gallery-icon landscape'>\n\t\t\t\t<a href='https:\/\/informelitoral.com.ar\/votacion-popular-28-especies-compiten-para-ser-el-arbol-entrerriano\/f_1600089537\/'><img loading=\"lazy\" decoding=\"async\" width=\"150\" height=\"150\" src=\"https:\/\/informelitoral.com.ar\/%77%70%2d%63%6f%6e%74%65%6e%74\/uploads\/2020\/09\/f_1600089537-150x150.png\" class=\"attachment-thumbnail size-thumbnail\" alt=\"\" \/><\/a>\n\t\t\t<\/div><\/figure><figure class='gallery-item'>\n\t\t\t<div class='gallery-icon landscape'>\n\t\t\t\t<a href='https:\/\/informelitoral.com.ar\/votacion-popular-28-especies-compiten-para-ser-el-arbol-entrerriano\/f_1600090203\/'><img loading=\"lazy\" decoding=\"async\" width=\"150\" height=\"150\" src=\"https:\/\/informelitoral.com.ar\/%77%70%2d%63%6f%6e%74%65%6e%74\/uploads\/2020\/09\/f_1600090203-150x150.jpg\" class=\"attachment-thumbnail size-thumbnail\" alt=\"\" \/><\/a>\n\t\t\t<\/div><\/figure><figure class='gallery-item'>\n\t\t\t<div class='gallery-icon landscape'>\n\t\t\t\t<a href='https:\/\/informelitoral.com.ar\/votacion-popular-28-especies-compiten-para-ser-el-arbol-entrerriano\/f_1600090210\/'><img loading=\"lazy\" decoding=\"async\" width=\"150\" height=\"150\" src=\"https:\/\/informelitoral.com.ar\/%77%70%2d%63%6f%6e%74%65%6e%74\/uploads\/2020\/09\/f_1600090210-150x150.jpg\" class=\"attachment-thumbnail size-thumbnail\" alt=\"\" \/><\/a>\n\t\t\t<\/div><\/figure>\n\t\t<\/div>\n\n<p>Las 28 especies propuestas fueron seleccionadas por especialistas de la c\u00e1tedra Bot\u00e1nica Sistem\u00e1tica y Espacios Verdes del Jard\u00edn Bot\u00e1nico de Oro Verde, dependiente de la FCA-UNER.<\/p>\n<p>El director general de escuelas de Entre R\u00edos, Mart\u00edn M\u00fcller, celebr\u00f3 la instancia y expres\u00f3 que \u00abdesde nuestro lugar vamos a continuar acompa\u00f1ando propuestas de conocimiento y discusi\u00f3n sobre la biodiversidad de la provincia. Esta elecci\u00f3n es un granito de arena y parte de un sostenido trabajo en red que lleva adelante el Programa de Educaci\u00f3n Ambiental junto a diferentes organismos\u00bb.Del mismo modo, el decano de la FCA, Pedro Barbagelata, destac\u00f3 que \u00abno s\u00f3lo es importante este tema en s\u00ed mismo, lo cual celebro, sino que es importante llevar adelante esta propuesta con el CGE para realizar as\u00ed un aporte a la educaci\u00f3n ambiental y a la preservaci\u00f3n de los \u00e1rboles de nuestra provincia\u00bb, remarc\u00f3.<\/p>\n<p>Desde el CGE se trabaj\u00f3 en el dise\u00f1o pedag\u00f3gico para impulsar la propuesta educativa en los diferentes niveles. Por su parte, la Facultad elabor\u00f3 la lista final de 28 especies arb\u00f3reas representativas de Entre R\u00edos, con sus respectivas fichas t\u00e9cnicas y fotos, garantizando la revisi\u00f3n t\u00e9cnica-cient\u00edfica de las mismas.<\/p>\n<p>Las 28 especies seleccionadas para la elecci\u00f3n del \u00e1rbol entrerriano (nombres comunes)<\/p>\n<p>Viraj\u00fa\/Palo mataco\/Ibir\u00e1-h\u00fa<\/p>\n<p>Quebracho blanco<\/p>\n<p>Churqui tala\/Tala chiquito<\/p>\n<p>Tala<\/p>\n<p>Sangre de drago<\/p>\n<p>Timb\u00f3 colorado<\/p>\n<p>Ceibo<\/p>\n<p>Ubajay<\/p>\n<p>Cha\u00f1ar<\/p>\n<p>Ing\u00e1\/Ing\u00e1 colorado<\/p>\n<p>Sombra de toro\/Quebrachillo<\/p>\n<p>Azota caballo<\/p>\n<p>Guayabo colorado\/Array\u00e1n<\/p>\n<p>Canel\u00f3n\/Canel\u00f3n morot\u00ed<\/p>\n<p>Laurel blanco<\/p>\n<p>Laurel de las islas<\/p>\n<p>Mata ojo<\/p>\n<p>\u00d1andubay<\/p>\n<p>Algarrobo blanco<\/p>\n<p>Algarrobo negro<\/p>\n<p>Virar\u00f3<\/p>\n<p>Sauce criollo<\/p>\n<p>Curup\u00ed\/Lecher\u00f3n\/Pega pega<\/p>\n<p>Molle\/InciensoTrementina<\/p>\n<p>Palo v\u00edbora<\/p>\n<p>Aliso del r\u00edo<\/p>\n<p>Aromito\/Espinillo\/Churqui<\/p>\n<p>Tembetar\u00ed colorado<\/p>\n","protected":false},"excerpt":{"rendered":"<p>El evento es organizado por el Consejo General de Educaci\u00f3n y la Facultad de Ciencias Agropecuarias de la Universidad Nacional de Entre R\u00edos. La votaci\u00f3n es abierta y estar\u00e1 disponible durante 60 d\u00edas desde el martes 15 de septiembre.<\/p>\n","protected":false},"author":2,"featured_media":49615,"comment_status":"open","ping_status":"open","sticky":false,"template":"","format":"standard","meta":{"fifu_image_url":"","fifu_image_alt":"","footnotes":""},"categories":[6,9],"tags":[46,967],"class_list":{"0":"post-49614","1":"post","2":"type-post","3":"status-publish","4":"format-standard","5":"has-post-thumbnail","7":"category-entre-rios","8":"category-sociedad","9":"tag-ambiente","10":"tag-arboles"},"yoast_head":"<title>Votaci\u00f3n popular: 28 especies &quot;compiten&quot; para ser el \u00e1rbol entrerriano - Informe Litoral<\/title>\n<meta name=\"robots\" content=\"index, follow, max-snippet:-1, max-image-preview:large, max-video-preview:-1\" \/>\n<link rel=\"canonical\" href=\"https:\/\/informelitoral.com.ar\/votacion-popular-28-especies-compiten-para-ser-el-arbol-entrerriano\/\" \/>\n<meta property=\"og:locale\" content=\"es_ES\" \/>\n<meta property=\"og:type\" content=\"article\" \/>\n<meta property=\"og:title\" content=\"Votaci\u00f3n popular: 28 especies &quot;compiten&quot; para ser el \u00e1rbol entrerriano - Informe Litoral\" \/>\n<meta property=\"og:description\" content=\"El evento es organizado por el Consejo General de Educaci\u00f3n y la Facultad de Ciencias Agropecuarias de la Universidad Nacional de Entre R\u00edos. La votaci\u00f3n es abierta y estar\u00e1 disponible durante 60 d\u00edas desde el martes 15 de septiembre.\" \/>\n<meta property=\"og:url\" content=\"https:\/\/informelitoral.com.ar\/votacion-popular-28-especies-compiten-para-ser-el-arbol-entrerriano\/\" \/>\n<meta property=\"og:site_name\" content=\"Informe Litoral\" \/>\n<meta property=\"article:publisher\" content=\"https:\/\/www.facebook.com\/informelitoral\/\" \/>\n<meta property=\"article:published_time\" content=\"2020-09-15T10:48:55+00:00\" \/>\n<meta property=\"article:modified_time\" content=\"2020-09-15T11:43:05+00:00\" \/>\n<meta property=\"og:image\" content=\"https:\/\/informelitoral.com.ar\/%77%70%2d%63%6f%6e%74%65%6e%74\/uploads\/2020\/09\/f_1600089651.jpg\" \/>\n\t<meta property=\"og:image:width\" content=\"1032\" \/>\n\t<meta property=\"og:image:height\" content=\"688\" \/>\n\t<meta property=\"og:image:type\" content=\"image\/jpeg\" \/>\n<meta name=\"author\" content=\"Gonzalo Schmidt\" \/>\n<meta name=\"twitter:card\" content=\"summary_large_image\" \/>\n<meta name=\"twitter:creator\" content=\"@InformeLitoral\" \/>\n<meta name=\"twitter:site\" content=\"@InformeLitoral\" \/>\n<meta name=\"twitter:label1\" content=\"Escrito por\" \/>\n\t<meta name=\"twitter:data1\" content=\"Gonzalo Schmidt\" \/>\n\t<meta name=\"twitter:label2\" content=\"Tiempo de lectura\" \/>\n\t<meta name=\"twitter:data2\" content=\"2 minutos\" \/>\n<script type=\"application\/ld+json\" class=\"yoast-schema-graph\">{\"@context\":\"https:\\\/\\\/schema.org\",\"@graph\":[{\"@type\":\"Article\",\"@id\":\"https:\\\/\\\/informelitoral.com.ar\\\/votacion-popular-28-especies-compiten-para-ser-el-arbol-entrerriano\\\/#article\",\"isPartOf\":{\"@id\":\"https:\\\/\\\/informelitoral.com.ar\\\/votacion-popular-28-especies-compiten-para-ser-el-arbol-entrerriano\\\/\"},\"author\":{\"name\":\"Gonzalo Schmidt\",\"@id\":\"https:\\\/\\\/informelitoral.com.ar\\\/#\\\/schema\\\/person\\\/b9d00407c836482871ef1d57bf8e3180\"},\"headline\":\"Votaci\u00f3n popular: 28 especies \u00abcompiten\u00bb para ser el \u00e1rbol entrerriano\",\"datePublished\":\"2020-09-15T10:48:55+00:00\",\"dateModified\":\"2020-09-15T11:43:05+00:00\",\"mainEntityOfPage\":{\"@id\":\"https:\\\/\\\/informelitoral.com.ar\\\/votacion-popular-28-especies-compiten-para-ser-el-arbol-entrerriano\\\/\"},\"wordCount\":505,\"commentCount\":0,\"publisher\":{\"@id\":\"https:\\\/\\\/informelitoral.com.ar\\\/#organization\"},\"image\":{\"@id\":\"https:\\\/\\\/informelitoral.com.ar\\\/votacion-popular-28-especies-compiten-para-ser-el-arbol-entrerriano\\\/#primaryimage\"},\"thumbnailUrl\":\"https:\\\/\\\/informelitoral.com.ar\\\/%77%70%2d%63%6f%6e%74%65%6e%74\\\/uploads\\\/2020\\\/09\\\/f_1600089651.jpg\",\"keywords\":[\"Ambiente\",\"\u00c1rboles\"],\"articleSection\":[\"Entre R\u00edos\",\"Sociedad\"],\"inLanguage\":\"es\",\"potentialAction\":[{\"@type\":\"CommentAction\",\"name\":\"Comment\",\"target\":[\"https:\\\/\\\/informelitoral.com.ar\\\/votacion-popular-28-especies-compiten-para-ser-el-arbol-entrerriano\\\/#respond\"]}]},{\"@type\":\"WebPage\",\"@id\":\"https:\\\/\\\/informelitoral.com.ar\\\/votacion-popular-28-especies-compiten-para-ser-el-arbol-entrerriano\\\/\",\"url\":\"https:\\\/\\\/informelitoral.com.ar\\\/votacion-popular-28-especies-compiten-para-ser-el-arbol-entrerriano\\\/\",\"name\":\"Votaci\u00f3n popular: 28 especies \\\"compiten\\\" para ser el \u00e1rbol entrerriano - Informe Litoral\",\"isPartOf\":{\"@id\":\"https:\\\/\\\/informelitoral.com.ar\\\/#website\"},\"primaryImageOfPage\":{\"@id\":\"https:\\\/\\\/informelitoral.com.ar\\\/votacion-popular-28-especies-compiten-para-ser-el-arbol-entrerriano\\\/#primaryimage\"},\"image\":{\"@id\":\"https:\\\/\\\/informelitoral.com.ar\\\/votacion-popular-28-especies-compiten-para-ser-el-arbol-entrerriano\\\/#primaryimage\"},\"thumbnailUrl\":\"https:\\\/\\\/informelitoral.com.ar\\\/%77%70%2d%63%6f%6e%74%65%6e%74\\\/uploads\\\/2020\\\/09\\\/f_1600089651.jpg\",\"datePublished\":\"2020-09-15T10:48:55+00:00\",\"dateModified\":\"2020-09-15T11:43:05+00:00\",\"breadcrumb\":{\"@id\":\"https:\\\/\\\/informelitoral.com.ar\\\/votacion-popular-28-especies-compiten-para-ser-el-arbol-entrerriano\\\/#breadcrumb\"},\"inLanguage\":\"es\",\"potentialAction\":[{\"@type\":\"ReadAction\",\"target\":[\"https:\\\/\\\/informelitoral.com.ar\\\/votacion-popular-28-especies-compiten-para-ser-el-arbol-entrerriano\\\/\"]}]},{\"@type\":\"ImageObject\",\"inLanguage\":\"es\",\"@id\":\"https:\\\/\\\/informelitoral.com.ar\\\/votacion-popular-28-especies-compiten-para-ser-el-arbol-entrerriano\\\/#primaryimage\",\"url\":\"https:\\\/\\\/informelitoral.com.ar\\\/%77%70%2d%63%6f%6e%74%65%6e%74\\\/uploads\\\/2020\\\/09\\\/f_1600089651.jpg\",\"contentUrl\":\"https:\\\/\\\/informelitoral.com.ar\\\/%77%70%2d%63%6f%6e%74%65%6e%74\\\/uploads\\\/2020\\\/09\\\/f_1600089651.jpg\",\"width\":1032,\"height\":688},{\"@type\":\"BreadcrumbList\",\"@id\":\"https:\\\/\\\/informelitoral.com.ar\\\/votacion-popular-28-especies-compiten-para-ser-el-arbol-entrerriano\\\/#breadcrumb\",\"itemListElement\":[{\"@type\":\"ListItem\",\"position\":1,\"name\":\"Portada\",\"item\":\"https:\\\/\\\/informelitoral.com.ar\\\/\"},{\"@type\":\"ListItem\",\"position\":2,\"name\":\"Votaci\u00f3n popular: 28 especies \u00abcompiten\u00bb para ser el \u00e1rbol entrerriano\"}]},{\"@type\":\"WebSite\",\"@id\":\"https:\\\/\\\/informelitoral.com.ar\\\/#website\",\"url\":\"https:\\\/\\\/informelitoral.com.ar\\\/\",\"name\":\"Informe Litoral\",\"description\":\"&quot;Nos informamos&quot; \",\"publisher\":{\"@id\":\"https:\\\/\\\/informelitoral.com.ar\\\/#organization\"},\"potentialAction\":[{\"@type\":\"SearchAction\",\"target\":{\"@type\":\"EntryPoint\",\"urlTemplate\":\"https:\\\/\\\/informelitoral.com.ar\\\/?s={search_term_string}\"},\"query-input\":{\"@type\":\"PropertyValueSpecification\",\"valueRequired\":true,\"valueName\":\"search_term_string\"}}],\"inLanguage\":\"es\"},{\"@type\":\"Organization\",\"@id\":\"https:\\\/\\\/informelitoral.com.ar\\\/#organization\",\"name\":\"Informe Litoral\",\"url\":\"https:\\\/\\\/informelitoral.com.ar\\\/\",\"logo\":{\"@type\":\"ImageObject\",\"inLanguage\":\"es\",\"@id\":\"https:\\\/\\\/informelitoral.com.ar\\\/#\\\/schema\\\/logo\\\/image\\\/\",\"url\":\"https:\\\/\\\/informelitoral.com.ar\\\/%77%70%2d%63%6f%6e%74%65%6e%74\\\/uploads\\\/2021\\\/01\\\/circulo.png\",\"contentUrl\":\"https:\\\/\\\/informelitoral.com.ar\\\/%77%70%2d%63%6f%6e%74%65%6e%74\\\/uploads\\\/2021\\\/01\\\/circulo.png\",\"width\":723,\"height\":731,\"caption\":\"Informe Litoral\"},\"image\":{\"@id\":\"https:\\\/\\\/informelitoral.com.ar\\\/#\\\/schema\\\/logo\\\/image\\\/\"},\"sameAs\":[\"https:\\\/\\\/www.facebook.com\\\/informelitoral\\\/\",\"https:\\\/\\\/x.com\\\/InformeLitoral\",\"https:\\\/\\\/www.instagram.com\\\/informelitoral\\\/\",\"https:\\\/\\\/www.youtube.com\\\/channel\\\/UCua4Qvz8Icb6MYqhoq9xLXw\"]},{\"@type\":\"Person\",\"@id\":\"https:\\\/\\\/informelitoral.com.ar\\\/#\\\/schema\\\/person\\\/b9d00407c836482871ef1d57bf8e3180\",\"name\":\"Gonzalo Schmidt\",\"image\":{\"@type\":\"ImageObject\",\"inLanguage\":\"es\",\"@id\":\"https:\\\/\\\/secure.gravatar.com\\\/avatar\\\/31a1a7b66ff2de83bd0e9fd79d026630d2d99e55e8bfe501287647b4fd9743de?s=96&d=mm&r=g\",\"url\":\"https:\\\/\\\/secure.gravatar.com\\\/avatar\\\/31a1a7b66ff2de83bd0e9fd79d026630d2d99e55e8bfe501287647b4fd9743de?s=96&d=mm&r=g\",\"contentUrl\":\"https:\\\/\\\/secure.gravatar.com\\\/avatar\\\/31a1a7b66ff2de83bd0e9fd79d026630d2d99e55e8bfe501287647b4fd9743de?s=96&d=mm&r=g\",\"caption\":\"Gonzalo Schmidt\"},\"description\":\"Sitio web de noticias de la provincia de Entre R\u00edos, Argentina. Informaci\u00f3n y entretenimiento. Informe Litoral, nos informamos.\",\"sameAs\":[\"http:\\\/\\\/www.isletasnoticias.com.ar\"],\"url\":\"https:\\\/\\\/informelitoral.com.ar\\\/author\\\/gonzalo\\\/\"}]}<\/script>","yoast_head_json":{"title":"Votaci\u00f3n popular: 28 especies \"compiten\" para ser el \u00e1rbol entrerriano - Informe Litoral","robots":{"index":"index","follow":"follow","max-snippet":"max-snippet:-1","max-image-preview":"max-image-preview:large","max-video-preview":"max-video-preview:-1"},"canonical":"https:\/\/informelitoral.com.ar\/votacion-popular-28-especies-compiten-para-ser-el-arbol-entrerriano\/","og_locale":"es_ES","og_type":"article","og_title":"Votaci\u00f3n popular: 28 especies \"compiten\" para ser el \u00e1rbol entrerriano - Informe Litoral","og_description":"El evento es organizado por el Consejo General de Educaci\u00f3n y la Facultad de Ciencias Agropecuarias de la Universidad Nacional de Entre R\u00edos. La votaci\u00f3n es abierta y estar\u00e1 disponible durante 60 d\u00edas desde el martes 15 de septiembre.","og_url":"https:\/\/informelitoral.com.ar\/votacion-popular-28-especies-compiten-para-ser-el-arbol-entrerriano\/","og_site_name":"Informe Litoral","article_publisher":"https:\/\/www.facebook.com\/informelitoral\/","article_published_time":"2020-09-15T10:48:55+00:00","article_modified_time":"2020-09-15T11:43:05+00:00","og_image":[{"width":1032,"height":688,"url":"https:\/\/informelitoral.com.ar\/%77%70%2d%63%6f%6e%74%65%6e%74\/uploads\/2020\/09\/f_1600089651.jpg","type":"image\/jpeg"}],"author":"Gonzalo Schmidt","twitter_card":"summary_large_image","twitter_creator":"@InformeLitoral","twitter_site":"@InformeLitoral","twitter_misc":{"Escrito por":"Gonzalo Schmidt","Tiempo de lectura":"2 minutos"},"schema":{"@context":"https:\/\/schema.org","@graph":[{"@type":"Article","@id":"https:\/\/informelitoral.com.ar\/votacion-popular-28-especies-compiten-para-ser-el-arbol-entrerriano\/#article","isPartOf":{"@id":"https:\/\/informelitoral.com.ar\/votacion-popular-28-especies-compiten-para-ser-el-arbol-entrerriano\/"},"author":{"name":"Gonzalo Schmidt","@id":"https:\/\/informelitoral.com.ar\/#\/schema\/person\/b9d00407c836482871ef1d57bf8e3180"},"headline":"Votaci\u00f3n popular: 28 especies \u00abcompiten\u00bb para ser el \u00e1rbol entrerriano","datePublished":"2020-09-15T10:48:55+00:00","dateModified":"2020-09-15T11:43:05+00:00","mainEntityOfPage":{"@id":"https:\/\/informelitoral.com.ar\/votacion-popular-28-especies-compiten-para-ser-el-arbol-entrerriano\/"},"wordCount":505,"commentCount":0,"publisher":{"@id":"https:\/\/informelitoral.com.ar\/#organization"},"image":{"@id":"https:\/\/informelitoral.com.ar\/votacion-popular-28-especies-compiten-para-ser-el-arbol-entrerriano\/#primaryimage"},"thumbnailUrl":"https:\/\/informelitoral.com.ar\/%77%70%2d%63%6f%6e%74%65%6e%74\/uploads\/2020\/09\/f_1600089651.jpg","keywords":["Ambiente","\u00c1rboles"],"articleSection":["Entre R\u00edos","Sociedad"],"inLanguage":"es","potentialAction":[{"@type":"CommentAction","name":"Comment","target":["https:\/\/informelitoral.com.ar\/votacion-popular-28-especies-compiten-para-ser-el-arbol-entrerriano\/#respond"]}]},{"@type":"WebPage","@id":"https:\/\/informelitoral.com.ar\/votacion-popular-28-especies-compiten-para-ser-el-arbol-entrerriano\/","url":"https:\/\/informelitoral.com.ar\/votacion-popular-28-especies-compiten-para-ser-el-arbol-entrerriano\/","name":"Votaci\u00f3n popular: 28 especies \"compiten\" para ser el \u00e1rbol entrerriano - Informe Litoral","isPartOf":{"@id":"https:\/\/informelitoral.com.ar\/#website"},"primaryImageOfPage":{"@id":"https:\/\/informelitoral.com.ar\/votacion-popular-28-especies-compiten-para-ser-el-arbol-entrerriano\/#primaryimage"},"image":{"@id":"https:\/\/informelitoral.com.ar\/votacion-popular-28-especies-compiten-para-ser-el-arbol-entrerriano\/#primaryimage"},"thumbnailUrl":"https:\/\/informelitoral.com.ar\/%77%70%2d%63%6f%6e%74%65%6e%74\/uploads\/2020\/09\/f_1600089651.jpg","datePublished":"2020-09-15T10:48:55+00:00","dateModified":"2020-09-15T11:43:05+00:00","breadcrumb":{"@id":"https:\/\/informelitoral.com.ar\/votacion-popular-28-especies-compiten-para-ser-el-arbol-entrerriano\/#breadcrumb"},"inLanguage":"es","potentialAction":[{"@type":"ReadAction","target":["https:\/\/informelitoral.com.ar\/votacion-popular-28-especies-compiten-para-ser-el-arbol-entrerriano\/"]}]},{"@type":"ImageObject","inLanguage":"es","@id":"https:\/\/informelitoral.com.ar\/votacion-popular-28-especies-compiten-para-ser-el-arbol-entrerriano\/#primaryimage","url":"https:\/\/informelitoral.com.ar\/%77%70%2d%63%6f%6e%74%65%6e%74\/uploads\/2020\/09\/f_1600089651.jpg","contentUrl":"https:\/\/informelitoral.com.ar\/%77%70%2d%63%6f%6e%74%65%6e%74\/uploads\/2020\/09\/f_1600089651.jpg","width":1032,"height":688},{"@type":"BreadcrumbList","@id":"https:\/\/informelitoral.com.ar\/votacion-popular-28-especies-compiten-para-ser-el-arbol-entrerriano\/#breadcrumb","itemListElement":[{"@type":"ListItem","position":1,"name":"Portada","item":"https:\/\/informelitoral.com.ar\/"},{"@type":"ListItem","position":2,"name":"Votaci\u00f3n popular: 28 especies \u00abcompiten\u00bb para ser el \u00e1rbol entrerriano"}]},{"@type":"WebSite","@id":"https:\/\/informelitoral.com.ar\/#website","url":"https:\/\/informelitoral.com.ar\/","name":"Informe Litoral","description":"&quot;Nos informamos&quot; ","publisher":{"@id":"https:\/\/informelitoral.com.ar\/#organization"},"potentialAction":[{"@type":"SearchAction","target":{"@type":"EntryPoint","urlTemplate":"https:\/\/informelitoral.com.ar\/?s={search_term_string}"},"query-input":{"@type":"PropertyValueSpecification","valueRequired":true,"valueName":"search_term_string"}}],"inLanguage":"es"},{"@type":"Organization","@id":"https:\/\/informelitoral.com.ar\/#organization","name":"Informe Litoral","url":"https:\/\/informelitoral.com.ar\/","logo":{"@type":"ImageObject","inLanguage":"es","@id":"https:\/\/informelitoral.com.ar\/#\/schema\/logo\/image\/","url":"https:\/\/informelitoral.com.ar\/%77%70%2d%63%6f%6e%74%65%6e%74\/uploads\/2021\/01\/circulo.png","contentUrl":"https:\/\/informelitoral.com.ar\/%77%70%2d%63%6f%6e%74%65%6e%74\/uploads\/2021\/01\/circulo.png","width":723,"height":731,"caption":"Informe Litoral"},"image":{"@id":"https:\/\/informelitoral.com.ar\/#\/schema\/logo\/image\/"},"sameAs":["https:\/\/www.facebook.com\/informelitoral\/","https:\/\/x.com\/InformeLitoral","https:\/\/www.instagram.com\/informelitoral\/","https:\/\/www.youtube.com\/channel\/UCua4Qvz8Icb6MYqhoq9xLXw"]},{"@type":"Person","@id":"https:\/\/informelitoral.com.ar\/#\/schema\/person\/b9d00407c836482871ef1d57bf8e3180","name":"Gonzalo Schmidt","image":{"@type":"ImageObject","inLanguage":"es","@id":"https:\/\/secure.gravatar.com\/avatar\/31a1a7b66ff2de83bd0e9fd79d026630d2d99e55e8bfe501287647b4fd9743de?s=96&d=mm&r=g","url":"https:\/\/secure.gravatar.com\/avatar\/31a1a7b66ff2de83bd0e9fd79d026630d2d99e55e8bfe501287647b4fd9743de?s=96&d=mm&r=g","contentUrl":"https:\/\/secure.gravatar.com\/avatar\/31a1a7b66ff2de83bd0e9fd79d026630d2d99e55e8bfe501287647b4fd9743de?s=96&d=mm&r=g","caption":"Gonzalo Schmidt"},"description":"Sitio web de noticias de la provincia de Entre R\u00edos, Argentina. Informaci\u00f3n y entretenimiento. Informe Litoral, nos informamos.","sameAs":["http:\/\/www.isletasnoticias.com.ar"],"url":"https:\/\/informelitoral.com.ar\/author\/gonzalo\/"}]}},"_links":{"self":[{"href":"https:\/\/informelitoral.com.ar\/%77%70%2d%6a%73%6f%6e\/wp\/v2\/posts\/49614","targetHints":{"allow":["GET"]}}],"collection":[{"href":"https:\/\/informelitoral.com.ar\/%77%70%2d%6a%73%6f%6e\/wp\/v2\/posts"}],"about":[{"href":"https:\/\/informelitoral.com.ar\/%77%70%2d%6a%73%6f%6e\/wp\/v2\/types\/post"}],"author":[{"embeddable":true,"href":"https:\/\/informelitoral.com.ar\/%77%70%2d%6a%73%6f%6e\/wp\/v2\/users\/2"}],"replies":[{"embeddable":true,"href":"https:\/\/informelitoral.com.ar\/%77%70%2d%6a%73%6f%6e\/wp\/v2\/comments?post=49614"}],"version-history":[{"count":0,"href":"https:\/\/informelitoral.com.ar\/%77%70%2d%6a%73%6f%6e\/wp\/v2\/posts\/49614\/revisions"}],"wp:featuredmedia":[{"embeddable":true,"href":"https:\/\/informelitoral.com.ar\/%77%70%2d%6a%73%6f%6e\/wp\/v2\/media\/49615"}],"wp:attachment":[{"href":"https:\/\/informelitoral.com.ar\/%77%70%2d%6a%73%6f%6e\/wp\/v2\/media?parent=49614"}],"wp:term":[{"taxonomy":"category","embeddable":true,"href":"https:\/\/informelitoral.com.ar\/%77%70%2d%6a%73%6f%6e\/wp\/v2\/categories?post=49614"},{"taxonomy":"post_tag","embeddable":true,"href":"https:\/\/informelitoral.com.ar\/%77%70%2d%6a%73%6f%6e\/wp\/v2\/tags?post=49614"}],"curies":[{"name":"wp","href":"https:\/\/api.w.org\/{rel}","templated":true}]}}