{"id":49378,"date":"2020-09-10T19:32:28","date_gmt":"2020-09-10T22:32:28","guid":{"rendered":"https:\/\/www.isletasnoticias.com.ar\/?p=49378"},"modified":"2020-09-10T19:56:11","modified_gmt":"2020-09-10T22:56:11","slug":"bordet-anuncio-que-el-lunes-se-podran-habilitar-nuevas-actividades-en-parana-y-gualeguaychu","status":"publish","type":"post","link":"https:\/\/informelitoral.com.ar\/bordet-anuncio-que-el-lunes-se-podran-habilitar-nuevas-actividades-en-parana-y-gualeguaychu\/","title":{"rendered":"Bordet anunci\u00f3 que el lunes se podr\u00e1n habilitar nuevas actividades en Paran\u00e1 y Gualeguaych\u00fa"},"content":{"rendered":"<p>Anunci\u00f3 que se eval\u00faa restablecer algunas, como bares y restaurantes, y gimnasios, entre otras; \u00abque son sectores muy castigados por la pandemia\u201d.<\/p>\n<p>En ese marco, Bordet sostuvo que se tomar\u00e1n \u201cmedidas que tiendan a restituir la actividad econ\u00f3mica, que nos preocupa\u201d, y mencion\u00f3 \u201cla gastronom\u00eda, es decir, restaurantes y bares, y tambi\u00e9n los gimnasios\u201d.<\/p>\n<p>En ese contexto, ratific\u00f3 que \u201cvamos a estar como lo hemos hecho siempre, con pol\u00edticas p\u00fablicas al lado de nuestros productores, de nuestros trabajadores, de los sectores y operadores de turismo y tambi\u00e9n al lado de cada vecino, en cada ciudad, para poder generar un r\u00e1pido restablecimiento de toda la actividad que se ha perdido\u201d.<\/p>\n<p>\u00abLa decisi\u00f3n se tomar\u00e1 pasados estos 15 d\u00edas, que es el tiempo que nos hab\u00edamos tomado junto al equipo de salud consensuado con los intendentes\u201d, indic\u00f3 en una entrevista a un canal del Rosario del Tala.<\/p>\n<p>\u201cComo gobernantes debemos tomar decisiones, y las que se han tomado junto al gobierno nacional y los municipios, no fueron caprichosas porque necesit\u00e1bamos reducir la circulaci\u00f3n del virus pensando en la vida, en la salud y en darle un respiro al sistema sanitario\u201d, expres\u00f3 el gobernador.<\/p>\n<p>\u201cVamos a estar trabajando coordinadamente junto al sector privado como lo hemos hecho en todo este tiempo\u201d, remarc\u00f3. Bordet asegur\u00f3 que los gobiernos nacional, provincial y municipales, acompa\u00f1ar\u00e1n la recuperaci\u00f3n de las actividades de la provincia que fueron m\u00e1s golpeadas, como la tur\u00edstica, hotelera y gastron\u00f3mica, y hoy lo hacen desde la emergencia.<\/p>\n<p>Y remarc\u00f3: \u201cEste es un compromiso que tenemos que asumirlo fuertemente porque de ello depende tambi\u00e9n el desarrollo de la provincia y la supervivencia de muchas familias\u201d.<\/p>\n<p>Dijo adem\u00e1s que la econom\u00eda en la provincia de Entre R\u00edos hoy est\u00e1 funcionando, con excepci\u00f3n de algunos rubros. \u201cLas econom\u00edas regionales est\u00e1n funcionando muy bien. Entre R\u00edos es una provincia que produce alimentos y eso no se ha detenido durante la pandemia\u201d, afirm\u00f3 el gobernador.<\/p>\n<p>En ese sentido, Bordet adelant\u00f3 que el domingo vence el plazo del decreto provincial que habilit\u00f3 algunas actividades en el marco de las facultades dadas por el Decreto de Necesidad y Urgencia N\u00ba 714, del presidente, que estableci\u00f3 la vuelta a fase tres para Paran\u00e1, San Benito, Oro Verde, Colonia Avellaneda y la ciudad de Gualeguaych\u00fa hasta el 20 de septiembre.<\/p>\n<p>El mandatario record\u00f3 que la vuelta a fase tres en esas ciudades se tom\u00f3 \u201cen coordinaci\u00f3n con los intendentes y por un pedido del Ministerio de Salud\u201d.<\/p>\n<p>Entonces, \u201cvolvimos de fase cerrando algunas actividades para disminuir la circulaci\u00f3n de personas y descomprimir el sistema UTI, que es la terapia intensiva del sistema de salud, tanto en Paran\u00e1 como en Gualeguaych\u00fa, para evitar alg\u00fan tipo de colapso\u201d.<\/p>\n<p>\u201cEn una situaci\u00f3n como esta hay que reducir la circulaci\u00f3n de personas\u201d, dijo e insisti\u00f3 en que, adem\u00e1s, \u201csiempre apelamos a la responsabilidad individual de cada ciudadano para generar los cuidados necesarios para evitar que el virus se propague\u201d.<\/p>\n<p>Sin embargo, \u201cno solo preocupa lo que es hoy la pandemia sino c\u00f3mo vamos a superar esta etapa y seguir adelante con medidas de est\u00edmulo a los sectores m\u00e1s damnificados, y en especial pol\u00edticas que generen un circuito de mayor actividad econ\u00f3mica\u201d, explic\u00f3 el mandatario provincial. \u201cA esto lo venimos coordinando con el gobierno nacional y con los gobiernos municipales\u201d, indic\u00f3.<\/p>\n<p>\u201cHay que decir que en Entre R\u00edos las actividades siempre han sido normales en un 90 por ciento. El sector exportador, por ejemplo, ha crecido a pesar de la pandemia en un 17 por ciento, porque Entre R\u00edos es una provincia que produce alimentos, tenemos muchas cadenas de valor\u201d, describi\u00f3 Bordet.<\/p>\n<p>\u201cEstos son elementos esenciales que no han sido interrumpidos durante este tiempo y se ha podido desarrollar en la actividad econ\u00f3mica y en el empleo con niveles sostenidos\u201d, continu\u00f3.<\/p>\n<p>En esa l\u00ednea, Bordet subray\u00f3 que \u201cel futuro nos implica grandes desaf\u00edos\u201d. \u201cEl mundo, despu\u00e9s de la pandemia, va a demandar alimentos y Entre R\u00edos los produce. Tenemos una buena oportunidad para el mercado interno y tambi\u00e9n para exportaciones\u201d, ejemplific\u00f3.<\/p>\n<p>Por otro lado, el gobernador se refiri\u00f3 al turismo y explic\u00f3 que \u201cse va a demorar mucho para que poder ir a destinos lejanos, entonces el turismo va a ser de destinos cercanos. Entre R\u00edos los tiene, porque estamos cerca con los grandes centros urbanos como Buenos Aires, Rosario o C\u00f3rdoba, y tenemos que hacer que operen con nuestras plazas tur\u00edsticas\u201d.<\/p>\n<p>\u201cPara esto habr\u00e1 cr\u00e9ditos a tasa cero que ya hemos gestionado y se han aprobado con el Consejo Federal de Inversiones (CFI); y tambi\u00e9n vamos a estar trabajando con una campa\u00f1a de publicidad para cuando se restablezca el turismo se puedan venir de manera segura a la provincia de Entre R\u00edos\u201d, adelant\u00f3 el mandatario.<\/p>\n<p>Adem\u00e1s, resalt\u00f3 que en Entre R\u00edos \u201cno hemos frenado la obra p\u00fablica, que es un dinamizador de la econom\u00eda, que genera trabajo\u201d, y volvi\u00f3 a recordar que \u201cestamos todav\u00eda en una etapa donde tenemos que convivir con la nueva normalidad que nos impone el virus y a esto tenemos que hacerlo d\u00eda a d\u00eda y todos los d\u00edas\u201d. \u201cVenimos trabajando con mucha responsabilidad\u201d, expres\u00f3.<\/p>\n<p>Por \u00faltimo, Bordet agradeci\u00f3 \u201ca los entrerrianos, por la preocupaci\u00f3n constante, los mensajes de aliento y deseos de recuperaci\u00f3n que he tenido de tanta gente\u201d. \u201cEso es lo que a m\u00ed me da fuerza y energ\u00eda para poder seguir adelante con una gesti\u00f3n de gobierno que lo hago con mucha pasi\u00f3n y compromiso\u201d, concluy\u00f3.<\/p>\n","protected":false},"excerpt":{"rendered":"<p>Anunci&oacute; que se eval&uacute;a restablecer algunas, como bares y restaurantes, y gimnasios, entre otras; &laquo;que son sectores muy castigados por la pandemia&rdquo;. En ese marco, Bordet sostuvo que se tomar&aacute;n &ldquo;medidas que tiendan a restituir la actividad econ&oacute;mica, que nos preocupa&rdquo;, y mencion&oacute; &ldquo;la gastronom&iacute;a, es decir, restaurantes y bares, y tambi&eacute;n los gimnasios&rdquo;. En [&hellip;]<\/p>\n","protected":false},"author":8,"featured_media":43544,"comment_status":"open","ping_status":"open","sticky":false,"template":"","format":"standard","meta":{"fifu_image_url":"","fifu_image_alt":"","footnotes":""},"categories":[16],"tags":[1687,44,81,739,1576,138,45,1736,1753],"class_list":{"0":"post-49378","1":"post","2":"type-post","3":"status-publish","4":"format-standard","5":"has-post-thumbnail","7":"category-politi","8":"tag-bares","9":"tag-economia","10":"tag-entre-rios","11":"tag-gastronomia","12":"tag-gimnasios","13":"tag-gualeguaychu","14":"tag-parana","15":"tag-restaurantes","16":"tag-situacion-economica"},"yoast_head":"<title>Bordet anunci\u00f3 que el lunes se podr\u00e1n habilitar nuevas actividades en Paran\u00e1 y Gualeguaych\u00fa - Informe Litoral<\/title>\n<meta name=\"robots\" content=\"index, follow, max-snippet:-1, max-image-preview:large, max-video-preview:-1\" \/>\n<link rel=\"canonical\" href=\"https:\/\/informelitoral.com.ar\/bordet-anuncio-que-el-lunes-se-podran-habilitar-nuevas-actividades-en-parana-y-gualeguaychu\/\" \/>\n<meta property=\"og:locale\" content=\"es_ES\" \/>\n<meta property=\"og:type\" content=\"article\" \/>\n<meta property=\"og:title\" content=\"Bordet anunci\u00f3 que el lunes se podr\u00e1n habilitar nuevas actividades en Paran\u00e1 y Gualeguaych\u00fa - Informe Litoral\" \/>\n<meta property=\"og:description\" content=\"Anunci&oacute; que se eval&uacute;a restablecer algunas, como bares y restaurantes, y gimnasios, entre otras; &laquo;que son sectores muy castigados por la pandemia&rdquo;. En ese marco, Bordet sostuvo que se tomar&aacute;n &ldquo;medidas que tiendan a restituir la actividad econ&oacute;mica, que nos preocupa&rdquo;, y mencion&oacute; &ldquo;la gastronom&iacute;a, es decir, restaurantes y bares, y tambi&eacute;n los gimnasios&rdquo;. En [&hellip;]\" \/>\n<meta property=\"og:url\" content=\"https:\/\/informelitoral.com.ar\/bordet-anuncio-que-el-lunes-se-podran-habilitar-nuevas-actividades-en-parana-y-gualeguaychu\/\" \/>\n<meta property=\"og:site_name\" content=\"Informe Litoral\" \/>\n<meta property=\"article:publisher\" content=\"https:\/\/www.facebook.com\/informelitoral\/\" \/>\n<meta property=\"article:published_time\" content=\"2020-09-10T22:32:28+00:00\" \/>\n<meta property=\"article:modified_time\" content=\"2020-09-10T22:56:11+00:00\" \/>\n<meta property=\"og:image\" content=\"https:\/\/informelitoral.com.ar\/%77%70%2d%63%6f%6e%74%65%6e%74\/uploads\/2020\/05\/bares-restaurantes.jpg\" \/>\n\t<meta property=\"og:image:width\" content=\"880\" \/>\n\t<meta property=\"og:image:height\" content=\"493\" \/>\n\t<meta property=\"og:image:type\" content=\"image\/jpeg\" \/>\n<meta name=\"author\" content=\"Sebastian\" \/>\n<meta name=\"twitter:card\" content=\"summary_large_image\" \/>\n<meta name=\"twitter:creator\" content=\"@InformeLitoral\" \/>\n<meta name=\"twitter:site\" content=\"@InformeLitoral\" \/>\n<meta name=\"twitter:label1\" content=\"Escrito por\" \/>\n\t<meta name=\"twitter:data1\" content=\"Sebastian\" \/>\n\t<meta name=\"twitter:label2\" content=\"Tiempo de lectura\" \/>\n\t<meta name=\"twitter:data2\" content=\"5 minutos\" \/>\n<script type=\"application\/ld+json\" class=\"yoast-schema-graph\">{\"@context\":\"https:\\\/\\\/schema.org\",\"@graph\":[{\"@type\":\"Article\",\"@id\":\"https:\\\/\\\/informelitoral.com.ar\\\/bordet-anuncio-que-el-lunes-se-podran-habilitar-nuevas-actividades-en-parana-y-gualeguaychu\\\/#article\",\"isPartOf\":{\"@id\":\"https:\\\/\\\/informelitoral.com.ar\\\/bordet-anuncio-que-el-lunes-se-podran-habilitar-nuevas-actividades-en-parana-y-gualeguaychu\\\/\"},\"author\":{\"name\":\"Sebastian\",\"@id\":\"https:\\\/\\\/informelitoral.com.ar\\\/#\\\/schema\\\/person\\\/f05f9f461677119578717524b127d6d5\"},\"headline\":\"Bordet anunci\u00f3 que el lunes se podr\u00e1n habilitar nuevas actividades en Paran\u00e1 y Gualeguaych\u00fa\",\"datePublished\":\"2020-09-10T22:32:28+00:00\",\"dateModified\":\"2020-09-10T22:56:11+00:00\",\"mainEntityOfPage\":{\"@id\":\"https:\\\/\\\/informelitoral.com.ar\\\/bordet-anuncio-que-el-lunes-se-podran-habilitar-nuevas-actividades-en-parana-y-gualeguaychu\\\/\"},\"wordCount\":974,\"commentCount\":0,\"publisher\":{\"@id\":\"https:\\\/\\\/informelitoral.com.ar\\\/#organization\"},\"image\":{\"@id\":\"https:\\\/\\\/informelitoral.com.ar\\\/bordet-anuncio-que-el-lunes-se-podran-habilitar-nuevas-actividades-en-parana-y-gualeguaychu\\\/#primaryimage\"},\"thumbnailUrl\":\"https:\\\/\\\/informelitoral.com.ar\\\/%77%70%2d%63%6f%6e%74%65%6e%74\\\/uploads\\\/2020\\\/05\\\/bares-restaurantes.jpg\",\"keywords\":[\"Bares\",\"Econom\u00eda\",\"Entre R\u00edos\",\"Gastronom\u00eda\",\"Gimnasios\",\"Gualeguaych\u00fa\",\"Paran\u00e1\",\"Restaurantes\",\"Situaci\u00f3n Economica\"],\"articleSection\":[\"Politica\"],\"inLanguage\":\"es\",\"potentialAction\":[{\"@type\":\"CommentAction\",\"name\":\"Comment\",\"target\":[\"https:\\\/\\\/informelitoral.com.ar\\\/bordet-anuncio-que-el-lunes-se-podran-habilitar-nuevas-actividades-en-parana-y-gualeguaychu\\\/#respond\"]}]},{\"@type\":\"WebPage\",\"@id\":\"https:\\\/\\\/informelitoral.com.ar\\\/bordet-anuncio-que-el-lunes-se-podran-habilitar-nuevas-actividades-en-parana-y-gualeguaychu\\\/\",\"url\":\"https:\\\/\\\/informelitoral.com.ar\\\/bordet-anuncio-que-el-lunes-se-podran-habilitar-nuevas-actividades-en-parana-y-gualeguaychu\\\/\",\"name\":\"Bordet anunci\u00f3 que el lunes se podr\u00e1n habilitar nuevas actividades en Paran\u00e1 y Gualeguaych\u00fa - Informe Litoral\",\"isPartOf\":{\"@id\":\"https:\\\/\\\/informelitoral.com.ar\\\/#website\"},\"primaryImageOfPage\":{\"@id\":\"https:\\\/\\\/informelitoral.com.ar\\\/bordet-anuncio-que-el-lunes-se-podran-habilitar-nuevas-actividades-en-parana-y-gualeguaychu\\\/#primaryimage\"},\"image\":{\"@id\":\"https:\\\/\\\/informelitoral.com.ar\\\/bordet-anuncio-que-el-lunes-se-podran-habilitar-nuevas-actividades-en-parana-y-gualeguaychu\\\/#primaryimage\"},\"thumbnailUrl\":\"https:\\\/\\\/informelitoral.com.ar\\\/%77%70%2d%63%6f%6e%74%65%6e%74\\\/uploads\\\/2020\\\/05\\\/bares-restaurantes.jpg\",\"datePublished\":\"2020-09-10T22:32:28+00:00\",\"dateModified\":\"2020-09-10T22:56:11+00:00\",\"breadcrumb\":{\"@id\":\"https:\\\/\\\/informelitoral.com.ar\\\/bordet-anuncio-que-el-lunes-se-podran-habilitar-nuevas-actividades-en-parana-y-gualeguaychu\\\/#breadcrumb\"},\"inLanguage\":\"es\",\"potentialAction\":[{\"@type\":\"ReadAction\",\"target\":[\"https:\\\/\\\/informelitoral.com.ar\\\/bordet-anuncio-que-el-lunes-se-podran-habilitar-nuevas-actividades-en-parana-y-gualeguaychu\\\/\"]}]},{\"@type\":\"ImageObject\",\"inLanguage\":\"es\",\"@id\":\"https:\\\/\\\/informelitoral.com.ar\\\/bordet-anuncio-que-el-lunes-se-podran-habilitar-nuevas-actividades-en-parana-y-gualeguaychu\\\/#primaryimage\",\"url\":\"https:\\\/\\\/informelitoral.com.ar\\\/%77%70%2d%63%6f%6e%74%65%6e%74\\\/uploads\\\/2020\\\/05\\\/bares-restaurantes.jpg\",\"contentUrl\":\"https:\\\/\\\/informelitoral.com.ar\\\/%77%70%2d%63%6f%6e%74%65%6e%74\\\/uploads\\\/2020\\\/05\\\/bares-restaurantes.jpg\",\"width\":880,\"height\":493},{\"@type\":\"BreadcrumbList\",\"@id\":\"https:\\\/\\\/informelitoral.com.ar\\\/bordet-anuncio-que-el-lunes-se-podran-habilitar-nuevas-actividades-en-parana-y-gualeguaychu\\\/#breadcrumb\",\"itemListElement\":[{\"@type\":\"ListItem\",\"position\":1,\"name\":\"Portada\",\"item\":\"https:\\\/\\\/informelitoral.com.ar\\\/\"},{\"@type\":\"ListItem\",\"position\":2,\"name\":\"Bordet anunci\u00f3 que el lunes se podr\u00e1n habilitar nuevas actividades en Paran\u00e1 y Gualeguaych\u00fa\"}]},{\"@type\":\"WebSite\",\"@id\":\"https:\\\/\\\/informelitoral.com.ar\\\/#website\",\"url\":\"https:\\\/\\\/informelitoral.com.ar\\\/\",\"name\":\"Informe Litoral\",\"description\":\"&quot;Nos informamos&quot; \",\"publisher\":{\"@id\":\"https:\\\/\\\/informelitoral.com.ar\\\/#organization\"},\"potentialAction\":[{\"@type\":\"SearchAction\",\"target\":{\"@type\":\"EntryPoint\",\"urlTemplate\":\"https:\\\/\\\/informelitoral.com.ar\\\/?s={search_term_string}\"},\"query-input\":{\"@type\":\"PropertyValueSpecification\",\"valueRequired\":true,\"valueName\":\"search_term_string\"}}],\"inLanguage\":\"es\"},{\"@type\":\"Organization\",\"@id\":\"https:\\\/\\\/informelitoral.com.ar\\\/#organization\",\"name\":\"Informe Litoral\",\"url\":\"https:\\\/\\\/informelitoral.com.ar\\\/\",\"logo\":{\"@type\":\"ImageObject\",\"inLanguage\":\"es\",\"@id\":\"https:\\\/\\\/informelitoral.com.ar\\\/#\\\/schema\\\/logo\\\/image\\\/\",\"url\":\"https:\\\/\\\/informelitoral.com.ar\\\/%77%70%2d%63%6f%6e%74%65%6e%74\\\/uploads\\\/2021\\\/01\\\/circulo.png\",\"contentUrl\":\"https:\\\/\\\/informelitoral.com.ar\\\/%77%70%2d%63%6f%6e%74%65%6e%74\\\/uploads\\\/2021\\\/01\\\/circulo.png\",\"width\":723,\"height\":731,\"caption\":\"Informe Litoral\"},\"image\":{\"@id\":\"https:\\\/\\\/informelitoral.com.ar\\\/#\\\/schema\\\/logo\\\/image\\\/\"},\"sameAs\":[\"https:\\\/\\\/www.facebook.com\\\/informelitoral\\\/\",\"https:\\\/\\\/x.com\\\/InformeLitoral\",\"https:\\\/\\\/www.instagram.com\\\/informelitoral\\\/\",\"https:\\\/\\\/www.youtube.com\\\/channel\\\/UCua4Qvz8Icb6MYqhoq9xLXw\"]},{\"@type\":\"Person\",\"@id\":\"https:\\\/\\\/informelitoral.com.ar\\\/#\\\/schema\\\/person\\\/f05f9f461677119578717524b127d6d5\",\"name\":\"Sebastian\",\"image\":{\"@type\":\"ImageObject\",\"inLanguage\":\"es\",\"@id\":\"https:\\\/\\\/secure.gravatar.com\\\/avatar\\\/b71bf7481d447dfb9583c7f2798e7cc64de6efb9067b74633ed8c31059a3bd82?s=96&d=mm&r=g\",\"url\":\"https:\\\/\\\/secure.gravatar.com\\\/avatar\\\/b71bf7481d447dfb9583c7f2798e7cc64de6efb9067b74633ed8c31059a3bd82?s=96&d=mm&r=g\",\"contentUrl\":\"https:\\\/\\\/secure.gravatar.com\\\/avatar\\\/b71bf7481d447dfb9583c7f2798e7cc64de6efb9067b74633ed8c31059a3bd82?s=96&d=mm&r=g\",\"caption\":\"Sebastian\"},\"url\":\"https:\\\/\\\/informelitoral.com.ar\\\/author\\\/sebastian\\\/\"}]}<\/script>","yoast_head_json":{"title":"Bordet anunci\u00f3 que el lunes se podr\u00e1n habilitar nuevas actividades en Paran\u00e1 y Gualeguaych\u00fa - Informe Litoral","robots":{"index":"index","follow":"follow","max-snippet":"max-snippet:-1","max-image-preview":"max-image-preview:large","max-video-preview":"max-video-preview:-1"},"canonical":"https:\/\/informelitoral.com.ar\/bordet-anuncio-que-el-lunes-se-podran-habilitar-nuevas-actividades-en-parana-y-gualeguaychu\/","og_locale":"es_ES","og_type":"article","og_title":"Bordet anunci\u00f3 que el lunes se podr\u00e1n habilitar nuevas actividades en Paran\u00e1 y Gualeguaych\u00fa - Informe Litoral","og_description":"Anunci&oacute; que se eval&uacute;a restablecer algunas, como bares y restaurantes, y gimnasios, entre otras; &laquo;que son sectores muy castigados por la pandemia&rdquo;. En ese marco, Bordet sostuvo que se tomar&aacute;n &ldquo;medidas que tiendan a restituir la actividad econ&oacute;mica, que nos preocupa&rdquo;, y mencion&oacute; &ldquo;la gastronom&iacute;a, es decir, restaurantes y bares, y tambi&eacute;n los gimnasios&rdquo;. En [&hellip;]","og_url":"https:\/\/informelitoral.com.ar\/bordet-anuncio-que-el-lunes-se-podran-habilitar-nuevas-actividades-en-parana-y-gualeguaychu\/","og_site_name":"Informe Litoral","article_publisher":"https:\/\/www.facebook.com\/informelitoral\/","article_published_time":"2020-09-10T22:32:28+00:00","article_modified_time":"2020-09-10T22:56:11+00:00","og_image":[{"width":880,"height":493,"url":"https:\/\/informelitoral.com.ar\/%77%70%2d%63%6f%6e%74%65%6e%74\/uploads\/2020\/05\/bares-restaurantes.jpg","type":"image\/jpeg"}],"author":"Sebastian","twitter_card":"summary_large_image","twitter_creator":"@InformeLitoral","twitter_site":"@InformeLitoral","twitter_misc":{"Escrito por":"Sebastian","Tiempo de lectura":"5 minutos"},"schema":{"@context":"https:\/\/schema.org","@graph":[{"@type":"Article","@id":"https:\/\/informelitoral.com.ar\/bordet-anuncio-que-el-lunes-se-podran-habilitar-nuevas-actividades-en-parana-y-gualeguaychu\/#article","isPartOf":{"@id":"https:\/\/informelitoral.com.ar\/bordet-anuncio-que-el-lunes-se-podran-habilitar-nuevas-actividades-en-parana-y-gualeguaychu\/"},"author":{"name":"Sebastian","@id":"https:\/\/informelitoral.com.ar\/#\/schema\/person\/f05f9f461677119578717524b127d6d5"},"headline":"Bordet anunci\u00f3 que el lunes se podr\u00e1n habilitar nuevas actividades en Paran\u00e1 y Gualeguaych\u00fa","datePublished":"2020-09-10T22:32:28+00:00","dateModified":"2020-09-10T22:56:11+00:00","mainEntityOfPage":{"@id":"https:\/\/informelitoral.com.ar\/bordet-anuncio-que-el-lunes-se-podran-habilitar-nuevas-actividades-en-parana-y-gualeguaychu\/"},"wordCount":974,"commentCount":0,"publisher":{"@id":"https:\/\/informelitoral.com.ar\/#organization"},"image":{"@id":"https:\/\/informelitoral.com.ar\/bordet-anuncio-que-el-lunes-se-podran-habilitar-nuevas-actividades-en-parana-y-gualeguaychu\/#primaryimage"},"thumbnailUrl":"https:\/\/informelitoral.com.ar\/%77%70%2d%63%6f%6e%74%65%6e%74\/uploads\/2020\/05\/bares-restaurantes.jpg","keywords":["Bares","Econom\u00eda","Entre R\u00edos","Gastronom\u00eda","Gimnasios","Gualeguaych\u00fa","Paran\u00e1","Restaurantes","Situaci\u00f3n Economica"],"articleSection":["Politica"],"inLanguage":"es","potentialAction":[{"@type":"CommentAction","name":"Comment","target":["https:\/\/informelitoral.com.ar\/bordet-anuncio-que-el-lunes-se-podran-habilitar-nuevas-actividades-en-parana-y-gualeguaychu\/#respond"]}]},{"@type":"WebPage","@id":"https:\/\/informelitoral.com.ar\/bordet-anuncio-que-el-lunes-se-podran-habilitar-nuevas-actividades-en-parana-y-gualeguaychu\/","url":"https:\/\/informelitoral.com.ar\/bordet-anuncio-que-el-lunes-se-podran-habilitar-nuevas-actividades-en-parana-y-gualeguaychu\/","name":"Bordet anunci\u00f3 que el lunes se podr\u00e1n habilitar nuevas actividades en Paran\u00e1 y Gualeguaych\u00fa - Informe Litoral","isPartOf":{"@id":"https:\/\/informelitoral.com.ar\/#website"},"primaryImageOfPage":{"@id":"https:\/\/informelitoral.com.ar\/bordet-anuncio-que-el-lunes-se-podran-habilitar-nuevas-actividades-en-parana-y-gualeguaychu\/#primaryimage"},"image":{"@id":"https:\/\/informelitoral.com.ar\/bordet-anuncio-que-el-lunes-se-podran-habilitar-nuevas-actividades-en-parana-y-gualeguaychu\/#primaryimage"},"thumbnailUrl":"https:\/\/informelitoral.com.ar\/%77%70%2d%63%6f%6e%74%65%6e%74\/uploads\/2020\/05\/bares-restaurantes.jpg","datePublished":"2020-09-10T22:32:28+00:00","dateModified":"2020-09-10T22:56:11+00:00","breadcrumb":{"@id":"https:\/\/informelitoral.com.ar\/bordet-anuncio-que-el-lunes-se-podran-habilitar-nuevas-actividades-en-parana-y-gualeguaychu\/#breadcrumb"},"inLanguage":"es","potentialAction":[{"@type":"ReadAction","target":["https:\/\/informelitoral.com.ar\/bordet-anuncio-que-el-lunes-se-podran-habilitar-nuevas-actividades-en-parana-y-gualeguaychu\/"]}]},{"@type":"ImageObject","inLanguage":"es","@id":"https:\/\/informelitoral.com.ar\/bordet-anuncio-que-el-lunes-se-podran-habilitar-nuevas-actividades-en-parana-y-gualeguaychu\/#primaryimage","url":"https:\/\/informelitoral.com.ar\/%77%70%2d%63%6f%6e%74%65%6e%74\/uploads\/2020\/05\/bares-restaurantes.jpg","contentUrl":"https:\/\/informelitoral.com.ar\/%77%70%2d%63%6f%6e%74%65%6e%74\/uploads\/2020\/05\/bares-restaurantes.jpg","width":880,"height":493},{"@type":"BreadcrumbList","@id":"https:\/\/informelitoral.com.ar\/bordet-anuncio-que-el-lunes-se-podran-habilitar-nuevas-actividades-en-parana-y-gualeguaychu\/#breadcrumb","itemListElement":[{"@type":"ListItem","position":1,"name":"Portada","item":"https:\/\/informelitoral.com.ar\/"},{"@type":"ListItem","position":2,"name":"Bordet anunci\u00f3 que el lunes se podr\u00e1n habilitar nuevas actividades en Paran\u00e1 y Gualeguaych\u00fa"}]},{"@type":"WebSite","@id":"https:\/\/informelitoral.com.ar\/#website","url":"https:\/\/informelitoral.com.ar\/","name":"Informe Litoral","description":"&quot;Nos informamos&quot; ","publisher":{"@id":"https:\/\/informelitoral.com.ar\/#organization"},"potentialAction":[{"@type":"SearchAction","target":{"@type":"EntryPoint","urlTemplate":"https:\/\/informelitoral.com.ar\/?s={search_term_string}"},"query-input":{"@type":"PropertyValueSpecification","valueRequired":true,"valueName":"search_term_string"}}],"inLanguage":"es"},{"@type":"Organization","@id":"https:\/\/informelitoral.com.ar\/#organization","name":"Informe Litoral","url":"https:\/\/informelitoral.com.ar\/","logo":{"@type":"ImageObject","inLanguage":"es","@id":"https:\/\/informelitoral.com.ar\/#\/schema\/logo\/image\/","url":"https:\/\/informelitoral.com.ar\/%77%70%2d%63%6f%6e%74%65%6e%74\/uploads\/2021\/01\/circulo.png","contentUrl":"https:\/\/informelitoral.com.ar\/%77%70%2d%63%6f%6e%74%65%6e%74\/uploads\/2021\/01\/circulo.png","width":723,"height":731,"caption":"Informe Litoral"},"image":{"@id":"https:\/\/informelitoral.com.ar\/#\/schema\/logo\/image\/"},"sameAs":["https:\/\/www.facebook.com\/informelitoral\/","https:\/\/x.com\/InformeLitoral","https:\/\/www.instagram.com\/informelitoral\/","https:\/\/www.youtube.com\/channel\/UCua4Qvz8Icb6MYqhoq9xLXw"]},{"@type":"Person","@id":"https:\/\/informelitoral.com.ar\/#\/schema\/person\/f05f9f461677119578717524b127d6d5","name":"Sebastian","image":{"@type":"ImageObject","inLanguage":"es","@id":"https:\/\/secure.gravatar.com\/avatar\/b71bf7481d447dfb9583c7f2798e7cc64de6efb9067b74633ed8c31059a3bd82?s=96&d=mm&r=g","url":"https:\/\/secure.gravatar.com\/avatar\/b71bf7481d447dfb9583c7f2798e7cc64de6efb9067b74633ed8c31059a3bd82?s=96&d=mm&r=g","contentUrl":"https:\/\/secure.gravatar.com\/avatar\/b71bf7481d447dfb9583c7f2798e7cc64de6efb9067b74633ed8c31059a3bd82?s=96&d=mm&r=g","caption":"Sebastian"},"url":"https:\/\/informelitoral.com.ar\/author\/sebastian\/"}]}},"_links":{"self":[{"href":"https:\/\/informelitoral.com.ar\/%77%70%2d%6a%73%6f%6e\/wp\/v2\/posts\/49378","targetHints":{"allow":["GET"]}}],"collection":[{"href":"https:\/\/informelitoral.com.ar\/%77%70%2d%6a%73%6f%6e\/wp\/v2\/posts"}],"about":[{"href":"https:\/\/informelitoral.com.ar\/%77%70%2d%6a%73%6f%6e\/wp\/v2\/types\/post"}],"author":[{"embeddable":true,"href":"https:\/\/informelitoral.com.ar\/%77%70%2d%6a%73%6f%6e\/wp\/v2\/users\/8"}],"replies":[{"embeddable":true,"href":"https:\/\/informelitoral.com.ar\/%77%70%2d%6a%73%6f%6e\/wp\/v2\/comments?post=49378"}],"version-history":[{"count":0,"href":"https:\/\/informelitoral.com.ar\/%77%70%2d%6a%73%6f%6e\/wp\/v2\/posts\/49378\/revisions"}],"wp:featuredmedia":[{"embeddable":true,"href":"https:\/\/informelitoral.com.ar\/%77%70%2d%6a%73%6f%6e\/wp\/v2\/media\/43544"}],"wp:attachment":[{"href":"https:\/\/informelitoral.com.ar\/%77%70%2d%6a%73%6f%6e\/wp\/v2\/media?parent=49378"}],"wp:term":[{"taxonomy":"category","embeddable":true,"href":"https:\/\/informelitoral.com.ar\/%77%70%2d%6a%73%6f%6e\/wp\/v2\/categories?post=49378"},{"taxonomy":"post_tag","embeddable":true,"href":"https:\/\/informelitoral.com.ar\/%77%70%2d%6a%73%6f%6e\/wp\/v2\/tags?post=49378"}],"curies":[{"name":"wp","href":"https:\/\/api.w.org\/{rel}","templated":true}]}}