{"id":49370,"date":"2020-09-10T19:04:58","date_gmt":"2020-09-10T22:04:58","guid":{"rendered":"https:\/\/www.isletasnoticias.com.ar\/?p=49370"},"modified":"2020-09-10T19:41:04","modified_gmt":"2020-09-10T22:41:04","slug":"afip-la-moratoria-impositiva-ampliada-sera-reglamentada-la-semana-proxima","status":"publish","type":"post","link":"https:\/\/informelitoral.com.ar\/afip-la-moratoria-impositiva-ampliada-sera-reglamentada-la-semana-proxima\/","title":{"rendered":"AFIP: la moratoria impositiva ampliada ser\u00e1 reglamentada la semana pr\u00f3xima"},"content":{"rendered":"<p>La titular de la Administraci\u00f3n Federal de Ingresos P\u00fablicos (AFIP), Mercedes Marc\u00f3 del Pont, adelant\u00f3 que la moratoria impositiva ampliada, aprobada por el Congreso a mediados de agosto pasado, ser\u00e1 reglamentada la semana pr\u00f3xima y ratific\u00f3 que el plazo de adhesi\u00f3n finalizar\u00e1 el 31 de octubre.<\/p>\n<p>\u00abEl objetivo de la ampliaci\u00f3n de la moratoria no es recaudatorio sino aliviar la mochila que cargan los contribuyentes con la AFIP\u00bb, dijo la titular de la AFIP en una entrevista con la red de emisoras de\u00a0<em>Radio Nacional<\/em>.<\/p>\n<p>\u00abEs una herramienta m\u00e1s del Estado para amortiguar da\u00f1o, sostener los puestos de trabajo y encarar el proceso de recuperaci\u00f3n despu\u00e9s de la crisis a la que condujo el Gobierno anterior y que profundiz\u00f3 la pandemia. Queremos que los contribuyentes est\u00e9n en condiciones de volver a funcionar\u00bb, agreg\u00f3.<\/p>\n<p>La funcionaria se\u00f1al\u00f3 que la nueva moratoria \u00abampl\u00eda el universo de beneficiarios para incluir a grandes empresas pero tambi\u00e9n a todos los contribuyentes que hab\u00edan quedado afuera\u00bb.<\/p>\n<p>Marc\u00f3 del Pont record\u00f3 que la iniciativa forma parte de una bater\u00eda de medidas lanzadas por el Gobierno nacional como el ATP, el IFE, las l\u00edneas de cr\u00e9dito a la producci\u00f3n y la Tarjeta Alimentar \u00abque buscan amortiguar el impacto de la pandemia\u00bb<\/p>\n<p>\u00abTodos estos programas forman parte de las pol\u00edticas p\u00fablicas para acompa\u00f1ar la producci\u00f3n y trabajo\u00bb, sostuvo.<\/p>\n<p>La funcionaria destac\u00f3 que m\u00e1s del 99% de la asistencia para el pago de salarios brindada por el ATP fue destinada a pymes.<\/p>\n<p>\u00abLa reconstrucci\u00f3n de las capacidades del Estado argentino entre 2003 y 2015 fue lo que nos permiti\u00f3 avanzar con las pol\u00edticas p\u00fablicas necesarias para amortiguar el da\u00f1o. La recuperaci\u00f3n de soberan\u00eda es lo que permite a nuestro Gobierno llevar adelante pol\u00edticas aut\u00f3nomas\u00bb, indic\u00f3 Marc\u00f3 del Pont.<\/p>\n<p>En ese sentido, la funcionaria destac\u00f3 la importancia de \u00abreconstruir las capacidades de la AFIP para fiscalizar, ampliar la base imponible y desarrollar una pol\u00edtica tributaria progresiva\u00bb.<\/p>\n<p>\u00abEl arreglo de la deuda con los acreedores privados tiene una importancia enorme. Se logr\u00f3 con tiempo y convicci\u00f3n gracias a un trabajo coordinado y el liderazgo impresionante del presidente Alberto Fern\u00e1ndez para sentarse frente a una deuda impagable en un contexto tan complicado\u00bb, se\u00f1al\u00f3 Marc\u00f3 del Pont, quien remarc\u00f3 que el acuerdo \u00abno cedi\u00f3 soberan\u00eda y garantiza sustentabilidad\u00bb.<\/p>\n","protected":false},"excerpt":{"rendered":"<p>La titular de la Administraci&oacute;n Federal de Ingresos P&uacute;blicos (AFIP), Mercedes Marc&oacute; del Pont, adelant&oacute; que la moratoria impositiva ampliada, aprobada por el Congreso a mediados de agosto pasado, ser&aacute; reglamentada la semana pr&oacute;xima y ratific&oacute; que el plazo de adhesi&oacute;n finalizar&aacute; el 31 de octubre. &laquo;El objetivo de la ampliaci&oacute;n de la moratoria no [&hellip;]<\/p>\n","protected":false},"author":8,"featured_media":49380,"comment_status":"open","ping_status":"open","sticky":false,"template":"","format":"standard","meta":{"fifu_image_url":"","fifu_image_alt":"","footnotes":""},"categories":[9],"tags":[753,158,1694],"class_list":{"0":"post-49370","1":"post","2":"type-post","3":"status-publish","4":"format-standard","5":"has-post-thumbnail","7":"category-sociedad","8":"tag-actividad-economica","9":"tag-afip","10":"tag-nacionales"},"yoast_head":"<title>AFIP: la moratoria impositiva ampliada ser\u00e1 reglamentada la semana pr\u00f3xima - Informe Litoral<\/title>\n<meta name=\"robots\" content=\"index, follow, max-snippet:-1, max-image-preview:large, max-video-preview:-1\" \/>\n<link rel=\"canonical\" href=\"https:\/\/informelitoral.com.ar\/afip-la-moratoria-impositiva-ampliada-sera-reglamentada-la-semana-proxima\/\" \/>\n<meta property=\"og:locale\" content=\"es_ES\" \/>\n<meta property=\"og:type\" content=\"article\" \/>\n<meta property=\"og:title\" content=\"AFIP: la moratoria impositiva ampliada ser\u00e1 reglamentada la semana pr\u00f3xima - Informe Litoral\" \/>\n<meta property=\"og:description\" content=\"La titular de la Administraci&oacute;n Federal de Ingresos P&uacute;blicos (AFIP), Mercedes Marc&oacute; del Pont, adelant&oacute; que la moratoria impositiva ampliada, aprobada por el Congreso a mediados de agosto pasado, ser&aacute; reglamentada la semana pr&oacute;xima y ratific&oacute; que el plazo de adhesi&oacute;n finalizar&aacute; el 31 de octubre. &laquo;El objetivo de la ampliaci&oacute;n de la moratoria no [&hellip;]\" \/>\n<meta property=\"og:url\" content=\"https:\/\/informelitoral.com.ar\/afip-la-moratoria-impositiva-ampliada-sera-reglamentada-la-semana-proxima\/\" \/>\n<meta property=\"og:site_name\" content=\"Informe Litoral\" \/>\n<meta property=\"article:publisher\" content=\"https:\/\/www.facebook.com\/informelitoral\/\" \/>\n<meta property=\"article:published_time\" content=\"2020-09-10T22:04:58+00:00\" \/>\n<meta property=\"article:modified_time\" content=\"2020-09-10T22:41:04+00:00\" \/>\n<meta property=\"og:image\" content=\"https:\/\/informelitoral.com.ar\/%77%70%2d%63%6f%6e%74%65%6e%74\/uploads\/2020\/09\/Afip.jpg\" \/>\n\t<meta property=\"og:image:width\" content=\"1330\" \/>\n\t<meta property=\"og:image:height\" content=\"880\" \/>\n\t<meta property=\"og:image:type\" content=\"image\/jpeg\" \/>\n<meta name=\"author\" content=\"Sebastian\" \/>\n<meta name=\"twitter:card\" content=\"summary_large_image\" \/>\n<meta name=\"twitter:creator\" content=\"@InformeLitoral\" \/>\n<meta name=\"twitter:site\" content=\"@InformeLitoral\" \/>\n<meta name=\"twitter:label1\" content=\"Escrito por\" \/>\n\t<meta name=\"twitter:data1\" content=\"Sebastian\" \/>\n\t<meta name=\"twitter:label2\" content=\"Tiempo de lectura\" \/>\n\t<meta name=\"twitter:data2\" content=\"2 minutos\" \/>\n<script type=\"application\/ld+json\" class=\"yoast-schema-graph\">{\"@context\":\"https:\\\/\\\/schema.org\",\"@graph\":[{\"@type\":\"Article\",\"@id\":\"https:\\\/\\\/informelitoral.com.ar\\\/afip-la-moratoria-impositiva-ampliada-sera-reglamentada-la-semana-proxima\\\/#article\",\"isPartOf\":{\"@id\":\"https:\\\/\\\/informelitoral.com.ar\\\/afip-la-moratoria-impositiva-ampliada-sera-reglamentada-la-semana-proxima\\\/\"},\"author\":{\"name\":\"Sebastian\",\"@id\":\"https:\\\/\\\/informelitoral.com.ar\\\/#\\\/schema\\\/person\\\/f05f9f461677119578717524b127d6d5\"},\"headline\":\"AFIP: la moratoria impositiva ampliada ser\u00e1 reglamentada la semana pr\u00f3xima\",\"datePublished\":\"2020-09-10T22:04:58+00:00\",\"dateModified\":\"2020-09-10T22:41:04+00:00\",\"mainEntityOfPage\":{\"@id\":\"https:\\\/\\\/informelitoral.com.ar\\\/afip-la-moratoria-impositiva-ampliada-sera-reglamentada-la-semana-proxima\\\/\"},\"wordCount\":417,\"commentCount\":0,\"publisher\":{\"@id\":\"https:\\\/\\\/informelitoral.com.ar\\\/#organization\"},\"image\":{\"@id\":\"https:\\\/\\\/informelitoral.com.ar\\\/afip-la-moratoria-impositiva-ampliada-sera-reglamentada-la-semana-proxima\\\/#primaryimage\"},\"thumbnailUrl\":\"https:\\\/\\\/informelitoral.com.ar\\\/%77%70%2d%63%6f%6e%74%65%6e%74\\\/uploads\\\/2020\\\/09\\\/Afip.jpg\",\"keywords\":[\"Actividad econ\u00f3mica\",\"AFIP\",\"Nacionales\"],\"articleSection\":[\"Sociedad\"],\"inLanguage\":\"es\",\"potentialAction\":[{\"@type\":\"CommentAction\",\"name\":\"Comment\",\"target\":[\"https:\\\/\\\/informelitoral.com.ar\\\/afip-la-moratoria-impositiva-ampliada-sera-reglamentada-la-semana-proxima\\\/#respond\"]}]},{\"@type\":\"WebPage\",\"@id\":\"https:\\\/\\\/informelitoral.com.ar\\\/afip-la-moratoria-impositiva-ampliada-sera-reglamentada-la-semana-proxima\\\/\",\"url\":\"https:\\\/\\\/informelitoral.com.ar\\\/afip-la-moratoria-impositiva-ampliada-sera-reglamentada-la-semana-proxima\\\/\",\"name\":\"AFIP: la moratoria impositiva ampliada ser\u00e1 reglamentada la semana pr\u00f3xima - Informe Litoral\",\"isPartOf\":{\"@id\":\"https:\\\/\\\/informelitoral.com.ar\\\/#website\"},\"primaryImageOfPage\":{\"@id\":\"https:\\\/\\\/informelitoral.com.ar\\\/afip-la-moratoria-impositiva-ampliada-sera-reglamentada-la-semana-proxima\\\/#primaryimage\"},\"image\":{\"@id\":\"https:\\\/\\\/informelitoral.com.ar\\\/afip-la-moratoria-impositiva-ampliada-sera-reglamentada-la-semana-proxima\\\/#primaryimage\"},\"thumbnailUrl\":\"https:\\\/\\\/informelitoral.com.ar\\\/%77%70%2d%63%6f%6e%74%65%6e%74\\\/uploads\\\/2020\\\/09\\\/Afip.jpg\",\"datePublished\":\"2020-09-10T22:04:58+00:00\",\"dateModified\":\"2020-09-10T22:41:04+00:00\",\"breadcrumb\":{\"@id\":\"https:\\\/\\\/informelitoral.com.ar\\\/afip-la-moratoria-impositiva-ampliada-sera-reglamentada-la-semana-proxima\\\/#breadcrumb\"},\"inLanguage\":\"es\",\"potentialAction\":[{\"@type\":\"ReadAction\",\"target\":[\"https:\\\/\\\/informelitoral.com.ar\\\/afip-la-moratoria-impositiva-ampliada-sera-reglamentada-la-semana-proxima\\\/\"]}]},{\"@type\":\"ImageObject\",\"inLanguage\":\"es\",\"@id\":\"https:\\\/\\\/informelitoral.com.ar\\\/afip-la-moratoria-impositiva-ampliada-sera-reglamentada-la-semana-proxima\\\/#primaryimage\",\"url\":\"https:\\\/\\\/informelitoral.com.ar\\\/%77%70%2d%63%6f%6e%74%65%6e%74\\\/uploads\\\/2020\\\/09\\\/Afip.jpg\",\"contentUrl\":\"https:\\\/\\\/informelitoral.com.ar\\\/%77%70%2d%63%6f%6e%74%65%6e%74\\\/uploads\\\/2020\\\/09\\\/Afip.jpg\",\"width\":1330,\"height\":880},{\"@type\":\"BreadcrumbList\",\"@id\":\"https:\\\/\\\/informelitoral.com.ar\\\/afip-la-moratoria-impositiva-ampliada-sera-reglamentada-la-semana-proxima\\\/#breadcrumb\",\"itemListElement\":[{\"@type\":\"ListItem\",\"position\":1,\"name\":\"Portada\",\"item\":\"https:\\\/\\\/informelitoral.com.ar\\\/\"},{\"@type\":\"ListItem\",\"position\":2,\"name\":\"AFIP: la moratoria impositiva ampliada ser\u00e1 reglamentada la semana pr\u00f3xima\"}]},{\"@type\":\"WebSite\",\"@id\":\"https:\\\/\\\/informelitoral.com.ar\\\/#website\",\"url\":\"https:\\\/\\\/informelitoral.com.ar\\\/\",\"name\":\"Informe Litoral\",\"description\":\"&quot;Nos informamos&quot; \",\"publisher\":{\"@id\":\"https:\\\/\\\/informelitoral.com.ar\\\/#organization\"},\"potentialAction\":[{\"@type\":\"SearchAction\",\"target\":{\"@type\":\"EntryPoint\",\"urlTemplate\":\"https:\\\/\\\/informelitoral.com.ar\\\/?s={search_term_string}\"},\"query-input\":{\"@type\":\"PropertyValueSpecification\",\"valueRequired\":true,\"valueName\":\"search_term_string\"}}],\"inLanguage\":\"es\"},{\"@type\":\"Organization\",\"@id\":\"https:\\\/\\\/informelitoral.com.ar\\\/#organization\",\"name\":\"Informe Litoral\",\"url\":\"https:\\\/\\\/informelitoral.com.ar\\\/\",\"logo\":{\"@type\":\"ImageObject\",\"inLanguage\":\"es\",\"@id\":\"https:\\\/\\\/informelitoral.com.ar\\\/#\\\/schema\\\/logo\\\/image\\\/\",\"url\":\"https:\\\/\\\/informelitoral.com.ar\\\/%77%70%2d%63%6f%6e%74%65%6e%74\\\/uploads\\\/2021\\\/01\\\/circulo.png\",\"contentUrl\":\"https:\\\/\\\/informelitoral.com.ar\\\/%77%70%2d%63%6f%6e%74%65%6e%74\\\/uploads\\\/2021\\\/01\\\/circulo.png\",\"width\":723,\"height\":731,\"caption\":\"Informe Litoral\"},\"image\":{\"@id\":\"https:\\\/\\\/informelitoral.com.ar\\\/#\\\/schema\\\/logo\\\/image\\\/\"},\"sameAs\":[\"https:\\\/\\\/www.facebook.com\\\/informelitoral\\\/\",\"https:\\\/\\\/x.com\\\/InformeLitoral\",\"https:\\\/\\\/www.instagram.com\\\/informelitoral\\\/\",\"https:\\\/\\\/www.youtube.com\\\/channel\\\/UCua4Qvz8Icb6MYqhoq9xLXw\"]},{\"@type\":\"Person\",\"@id\":\"https:\\\/\\\/informelitoral.com.ar\\\/#\\\/schema\\\/person\\\/f05f9f461677119578717524b127d6d5\",\"name\":\"Sebastian\",\"image\":{\"@type\":\"ImageObject\",\"inLanguage\":\"es\",\"@id\":\"https:\\\/\\\/secure.gravatar.com\\\/avatar\\\/b71bf7481d447dfb9583c7f2798e7cc64de6efb9067b74633ed8c31059a3bd82?s=96&d=mm&r=g\",\"url\":\"https:\\\/\\\/secure.gravatar.com\\\/avatar\\\/b71bf7481d447dfb9583c7f2798e7cc64de6efb9067b74633ed8c31059a3bd82?s=96&d=mm&r=g\",\"contentUrl\":\"https:\\\/\\\/secure.gravatar.com\\\/avatar\\\/b71bf7481d447dfb9583c7f2798e7cc64de6efb9067b74633ed8c31059a3bd82?s=96&d=mm&r=g\",\"caption\":\"Sebastian\"},\"url\":\"https:\\\/\\\/informelitoral.com.ar\\\/author\\\/sebastian\\\/\"}]}<\/script>","yoast_head_json":{"title":"AFIP: la moratoria impositiva ampliada ser\u00e1 reglamentada la semana pr\u00f3xima - Informe Litoral","robots":{"index":"index","follow":"follow","max-snippet":"max-snippet:-1","max-image-preview":"max-image-preview:large","max-video-preview":"max-video-preview:-1"},"canonical":"https:\/\/informelitoral.com.ar\/afip-la-moratoria-impositiva-ampliada-sera-reglamentada-la-semana-proxima\/","og_locale":"es_ES","og_type":"article","og_title":"AFIP: la moratoria impositiva ampliada ser\u00e1 reglamentada la semana pr\u00f3xima - Informe Litoral","og_description":"La titular de la Administraci&oacute;n Federal de Ingresos P&uacute;blicos (AFIP), Mercedes Marc&oacute; del Pont, adelant&oacute; que la moratoria impositiva ampliada, aprobada por el Congreso a mediados de agosto pasado, ser&aacute; reglamentada la semana pr&oacute;xima y ratific&oacute; que el plazo de adhesi&oacute;n finalizar&aacute; el 31 de octubre. &laquo;El objetivo de la ampliaci&oacute;n de la moratoria no [&hellip;]","og_url":"https:\/\/informelitoral.com.ar\/afip-la-moratoria-impositiva-ampliada-sera-reglamentada-la-semana-proxima\/","og_site_name":"Informe Litoral","article_publisher":"https:\/\/www.facebook.com\/informelitoral\/","article_published_time":"2020-09-10T22:04:58+00:00","article_modified_time":"2020-09-10T22:41:04+00:00","og_image":[{"width":1330,"height":880,"url":"https:\/\/informelitoral.com.ar\/%77%70%2d%63%6f%6e%74%65%6e%74\/uploads\/2020\/09\/Afip.jpg","type":"image\/jpeg"}],"author":"Sebastian","twitter_card":"summary_large_image","twitter_creator":"@InformeLitoral","twitter_site":"@InformeLitoral","twitter_misc":{"Escrito por":"Sebastian","Tiempo de lectura":"2 minutos"},"schema":{"@context":"https:\/\/schema.org","@graph":[{"@type":"Article","@id":"https:\/\/informelitoral.com.ar\/afip-la-moratoria-impositiva-ampliada-sera-reglamentada-la-semana-proxima\/#article","isPartOf":{"@id":"https:\/\/informelitoral.com.ar\/afip-la-moratoria-impositiva-ampliada-sera-reglamentada-la-semana-proxima\/"},"author":{"name":"Sebastian","@id":"https:\/\/informelitoral.com.ar\/#\/schema\/person\/f05f9f461677119578717524b127d6d5"},"headline":"AFIP: la moratoria impositiva ampliada ser\u00e1 reglamentada la semana pr\u00f3xima","datePublished":"2020-09-10T22:04:58+00:00","dateModified":"2020-09-10T22:41:04+00:00","mainEntityOfPage":{"@id":"https:\/\/informelitoral.com.ar\/afip-la-moratoria-impositiva-ampliada-sera-reglamentada-la-semana-proxima\/"},"wordCount":417,"commentCount":0,"publisher":{"@id":"https:\/\/informelitoral.com.ar\/#organization"},"image":{"@id":"https:\/\/informelitoral.com.ar\/afip-la-moratoria-impositiva-ampliada-sera-reglamentada-la-semana-proxima\/#primaryimage"},"thumbnailUrl":"https:\/\/informelitoral.com.ar\/%77%70%2d%63%6f%6e%74%65%6e%74\/uploads\/2020\/09\/Afip.jpg","keywords":["Actividad econ\u00f3mica","AFIP","Nacionales"],"articleSection":["Sociedad"],"inLanguage":"es","potentialAction":[{"@type":"CommentAction","name":"Comment","target":["https:\/\/informelitoral.com.ar\/afip-la-moratoria-impositiva-ampliada-sera-reglamentada-la-semana-proxima\/#respond"]}]},{"@type":"WebPage","@id":"https:\/\/informelitoral.com.ar\/afip-la-moratoria-impositiva-ampliada-sera-reglamentada-la-semana-proxima\/","url":"https:\/\/informelitoral.com.ar\/afip-la-moratoria-impositiva-ampliada-sera-reglamentada-la-semana-proxima\/","name":"AFIP: la moratoria impositiva ampliada ser\u00e1 reglamentada la semana pr\u00f3xima - Informe Litoral","isPartOf":{"@id":"https:\/\/informelitoral.com.ar\/#website"},"primaryImageOfPage":{"@id":"https:\/\/informelitoral.com.ar\/afip-la-moratoria-impositiva-ampliada-sera-reglamentada-la-semana-proxima\/#primaryimage"},"image":{"@id":"https:\/\/informelitoral.com.ar\/afip-la-moratoria-impositiva-ampliada-sera-reglamentada-la-semana-proxima\/#primaryimage"},"thumbnailUrl":"https:\/\/informelitoral.com.ar\/%77%70%2d%63%6f%6e%74%65%6e%74\/uploads\/2020\/09\/Afip.jpg","datePublished":"2020-09-10T22:04:58+00:00","dateModified":"2020-09-10T22:41:04+00:00","breadcrumb":{"@id":"https:\/\/informelitoral.com.ar\/afip-la-moratoria-impositiva-ampliada-sera-reglamentada-la-semana-proxima\/#breadcrumb"},"inLanguage":"es","potentialAction":[{"@type":"ReadAction","target":["https:\/\/informelitoral.com.ar\/afip-la-moratoria-impositiva-ampliada-sera-reglamentada-la-semana-proxima\/"]}]},{"@type":"ImageObject","inLanguage":"es","@id":"https:\/\/informelitoral.com.ar\/afip-la-moratoria-impositiva-ampliada-sera-reglamentada-la-semana-proxima\/#primaryimage","url":"https:\/\/informelitoral.com.ar\/%77%70%2d%63%6f%6e%74%65%6e%74\/uploads\/2020\/09\/Afip.jpg","contentUrl":"https:\/\/informelitoral.com.ar\/%77%70%2d%63%6f%6e%74%65%6e%74\/uploads\/2020\/09\/Afip.jpg","width":1330,"height":880},{"@type":"BreadcrumbList","@id":"https:\/\/informelitoral.com.ar\/afip-la-moratoria-impositiva-ampliada-sera-reglamentada-la-semana-proxima\/#breadcrumb","itemListElement":[{"@type":"ListItem","position":1,"name":"Portada","item":"https:\/\/informelitoral.com.ar\/"},{"@type":"ListItem","position":2,"name":"AFIP: la moratoria impositiva ampliada ser\u00e1 reglamentada la semana pr\u00f3xima"}]},{"@type":"WebSite","@id":"https:\/\/informelitoral.com.ar\/#website","url":"https:\/\/informelitoral.com.ar\/","name":"Informe Litoral","description":"&quot;Nos informamos&quot; ","publisher":{"@id":"https:\/\/informelitoral.com.ar\/#organization"},"potentialAction":[{"@type":"SearchAction","target":{"@type":"EntryPoint","urlTemplate":"https:\/\/informelitoral.com.ar\/?s={search_term_string}"},"query-input":{"@type":"PropertyValueSpecification","valueRequired":true,"valueName":"search_term_string"}}],"inLanguage":"es"},{"@type":"Organization","@id":"https:\/\/informelitoral.com.ar\/#organization","name":"Informe Litoral","url":"https:\/\/informelitoral.com.ar\/","logo":{"@type":"ImageObject","inLanguage":"es","@id":"https:\/\/informelitoral.com.ar\/#\/schema\/logo\/image\/","url":"https:\/\/informelitoral.com.ar\/%77%70%2d%63%6f%6e%74%65%6e%74\/uploads\/2021\/01\/circulo.png","contentUrl":"https:\/\/informelitoral.com.ar\/%77%70%2d%63%6f%6e%74%65%6e%74\/uploads\/2021\/01\/circulo.png","width":723,"height":731,"caption":"Informe Litoral"},"image":{"@id":"https:\/\/informelitoral.com.ar\/#\/schema\/logo\/image\/"},"sameAs":["https:\/\/www.facebook.com\/informelitoral\/","https:\/\/x.com\/InformeLitoral","https:\/\/www.instagram.com\/informelitoral\/","https:\/\/www.youtube.com\/channel\/UCua4Qvz8Icb6MYqhoq9xLXw"]},{"@type":"Person","@id":"https:\/\/informelitoral.com.ar\/#\/schema\/person\/f05f9f461677119578717524b127d6d5","name":"Sebastian","image":{"@type":"ImageObject","inLanguage":"es","@id":"https:\/\/secure.gravatar.com\/avatar\/b71bf7481d447dfb9583c7f2798e7cc64de6efb9067b74633ed8c31059a3bd82?s=96&d=mm&r=g","url":"https:\/\/secure.gravatar.com\/avatar\/b71bf7481d447dfb9583c7f2798e7cc64de6efb9067b74633ed8c31059a3bd82?s=96&d=mm&r=g","contentUrl":"https:\/\/secure.gravatar.com\/avatar\/b71bf7481d447dfb9583c7f2798e7cc64de6efb9067b74633ed8c31059a3bd82?s=96&d=mm&r=g","caption":"Sebastian"},"url":"https:\/\/informelitoral.com.ar\/author\/sebastian\/"}]}},"_links":{"self":[{"href":"https:\/\/informelitoral.com.ar\/%77%70%2d%6a%73%6f%6e\/wp\/v2\/posts\/49370","targetHints":{"allow":["GET"]}}],"collection":[{"href":"https:\/\/informelitoral.com.ar\/%77%70%2d%6a%73%6f%6e\/wp\/v2\/posts"}],"about":[{"href":"https:\/\/informelitoral.com.ar\/%77%70%2d%6a%73%6f%6e\/wp\/v2\/types\/post"}],"author":[{"embeddable":true,"href":"https:\/\/informelitoral.com.ar\/%77%70%2d%6a%73%6f%6e\/wp\/v2\/users\/8"}],"replies":[{"embeddable":true,"href":"https:\/\/informelitoral.com.ar\/%77%70%2d%6a%73%6f%6e\/wp\/v2\/comments?post=49370"}],"version-history":[{"count":0,"href":"https:\/\/informelitoral.com.ar\/%77%70%2d%6a%73%6f%6e\/wp\/v2\/posts\/49370\/revisions"}],"wp:featuredmedia":[{"embeddable":true,"href":"https:\/\/informelitoral.com.ar\/%77%70%2d%6a%73%6f%6e\/wp\/v2\/media\/49380"}],"wp:attachment":[{"href":"https:\/\/informelitoral.com.ar\/%77%70%2d%6a%73%6f%6e\/wp\/v2\/media?parent=49370"}],"wp:term":[{"taxonomy":"category","embeddable":true,"href":"https:\/\/informelitoral.com.ar\/%77%70%2d%6a%73%6f%6e\/wp\/v2\/categories?post=49370"},{"taxonomy":"post_tag","embeddable":true,"href":"https:\/\/informelitoral.com.ar\/%77%70%2d%6a%73%6f%6e\/wp\/v2\/tags?post=49370"}],"curies":[{"name":"wp","href":"https:\/\/api.w.org\/{rel}","templated":true}]}}