{"id":4928,"date":"2013-12-29T23:56:48","date_gmt":"2013-12-30T02:56:48","guid":{"rendered":"http:\/\/www.isletasnoticias.com.ar\/?p=4928"},"modified":"2013-12-29T23:56:48","modified_gmt":"2013-12-30T02:56:48","slug":"isletas-junta-de-gobierno-dio-a-conocer-sus-colaboraciones-y-gestiones","status":"publish","type":"post","link":"https:\/\/informelitoral.com.ar\/isletas-junta-de-gobierno-dio-a-conocer-sus-colaboraciones-y-gestiones\/","title":{"rendered":"Isletas: Junta de Gobierno dio a conocer sus colaboraciones y gestiones"},"content":{"rendered":"<p><strong>Lo hizo mediante un texto enviado a <em>IN<\/em>. Desde el ente gubernamental local, destacaron sus colaboraciones en seguridad, salud y por sobre todo en el mantenimiento y las gestiones para el arreglo de caminos.<\/strong><\/p>\n<p><a style=\"text-align: center;\" href=\"http:\/\/www.isletasnoticias.com.ar\/%77%70%2d%63%6f%6e%74%65%6e%74\/uploads\/2013\/12\/JUNTA1.jpg\"><img loading=\"lazy\" decoding=\"async\" class=\"size-medium wp-image-4929 aligncenter\" alt=\"JUNTA1\" src=\"http:\/\/www.isletasnoticias.com.ar\/%77%70%2d%63%6f%6e%74%65%6e%74\/uploads\/2013\/12\/JUNTA1-300x225.jpg\" width=\"300\" height=\"225\" srcset=\"https:\/\/informelitoral.com.ar\/%77%70%2d%63%6f%6e%74%65%6e%74\/uploads\/2013\/12\/JUNTA1-300x225.jpg 300w, https:\/\/informelitoral.com.ar\/%77%70%2d%63%6f%6e%74%65%6e%74\/uploads\/2013\/12\/JUNTA1.jpg 960w\" sizes=\"auto, (max-width: 300px) 100vw, 300px\" \/><\/a><\/p>\n<p>La Junta de Gobierno de Isletas, dio a conocer algunas de los trabajos y gestiones que se llevaron a cabo en los \u00faltimos meses.<\/p>\n<p><strong>Caminos<\/strong><\/p>\n<p><strong><\/strong>Se llevan a cabo\u00a0trabajos de limpieza de banquinas y curvas peligrosas. Asimismo se est\u00e1n haciendo arreglos, en el camino que va desde \u00ab\u00faltima copa\u00bb hacia Isletas. \u00abTodos \u00e9stos trabajos, se realizan con recursos propios dentro de nuestras posibilidades\u00bb, indicaron en un texto enviado a<strong><em>\u00a0ISLETAS NOTICIAS.<\/em><\/strong><\/p>\n<p><strong>Seguridad<\/strong><\/p>\n<p>Se han hecho aportes monetarios, tanto para arreglos en el patrullero com<a href=\"http:\/\/www.isletasnoticias.com.ar\/%77%70%2d%63%6f%6e%74%65%6e%74\/uploads\/2013\/12\/JUNTA2.jpg\"><img loading=\"lazy\" decoding=\"async\" class=\"size-medium wp-image-4930 alignright\" alt=\"JUNTA2\" src=\"http:\/\/www.isletasnoticias.com.ar\/%77%70%2d%63%6f%6e%74%65%6e%74\/uploads\/2013\/12\/JUNTA2-300x225.jpg\" width=\"300\" height=\"225\" srcset=\"https:\/\/informelitoral.com.ar\/%77%70%2d%63%6f%6e%74%65%6e%74\/uploads\/2013\/12\/JUNTA2-300x225.jpg 300w, https:\/\/informelitoral.com.ar\/%77%70%2d%63%6f%6e%74%65%6e%74\/uploads\/2013\/12\/JUNTA2.jpg 960w\" sizes=\"auto, (max-width: 300px) 100vw, 300px\" \/><\/a>o para la compra de combustible.<\/p>\n<p><strong>Salud<\/strong><\/p>\n<p>Se ha colaborado con familias de la jurisdicci\u00f3n, \u00abtodas de escasos recursos\u00bb.<\/p>\n<p>Por \u00faltimo, desde la Junta indicaron: \u00abAprovechamos la ocasi\u00f3n, para pedir disculpas, por algunos sectores de caminos de nuestra jurisdicci\u00f3n en mal estado e inconclusos, ya que no est\u00e1n dentro de nuestras posibilidades de ser arreglados ya que son trabajos que requieren maquinaria pesada, entre ellos, el camino de ripio que une Isletas con Ram\u00edrez y el llamado \u00abcamino de abajo\u00bb a Ram\u00edrez. Se est\u00e1n haciendo gestiones ante quien corresponde, para que se solucionen estos problemas, en todos los caminos sin excepci\u00f3n\u00bb.<\/p>\n","protected":false},"excerpt":{"rendered":"<p>Lo hizo mediante un texto enviado a IN. Desde el ente gubernamental local, destacaron sus colaboraciones en seguridad, salud y por sobre todo en el mantenimiento y las gestiones para el arreglo de caminos. La Junta de Gobierno de Isletas, dio a conocer algunas de los trabajos y gestiones que se llevaron a cabo en [&hellip;]<\/p>\n","protected":false},"author":2,"featured_media":0,"comment_status":"open","ping_status":"open","sticky":false,"template":"","format":"standard","meta":{"fifu_image_url":"","fifu_image_alt":"","footnotes":""},"categories":[4,16],"tags":[],"class_list":{"0":"post-4928","1":"post","2":"type-post","3":"status-publish","4":"format-standard","6":"category-locales","7":"category-politi"},"yoast_head":"<title>Isletas: Junta de Gobierno dio a conocer sus colaboraciones y gestiones  - Informe Litoral<\/title>\n<meta name=\"robots\" content=\"index, follow, max-snippet:-1, max-image-preview:large, max-video-preview:-1\" \/>\n<link rel=\"canonical\" href=\"https:\/\/informelitoral.com.ar\/isletas-junta-de-gobierno-dio-a-conocer-sus-colaboraciones-y-gestiones\/\" \/>\n<meta property=\"og:locale\" content=\"es_ES\" \/>\n<meta property=\"og:type\" content=\"article\" \/>\n<meta property=\"og:title\" content=\"Isletas: Junta de Gobierno dio a conocer sus colaboraciones y gestiones  - Informe Litoral\" \/>\n<meta property=\"og:description\" content=\"Lo hizo mediante un texto enviado a IN. Desde el ente gubernamental local, destacaron sus colaboraciones en seguridad, salud y por sobre todo en el mantenimiento y las gestiones para el arreglo de caminos. La Junta de Gobierno de Isletas, dio a conocer algunas de los trabajos y gestiones que se llevaron a cabo en [&hellip;]\" \/>\n<meta property=\"og:url\" content=\"https:\/\/informelitoral.com.ar\/isletas-junta-de-gobierno-dio-a-conocer-sus-colaboraciones-y-gestiones\/\" \/>\n<meta property=\"og:site_name\" content=\"Informe Litoral\" \/>\n<meta property=\"article:publisher\" content=\"https:\/\/www.facebook.com\/informelitoral\/\" \/>\n<meta property=\"article:published_time\" content=\"2013-12-30T02:56:48+00:00\" \/>\n<meta property=\"og:image\" content=\"https:\/\/informelitoral.com.ar\/%77%70%2d%63%6f%6e%74%65%6e%74\/uploads\/2013\/12\/JUNTA1.jpg\" \/>\n\t<meta property=\"og:image:width\" content=\"960\" \/>\n\t<meta property=\"og:image:height\" content=\"720\" \/>\n\t<meta property=\"og:image:type\" content=\"image\/jpeg\" \/>\n<meta name=\"author\" content=\"Gonzalo Schmidt\" \/>\n<meta name=\"twitter:card\" content=\"summary_large_image\" \/>\n<meta name=\"twitter:creator\" content=\"@InformeLitoral\" \/>\n<meta name=\"twitter:site\" content=\"@InformeLitoral\" \/>\n<meta name=\"twitter:label1\" content=\"Escrito por\" \/>\n\t<meta name=\"twitter:data1\" content=\"Gonzalo Schmidt\" \/>\n\t<meta name=\"twitter:label2\" content=\"Tiempo de lectura\" \/>\n\t<meta name=\"twitter:data2\" content=\"1 minuto\" \/>\n<script type=\"application\/ld+json\" class=\"yoast-schema-graph\">{\"@context\":\"https:\\\/\\\/schema.org\",\"@graph\":[{\"@type\":\"Article\",\"@id\":\"https:\\\/\\\/informelitoral.com.ar\\\/isletas-junta-de-gobierno-dio-a-conocer-sus-colaboraciones-y-gestiones\\\/#article\",\"isPartOf\":{\"@id\":\"https:\\\/\\\/informelitoral.com.ar\\\/isletas-junta-de-gobierno-dio-a-conocer-sus-colaboraciones-y-gestiones\\\/\"},\"author\":{\"name\":\"Gonzalo Schmidt\",\"@id\":\"https:\\\/\\\/informelitoral.com.ar\\\/#\\\/schema\\\/person\\\/b9d00407c836482871ef1d57bf8e3180\"},\"headline\":\"Isletas: Junta de Gobierno dio a conocer sus colaboraciones y gestiones\",\"datePublished\":\"2013-12-30T02:56:48+00:00\",\"mainEntityOfPage\":{\"@id\":\"https:\\\/\\\/informelitoral.com.ar\\\/isletas-junta-de-gobierno-dio-a-conocer-sus-colaboraciones-y-gestiones\\\/\"},\"wordCount\":240,\"commentCount\":0,\"publisher\":{\"@id\":\"https:\\\/\\\/informelitoral.com.ar\\\/#organization\"},\"image\":{\"@id\":\"https:\\\/\\\/informelitoral.com.ar\\\/isletas-junta-de-gobierno-dio-a-conocer-sus-colaboraciones-y-gestiones\\\/#primaryimage\"},\"thumbnailUrl\":\"http:\\\/\\\/www.isletasnoticias.com.ar\\\/%77%70%2d%63%6f%6e%74%65%6e%74\\\/uploads\\\/2013\\\/12\\\/JUNTA1-300x225.jpg\",\"articleSection\":[\"Isletas\",\"Politica\"],\"inLanguage\":\"es\",\"potentialAction\":[{\"@type\":\"CommentAction\",\"name\":\"Comment\",\"target\":[\"https:\\\/\\\/informelitoral.com.ar\\\/isletas-junta-de-gobierno-dio-a-conocer-sus-colaboraciones-y-gestiones\\\/#respond\"]}]},{\"@type\":\"WebPage\",\"@id\":\"https:\\\/\\\/informelitoral.com.ar\\\/isletas-junta-de-gobierno-dio-a-conocer-sus-colaboraciones-y-gestiones\\\/\",\"url\":\"https:\\\/\\\/informelitoral.com.ar\\\/isletas-junta-de-gobierno-dio-a-conocer-sus-colaboraciones-y-gestiones\\\/\",\"name\":\"Isletas: Junta de Gobierno dio a conocer sus colaboraciones y gestiones - Informe Litoral\",\"isPartOf\":{\"@id\":\"https:\\\/\\\/informelitoral.com.ar\\\/#website\"},\"primaryImageOfPage\":{\"@id\":\"https:\\\/\\\/informelitoral.com.ar\\\/isletas-junta-de-gobierno-dio-a-conocer-sus-colaboraciones-y-gestiones\\\/#primaryimage\"},\"image\":{\"@id\":\"https:\\\/\\\/informelitoral.com.ar\\\/isletas-junta-de-gobierno-dio-a-conocer-sus-colaboraciones-y-gestiones\\\/#primaryimage\"},\"thumbnailUrl\":\"http:\\\/\\\/www.isletasnoticias.com.ar\\\/%77%70%2d%63%6f%6e%74%65%6e%74\\\/uploads\\\/2013\\\/12\\\/JUNTA1-300x225.jpg\",\"datePublished\":\"2013-12-30T02:56:48+00:00\",\"breadcrumb\":{\"@id\":\"https:\\\/\\\/informelitoral.com.ar\\\/isletas-junta-de-gobierno-dio-a-conocer-sus-colaboraciones-y-gestiones\\\/#breadcrumb\"},\"inLanguage\":\"es\",\"potentialAction\":[{\"@type\":\"ReadAction\",\"target\":[\"https:\\\/\\\/informelitoral.com.ar\\\/isletas-junta-de-gobierno-dio-a-conocer-sus-colaboraciones-y-gestiones\\\/\"]}]},{\"@type\":\"ImageObject\",\"inLanguage\":\"es\",\"@id\":\"https:\\\/\\\/informelitoral.com.ar\\\/isletas-junta-de-gobierno-dio-a-conocer-sus-colaboraciones-y-gestiones\\\/#primaryimage\",\"url\":\"http:\\\/\\\/www.isletasnoticias.com.ar\\\/%77%70%2d%63%6f%6e%74%65%6e%74\\\/uploads\\\/2013\\\/12\\\/JUNTA1-300x225.jpg\",\"contentUrl\":\"http:\\\/\\\/www.isletasnoticias.com.ar\\\/%77%70%2d%63%6f%6e%74%65%6e%74\\\/uploads\\\/2013\\\/12\\\/JUNTA1-300x225.jpg\"},{\"@type\":\"BreadcrumbList\",\"@id\":\"https:\\\/\\\/informelitoral.com.ar\\\/isletas-junta-de-gobierno-dio-a-conocer-sus-colaboraciones-y-gestiones\\\/#breadcrumb\",\"itemListElement\":[{\"@type\":\"ListItem\",\"position\":1,\"name\":\"Portada\",\"item\":\"https:\\\/\\\/informelitoral.com.ar\\\/\"},{\"@type\":\"ListItem\",\"position\":2,\"name\":\"Isletas: Junta de Gobierno dio a conocer sus colaboraciones y gestiones\"}]},{\"@type\":\"WebSite\",\"@id\":\"https:\\\/\\\/informelitoral.com.ar\\\/#website\",\"url\":\"https:\\\/\\\/informelitoral.com.ar\\\/\",\"name\":\"Informe Litoral\",\"description\":\"&quot;Nos informamos&quot; \",\"publisher\":{\"@id\":\"https:\\\/\\\/informelitoral.com.ar\\\/#organization\"},\"potentialAction\":[{\"@type\":\"SearchAction\",\"target\":{\"@type\":\"EntryPoint\",\"urlTemplate\":\"https:\\\/\\\/informelitoral.com.ar\\\/?s={search_term_string}\"},\"query-input\":{\"@type\":\"PropertyValueSpecification\",\"valueRequired\":true,\"valueName\":\"search_term_string\"}}],\"inLanguage\":\"es\"},{\"@type\":\"Organization\",\"@id\":\"https:\\\/\\\/informelitoral.com.ar\\\/#organization\",\"name\":\"Informe Litoral\",\"url\":\"https:\\\/\\\/informelitoral.com.ar\\\/\",\"logo\":{\"@type\":\"ImageObject\",\"inLanguage\":\"es\",\"@id\":\"https:\\\/\\\/informelitoral.com.ar\\\/#\\\/schema\\\/logo\\\/image\\\/\",\"url\":\"https:\\\/\\\/informelitoral.com.ar\\\/%77%70%2d%63%6f%6e%74%65%6e%74\\\/uploads\\\/2021\\\/01\\\/circulo.png\",\"contentUrl\":\"https:\\\/\\\/informelitoral.com.ar\\\/%77%70%2d%63%6f%6e%74%65%6e%74\\\/uploads\\\/2021\\\/01\\\/circulo.png\",\"width\":723,\"height\":731,\"caption\":\"Informe Litoral\"},\"image\":{\"@id\":\"https:\\\/\\\/informelitoral.com.ar\\\/#\\\/schema\\\/logo\\\/image\\\/\"},\"sameAs\":[\"https:\\\/\\\/www.facebook.com\\\/informelitoral\\\/\",\"https:\\\/\\\/x.com\\\/InformeLitoral\",\"https:\\\/\\\/www.instagram.com\\\/informelitoral\\\/\",\"https:\\\/\\\/www.youtube.com\\\/channel\\\/UCua4Qvz8Icb6MYqhoq9xLXw\"]},{\"@type\":\"Person\",\"@id\":\"https:\\\/\\\/informelitoral.com.ar\\\/#\\\/schema\\\/person\\\/b9d00407c836482871ef1d57bf8e3180\",\"name\":\"Gonzalo Schmidt\",\"image\":{\"@type\":\"ImageObject\",\"inLanguage\":\"es\",\"@id\":\"https:\\\/\\\/secure.gravatar.com\\\/avatar\\\/31a1a7b66ff2de83bd0e9fd79d026630d2d99e55e8bfe501287647b4fd9743de?s=96&d=mm&r=g\",\"url\":\"https:\\\/\\\/secure.gravatar.com\\\/avatar\\\/31a1a7b66ff2de83bd0e9fd79d026630d2d99e55e8bfe501287647b4fd9743de?s=96&d=mm&r=g\",\"contentUrl\":\"https:\\\/\\\/secure.gravatar.com\\\/avatar\\\/31a1a7b66ff2de83bd0e9fd79d026630d2d99e55e8bfe501287647b4fd9743de?s=96&d=mm&r=g\",\"caption\":\"Gonzalo Schmidt\"},\"description\":\"Sitio web de noticias de la provincia de Entre R\u00edos, Argentina. Informaci\u00f3n y entretenimiento. Informe Litoral, nos informamos.\",\"sameAs\":[\"http:\\\/\\\/www.isletasnoticias.com.ar\"],\"url\":\"https:\\\/\\\/informelitoral.com.ar\\\/author\\\/gonzalo\\\/\"}]}<\/script>","yoast_head_json":{"title":"Isletas: Junta de Gobierno dio a conocer sus colaboraciones y gestiones  - Informe Litoral","robots":{"index":"index","follow":"follow","max-snippet":"max-snippet:-1","max-image-preview":"max-image-preview:large","max-video-preview":"max-video-preview:-1"},"canonical":"https:\/\/informelitoral.com.ar\/isletas-junta-de-gobierno-dio-a-conocer-sus-colaboraciones-y-gestiones\/","og_locale":"es_ES","og_type":"article","og_title":"Isletas: Junta de Gobierno dio a conocer sus colaboraciones y gestiones  - Informe Litoral","og_description":"Lo hizo mediante un texto enviado a IN. Desde el ente gubernamental local, destacaron sus colaboraciones en seguridad, salud y por sobre todo en el mantenimiento y las gestiones para el arreglo de caminos. La Junta de Gobierno de Isletas, dio a conocer algunas de los trabajos y gestiones que se llevaron a cabo en [&hellip;]","og_url":"https:\/\/informelitoral.com.ar\/isletas-junta-de-gobierno-dio-a-conocer-sus-colaboraciones-y-gestiones\/","og_site_name":"Informe Litoral","article_publisher":"https:\/\/www.facebook.com\/informelitoral\/","article_published_time":"2013-12-30T02:56:48+00:00","og_image":[{"width":960,"height":720,"url":"https:\/\/informelitoral.com.ar\/%77%70%2d%63%6f%6e%74%65%6e%74\/uploads\/2013\/12\/JUNTA1.jpg","type":"image\/jpeg"}],"author":"Gonzalo Schmidt","twitter_card":"summary_large_image","twitter_creator":"@InformeLitoral","twitter_site":"@InformeLitoral","twitter_misc":{"Escrito por":"Gonzalo Schmidt","Tiempo de lectura":"1 minuto"},"schema":{"@context":"https:\/\/schema.org","@graph":[{"@type":"Article","@id":"https:\/\/informelitoral.com.ar\/isletas-junta-de-gobierno-dio-a-conocer-sus-colaboraciones-y-gestiones\/#article","isPartOf":{"@id":"https:\/\/informelitoral.com.ar\/isletas-junta-de-gobierno-dio-a-conocer-sus-colaboraciones-y-gestiones\/"},"author":{"name":"Gonzalo Schmidt","@id":"https:\/\/informelitoral.com.ar\/#\/schema\/person\/b9d00407c836482871ef1d57bf8e3180"},"headline":"Isletas: Junta de Gobierno dio a conocer sus colaboraciones y gestiones","datePublished":"2013-12-30T02:56:48+00:00","mainEntityOfPage":{"@id":"https:\/\/informelitoral.com.ar\/isletas-junta-de-gobierno-dio-a-conocer-sus-colaboraciones-y-gestiones\/"},"wordCount":240,"commentCount":0,"publisher":{"@id":"https:\/\/informelitoral.com.ar\/#organization"},"image":{"@id":"https:\/\/informelitoral.com.ar\/isletas-junta-de-gobierno-dio-a-conocer-sus-colaboraciones-y-gestiones\/#primaryimage"},"thumbnailUrl":"http:\/\/www.isletasnoticias.com.ar\/%77%70%2d%63%6f%6e%74%65%6e%74\/uploads\/2013\/12\/JUNTA1-300x225.jpg","articleSection":["Isletas","Politica"],"inLanguage":"es","potentialAction":[{"@type":"CommentAction","name":"Comment","target":["https:\/\/informelitoral.com.ar\/isletas-junta-de-gobierno-dio-a-conocer-sus-colaboraciones-y-gestiones\/#respond"]}]},{"@type":"WebPage","@id":"https:\/\/informelitoral.com.ar\/isletas-junta-de-gobierno-dio-a-conocer-sus-colaboraciones-y-gestiones\/","url":"https:\/\/informelitoral.com.ar\/isletas-junta-de-gobierno-dio-a-conocer-sus-colaboraciones-y-gestiones\/","name":"Isletas: Junta de Gobierno dio a conocer sus colaboraciones y gestiones - Informe Litoral","isPartOf":{"@id":"https:\/\/informelitoral.com.ar\/#website"},"primaryImageOfPage":{"@id":"https:\/\/informelitoral.com.ar\/isletas-junta-de-gobierno-dio-a-conocer-sus-colaboraciones-y-gestiones\/#primaryimage"},"image":{"@id":"https:\/\/informelitoral.com.ar\/isletas-junta-de-gobierno-dio-a-conocer-sus-colaboraciones-y-gestiones\/#primaryimage"},"thumbnailUrl":"http:\/\/www.isletasnoticias.com.ar\/%77%70%2d%63%6f%6e%74%65%6e%74\/uploads\/2013\/12\/JUNTA1-300x225.jpg","datePublished":"2013-12-30T02:56:48+00:00","breadcrumb":{"@id":"https:\/\/informelitoral.com.ar\/isletas-junta-de-gobierno-dio-a-conocer-sus-colaboraciones-y-gestiones\/#breadcrumb"},"inLanguage":"es","potentialAction":[{"@type":"ReadAction","target":["https:\/\/informelitoral.com.ar\/isletas-junta-de-gobierno-dio-a-conocer-sus-colaboraciones-y-gestiones\/"]}]},{"@type":"ImageObject","inLanguage":"es","@id":"https:\/\/informelitoral.com.ar\/isletas-junta-de-gobierno-dio-a-conocer-sus-colaboraciones-y-gestiones\/#primaryimage","url":"http:\/\/www.isletasnoticias.com.ar\/%77%70%2d%63%6f%6e%74%65%6e%74\/uploads\/2013\/12\/JUNTA1-300x225.jpg","contentUrl":"http:\/\/www.isletasnoticias.com.ar\/%77%70%2d%63%6f%6e%74%65%6e%74\/uploads\/2013\/12\/JUNTA1-300x225.jpg"},{"@type":"BreadcrumbList","@id":"https:\/\/informelitoral.com.ar\/isletas-junta-de-gobierno-dio-a-conocer-sus-colaboraciones-y-gestiones\/#breadcrumb","itemListElement":[{"@type":"ListItem","position":1,"name":"Portada","item":"https:\/\/informelitoral.com.ar\/"},{"@type":"ListItem","position":2,"name":"Isletas: Junta de Gobierno dio a conocer sus colaboraciones y gestiones"}]},{"@type":"WebSite","@id":"https:\/\/informelitoral.com.ar\/#website","url":"https:\/\/informelitoral.com.ar\/","name":"Informe Litoral","description":"&quot;Nos informamos&quot; ","publisher":{"@id":"https:\/\/informelitoral.com.ar\/#organization"},"potentialAction":[{"@type":"SearchAction","target":{"@type":"EntryPoint","urlTemplate":"https:\/\/informelitoral.com.ar\/?s={search_term_string}"},"query-input":{"@type":"PropertyValueSpecification","valueRequired":true,"valueName":"search_term_string"}}],"inLanguage":"es"},{"@type":"Organization","@id":"https:\/\/informelitoral.com.ar\/#organization","name":"Informe Litoral","url":"https:\/\/informelitoral.com.ar\/","logo":{"@type":"ImageObject","inLanguage":"es","@id":"https:\/\/informelitoral.com.ar\/#\/schema\/logo\/image\/","url":"https:\/\/informelitoral.com.ar\/%77%70%2d%63%6f%6e%74%65%6e%74\/uploads\/2021\/01\/circulo.png","contentUrl":"https:\/\/informelitoral.com.ar\/%77%70%2d%63%6f%6e%74%65%6e%74\/uploads\/2021\/01\/circulo.png","width":723,"height":731,"caption":"Informe Litoral"},"image":{"@id":"https:\/\/informelitoral.com.ar\/#\/schema\/logo\/image\/"},"sameAs":["https:\/\/www.facebook.com\/informelitoral\/","https:\/\/x.com\/InformeLitoral","https:\/\/www.instagram.com\/informelitoral\/","https:\/\/www.youtube.com\/channel\/UCua4Qvz8Icb6MYqhoq9xLXw"]},{"@type":"Person","@id":"https:\/\/informelitoral.com.ar\/#\/schema\/person\/b9d00407c836482871ef1d57bf8e3180","name":"Gonzalo Schmidt","image":{"@type":"ImageObject","inLanguage":"es","@id":"https:\/\/secure.gravatar.com\/avatar\/31a1a7b66ff2de83bd0e9fd79d026630d2d99e55e8bfe501287647b4fd9743de?s=96&d=mm&r=g","url":"https:\/\/secure.gravatar.com\/avatar\/31a1a7b66ff2de83bd0e9fd79d026630d2d99e55e8bfe501287647b4fd9743de?s=96&d=mm&r=g","contentUrl":"https:\/\/secure.gravatar.com\/avatar\/31a1a7b66ff2de83bd0e9fd79d026630d2d99e55e8bfe501287647b4fd9743de?s=96&d=mm&r=g","caption":"Gonzalo Schmidt"},"description":"Sitio web de noticias de la provincia de Entre R\u00edos, Argentina. Informaci\u00f3n y entretenimiento. Informe Litoral, nos informamos.","sameAs":["http:\/\/www.isletasnoticias.com.ar"],"url":"https:\/\/informelitoral.com.ar\/author\/gonzalo\/"}]}},"_links":{"self":[{"href":"https:\/\/informelitoral.com.ar\/%77%70%2d%6a%73%6f%6e\/wp\/v2\/posts\/4928","targetHints":{"allow":["GET"]}}],"collection":[{"href":"https:\/\/informelitoral.com.ar\/%77%70%2d%6a%73%6f%6e\/wp\/v2\/posts"}],"about":[{"href":"https:\/\/informelitoral.com.ar\/%77%70%2d%6a%73%6f%6e\/wp\/v2\/types\/post"}],"author":[{"embeddable":true,"href":"https:\/\/informelitoral.com.ar\/%77%70%2d%6a%73%6f%6e\/wp\/v2\/users\/2"}],"replies":[{"embeddable":true,"href":"https:\/\/informelitoral.com.ar\/%77%70%2d%6a%73%6f%6e\/wp\/v2\/comments?post=4928"}],"version-history":[{"count":0,"href":"https:\/\/informelitoral.com.ar\/%77%70%2d%6a%73%6f%6e\/wp\/v2\/posts\/4928\/revisions"}],"wp:attachment":[{"href":"https:\/\/informelitoral.com.ar\/%77%70%2d%6a%73%6f%6e\/wp\/v2\/media?parent=4928"}],"wp:term":[{"taxonomy":"category","embeddable":true,"href":"https:\/\/informelitoral.com.ar\/%77%70%2d%6a%73%6f%6e\/wp\/v2\/categories?post=4928"},{"taxonomy":"post_tag","embeddable":true,"href":"https:\/\/informelitoral.com.ar\/%77%70%2d%6a%73%6f%6e\/wp\/v2\/tags?post=4928"}],"curies":[{"name":"wp","href":"https:\/\/api.w.org\/{rel}","templated":true}]}}