{"id":49271,"date":"2020-09-09T21:29:16","date_gmt":"2020-09-10T00:29:16","guid":{"rendered":"https:\/\/www.isletasnoticias.com.ar\/?p=49271"},"modified":"2020-09-09T22:27:06","modified_gmt":"2020-09-10T01:27:06","slug":"gastronomicos-sacaron-sus-mesas-y-sillas-a-la-calle-pidiendo-la-reapertura-en-parana","status":"publish","type":"post","link":"https:\/\/informelitoral.com.ar\/gastronomicos-sacaron-sus-mesas-y-sillas-a-la-calle-pidiendo-la-reapertura-en-parana\/","title":{"rendered":"La indignaci\u00f3n de un gastron\u00f3mico: \u00abEstamos siendo fiscalizados por AFIP\u00bb"},"content":{"rendered":"<p>Hoteleros y gastron\u00f3micos volvieron a reclamar este mi\u00e9rcoles por la reapertura de sus locales comerciales; fue durante una caravana que recorri\u00f3 varios emprendimientos y durante la cual, los responsables sacaron mesas, sillas y camas a la calle.<\/p>\n<p>\u00abCuando decretaron el aislamiento en marzo pensamos que se nos ven\u00eda el mundo abajo porque nos pregunt\u00e1bamos c\u00f3mo \u00edbamos a pagar sueldos sin las ventas, y a seis meses, no hay ninguna chance de sustentar con el delivery, que es apenas el 10% de las ventas\u00bb, explic\u00f3 Gabriel, de Rest\u00f3 Giovani.<\/p>\n<p>\u00abTuvimos que pagar sueldos y aguinaldo porque las familias necesitan de su dinero, y nosotros tenemos que conseguirlo, pero sin ventas no hay chance\u00bb, argument\u00f3.<\/p>\n<p>\u00abPara sacar mesas afuera hay que pedir autorizaci\u00f3n a la municipalidad y nos cobra alquiler por el uso de nuestra propia vereda\u00bb, evidenci\u00f3 en relaci\u00f3n al protocolo que dispuso la atenci\u00f3n en los espacios exteriores de los locales, antes del retroceso de la habilitaci\u00f3n al sector.<\/p>\n<p>\u00abHasta tres o cuatro mesas espor\u00e1dicamente en un turno de cuatro horas para almorzar no puede generar ning\u00fan tipo de problema o contagio\u00bb, argument\u00f3 al mostrarse \u00abangustiado\u00bb por la situaci\u00f3n.<\/p>\n<p>\u00abNosotros hasta hoy tenemos una deuda aproximada de dos millones de pesos porque hace seis meses que no pagamos la luz, consumimos 50 mil pesos de luz por mes y las heladeras tienen que estar encendidas\u00bb, revel\u00f3 el gastron\u00f3mico de calle Urquiza. Y agreg\u00f3: \u00abAgradecemos que no nos corten los servicios pero qu\u00e9 ocurrir\u00e1 cuando decidan regularizar las deudas de los impuestos\u00bb.<\/p>\n<p><a href=\"https:\/\/www.isletasnoticias.com.ar\/%77%70%2d%63%6f%6e%74%65%6e%74\/uploads\/2020\/09\/WhatsApp-Image-2020-09-09-at-21.43.10.jpeg\"><img loading=\"lazy\" decoding=\"async\" class=\"alignnone size-medium wp-image-49277 aligncenter\" src=\"https:\/\/www.isletasnoticias.com.ar\/%77%70%2d%63%6f%6e%74%65%6e%74\/uploads\/2020\/09\/WhatsApp-Image-2020-09-09-at-21.43.10-169x300.jpeg\" alt=\"\" width=\"169\" height=\"300\" srcset=\"https:\/\/informelitoral.com.ar\/%77%70%2d%63%6f%6e%74%65%6e%74\/uploads\/2020\/09\/WhatsApp-Image-2020-09-09-at-21.43.10-169x300.jpeg 169w, https:\/\/informelitoral.com.ar\/%77%70%2d%63%6f%6e%74%65%6e%74\/uploads\/2020\/09\/WhatsApp-Image-2020-09-09-at-21.43.10-577x1024.jpeg 577w, https:\/\/informelitoral.com.ar\/%77%70%2d%63%6f%6e%74%65%6e%74\/uploads\/2020\/09\/WhatsApp-Image-2020-09-09-at-21.43.10-237x420.jpeg 237w, https:\/\/informelitoral.com.ar\/%77%70%2d%63%6f%6e%74%65%6e%74\/uploads\/2020\/09\/WhatsApp-Image-2020-09-09-at-21.43.10.jpeg 640w\" sizes=\"auto, (max-width: 169px) 100vw, 169px\" \/><\/a> <a href=\"https:\/\/www.isletasnoticias.com.ar\/%77%70%2d%63%6f%6e%74%65%6e%74\/uploads\/2020\/09\/WhatsApp-Image-2020-09-09-at-21.43.06.jpeg\"><img loading=\"lazy\" decoding=\"async\" class=\"alignnone size-medium wp-image-49278\" src=\"https:\/\/www.isletasnoticias.com.ar\/%77%70%2d%63%6f%6e%74%65%6e%74\/uploads\/2020\/09\/WhatsApp-Image-2020-09-09-at-21.43.06-169x300.jpeg\" alt=\"\" width=\"169\" height=\"300\" srcset=\"https:\/\/informelitoral.com.ar\/%77%70%2d%63%6f%6e%74%65%6e%74\/uploads\/2020\/09\/WhatsApp-Image-2020-09-09-at-21.43.06-169x300.jpeg 169w, https:\/\/informelitoral.com.ar\/%77%70%2d%63%6f%6e%74%65%6e%74\/uploads\/2020\/09\/WhatsApp-Image-2020-09-09-at-21.43.06-577x1024.jpeg 577w, https:\/\/informelitoral.com.ar\/%77%70%2d%63%6f%6e%74%65%6e%74\/uploads\/2020\/09\/WhatsApp-Image-2020-09-09-at-21.43.06-237x420.jpeg 237w, https:\/\/informelitoral.com.ar\/%77%70%2d%63%6f%6e%74%65%6e%74\/uploads\/2020\/09\/WhatsApp-Image-2020-09-09-at-21.43.06.jpeg 640w\" sizes=\"auto, (max-width: 169px) 100vw, 169px\" \/><\/a><\/p>\n<p>Adem\u00e1s, evidenci\u00f3 que \u00abaunque parezca mentira en este momento estamos siendo fiscalizados por AFIP\u00bb.<\/p>\n<p>\u00abParece una pel\u00edcula de terror. Fiscalizar qu\u00e9 -se pregunt\u00f3- si no hay nada para fiscalizar y aun as\u00ed parece que el Estado no tiene conciencia de lo que pasa en la calle porque todo bien desde el escritorio\u00bb.<\/p>\n<div class=\"cita\">\n<h2>\u00abJam\u00e1s hubo un contagio de Covid-19 en un hotel, rest\u00f3 o bar\u00bb<\/h2>\n<\/div>\n<p>Por su parte, una de las due\u00f1as del \u00abGran Hotel Paran\u00e1\u00bb, Lila Y\u00e1\u00f1ez, sentenci\u00f3: \u00abQueremos y necesitamos trabajar y no nos permiten. Seguiremos con todo tipo de manifestaci\u00f3n hasta que el gobierno nos escuche porque siguen cerrando estallamientos\u00bb.<\/p>\n<p>\u00abNos tuvieron encerrados durante tres meses cuando a\u00fan no hab\u00eda casos de Covid-19 en la provincia para preparar el sistema de salud pero, \u00bfhabr\u00e1n preparado el sistema de salud? porque hoy dicen que est\u00e1 colapsando\u00bb, acus\u00f3 al denunciar que \u00abse cometieron muchos errores\u00bb.<\/p>\n<p>\u00abLos cierres de establecimientos son definitivitos y el \u00fanico responsable es el gobierno que nos obliga a guardarnos, deciden cu\u00e1ndo abrimos y cu\u00e1ndo cerramos\u00bb, reproch\u00f3 al argumentar: \u00abDespu\u00e9s de seis meses parados, lo \u00fanico que queremos es trabajar\u00bb.<\/p>\n<p>En tanto, la responsable de Caf\u00e9 Bruselas, lament\u00f3: \u00abEl pron\u00f3stico es muy desalentador y el hecho de poder trabajar con delivery, sumado a la situaci\u00f3n econ\u00f3mica, es muy complicado para el comerciante independiente\u00bb.<\/p>\n<p>\u00abNos enfocamos en la cafeter\u00eda pero el consumo en la mesa es fundamental para subsistencia y de esta manera, es imposible\u00bb, explic\u00f3 la due\u00f1a de la pasteler\u00eda de calle Urquiza y Buenos Aires.<\/p>\n<p>Al dar cuenta de las \u00abdificultades financieras\u00bb, agreg\u00f3 que \u00abcomerciantes de otros rubros tambi\u00e9n est\u00e1n poniendo plata de sus bolsillos para tratar de pasar esta situaci\u00f3n\u00bb.<\/p>\n<h5>\u00abLa AFIP no est\u00e1 realizando fiscalizaci\u00f3n\u00bb, dijeron desde el sindicato<\/h5>\n<p>Desde la Asociaci\u00f3n de Empleados de la AFIP (Aefip) hicieron saber que\u00a0<b>el organismo \u00abno est\u00e1 realizando ning\u00fan tipo de fiscalizaci\u00f3n\u00bb<\/b>. Lo que se hace, manifestaron que es \u00abun requerimiento habitual de la repartici\u00f3n, en relaci\u00f3n a la moratoria que entrar\u00e1 en vigencia\u00bb<\/p>\n<p>(Fuente: elonce.com)<\/p>\n","protected":false},"excerpt":{"rendered":"<p>Hoteleros y gastron&oacute;micos volvieron a reclamar este mi&eacute;rcoles por la reapertura de sus locales comerciales; fue durante una caravana que recorri&oacute; varios emprendimientos y durante la cual, los responsables sacaron mesas, sillas y camas a la calle. &laquo;Cuando decretaron el aislamiento en marzo pensamos que se nos ven&iacute;a el mundo abajo porque nos pregunt&aacute;bamos c&oacute;mo [&hellip;]<\/p>\n","protected":false},"author":8,"featured_media":49274,"comment_status":"open","ping_status":"open","sticky":false,"template":"","format":"standard","meta":{"fifu_image_url":"","fifu_image_alt":"","footnotes":""},"categories":[9],"tags":[1687,1735,1717,45,1736],"class_list":{"0":"post-49271","1":"post","2":"type-post","3":"status-publish","4":"format-standard","5":"has-post-thumbnail","7":"category-sociedad","8":"tag-bares","9":"tag-gastronomicos","10":"tag-hoteles","11":"tag-parana","12":"tag-restaurantes"},"yoast_head":"<title>La indignaci\u00f3n de un gastron\u00f3mico: &quot;Estamos siendo fiscalizados por AFIP&quot; - Informe Litoral<\/title>\n<meta name=\"robots\" content=\"index, follow, max-snippet:-1, max-image-preview:large, max-video-preview:-1\" \/>\n<link rel=\"canonical\" href=\"https:\/\/informelitoral.com.ar\/gastronomicos-sacaron-sus-mesas-y-sillas-a-la-calle-pidiendo-la-reapertura-en-parana\/\" \/>\n<meta property=\"og:locale\" content=\"es_ES\" \/>\n<meta property=\"og:type\" content=\"article\" \/>\n<meta property=\"og:title\" content=\"La indignaci\u00f3n de un gastron\u00f3mico: &quot;Estamos siendo fiscalizados por AFIP&quot; - Informe Litoral\" \/>\n<meta property=\"og:description\" content=\"Hoteleros y gastron&oacute;micos volvieron a reclamar este mi&eacute;rcoles por la reapertura de sus locales comerciales; fue durante una caravana que recorri&oacute; varios emprendimientos y durante la cual, los responsables sacaron mesas, sillas y camas a la calle. &laquo;Cuando decretaron el aislamiento en marzo pensamos que se nos ven&iacute;a el mundo abajo porque nos pregunt&aacute;bamos c&oacute;mo [&hellip;]\" \/>\n<meta property=\"og:url\" content=\"https:\/\/informelitoral.com.ar\/gastronomicos-sacaron-sus-mesas-y-sillas-a-la-calle-pidiendo-la-reapertura-en-parana\/\" \/>\n<meta property=\"og:site_name\" content=\"Informe Litoral\" \/>\n<meta property=\"article:publisher\" content=\"https:\/\/www.facebook.com\/informelitoral\/\" \/>\n<meta property=\"article:published_time\" content=\"2020-09-10T00:29:16+00:00\" \/>\n<meta property=\"article:modified_time\" content=\"2020-09-10T01:27:06+00:00\" \/>\n<meta property=\"og:image\" content=\"https:\/\/informelitoral.com.ar\/%77%70%2d%63%6f%6e%74%65%6e%74\/uploads\/2020\/09\/WhatsApp-Image-2020-09-09-at-21.33.43.jpeg\" \/>\n\t<meta property=\"og:image:width\" content=\"640\" \/>\n\t<meta property=\"og:image:height\" content=\"1136\" \/>\n\t<meta property=\"og:image:type\" content=\"image\/jpeg\" \/>\n<meta name=\"author\" content=\"Sebastian\" \/>\n<meta name=\"twitter:card\" content=\"summary_large_image\" \/>\n<meta name=\"twitter:creator\" content=\"@InformeLitoral\" \/>\n<meta name=\"twitter:site\" content=\"@InformeLitoral\" \/>\n<meta name=\"twitter:label1\" content=\"Escrito por\" \/>\n\t<meta name=\"twitter:data1\" content=\"Sebastian\" \/>\n\t<meta name=\"twitter:label2\" content=\"Tiempo de lectura\" \/>\n\t<meta name=\"twitter:data2\" content=\"3 minutos\" \/>\n<script type=\"application\/ld+json\" class=\"yoast-schema-graph\">{\"@context\":\"https:\\\/\\\/schema.org\",\"@graph\":[{\"@type\":\"Article\",\"@id\":\"https:\\\/\\\/informelitoral.com.ar\\\/gastronomicos-sacaron-sus-mesas-y-sillas-a-la-calle-pidiendo-la-reapertura-en-parana\\\/#article\",\"isPartOf\":{\"@id\":\"https:\\\/\\\/informelitoral.com.ar\\\/gastronomicos-sacaron-sus-mesas-y-sillas-a-la-calle-pidiendo-la-reapertura-en-parana\\\/\"},\"author\":{\"name\":\"Sebastian\",\"@id\":\"https:\\\/\\\/informelitoral.com.ar\\\/#\\\/schema\\\/person\\\/f05f9f461677119578717524b127d6d5\"},\"headline\":\"La indignaci\u00f3n de un gastron\u00f3mico: \u00abEstamos siendo fiscalizados por AFIP\u00bb\",\"datePublished\":\"2020-09-10T00:29:16+00:00\",\"dateModified\":\"2020-09-10T01:27:06+00:00\",\"mainEntityOfPage\":{\"@id\":\"https:\\\/\\\/informelitoral.com.ar\\\/gastronomicos-sacaron-sus-mesas-y-sillas-a-la-calle-pidiendo-la-reapertura-en-parana\\\/\"},\"wordCount\":633,\"commentCount\":0,\"publisher\":{\"@id\":\"https:\\\/\\\/informelitoral.com.ar\\\/#organization\"},\"image\":{\"@id\":\"https:\\\/\\\/informelitoral.com.ar\\\/gastronomicos-sacaron-sus-mesas-y-sillas-a-la-calle-pidiendo-la-reapertura-en-parana\\\/#primaryimage\"},\"thumbnailUrl\":\"https:\\\/\\\/informelitoral.com.ar\\\/%77%70%2d%63%6f%6e%74%65%6e%74\\\/uploads\\\/2020\\\/09\\\/WhatsApp-Image-2020-09-09-at-21.33.43.jpeg\",\"keywords\":[\"Bares\",\"Gastronomicos\",\"Hoteles\",\"Paran\u00e1\",\"Restaurantes\"],\"articleSection\":[\"Sociedad\"],\"inLanguage\":\"es\",\"potentialAction\":[{\"@type\":\"CommentAction\",\"name\":\"Comment\",\"target\":[\"https:\\\/\\\/informelitoral.com.ar\\\/gastronomicos-sacaron-sus-mesas-y-sillas-a-la-calle-pidiendo-la-reapertura-en-parana\\\/#respond\"]}]},{\"@type\":\"WebPage\",\"@id\":\"https:\\\/\\\/informelitoral.com.ar\\\/gastronomicos-sacaron-sus-mesas-y-sillas-a-la-calle-pidiendo-la-reapertura-en-parana\\\/\",\"url\":\"https:\\\/\\\/informelitoral.com.ar\\\/gastronomicos-sacaron-sus-mesas-y-sillas-a-la-calle-pidiendo-la-reapertura-en-parana\\\/\",\"name\":\"La indignaci\u00f3n de un gastron\u00f3mico: \\\"Estamos siendo fiscalizados por AFIP\\\" - Informe Litoral\",\"isPartOf\":{\"@id\":\"https:\\\/\\\/informelitoral.com.ar\\\/#website\"},\"primaryImageOfPage\":{\"@id\":\"https:\\\/\\\/informelitoral.com.ar\\\/gastronomicos-sacaron-sus-mesas-y-sillas-a-la-calle-pidiendo-la-reapertura-en-parana\\\/#primaryimage\"},\"image\":{\"@id\":\"https:\\\/\\\/informelitoral.com.ar\\\/gastronomicos-sacaron-sus-mesas-y-sillas-a-la-calle-pidiendo-la-reapertura-en-parana\\\/#primaryimage\"},\"thumbnailUrl\":\"https:\\\/\\\/informelitoral.com.ar\\\/%77%70%2d%63%6f%6e%74%65%6e%74\\\/uploads\\\/2020\\\/09\\\/WhatsApp-Image-2020-09-09-at-21.33.43.jpeg\",\"datePublished\":\"2020-09-10T00:29:16+00:00\",\"dateModified\":\"2020-09-10T01:27:06+00:00\",\"breadcrumb\":{\"@id\":\"https:\\\/\\\/informelitoral.com.ar\\\/gastronomicos-sacaron-sus-mesas-y-sillas-a-la-calle-pidiendo-la-reapertura-en-parana\\\/#breadcrumb\"},\"inLanguage\":\"es\",\"potentialAction\":[{\"@type\":\"ReadAction\",\"target\":[\"https:\\\/\\\/informelitoral.com.ar\\\/gastronomicos-sacaron-sus-mesas-y-sillas-a-la-calle-pidiendo-la-reapertura-en-parana\\\/\"]}]},{\"@type\":\"ImageObject\",\"inLanguage\":\"es\",\"@id\":\"https:\\\/\\\/informelitoral.com.ar\\\/gastronomicos-sacaron-sus-mesas-y-sillas-a-la-calle-pidiendo-la-reapertura-en-parana\\\/#primaryimage\",\"url\":\"https:\\\/\\\/informelitoral.com.ar\\\/%77%70%2d%63%6f%6e%74%65%6e%74\\\/uploads\\\/2020\\\/09\\\/WhatsApp-Image-2020-09-09-at-21.33.43.jpeg\",\"contentUrl\":\"https:\\\/\\\/informelitoral.com.ar\\\/%77%70%2d%63%6f%6e%74%65%6e%74\\\/uploads\\\/2020\\\/09\\\/WhatsApp-Image-2020-09-09-at-21.33.43.jpeg\",\"width\":640,\"height\":1136},{\"@type\":\"BreadcrumbList\",\"@id\":\"https:\\\/\\\/informelitoral.com.ar\\\/gastronomicos-sacaron-sus-mesas-y-sillas-a-la-calle-pidiendo-la-reapertura-en-parana\\\/#breadcrumb\",\"itemListElement\":[{\"@type\":\"ListItem\",\"position\":1,\"name\":\"Portada\",\"item\":\"https:\\\/\\\/informelitoral.com.ar\\\/\"},{\"@type\":\"ListItem\",\"position\":2,\"name\":\"La indignaci\u00f3n de un gastron\u00f3mico: \u00abEstamos siendo fiscalizados por AFIP\u00bb\"}]},{\"@type\":\"WebSite\",\"@id\":\"https:\\\/\\\/informelitoral.com.ar\\\/#website\",\"url\":\"https:\\\/\\\/informelitoral.com.ar\\\/\",\"name\":\"Informe Litoral\",\"description\":\"&quot;Nos informamos&quot; \",\"publisher\":{\"@id\":\"https:\\\/\\\/informelitoral.com.ar\\\/#organization\"},\"potentialAction\":[{\"@type\":\"SearchAction\",\"target\":{\"@type\":\"EntryPoint\",\"urlTemplate\":\"https:\\\/\\\/informelitoral.com.ar\\\/?s={search_term_string}\"},\"query-input\":{\"@type\":\"PropertyValueSpecification\",\"valueRequired\":true,\"valueName\":\"search_term_string\"}}],\"inLanguage\":\"es\"},{\"@type\":\"Organization\",\"@id\":\"https:\\\/\\\/informelitoral.com.ar\\\/#organization\",\"name\":\"Informe Litoral\",\"url\":\"https:\\\/\\\/informelitoral.com.ar\\\/\",\"logo\":{\"@type\":\"ImageObject\",\"inLanguage\":\"es\",\"@id\":\"https:\\\/\\\/informelitoral.com.ar\\\/#\\\/schema\\\/logo\\\/image\\\/\",\"url\":\"https:\\\/\\\/informelitoral.com.ar\\\/%77%70%2d%63%6f%6e%74%65%6e%74\\\/uploads\\\/2021\\\/01\\\/circulo.png\",\"contentUrl\":\"https:\\\/\\\/informelitoral.com.ar\\\/%77%70%2d%63%6f%6e%74%65%6e%74\\\/uploads\\\/2021\\\/01\\\/circulo.png\",\"width\":723,\"height\":731,\"caption\":\"Informe Litoral\"},\"image\":{\"@id\":\"https:\\\/\\\/informelitoral.com.ar\\\/#\\\/schema\\\/logo\\\/image\\\/\"},\"sameAs\":[\"https:\\\/\\\/www.facebook.com\\\/informelitoral\\\/\",\"https:\\\/\\\/x.com\\\/InformeLitoral\",\"https:\\\/\\\/www.instagram.com\\\/informelitoral\\\/\",\"https:\\\/\\\/www.youtube.com\\\/channel\\\/UCua4Qvz8Icb6MYqhoq9xLXw\"]},{\"@type\":\"Person\",\"@id\":\"https:\\\/\\\/informelitoral.com.ar\\\/#\\\/schema\\\/person\\\/f05f9f461677119578717524b127d6d5\",\"name\":\"Sebastian\",\"image\":{\"@type\":\"ImageObject\",\"inLanguage\":\"es\",\"@id\":\"https:\\\/\\\/secure.gravatar.com\\\/avatar\\\/b71bf7481d447dfb9583c7f2798e7cc64de6efb9067b74633ed8c31059a3bd82?s=96&d=mm&r=g\",\"url\":\"https:\\\/\\\/secure.gravatar.com\\\/avatar\\\/b71bf7481d447dfb9583c7f2798e7cc64de6efb9067b74633ed8c31059a3bd82?s=96&d=mm&r=g\",\"contentUrl\":\"https:\\\/\\\/secure.gravatar.com\\\/avatar\\\/b71bf7481d447dfb9583c7f2798e7cc64de6efb9067b74633ed8c31059a3bd82?s=96&d=mm&r=g\",\"caption\":\"Sebastian\"},\"url\":\"https:\\\/\\\/informelitoral.com.ar\\\/author\\\/sebastian\\\/\"}]}<\/script>","yoast_head_json":{"title":"La indignaci\u00f3n de un gastron\u00f3mico: \"Estamos siendo fiscalizados por AFIP\" - Informe Litoral","robots":{"index":"index","follow":"follow","max-snippet":"max-snippet:-1","max-image-preview":"max-image-preview:large","max-video-preview":"max-video-preview:-1"},"canonical":"https:\/\/informelitoral.com.ar\/gastronomicos-sacaron-sus-mesas-y-sillas-a-la-calle-pidiendo-la-reapertura-en-parana\/","og_locale":"es_ES","og_type":"article","og_title":"La indignaci\u00f3n de un gastron\u00f3mico: \"Estamos siendo fiscalizados por AFIP\" - Informe Litoral","og_description":"Hoteleros y gastron&oacute;micos volvieron a reclamar este mi&eacute;rcoles por la reapertura de sus locales comerciales; fue durante una caravana que recorri&oacute; varios emprendimientos y durante la cual, los responsables sacaron mesas, sillas y camas a la calle. &laquo;Cuando decretaron el aislamiento en marzo pensamos que se nos ven&iacute;a el mundo abajo porque nos pregunt&aacute;bamos c&oacute;mo [&hellip;]","og_url":"https:\/\/informelitoral.com.ar\/gastronomicos-sacaron-sus-mesas-y-sillas-a-la-calle-pidiendo-la-reapertura-en-parana\/","og_site_name":"Informe Litoral","article_publisher":"https:\/\/www.facebook.com\/informelitoral\/","article_published_time":"2020-09-10T00:29:16+00:00","article_modified_time":"2020-09-10T01:27:06+00:00","og_image":[{"width":640,"height":1136,"url":"https:\/\/informelitoral.com.ar\/%77%70%2d%63%6f%6e%74%65%6e%74\/uploads\/2020\/09\/WhatsApp-Image-2020-09-09-at-21.33.43.jpeg","type":"image\/jpeg"}],"author":"Sebastian","twitter_card":"summary_large_image","twitter_creator":"@InformeLitoral","twitter_site":"@InformeLitoral","twitter_misc":{"Escrito por":"Sebastian","Tiempo de lectura":"3 minutos"},"schema":{"@context":"https:\/\/schema.org","@graph":[{"@type":"Article","@id":"https:\/\/informelitoral.com.ar\/gastronomicos-sacaron-sus-mesas-y-sillas-a-la-calle-pidiendo-la-reapertura-en-parana\/#article","isPartOf":{"@id":"https:\/\/informelitoral.com.ar\/gastronomicos-sacaron-sus-mesas-y-sillas-a-la-calle-pidiendo-la-reapertura-en-parana\/"},"author":{"name":"Sebastian","@id":"https:\/\/informelitoral.com.ar\/#\/schema\/person\/f05f9f461677119578717524b127d6d5"},"headline":"La indignaci\u00f3n de un gastron\u00f3mico: \u00abEstamos siendo fiscalizados por AFIP\u00bb","datePublished":"2020-09-10T00:29:16+00:00","dateModified":"2020-09-10T01:27:06+00:00","mainEntityOfPage":{"@id":"https:\/\/informelitoral.com.ar\/gastronomicos-sacaron-sus-mesas-y-sillas-a-la-calle-pidiendo-la-reapertura-en-parana\/"},"wordCount":633,"commentCount":0,"publisher":{"@id":"https:\/\/informelitoral.com.ar\/#organization"},"image":{"@id":"https:\/\/informelitoral.com.ar\/gastronomicos-sacaron-sus-mesas-y-sillas-a-la-calle-pidiendo-la-reapertura-en-parana\/#primaryimage"},"thumbnailUrl":"https:\/\/informelitoral.com.ar\/%77%70%2d%63%6f%6e%74%65%6e%74\/uploads\/2020\/09\/WhatsApp-Image-2020-09-09-at-21.33.43.jpeg","keywords":["Bares","Gastronomicos","Hoteles","Paran\u00e1","Restaurantes"],"articleSection":["Sociedad"],"inLanguage":"es","potentialAction":[{"@type":"CommentAction","name":"Comment","target":["https:\/\/informelitoral.com.ar\/gastronomicos-sacaron-sus-mesas-y-sillas-a-la-calle-pidiendo-la-reapertura-en-parana\/#respond"]}]},{"@type":"WebPage","@id":"https:\/\/informelitoral.com.ar\/gastronomicos-sacaron-sus-mesas-y-sillas-a-la-calle-pidiendo-la-reapertura-en-parana\/","url":"https:\/\/informelitoral.com.ar\/gastronomicos-sacaron-sus-mesas-y-sillas-a-la-calle-pidiendo-la-reapertura-en-parana\/","name":"La indignaci\u00f3n de un gastron\u00f3mico: \"Estamos siendo fiscalizados por AFIP\" - Informe Litoral","isPartOf":{"@id":"https:\/\/informelitoral.com.ar\/#website"},"primaryImageOfPage":{"@id":"https:\/\/informelitoral.com.ar\/gastronomicos-sacaron-sus-mesas-y-sillas-a-la-calle-pidiendo-la-reapertura-en-parana\/#primaryimage"},"image":{"@id":"https:\/\/informelitoral.com.ar\/gastronomicos-sacaron-sus-mesas-y-sillas-a-la-calle-pidiendo-la-reapertura-en-parana\/#primaryimage"},"thumbnailUrl":"https:\/\/informelitoral.com.ar\/%77%70%2d%63%6f%6e%74%65%6e%74\/uploads\/2020\/09\/WhatsApp-Image-2020-09-09-at-21.33.43.jpeg","datePublished":"2020-09-10T00:29:16+00:00","dateModified":"2020-09-10T01:27:06+00:00","breadcrumb":{"@id":"https:\/\/informelitoral.com.ar\/gastronomicos-sacaron-sus-mesas-y-sillas-a-la-calle-pidiendo-la-reapertura-en-parana\/#breadcrumb"},"inLanguage":"es","potentialAction":[{"@type":"ReadAction","target":["https:\/\/informelitoral.com.ar\/gastronomicos-sacaron-sus-mesas-y-sillas-a-la-calle-pidiendo-la-reapertura-en-parana\/"]}]},{"@type":"ImageObject","inLanguage":"es","@id":"https:\/\/informelitoral.com.ar\/gastronomicos-sacaron-sus-mesas-y-sillas-a-la-calle-pidiendo-la-reapertura-en-parana\/#primaryimage","url":"https:\/\/informelitoral.com.ar\/%77%70%2d%63%6f%6e%74%65%6e%74\/uploads\/2020\/09\/WhatsApp-Image-2020-09-09-at-21.33.43.jpeg","contentUrl":"https:\/\/informelitoral.com.ar\/%77%70%2d%63%6f%6e%74%65%6e%74\/uploads\/2020\/09\/WhatsApp-Image-2020-09-09-at-21.33.43.jpeg","width":640,"height":1136},{"@type":"BreadcrumbList","@id":"https:\/\/informelitoral.com.ar\/gastronomicos-sacaron-sus-mesas-y-sillas-a-la-calle-pidiendo-la-reapertura-en-parana\/#breadcrumb","itemListElement":[{"@type":"ListItem","position":1,"name":"Portada","item":"https:\/\/informelitoral.com.ar\/"},{"@type":"ListItem","position":2,"name":"La indignaci\u00f3n de un gastron\u00f3mico: \u00abEstamos siendo fiscalizados por AFIP\u00bb"}]},{"@type":"WebSite","@id":"https:\/\/informelitoral.com.ar\/#website","url":"https:\/\/informelitoral.com.ar\/","name":"Informe Litoral","description":"&quot;Nos informamos&quot; ","publisher":{"@id":"https:\/\/informelitoral.com.ar\/#organization"},"potentialAction":[{"@type":"SearchAction","target":{"@type":"EntryPoint","urlTemplate":"https:\/\/informelitoral.com.ar\/?s={search_term_string}"},"query-input":{"@type":"PropertyValueSpecification","valueRequired":true,"valueName":"search_term_string"}}],"inLanguage":"es"},{"@type":"Organization","@id":"https:\/\/informelitoral.com.ar\/#organization","name":"Informe Litoral","url":"https:\/\/informelitoral.com.ar\/","logo":{"@type":"ImageObject","inLanguage":"es","@id":"https:\/\/informelitoral.com.ar\/#\/schema\/logo\/image\/","url":"https:\/\/informelitoral.com.ar\/%77%70%2d%63%6f%6e%74%65%6e%74\/uploads\/2021\/01\/circulo.png","contentUrl":"https:\/\/informelitoral.com.ar\/%77%70%2d%63%6f%6e%74%65%6e%74\/uploads\/2021\/01\/circulo.png","width":723,"height":731,"caption":"Informe Litoral"},"image":{"@id":"https:\/\/informelitoral.com.ar\/#\/schema\/logo\/image\/"},"sameAs":["https:\/\/www.facebook.com\/informelitoral\/","https:\/\/x.com\/InformeLitoral","https:\/\/www.instagram.com\/informelitoral\/","https:\/\/www.youtube.com\/channel\/UCua4Qvz8Icb6MYqhoq9xLXw"]},{"@type":"Person","@id":"https:\/\/informelitoral.com.ar\/#\/schema\/person\/f05f9f461677119578717524b127d6d5","name":"Sebastian","image":{"@type":"ImageObject","inLanguage":"es","@id":"https:\/\/secure.gravatar.com\/avatar\/b71bf7481d447dfb9583c7f2798e7cc64de6efb9067b74633ed8c31059a3bd82?s=96&d=mm&r=g","url":"https:\/\/secure.gravatar.com\/avatar\/b71bf7481d447dfb9583c7f2798e7cc64de6efb9067b74633ed8c31059a3bd82?s=96&d=mm&r=g","contentUrl":"https:\/\/secure.gravatar.com\/avatar\/b71bf7481d447dfb9583c7f2798e7cc64de6efb9067b74633ed8c31059a3bd82?s=96&d=mm&r=g","caption":"Sebastian"},"url":"https:\/\/informelitoral.com.ar\/author\/sebastian\/"}]}},"_links":{"self":[{"href":"https:\/\/informelitoral.com.ar\/%77%70%2d%6a%73%6f%6e\/wp\/v2\/posts\/49271","targetHints":{"allow":["GET"]}}],"collection":[{"href":"https:\/\/informelitoral.com.ar\/%77%70%2d%6a%73%6f%6e\/wp\/v2\/posts"}],"about":[{"href":"https:\/\/informelitoral.com.ar\/%77%70%2d%6a%73%6f%6e\/wp\/v2\/types\/post"}],"author":[{"embeddable":true,"href":"https:\/\/informelitoral.com.ar\/%77%70%2d%6a%73%6f%6e\/wp\/v2\/users\/8"}],"replies":[{"embeddable":true,"href":"https:\/\/informelitoral.com.ar\/%77%70%2d%6a%73%6f%6e\/wp\/v2\/comments?post=49271"}],"version-history":[{"count":0,"href":"https:\/\/informelitoral.com.ar\/%77%70%2d%6a%73%6f%6e\/wp\/v2\/posts\/49271\/revisions"}],"wp:featuredmedia":[{"embeddable":true,"href":"https:\/\/informelitoral.com.ar\/%77%70%2d%6a%73%6f%6e\/wp\/v2\/media\/49274"}],"wp:attachment":[{"href":"https:\/\/informelitoral.com.ar\/%77%70%2d%6a%73%6f%6e\/wp\/v2\/media?parent=49271"}],"wp:term":[{"taxonomy":"category","embeddable":true,"href":"https:\/\/informelitoral.com.ar\/%77%70%2d%6a%73%6f%6e\/wp\/v2\/categories?post=49271"},{"taxonomy":"post_tag","embeddable":true,"href":"https:\/\/informelitoral.com.ar\/%77%70%2d%6a%73%6f%6e\/wp\/v2\/tags?post=49271"}],"curies":[{"name":"wp","href":"https:\/\/api.w.org\/{rel}","templated":true}]}}