{"id":49266,"date":"2020-09-09T21:24:14","date_gmt":"2020-09-10T00:24:14","guid":{"rendered":"https:\/\/www.isletasnoticias.com.ar\/?p=49266"},"modified":"2020-09-09T21:24:14","modified_gmt":"2020-09-10T00:24:14","slug":"argentina-volvio-a-registrar-en-agosto-una-de-las-tasas-de-inflacion-mas-altas-del-mundo","status":"publish","type":"post","link":"https:\/\/informelitoral.com.ar\/argentina-volvio-a-registrar-en-agosto-una-de-las-tasas-de-inflacion-mas-altas-del-mundo\/","title":{"rendered":"Argentina volvi\u00f3 a registrar en agosto una de las tasas de inflaci\u00f3n m\u00e1s altas del mundo"},"content":{"rendered":"<p>La Argentina volvi\u00f3 a presentar en agosto la segunda inflaci\u00f3n m\u00e1s alta de la regi\u00f3n y una de las m\u00e1s altas del mundo, en un contexto global que casi no registra alza de precios.<\/p>\n<p>Las consultoras y bancos estimaron que el IPC del mes pasado rond\u00f3 el 2,8% y acumul\u00f3 una suba del 19% desde enero y del 41% en los \u00faltimos 12 meses. El Instituto Nacional de Estad\u00edstica y Censos (INDEC) dar\u00e1 a conocer la cifra el jueves 16 de este mes. En particular, Seido estim\u00f3 un alza del 3,5%, Econviews del 3%, Ecolatina y Eco Go del 2,6% y C&amp;T del 2,2 por ciento.<\/p>\n<p>Las proyecciones de los analistas de bancos y consultoras, en promedio, estiman que llegar\u00e1 al 43,9% a fin de 2020 seg\u00fan Latinfocus (37,8% en el caso del Relevamiento de Expectativas del Mercado que elabora el Banco Central), pero el Citi prev\u00e9 un 52,6%, Euromonitor 46,8%, Moody\u2019s 47,9%, Fitch 45,9 y Abeceb el 39,1 por ciento. Para el a\u00f1o pr\u00f3ximo, el promedio es del 45,9%, aunque el Citi se estir\u00f3 hasta el 63,5%, BancTrust el 61%, Empiria el 55,4% y Torino Capital el 32,7 por ciento.<\/p>\n<p>Para llegar al 38% a fin de a\u00f1o, los analistas prev\u00e9n que en el \u00faltimo cuatrimestre la inflaci\u00f3n rondar\u00e1 el 4% mensual; sin embargo, el Gobierno sigue demorando los aumentos en los precios finales y mantiene su tablita de devaluaci\u00f3n controlada para que el IPC vuele bajo.<\/p>\n<p>Seg\u00fan las proyecciones del Fondo Monetario Internacional (FMI), este a\u00f1o, con un 39,5%, la Argentina ocupar\u00e1 el octavo lugar en el ranking de inflaci\u00f3n mundial, detr\u00e1s del 15.000% de Venezuela, Zimbabue, Sud\u00e1n, Surinam, Yemen, Ir\u00e1n y Sud\u00e1n del Sur.<\/p>\n<p>Esto ubic\u00f3 al pa\u00eds por segundo a\u00f1o consecutivo en el segundo peor lugar en el ranking de miseria econ\u00f3mica que elabora Bloomberg, despu\u00e9s de Venezuela.<\/p>\n<p>Hasta ahora, se conocieron varios resultados oficiales de la regi\u00f3n de agosto. Entre ellos. Uruguay exhibi\u00f3 una inflaci\u00f3n del 0,5% el mes pasado, del 7,9% desde enero y del 9,7% en los \u00faltimos 12 meses.<\/p>\n<p>En Paraguay fue del 0,5%, del 0,2% en ocho meses y del 1,6% en el \u00faltimo a\u00f1o. En Chile, lleg\u00f3 al 0,1% el mes pasado, al 1,4% desde enero y al 2,4% en el \u00faltimo a\u00f1o. En el caso de Bolivia, fue del 1,4% y del 0,5% en el ultimo a\u00f1o.<\/p>\n<p>En Per\u00fa hubo deflaci\u00f3n del -0,1% y una suba del 1,7% en los \u00faltimos 12 meses. Tambi\u00e9n en Ecuador se registr\u00f3 una baja el mes pasado, del -0,7%, acumulando una deflaci\u00f3n de -0,7% en el \u00faltimo a\u00f1o.<\/p>\n<p>En Am\u00e9rica Central, Honduras registr\u00f3 el 0,18% y el 2% interanual, mientras que en Costa Rica hubo una deflaci\u00f3n del -0,07% y del -0,17% en el \u00faltimo a\u00f1o. Resta conocer, entre otros el IPC de Nicaragua, que julio aument\u00f3 el 0,8% y el 1,3% desde enero.<\/p>\n<p>Resta saber, entre otros, los \u00edndices de Brasil, M\u00e9xico y Venezuela del mes pasado. El pa\u00eds gobernado por Nicol\u00e1s Maduro tiene el r\u00e9cord mundial de inflaci\u00f3n. En julio inform\u00f3 una inflaci\u00f3n del 19,6%, mientras que para la Asamblea Nacional fue del 55%; a nivel anual, las cifras fueron de 2.358% y 9.585%, respectivamente.<\/p>\n<p>Al respecto, hoy se conocer\u00e1n los datos oficiales de M\u00e9xico (ser\u00eda del 0,4% y del 4% en el \u00faltimo a\u00f1o, seg\u00fan el Ita\u00fa) y Brasil (0,2% y 2,4%).<\/p>\n<p>&nbsp;<\/p>\n<p><b>Tendencia a la baja<\/b><\/p>\n<p>Un informe del banco Ita\u00fa indic\u00f3 que, aunque en los primeros meses de la pandemia se not\u00f3 una tendencia claramente deflacionaria en casi todo el mundo por el shock negativo sobre la oferta y la demanda, en julio este resultado cambi\u00f3 levemente en los pa\u00edses que apelaron a un fuerte est\u00edmulo fiscal y que comenzaron a exhibir algunas t\u00edmidas se\u00f1ales de reactivaci\u00f3n econ\u00f3mica.<\/p>\n<p>En particular, expres\u00f3 que las transferencias directas que recibieron las personas de menores recursos en la mayor\u00eda de los pa\u00edses -como el Ingreso Familiar de Emergencia en la Argentina- ayudaron a mitigar este reciente incremento en los precios y, a la vez, permitieron sostener una parte de la demanda que hab\u00eda ca\u00eddo en forma brutal desde marzo \u00faltimo.<\/p>\n<p>Adem\u00e1s, se nota una clara brecha entre la baja del precio en los servicios (por demanda) y la suba en los bienes (por cuestiones de oferta), acot\u00f3 el informe del principal banco privado brasile\u00f1o.<\/p>\n<p>En la zona de los pa\u00edses desarrollados, en el \u00faltimo a\u00f1o Estados Unidos registr\u00f3 una inflaci\u00f3n del 1%, Europa del 0,3% y Jap\u00f3n del 0,3 por ciento, respectivamente.<\/p>\n<p>Los agentes del mercado y los analistas prev\u00e9n que la pol\u00edtica de tasa cero se mantendr\u00e1 por bastante tiempo mientras persista la crisis global y advierten que en el futuro no muy lejano habr\u00e1 una ola de alto endeudamiento soberano y d\u00e9ficit fiscal que podr\u00edan generar una suba en los intereses. Pero eso ocurrir\u00eda en unos a\u00f1os y, por ahora, no le preocupa a ning\u00fan actor relevante de la pol\u00edtica p\u00fablica global; la Argentina, al parecer, tambi\u00e9n marca diferencias en este sentido.<\/p>\n","protected":false},"excerpt":{"rendered":"<p>La Argentina volvi&oacute; a presentar en agosto la segunda inflaci&oacute;n m&aacute;s alta de la regi&oacute;n y una de las m&aacute;s altas del mundo, en un contexto global que casi no registra alza de precios. Las consultoras y bancos estimaron que el IPC del mes pasado rond&oacute; el 2,8% y acumul&oacute; una suba del 19% desde [&hellip;]<\/p>\n","protected":false},"author":8,"featured_media":26732,"comment_status":"open","ping_status":"open","sticky":false,"template":"","format":"standard","meta":{"fifu_image_url":"","fifu_image_alt":"","footnotes":""},"categories":[7],"tags":[246,1288,44,95],"class_list":{"0":"post-49266","1":"post","2":"type-post","3":"status-publish","4":"format-standard","5":"has-post-thumbnail","7":"category-nacionales","8":"tag-argentina","9":"tag-crisis-economica","10":"tag-economia","11":"tag-inflacion"},"yoast_head":"<title>Argentina volvi\u00f3 a registrar en agosto una de las tasas de inflaci\u00f3n m\u00e1s altas del mundo - Informe Litoral<\/title>\n<meta name=\"robots\" content=\"index, follow, max-snippet:-1, max-image-preview:large, max-video-preview:-1\" \/>\n<link rel=\"canonical\" href=\"https:\/\/informelitoral.com.ar\/argentina-volvio-a-registrar-en-agosto-una-de-las-tasas-de-inflacion-mas-altas-del-mundo\/\" \/>\n<meta property=\"og:locale\" content=\"es_ES\" \/>\n<meta property=\"og:type\" content=\"article\" \/>\n<meta property=\"og:title\" content=\"Argentina volvi\u00f3 a registrar en agosto una de las tasas de inflaci\u00f3n m\u00e1s altas del mundo - Informe Litoral\" \/>\n<meta property=\"og:description\" content=\"La Argentina volvi&oacute; a presentar en agosto la segunda inflaci&oacute;n m&aacute;s alta de la regi&oacute;n y una de las m&aacute;s altas del mundo, en un contexto global que casi no registra alza de precios. Las consultoras y bancos estimaron que el IPC del mes pasado rond&oacute; el 2,8% y acumul&oacute; una suba del 19% desde [&hellip;]\" \/>\n<meta property=\"og:url\" content=\"https:\/\/informelitoral.com.ar\/argentina-volvio-a-registrar-en-agosto-una-de-las-tasas-de-inflacion-mas-altas-del-mundo\/\" \/>\n<meta property=\"og:site_name\" content=\"Informe Litoral\" \/>\n<meta property=\"article:publisher\" content=\"https:\/\/www.facebook.com\/informelitoral\/\" \/>\n<meta property=\"article:published_time\" content=\"2020-09-10T00:24:14+00:00\" \/>\n<meta property=\"og:image\" content=\"https:\/\/informelitoral.com.ar\/%77%70%2d%63%6f%6e%74%65%6e%74\/uploads\/2018\/05\/ventas-supermercado.jpg\" \/>\n\t<meta property=\"og:image:width\" content=\"678\" \/>\n\t<meta property=\"og:image:height\" content=\"387\" \/>\n\t<meta property=\"og:image:type\" content=\"image\/jpeg\" \/>\n<meta name=\"author\" content=\"Sebastian\" \/>\n<meta name=\"twitter:card\" content=\"summary_large_image\" \/>\n<meta name=\"twitter:creator\" content=\"@InformeLitoral\" \/>\n<meta name=\"twitter:site\" content=\"@InformeLitoral\" \/>\n<meta name=\"twitter:label1\" content=\"Escrito por\" \/>\n\t<meta name=\"twitter:data1\" content=\"Sebastian\" \/>\n\t<meta name=\"twitter:label2\" content=\"Tiempo de lectura\" \/>\n\t<meta name=\"twitter:data2\" content=\"4 minutos\" \/>\n<script type=\"application\/ld+json\" class=\"yoast-schema-graph\">{\"@context\":\"https:\\\/\\\/schema.org\",\"@graph\":[{\"@type\":\"Article\",\"@id\":\"https:\\\/\\\/informelitoral.com.ar\\\/argentina-volvio-a-registrar-en-agosto-una-de-las-tasas-de-inflacion-mas-altas-del-mundo\\\/#article\",\"isPartOf\":{\"@id\":\"https:\\\/\\\/informelitoral.com.ar\\\/argentina-volvio-a-registrar-en-agosto-una-de-las-tasas-de-inflacion-mas-altas-del-mundo\\\/\"},\"author\":{\"name\":\"Sebastian\",\"@id\":\"https:\\\/\\\/informelitoral.com.ar\\\/#\\\/schema\\\/person\\\/f05f9f461677119578717524b127d6d5\"},\"headline\":\"Argentina volvi\u00f3 a registrar en agosto una de las tasas de inflaci\u00f3n m\u00e1s altas del mundo\",\"datePublished\":\"2020-09-10T00:24:14+00:00\",\"mainEntityOfPage\":{\"@id\":\"https:\\\/\\\/informelitoral.com.ar\\\/argentina-volvio-a-registrar-en-agosto-una-de-las-tasas-de-inflacion-mas-altas-del-mundo\\\/\"},\"wordCount\":860,\"commentCount\":0,\"publisher\":{\"@id\":\"https:\\\/\\\/informelitoral.com.ar\\\/#organization\"},\"image\":{\"@id\":\"https:\\\/\\\/informelitoral.com.ar\\\/argentina-volvio-a-registrar-en-agosto-una-de-las-tasas-de-inflacion-mas-altas-del-mundo\\\/#primaryimage\"},\"thumbnailUrl\":\"https:\\\/\\\/informelitoral.com.ar\\\/%77%70%2d%63%6f%6e%74%65%6e%74\\\/uploads\\\/2018\\\/05\\\/ventas-supermercado.jpg\",\"keywords\":[\"Argentina\",\"Crisis econ\u00f3mica\",\"Econom\u00eda\",\"Inflaci\u00f3n\"],\"articleSection\":[\"Nacionales\"],\"inLanguage\":\"es\",\"potentialAction\":[{\"@type\":\"CommentAction\",\"name\":\"Comment\",\"target\":[\"https:\\\/\\\/informelitoral.com.ar\\\/argentina-volvio-a-registrar-en-agosto-una-de-las-tasas-de-inflacion-mas-altas-del-mundo\\\/#respond\"]}]},{\"@type\":\"WebPage\",\"@id\":\"https:\\\/\\\/informelitoral.com.ar\\\/argentina-volvio-a-registrar-en-agosto-una-de-las-tasas-de-inflacion-mas-altas-del-mundo\\\/\",\"url\":\"https:\\\/\\\/informelitoral.com.ar\\\/argentina-volvio-a-registrar-en-agosto-una-de-las-tasas-de-inflacion-mas-altas-del-mundo\\\/\",\"name\":\"Argentina volvi\u00f3 a registrar en agosto una de las tasas de inflaci\u00f3n m\u00e1s altas del mundo - Informe Litoral\",\"isPartOf\":{\"@id\":\"https:\\\/\\\/informelitoral.com.ar\\\/#website\"},\"primaryImageOfPage\":{\"@id\":\"https:\\\/\\\/informelitoral.com.ar\\\/argentina-volvio-a-registrar-en-agosto-una-de-las-tasas-de-inflacion-mas-altas-del-mundo\\\/#primaryimage\"},\"image\":{\"@id\":\"https:\\\/\\\/informelitoral.com.ar\\\/argentina-volvio-a-registrar-en-agosto-una-de-las-tasas-de-inflacion-mas-altas-del-mundo\\\/#primaryimage\"},\"thumbnailUrl\":\"https:\\\/\\\/informelitoral.com.ar\\\/%77%70%2d%63%6f%6e%74%65%6e%74\\\/uploads\\\/2018\\\/05\\\/ventas-supermercado.jpg\",\"datePublished\":\"2020-09-10T00:24:14+00:00\",\"breadcrumb\":{\"@id\":\"https:\\\/\\\/informelitoral.com.ar\\\/argentina-volvio-a-registrar-en-agosto-una-de-las-tasas-de-inflacion-mas-altas-del-mundo\\\/#breadcrumb\"},\"inLanguage\":\"es\",\"potentialAction\":[{\"@type\":\"ReadAction\",\"target\":[\"https:\\\/\\\/informelitoral.com.ar\\\/argentina-volvio-a-registrar-en-agosto-una-de-las-tasas-de-inflacion-mas-altas-del-mundo\\\/\"]}]},{\"@type\":\"ImageObject\",\"inLanguage\":\"es\",\"@id\":\"https:\\\/\\\/informelitoral.com.ar\\\/argentina-volvio-a-registrar-en-agosto-una-de-las-tasas-de-inflacion-mas-altas-del-mundo\\\/#primaryimage\",\"url\":\"https:\\\/\\\/informelitoral.com.ar\\\/%77%70%2d%63%6f%6e%74%65%6e%74\\\/uploads\\\/2018\\\/05\\\/ventas-supermercado.jpg\",\"contentUrl\":\"https:\\\/\\\/informelitoral.com.ar\\\/%77%70%2d%63%6f%6e%74%65%6e%74\\\/uploads\\\/2018\\\/05\\\/ventas-supermercado.jpg\",\"width\":678,\"height\":387},{\"@type\":\"BreadcrumbList\",\"@id\":\"https:\\\/\\\/informelitoral.com.ar\\\/argentina-volvio-a-registrar-en-agosto-una-de-las-tasas-de-inflacion-mas-altas-del-mundo\\\/#breadcrumb\",\"itemListElement\":[{\"@type\":\"ListItem\",\"position\":1,\"name\":\"Portada\",\"item\":\"https:\\\/\\\/informelitoral.com.ar\\\/\"},{\"@type\":\"ListItem\",\"position\":2,\"name\":\"Argentina volvi\u00f3 a registrar en agosto una de las tasas de inflaci\u00f3n m\u00e1s altas del mundo\"}]},{\"@type\":\"WebSite\",\"@id\":\"https:\\\/\\\/informelitoral.com.ar\\\/#website\",\"url\":\"https:\\\/\\\/informelitoral.com.ar\\\/\",\"name\":\"Informe Litoral\",\"description\":\"&quot;Nos informamos&quot; \",\"publisher\":{\"@id\":\"https:\\\/\\\/informelitoral.com.ar\\\/#organization\"},\"potentialAction\":[{\"@type\":\"SearchAction\",\"target\":{\"@type\":\"EntryPoint\",\"urlTemplate\":\"https:\\\/\\\/informelitoral.com.ar\\\/?s={search_term_string}\"},\"query-input\":{\"@type\":\"PropertyValueSpecification\",\"valueRequired\":true,\"valueName\":\"search_term_string\"}}],\"inLanguage\":\"es\"},{\"@type\":\"Organization\",\"@id\":\"https:\\\/\\\/informelitoral.com.ar\\\/#organization\",\"name\":\"Informe Litoral\",\"url\":\"https:\\\/\\\/informelitoral.com.ar\\\/\",\"logo\":{\"@type\":\"ImageObject\",\"inLanguage\":\"es\",\"@id\":\"https:\\\/\\\/informelitoral.com.ar\\\/#\\\/schema\\\/logo\\\/image\\\/\",\"url\":\"https:\\\/\\\/informelitoral.com.ar\\\/%77%70%2d%63%6f%6e%74%65%6e%74\\\/uploads\\\/2021\\\/01\\\/circulo.png\",\"contentUrl\":\"https:\\\/\\\/informelitoral.com.ar\\\/%77%70%2d%63%6f%6e%74%65%6e%74\\\/uploads\\\/2021\\\/01\\\/circulo.png\",\"width\":723,\"height\":731,\"caption\":\"Informe Litoral\"},\"image\":{\"@id\":\"https:\\\/\\\/informelitoral.com.ar\\\/#\\\/schema\\\/logo\\\/image\\\/\"},\"sameAs\":[\"https:\\\/\\\/www.facebook.com\\\/informelitoral\\\/\",\"https:\\\/\\\/x.com\\\/InformeLitoral\",\"https:\\\/\\\/www.instagram.com\\\/informelitoral\\\/\",\"https:\\\/\\\/www.youtube.com\\\/channel\\\/UCua4Qvz8Icb6MYqhoq9xLXw\"]},{\"@type\":\"Person\",\"@id\":\"https:\\\/\\\/informelitoral.com.ar\\\/#\\\/schema\\\/person\\\/f05f9f461677119578717524b127d6d5\",\"name\":\"Sebastian\",\"image\":{\"@type\":\"ImageObject\",\"inLanguage\":\"es\",\"@id\":\"https:\\\/\\\/secure.gravatar.com\\\/avatar\\\/b71bf7481d447dfb9583c7f2798e7cc64de6efb9067b74633ed8c31059a3bd82?s=96&d=mm&r=g\",\"url\":\"https:\\\/\\\/secure.gravatar.com\\\/avatar\\\/b71bf7481d447dfb9583c7f2798e7cc64de6efb9067b74633ed8c31059a3bd82?s=96&d=mm&r=g\",\"contentUrl\":\"https:\\\/\\\/secure.gravatar.com\\\/avatar\\\/b71bf7481d447dfb9583c7f2798e7cc64de6efb9067b74633ed8c31059a3bd82?s=96&d=mm&r=g\",\"caption\":\"Sebastian\"},\"url\":\"https:\\\/\\\/informelitoral.com.ar\\\/author\\\/sebastian\\\/\"}]}<\/script>","yoast_head_json":{"title":"Argentina volvi\u00f3 a registrar en agosto una de las tasas de inflaci\u00f3n m\u00e1s altas del mundo - Informe Litoral","robots":{"index":"index","follow":"follow","max-snippet":"max-snippet:-1","max-image-preview":"max-image-preview:large","max-video-preview":"max-video-preview:-1"},"canonical":"https:\/\/informelitoral.com.ar\/argentina-volvio-a-registrar-en-agosto-una-de-las-tasas-de-inflacion-mas-altas-del-mundo\/","og_locale":"es_ES","og_type":"article","og_title":"Argentina volvi\u00f3 a registrar en agosto una de las tasas de inflaci\u00f3n m\u00e1s altas del mundo - Informe Litoral","og_description":"La Argentina volvi&oacute; a presentar en agosto la segunda inflaci&oacute;n m&aacute;s alta de la regi&oacute;n y una de las m&aacute;s altas del mundo, en un contexto global que casi no registra alza de precios. Las consultoras y bancos estimaron que el IPC del mes pasado rond&oacute; el 2,8% y acumul&oacute; una suba del 19% desde [&hellip;]","og_url":"https:\/\/informelitoral.com.ar\/argentina-volvio-a-registrar-en-agosto-una-de-las-tasas-de-inflacion-mas-altas-del-mundo\/","og_site_name":"Informe Litoral","article_publisher":"https:\/\/www.facebook.com\/informelitoral\/","article_published_time":"2020-09-10T00:24:14+00:00","og_image":[{"width":678,"height":387,"url":"https:\/\/informelitoral.com.ar\/%77%70%2d%63%6f%6e%74%65%6e%74\/uploads\/2018\/05\/ventas-supermercado.jpg","type":"image\/jpeg"}],"author":"Sebastian","twitter_card":"summary_large_image","twitter_creator":"@InformeLitoral","twitter_site":"@InformeLitoral","twitter_misc":{"Escrito por":"Sebastian","Tiempo de lectura":"4 minutos"},"schema":{"@context":"https:\/\/schema.org","@graph":[{"@type":"Article","@id":"https:\/\/informelitoral.com.ar\/argentina-volvio-a-registrar-en-agosto-una-de-las-tasas-de-inflacion-mas-altas-del-mundo\/#article","isPartOf":{"@id":"https:\/\/informelitoral.com.ar\/argentina-volvio-a-registrar-en-agosto-una-de-las-tasas-de-inflacion-mas-altas-del-mundo\/"},"author":{"name":"Sebastian","@id":"https:\/\/informelitoral.com.ar\/#\/schema\/person\/f05f9f461677119578717524b127d6d5"},"headline":"Argentina volvi\u00f3 a registrar en agosto una de las tasas de inflaci\u00f3n m\u00e1s altas del mundo","datePublished":"2020-09-10T00:24:14+00:00","mainEntityOfPage":{"@id":"https:\/\/informelitoral.com.ar\/argentina-volvio-a-registrar-en-agosto-una-de-las-tasas-de-inflacion-mas-altas-del-mundo\/"},"wordCount":860,"commentCount":0,"publisher":{"@id":"https:\/\/informelitoral.com.ar\/#organization"},"image":{"@id":"https:\/\/informelitoral.com.ar\/argentina-volvio-a-registrar-en-agosto-una-de-las-tasas-de-inflacion-mas-altas-del-mundo\/#primaryimage"},"thumbnailUrl":"https:\/\/informelitoral.com.ar\/%77%70%2d%63%6f%6e%74%65%6e%74\/uploads\/2018\/05\/ventas-supermercado.jpg","keywords":["Argentina","Crisis econ\u00f3mica","Econom\u00eda","Inflaci\u00f3n"],"articleSection":["Nacionales"],"inLanguage":"es","potentialAction":[{"@type":"CommentAction","name":"Comment","target":["https:\/\/informelitoral.com.ar\/argentina-volvio-a-registrar-en-agosto-una-de-las-tasas-de-inflacion-mas-altas-del-mundo\/#respond"]}]},{"@type":"WebPage","@id":"https:\/\/informelitoral.com.ar\/argentina-volvio-a-registrar-en-agosto-una-de-las-tasas-de-inflacion-mas-altas-del-mundo\/","url":"https:\/\/informelitoral.com.ar\/argentina-volvio-a-registrar-en-agosto-una-de-las-tasas-de-inflacion-mas-altas-del-mundo\/","name":"Argentina volvi\u00f3 a registrar en agosto una de las tasas de inflaci\u00f3n m\u00e1s altas del mundo - Informe Litoral","isPartOf":{"@id":"https:\/\/informelitoral.com.ar\/#website"},"primaryImageOfPage":{"@id":"https:\/\/informelitoral.com.ar\/argentina-volvio-a-registrar-en-agosto-una-de-las-tasas-de-inflacion-mas-altas-del-mundo\/#primaryimage"},"image":{"@id":"https:\/\/informelitoral.com.ar\/argentina-volvio-a-registrar-en-agosto-una-de-las-tasas-de-inflacion-mas-altas-del-mundo\/#primaryimage"},"thumbnailUrl":"https:\/\/informelitoral.com.ar\/%77%70%2d%63%6f%6e%74%65%6e%74\/uploads\/2018\/05\/ventas-supermercado.jpg","datePublished":"2020-09-10T00:24:14+00:00","breadcrumb":{"@id":"https:\/\/informelitoral.com.ar\/argentina-volvio-a-registrar-en-agosto-una-de-las-tasas-de-inflacion-mas-altas-del-mundo\/#breadcrumb"},"inLanguage":"es","potentialAction":[{"@type":"ReadAction","target":["https:\/\/informelitoral.com.ar\/argentina-volvio-a-registrar-en-agosto-una-de-las-tasas-de-inflacion-mas-altas-del-mundo\/"]}]},{"@type":"ImageObject","inLanguage":"es","@id":"https:\/\/informelitoral.com.ar\/argentina-volvio-a-registrar-en-agosto-una-de-las-tasas-de-inflacion-mas-altas-del-mundo\/#primaryimage","url":"https:\/\/informelitoral.com.ar\/%77%70%2d%63%6f%6e%74%65%6e%74\/uploads\/2018\/05\/ventas-supermercado.jpg","contentUrl":"https:\/\/informelitoral.com.ar\/%77%70%2d%63%6f%6e%74%65%6e%74\/uploads\/2018\/05\/ventas-supermercado.jpg","width":678,"height":387},{"@type":"BreadcrumbList","@id":"https:\/\/informelitoral.com.ar\/argentina-volvio-a-registrar-en-agosto-una-de-las-tasas-de-inflacion-mas-altas-del-mundo\/#breadcrumb","itemListElement":[{"@type":"ListItem","position":1,"name":"Portada","item":"https:\/\/informelitoral.com.ar\/"},{"@type":"ListItem","position":2,"name":"Argentina volvi\u00f3 a registrar en agosto una de las tasas de inflaci\u00f3n m\u00e1s altas del mundo"}]},{"@type":"WebSite","@id":"https:\/\/informelitoral.com.ar\/#website","url":"https:\/\/informelitoral.com.ar\/","name":"Informe Litoral","description":"&quot;Nos informamos&quot; ","publisher":{"@id":"https:\/\/informelitoral.com.ar\/#organization"},"potentialAction":[{"@type":"SearchAction","target":{"@type":"EntryPoint","urlTemplate":"https:\/\/informelitoral.com.ar\/?s={search_term_string}"},"query-input":{"@type":"PropertyValueSpecification","valueRequired":true,"valueName":"search_term_string"}}],"inLanguage":"es"},{"@type":"Organization","@id":"https:\/\/informelitoral.com.ar\/#organization","name":"Informe Litoral","url":"https:\/\/informelitoral.com.ar\/","logo":{"@type":"ImageObject","inLanguage":"es","@id":"https:\/\/informelitoral.com.ar\/#\/schema\/logo\/image\/","url":"https:\/\/informelitoral.com.ar\/%77%70%2d%63%6f%6e%74%65%6e%74\/uploads\/2021\/01\/circulo.png","contentUrl":"https:\/\/informelitoral.com.ar\/%77%70%2d%63%6f%6e%74%65%6e%74\/uploads\/2021\/01\/circulo.png","width":723,"height":731,"caption":"Informe Litoral"},"image":{"@id":"https:\/\/informelitoral.com.ar\/#\/schema\/logo\/image\/"},"sameAs":["https:\/\/www.facebook.com\/informelitoral\/","https:\/\/x.com\/InformeLitoral","https:\/\/www.instagram.com\/informelitoral\/","https:\/\/www.youtube.com\/channel\/UCua4Qvz8Icb6MYqhoq9xLXw"]},{"@type":"Person","@id":"https:\/\/informelitoral.com.ar\/#\/schema\/person\/f05f9f461677119578717524b127d6d5","name":"Sebastian","image":{"@type":"ImageObject","inLanguage":"es","@id":"https:\/\/secure.gravatar.com\/avatar\/b71bf7481d447dfb9583c7f2798e7cc64de6efb9067b74633ed8c31059a3bd82?s=96&d=mm&r=g","url":"https:\/\/secure.gravatar.com\/avatar\/b71bf7481d447dfb9583c7f2798e7cc64de6efb9067b74633ed8c31059a3bd82?s=96&d=mm&r=g","contentUrl":"https:\/\/secure.gravatar.com\/avatar\/b71bf7481d447dfb9583c7f2798e7cc64de6efb9067b74633ed8c31059a3bd82?s=96&d=mm&r=g","caption":"Sebastian"},"url":"https:\/\/informelitoral.com.ar\/author\/sebastian\/"}]}},"_links":{"self":[{"href":"https:\/\/informelitoral.com.ar\/%77%70%2d%6a%73%6f%6e\/wp\/v2\/posts\/49266","targetHints":{"allow":["GET"]}}],"collection":[{"href":"https:\/\/informelitoral.com.ar\/%77%70%2d%6a%73%6f%6e\/wp\/v2\/posts"}],"about":[{"href":"https:\/\/informelitoral.com.ar\/%77%70%2d%6a%73%6f%6e\/wp\/v2\/types\/post"}],"author":[{"embeddable":true,"href":"https:\/\/informelitoral.com.ar\/%77%70%2d%6a%73%6f%6e\/wp\/v2\/users\/8"}],"replies":[{"embeddable":true,"href":"https:\/\/informelitoral.com.ar\/%77%70%2d%6a%73%6f%6e\/wp\/v2\/comments?post=49266"}],"version-history":[{"count":0,"href":"https:\/\/informelitoral.com.ar\/%77%70%2d%6a%73%6f%6e\/wp\/v2\/posts\/49266\/revisions"}],"wp:featuredmedia":[{"embeddable":true,"href":"https:\/\/informelitoral.com.ar\/%77%70%2d%6a%73%6f%6e\/wp\/v2\/media\/26732"}],"wp:attachment":[{"href":"https:\/\/informelitoral.com.ar\/%77%70%2d%6a%73%6f%6e\/wp\/v2\/media?parent=49266"}],"wp:term":[{"taxonomy":"category","embeddable":true,"href":"https:\/\/informelitoral.com.ar\/%77%70%2d%6a%73%6f%6e\/wp\/v2\/categories?post=49266"},{"taxonomy":"post_tag","embeddable":true,"href":"https:\/\/informelitoral.com.ar\/%77%70%2d%6a%73%6f%6e\/wp\/v2\/tags?post=49266"}],"curies":[{"name":"wp","href":"https:\/\/api.w.org\/{rel}","templated":true}]}}