{"id":4925,"date":"2013-12-29T23:25:30","date_gmt":"2013-12-30T02:25:30","guid":{"rendered":"http:\/\/www.isletasnoticias.com.ar\/?p=4925"},"modified":"2013-12-29T23:25:30","modified_gmt":"2013-12-30T02:25:30","slug":"decretaron-asueto-administrativo-para-este-lunes-a-partir-del-mediodia","status":"publish","type":"post","link":"https:\/\/informelitoral.com.ar\/decretaron-asueto-administrativo-para-este-lunes-a-partir-del-mediodia\/","title":{"rendered":"Decretaron asueto administrativo para este lunes a partir del mediod\u00eda"},"content":{"rendered":"<p><strong>La medida que fue comunicada por el jefe de gabinete, Jorge Capitanich, regir\u00e1 a partir de las 12:00, por lo que habr\u00e1 Bancos. Las oficinas p\u00fablicas nacionales tampoco funcionar\u00e1n el martes, mi\u00e9rcoles y\u00a0<strong>jueves durante todo el d\u00eda.<\/strong><\/strong><\/p>\n<p><img loading=\"lazy\" decoding=\"async\" class=\"size-medium wp-image-4926 aligncenter\" alt=\"cap\" src=\"http:\/\/www.isletasnoticias.com.ar\/%77%70%2d%63%6f%6e%74%65%6e%74\/uploads\/2013\/12\/cap-300x168.jpg\" width=\"300\" height=\"168\" srcset=\"https:\/\/informelitoral.com.ar\/%77%70%2d%63%6f%6e%74%65%6e%74\/uploads\/2013\/12\/cap-300x168.jpg 300w, https:\/\/informelitoral.com.ar\/%77%70%2d%63%6f%6e%74%65%6e%74\/uploads\/2013\/12\/cap.jpg 640w\" sizes=\"auto, (max-width: 300px) 100vw, 300px\" \/><\/p>\n<p style=\"text-align: left;\">El jefe de Gabinete de la Naci\u00f3n, <strong>Jorge Capitanich<\/strong>, anunci\u00f3 que el Gobierno Nacional decret\u00f3 el asueto administrativo a partir del mediod\u00eda de este lunes, al hablar desde su despacho de la Casa Rosada.<\/p>\n<p style=\"text-align: left;\">Luego de pasar revista a las medidas adoptadas ante la emergencia clim\u00e1tica, Capitanich afirm\u00f3: \u00abPor expresa instrucci\u00f3n de la Presidenta (Cristina Fern\u00e1ndez de Kirchner) estamos trabajando desde este comando unificado no desde ahora, sino desde que efectivamente esta ola de calor empez\u00f3 a considerarse cada vez m\u00e1s extrema y grave\u00bb.<\/p>\n<p>El jefe de Gabinete remarc\u00f3 que esta situaci\u00f3n le permite al Gobierno Nacional tomar \u00abalgunas decisiones adicionales\u00bb, y en ese marco anunci\u00f3: \u00abHemos resuelto decretar el asueto administrativo a partir de las 12:00 del 30 de diciembre, con el objeto de generar los mecanismos que permitan atender la emergencia sanitaria\u00bb.<\/p>\n<p style=\"text-align: left;\">De esta manera, el asueto anunciado se suma a lo informados antes de las fiestas, por lo que este lunes a partir de las 12:00 no funcionar\u00e1n las oficinas p\u00fablicas nacionales, y el martes, mi\u00e9rcoles y jueves durante todo el d\u00eda, en tanto que \u00fanicamente no habr\u00e1 bancos el martes y mi\u00e9rcoles, indic\u00f3 <em>T\u00e9lam.\u00a0<\/em><\/p>\n<p>La Ciudad de Buenos Aires hab\u00eda anunciado el s\u00e1bado que decretaba para el lunes un asueto administrativo para las oficinas p\u00fablicas y hab\u00eda invitado al Gobierno Nacional y al sector privado que sigan la misma pol\u00edtica.<\/p>\n","protected":false},"excerpt":{"rendered":"<p>La medida que fue comunicada por el jefe de gabinete, Jorge Capitanich, regir&aacute; a partir de las 12:00, por lo que habr&aacute; Bancos. Las oficinas p&uacute;blicas nacionales tampoco funcionar&aacute;n el martes, mi&eacute;rcoles y&nbsp;jueves durante todo el d&iacute;a. El jefe de Gabinete de la Naci&oacute;n, Jorge Capitanich, anunci&oacute; que el Gobierno Nacional decret&oacute; el asueto administrativo [&hellip;]<\/p>\n","protected":false},"author":2,"featured_media":0,"comment_status":"open","ping_status":"open","sticky":false,"template":"","format":"standard","meta":{"fifu_image_url":"","fifu_image_alt":"","footnotes":""},"categories":[7,16],"tags":[],"class_list":{"0":"post-4925","1":"post","2":"type-post","3":"status-publish","4":"format-standard","6":"category-nacionales","7":"category-politi"},"yoast_head":"<title>Decretaron asueto administrativo para este lunes a partir del mediod\u00eda - Informe Litoral<\/title>\n<meta name=\"robots\" content=\"index, follow, max-snippet:-1, max-image-preview:large, max-video-preview:-1\" \/>\n<link rel=\"canonical\" href=\"https:\/\/informelitoral.com.ar\/decretaron-asueto-administrativo-para-este-lunes-a-partir-del-mediodia\/\" \/>\n<meta property=\"og:locale\" content=\"es_ES\" \/>\n<meta property=\"og:type\" content=\"article\" \/>\n<meta property=\"og:title\" content=\"Decretaron asueto administrativo para este lunes a partir del mediod\u00eda - Informe Litoral\" \/>\n<meta property=\"og:description\" content=\"La medida que fue comunicada por el jefe de gabinete, Jorge Capitanich, regir&aacute; a partir de las 12:00, por lo que habr&aacute; Bancos. Las oficinas p&uacute;blicas nacionales tampoco funcionar&aacute;n el martes, mi&eacute;rcoles y&nbsp;jueves durante todo el d&iacute;a. El jefe de Gabinete de la Naci&oacute;n, Jorge Capitanich, anunci&oacute; que el Gobierno Nacional decret&oacute; el asueto administrativo [&hellip;]\" \/>\n<meta property=\"og:url\" content=\"https:\/\/informelitoral.com.ar\/decretaron-asueto-administrativo-para-este-lunes-a-partir-del-mediodia\/\" \/>\n<meta property=\"og:site_name\" content=\"Informe Litoral\" \/>\n<meta property=\"article:publisher\" content=\"https:\/\/www.facebook.com\/informelitoral\/\" \/>\n<meta property=\"article:published_time\" content=\"2013-12-30T02:25:30+00:00\" \/>\n<meta property=\"og:image\" content=\"https:\/\/informelitoral.com.ar\/%77%70%2d%63%6f%6e%74%65%6e%74\/uploads\/2013\/12\/cap.jpg\" \/>\n\t<meta property=\"og:image:width\" content=\"640\" \/>\n\t<meta property=\"og:image:height\" content=\"360\" \/>\n\t<meta property=\"og:image:type\" content=\"image\/jpeg\" \/>\n<meta name=\"author\" content=\"Gonzalo Schmidt\" \/>\n<meta name=\"twitter:card\" content=\"summary_large_image\" \/>\n<meta name=\"twitter:creator\" content=\"@InformeLitoral\" \/>\n<meta name=\"twitter:site\" content=\"@InformeLitoral\" \/>\n<meta name=\"twitter:label1\" content=\"Escrito por\" \/>\n\t<meta name=\"twitter:data1\" content=\"Gonzalo Schmidt\" \/>\n\t<meta name=\"twitter:label2\" content=\"Tiempo de lectura\" \/>\n\t<meta name=\"twitter:data2\" content=\"1 minuto\" \/>\n<script type=\"application\/ld+json\" class=\"yoast-schema-graph\">{\"@context\":\"https:\\\/\\\/schema.org\",\"@graph\":[{\"@type\":\"Article\",\"@id\":\"https:\\\/\\\/informelitoral.com.ar\\\/decretaron-asueto-administrativo-para-este-lunes-a-partir-del-mediodia\\\/#article\",\"isPartOf\":{\"@id\":\"https:\\\/\\\/informelitoral.com.ar\\\/decretaron-asueto-administrativo-para-este-lunes-a-partir-del-mediodia\\\/\"},\"author\":{\"name\":\"Gonzalo Schmidt\",\"@id\":\"https:\\\/\\\/informelitoral.com.ar\\\/#\\\/schema\\\/person\\\/b9d00407c836482871ef1d57bf8e3180\"},\"headline\":\"Decretaron asueto administrativo para este lunes a partir del mediod\u00eda\",\"datePublished\":\"2013-12-30T02:25:30+00:00\",\"mainEntityOfPage\":{\"@id\":\"https:\\\/\\\/informelitoral.com.ar\\\/decretaron-asueto-administrativo-para-este-lunes-a-partir-del-mediodia\\\/\"},\"wordCount\":291,\"commentCount\":0,\"publisher\":{\"@id\":\"https:\\\/\\\/informelitoral.com.ar\\\/#organization\"},\"image\":{\"@id\":\"https:\\\/\\\/informelitoral.com.ar\\\/decretaron-asueto-administrativo-para-este-lunes-a-partir-del-mediodia\\\/#primaryimage\"},\"thumbnailUrl\":\"http:\\\/\\\/www.isletasnoticias.com.ar\\\/%77%70%2d%63%6f%6e%74%65%6e%74\\\/uploads\\\/2013\\\/12\\\/cap-300x168.jpg\",\"articleSection\":[\"Nacionales\",\"Politica\"],\"inLanguage\":\"es\",\"potentialAction\":[{\"@type\":\"CommentAction\",\"name\":\"Comment\",\"target\":[\"https:\\\/\\\/informelitoral.com.ar\\\/decretaron-asueto-administrativo-para-este-lunes-a-partir-del-mediodia\\\/#respond\"]}]},{\"@type\":\"WebPage\",\"@id\":\"https:\\\/\\\/informelitoral.com.ar\\\/decretaron-asueto-administrativo-para-este-lunes-a-partir-del-mediodia\\\/\",\"url\":\"https:\\\/\\\/informelitoral.com.ar\\\/decretaron-asueto-administrativo-para-este-lunes-a-partir-del-mediodia\\\/\",\"name\":\"Decretaron asueto administrativo para este lunes a partir del mediod\u00eda - Informe Litoral\",\"isPartOf\":{\"@id\":\"https:\\\/\\\/informelitoral.com.ar\\\/#website\"},\"primaryImageOfPage\":{\"@id\":\"https:\\\/\\\/informelitoral.com.ar\\\/decretaron-asueto-administrativo-para-este-lunes-a-partir-del-mediodia\\\/#primaryimage\"},\"image\":{\"@id\":\"https:\\\/\\\/informelitoral.com.ar\\\/decretaron-asueto-administrativo-para-este-lunes-a-partir-del-mediodia\\\/#primaryimage\"},\"thumbnailUrl\":\"http:\\\/\\\/www.isletasnoticias.com.ar\\\/%77%70%2d%63%6f%6e%74%65%6e%74\\\/uploads\\\/2013\\\/12\\\/cap-300x168.jpg\",\"datePublished\":\"2013-12-30T02:25:30+00:00\",\"breadcrumb\":{\"@id\":\"https:\\\/\\\/informelitoral.com.ar\\\/decretaron-asueto-administrativo-para-este-lunes-a-partir-del-mediodia\\\/#breadcrumb\"},\"inLanguage\":\"es\",\"potentialAction\":[{\"@type\":\"ReadAction\",\"target\":[\"https:\\\/\\\/informelitoral.com.ar\\\/decretaron-asueto-administrativo-para-este-lunes-a-partir-del-mediodia\\\/\"]}]},{\"@type\":\"ImageObject\",\"inLanguage\":\"es\",\"@id\":\"https:\\\/\\\/informelitoral.com.ar\\\/decretaron-asueto-administrativo-para-este-lunes-a-partir-del-mediodia\\\/#primaryimage\",\"url\":\"http:\\\/\\\/www.isletasnoticias.com.ar\\\/%77%70%2d%63%6f%6e%74%65%6e%74\\\/uploads\\\/2013\\\/12\\\/cap-300x168.jpg\",\"contentUrl\":\"http:\\\/\\\/www.isletasnoticias.com.ar\\\/%77%70%2d%63%6f%6e%74%65%6e%74\\\/uploads\\\/2013\\\/12\\\/cap-300x168.jpg\"},{\"@type\":\"BreadcrumbList\",\"@id\":\"https:\\\/\\\/informelitoral.com.ar\\\/decretaron-asueto-administrativo-para-este-lunes-a-partir-del-mediodia\\\/#breadcrumb\",\"itemListElement\":[{\"@type\":\"ListItem\",\"position\":1,\"name\":\"Portada\",\"item\":\"https:\\\/\\\/informelitoral.com.ar\\\/\"},{\"@type\":\"ListItem\",\"position\":2,\"name\":\"Decretaron asueto administrativo para este lunes a partir del mediod\u00eda\"}]},{\"@type\":\"WebSite\",\"@id\":\"https:\\\/\\\/informelitoral.com.ar\\\/#website\",\"url\":\"https:\\\/\\\/informelitoral.com.ar\\\/\",\"name\":\"Informe Litoral\",\"description\":\"&quot;Nos informamos&quot; \",\"publisher\":{\"@id\":\"https:\\\/\\\/informelitoral.com.ar\\\/#organization\"},\"potentialAction\":[{\"@type\":\"SearchAction\",\"target\":{\"@type\":\"EntryPoint\",\"urlTemplate\":\"https:\\\/\\\/informelitoral.com.ar\\\/?s={search_term_string}\"},\"query-input\":{\"@type\":\"PropertyValueSpecification\",\"valueRequired\":true,\"valueName\":\"search_term_string\"}}],\"inLanguage\":\"es\"},{\"@type\":\"Organization\",\"@id\":\"https:\\\/\\\/informelitoral.com.ar\\\/#organization\",\"name\":\"Informe Litoral\",\"url\":\"https:\\\/\\\/informelitoral.com.ar\\\/\",\"logo\":{\"@type\":\"ImageObject\",\"inLanguage\":\"es\",\"@id\":\"https:\\\/\\\/informelitoral.com.ar\\\/#\\\/schema\\\/logo\\\/image\\\/\",\"url\":\"https:\\\/\\\/informelitoral.com.ar\\\/%77%70%2d%63%6f%6e%74%65%6e%74\\\/uploads\\\/2021\\\/01\\\/circulo.png\",\"contentUrl\":\"https:\\\/\\\/informelitoral.com.ar\\\/%77%70%2d%63%6f%6e%74%65%6e%74\\\/uploads\\\/2021\\\/01\\\/circulo.png\",\"width\":723,\"height\":731,\"caption\":\"Informe Litoral\"},\"image\":{\"@id\":\"https:\\\/\\\/informelitoral.com.ar\\\/#\\\/schema\\\/logo\\\/image\\\/\"},\"sameAs\":[\"https:\\\/\\\/www.facebook.com\\\/informelitoral\\\/\",\"https:\\\/\\\/x.com\\\/InformeLitoral\",\"https:\\\/\\\/www.instagram.com\\\/informelitoral\\\/\",\"https:\\\/\\\/www.youtube.com\\\/channel\\\/UCua4Qvz8Icb6MYqhoq9xLXw\"]},{\"@type\":\"Person\",\"@id\":\"https:\\\/\\\/informelitoral.com.ar\\\/#\\\/schema\\\/person\\\/b9d00407c836482871ef1d57bf8e3180\",\"name\":\"Gonzalo Schmidt\",\"image\":{\"@type\":\"ImageObject\",\"inLanguage\":\"es\",\"@id\":\"https:\\\/\\\/secure.gravatar.com\\\/avatar\\\/31a1a7b66ff2de83bd0e9fd79d026630d2d99e55e8bfe501287647b4fd9743de?s=96&d=mm&r=g\",\"url\":\"https:\\\/\\\/secure.gravatar.com\\\/avatar\\\/31a1a7b66ff2de83bd0e9fd79d026630d2d99e55e8bfe501287647b4fd9743de?s=96&d=mm&r=g\",\"contentUrl\":\"https:\\\/\\\/secure.gravatar.com\\\/avatar\\\/31a1a7b66ff2de83bd0e9fd79d026630d2d99e55e8bfe501287647b4fd9743de?s=96&d=mm&r=g\",\"caption\":\"Gonzalo Schmidt\"},\"description\":\"Sitio web de noticias de la provincia de Entre R\u00edos, Argentina. Informaci\u00f3n y entretenimiento. Informe Litoral, nos informamos.\",\"sameAs\":[\"http:\\\/\\\/www.isletasnoticias.com.ar\"],\"url\":\"https:\\\/\\\/informelitoral.com.ar\\\/author\\\/gonzalo\\\/\"}]}<\/script>","yoast_head_json":{"title":"Decretaron asueto administrativo para este lunes a partir del mediod\u00eda - Informe Litoral","robots":{"index":"index","follow":"follow","max-snippet":"max-snippet:-1","max-image-preview":"max-image-preview:large","max-video-preview":"max-video-preview:-1"},"canonical":"https:\/\/informelitoral.com.ar\/decretaron-asueto-administrativo-para-este-lunes-a-partir-del-mediodia\/","og_locale":"es_ES","og_type":"article","og_title":"Decretaron asueto administrativo para este lunes a partir del mediod\u00eda - Informe Litoral","og_description":"La medida que fue comunicada por el jefe de gabinete, Jorge Capitanich, regir&aacute; a partir de las 12:00, por lo que habr&aacute; Bancos. Las oficinas p&uacute;blicas nacionales tampoco funcionar&aacute;n el martes, mi&eacute;rcoles y&nbsp;jueves durante todo el d&iacute;a. El jefe de Gabinete de la Naci&oacute;n, Jorge Capitanich, anunci&oacute; que el Gobierno Nacional decret&oacute; el asueto administrativo [&hellip;]","og_url":"https:\/\/informelitoral.com.ar\/decretaron-asueto-administrativo-para-este-lunes-a-partir-del-mediodia\/","og_site_name":"Informe Litoral","article_publisher":"https:\/\/www.facebook.com\/informelitoral\/","article_published_time":"2013-12-30T02:25:30+00:00","og_image":[{"width":640,"height":360,"url":"https:\/\/informelitoral.com.ar\/%77%70%2d%63%6f%6e%74%65%6e%74\/uploads\/2013\/12\/cap.jpg","type":"image\/jpeg"}],"author":"Gonzalo Schmidt","twitter_card":"summary_large_image","twitter_creator":"@InformeLitoral","twitter_site":"@InformeLitoral","twitter_misc":{"Escrito por":"Gonzalo Schmidt","Tiempo de lectura":"1 minuto"},"schema":{"@context":"https:\/\/schema.org","@graph":[{"@type":"Article","@id":"https:\/\/informelitoral.com.ar\/decretaron-asueto-administrativo-para-este-lunes-a-partir-del-mediodia\/#article","isPartOf":{"@id":"https:\/\/informelitoral.com.ar\/decretaron-asueto-administrativo-para-este-lunes-a-partir-del-mediodia\/"},"author":{"name":"Gonzalo Schmidt","@id":"https:\/\/informelitoral.com.ar\/#\/schema\/person\/b9d00407c836482871ef1d57bf8e3180"},"headline":"Decretaron asueto administrativo para este lunes a partir del mediod\u00eda","datePublished":"2013-12-30T02:25:30+00:00","mainEntityOfPage":{"@id":"https:\/\/informelitoral.com.ar\/decretaron-asueto-administrativo-para-este-lunes-a-partir-del-mediodia\/"},"wordCount":291,"commentCount":0,"publisher":{"@id":"https:\/\/informelitoral.com.ar\/#organization"},"image":{"@id":"https:\/\/informelitoral.com.ar\/decretaron-asueto-administrativo-para-este-lunes-a-partir-del-mediodia\/#primaryimage"},"thumbnailUrl":"http:\/\/www.isletasnoticias.com.ar\/%77%70%2d%63%6f%6e%74%65%6e%74\/uploads\/2013\/12\/cap-300x168.jpg","articleSection":["Nacionales","Politica"],"inLanguage":"es","potentialAction":[{"@type":"CommentAction","name":"Comment","target":["https:\/\/informelitoral.com.ar\/decretaron-asueto-administrativo-para-este-lunes-a-partir-del-mediodia\/#respond"]}]},{"@type":"WebPage","@id":"https:\/\/informelitoral.com.ar\/decretaron-asueto-administrativo-para-este-lunes-a-partir-del-mediodia\/","url":"https:\/\/informelitoral.com.ar\/decretaron-asueto-administrativo-para-este-lunes-a-partir-del-mediodia\/","name":"Decretaron asueto administrativo para este lunes a partir del mediod\u00eda - Informe Litoral","isPartOf":{"@id":"https:\/\/informelitoral.com.ar\/#website"},"primaryImageOfPage":{"@id":"https:\/\/informelitoral.com.ar\/decretaron-asueto-administrativo-para-este-lunes-a-partir-del-mediodia\/#primaryimage"},"image":{"@id":"https:\/\/informelitoral.com.ar\/decretaron-asueto-administrativo-para-este-lunes-a-partir-del-mediodia\/#primaryimage"},"thumbnailUrl":"http:\/\/www.isletasnoticias.com.ar\/%77%70%2d%63%6f%6e%74%65%6e%74\/uploads\/2013\/12\/cap-300x168.jpg","datePublished":"2013-12-30T02:25:30+00:00","breadcrumb":{"@id":"https:\/\/informelitoral.com.ar\/decretaron-asueto-administrativo-para-este-lunes-a-partir-del-mediodia\/#breadcrumb"},"inLanguage":"es","potentialAction":[{"@type":"ReadAction","target":["https:\/\/informelitoral.com.ar\/decretaron-asueto-administrativo-para-este-lunes-a-partir-del-mediodia\/"]}]},{"@type":"ImageObject","inLanguage":"es","@id":"https:\/\/informelitoral.com.ar\/decretaron-asueto-administrativo-para-este-lunes-a-partir-del-mediodia\/#primaryimage","url":"http:\/\/www.isletasnoticias.com.ar\/%77%70%2d%63%6f%6e%74%65%6e%74\/uploads\/2013\/12\/cap-300x168.jpg","contentUrl":"http:\/\/www.isletasnoticias.com.ar\/%77%70%2d%63%6f%6e%74%65%6e%74\/uploads\/2013\/12\/cap-300x168.jpg"},{"@type":"BreadcrumbList","@id":"https:\/\/informelitoral.com.ar\/decretaron-asueto-administrativo-para-este-lunes-a-partir-del-mediodia\/#breadcrumb","itemListElement":[{"@type":"ListItem","position":1,"name":"Portada","item":"https:\/\/informelitoral.com.ar\/"},{"@type":"ListItem","position":2,"name":"Decretaron asueto administrativo para este lunes a partir del mediod\u00eda"}]},{"@type":"WebSite","@id":"https:\/\/informelitoral.com.ar\/#website","url":"https:\/\/informelitoral.com.ar\/","name":"Informe Litoral","description":"&quot;Nos informamos&quot; ","publisher":{"@id":"https:\/\/informelitoral.com.ar\/#organization"},"potentialAction":[{"@type":"SearchAction","target":{"@type":"EntryPoint","urlTemplate":"https:\/\/informelitoral.com.ar\/?s={search_term_string}"},"query-input":{"@type":"PropertyValueSpecification","valueRequired":true,"valueName":"search_term_string"}}],"inLanguage":"es"},{"@type":"Organization","@id":"https:\/\/informelitoral.com.ar\/#organization","name":"Informe Litoral","url":"https:\/\/informelitoral.com.ar\/","logo":{"@type":"ImageObject","inLanguage":"es","@id":"https:\/\/informelitoral.com.ar\/#\/schema\/logo\/image\/","url":"https:\/\/informelitoral.com.ar\/%77%70%2d%63%6f%6e%74%65%6e%74\/uploads\/2021\/01\/circulo.png","contentUrl":"https:\/\/informelitoral.com.ar\/%77%70%2d%63%6f%6e%74%65%6e%74\/uploads\/2021\/01\/circulo.png","width":723,"height":731,"caption":"Informe Litoral"},"image":{"@id":"https:\/\/informelitoral.com.ar\/#\/schema\/logo\/image\/"},"sameAs":["https:\/\/www.facebook.com\/informelitoral\/","https:\/\/x.com\/InformeLitoral","https:\/\/www.instagram.com\/informelitoral\/","https:\/\/www.youtube.com\/channel\/UCua4Qvz8Icb6MYqhoq9xLXw"]},{"@type":"Person","@id":"https:\/\/informelitoral.com.ar\/#\/schema\/person\/b9d00407c836482871ef1d57bf8e3180","name":"Gonzalo Schmidt","image":{"@type":"ImageObject","inLanguage":"es","@id":"https:\/\/secure.gravatar.com\/avatar\/31a1a7b66ff2de83bd0e9fd79d026630d2d99e55e8bfe501287647b4fd9743de?s=96&d=mm&r=g","url":"https:\/\/secure.gravatar.com\/avatar\/31a1a7b66ff2de83bd0e9fd79d026630d2d99e55e8bfe501287647b4fd9743de?s=96&d=mm&r=g","contentUrl":"https:\/\/secure.gravatar.com\/avatar\/31a1a7b66ff2de83bd0e9fd79d026630d2d99e55e8bfe501287647b4fd9743de?s=96&d=mm&r=g","caption":"Gonzalo Schmidt"},"description":"Sitio web de noticias de la provincia de Entre R\u00edos, Argentina. Informaci\u00f3n y entretenimiento. Informe Litoral, nos informamos.","sameAs":["http:\/\/www.isletasnoticias.com.ar"],"url":"https:\/\/informelitoral.com.ar\/author\/gonzalo\/"}]}},"_links":{"self":[{"href":"https:\/\/informelitoral.com.ar\/%77%70%2d%6a%73%6f%6e\/wp\/v2\/posts\/4925","targetHints":{"allow":["GET"]}}],"collection":[{"href":"https:\/\/informelitoral.com.ar\/%77%70%2d%6a%73%6f%6e\/wp\/v2\/posts"}],"about":[{"href":"https:\/\/informelitoral.com.ar\/%77%70%2d%6a%73%6f%6e\/wp\/v2\/types\/post"}],"author":[{"embeddable":true,"href":"https:\/\/informelitoral.com.ar\/%77%70%2d%6a%73%6f%6e\/wp\/v2\/users\/2"}],"replies":[{"embeddable":true,"href":"https:\/\/informelitoral.com.ar\/%77%70%2d%6a%73%6f%6e\/wp\/v2\/comments?post=4925"}],"version-history":[{"count":0,"href":"https:\/\/informelitoral.com.ar\/%77%70%2d%6a%73%6f%6e\/wp\/v2\/posts\/4925\/revisions"}],"wp:attachment":[{"href":"https:\/\/informelitoral.com.ar\/%77%70%2d%6a%73%6f%6e\/wp\/v2\/media?parent=4925"}],"wp:term":[{"taxonomy":"category","embeddable":true,"href":"https:\/\/informelitoral.com.ar\/%77%70%2d%6a%73%6f%6e\/wp\/v2\/categories?post=4925"},{"taxonomy":"post_tag","embeddable":true,"href":"https:\/\/informelitoral.com.ar\/%77%70%2d%6a%73%6f%6e\/wp\/v2\/tags?post=4925"}],"curies":[{"name":"wp","href":"https:\/\/api.w.org\/{rel}","templated":true}]}}