{"id":49187,"date":"2020-09-09T08:52:28","date_gmt":"2020-09-09T11:52:28","guid":{"rendered":"https:\/\/www.isletasnoticias.com.ar\/?p=49187"},"modified":"2020-09-09T08:59:53","modified_gmt":"2020-09-09T11:59:53","slug":"aldea-brasilera-el-intendente-se-aumento-el-sueldo-en-plena-pandemia","status":"publish","type":"post","link":"https:\/\/informelitoral.com.ar\/aldea-brasilera-el-intendente-se-aumento-el-sueldo-en-plena-pandemia\/","title":{"rendered":"Aldea Brasilera: el intendente se aument\u00f3 el sueldo en plena pandemia"},"content":{"rendered":"<p>En la localidad de<strong> Aldea Brasilera<\/strong>, departamento Diamante, el intendente<strong> Hugo Ram\u00edrez<\/strong> <strong>se aument\u00f3 el sueldo en pleno contexto de pandemia y un grupo de vecinos hizo notar su descontento.<\/strong><\/p>\n<p><a href=\"https:\/\/www.isletasnoticias.com.ar\/%77%70%2d%63%6f%6e%74%65%6e%74\/uploads\/2018\/06\/Aldea-Brasilera.jpg\"><img loading=\"lazy\" decoding=\"async\" class=\"aligncenter wp-image-27478 size-full\" src=\"https:\/\/www.isletasnoticias.com.ar\/%77%70%2d%63%6f%6e%74%65%6e%74\/uploads\/2018\/06\/Aldea-Brasilera.jpg\" alt=\"\" width=\"480\" height=\"300\" srcset=\"https:\/\/informelitoral.com.ar\/%77%70%2d%63%6f%6e%74%65%6e%74\/uploads\/2018\/06\/Aldea-Brasilera.jpg 480w, https:\/\/informelitoral.com.ar\/%77%70%2d%63%6f%6e%74%65%6e%74\/uploads\/2018\/06\/Aldea-Brasilera-300x188.jpg 300w\" sizes=\"auto, (max-width: 480px) 100vw, 480px\" \/><\/a><\/p>\n<p>El<strong> incremento salarial del 15% se realiz\u00f3 mediante el Decreto 127 y rige desde el 1\u00b0 de agosto. Adem\u00e1s del mandatario municipal, incluye a funcionarios, concejales y empleados.<\/strong><\/p>\n<p><strong>Un grupo de vecino se manifest\u00f3 en las calles de la localidad<\/strong> en descontento con la decisi\u00f3n del Ejecutivo local.<\/p>\n<p>Seg\u00fan pudo saber el sitio<em> Informe 3,<\/em> el presidente municipal cobra por cuatro el b\u00e1sico de la categor\u00eda 10, mas el 35% de gastos de representaci\u00f3n. Si se tiene en cuenta que el sueldo b\u00e1sico de dicha categor\u00eda es de 20.046,80 pesos,<strong> el intendente cobrar\u00eda 80,187,20 pesos, m\u00e1s el 35% del b\u00e1sico en bruto.<\/strong><\/p>\n<p>\u00ab<strong>Los concejales est\u00e1n cobrando actualmente alrededor de los 20.000 pesos, el intendente no alcanza los $90.000, el secretario de gobierno cobra el 80% de mi sueldo. Hoy el municipio cuenta con alrededor de 20 empleados entre contratados y administrativos, los cuales el sueldo ronda en los $24.000<\/strong>\u00bb dijo el intendente Hugo Ram\u00edrez en una entrevista en <em>FM Eclipse.<\/em><\/p>\n<h3><strong>Comparaci\u00f3n con Valle Mar\u00eda<\/strong><\/h3>\n<p>Si se hace una comparaci\u00f3n con Valle Mar\u00eda, los concejales, tanto de Muppro como de Cambiemos perciben menos de la mitad que sus colegas de Aldea Brasilera, mientras que el sueldo del intendente Mario Sokolovsky y de Hugo Ram\u00edrez es similar, aunque el intendente de Brasilera recibe una cifra algo superior, en municipalidades con diferente cantidad de empleados y \u00e1reas.<\/p>\n<p>Tambi\u00e9n hay que destacar que tanto el intendente de Valle Mar\u00eda, el secretario de Gobierno, el viceintendente y los concejales donan el 20% de su sueldo para un fondo com\u00fan denominado \u00abFondo Especial por Emergencia Sanitaria\u00bb, consign\u00f3 <em>Informe 3.<a href=\"https:\/\/www.isletasnoticias.com.ar\/%77%70%2d%63%6f%6e%74%65%6e%74\/uploads\/2020\/09\/WhatsApp-Image-2020-09-06-at-21.53.43.jpeg\"><img loading=\"lazy\" decoding=\"async\" class=\"aligncenter wp-image-49189 size-full\" src=\"https:\/\/www.isletasnoticias.com.ar\/%77%70%2d%63%6f%6e%74%65%6e%74\/uploads\/2020\/09\/WhatsApp-Image-2020-09-06-at-21.53.43.jpeg\" alt=\"\" width=\"720\" height=\"900\" srcset=\"https:\/\/informelitoral.com.ar\/%77%70%2d%63%6f%6e%74%65%6e%74\/uploads\/2020\/09\/WhatsApp-Image-2020-09-06-at-21.53.43.jpeg 720w, https:\/\/informelitoral.com.ar\/%77%70%2d%63%6f%6e%74%65%6e%74\/uploads\/2020\/09\/WhatsApp-Image-2020-09-06-at-21.53.43-240x300.jpeg 240w, https:\/\/informelitoral.com.ar\/%77%70%2d%63%6f%6e%74%65%6e%74\/uploads\/2020\/09\/WhatsApp-Image-2020-09-06-at-21.53.43-696x870.jpeg 696w, https:\/\/informelitoral.com.ar\/%77%70%2d%63%6f%6e%74%65%6e%74\/uploads\/2020\/09\/WhatsApp-Image-2020-09-06-at-21.53.43-336x420.jpeg 336w\" sizes=\"auto, (max-width: 720px) 100vw, 720px\" \/><\/a><\/em><\/p>\n<p><em><a href=\"https:\/\/www.isletasnoticias.com.ar\/%77%70%2d%63%6f%6e%74%65%6e%74\/uploads\/2020\/09\/WhatsApp-Image-2020-09-08-at-20.21.33-576x1024-1.jpeg\"><img loading=\"lazy\" decoding=\"async\" class=\"aligncenter wp-image-49190 size-full\" src=\"https:\/\/www.isletasnoticias.com.ar\/%77%70%2d%63%6f%6e%74%65%6e%74\/uploads\/2020\/09\/WhatsApp-Image-2020-09-08-at-20.21.33-576x1024-1.jpeg\" alt=\"\" width=\"576\" height=\"1024\" srcset=\"https:\/\/informelitoral.com.ar\/%77%70%2d%63%6f%6e%74%65%6e%74\/uploads\/2020\/09\/WhatsApp-Image-2020-09-08-at-20.21.33-576x1024-1.jpeg 576w, https:\/\/informelitoral.com.ar\/%77%70%2d%63%6f%6e%74%65%6e%74\/uploads\/2020\/09\/WhatsApp-Image-2020-09-08-at-20.21.33-576x1024-1-169x300.jpeg 169w, https:\/\/informelitoral.com.ar\/%77%70%2d%63%6f%6e%74%65%6e%74\/uploads\/2020\/09\/WhatsApp-Image-2020-09-08-at-20.21.33-576x1024-1-236x420.jpeg 236w\" sizes=\"auto, (max-width: 576px) 100vw, 576px\" \/><\/a><\/em><\/p>\n<p><a href=\"https:\/\/www.isletasnoticias.com.ar\/%77%70%2d%63%6f%6e%74%65%6e%74\/uploads\/2020\/09\/WhatsApp-Image-2020-09-08-at-20.21.45-1.jpeg\"><img loading=\"lazy\" decoding=\"async\" class=\"aligncenter wp-image-49191 size-full\" src=\"https:\/\/www.isletasnoticias.com.ar\/%77%70%2d%63%6f%6e%74%65%6e%74\/uploads\/2020\/09\/WhatsApp-Image-2020-09-08-at-20.21.45-1.jpeg\" alt=\"\" width=\"540\" height=\"960\" srcset=\"https:\/\/informelitoral.com.ar\/%77%70%2d%63%6f%6e%74%65%6e%74\/uploads\/2020\/09\/WhatsApp-Image-2020-09-08-at-20.21.45-1.jpeg 540w, https:\/\/informelitoral.com.ar\/%77%70%2d%63%6f%6e%74%65%6e%74\/uploads\/2020\/09\/WhatsApp-Image-2020-09-08-at-20.21.45-1-169x300.jpeg 169w, https:\/\/informelitoral.com.ar\/%77%70%2d%63%6f%6e%74%65%6e%74\/uploads\/2020\/09\/WhatsApp-Image-2020-09-08-at-20.21.45-1-236x420.jpeg 236w\" sizes=\"auto, (max-width: 540px) 100vw, 540px\" \/><\/a><\/p>\n","protected":false},"excerpt":{"rendered":"<p>El aumento del 15% se realiz\u00f3 mediante decreto e incluye a  funcionarios, concejales y empleados del municipio de departamento Diamante. Un grupo de vecinos se manifest\u00f3 el \u00faltimo fin de semana. <\/p>\n","protected":false},"author":2,"featured_media":49188,"comment_status":"open","ping_status":"open","sticky":false,"template":"","format":"standard","meta":{"fifu_image_url":"","fifu_image_alt":"","footnotes":""},"categories":[16],"tags":[199,1730,267,173],"class_list":{"0":"post-49187","1":"post","2":"type-post","3":"status-publish","4":"format-standard","5":"has-post-thumbnail","7":"category-politi","8":"tag-aldea-brasilera","9":"tag-hugo-ramirez","10":"tag-municipalidad","11":"tag-municipio"},"yoast_head":"<title>Aldea Brasilera: el intendente se aument\u00f3 el sueldo en plena pandemia - Informe Litoral<\/title>\n<meta name=\"robots\" content=\"index, follow, max-snippet:-1, max-image-preview:large, max-video-preview:-1\" \/>\n<link rel=\"canonical\" href=\"https:\/\/informelitoral.com.ar\/aldea-brasilera-el-intendente-se-aumento-el-sueldo-en-plena-pandemia\/\" \/>\n<meta property=\"og:locale\" content=\"es_ES\" \/>\n<meta property=\"og:type\" content=\"article\" \/>\n<meta property=\"og:title\" content=\"Aldea Brasilera: el intendente se aument\u00f3 el sueldo en plena pandemia - Informe Litoral\" \/>\n<meta property=\"og:description\" content=\"El aumento del 15% se realiz\u00f3 mediante decreto e incluye a funcionarios, concejales y empleados del municipio de departamento Diamante. Un grupo de vecinos se manifest\u00f3 el \u00faltimo fin de semana.\" \/>\n<meta property=\"og:url\" content=\"https:\/\/informelitoral.com.ar\/aldea-brasilera-el-intendente-se-aumento-el-sueldo-en-plena-pandemia\/\" \/>\n<meta property=\"og:site_name\" content=\"Informe Litoral\" \/>\n<meta property=\"article:publisher\" content=\"https:\/\/www.facebook.com\/informelitoral\/\" \/>\n<meta property=\"article:published_time\" content=\"2020-09-09T11:52:28+00:00\" \/>\n<meta property=\"article:modified_time\" content=\"2020-09-09T11:59:53+00:00\" \/>\n<meta property=\"og:image\" content=\"https:\/\/informelitoral.com.ar\/%77%70%2d%63%6f%6e%74%65%6e%74\/uploads\/2020\/09\/hugo-ramirez.jpg\" \/>\n\t<meta property=\"og:image:width\" content=\"1152\" \/>\n\t<meta property=\"og:image:height\" content=\"1728\" \/>\n\t<meta property=\"og:image:type\" content=\"image\/jpeg\" \/>\n<meta name=\"author\" content=\"Gonzalo Schmidt\" \/>\n<meta name=\"twitter:card\" content=\"summary_large_image\" \/>\n<meta name=\"twitter:creator\" content=\"@InformeLitoral\" \/>\n<meta name=\"twitter:site\" content=\"@InformeLitoral\" \/>\n<meta name=\"twitter:label1\" content=\"Escrito por\" \/>\n\t<meta name=\"twitter:data1\" content=\"Gonzalo Schmidt\" \/>\n\t<meta name=\"twitter:label2\" content=\"Tiempo de lectura\" \/>\n\t<meta name=\"twitter:data2\" content=\"1 minuto\" \/>\n<script type=\"application\/ld+json\" class=\"yoast-schema-graph\">{\"@context\":\"https:\\\/\\\/schema.org\",\"@graph\":[{\"@type\":\"Article\",\"@id\":\"https:\\\/\\\/informelitoral.com.ar\\\/aldea-brasilera-el-intendente-se-aumento-el-sueldo-en-plena-pandemia\\\/#article\",\"isPartOf\":{\"@id\":\"https:\\\/\\\/informelitoral.com.ar\\\/aldea-brasilera-el-intendente-se-aumento-el-sueldo-en-plena-pandemia\\\/\"},\"author\":{\"name\":\"Gonzalo Schmidt\",\"@id\":\"https:\\\/\\\/informelitoral.com.ar\\\/#\\\/schema\\\/person\\\/b9d00407c836482871ef1d57bf8e3180\"},\"headline\":\"Aldea Brasilera: el intendente se aument\u00f3 el sueldo en plena pandemia\",\"datePublished\":\"2020-09-09T11:52:28+00:00\",\"dateModified\":\"2020-09-09T11:59:53+00:00\",\"mainEntityOfPage\":{\"@id\":\"https:\\\/\\\/informelitoral.com.ar\\\/aldea-brasilera-el-intendente-se-aumento-el-sueldo-en-plena-pandemia\\\/\"},\"wordCount\":310,\"commentCount\":0,\"publisher\":{\"@id\":\"https:\\\/\\\/informelitoral.com.ar\\\/#organization\"},\"image\":{\"@id\":\"https:\\\/\\\/informelitoral.com.ar\\\/aldea-brasilera-el-intendente-se-aumento-el-sueldo-en-plena-pandemia\\\/#primaryimage\"},\"thumbnailUrl\":\"https:\\\/\\\/informelitoral.com.ar\\\/%77%70%2d%63%6f%6e%74%65%6e%74\\\/uploads\\\/2020\\\/09\\\/hugo-ramirez.jpg\",\"keywords\":[\"Aldea Brasilera\",\"Hugo Ram\u00edrez\",\"Municipalidad\",\"Municipio\"],\"articleSection\":[\"Politica\"],\"inLanguage\":\"es\",\"potentialAction\":[{\"@type\":\"CommentAction\",\"name\":\"Comment\",\"target\":[\"https:\\\/\\\/informelitoral.com.ar\\\/aldea-brasilera-el-intendente-se-aumento-el-sueldo-en-plena-pandemia\\\/#respond\"]}]},{\"@type\":\"WebPage\",\"@id\":\"https:\\\/\\\/informelitoral.com.ar\\\/aldea-brasilera-el-intendente-se-aumento-el-sueldo-en-plena-pandemia\\\/\",\"url\":\"https:\\\/\\\/informelitoral.com.ar\\\/aldea-brasilera-el-intendente-se-aumento-el-sueldo-en-plena-pandemia\\\/\",\"name\":\"Aldea Brasilera: el intendente se aument\u00f3 el sueldo en plena pandemia - Informe Litoral\",\"isPartOf\":{\"@id\":\"https:\\\/\\\/informelitoral.com.ar\\\/#website\"},\"primaryImageOfPage\":{\"@id\":\"https:\\\/\\\/informelitoral.com.ar\\\/aldea-brasilera-el-intendente-se-aumento-el-sueldo-en-plena-pandemia\\\/#primaryimage\"},\"image\":{\"@id\":\"https:\\\/\\\/informelitoral.com.ar\\\/aldea-brasilera-el-intendente-se-aumento-el-sueldo-en-plena-pandemia\\\/#primaryimage\"},\"thumbnailUrl\":\"https:\\\/\\\/informelitoral.com.ar\\\/%77%70%2d%63%6f%6e%74%65%6e%74\\\/uploads\\\/2020\\\/09\\\/hugo-ramirez.jpg\",\"datePublished\":\"2020-09-09T11:52:28+00:00\",\"dateModified\":\"2020-09-09T11:59:53+00:00\",\"breadcrumb\":{\"@id\":\"https:\\\/\\\/informelitoral.com.ar\\\/aldea-brasilera-el-intendente-se-aumento-el-sueldo-en-plena-pandemia\\\/#breadcrumb\"},\"inLanguage\":\"es\",\"potentialAction\":[{\"@type\":\"ReadAction\",\"target\":[\"https:\\\/\\\/informelitoral.com.ar\\\/aldea-brasilera-el-intendente-se-aumento-el-sueldo-en-plena-pandemia\\\/\"]}]},{\"@type\":\"ImageObject\",\"inLanguage\":\"es\",\"@id\":\"https:\\\/\\\/informelitoral.com.ar\\\/aldea-brasilera-el-intendente-se-aumento-el-sueldo-en-plena-pandemia\\\/#primaryimage\",\"url\":\"https:\\\/\\\/informelitoral.com.ar\\\/%77%70%2d%63%6f%6e%74%65%6e%74\\\/uploads\\\/2020\\\/09\\\/hugo-ramirez.jpg\",\"contentUrl\":\"https:\\\/\\\/informelitoral.com.ar\\\/%77%70%2d%63%6f%6e%74%65%6e%74\\\/uploads\\\/2020\\\/09\\\/hugo-ramirez.jpg\",\"width\":1152,\"height\":1728},{\"@type\":\"BreadcrumbList\",\"@id\":\"https:\\\/\\\/informelitoral.com.ar\\\/aldea-brasilera-el-intendente-se-aumento-el-sueldo-en-plena-pandemia\\\/#breadcrumb\",\"itemListElement\":[{\"@type\":\"ListItem\",\"position\":1,\"name\":\"Portada\",\"item\":\"https:\\\/\\\/informelitoral.com.ar\\\/\"},{\"@type\":\"ListItem\",\"position\":2,\"name\":\"Aldea Brasilera: el intendente se aument\u00f3 el sueldo en plena pandemia\"}]},{\"@type\":\"WebSite\",\"@id\":\"https:\\\/\\\/informelitoral.com.ar\\\/#website\",\"url\":\"https:\\\/\\\/informelitoral.com.ar\\\/\",\"name\":\"Informe Litoral\",\"description\":\"&quot;Nos informamos&quot; \",\"publisher\":{\"@id\":\"https:\\\/\\\/informelitoral.com.ar\\\/#organization\"},\"potentialAction\":[{\"@type\":\"SearchAction\",\"target\":{\"@type\":\"EntryPoint\",\"urlTemplate\":\"https:\\\/\\\/informelitoral.com.ar\\\/?s={search_term_string}\"},\"query-input\":{\"@type\":\"PropertyValueSpecification\",\"valueRequired\":true,\"valueName\":\"search_term_string\"}}],\"inLanguage\":\"es\"},{\"@type\":\"Organization\",\"@id\":\"https:\\\/\\\/informelitoral.com.ar\\\/#organization\",\"name\":\"Informe Litoral\",\"url\":\"https:\\\/\\\/informelitoral.com.ar\\\/\",\"logo\":{\"@type\":\"ImageObject\",\"inLanguage\":\"es\",\"@id\":\"https:\\\/\\\/informelitoral.com.ar\\\/#\\\/schema\\\/logo\\\/image\\\/\",\"url\":\"https:\\\/\\\/informelitoral.com.ar\\\/%77%70%2d%63%6f%6e%74%65%6e%74\\\/uploads\\\/2021\\\/01\\\/circulo.png\",\"contentUrl\":\"https:\\\/\\\/informelitoral.com.ar\\\/%77%70%2d%63%6f%6e%74%65%6e%74\\\/uploads\\\/2021\\\/01\\\/circulo.png\",\"width\":723,\"height\":731,\"caption\":\"Informe Litoral\"},\"image\":{\"@id\":\"https:\\\/\\\/informelitoral.com.ar\\\/#\\\/schema\\\/logo\\\/image\\\/\"},\"sameAs\":[\"https:\\\/\\\/www.facebook.com\\\/informelitoral\\\/\",\"https:\\\/\\\/x.com\\\/InformeLitoral\",\"https:\\\/\\\/www.instagram.com\\\/informelitoral\\\/\",\"https:\\\/\\\/www.youtube.com\\\/channel\\\/UCua4Qvz8Icb6MYqhoq9xLXw\"]},{\"@type\":\"Person\",\"@id\":\"https:\\\/\\\/informelitoral.com.ar\\\/#\\\/schema\\\/person\\\/b9d00407c836482871ef1d57bf8e3180\",\"name\":\"Gonzalo Schmidt\",\"image\":{\"@type\":\"ImageObject\",\"inLanguage\":\"es\",\"@id\":\"https:\\\/\\\/secure.gravatar.com\\\/avatar\\\/31a1a7b66ff2de83bd0e9fd79d026630d2d99e55e8bfe501287647b4fd9743de?s=96&d=mm&r=g\",\"url\":\"https:\\\/\\\/secure.gravatar.com\\\/avatar\\\/31a1a7b66ff2de83bd0e9fd79d026630d2d99e55e8bfe501287647b4fd9743de?s=96&d=mm&r=g\",\"contentUrl\":\"https:\\\/\\\/secure.gravatar.com\\\/avatar\\\/31a1a7b66ff2de83bd0e9fd79d026630d2d99e55e8bfe501287647b4fd9743de?s=96&d=mm&r=g\",\"caption\":\"Gonzalo Schmidt\"},\"description\":\"Sitio web de noticias de la provincia de Entre R\u00edos, Argentina. Informaci\u00f3n y entretenimiento. Informe Litoral, nos informamos.\",\"sameAs\":[\"http:\\\/\\\/www.isletasnoticias.com.ar\"],\"url\":\"https:\\\/\\\/informelitoral.com.ar\\\/author\\\/gonzalo\\\/\"}]}<\/script>","yoast_head_json":{"title":"Aldea Brasilera: el intendente se aument\u00f3 el sueldo en plena pandemia - Informe Litoral","robots":{"index":"index","follow":"follow","max-snippet":"max-snippet:-1","max-image-preview":"max-image-preview:large","max-video-preview":"max-video-preview:-1"},"canonical":"https:\/\/informelitoral.com.ar\/aldea-brasilera-el-intendente-se-aumento-el-sueldo-en-plena-pandemia\/","og_locale":"es_ES","og_type":"article","og_title":"Aldea Brasilera: el intendente se aument\u00f3 el sueldo en plena pandemia - Informe Litoral","og_description":"El aumento del 15% se realiz\u00f3 mediante decreto e incluye a funcionarios, concejales y empleados del municipio de departamento Diamante. Un grupo de vecinos se manifest\u00f3 el \u00faltimo fin de semana.","og_url":"https:\/\/informelitoral.com.ar\/aldea-brasilera-el-intendente-se-aumento-el-sueldo-en-plena-pandemia\/","og_site_name":"Informe Litoral","article_publisher":"https:\/\/www.facebook.com\/informelitoral\/","article_published_time":"2020-09-09T11:52:28+00:00","article_modified_time":"2020-09-09T11:59:53+00:00","og_image":[{"width":1152,"height":1728,"url":"https:\/\/informelitoral.com.ar\/%77%70%2d%63%6f%6e%74%65%6e%74\/uploads\/2020\/09\/hugo-ramirez.jpg","type":"image\/jpeg"}],"author":"Gonzalo Schmidt","twitter_card":"summary_large_image","twitter_creator":"@InformeLitoral","twitter_site":"@InformeLitoral","twitter_misc":{"Escrito por":"Gonzalo Schmidt","Tiempo de lectura":"1 minuto"},"schema":{"@context":"https:\/\/schema.org","@graph":[{"@type":"Article","@id":"https:\/\/informelitoral.com.ar\/aldea-brasilera-el-intendente-se-aumento-el-sueldo-en-plena-pandemia\/#article","isPartOf":{"@id":"https:\/\/informelitoral.com.ar\/aldea-brasilera-el-intendente-se-aumento-el-sueldo-en-plena-pandemia\/"},"author":{"name":"Gonzalo Schmidt","@id":"https:\/\/informelitoral.com.ar\/#\/schema\/person\/b9d00407c836482871ef1d57bf8e3180"},"headline":"Aldea Brasilera: el intendente se aument\u00f3 el sueldo en plena pandemia","datePublished":"2020-09-09T11:52:28+00:00","dateModified":"2020-09-09T11:59:53+00:00","mainEntityOfPage":{"@id":"https:\/\/informelitoral.com.ar\/aldea-brasilera-el-intendente-se-aumento-el-sueldo-en-plena-pandemia\/"},"wordCount":310,"commentCount":0,"publisher":{"@id":"https:\/\/informelitoral.com.ar\/#organization"},"image":{"@id":"https:\/\/informelitoral.com.ar\/aldea-brasilera-el-intendente-se-aumento-el-sueldo-en-plena-pandemia\/#primaryimage"},"thumbnailUrl":"https:\/\/informelitoral.com.ar\/%77%70%2d%63%6f%6e%74%65%6e%74\/uploads\/2020\/09\/hugo-ramirez.jpg","keywords":["Aldea Brasilera","Hugo Ram\u00edrez","Municipalidad","Municipio"],"articleSection":["Politica"],"inLanguage":"es","potentialAction":[{"@type":"CommentAction","name":"Comment","target":["https:\/\/informelitoral.com.ar\/aldea-brasilera-el-intendente-se-aumento-el-sueldo-en-plena-pandemia\/#respond"]}]},{"@type":"WebPage","@id":"https:\/\/informelitoral.com.ar\/aldea-brasilera-el-intendente-se-aumento-el-sueldo-en-plena-pandemia\/","url":"https:\/\/informelitoral.com.ar\/aldea-brasilera-el-intendente-se-aumento-el-sueldo-en-plena-pandemia\/","name":"Aldea Brasilera: el intendente se aument\u00f3 el sueldo en plena pandemia - Informe Litoral","isPartOf":{"@id":"https:\/\/informelitoral.com.ar\/#website"},"primaryImageOfPage":{"@id":"https:\/\/informelitoral.com.ar\/aldea-brasilera-el-intendente-se-aumento-el-sueldo-en-plena-pandemia\/#primaryimage"},"image":{"@id":"https:\/\/informelitoral.com.ar\/aldea-brasilera-el-intendente-se-aumento-el-sueldo-en-plena-pandemia\/#primaryimage"},"thumbnailUrl":"https:\/\/informelitoral.com.ar\/%77%70%2d%63%6f%6e%74%65%6e%74\/uploads\/2020\/09\/hugo-ramirez.jpg","datePublished":"2020-09-09T11:52:28+00:00","dateModified":"2020-09-09T11:59:53+00:00","breadcrumb":{"@id":"https:\/\/informelitoral.com.ar\/aldea-brasilera-el-intendente-se-aumento-el-sueldo-en-plena-pandemia\/#breadcrumb"},"inLanguage":"es","potentialAction":[{"@type":"ReadAction","target":["https:\/\/informelitoral.com.ar\/aldea-brasilera-el-intendente-se-aumento-el-sueldo-en-plena-pandemia\/"]}]},{"@type":"ImageObject","inLanguage":"es","@id":"https:\/\/informelitoral.com.ar\/aldea-brasilera-el-intendente-se-aumento-el-sueldo-en-plena-pandemia\/#primaryimage","url":"https:\/\/informelitoral.com.ar\/%77%70%2d%63%6f%6e%74%65%6e%74\/uploads\/2020\/09\/hugo-ramirez.jpg","contentUrl":"https:\/\/informelitoral.com.ar\/%77%70%2d%63%6f%6e%74%65%6e%74\/uploads\/2020\/09\/hugo-ramirez.jpg","width":1152,"height":1728},{"@type":"BreadcrumbList","@id":"https:\/\/informelitoral.com.ar\/aldea-brasilera-el-intendente-se-aumento-el-sueldo-en-plena-pandemia\/#breadcrumb","itemListElement":[{"@type":"ListItem","position":1,"name":"Portada","item":"https:\/\/informelitoral.com.ar\/"},{"@type":"ListItem","position":2,"name":"Aldea Brasilera: el intendente se aument\u00f3 el sueldo en plena pandemia"}]},{"@type":"WebSite","@id":"https:\/\/informelitoral.com.ar\/#website","url":"https:\/\/informelitoral.com.ar\/","name":"Informe Litoral","description":"&quot;Nos informamos&quot; ","publisher":{"@id":"https:\/\/informelitoral.com.ar\/#organization"},"potentialAction":[{"@type":"SearchAction","target":{"@type":"EntryPoint","urlTemplate":"https:\/\/informelitoral.com.ar\/?s={search_term_string}"},"query-input":{"@type":"PropertyValueSpecification","valueRequired":true,"valueName":"search_term_string"}}],"inLanguage":"es"},{"@type":"Organization","@id":"https:\/\/informelitoral.com.ar\/#organization","name":"Informe Litoral","url":"https:\/\/informelitoral.com.ar\/","logo":{"@type":"ImageObject","inLanguage":"es","@id":"https:\/\/informelitoral.com.ar\/#\/schema\/logo\/image\/","url":"https:\/\/informelitoral.com.ar\/%77%70%2d%63%6f%6e%74%65%6e%74\/uploads\/2021\/01\/circulo.png","contentUrl":"https:\/\/informelitoral.com.ar\/%77%70%2d%63%6f%6e%74%65%6e%74\/uploads\/2021\/01\/circulo.png","width":723,"height":731,"caption":"Informe Litoral"},"image":{"@id":"https:\/\/informelitoral.com.ar\/#\/schema\/logo\/image\/"},"sameAs":["https:\/\/www.facebook.com\/informelitoral\/","https:\/\/x.com\/InformeLitoral","https:\/\/www.instagram.com\/informelitoral\/","https:\/\/www.youtube.com\/channel\/UCua4Qvz8Icb6MYqhoq9xLXw"]},{"@type":"Person","@id":"https:\/\/informelitoral.com.ar\/#\/schema\/person\/b9d00407c836482871ef1d57bf8e3180","name":"Gonzalo Schmidt","image":{"@type":"ImageObject","inLanguage":"es","@id":"https:\/\/secure.gravatar.com\/avatar\/31a1a7b66ff2de83bd0e9fd79d026630d2d99e55e8bfe501287647b4fd9743de?s=96&d=mm&r=g","url":"https:\/\/secure.gravatar.com\/avatar\/31a1a7b66ff2de83bd0e9fd79d026630d2d99e55e8bfe501287647b4fd9743de?s=96&d=mm&r=g","contentUrl":"https:\/\/secure.gravatar.com\/avatar\/31a1a7b66ff2de83bd0e9fd79d026630d2d99e55e8bfe501287647b4fd9743de?s=96&d=mm&r=g","caption":"Gonzalo Schmidt"},"description":"Sitio web de noticias de la provincia de Entre R\u00edos, Argentina. Informaci\u00f3n y entretenimiento. Informe Litoral, nos informamos.","sameAs":["http:\/\/www.isletasnoticias.com.ar"],"url":"https:\/\/informelitoral.com.ar\/author\/gonzalo\/"}]}},"_links":{"self":[{"href":"https:\/\/informelitoral.com.ar\/%77%70%2d%6a%73%6f%6e\/wp\/v2\/posts\/49187","targetHints":{"allow":["GET"]}}],"collection":[{"href":"https:\/\/informelitoral.com.ar\/%77%70%2d%6a%73%6f%6e\/wp\/v2\/posts"}],"about":[{"href":"https:\/\/informelitoral.com.ar\/%77%70%2d%6a%73%6f%6e\/wp\/v2\/types\/post"}],"author":[{"embeddable":true,"href":"https:\/\/informelitoral.com.ar\/%77%70%2d%6a%73%6f%6e\/wp\/v2\/users\/2"}],"replies":[{"embeddable":true,"href":"https:\/\/informelitoral.com.ar\/%77%70%2d%6a%73%6f%6e\/wp\/v2\/comments?post=49187"}],"version-history":[{"count":0,"href":"https:\/\/informelitoral.com.ar\/%77%70%2d%6a%73%6f%6e\/wp\/v2\/posts\/49187\/revisions"}],"wp:featuredmedia":[{"embeddable":true,"href":"https:\/\/informelitoral.com.ar\/%77%70%2d%6a%73%6f%6e\/wp\/v2\/media\/49188"}],"wp:attachment":[{"href":"https:\/\/informelitoral.com.ar\/%77%70%2d%6a%73%6f%6e\/wp\/v2\/media?parent=49187"}],"wp:term":[{"taxonomy":"category","embeddable":true,"href":"https:\/\/informelitoral.com.ar\/%77%70%2d%6a%73%6f%6e\/wp\/v2\/categories?post=49187"},{"taxonomy":"post_tag","embeddable":true,"href":"https:\/\/informelitoral.com.ar\/%77%70%2d%6a%73%6f%6e\/wp\/v2\/tags?post=49187"}],"curies":[{"name":"wp","href":"https:\/\/api.w.org\/{rel}","templated":true}]}}