{"id":4910,"date":"2013-12-27T23:37:31","date_gmt":"2013-12-28T02:37:31","guid":{"rendered":"http:\/\/www.isletasnoticias.com.ar\/?p=4910"},"modified":"2013-12-27T23:41:07","modified_gmt":"2013-12-28T02:41:07","slug":"ramirez-trabajadores-municipales-reclamaron-mejoras-laborales-y-salariales","status":"publish","type":"post","link":"https:\/\/informelitoral.com.ar\/ramirez-trabajadores-municipales-reclamaron-mejoras-laborales-y-salariales\/","title":{"rendered":"Ram\u00edrez: trabajadores municipales reclamaron \u00abmejoras laborales y salariales\u00bb"},"content":{"rendered":"<p><strong>Fue durante una movilizaci\u00f3n que se desarroll\u00f3 este viernes. Desde el Sindicato local, agradecieron el apoyo de FESTRAM y calificaron a la movilizaci\u00f3n como \u00abun \u00e9xito\u00bb. La respuesta desde el municipio.<\/strong><\/p>\n<p style=\"text-align: left;\"><a href=\"http:\/\/www.isletasnoticias.com.ar\/%77%70%2d%63%6f%6e%74%65%6e%74\/uploads\/2013\/12\/municipales1.jpg\"><img loading=\"lazy\" decoding=\"async\" class=\"size-medium wp-image-4911 aligncenter\" alt=\"municipales\" src=\"http:\/\/www.isletasnoticias.com.ar\/%77%70%2d%63%6f%6e%74%65%6e%74\/uploads\/2013\/12\/municipales1-300x225.jpg\" width=\"300\" height=\"225\" srcset=\"https:\/\/informelitoral.com.ar\/%77%70%2d%63%6f%6e%74%65%6e%74\/uploads\/2013\/12\/municipales1-300x225.jpg 300w, https:\/\/informelitoral.com.ar\/%77%70%2d%63%6f%6e%74%65%6e%74\/uploads\/2013\/12\/municipales1.jpg 640w\" sizes=\"auto, (max-width: 300px) 100vw, 300px\" \/><\/a>El Sindicato de Trabajadores Municipales de General Ram\u00edrez, con el apoyo de la Federaci\u00f3n Entrerriana de Sindicatos de Trabajadores Municipales (FESTRAM), llevaron a cabo una movilizaci\u00f3n este viernes.<\/p>\n<p style=\"text-align: left;\">La marcha fue convocada a partir de las 20:00, desde la municipalidad, para luego recorrer las calles c\u00e9ntricas de la mencionada localidad del departamento Diamante.<\/p>\n<p style=\"text-align: left;\">Durante la movilizaci\u00f3n reclamaron \u00abmejoras laborales y salariales para los trabajadores municipales de General Ram\u00edrez y toda la provincia\u00bb y posteriormete calificaron a la protesta como \u00abun \u00e9xito\u00bb.<\/p>\n<p style=\"text-align: left;\">Por \u00faltimo, advirtieron que \u00abseguimos mas firmes que nunca y convencidos que este es el camino para cambiar nuestra realidad\u00bb.<\/p>\n<p style=\"text-align: left;\"><strong>La respuesta del municipio<\/strong><\/p>\n<p style=\"text-align: left;\">\u00abComparto con ustedes la escala de remuneraciones tanto de la Municipalidad de General Ram\u00edrez como de la Provincia de Entre R\u00edos para que puedan visualizar que nos regimos por las mismas pautas salariales.<\/p>\n<p style=\"text-align: left;\">Cabe destacar que, <strong>durante todos estos a\u00f1os, le hemos brindado a todos nuestros empleados todas las comodidades<\/strong>, como el otorgamiento de la ropa correspondiente, y los derechos para<a href=\"http:\/\/www.isletasnoticias.com.ar\/%77%70%2d%63%6f%6e%74%65%6e%74\/uploads\/2013\/12\/salarios.jpg\"><img loading=\"lazy\" decoding=\"async\" class=\"size-medium wp-image-4912 alignright\" alt=\"salarios\" src=\"http:\/\/www.isletasnoticias.com.ar\/%77%70%2d%63%6f%6e%74%65%6e%74\/uploads\/2013\/12\/salarios-300x163.jpg\" width=\"300\" height=\"163\" srcset=\"https:\/\/informelitoral.com.ar\/%77%70%2d%63%6f%6e%74%65%6e%74\/uploads\/2013\/12\/salarios-300x163.jpg 300w, https:\/\/informelitoral.com.ar\/%77%70%2d%63%6f%6e%74%65%6e%74\/uploads\/2013\/12\/salarios.jpg 960w\" sizes=\"auto, (max-width: 300px) 100vw, 300px\" \/><\/a> que puedan trabajar dignamente.<\/p>\n<p style=\"text-align: left;\">Hay que mencionar que, antes de que seamos gobierno, ten\u00edan cinco sueldos del b\u00e1sico que se tomaba como $700 y no pod\u00edan comprar m\u00e1s de $2800 en forma directa.<\/p>\n<p style=\"text-align: left;\">Actualmente, como figura en la imagen publicada, el sueldo garantizado de bolsillo es de $3.170. Sin lugar a dudas que <strong>la movilizaci\u00f3n, que tuvo lugar en horas de la noche, deja mucho que desear.<\/strong><\/p>\n<p style=\"text-align: left;\"><strong>Es lamentable que venga gente de afuera a protestar<\/strong>, desconociendo la realidad de nuestra localidad, especialmente de nuestra municipalidad. Hasta el momento, <strong>el Secretario General de la FESTRAM no ha solicitado audiencia alguna<\/strong> para debatir estas tem\u00e1ticas, inherentes a los empleados municipales.<\/p>\n<p style=\"text-align: left;\">Finalmente, quiero agregar que <strong>hemos pagado sueldos y aguinaldo en tiempo y forma<\/strong> y, en materia de obras, hemos tenido un excelente a\u00f1o. Adem\u00e1s, entre el 2 y 3 de enero estaremos pagando a todos los proveedores. Buenas noches a todos\u00bb, indicaron desde la cuenta de Facebook del intendente <strong>Edelmiro Kramer<\/strong>.<\/p>\n","protected":false},"excerpt":{"rendered":"<p>Fue durante una movilizaci&oacute;n que se desarroll&oacute; este viernes. Desde el Sindicato local, agradecieron el apoyo de FESTRAM y calificaron a la movilizaci&oacute;n como &laquo;un &eacute;xito&raquo;. La respuesta desde el municipio. El Sindicato de Trabajadores Municipales de General Ram&iacute;rez, con el apoyo de la Federaci&oacute;n Entrerriana de Sindicatos de Trabajadores Municipales (FESTRAM), llevaron a cabo [&hellip;]<\/p>\n","protected":false},"author":2,"featured_media":0,"comment_status":"open","ping_status":"open","sticky":false,"template":"","format":"standard","meta":{"fifu_image_url":"","fifu_image_alt":"","footnotes":""},"categories":[5],"tags":[],"class_list":{"0":"post-4910","1":"post","2":"type-post","3":"status-publish","4":"format-standard","6":"category-zonales"},"yoast_head":"<title>Ram\u00edrez: trabajadores municipales reclamaron &quot;mejoras laborales y salariales&quot; - Informe Litoral<\/title>\n<meta name=\"robots\" content=\"index, follow, max-snippet:-1, max-image-preview:large, max-video-preview:-1\" \/>\n<link rel=\"canonical\" href=\"https:\/\/informelitoral.com.ar\/ramirez-trabajadores-municipales-reclamaron-mejoras-laborales-y-salariales\/\" \/>\n<meta property=\"og:locale\" content=\"es_ES\" \/>\n<meta property=\"og:type\" content=\"article\" \/>\n<meta property=\"og:title\" content=\"Ram\u00edrez: trabajadores municipales reclamaron &quot;mejoras laborales y salariales&quot; - Informe Litoral\" \/>\n<meta property=\"og:description\" content=\"Fue durante una movilizaci&oacute;n que se desarroll&oacute; este viernes. Desde el Sindicato local, agradecieron el apoyo de FESTRAM y calificaron a la movilizaci&oacute;n como &laquo;un &eacute;xito&raquo;. La respuesta desde el municipio. El Sindicato de Trabajadores Municipales de General Ram&iacute;rez, con el apoyo de la Federaci&oacute;n Entrerriana de Sindicatos de Trabajadores Municipales (FESTRAM), llevaron a cabo [&hellip;]\" \/>\n<meta property=\"og:url\" content=\"https:\/\/informelitoral.com.ar\/ramirez-trabajadores-municipales-reclamaron-mejoras-laborales-y-salariales\/\" \/>\n<meta property=\"og:site_name\" content=\"Informe Litoral\" \/>\n<meta property=\"article:publisher\" content=\"https:\/\/www.facebook.com\/informelitoral\/\" \/>\n<meta property=\"article:published_time\" content=\"2013-12-28T02:37:31+00:00\" \/>\n<meta property=\"article:modified_time\" content=\"2013-12-28T02:41:07+00:00\" \/>\n<meta property=\"og:image\" content=\"https:\/\/informelitoral.com.ar\/%77%70%2d%63%6f%6e%74%65%6e%74\/uploads\/2013\/12\/municipales1.jpg\" \/>\n\t<meta property=\"og:image:width\" content=\"640\" \/>\n\t<meta property=\"og:image:height\" content=\"480\" \/>\n\t<meta property=\"og:image:type\" content=\"image\/jpeg\" \/>\n<meta name=\"author\" content=\"Gonzalo Schmidt\" \/>\n<meta name=\"twitter:card\" content=\"summary_large_image\" \/>\n<meta name=\"twitter:creator\" content=\"@InformeLitoral\" \/>\n<meta name=\"twitter:site\" content=\"@InformeLitoral\" \/>\n<meta name=\"twitter:label1\" content=\"Escrito por\" \/>\n\t<meta name=\"twitter:data1\" content=\"Gonzalo Schmidt\" \/>\n\t<meta name=\"twitter:label2\" content=\"Tiempo de lectura\" \/>\n\t<meta name=\"twitter:data2\" content=\"2 minutos\" \/>\n<script type=\"application\/ld+json\" class=\"yoast-schema-graph\">{\"@context\":\"https:\\\/\\\/schema.org\",\"@graph\":[{\"@type\":\"Article\",\"@id\":\"https:\\\/\\\/informelitoral.com.ar\\\/ramirez-trabajadores-municipales-reclamaron-mejoras-laborales-y-salariales\\\/#article\",\"isPartOf\":{\"@id\":\"https:\\\/\\\/informelitoral.com.ar\\\/ramirez-trabajadores-municipales-reclamaron-mejoras-laborales-y-salariales\\\/\"},\"author\":{\"name\":\"Gonzalo Schmidt\",\"@id\":\"https:\\\/\\\/informelitoral.com.ar\\\/#\\\/schema\\\/person\\\/b9d00407c836482871ef1d57bf8e3180\"},\"headline\":\"Ram\u00edrez: trabajadores municipales reclamaron \u00abmejoras laborales y salariales\u00bb\",\"datePublished\":\"2013-12-28T02:37:31+00:00\",\"dateModified\":\"2013-12-28T02:41:07+00:00\",\"mainEntityOfPage\":{\"@id\":\"https:\\\/\\\/informelitoral.com.ar\\\/ramirez-trabajadores-municipales-reclamaron-mejoras-laborales-y-salariales\\\/\"},\"wordCount\":379,\"commentCount\":0,\"publisher\":{\"@id\":\"https:\\\/\\\/informelitoral.com.ar\\\/#organization\"},\"image\":{\"@id\":\"https:\\\/\\\/informelitoral.com.ar\\\/ramirez-trabajadores-municipales-reclamaron-mejoras-laborales-y-salariales\\\/#primaryimage\"},\"thumbnailUrl\":\"http:\\\/\\\/www.isletasnoticias.com.ar\\\/%77%70%2d%63%6f%6e%74%65%6e%74\\\/uploads\\\/2013\\\/12\\\/municipales1-300x225.jpg\",\"articleSection\":[\"Departamento Diamante\"],\"inLanguage\":\"es\",\"potentialAction\":[{\"@type\":\"CommentAction\",\"name\":\"Comment\",\"target\":[\"https:\\\/\\\/informelitoral.com.ar\\\/ramirez-trabajadores-municipales-reclamaron-mejoras-laborales-y-salariales\\\/#respond\"]}]},{\"@type\":\"WebPage\",\"@id\":\"https:\\\/\\\/informelitoral.com.ar\\\/ramirez-trabajadores-municipales-reclamaron-mejoras-laborales-y-salariales\\\/\",\"url\":\"https:\\\/\\\/informelitoral.com.ar\\\/ramirez-trabajadores-municipales-reclamaron-mejoras-laborales-y-salariales\\\/\",\"name\":\"Ram\u00edrez: trabajadores municipales reclamaron \\\"mejoras laborales y salariales\\\" - Informe Litoral\",\"isPartOf\":{\"@id\":\"https:\\\/\\\/informelitoral.com.ar\\\/#website\"},\"primaryImageOfPage\":{\"@id\":\"https:\\\/\\\/informelitoral.com.ar\\\/ramirez-trabajadores-municipales-reclamaron-mejoras-laborales-y-salariales\\\/#primaryimage\"},\"image\":{\"@id\":\"https:\\\/\\\/informelitoral.com.ar\\\/ramirez-trabajadores-municipales-reclamaron-mejoras-laborales-y-salariales\\\/#primaryimage\"},\"thumbnailUrl\":\"http:\\\/\\\/www.isletasnoticias.com.ar\\\/%77%70%2d%63%6f%6e%74%65%6e%74\\\/uploads\\\/2013\\\/12\\\/municipales1-300x225.jpg\",\"datePublished\":\"2013-12-28T02:37:31+00:00\",\"dateModified\":\"2013-12-28T02:41:07+00:00\",\"breadcrumb\":{\"@id\":\"https:\\\/\\\/informelitoral.com.ar\\\/ramirez-trabajadores-municipales-reclamaron-mejoras-laborales-y-salariales\\\/#breadcrumb\"},\"inLanguage\":\"es\",\"potentialAction\":[{\"@type\":\"ReadAction\",\"target\":[\"https:\\\/\\\/informelitoral.com.ar\\\/ramirez-trabajadores-municipales-reclamaron-mejoras-laborales-y-salariales\\\/\"]}]},{\"@type\":\"ImageObject\",\"inLanguage\":\"es\",\"@id\":\"https:\\\/\\\/informelitoral.com.ar\\\/ramirez-trabajadores-municipales-reclamaron-mejoras-laborales-y-salariales\\\/#primaryimage\",\"url\":\"http:\\\/\\\/www.isletasnoticias.com.ar\\\/%77%70%2d%63%6f%6e%74%65%6e%74\\\/uploads\\\/2013\\\/12\\\/municipales1-300x225.jpg\",\"contentUrl\":\"http:\\\/\\\/www.isletasnoticias.com.ar\\\/%77%70%2d%63%6f%6e%74%65%6e%74\\\/uploads\\\/2013\\\/12\\\/municipales1-300x225.jpg\"},{\"@type\":\"BreadcrumbList\",\"@id\":\"https:\\\/\\\/informelitoral.com.ar\\\/ramirez-trabajadores-municipales-reclamaron-mejoras-laborales-y-salariales\\\/#breadcrumb\",\"itemListElement\":[{\"@type\":\"ListItem\",\"position\":1,\"name\":\"Portada\",\"item\":\"https:\\\/\\\/informelitoral.com.ar\\\/\"},{\"@type\":\"ListItem\",\"position\":2,\"name\":\"Ram\u00edrez: trabajadores municipales reclamaron \u00abmejoras laborales y salariales\u00bb\"}]},{\"@type\":\"WebSite\",\"@id\":\"https:\\\/\\\/informelitoral.com.ar\\\/#website\",\"url\":\"https:\\\/\\\/informelitoral.com.ar\\\/\",\"name\":\"Informe Litoral\",\"description\":\"&quot;Nos informamos&quot; \",\"publisher\":{\"@id\":\"https:\\\/\\\/informelitoral.com.ar\\\/#organization\"},\"potentialAction\":[{\"@type\":\"SearchAction\",\"target\":{\"@type\":\"EntryPoint\",\"urlTemplate\":\"https:\\\/\\\/informelitoral.com.ar\\\/?s={search_term_string}\"},\"query-input\":{\"@type\":\"PropertyValueSpecification\",\"valueRequired\":true,\"valueName\":\"search_term_string\"}}],\"inLanguage\":\"es\"},{\"@type\":\"Organization\",\"@id\":\"https:\\\/\\\/informelitoral.com.ar\\\/#organization\",\"name\":\"Informe Litoral\",\"url\":\"https:\\\/\\\/informelitoral.com.ar\\\/\",\"logo\":{\"@type\":\"ImageObject\",\"inLanguage\":\"es\",\"@id\":\"https:\\\/\\\/informelitoral.com.ar\\\/#\\\/schema\\\/logo\\\/image\\\/\",\"url\":\"https:\\\/\\\/informelitoral.com.ar\\\/%77%70%2d%63%6f%6e%74%65%6e%74\\\/uploads\\\/2021\\\/01\\\/circulo.png\",\"contentUrl\":\"https:\\\/\\\/informelitoral.com.ar\\\/%77%70%2d%63%6f%6e%74%65%6e%74\\\/uploads\\\/2021\\\/01\\\/circulo.png\",\"width\":723,\"height\":731,\"caption\":\"Informe Litoral\"},\"image\":{\"@id\":\"https:\\\/\\\/informelitoral.com.ar\\\/#\\\/schema\\\/logo\\\/image\\\/\"},\"sameAs\":[\"https:\\\/\\\/www.facebook.com\\\/informelitoral\\\/\",\"https:\\\/\\\/x.com\\\/InformeLitoral\",\"https:\\\/\\\/www.instagram.com\\\/informelitoral\\\/\",\"https:\\\/\\\/www.youtube.com\\\/channel\\\/UCua4Qvz8Icb6MYqhoq9xLXw\"]},{\"@type\":\"Person\",\"@id\":\"https:\\\/\\\/informelitoral.com.ar\\\/#\\\/schema\\\/person\\\/b9d00407c836482871ef1d57bf8e3180\",\"name\":\"Gonzalo Schmidt\",\"image\":{\"@type\":\"ImageObject\",\"inLanguage\":\"es\",\"@id\":\"https:\\\/\\\/secure.gravatar.com\\\/avatar\\\/31a1a7b66ff2de83bd0e9fd79d026630d2d99e55e8bfe501287647b4fd9743de?s=96&d=mm&r=g\",\"url\":\"https:\\\/\\\/secure.gravatar.com\\\/avatar\\\/31a1a7b66ff2de83bd0e9fd79d026630d2d99e55e8bfe501287647b4fd9743de?s=96&d=mm&r=g\",\"contentUrl\":\"https:\\\/\\\/secure.gravatar.com\\\/avatar\\\/31a1a7b66ff2de83bd0e9fd79d026630d2d99e55e8bfe501287647b4fd9743de?s=96&d=mm&r=g\",\"caption\":\"Gonzalo Schmidt\"},\"description\":\"Sitio web de noticias de la provincia de Entre R\u00edos, Argentina. Informaci\u00f3n y entretenimiento. Informe Litoral, nos informamos.\",\"sameAs\":[\"http:\\\/\\\/www.isletasnoticias.com.ar\"],\"url\":\"https:\\\/\\\/informelitoral.com.ar\\\/author\\\/gonzalo\\\/\"}]}<\/script>","yoast_head_json":{"title":"Ram\u00edrez: trabajadores municipales reclamaron \"mejoras laborales y salariales\" - Informe Litoral","robots":{"index":"index","follow":"follow","max-snippet":"max-snippet:-1","max-image-preview":"max-image-preview:large","max-video-preview":"max-video-preview:-1"},"canonical":"https:\/\/informelitoral.com.ar\/ramirez-trabajadores-municipales-reclamaron-mejoras-laborales-y-salariales\/","og_locale":"es_ES","og_type":"article","og_title":"Ram\u00edrez: trabajadores municipales reclamaron \"mejoras laborales y salariales\" - Informe Litoral","og_description":"Fue durante una movilizaci&oacute;n que se desarroll&oacute; este viernes. Desde el Sindicato local, agradecieron el apoyo de FESTRAM y calificaron a la movilizaci&oacute;n como &laquo;un &eacute;xito&raquo;. La respuesta desde el municipio. El Sindicato de Trabajadores Municipales de General Ram&iacute;rez, con el apoyo de la Federaci&oacute;n Entrerriana de Sindicatos de Trabajadores Municipales (FESTRAM), llevaron a cabo [&hellip;]","og_url":"https:\/\/informelitoral.com.ar\/ramirez-trabajadores-municipales-reclamaron-mejoras-laborales-y-salariales\/","og_site_name":"Informe Litoral","article_publisher":"https:\/\/www.facebook.com\/informelitoral\/","article_published_time":"2013-12-28T02:37:31+00:00","article_modified_time":"2013-12-28T02:41:07+00:00","og_image":[{"width":640,"height":480,"url":"https:\/\/informelitoral.com.ar\/%77%70%2d%63%6f%6e%74%65%6e%74\/uploads\/2013\/12\/municipales1.jpg","type":"image\/jpeg"}],"author":"Gonzalo Schmidt","twitter_card":"summary_large_image","twitter_creator":"@InformeLitoral","twitter_site":"@InformeLitoral","twitter_misc":{"Escrito por":"Gonzalo Schmidt","Tiempo de lectura":"2 minutos"},"schema":{"@context":"https:\/\/schema.org","@graph":[{"@type":"Article","@id":"https:\/\/informelitoral.com.ar\/ramirez-trabajadores-municipales-reclamaron-mejoras-laborales-y-salariales\/#article","isPartOf":{"@id":"https:\/\/informelitoral.com.ar\/ramirez-trabajadores-municipales-reclamaron-mejoras-laborales-y-salariales\/"},"author":{"name":"Gonzalo Schmidt","@id":"https:\/\/informelitoral.com.ar\/#\/schema\/person\/b9d00407c836482871ef1d57bf8e3180"},"headline":"Ram\u00edrez: trabajadores municipales reclamaron \u00abmejoras laborales y salariales\u00bb","datePublished":"2013-12-28T02:37:31+00:00","dateModified":"2013-12-28T02:41:07+00:00","mainEntityOfPage":{"@id":"https:\/\/informelitoral.com.ar\/ramirez-trabajadores-municipales-reclamaron-mejoras-laborales-y-salariales\/"},"wordCount":379,"commentCount":0,"publisher":{"@id":"https:\/\/informelitoral.com.ar\/#organization"},"image":{"@id":"https:\/\/informelitoral.com.ar\/ramirez-trabajadores-municipales-reclamaron-mejoras-laborales-y-salariales\/#primaryimage"},"thumbnailUrl":"http:\/\/www.isletasnoticias.com.ar\/%77%70%2d%63%6f%6e%74%65%6e%74\/uploads\/2013\/12\/municipales1-300x225.jpg","articleSection":["Departamento Diamante"],"inLanguage":"es","potentialAction":[{"@type":"CommentAction","name":"Comment","target":["https:\/\/informelitoral.com.ar\/ramirez-trabajadores-municipales-reclamaron-mejoras-laborales-y-salariales\/#respond"]}]},{"@type":"WebPage","@id":"https:\/\/informelitoral.com.ar\/ramirez-trabajadores-municipales-reclamaron-mejoras-laborales-y-salariales\/","url":"https:\/\/informelitoral.com.ar\/ramirez-trabajadores-municipales-reclamaron-mejoras-laborales-y-salariales\/","name":"Ram\u00edrez: trabajadores municipales reclamaron \"mejoras laborales y salariales\" - Informe Litoral","isPartOf":{"@id":"https:\/\/informelitoral.com.ar\/#website"},"primaryImageOfPage":{"@id":"https:\/\/informelitoral.com.ar\/ramirez-trabajadores-municipales-reclamaron-mejoras-laborales-y-salariales\/#primaryimage"},"image":{"@id":"https:\/\/informelitoral.com.ar\/ramirez-trabajadores-municipales-reclamaron-mejoras-laborales-y-salariales\/#primaryimage"},"thumbnailUrl":"http:\/\/www.isletasnoticias.com.ar\/%77%70%2d%63%6f%6e%74%65%6e%74\/uploads\/2013\/12\/municipales1-300x225.jpg","datePublished":"2013-12-28T02:37:31+00:00","dateModified":"2013-12-28T02:41:07+00:00","breadcrumb":{"@id":"https:\/\/informelitoral.com.ar\/ramirez-trabajadores-municipales-reclamaron-mejoras-laborales-y-salariales\/#breadcrumb"},"inLanguage":"es","potentialAction":[{"@type":"ReadAction","target":["https:\/\/informelitoral.com.ar\/ramirez-trabajadores-municipales-reclamaron-mejoras-laborales-y-salariales\/"]}]},{"@type":"ImageObject","inLanguage":"es","@id":"https:\/\/informelitoral.com.ar\/ramirez-trabajadores-municipales-reclamaron-mejoras-laborales-y-salariales\/#primaryimage","url":"http:\/\/www.isletasnoticias.com.ar\/%77%70%2d%63%6f%6e%74%65%6e%74\/uploads\/2013\/12\/municipales1-300x225.jpg","contentUrl":"http:\/\/www.isletasnoticias.com.ar\/%77%70%2d%63%6f%6e%74%65%6e%74\/uploads\/2013\/12\/municipales1-300x225.jpg"},{"@type":"BreadcrumbList","@id":"https:\/\/informelitoral.com.ar\/ramirez-trabajadores-municipales-reclamaron-mejoras-laborales-y-salariales\/#breadcrumb","itemListElement":[{"@type":"ListItem","position":1,"name":"Portada","item":"https:\/\/informelitoral.com.ar\/"},{"@type":"ListItem","position":2,"name":"Ram\u00edrez: trabajadores municipales reclamaron \u00abmejoras laborales y salariales\u00bb"}]},{"@type":"WebSite","@id":"https:\/\/informelitoral.com.ar\/#website","url":"https:\/\/informelitoral.com.ar\/","name":"Informe Litoral","description":"&quot;Nos informamos&quot; ","publisher":{"@id":"https:\/\/informelitoral.com.ar\/#organization"},"potentialAction":[{"@type":"SearchAction","target":{"@type":"EntryPoint","urlTemplate":"https:\/\/informelitoral.com.ar\/?s={search_term_string}"},"query-input":{"@type":"PropertyValueSpecification","valueRequired":true,"valueName":"search_term_string"}}],"inLanguage":"es"},{"@type":"Organization","@id":"https:\/\/informelitoral.com.ar\/#organization","name":"Informe Litoral","url":"https:\/\/informelitoral.com.ar\/","logo":{"@type":"ImageObject","inLanguage":"es","@id":"https:\/\/informelitoral.com.ar\/#\/schema\/logo\/image\/","url":"https:\/\/informelitoral.com.ar\/%77%70%2d%63%6f%6e%74%65%6e%74\/uploads\/2021\/01\/circulo.png","contentUrl":"https:\/\/informelitoral.com.ar\/%77%70%2d%63%6f%6e%74%65%6e%74\/uploads\/2021\/01\/circulo.png","width":723,"height":731,"caption":"Informe Litoral"},"image":{"@id":"https:\/\/informelitoral.com.ar\/#\/schema\/logo\/image\/"},"sameAs":["https:\/\/www.facebook.com\/informelitoral\/","https:\/\/x.com\/InformeLitoral","https:\/\/www.instagram.com\/informelitoral\/","https:\/\/www.youtube.com\/channel\/UCua4Qvz8Icb6MYqhoq9xLXw"]},{"@type":"Person","@id":"https:\/\/informelitoral.com.ar\/#\/schema\/person\/b9d00407c836482871ef1d57bf8e3180","name":"Gonzalo Schmidt","image":{"@type":"ImageObject","inLanguage":"es","@id":"https:\/\/secure.gravatar.com\/avatar\/31a1a7b66ff2de83bd0e9fd79d026630d2d99e55e8bfe501287647b4fd9743de?s=96&d=mm&r=g","url":"https:\/\/secure.gravatar.com\/avatar\/31a1a7b66ff2de83bd0e9fd79d026630d2d99e55e8bfe501287647b4fd9743de?s=96&d=mm&r=g","contentUrl":"https:\/\/secure.gravatar.com\/avatar\/31a1a7b66ff2de83bd0e9fd79d026630d2d99e55e8bfe501287647b4fd9743de?s=96&d=mm&r=g","caption":"Gonzalo Schmidt"},"description":"Sitio web de noticias de la provincia de Entre R\u00edos, Argentina. Informaci\u00f3n y entretenimiento. Informe Litoral, nos informamos.","sameAs":["http:\/\/www.isletasnoticias.com.ar"],"url":"https:\/\/informelitoral.com.ar\/author\/gonzalo\/"}]}},"_links":{"self":[{"href":"https:\/\/informelitoral.com.ar\/%77%70%2d%6a%73%6f%6e\/wp\/v2\/posts\/4910","targetHints":{"allow":["GET"]}}],"collection":[{"href":"https:\/\/informelitoral.com.ar\/%77%70%2d%6a%73%6f%6e\/wp\/v2\/posts"}],"about":[{"href":"https:\/\/informelitoral.com.ar\/%77%70%2d%6a%73%6f%6e\/wp\/v2\/types\/post"}],"author":[{"embeddable":true,"href":"https:\/\/informelitoral.com.ar\/%77%70%2d%6a%73%6f%6e\/wp\/v2\/users\/2"}],"replies":[{"embeddable":true,"href":"https:\/\/informelitoral.com.ar\/%77%70%2d%6a%73%6f%6e\/wp\/v2\/comments?post=4910"}],"version-history":[{"count":0,"href":"https:\/\/informelitoral.com.ar\/%77%70%2d%6a%73%6f%6e\/wp\/v2\/posts\/4910\/revisions"}],"wp:attachment":[{"href":"https:\/\/informelitoral.com.ar\/%77%70%2d%6a%73%6f%6e\/wp\/v2\/media?parent=4910"}],"wp:term":[{"taxonomy":"category","embeddable":true,"href":"https:\/\/informelitoral.com.ar\/%77%70%2d%6a%73%6f%6e\/wp\/v2\/categories?post=4910"},{"taxonomy":"post_tag","embeddable":true,"href":"https:\/\/informelitoral.com.ar\/%77%70%2d%6a%73%6f%6e\/wp\/v2\/tags?post=4910"}],"curies":[{"name":"wp","href":"https:\/\/api.w.org\/{rel}","templated":true}]}}