{"id":4902,"date":"2013-12-27T21:24:36","date_gmt":"2013-12-28T00:24:36","guid":{"rendered":"http:\/\/www.isletasnoticias.com.ar\/?p=4902"},"modified":"2013-12-27T21:25:51","modified_gmt":"2013-12-28T00:25:51","slug":"monge-fue-el-diputado-que-mas-proyectos-presento-en-2013","status":"publish","type":"post","link":"https:\/\/informelitoral.com.ar\/monge-fue-el-diputado-que-mas-proyectos-presento-en-2013\/","title":{"rendered":"Monge fue el diputado que m\u00e1s proyectos present\u00f3 en 2013"},"content":{"rendered":"<div>\n<p style=\"text-align: left;\"><strong>El diamantino <em>Jorge Monge<\/em> fue el diputado m\u00e1s productivo, con 25 iniciativas de ley propias ingresadas. \u00a0Entre el oficialismo,<em> Claudia Monjo<\/em> encabeza con 11 textos de ley; igual n\u00famero ingresaron Alizegui y Romero<\/strong>.<\/p>\n<p id=\"ecxyiv1277651197yui_3_13_0_ym1_1_1388177238203_5172\" style=\"text-align: left;\"><strong><a href=\"http:\/\/www.isletasnoticias.com.ar\/%77%70%2d%63%6f%6e%74%65%6e%74\/uploads\/2013\/10\/monge.jpg\"><img loading=\"lazy\" decoding=\"async\" class=\"size-full wp-image-3643 aligncenter\" alt=\"monge\" src=\"http:\/\/www.isletasnoticias.com.ar\/%77%70%2d%63%6f%6e%74%65%6e%74\/uploads\/2013\/10\/monge.jpg\" width=\"259\" height=\"194\" \/><\/a><\/strong><\/p>\n<\/div>\n<div>Seg\u00fan un recuento de los proyectos de ley ingresados por los diputados en el 134 per\u00edodo de sesiones, el representante diamantino de la UCR, <strong>Jorge Monge<\/strong>, fue el m\u00e1s productivo, al ingresar 25 textos propios. Lejos, con casi la mitad de proyectos lo siguen <strong>Claudia Monjo<\/strong> (FpV-Villaguay), <strong>Antonio Alizegui<\/strong> (C,E y T-Oro verde) quien se mantiene entre los legisladores con m\u00e1s textos de ley. <strong>Rosario Romero<\/strong> (EM-Paran\u00e1) estuvo cerca de la docena de textos de ley en la C\u00e1mara Baja.<\/div>\n<div><\/div>\n<div><strong>Los detalles\u00a0<\/strong><\/div>\n<div><\/div>\n<div>El diputado <strong>Sergio Schumunk<\/strong> (FpV-Viale) present\u00f3 dos leyes, una sobre autorizar al IAPV a transferir en forma gratuita y en car\u00e1cter de restituci\u00f3n a la Municipalidad de Viale un inmueble, y otra para declarar de utilidad p\u00fablica y sujeto a expropiaci\u00f3n una fracci\u00f3n de terreno ubicado en el Distrito Quebracho para ampliar el parque industrial de Viale. En tanto, acompa\u00f1\u00f3 cuatro iniciativas de ley: para crear el Banco de Productos M\u00e9dicos Implantables, de adhesi\u00f3n a la ley nacional 26.862 sobre fertilizaci\u00f3n asistida, para expropiar un terreno en el ejido de Hasenkamp, y para expropiar un lote de terreno en San Benito.<\/div>\n<div><\/div>\n<div><strong>Juan Reynaldo Navarro<\/strong> (FpV-Tala) present\u00f3 tres propios: para ratificar en todos sus t\u00e9rminos las disposiciones de la Ley N\u00ba 9.822 que declara de utilidad p\u00fablica y sujeto a expropiaci\u00f3n inmuebles en Tala; \u00a0para sustituir el art\u00edculo 6 de la ley impositiva N\u00ba 9.622 C\u00f3digo Fiscal; y para ratificar la vigencia de la declaraci\u00f3n de utilidad p\u00fablica y sujeto a expropiaci\u00f3n del inmueble correspondiente al casco hist\u00f3rico de la estancia \u00abSan Eusebio\u00bb. Adem\u00e1s, acompa\u00f1\u00f3 el proyecto para adherir a la ley nacional N\u00ba 26.811 de D\u00eda Naci\u00f3n de la lucha contra la violencia institucional; para adherir a la ley N\u00aa 26.862 de Fertilizaci\u00f3n Asistida; y para declarar de inter\u00e9s provincial la conservaci\u00f3n de los pastizales naturales en la provincia.<\/div>\n<div><\/div>\n<div><strong>Juan Jos\u00e9 Albornoz<\/strong> (FpV-Gualeguay) present\u00f3 dos proyectos de ley, uno para dispones que los jubilados y pensionados de la provincia, que hubieren prestado servicios en el Nuevo Banco de Entre R\u00edos SA sean incorporados al IOSPER; y para restablecer por 180 d\u00edas los alcances de la Ley N\u00ba 9.580 referida a la suspensi\u00f3n de las subastas y ejecuciones en curso contra los bienes de las entidades deportivas con domicilio en la provincia.<\/div>\n<div><\/div>\n<div id=\"ecxyiv1277651197yui_3_13_0_ym1_1_1388177238203_5171\"><strong>Jos\u00e9 \u00c1ngel Allende<\/strong> (FpV-Nogoy\u00e1) present\u00f3 el proyecto de ley de Educaci\u00f3n Ambiental, y adhiri\u00f3 a dos de la diputada Rosario Romero: para modificar el art\u00edculo 4 de de la Ley N\u00ba 5.796 del Tribunal de cuentas provincial; y para modificar el art\u00edculo 5 de la ley N\u00ba 9068 referida a la prohibici\u00f3n de la pr\u00e1ctica ambulatoria \u00f3ptica en la provincia.<\/div>\n<div><\/div>\n<div><strong> Estela Almir\u00f3n<\/strong> (FpV-Paran\u00e1) acompa\u00f1\u00f3 tres proyectos de sus pares: para adherir a la ley de lucha contra la violencia institucional; para establecer en la provincia los botones antip\u00e1nico; y para declarar de inter\u00e9s p\u00fablico y sujeto a expropiaci\u00f3n un terreno de Viale para el parque industrial. Leticia Angerosa (FpV-Gualeguaych\u00fa) tambi\u00e9n acompa\u00f1\u00f3 tres proyectos de sus pares: para adherir a la ley de lucha contra la violencia institucional; de educaci\u00f3n ambiental; y para declarar al 21 de junio de cada a\u00f1o como d\u00eda de la confraternidad ant\u00e1rtica.<\/div>\n<div><\/div>\n<div><strong>Juan Carlos Darrich\u00f3n<\/strong> (FpV-Diamante) present\u00f3 dos iniciativas de ley: para declarar de utilidad p\u00fablica y sujeto a expropiaci\u00f3n un lote de un inmueble ubicado en Las Cuevas, y otro para efectuar una correcci\u00f3n a la normativa del C\u00f3digo Fiscal vigente referido a las inscripciones de veh\u00edculos 0 Km al transporte p\u00fablico de pasajeros. Adem\u00e1s, acompa\u00f1\u00f3 una iniciativa sobre el d\u00eda de lucha contra la violencia institucional.<\/div>\n<div><\/div>\n<div><strong>Luis Jakimchuk<\/strong> (FpV-Concordia) present\u00f3 una iniciativa para adherir a la ley nacional N\u00ba 26.688 que declara de inter\u00e9s la investigaci\u00f3n y producci\u00f3n p\u00fablica de medicamentos y materias primas para la producci\u00f3n de medicamentos, vacunas y productos m\u00e9dicos. Adem\u00e1s, adhiri\u00f3 a los proyectos de lucha contra la violencia institucional y de adhesi\u00f3n a la ley nacional de fertilizaci\u00f3n asistida.<\/div>\n<div><\/div>\n<div><strong>Pablo Mendoza<\/strong> (FpV-Paran\u00e1) present\u00f3 tres proyectos: para crear en la provincia el Banco de productos m\u00e9dicos implantables; declarar de inter\u00e9s legislativo la reuni\u00f3n de reflexi\u00f3n sobre la necesidad de un observatorio de discapacidad en la provincia; y para declarar de inter\u00e9s provincial la defensa de los pastizales naturales en la provincia. Adem\u00e1s, acompa\u00f1\u00f3 dos proyectos de sus pares: sobre educaci\u00f3n ambiental y otro para expropiar un terreno para el parque industrial de Viale.<\/div>\n<div><\/div>\n<div><strong>Claudia Monjo<\/strong> (FpV-Villaguay) present\u00f3 11 iniciativas: para aceptar una donaci\u00f3n por parte de la Municipalidad de Villaguay para obras de una escuela; para adherir a la ley nacional 26.845 de toma de conciencia sobre la donaci\u00f3n de \u00f3rganos; para prohibir la producci\u00f3n, importaci\u00f3n, comercializaci\u00f3n de term\u00f3metros de mercurio; para crear el instituto provincial del c\u00e1ncer; para modificar el art\u00edculo 1\u00ba de la ley 9.859 que transfiere a la Municipalidad de Villaguay un inmueble para obtener recursos h\u00eddricos; para modificar el art\u00edculo 1\u00ba de la ley 10.173 sobre la empresa Las Camelias; sobre el uso, tenencia, exhibici\u00f3n y tr\u00e1fico de animales vivos de especies de fauna silvestre o ex\u00f3tica; para adherir a la ley nacional 26.873 sobre la lactancia materna; sobre informaci\u00f3n en la carta de precios en lugares de comidas el valor cal\u00f3rico de los alimentos; para expropiar el predio donde est\u00e1 la sinagoga de la Colonia Sonnenfeld; y para ratificar la expropiaci\u00f3n de un inmueble para el parque industrial de Villaguay. \u00a0Adem\u00e1s, acompa\u00f1\u00f3 dos textos de sus pares: para adherir a la lucha contra violencia institucional; para promover en la provincia los botones antip\u00e1nico.<\/div>\n<div><\/div>\n<div><strong>Emilce Pross<\/strong> (FpV-Paran\u00e1) present\u00f3 una iniciativa para asegurar a las personas con discapacidad auditiva en igualdad de condiciones las informaciones televisivas, de inter\u00e9s social, econ\u00f3mico, pol\u00edtico y cultural de la provincia; otra para que las boletas de impuestos tengan impresas leyendas contra la violencia de g\u00e9nero; y una tercera para promover acciones tendientes a garantizar la autonom\u00eda e independencia de las personas ciegas o con baja visi\u00f3n. En tanto, adhiri\u00f3 a las propuestas de lucha contra la violencia institucional; para implementar los botones antip\u00e1nico; y para expropiar un lote en Hasenkamp.<\/div>\n<div><\/div>\n<div><strong>Daniel Ruberto<\/strong> (FpV-Paran\u00e1) present\u00f3 un proyecto para expropiar un terreno en Paran\u00e1 para el borde costero; y acompa\u00f1\u00f3 dos iniciativas de sus pares: una para expropiar un terreno en Hasenkamp y otra para incorporar un art\u00edculo a la ley 5170 sobre partidos pol\u00edticos de la provincia.<\/div>\n<div><\/div>\n<div><strong>Laura Stratta<\/strong> (FpV-Victoria) present\u00f3 un texto para adherir a la ley nacional 26.838; para adherir a la ley nacional 26.811 del d\u00eda de lucha contra la violencia institucional; para adherir a la ley nacional 26.862 de fertilizaci\u00f3n asistida; y uno sobre r\u00e9gimen de disposici\u00f3n final de de bienes muebles registrables secuestrados por infracciones de tr\u00e1nsito. Asimismo, acompa\u00f1\u00f3 los siguientes proyectos de sus pares: para incorporar un art\u00edculo a la ley 5170 sobre partidos pol\u00edticos de la provincia; para incorporar un art\u00edculo a la ley 10.027 sobre gestiones de municipios; otro para expropiar un inmueble en Las Cuevas; y un \u00faltimo texto para efectuar una correcci\u00f3n a la normativa del C\u00f3digo Fiscal vigente referido a las inscripciones de veh\u00edculos 0 Km al transporte p\u00fablico de pasajeros.<\/div>\n<div><\/div>\n<div><strong>Mart\u00edn Uranga<\/strong> (FpV-Paran\u00e1) present\u00f3 un texto sobre el procedimiento administrativo en el marco del \u00e1mbito estatal; para incorporar el art\u00edculo 13 bis al C\u00f3digo Procesal Administrativo sobre el beneficio de litigar sin gasto para el trabajador; otro para modificar el art\u00edculo 17 del C\u00f3digo Procesal Laboral sobre el beneficio de litigar sin gastos para quienes no puedan afrontarlos; y un proyecto sobre subasta de la vivienda \u00fanica. Adem\u00e1s, acompa\u00f1\u00f3 una iniciativa para crear un juzgado de Familia en Paran\u00e1; para adherir al d\u00eda de lucha contra la violencia institucional; sobre la obligatoriedad de exhibir la leyenda en comercios para dirigirse a la oficina de Defensa al Consumidor; para declarar de inter\u00e9s la conservaci\u00f3n de pastizales en la provincia.<\/div>\n<div><\/div>\n<div><strong>Rub\u00e9n V\u00e1squez<\/strong> (FpV-San Benito) present\u00f3 un proyecto para adherir a la ley nacional 23.728 que ratifica un acuerdo entre Argentina e Italia; expropiar un terreno en Hasenkamp; y declarar patrimonio arquitect\u00f3nico hist\u00f3rico cultural el edificio del cine teatro Don Santiago de Mar\u00eda Grande; expropiar un terreno en San Benito para el parque industrial. Asimismo, acompa\u00f1\u00f3 dos proyectos sobre otorgar becas estudiantiles a trav\u00e9s del Inaubepro a hijos o nietos de funcionarios policiales muertos en cumplimiento del deber o sufrido incapacidad; \u00a0incorporar un art\u00edculo a la ley 10.027 sobre gestiones de municipios; instalar un sistema sonoro en sem\u00e1foros para personas ciegas o disminuidas visuales; expropiar un inmueble en Las Cuevas; y un \u00faltimo texto para efectuar una correcci\u00f3n a la normativa del C\u00f3digo Fiscal vigente referido a las inscripciones de veh\u00edculos 0 Km al transporte p\u00fablico de pasajeros.<\/div>\n<div><\/div>\n<div><strong>Osvaldo Viano<\/strong> (FpV-Feliciano) adhiri\u00f3 a tres iniciativas: sobre la lucha contra la violencia institucional; para declarar de inter\u00e9s la conservaci\u00f3n de los pastizales naturales; y para expropiar un terreno para el parque industrial de Viale.<\/div>\n<div><\/div>\n<div>Hern\u00e1n Vittulo (FpV-Gualeguay), en tanto, pidi\u00f3 prorrogar por 180 d\u00edas las ejecuciones hipotecarias de viviendas \u00fanicas, y \u00a0acompa\u00f1\u00f3 una iniciativa para adherir a la ley sobre el d\u00eda de lucha contra la violencia institucional. En el perfil de este legislador solo figuran tres proyectos de ley en total desde que asumi\u00f3, hace dos a\u00f1os. Dos son propios, uno de ellos ingresado el a\u00f1o pasado.<\/div>\n<div><\/div>\n<div id=\"ecxyiv1277651197yui_3_13_0_ym1_1_1388177238203_5170\">Entre la oposici\u00f3n,<strong> Agust\u00edn Federik<\/strong> (UCR-Paran\u00e1) present\u00f3 cuatro iniciativas: sobre el fondo partidario permanente de partidos pol\u00edticos en la provincia; para modificar los art\u00edculos de la ley 3886 sobre declaraciones juradas patrimoniales; sobre subasta de vivienda \u00fanica; y un proyecto sobre el IOSPER y aportes patronales. Asimismo, acompa\u00f1\u00f3: un texto en contra del fracking; para crear un juzgado de Familia en Paran\u00e1; para modificar la ley 8.973 de defensa al consumidor; para adherir al acuerdo entre Argentina e Italia; \u00a0para establecer un r\u00e9gimen especial de presentaci\u00f3n espont\u00e1nea de regularizaci\u00f3n de deudas con ATER; para autorizar la venta mediante subasta p\u00fablica de veh\u00edculos y motos secuestradas; para adherir al d\u00eda mundial de la concientizaci\u00f3n sobre autismo; para incorporar un art\u00edculo a la ley 5170 sobre partidos pol\u00edticos de la provincia; para adherir a la ley nacional 26.858 sobre perros gu\u00edas; para expropiar un terreno para el parque industrial de San Benito; implementar un sistema sonoro para sem\u00e1foros; referido a la publicidad oficial; modificar montos en la ley impositiva 9.622; incorporar servicios sanitarios para personas con discapacidad en los edificios de uso p\u00fablico; adherir a la ley nacional 26.567; sobre bancas legislativas; que alumnos de UADER sin cobertura m\u00e9dica puedan afiliarse al IOSPER; \u00a0de creaci\u00f3n de la diputaci\u00f3n estudiantil; sobre agencias de vigilancia; de organizaci\u00f3n del Tribunal de Cuentas; de \u00e9tica p\u00fablica; un proyecto vinculado al IOSPER sobre el contralor del Tribunal de Cuentas; y un proyecto sobre descuentos de la tarjeta Sidecreer.<\/div>\n<div><\/div>\n<div id=\"ecxyiv1277651197yui_3_13_0_ym1_1_1388177238203_5169\"><strong>Jorge Monge<\/strong> (UCR-Diamante) fue uno de los m\u00e1s productivos cosechando 25 iniciativas propias, y con numerosos pares de su propia bancada y de otros bloques que acompa\u00f1aron varias de sus propuests. As\u00ed se pueden ver un texto para instruir al fiscal de Estado a desistir del proceso contra la cooperativa de agua de Strobel; dos sobre otorgar becas estudiantiles del Inaubepro a hijos o nietos de funcionarios policiales muertos en cumplimiento del deber o sufrido incapacidad; para autorizar la venta mediante subasta p\u00fablica de veh\u00edculos y motos secuestradas; para adherir a la ley nacional 26.862 de fertilizaci\u00f3n asistida; \u00a0para incorporar un art\u00edculo a la ley 5170 sobre partidos pol\u00edticos de la provincia; incorporar un art\u00edculo a la ley 10.027 sobre gestiones de municipios; para garantizar que todos los proyectos en los concejos deliberantes sean tratados; para que cargos vacantes sean cubiertos reincorporando a agentes alcanzados por el Decreto 218\/13; para instaurar la celebraci\u00f3n del D\u00eda de los Museos; para proteger, preservar y conservar los museos y su patrimonio; sobre la publicidad oficial; para adherir a la ley nacional 26.396 sobre trastornos alimentarios; para instituir el 1\u00ba de mayo como d\u00eda de la Constituci\u00f3n nacional; \u00a0sobre bancas legislativas; para adherir a la ley nacional 26.819; para declarar patrimonio arquitect\u00f3nico todos los edificios del regimiento 3 de artiller\u00eda montada de Diamante; para declarar el 21 de junio el d\u00eda de la confraternidad ant\u00e1rtica; para instalar c\u00e1maras web en jardines; para que alumnos de la UADER sin obra social puedan afiliarse al IOSPER; \u00a0sobre agencias de vigilancia; para modificar el art\u00edculo 32 de la ley 8.732; para declarar patrimonio hist\u00f3rico al museo Roberto Habenicht de Villa Libertador San Mart\u00edn; para imprimir ejemplares de un libro de Mariano Bonomo; y para incorporar el art\u00edculo 12 bis a la ley 10.027.<\/div>\n<div><\/div>\n<div>Adem\u00e1s, Monge acompa\u00f1\u00f3 los siguientes textos: crear un juzgado de Familia en Paran\u00e1; sobre el fondo partidario permanente; sobre la obligatoriedad de exhibir la leyenda en comercios para dirigirse a la oficina de Defensa al Consumidor; para modificar los art\u00edculos de la ley 3886 sobre declaraciones juradas patrimoniales; para adherir al acuerdo entre Argentina e Italia; \u00a0para establecer un r\u00e9gimen especial de presentaci\u00f3n espont\u00e1nea de regularizaci\u00f3n de deudas con ATER; de creaci\u00f3n de la diputaci\u00f3n estudiantil; sobre la organizaci\u00f3n del Tribunal de Cuentas; sobre modificar el C\u00f3digo Procesal Laboral; para modificar la ley 10.027 referido a licitaciones privadas y concursos de precios.<\/div>\n<div><\/div>\n<div><strong>Felicitas Rodr\u00edguez<\/strong> (UCR-Concepci\u00f3n del Uruguay) present\u00f3 un proyecto contra el fracking; y acompa\u00f1\u00f3 el texto sobre fondo partidario permanente; sobre modificaci\u00f3n a la ley de defensa al consumidor; sobre la implementaci\u00f3n de los botones antip\u00e1nico; para modificar los art\u00edculos de la ley 3886 sobre declaraciones juradas patrimoniales; para establecer un r\u00e9gimen especial de presentaci\u00f3n espont\u00e1nea de regularizaci\u00f3n de deudas con ATER; para autorizar la venta mediante subasta p\u00fablica de veh\u00edculos y motos secuestradas; para adherir al d\u00eda mundial de la concientizaci\u00f3n sobre autismo; para adherir a la ley nacional 26.862 de fertilizaci\u00f3n asistida; para proteger, preservar y conservar los museos y su patrimonio; sobre la publicidad oficial; modificar montos en la ley impositiva 9.622; para que alumnos de la UADER sin obra social puedan afiliarse al IOSPER; y sobre la organizaci\u00f3n del Tribunal de Cuentas.<\/div>\n<div><\/div>\n<div><strong>Juli\u00e1n Rubio<\/strong> (UCR-Gualeguay) present\u00f3 un texto para modificar la ley de defensa al consumidor; para establecer un r\u00e9gimen especial de presentaci\u00f3n espont\u00e1nea de regularizaci\u00f3n de deudas con ATER; para adherir al d\u00eda mundial de la concientizaci\u00f3n sobre autismo; y para adherir a la ley nacional 26.858 sobre perros gu\u00edas. Asimismo, acompa\u00f1\u00f3 un proyecto sobre la prohibici\u00f3n del fracking; sobre otorgar becas estudiantiles del Inaubepro a hijos o nietos de funcionarios policiales muertos en cumplimiento del deber o sufrido incapacidad; para modificar los art\u00edculos de la ley 3886 sobre declaraciones juradas patrimoniales; sobre la publicidad oficial; sobre bancas legislativas; sobre agencias de seguridad.<\/div>\n<div><\/div>\n<div><strong>Fuad Sosa<\/strong> (UCR-Nogoy\u00e1) promovi\u00f3 una iniciativa para modificar montos en la ley impositiva 9.622; de organizaci\u00f3n del Tribunal de Cuentas; de \u00c9tica P\u00fablica; un proyecto sobre el IOSPER y el contralor del Tribunal de Cuentas; y un proyecto sobre descuentos de la tarjeta Sidecreer. Adem\u00e1s, acompa\u00f1\u00f3 un proyecto sobre audiencias p\u00fablicas por el fracking; sobre la prohibici\u00f3n del fracking; sobre el fondo partidario permanente; para modificar la ley de defensa al consumidor; sobre regulaci\u00f3n del sistema horizontal en avicultura; sobre la devoluci\u00f3n o cambio de productos; para establecer un r\u00e9gimen especial de presentaci\u00f3n espont\u00e1nea de regularizaci\u00f3n de deudas con ATER; para autorizar la venta mediante subasta p\u00fablica de veh\u00edculos y motos secuestradas; para adherir al d\u00eda mundial de la concientizaci\u00f3n sobre autismo; para expropiar un terreno en Hasenkamp; incorporar un art\u00edculo a la ley 10.027 sobre gestiones de municipios; para que cargos vacantes sean cubiertos reincorporando a agentes alcanzados por el Decreto 218\/13; para expropiar un terreno para el parque industrial de San Benito; para incorporar un sistema sonoro a los sem\u00e1foros; sobre la publicidad oficial; incorporar servicios sanitarios para personas con discapacidad en los edificios de uso p\u00fablico; adherir a la ley nacional 26.567; sobre bancas legislativas; sobre modificar el C\u00f3digo Procesal Laboral; para modificar la ley 10.027 referido a licitaciones privadas y concursos de precios; un proyecto sobre el IOSPER referido a aportes patronales.<\/div>\n<div><\/div>\n<div id=\"ecxyiv1277651197yui_3_13_0_ym1_1_1388177238203_5168\"><strong>Pedro Ullua<\/strong> (UCR-Sauce de Luna) promovi\u00f3 dos iniciativas con el eje en el derecho a la accesibilidad: implementar un sistema sonoro en sem\u00e1foros y otro para incorporar servicios sanitarios para personas con discapacidad en los edificios de uso p\u00fablico; tambi\u00e9n promovi\u00f3 adherir a la ley nacional 26.567; sobre modificar el C\u00f3digo Procesal Laboral; para modificar la ley 10.027 referido a licitaciones privadas y concursos de precios. Asimismo, acompa\u00f1\u00f3 un proyecto sobre audiencias p\u00fablicas por el fracking; sobre la prohibici\u00f3n del fracking; para modificar la ley de defensa al consumidor; para establecer un r\u00e9gimen especial de presentaci\u00f3n espont\u00e1nea de regularizaci\u00f3n de deudas con ATER; para adherir al d\u00eda mundial de la concientizaci\u00f3n sobre autismo; para que cargos vacantes sean cubiertos reincorporando a agentes alcanzados por el Decreto 218\/13; para adherir a la ley nacional 26.858 sobre perros gu\u00edas; para expropiar un terreno en San Benito; sobre publicidad oficial; para adherir a la ley nacional 26.396 sobre trastornos alimentarios; para modificar montos en la ley impositiva 9.622; de bancas legislativas; para que alumnos de la UADER sin obra social puedan afiliarse al IOSPER; sobre agencias de vigilancia; sobre organizaci\u00f3n del Tribunal de Cuentas; de \u00c9tica P\u00fablica; un proyecto sobre el IOSPER referido a aportes patronales; sobre el IOSPER y el contralor del Tribunal de Cuentas; y un proyecto sobre descuentos de la tarjeta Sidecreer.<\/div>\n<div><\/div>\n<div><strong>Enrique Fontanetto<\/strong> (EAE-Paran\u00e1) present\u00f3 una iniciativa para implementar un programa de agua potable como derecho humano fundamental; sobre la obligatoriedad de exhibir la leyenda en comercios para dirigirse a la oficina de Defensa al Consumidor; y para crear el banco provincial de tierras. Asimismo, acompa\u00f1\u00f3 un proyecto sobre audiencias p\u00fablicas por el fracking; sobre otorgar becas para cursar la pediatr\u00eda oncol\u00f3gica; para crear un juzgado de Familia en Paran\u00e1; sobre otorgar becas estudiantiles del Inaubepro a hijos o nietos de funcionarios policiales muertos en cumplimiento del deber o sufrido incapacidad; para modificar el art\u00edculo 3 de la ley impositiva 10.098; sobre beneficios a alumnos para el servicio de transporte interurbano provincial.<\/div>\n<div><\/div>\n<div><strong>Mar\u00eda Emma Barbagna<\/strong> (FAP-Paran\u00e1) present\u00f3 una iniciativa para convocar a audiencias p\u00fablicas por el fracking; sobre otorgar becas para cursar la pediatr\u00eda oncol\u00f3gica; para crear un juzgado de Familia en Paran\u00e1; para erradicar la tracci\u00f3n a sangre; otorgar becas para formar profesionales en \u00e1reas hemato oncolog\u00eda pedi\u00e1trica; sobre la clasificaci\u00f3n de residuos en oficinas p\u00fablicas; para modificar el art\u00edculo 3 de la ley impositiva 10.098; sobre beneficios a alumnos para el servicio de transporte interurbano provincial; sobre la subasta de vivienda \u00fanica. Asimismo, acompa\u00f1\u00f3 un proyecto sobre la espera de no m\u00e1s de 30 minutos; para implementar un programa de agua potable como derecho humano fundamental; para implementar los botones antip\u00e1nico; sobre otorgar becas estudiantiles del Inaubepro a hijos o nietos de funcionarios policiales muertos en cumplimiento del deber o sufrido incapacidad; sobre la obligatoriedad de exhibir la leyenda en comercios para dirigirse a la oficina de Defensa al Consumidor; para instalar c\u00e1maras web en jardines.<\/div>\n<div><\/div>\n<div><strong>Lisandro Viale<\/strong> (PS-Paran\u00e1) present\u00f3 un proyecto sobre regulaci\u00f3n del sistema horizontal en avicultura; para crear un programa provincial de protecci\u00f3n al peque\u00f1o y mediano productor lechero; para crear una comisi\u00f3n que refiera a la construcci\u00f3n natural en la provincia; sobre asientos para personas con obesidad; sobre los plazos de vencimientos de las facturas de servicios; referido a la regulaci\u00f3n de las instituciones de bomberos voluntarios; de creaci\u00f3n de la diputaci\u00f3n estudiantil; y para prohibir la apertura de establecimientos comerciales los d\u00edas domingo. Viale no acompa\u00f1\u00f3 ninguna iniciativa de ley de sus pares, seg\u00fan consta en la informaci\u00f3n en su perfil en la web.<\/div>\n<div><\/div>\n<div id=\"ecxyiv1277651197yui_3_13_0_ym1_1_1388177238203_5166\"><strong>Antonio Alizegui<\/strong> (Bloque para la Cultura, la Educaci\u00f3n y el Trabajo-Oro Verde) present\u00f3 11 textos de ley: un proyecto para crear un programa provincial para prevenir enfermedades citr\u00edcolas; para crear un registro provincial de empresas contaminantes; sobre t\u00e9cnicas de reanimaci\u00f3n cardiopulmonar; crear un plan piloto barrial para prevenir adicciones; de publicaci\u00f3n de im\u00e1genes de menores extraviados; crear el premio legislatura de Entre R\u00edos para quienes preserven el medio ambiente; sobre la prohibici\u00f3n de la retenci\u00f3n de la documentaci\u00f3n de alumnos; para establecer el d\u00eda provincial de la reivindicaci\u00f3n de derechos sociales; para crear un programa provincial de equinoterapia; para ense\u00f1ar primeros auxilios y reanimaci\u00f3n cardiopulmonar en escuelas; y para establecer kioscos saludables en las escuelas. Adem\u00e1s, acompa\u00f1\u00f3 solo un texto, que fue para expropiar un terreno en Hasenkamp.<\/div>\n<div><\/div>\n<div><strong>Rosario Romero<\/strong> (EM-Paran\u00e1) present\u00f3 un proyecto para incluir la ense\u00f1anza de t\u00e9cnicas de reanimaci\u00f3n cardiopulmonar en las escuelas; sobre \u00c9tica P\u00fablica; sobre la espera de no m\u00e1s de 30 minutos; para modificar las leyes 7.060, 7.061 y 10.027; para instalar ba\u00f1os para ni\u00f1os en lugares de atenci\u00f3n masiva al p\u00fablico; sistema de boleta \u00fanica; sobre el jurado de enjuiciamiento; sobre el Tribunal de Cuentas provincial; sobre la pr\u00e1ctica ambulatoria \u00f3ptica en la provincia; incorporar un art\u00edculo a la ley marco del empleo p\u00fablico provincial; y un proyecto sobre la subasta de la vivienda \u00fanica. Adem\u00e1s, acompa\u00f1\u00f3 un proyecto sobre audiencias p\u00fablicas por el fracking; para crear un juzgado de Familia en Paran\u00e1; para implementar los botones antip\u00e1nico; sobre la obligatoriedad de exhibir la leyenda en comercios para dirigirse a la oficina de Defensa al Consumidor; crear el servicio p\u00fablico provincial de cremaci\u00f3n cadav\u00e9rica; incorporar un art\u00edculo a la ley 10.027 sobre gestiones de municipios; para proteger, preservar y conservar los museos y su patrimonio; y para expropiar el predio donde est\u00e1 la sinagoga de la Colonia Sonnenfeld.<\/div>\n<div><\/div>\n<div><\/div>\n<div>Su par de bloque,<strong> Fabi\u00e1n Flores<\/strong> (EM-Basavilbaso) present\u00f3 un proyecto sobre incorporar la realizaci\u00f3n de ecograf\u00edas fetales con evaluaci\u00f3n card\u00edaca a mujeres embarazadas y otro sobre la vivienda \u00fanica. En tanto, acompa\u00f1\u00f3 otros cuatro proyectos de sus pares.<\/div>\n<div><\/div>\n<div><strong>Diego Lara<\/strong> (Juntos por Entre R\u00edos-Mar\u00eda Grande) present\u00f3 un proyecto para modificar la ley de apicultura; para implementar los botones antip\u00e1nico; un proyecto sobre el plazo de devoluci\u00f3n o cambio de productos; y para crear la Direcci\u00f3n de Polic\u00eda Ambiental. No acompa\u00f1\u00f3 ning\u00fan proyecto de sus pares.<\/div>\n<div><\/div>\n<div>En tanto, el compa\u00f1ero del bloque<strong> Juan Carlos Almada<\/strong> (Juntos por Entre R\u00edos-Victoria) adhiri\u00f3 a las iniciativas presentadas por Lara, pero no impuls\u00f3 ninguna propia.<\/div>\n<div><\/div>\n<div><strong>Rub\u00e9n Almar\u00e1<\/strong> (Recuperaci\u00f3n Peronista-Paran\u00e1) present\u00f3 un texto para que paseadores de perros tengan un seguro obligatorio; para instalar rampas para discapacitados en las oficinas del Ministerio de Salud; para modificar el control e ingreso de las c\u00e1rceles; para prohibir la pirotecnia; para crear el servicio p\u00fablico provincial de cremaci\u00f3n cadav\u00e9rica; pidiendo adherir a la declaraci\u00f3n universal de los derechos del animal; prohibir la solicitud de fotograf\u00edas en los curr\u00edculums vitae; establecer el sistema de historias cl\u00ednicas digitales; y de control poblacional de canes y felinos. No adhiri\u00f3 a ning\u00fan proyecto de sus pares.<\/div>\n<div><\/div>\n<div>En tanto, su compa\u00f1ero de bancada, <strong>Hugo V\u00e1zquez<\/strong> (RP-Paran\u00e1) present\u00f3 un solo proyecto de ley sobre la enfermedad cel\u00edaca, y acompa\u00f1\u00f3 tres iniciativas de sus pares. En su perfil en la web solo hay cinco iniciativas de ley, una sola propia.<\/div>\n","protected":false},"excerpt":{"rendered":"<p>El diamantino Jorge Monge fue el diputado m&aacute;s productivo, con 25 iniciativas de ley propias ingresadas. &nbsp;Entre el oficialismo, Claudia Monjo encabeza con 11 textos de ley; igual n&uacute;mero ingresaron Alizegui y Romero. Seg&uacute;n un recuento de los proyectos de ley ingresados por los diputados en el 134 per&iacute;odo de sesiones, el representante diamantino de [&hellip;]<\/p>\n","protected":false},"author":2,"featured_media":0,"comment_status":"open","ping_status":"open","sticky":false,"template":"","format":"standard","meta":{"fifu_image_url":"","fifu_image_alt":"","footnotes":""},"categories":[5,6,16],"tags":[],"class_list":{"0":"post-4902","1":"post","2":"type-post","3":"status-publish","4":"format-standard","6":"category-zonales","7":"category-entre-rios","8":"category-politi"},"yoast_head":"<title>Monge fue el diputado que m\u00e1s proyectos present\u00f3 en 2013 - Informe Litoral<\/title>\n<meta name=\"robots\" content=\"index, follow, max-snippet:-1, max-image-preview:large, max-video-preview:-1\" \/>\n<link rel=\"canonical\" href=\"https:\/\/informelitoral.com.ar\/monge-fue-el-diputado-que-mas-proyectos-presento-en-2013\/\" \/>\n<meta property=\"og:locale\" content=\"es_ES\" \/>\n<meta property=\"og:type\" content=\"article\" \/>\n<meta property=\"og:title\" content=\"Monge fue el diputado que m\u00e1s proyectos present\u00f3 en 2013 - Informe Litoral\" \/>\n<meta property=\"og:description\" content=\"El diamantino Jorge Monge fue el diputado m&aacute;s productivo, con 25 iniciativas de ley propias ingresadas. &nbsp;Entre el oficialismo, Claudia Monjo encabeza con 11 textos de ley; igual n&uacute;mero ingresaron Alizegui y Romero. Seg&uacute;n un recuento de los proyectos de ley ingresados por los diputados en el 134 per&iacute;odo de sesiones, el representante diamantino de [&hellip;]\" \/>\n<meta property=\"og:url\" content=\"https:\/\/informelitoral.com.ar\/monge-fue-el-diputado-que-mas-proyectos-presento-en-2013\/\" \/>\n<meta property=\"og:site_name\" content=\"Informe Litoral\" \/>\n<meta property=\"article:publisher\" content=\"https:\/\/www.facebook.com\/informelitoral\/\" \/>\n<meta property=\"article:published_time\" content=\"2013-12-28T00:24:36+00:00\" \/>\n<meta property=\"article:modified_time\" content=\"2013-12-28T00:25:51+00:00\" \/>\n<meta property=\"og:image\" content=\"https:\/\/informelitoral.com.ar\/%77%70%2d%63%6f%6e%74%65%6e%74\/uploads\/2013\/10\/monge.jpg\" \/>\n\t<meta property=\"og:image:width\" content=\"259\" \/>\n\t<meta property=\"og:image:height\" content=\"194\" \/>\n\t<meta property=\"og:image:type\" content=\"image\/jpeg\" \/>\n<meta name=\"author\" content=\"Gonzalo Schmidt\" \/>\n<meta name=\"twitter:card\" content=\"summary_large_image\" \/>\n<meta name=\"twitter:creator\" content=\"@InformeLitoral\" \/>\n<meta name=\"twitter:site\" content=\"@InformeLitoral\" \/>\n<meta name=\"twitter:label1\" content=\"Escrito por\" \/>\n\t<meta name=\"twitter:data1\" content=\"Gonzalo Schmidt\" \/>\n\t<meta name=\"twitter:label2\" content=\"Tiempo de lectura\" \/>\n\t<meta name=\"twitter:data2\" content=\"20 minutos\" \/>\n<script type=\"application\/ld+json\" class=\"yoast-schema-graph\">{\"@context\":\"https:\\\/\\\/schema.org\",\"@graph\":[{\"@type\":\"Article\",\"@id\":\"https:\\\/\\\/informelitoral.com.ar\\\/monge-fue-el-diputado-que-mas-proyectos-presento-en-2013\\\/#article\",\"isPartOf\":{\"@id\":\"https:\\\/\\\/informelitoral.com.ar\\\/monge-fue-el-diputado-que-mas-proyectos-presento-en-2013\\\/\"},\"author\":{\"name\":\"Gonzalo Schmidt\",\"@id\":\"https:\\\/\\\/informelitoral.com.ar\\\/#\\\/schema\\\/person\\\/b9d00407c836482871ef1d57bf8e3180\"},\"headline\":\"Monge fue el diputado que m\u00e1s proyectos present\u00f3 en 2013\",\"datePublished\":\"2013-12-28T00:24:36+00:00\",\"dateModified\":\"2013-12-28T00:25:51+00:00\",\"mainEntityOfPage\":{\"@id\":\"https:\\\/\\\/informelitoral.com.ar\\\/monge-fue-el-diputado-que-mas-proyectos-presento-en-2013\\\/\"},\"wordCount\":4059,\"commentCount\":0,\"publisher\":{\"@id\":\"https:\\\/\\\/informelitoral.com.ar\\\/#organization\"},\"image\":{\"@id\":\"https:\\\/\\\/informelitoral.com.ar\\\/monge-fue-el-diputado-que-mas-proyectos-presento-en-2013\\\/#primaryimage\"},\"thumbnailUrl\":\"http:\\\/\\\/www.isletasnoticias.com.ar\\\/%77%70%2d%63%6f%6e%74%65%6e%74\\\/uploads\\\/2013\\\/10\\\/monge.jpg\",\"articleSection\":[\"Departamento Diamante\",\"Entre R\u00edos\",\"Politica\"],\"inLanguage\":\"es\",\"potentialAction\":[{\"@type\":\"CommentAction\",\"name\":\"Comment\",\"target\":[\"https:\\\/\\\/informelitoral.com.ar\\\/monge-fue-el-diputado-que-mas-proyectos-presento-en-2013\\\/#respond\"]}]},{\"@type\":\"WebPage\",\"@id\":\"https:\\\/\\\/informelitoral.com.ar\\\/monge-fue-el-diputado-que-mas-proyectos-presento-en-2013\\\/\",\"url\":\"https:\\\/\\\/informelitoral.com.ar\\\/monge-fue-el-diputado-que-mas-proyectos-presento-en-2013\\\/\",\"name\":\"Monge fue el diputado que m\u00e1s proyectos present\u00f3 en 2013 - Informe Litoral\",\"isPartOf\":{\"@id\":\"https:\\\/\\\/informelitoral.com.ar\\\/#website\"},\"primaryImageOfPage\":{\"@id\":\"https:\\\/\\\/informelitoral.com.ar\\\/monge-fue-el-diputado-que-mas-proyectos-presento-en-2013\\\/#primaryimage\"},\"image\":{\"@id\":\"https:\\\/\\\/informelitoral.com.ar\\\/monge-fue-el-diputado-que-mas-proyectos-presento-en-2013\\\/#primaryimage\"},\"thumbnailUrl\":\"http:\\\/\\\/www.isletasnoticias.com.ar\\\/%77%70%2d%63%6f%6e%74%65%6e%74\\\/uploads\\\/2013\\\/10\\\/monge.jpg\",\"datePublished\":\"2013-12-28T00:24:36+00:00\",\"dateModified\":\"2013-12-28T00:25:51+00:00\",\"breadcrumb\":{\"@id\":\"https:\\\/\\\/informelitoral.com.ar\\\/monge-fue-el-diputado-que-mas-proyectos-presento-en-2013\\\/#breadcrumb\"},\"inLanguage\":\"es\",\"potentialAction\":[{\"@type\":\"ReadAction\",\"target\":[\"https:\\\/\\\/informelitoral.com.ar\\\/monge-fue-el-diputado-que-mas-proyectos-presento-en-2013\\\/\"]}]},{\"@type\":\"ImageObject\",\"inLanguage\":\"es\",\"@id\":\"https:\\\/\\\/informelitoral.com.ar\\\/monge-fue-el-diputado-que-mas-proyectos-presento-en-2013\\\/#primaryimage\",\"url\":\"http:\\\/\\\/www.isletasnoticias.com.ar\\\/%77%70%2d%63%6f%6e%74%65%6e%74\\\/uploads\\\/2013\\\/10\\\/monge.jpg\",\"contentUrl\":\"http:\\\/\\\/www.isletasnoticias.com.ar\\\/%77%70%2d%63%6f%6e%74%65%6e%74\\\/uploads\\\/2013\\\/10\\\/monge.jpg\"},{\"@type\":\"BreadcrumbList\",\"@id\":\"https:\\\/\\\/informelitoral.com.ar\\\/monge-fue-el-diputado-que-mas-proyectos-presento-en-2013\\\/#breadcrumb\",\"itemListElement\":[{\"@type\":\"ListItem\",\"position\":1,\"name\":\"Portada\",\"item\":\"https:\\\/\\\/informelitoral.com.ar\\\/\"},{\"@type\":\"ListItem\",\"position\":2,\"name\":\"Monge fue el diputado que m\u00e1s proyectos present\u00f3 en 2013\"}]},{\"@type\":\"WebSite\",\"@id\":\"https:\\\/\\\/informelitoral.com.ar\\\/#website\",\"url\":\"https:\\\/\\\/informelitoral.com.ar\\\/\",\"name\":\"Informe Litoral\",\"description\":\"&quot;Nos informamos&quot; \",\"publisher\":{\"@id\":\"https:\\\/\\\/informelitoral.com.ar\\\/#organization\"},\"potentialAction\":[{\"@type\":\"SearchAction\",\"target\":{\"@type\":\"EntryPoint\",\"urlTemplate\":\"https:\\\/\\\/informelitoral.com.ar\\\/?s={search_term_string}\"},\"query-input\":{\"@type\":\"PropertyValueSpecification\",\"valueRequired\":true,\"valueName\":\"search_term_string\"}}],\"inLanguage\":\"es\"},{\"@type\":\"Organization\",\"@id\":\"https:\\\/\\\/informelitoral.com.ar\\\/#organization\",\"name\":\"Informe Litoral\",\"url\":\"https:\\\/\\\/informelitoral.com.ar\\\/\",\"logo\":{\"@type\":\"ImageObject\",\"inLanguage\":\"es\",\"@id\":\"https:\\\/\\\/informelitoral.com.ar\\\/#\\\/schema\\\/logo\\\/image\\\/\",\"url\":\"https:\\\/\\\/informelitoral.com.ar\\\/%77%70%2d%63%6f%6e%74%65%6e%74\\\/uploads\\\/2021\\\/01\\\/circulo.png\",\"contentUrl\":\"https:\\\/\\\/informelitoral.com.ar\\\/%77%70%2d%63%6f%6e%74%65%6e%74\\\/uploads\\\/2021\\\/01\\\/circulo.png\",\"width\":723,\"height\":731,\"caption\":\"Informe Litoral\"},\"image\":{\"@id\":\"https:\\\/\\\/informelitoral.com.ar\\\/#\\\/schema\\\/logo\\\/image\\\/\"},\"sameAs\":[\"https:\\\/\\\/www.facebook.com\\\/informelitoral\\\/\",\"https:\\\/\\\/x.com\\\/InformeLitoral\",\"https:\\\/\\\/www.instagram.com\\\/informelitoral\\\/\",\"https:\\\/\\\/www.youtube.com\\\/channel\\\/UCua4Qvz8Icb6MYqhoq9xLXw\"]},{\"@type\":\"Person\",\"@id\":\"https:\\\/\\\/informelitoral.com.ar\\\/#\\\/schema\\\/person\\\/b9d00407c836482871ef1d57bf8e3180\",\"name\":\"Gonzalo Schmidt\",\"image\":{\"@type\":\"ImageObject\",\"inLanguage\":\"es\",\"@id\":\"https:\\\/\\\/secure.gravatar.com\\\/avatar\\\/31a1a7b66ff2de83bd0e9fd79d026630d2d99e55e8bfe501287647b4fd9743de?s=96&d=mm&r=g\",\"url\":\"https:\\\/\\\/secure.gravatar.com\\\/avatar\\\/31a1a7b66ff2de83bd0e9fd79d026630d2d99e55e8bfe501287647b4fd9743de?s=96&d=mm&r=g\",\"contentUrl\":\"https:\\\/\\\/secure.gravatar.com\\\/avatar\\\/31a1a7b66ff2de83bd0e9fd79d026630d2d99e55e8bfe501287647b4fd9743de?s=96&d=mm&r=g\",\"caption\":\"Gonzalo Schmidt\"},\"description\":\"Sitio web de noticias de la provincia de Entre R\u00edos, Argentina. Informaci\u00f3n y entretenimiento. Informe Litoral, nos informamos.\",\"sameAs\":[\"http:\\\/\\\/www.isletasnoticias.com.ar\"],\"url\":\"https:\\\/\\\/informelitoral.com.ar\\\/author\\\/gonzalo\\\/\"}]}<\/script>","yoast_head_json":{"title":"Monge fue el diputado que m\u00e1s proyectos present\u00f3 en 2013 - Informe Litoral","robots":{"index":"index","follow":"follow","max-snippet":"max-snippet:-1","max-image-preview":"max-image-preview:large","max-video-preview":"max-video-preview:-1"},"canonical":"https:\/\/informelitoral.com.ar\/monge-fue-el-diputado-que-mas-proyectos-presento-en-2013\/","og_locale":"es_ES","og_type":"article","og_title":"Monge fue el diputado que m\u00e1s proyectos present\u00f3 en 2013 - Informe Litoral","og_description":"El diamantino Jorge Monge fue el diputado m&aacute;s productivo, con 25 iniciativas de ley propias ingresadas. &nbsp;Entre el oficialismo, Claudia Monjo encabeza con 11 textos de ley; igual n&uacute;mero ingresaron Alizegui y Romero. Seg&uacute;n un recuento de los proyectos de ley ingresados por los diputados en el 134 per&iacute;odo de sesiones, el representante diamantino de [&hellip;]","og_url":"https:\/\/informelitoral.com.ar\/monge-fue-el-diputado-que-mas-proyectos-presento-en-2013\/","og_site_name":"Informe Litoral","article_publisher":"https:\/\/www.facebook.com\/informelitoral\/","article_published_time":"2013-12-28T00:24:36+00:00","article_modified_time":"2013-12-28T00:25:51+00:00","og_image":[{"width":259,"height":194,"url":"https:\/\/informelitoral.com.ar\/%77%70%2d%63%6f%6e%74%65%6e%74\/uploads\/2013\/10\/monge.jpg","type":"image\/jpeg"}],"author":"Gonzalo Schmidt","twitter_card":"summary_large_image","twitter_creator":"@InformeLitoral","twitter_site":"@InformeLitoral","twitter_misc":{"Escrito por":"Gonzalo Schmidt","Tiempo de lectura":"20 minutos"},"schema":{"@context":"https:\/\/schema.org","@graph":[{"@type":"Article","@id":"https:\/\/informelitoral.com.ar\/monge-fue-el-diputado-que-mas-proyectos-presento-en-2013\/#article","isPartOf":{"@id":"https:\/\/informelitoral.com.ar\/monge-fue-el-diputado-que-mas-proyectos-presento-en-2013\/"},"author":{"name":"Gonzalo Schmidt","@id":"https:\/\/informelitoral.com.ar\/#\/schema\/person\/b9d00407c836482871ef1d57bf8e3180"},"headline":"Monge fue el diputado que m\u00e1s proyectos present\u00f3 en 2013","datePublished":"2013-12-28T00:24:36+00:00","dateModified":"2013-12-28T00:25:51+00:00","mainEntityOfPage":{"@id":"https:\/\/informelitoral.com.ar\/monge-fue-el-diputado-que-mas-proyectos-presento-en-2013\/"},"wordCount":4059,"commentCount":0,"publisher":{"@id":"https:\/\/informelitoral.com.ar\/#organization"},"image":{"@id":"https:\/\/informelitoral.com.ar\/monge-fue-el-diputado-que-mas-proyectos-presento-en-2013\/#primaryimage"},"thumbnailUrl":"http:\/\/www.isletasnoticias.com.ar\/%77%70%2d%63%6f%6e%74%65%6e%74\/uploads\/2013\/10\/monge.jpg","articleSection":["Departamento Diamante","Entre R\u00edos","Politica"],"inLanguage":"es","potentialAction":[{"@type":"CommentAction","name":"Comment","target":["https:\/\/informelitoral.com.ar\/monge-fue-el-diputado-que-mas-proyectos-presento-en-2013\/#respond"]}]},{"@type":"WebPage","@id":"https:\/\/informelitoral.com.ar\/monge-fue-el-diputado-que-mas-proyectos-presento-en-2013\/","url":"https:\/\/informelitoral.com.ar\/monge-fue-el-diputado-que-mas-proyectos-presento-en-2013\/","name":"Monge fue el diputado que m\u00e1s proyectos present\u00f3 en 2013 - Informe Litoral","isPartOf":{"@id":"https:\/\/informelitoral.com.ar\/#website"},"primaryImageOfPage":{"@id":"https:\/\/informelitoral.com.ar\/monge-fue-el-diputado-que-mas-proyectos-presento-en-2013\/#primaryimage"},"image":{"@id":"https:\/\/informelitoral.com.ar\/monge-fue-el-diputado-que-mas-proyectos-presento-en-2013\/#primaryimage"},"thumbnailUrl":"http:\/\/www.isletasnoticias.com.ar\/%77%70%2d%63%6f%6e%74%65%6e%74\/uploads\/2013\/10\/monge.jpg","datePublished":"2013-12-28T00:24:36+00:00","dateModified":"2013-12-28T00:25:51+00:00","breadcrumb":{"@id":"https:\/\/informelitoral.com.ar\/monge-fue-el-diputado-que-mas-proyectos-presento-en-2013\/#breadcrumb"},"inLanguage":"es","potentialAction":[{"@type":"ReadAction","target":["https:\/\/informelitoral.com.ar\/monge-fue-el-diputado-que-mas-proyectos-presento-en-2013\/"]}]},{"@type":"ImageObject","inLanguage":"es","@id":"https:\/\/informelitoral.com.ar\/monge-fue-el-diputado-que-mas-proyectos-presento-en-2013\/#primaryimage","url":"http:\/\/www.isletasnoticias.com.ar\/%77%70%2d%63%6f%6e%74%65%6e%74\/uploads\/2013\/10\/monge.jpg","contentUrl":"http:\/\/www.isletasnoticias.com.ar\/%77%70%2d%63%6f%6e%74%65%6e%74\/uploads\/2013\/10\/monge.jpg"},{"@type":"BreadcrumbList","@id":"https:\/\/informelitoral.com.ar\/monge-fue-el-diputado-que-mas-proyectos-presento-en-2013\/#breadcrumb","itemListElement":[{"@type":"ListItem","position":1,"name":"Portada","item":"https:\/\/informelitoral.com.ar\/"},{"@type":"ListItem","position":2,"name":"Monge fue el diputado que m\u00e1s proyectos present\u00f3 en 2013"}]},{"@type":"WebSite","@id":"https:\/\/informelitoral.com.ar\/#website","url":"https:\/\/informelitoral.com.ar\/","name":"Informe Litoral","description":"&quot;Nos informamos&quot; ","publisher":{"@id":"https:\/\/informelitoral.com.ar\/#organization"},"potentialAction":[{"@type":"SearchAction","target":{"@type":"EntryPoint","urlTemplate":"https:\/\/informelitoral.com.ar\/?s={search_term_string}"},"query-input":{"@type":"PropertyValueSpecification","valueRequired":true,"valueName":"search_term_string"}}],"inLanguage":"es"},{"@type":"Organization","@id":"https:\/\/informelitoral.com.ar\/#organization","name":"Informe Litoral","url":"https:\/\/informelitoral.com.ar\/","logo":{"@type":"ImageObject","inLanguage":"es","@id":"https:\/\/informelitoral.com.ar\/#\/schema\/logo\/image\/","url":"https:\/\/informelitoral.com.ar\/%77%70%2d%63%6f%6e%74%65%6e%74\/uploads\/2021\/01\/circulo.png","contentUrl":"https:\/\/informelitoral.com.ar\/%77%70%2d%63%6f%6e%74%65%6e%74\/uploads\/2021\/01\/circulo.png","width":723,"height":731,"caption":"Informe Litoral"},"image":{"@id":"https:\/\/informelitoral.com.ar\/#\/schema\/logo\/image\/"},"sameAs":["https:\/\/www.facebook.com\/informelitoral\/","https:\/\/x.com\/InformeLitoral","https:\/\/www.instagram.com\/informelitoral\/","https:\/\/www.youtube.com\/channel\/UCua4Qvz8Icb6MYqhoq9xLXw"]},{"@type":"Person","@id":"https:\/\/informelitoral.com.ar\/#\/schema\/person\/b9d00407c836482871ef1d57bf8e3180","name":"Gonzalo Schmidt","image":{"@type":"ImageObject","inLanguage":"es","@id":"https:\/\/secure.gravatar.com\/avatar\/31a1a7b66ff2de83bd0e9fd79d026630d2d99e55e8bfe501287647b4fd9743de?s=96&d=mm&r=g","url":"https:\/\/secure.gravatar.com\/avatar\/31a1a7b66ff2de83bd0e9fd79d026630d2d99e55e8bfe501287647b4fd9743de?s=96&d=mm&r=g","contentUrl":"https:\/\/secure.gravatar.com\/avatar\/31a1a7b66ff2de83bd0e9fd79d026630d2d99e55e8bfe501287647b4fd9743de?s=96&d=mm&r=g","caption":"Gonzalo Schmidt"},"description":"Sitio web de noticias de la provincia de Entre R\u00edos, Argentina. Informaci\u00f3n y entretenimiento. Informe Litoral, nos informamos.","sameAs":["http:\/\/www.isletasnoticias.com.ar"],"url":"https:\/\/informelitoral.com.ar\/author\/gonzalo\/"}]}},"_links":{"self":[{"href":"https:\/\/informelitoral.com.ar\/%77%70%2d%6a%73%6f%6e\/wp\/v2\/posts\/4902","targetHints":{"allow":["GET"]}}],"collection":[{"href":"https:\/\/informelitoral.com.ar\/%77%70%2d%6a%73%6f%6e\/wp\/v2\/posts"}],"about":[{"href":"https:\/\/informelitoral.com.ar\/%77%70%2d%6a%73%6f%6e\/wp\/v2\/types\/post"}],"author":[{"embeddable":true,"href":"https:\/\/informelitoral.com.ar\/%77%70%2d%6a%73%6f%6e\/wp\/v2\/users\/2"}],"replies":[{"embeddable":true,"href":"https:\/\/informelitoral.com.ar\/%77%70%2d%6a%73%6f%6e\/wp\/v2\/comments?post=4902"}],"version-history":[{"count":0,"href":"https:\/\/informelitoral.com.ar\/%77%70%2d%6a%73%6f%6e\/wp\/v2\/posts\/4902\/revisions"}],"wp:attachment":[{"href":"https:\/\/informelitoral.com.ar\/%77%70%2d%6a%73%6f%6e\/wp\/v2\/media?parent=4902"}],"wp:term":[{"taxonomy":"category","embeddable":true,"href":"https:\/\/informelitoral.com.ar\/%77%70%2d%6a%73%6f%6e\/wp\/v2\/categories?post=4902"},{"taxonomy":"post_tag","embeddable":true,"href":"https:\/\/informelitoral.com.ar\/%77%70%2d%6a%73%6f%6e\/wp\/v2\/tags?post=4902"}],"curies":[{"name":"wp","href":"https:\/\/api.w.org\/{rel}","templated":true}]}}