{"id":4895,"date":"2013-12-27T20:46:07","date_gmt":"2013-12-27T23:46:07","guid":{"rendered":"http:\/\/www.isletasnoticias.com.ar\/?p=4895"},"modified":"2013-12-27T20:46:58","modified_gmt":"2013-12-27T23:46:58","slug":"musica-los-binder-cierran-el-ano-con-nuevo-material-y-presentaciones-en-la-zona","status":"publish","type":"post","link":"https:\/\/informelitoral.com.ar\/musica-los-binder-cierran-el-ano-con-nuevo-material-y-presentaciones-en-la-zona\/","title":{"rendered":"M\u00fasica: Los Binder cierran el a\u00f1o con nuevo material y presentaciones en la zona"},"content":{"rendered":"<p><b><i>Diego Wolf<\/i><\/b><b>, uno de los integrantes del grupo de m\u00fasica alemana, visit\u00f3 el programa radial \u00b4<i>Ven\u00ed vamos a bailar\u00b4 <\/i>que se emite los domingos en <i>FM Eco <\/i>de Ram\u00edrez. En la oportunidad cont\u00f3 detalles del material recientemente salido y destac\u00f3 que tuvieron un buen a\u00f1o.<\/b><\/p>\n<p><img loading=\"lazy\" decoding=\"async\" class=\"size-medium wp-image-4897 aligncenter\" title=\"Diego Wolf durante la entrevista en el programa de la Colectividad Alemana de Ram\u00edrez.\" alt=\"Foto0744\" src=\"http:\/\/www.isletasnoticias.com.ar\/%77%70%2d%63%6f%6e%74%65%6e%74\/uploads\/2013\/12\/Foto07441-300x225.jpg\" width=\"300\" height=\"225\" srcset=\"https:\/\/informelitoral.com.ar\/%77%70%2d%63%6f%6e%74%65%6e%74\/uploads\/2013\/12\/Foto07441-300x225.jpg 300w, https:\/\/informelitoral.com.ar\/%77%70%2d%63%6f%6e%74%65%6e%74\/uploads\/2013\/12\/Foto07441-1024x768.jpg 1024w, https:\/\/informelitoral.com.ar\/%77%70%2d%63%6f%6e%74%65%6e%74\/uploads\/2013\/12\/Foto07441.jpg 2048w\" sizes=\"auto, (max-width: 300px) 100vw, 300px\" \/><\/p>\n<p><i>\u2018El ritmo popular\u2019<\/i> es el t\u00edtulo del material del\u00a0grupo musical Los Binder de Isletas, aunque tienen integrantes de Camps, Crespo, Ram\u00edrez y Distrito Doll. El CD sali\u00f3 a principios de diciembre y \u201cse est\u00e1 vendiendo bien\u201d, destac\u00f3 <b>Diego Wolf,<\/b> durante \u00a0la entrevista radial.<\/p>\n<p>El material discogr\u00e1fico est\u00e1 compuesto por 13 temas, que son: 1- El ritmo popular, 2- Si no te hubiera visto, 3- Sin documentos, 4- Juancho y la pucha, 5- El gaucho pistola, 6-Shotis tradicional, 7- Enganchados (De baile en lo de Tencho y Coraz\u00f3n m\u00edo), 8- Mi amor tiene ojos azules, 9- Schrecklich mude, 10- Selecci\u00f3n de polcas, 11- La pasadita, 12- Mi novia me dej\u00f3 y 13- Camino a Capelin.<\/p>\n<p>Respecto a lo econ\u00f3mico, tanto para grabar el CD como as\u00ed tambi\u00e9n para llegar hasta cada lugar,\u00a0 el bajista del grupo reconoci\u00f3 que los gastos son bastante elevados, pero lo \u201chacemos porque realmente nos gusta la m\u00fasica\u201d.<\/p>\n<p>En cuanto a las presentaciones, Wolf, destac\u00f3 que casi todos los fines de semana tienen actuaciones en localidades de la zona, y adelant\u00f3 que en febrero pr\u00f3ximo estar\u00e1n en la Escuela N\u00b0 18 de Distrito Doll.<\/p>\n<p>El grupo de m\u00fasica alemana, est\u00e1 integrado por <b>Jonatan Binder<\/b>, en voz; <b>Maximiliano Binder<\/b>, en acorde\u00f3n y coros; <b>Brian Binder<\/b>, en acorde\u00f3n, teclado y segunda voz; <b>Diego Wolf,<\/b> en piano y bajo y <b>Jorge Kobilkevich<\/b>, en bater\u00eda.<\/p>\n<p>Por contrataciones, se pueden dirigir a los tel\u00e9fonos (0343) 154478420 0 155065385 o v\u00eda correo electr\u00f3nico a: <a href=\"mailto:wolf1005diego@hotmail.com\">wolf1005diego@hotmail.com<\/a>.<b>\u00a0<\/b><\/p>\n","protected":false},"excerpt":{"rendered":"<p>Diego Wolf, uno de los integrantes del grupo de m&uacute;sica alemana, visit&oacute; el programa radial &acute;Ven&iacute; vamos a bailar&acute; que se emite los domingos en FM Eco de Ram&iacute;rez. En la oportunidad cont&oacute; detalles del material recientemente salido y destac&oacute; que tuvieron un buen a&ntilde;o. &lsquo;El ritmo popular&rsquo; es el t&iacute;tulo del material del&nbsp;grupo musical [&hellip;]<\/p>\n","protected":false},"author":2,"featured_media":0,"comment_status":"open","ping_status":"open","sticky":false,"template":"","format":"standard","meta":{"fifu_image_url":"","fifu_image_alt":"","footnotes":""},"categories":[12,9],"tags":[],"class_list":{"0":"post-4895","1":"post","2":"type-post","3":"status-publish","4":"format-standard","6":"category-espectaculos","7":"category-sociedad"},"yoast_head":"<title>M\u00fasica: Los Binder cierran el a\u00f1o con nuevo material y presentaciones en la zona - Informe Litoral<\/title>\n<meta name=\"robots\" content=\"index, follow, max-snippet:-1, max-image-preview:large, max-video-preview:-1\" \/>\n<link rel=\"canonical\" href=\"https:\/\/informelitoral.com.ar\/musica-los-binder-cierran-el-ano-con-nuevo-material-y-presentaciones-en-la-zona\/\" \/>\n<meta property=\"og:locale\" content=\"es_ES\" \/>\n<meta property=\"og:type\" content=\"article\" \/>\n<meta property=\"og:title\" content=\"M\u00fasica: Los Binder cierran el a\u00f1o con nuevo material y presentaciones en la zona - Informe Litoral\" \/>\n<meta property=\"og:description\" content=\"Diego Wolf, uno de los integrantes del grupo de m&uacute;sica alemana, visit&oacute; el programa radial &acute;Ven&iacute; vamos a bailar&acute; que se emite los domingos en FM Eco de Ram&iacute;rez. En la oportunidad cont&oacute; detalles del material recientemente salido y destac&oacute; que tuvieron un buen a&ntilde;o. &lsquo;El ritmo popular&rsquo; es el t&iacute;tulo del material del&nbsp;grupo musical [&hellip;]\" \/>\n<meta property=\"og:url\" content=\"https:\/\/informelitoral.com.ar\/musica-los-binder-cierran-el-ano-con-nuevo-material-y-presentaciones-en-la-zona\/\" \/>\n<meta property=\"og:site_name\" content=\"Informe Litoral\" \/>\n<meta property=\"article:publisher\" content=\"https:\/\/www.facebook.com\/informelitoral\/\" \/>\n<meta property=\"article:published_time\" content=\"2013-12-27T23:46:07+00:00\" \/>\n<meta property=\"article:modified_time\" content=\"2013-12-27T23:46:58+00:00\" \/>\n<meta property=\"og:image\" content=\"https:\/\/informelitoral.com.ar\/%77%70%2d%63%6f%6e%74%65%6e%74\/uploads\/2013\/12\/Foto07441.jpg\" \/>\n\t<meta property=\"og:image:width\" content=\"2048\" \/>\n\t<meta property=\"og:image:height\" content=\"1536\" \/>\n\t<meta property=\"og:image:type\" content=\"image\/jpeg\" \/>\n<meta name=\"author\" content=\"Gonzalo Schmidt\" \/>\n<meta name=\"twitter:card\" content=\"summary_large_image\" \/>\n<meta name=\"twitter:creator\" content=\"@InformeLitoral\" \/>\n<meta name=\"twitter:site\" content=\"@InformeLitoral\" \/>\n<meta name=\"twitter:label1\" content=\"Escrito por\" \/>\n\t<meta name=\"twitter:data1\" content=\"Gonzalo Schmidt\" \/>\n\t<meta name=\"twitter:label2\" content=\"Tiempo de lectura\" \/>\n\t<meta name=\"twitter:data2\" content=\"2 minutos\" \/>\n<script type=\"application\/ld+json\" class=\"yoast-schema-graph\">{\"@context\":\"https:\\\/\\\/schema.org\",\"@graph\":[{\"@type\":\"Article\",\"@id\":\"https:\\\/\\\/informelitoral.com.ar\\\/musica-los-binder-cierran-el-ano-con-nuevo-material-y-presentaciones-en-la-zona\\\/#article\",\"isPartOf\":{\"@id\":\"https:\\\/\\\/informelitoral.com.ar\\\/musica-los-binder-cierran-el-ano-con-nuevo-material-y-presentaciones-en-la-zona\\\/\"},\"author\":{\"name\":\"Gonzalo Schmidt\",\"@id\":\"https:\\\/\\\/informelitoral.com.ar\\\/#\\\/schema\\\/person\\\/b9d00407c836482871ef1d57bf8e3180\"},\"headline\":\"M\u00fasica: Los Binder cierran el a\u00f1o con nuevo material y presentaciones en la zona\",\"datePublished\":\"2013-12-27T23:46:07+00:00\",\"dateModified\":\"2013-12-27T23:46:58+00:00\",\"mainEntityOfPage\":{\"@id\":\"https:\\\/\\\/informelitoral.com.ar\\\/musica-los-binder-cierran-el-ano-con-nuevo-material-y-presentaciones-en-la-zona\\\/\"},\"wordCount\":322,\"commentCount\":0,\"publisher\":{\"@id\":\"https:\\\/\\\/informelitoral.com.ar\\\/#organization\"},\"image\":{\"@id\":\"https:\\\/\\\/informelitoral.com.ar\\\/musica-los-binder-cierran-el-ano-con-nuevo-material-y-presentaciones-en-la-zona\\\/#primaryimage\"},\"thumbnailUrl\":\"http:\\\/\\\/www.isletasnoticias.com.ar\\\/%77%70%2d%63%6f%6e%74%65%6e%74\\\/uploads\\\/2013\\\/12\\\/Foto07441-300x225.jpg\",\"articleSection\":[\"Espect\u00e1culos\",\"Sociedad\"],\"inLanguage\":\"es\",\"potentialAction\":[{\"@type\":\"CommentAction\",\"name\":\"Comment\",\"target\":[\"https:\\\/\\\/informelitoral.com.ar\\\/musica-los-binder-cierran-el-ano-con-nuevo-material-y-presentaciones-en-la-zona\\\/#respond\"]}]},{\"@type\":\"WebPage\",\"@id\":\"https:\\\/\\\/informelitoral.com.ar\\\/musica-los-binder-cierran-el-ano-con-nuevo-material-y-presentaciones-en-la-zona\\\/\",\"url\":\"https:\\\/\\\/informelitoral.com.ar\\\/musica-los-binder-cierran-el-ano-con-nuevo-material-y-presentaciones-en-la-zona\\\/\",\"name\":\"M\u00fasica: Los Binder cierran el a\u00f1o con nuevo material y presentaciones en la zona - Informe Litoral\",\"isPartOf\":{\"@id\":\"https:\\\/\\\/informelitoral.com.ar\\\/#website\"},\"primaryImageOfPage\":{\"@id\":\"https:\\\/\\\/informelitoral.com.ar\\\/musica-los-binder-cierran-el-ano-con-nuevo-material-y-presentaciones-en-la-zona\\\/#primaryimage\"},\"image\":{\"@id\":\"https:\\\/\\\/informelitoral.com.ar\\\/musica-los-binder-cierran-el-ano-con-nuevo-material-y-presentaciones-en-la-zona\\\/#primaryimage\"},\"thumbnailUrl\":\"http:\\\/\\\/www.isletasnoticias.com.ar\\\/%77%70%2d%63%6f%6e%74%65%6e%74\\\/uploads\\\/2013\\\/12\\\/Foto07441-300x225.jpg\",\"datePublished\":\"2013-12-27T23:46:07+00:00\",\"dateModified\":\"2013-12-27T23:46:58+00:00\",\"breadcrumb\":{\"@id\":\"https:\\\/\\\/informelitoral.com.ar\\\/musica-los-binder-cierran-el-ano-con-nuevo-material-y-presentaciones-en-la-zona\\\/#breadcrumb\"},\"inLanguage\":\"es\",\"potentialAction\":[{\"@type\":\"ReadAction\",\"target\":[\"https:\\\/\\\/informelitoral.com.ar\\\/musica-los-binder-cierran-el-ano-con-nuevo-material-y-presentaciones-en-la-zona\\\/\"]}]},{\"@type\":\"ImageObject\",\"inLanguage\":\"es\",\"@id\":\"https:\\\/\\\/informelitoral.com.ar\\\/musica-los-binder-cierran-el-ano-con-nuevo-material-y-presentaciones-en-la-zona\\\/#primaryimage\",\"url\":\"http:\\\/\\\/www.isletasnoticias.com.ar\\\/%77%70%2d%63%6f%6e%74%65%6e%74\\\/uploads\\\/2013\\\/12\\\/Foto07441-300x225.jpg\",\"contentUrl\":\"http:\\\/\\\/www.isletasnoticias.com.ar\\\/%77%70%2d%63%6f%6e%74%65%6e%74\\\/uploads\\\/2013\\\/12\\\/Foto07441-300x225.jpg\"},{\"@type\":\"BreadcrumbList\",\"@id\":\"https:\\\/\\\/informelitoral.com.ar\\\/musica-los-binder-cierran-el-ano-con-nuevo-material-y-presentaciones-en-la-zona\\\/#breadcrumb\",\"itemListElement\":[{\"@type\":\"ListItem\",\"position\":1,\"name\":\"Portada\",\"item\":\"https:\\\/\\\/informelitoral.com.ar\\\/\"},{\"@type\":\"ListItem\",\"position\":2,\"name\":\"M\u00fasica: Los Binder cierran el a\u00f1o con nuevo material y presentaciones en la zona\"}]},{\"@type\":\"WebSite\",\"@id\":\"https:\\\/\\\/informelitoral.com.ar\\\/#website\",\"url\":\"https:\\\/\\\/informelitoral.com.ar\\\/\",\"name\":\"Informe Litoral\",\"description\":\"&quot;Nos informamos&quot; \",\"publisher\":{\"@id\":\"https:\\\/\\\/informelitoral.com.ar\\\/#organization\"},\"potentialAction\":[{\"@type\":\"SearchAction\",\"target\":{\"@type\":\"EntryPoint\",\"urlTemplate\":\"https:\\\/\\\/informelitoral.com.ar\\\/?s={search_term_string}\"},\"query-input\":{\"@type\":\"PropertyValueSpecification\",\"valueRequired\":true,\"valueName\":\"search_term_string\"}}],\"inLanguage\":\"es\"},{\"@type\":\"Organization\",\"@id\":\"https:\\\/\\\/informelitoral.com.ar\\\/#organization\",\"name\":\"Informe Litoral\",\"url\":\"https:\\\/\\\/informelitoral.com.ar\\\/\",\"logo\":{\"@type\":\"ImageObject\",\"inLanguage\":\"es\",\"@id\":\"https:\\\/\\\/informelitoral.com.ar\\\/#\\\/schema\\\/logo\\\/image\\\/\",\"url\":\"https:\\\/\\\/informelitoral.com.ar\\\/%77%70%2d%63%6f%6e%74%65%6e%74\\\/uploads\\\/2021\\\/01\\\/circulo.png\",\"contentUrl\":\"https:\\\/\\\/informelitoral.com.ar\\\/%77%70%2d%63%6f%6e%74%65%6e%74\\\/uploads\\\/2021\\\/01\\\/circulo.png\",\"width\":723,\"height\":731,\"caption\":\"Informe Litoral\"},\"image\":{\"@id\":\"https:\\\/\\\/informelitoral.com.ar\\\/#\\\/schema\\\/logo\\\/image\\\/\"},\"sameAs\":[\"https:\\\/\\\/www.facebook.com\\\/informelitoral\\\/\",\"https:\\\/\\\/x.com\\\/InformeLitoral\",\"https:\\\/\\\/www.instagram.com\\\/informelitoral\\\/\",\"https:\\\/\\\/www.youtube.com\\\/channel\\\/UCua4Qvz8Icb6MYqhoq9xLXw\"]},{\"@type\":\"Person\",\"@id\":\"https:\\\/\\\/informelitoral.com.ar\\\/#\\\/schema\\\/person\\\/b9d00407c836482871ef1d57bf8e3180\",\"name\":\"Gonzalo Schmidt\",\"image\":{\"@type\":\"ImageObject\",\"inLanguage\":\"es\",\"@id\":\"https:\\\/\\\/secure.gravatar.com\\\/avatar\\\/31a1a7b66ff2de83bd0e9fd79d026630d2d99e55e8bfe501287647b4fd9743de?s=96&d=mm&r=g\",\"url\":\"https:\\\/\\\/secure.gravatar.com\\\/avatar\\\/31a1a7b66ff2de83bd0e9fd79d026630d2d99e55e8bfe501287647b4fd9743de?s=96&d=mm&r=g\",\"contentUrl\":\"https:\\\/\\\/secure.gravatar.com\\\/avatar\\\/31a1a7b66ff2de83bd0e9fd79d026630d2d99e55e8bfe501287647b4fd9743de?s=96&d=mm&r=g\",\"caption\":\"Gonzalo Schmidt\"},\"description\":\"Sitio web de noticias de la provincia de Entre R\u00edos, Argentina. Informaci\u00f3n y entretenimiento. Informe Litoral, nos informamos.\",\"sameAs\":[\"http:\\\/\\\/www.isletasnoticias.com.ar\"],\"url\":\"https:\\\/\\\/informelitoral.com.ar\\\/author\\\/gonzalo\\\/\"}]}<\/script>","yoast_head_json":{"title":"M\u00fasica: Los Binder cierran el a\u00f1o con nuevo material y presentaciones en la zona - Informe Litoral","robots":{"index":"index","follow":"follow","max-snippet":"max-snippet:-1","max-image-preview":"max-image-preview:large","max-video-preview":"max-video-preview:-1"},"canonical":"https:\/\/informelitoral.com.ar\/musica-los-binder-cierran-el-ano-con-nuevo-material-y-presentaciones-en-la-zona\/","og_locale":"es_ES","og_type":"article","og_title":"M\u00fasica: Los Binder cierran el a\u00f1o con nuevo material y presentaciones en la zona - Informe Litoral","og_description":"Diego Wolf, uno de los integrantes del grupo de m&uacute;sica alemana, visit&oacute; el programa radial &acute;Ven&iacute; vamos a bailar&acute; que se emite los domingos en FM Eco de Ram&iacute;rez. En la oportunidad cont&oacute; detalles del material recientemente salido y destac&oacute; que tuvieron un buen a&ntilde;o. &lsquo;El ritmo popular&rsquo; es el t&iacute;tulo del material del&nbsp;grupo musical [&hellip;]","og_url":"https:\/\/informelitoral.com.ar\/musica-los-binder-cierran-el-ano-con-nuevo-material-y-presentaciones-en-la-zona\/","og_site_name":"Informe Litoral","article_publisher":"https:\/\/www.facebook.com\/informelitoral\/","article_published_time":"2013-12-27T23:46:07+00:00","article_modified_time":"2013-12-27T23:46:58+00:00","og_image":[{"width":2048,"height":1536,"url":"https:\/\/informelitoral.com.ar\/%77%70%2d%63%6f%6e%74%65%6e%74\/uploads\/2013\/12\/Foto07441.jpg","type":"image\/jpeg"}],"author":"Gonzalo Schmidt","twitter_card":"summary_large_image","twitter_creator":"@InformeLitoral","twitter_site":"@InformeLitoral","twitter_misc":{"Escrito por":"Gonzalo Schmidt","Tiempo de lectura":"2 minutos"},"schema":{"@context":"https:\/\/schema.org","@graph":[{"@type":"Article","@id":"https:\/\/informelitoral.com.ar\/musica-los-binder-cierran-el-ano-con-nuevo-material-y-presentaciones-en-la-zona\/#article","isPartOf":{"@id":"https:\/\/informelitoral.com.ar\/musica-los-binder-cierran-el-ano-con-nuevo-material-y-presentaciones-en-la-zona\/"},"author":{"name":"Gonzalo Schmidt","@id":"https:\/\/informelitoral.com.ar\/#\/schema\/person\/b9d00407c836482871ef1d57bf8e3180"},"headline":"M\u00fasica: Los Binder cierran el a\u00f1o con nuevo material y presentaciones en la zona","datePublished":"2013-12-27T23:46:07+00:00","dateModified":"2013-12-27T23:46:58+00:00","mainEntityOfPage":{"@id":"https:\/\/informelitoral.com.ar\/musica-los-binder-cierran-el-ano-con-nuevo-material-y-presentaciones-en-la-zona\/"},"wordCount":322,"commentCount":0,"publisher":{"@id":"https:\/\/informelitoral.com.ar\/#organization"},"image":{"@id":"https:\/\/informelitoral.com.ar\/musica-los-binder-cierran-el-ano-con-nuevo-material-y-presentaciones-en-la-zona\/#primaryimage"},"thumbnailUrl":"http:\/\/www.isletasnoticias.com.ar\/%77%70%2d%63%6f%6e%74%65%6e%74\/uploads\/2013\/12\/Foto07441-300x225.jpg","articleSection":["Espect\u00e1culos","Sociedad"],"inLanguage":"es","potentialAction":[{"@type":"CommentAction","name":"Comment","target":["https:\/\/informelitoral.com.ar\/musica-los-binder-cierran-el-ano-con-nuevo-material-y-presentaciones-en-la-zona\/#respond"]}]},{"@type":"WebPage","@id":"https:\/\/informelitoral.com.ar\/musica-los-binder-cierran-el-ano-con-nuevo-material-y-presentaciones-en-la-zona\/","url":"https:\/\/informelitoral.com.ar\/musica-los-binder-cierran-el-ano-con-nuevo-material-y-presentaciones-en-la-zona\/","name":"M\u00fasica: Los Binder cierran el a\u00f1o con nuevo material y presentaciones en la zona - Informe Litoral","isPartOf":{"@id":"https:\/\/informelitoral.com.ar\/#website"},"primaryImageOfPage":{"@id":"https:\/\/informelitoral.com.ar\/musica-los-binder-cierran-el-ano-con-nuevo-material-y-presentaciones-en-la-zona\/#primaryimage"},"image":{"@id":"https:\/\/informelitoral.com.ar\/musica-los-binder-cierran-el-ano-con-nuevo-material-y-presentaciones-en-la-zona\/#primaryimage"},"thumbnailUrl":"http:\/\/www.isletasnoticias.com.ar\/%77%70%2d%63%6f%6e%74%65%6e%74\/uploads\/2013\/12\/Foto07441-300x225.jpg","datePublished":"2013-12-27T23:46:07+00:00","dateModified":"2013-12-27T23:46:58+00:00","breadcrumb":{"@id":"https:\/\/informelitoral.com.ar\/musica-los-binder-cierran-el-ano-con-nuevo-material-y-presentaciones-en-la-zona\/#breadcrumb"},"inLanguage":"es","potentialAction":[{"@type":"ReadAction","target":["https:\/\/informelitoral.com.ar\/musica-los-binder-cierran-el-ano-con-nuevo-material-y-presentaciones-en-la-zona\/"]}]},{"@type":"ImageObject","inLanguage":"es","@id":"https:\/\/informelitoral.com.ar\/musica-los-binder-cierran-el-ano-con-nuevo-material-y-presentaciones-en-la-zona\/#primaryimage","url":"http:\/\/www.isletasnoticias.com.ar\/%77%70%2d%63%6f%6e%74%65%6e%74\/uploads\/2013\/12\/Foto07441-300x225.jpg","contentUrl":"http:\/\/www.isletasnoticias.com.ar\/%77%70%2d%63%6f%6e%74%65%6e%74\/uploads\/2013\/12\/Foto07441-300x225.jpg"},{"@type":"BreadcrumbList","@id":"https:\/\/informelitoral.com.ar\/musica-los-binder-cierran-el-ano-con-nuevo-material-y-presentaciones-en-la-zona\/#breadcrumb","itemListElement":[{"@type":"ListItem","position":1,"name":"Portada","item":"https:\/\/informelitoral.com.ar\/"},{"@type":"ListItem","position":2,"name":"M\u00fasica: Los Binder cierran el a\u00f1o con nuevo material y presentaciones en la zona"}]},{"@type":"WebSite","@id":"https:\/\/informelitoral.com.ar\/#website","url":"https:\/\/informelitoral.com.ar\/","name":"Informe Litoral","description":"&quot;Nos informamos&quot; ","publisher":{"@id":"https:\/\/informelitoral.com.ar\/#organization"},"potentialAction":[{"@type":"SearchAction","target":{"@type":"EntryPoint","urlTemplate":"https:\/\/informelitoral.com.ar\/?s={search_term_string}"},"query-input":{"@type":"PropertyValueSpecification","valueRequired":true,"valueName":"search_term_string"}}],"inLanguage":"es"},{"@type":"Organization","@id":"https:\/\/informelitoral.com.ar\/#organization","name":"Informe Litoral","url":"https:\/\/informelitoral.com.ar\/","logo":{"@type":"ImageObject","inLanguage":"es","@id":"https:\/\/informelitoral.com.ar\/#\/schema\/logo\/image\/","url":"https:\/\/informelitoral.com.ar\/%77%70%2d%63%6f%6e%74%65%6e%74\/uploads\/2021\/01\/circulo.png","contentUrl":"https:\/\/informelitoral.com.ar\/%77%70%2d%63%6f%6e%74%65%6e%74\/uploads\/2021\/01\/circulo.png","width":723,"height":731,"caption":"Informe Litoral"},"image":{"@id":"https:\/\/informelitoral.com.ar\/#\/schema\/logo\/image\/"},"sameAs":["https:\/\/www.facebook.com\/informelitoral\/","https:\/\/x.com\/InformeLitoral","https:\/\/www.instagram.com\/informelitoral\/","https:\/\/www.youtube.com\/channel\/UCua4Qvz8Icb6MYqhoq9xLXw"]},{"@type":"Person","@id":"https:\/\/informelitoral.com.ar\/#\/schema\/person\/b9d00407c836482871ef1d57bf8e3180","name":"Gonzalo Schmidt","image":{"@type":"ImageObject","inLanguage":"es","@id":"https:\/\/secure.gravatar.com\/avatar\/31a1a7b66ff2de83bd0e9fd79d026630d2d99e55e8bfe501287647b4fd9743de?s=96&d=mm&r=g","url":"https:\/\/secure.gravatar.com\/avatar\/31a1a7b66ff2de83bd0e9fd79d026630d2d99e55e8bfe501287647b4fd9743de?s=96&d=mm&r=g","contentUrl":"https:\/\/secure.gravatar.com\/avatar\/31a1a7b66ff2de83bd0e9fd79d026630d2d99e55e8bfe501287647b4fd9743de?s=96&d=mm&r=g","caption":"Gonzalo Schmidt"},"description":"Sitio web de noticias de la provincia de Entre R\u00edos, Argentina. Informaci\u00f3n y entretenimiento. Informe Litoral, nos informamos.","sameAs":["http:\/\/www.isletasnoticias.com.ar"],"url":"https:\/\/informelitoral.com.ar\/author\/gonzalo\/"}]}},"_links":{"self":[{"href":"https:\/\/informelitoral.com.ar\/%77%70%2d%6a%73%6f%6e\/wp\/v2\/posts\/4895","targetHints":{"allow":["GET"]}}],"collection":[{"href":"https:\/\/informelitoral.com.ar\/%77%70%2d%6a%73%6f%6e\/wp\/v2\/posts"}],"about":[{"href":"https:\/\/informelitoral.com.ar\/%77%70%2d%6a%73%6f%6e\/wp\/v2\/types\/post"}],"author":[{"embeddable":true,"href":"https:\/\/informelitoral.com.ar\/%77%70%2d%6a%73%6f%6e\/wp\/v2\/users\/2"}],"replies":[{"embeddable":true,"href":"https:\/\/informelitoral.com.ar\/%77%70%2d%6a%73%6f%6e\/wp\/v2\/comments?post=4895"}],"version-history":[{"count":0,"href":"https:\/\/informelitoral.com.ar\/%77%70%2d%6a%73%6f%6e\/wp\/v2\/posts\/4895\/revisions"}],"wp:attachment":[{"href":"https:\/\/informelitoral.com.ar\/%77%70%2d%6a%73%6f%6e\/wp\/v2\/media?parent=4895"}],"wp:term":[{"taxonomy":"category","embeddable":true,"href":"https:\/\/informelitoral.com.ar\/%77%70%2d%6a%73%6f%6e\/wp\/v2\/categories?post=4895"},{"taxonomy":"post_tag","embeddable":true,"href":"https:\/\/informelitoral.com.ar\/%77%70%2d%6a%73%6f%6e\/wp\/v2\/tags?post=4895"}],"curies":[{"name":"wp","href":"https:\/\/api.w.org\/{rel}","templated":true}]}}