{"id":4887,"date":"2013-12-24T10:15:40","date_gmt":"2013-12-24T13:15:40","guid":{"rendered":"http:\/\/www.isletasnoticias.com.ar\/?p=4887"},"modified":"2013-12-24T10:16:57","modified_gmt":"2013-12-24T13:16:57","slug":"ssin-lluvias-y-con-ola-de-calor-se-deterioran-el-maiz-y-la-soja","status":"publish","type":"post","link":"https:\/\/informelitoral.com.ar\/ssin-lluvias-y-con-ola-de-calor-se-deterioran-el-maiz-y-la-soja\/","title":{"rendered":"Sin lluvias y con ola de calor, se deterioran el ma\u00edz y la soja"},"content":{"rendered":"<p><strong>Advierten que el buen estado que ten\u00edan los cultivos sufri\u00f3 un rev\u00e9s. Habr\u00eda precipitaciones, pero insuficientes.<\/strong><\/p>\n<p><img loading=\"lazy\" decoding=\"async\" class=\"size-medium wp-image-4888 aligncenter\" alt=\"maiz\" src=\"http:\/\/www.isletasnoticias.com.ar\/%77%70%2d%63%6f%6e%74%65%6e%74\/uploads\/2013\/12\/maiz-300x133.jpg\" width=\"300\" height=\"133\" srcset=\"https:\/\/informelitoral.com.ar\/%77%70%2d%63%6f%6e%74%65%6e%74\/uploads\/2013\/12\/maiz-300x133.jpg 300w, https:\/\/informelitoral.com.ar\/%77%70%2d%63%6f%6e%74%65%6e%74\/uploads\/2013\/12\/maiz.jpg 631w\" sizes=\"auto, (max-width: 300px) 100vw, 300px\" \/><\/p>\n<p style=\"text-align: left;\">La falta de lluvias y las altas temperaturas de los \u00faltimos diez d\u00edas encendieron las alarmas, ya que el ma\u00edz y la soja comenzaron a mostrar s\u00edntomas de deterioro , lo que revela una urgente necesidad de precipitaciones. En la pampa h\u00fameda, donde se realiza la mayor parte de la cosecha, el que m\u00e1s requiere lluvias con premura es el ma\u00edz sembrado en septiembre y octubre, debido a que atraviesa una etapa cr\u00edtica de definici\u00f3n de rendimiento. La soja puede soportar por el momento esta situaci\u00f3n, porque su per\u00edodo cr\u00edtico es m\u00e1s adelante, pero hay lotes que ya muestran estr\u00e9s.<\/p>\n<p>Seg\u00fan se desprende del mapa de balance h\u00eddrico del Servicio Meteorol\u00f3gico Nacional, donde se puede ver la condici\u00f3n de humedad de los suelos,\u00a0zonas del oeste bonaerense, La Pampa y el extremo sur de C\u00f3rdoba atraviesan escenarios de comienzo de sequ\u00eda o directamente ya est\u00e1n con sequ\u00eda. Una panorama similar se observa en el centro norte cordob\u00e9s y el norte del pa\u00eds.<\/p>\n<p style=\"text-align: left;\">Para esta noche se prev\u00e9n algunas lluvias, pero seg\u00fan los especialistas en agroclimatolog\u00eda ser\u00e1n modestas. Habr\u00e1 que esperar hasta la pr\u00f3xima semana para que las precipitaciones que vengan sean significativas.<\/p>\n<p>\u00abHasta la semana pasada, los cultivos estaban en muy buenas condiciones, sobre todo el ma\u00edz, que empez\u00f3 su etapa cr\u00edtica, pero esta ola de calor y que se haya cortado el flujo de humedad genera preocupaci\u00f3n\u00bb, expres\u00f3 <strong>Cristian Russo<\/strong>, analista de la Gu\u00eda Estrat\u00e9gica para el Agro (GEA) de la Bolsa de Comercio de Rosario.<\/p>\n<p style=\"text-align: left;\">Russo aport\u00f3 un dato que refleja el escenario de dificultades. En los pr\u00f3ximos quince d\u00edas, en la regi\u00f3n agr\u00edcola n\u00facleo, que comprende el sur de Santa Fe, el norte bonaerense y el sudeste cordob\u00e9s, deber\u00edan registrarse entre 40 y 100 mil\u00edmetros para que el cultivo cubra sus necesidades h\u00eddricas.<\/p>\n<p>Seg\u00fan public\u00f3<em>\u00a0La Naci\u00f3n <\/em>y reprodujo<em> Infocampo<\/em>, el flujo de lluvias que hubo en noviembre se cort\u00f3 el 9 del actual, y lo que en esa regi\u00f3n tendr\u00eda que dar un promedio de 120 mil\u00edmetros ca\u00eddos en diciembre en realidad promedia 40 mil\u00edmetros.<\/p>\n<p style=\"text-align: left;\">\u00abVen\u00edamos b\u00e1rbaro, pero desde que se cort\u00f3 el agua y con las muy altas temperaturas se complic\u00f3. El principal problema son las temperaturas altas. Hac\u00eda mucho que no ten\u00edamos un registro tan alto de temperaturas m\u00ednimas\u00bb, dijo Juan <strong>Pablo Ioele,<\/strong> t\u00e9cnico del Instituto Nacional de Tecnolog\u00eda Agropecuaria (INTA) Corral de Bustos, en el sudeste cordob\u00e9s.<\/p>\n<p>Ioele precis\u00f3 que en los ambientes de producci\u00f3n con menos capacidad para almacenar agua fue donde primero se sintieron el estr\u00e9s h\u00eddrico y las altas temperaturas.<\/p>\n<p style=\"text-align: left;\">\u00abA las sojas les falta mucho para determinar su rendimiento, pero si esto sigue as\u00ed a muchos lotes les va a costar cerrar el surco [de siembra]\u00bb, a\u00f1adi\u00f3 el t\u00e9cnico del Inta.<br \/>\nPuntualmente para esta oleaginosa, <strong>Rodolfo\u00a0Rossi<\/strong>, especialista de Nidera Semillas, sostuvo que \u00aben general est\u00e1 normal. A diferencia de otros a\u00f1os, se pudo sembrar casi todo y en general est\u00e1 normal\u00bb, afirm\u00f3.<\/p>\n<p style=\"text-align: left;\">Seg\u00fan Rossi, la soja est\u00e1 \u00aben una etapa muy temprana y, en general, la humedad del suelo est\u00e1 bien\u00bb. No obstante, se\u00f1al\u00f3 que por las altas temperaturas algunos lotes est\u00e1n sufriendo. En el NOA, en tanto, la siembra se atras\u00f3 unos 15\u00a0d\u00edas por las demoras en las precipitaciones.<\/p>\n<p style=\"text-align: left;\">Para <strong>Eduardo Sierra,<\/strong> especialista en agroclimatolog\u00eda, el alivio para el campo reci\u00e9n llegar\u00e1 en los primeros d\u00edas de 2014.<\/p>\n<p>\u00abLa humedad est\u00e1 al l\u00edmite. Tenemos todav\u00eda unos d\u00edas m\u00e1s de sufrimiento. Ma\u00f1ana a la noche [por hoy] puede llover, pero ser\u00e1 con precipitaciones modestas. Las lluvias interesantes se dar\u00edan en los \u00faltimos d\u00edas de este a\u00f1o y primeros del pr\u00f3ximo\u00bb, explic\u00f3.<\/p>\n<p>El escenario para enero no se ve a priori muy alentador. Seg\u00fan Sierra, \u00abser\u00eda un mes como diciembre, con altas temperaturas y lluvias espaciadas\u00bb. Frente a ese panorama, para el especialista \u00abpuede haber recortes en la producci\u00f3n\u00bb. Vale recordar que el Departamento de Agricultura de los Estados Unidos (USDA) prev\u00e9 una cosecha argentina de 26 millones de toneladas en ma\u00edz y 54,5 millones de toneladas en soja.<\/p>\n","protected":false},"excerpt":{"rendered":"<p>Advierten que el buen estado que ten&iacute;an los cultivos sufri&oacute; un rev&eacute;s. Habr&iacute;a precipitaciones, pero insuficientes. La falta de lluvias y las altas temperaturas de los &uacute;ltimos diez d&iacute;as encendieron las alarmas, ya que el ma&iacute;z y la soja comenzaron a mostrar s&iacute;ntomas de deterioro , lo que revela una urgente necesidad de precipitaciones. En [&hellip;]<\/p>\n","protected":false},"author":2,"featured_media":0,"comment_status":"open","ping_status":"open","sticky":false,"template":"","format":"standard","meta":{"fifu_image_url":"","fifu_image_alt":"","footnotes":""},"categories":[10],"tags":[],"class_list":{"0":"post-4887","1":"post","2":"type-post","3":"status-publish","4":"format-standard","6":"category-campo"},"yoast_head":"<title>Sin lluvias y con ola de calor, se deterioran el ma\u00edz y la soja - Informe Litoral<\/title>\n<meta name=\"robots\" content=\"index, follow, max-snippet:-1, max-image-preview:large, max-video-preview:-1\" \/>\n<link rel=\"canonical\" href=\"https:\/\/informelitoral.com.ar\/ssin-lluvias-y-con-ola-de-calor-se-deterioran-el-maiz-y-la-soja\/\" \/>\n<meta property=\"og:locale\" content=\"es_ES\" \/>\n<meta property=\"og:type\" content=\"article\" \/>\n<meta property=\"og:title\" content=\"Sin lluvias y con ola de calor, se deterioran el ma\u00edz y la soja - Informe Litoral\" \/>\n<meta property=\"og:description\" content=\"Advierten que el buen estado que ten&iacute;an los cultivos sufri&oacute; un rev&eacute;s. Habr&iacute;a precipitaciones, pero insuficientes. La falta de lluvias y las altas temperaturas de los &uacute;ltimos diez d&iacute;as encendieron las alarmas, ya que el ma&iacute;z y la soja comenzaron a mostrar s&iacute;ntomas de deterioro , lo que revela una urgente necesidad de precipitaciones. En [&hellip;]\" \/>\n<meta property=\"og:url\" content=\"https:\/\/informelitoral.com.ar\/ssin-lluvias-y-con-ola-de-calor-se-deterioran-el-maiz-y-la-soja\/\" \/>\n<meta property=\"og:site_name\" content=\"Informe Litoral\" \/>\n<meta property=\"article:publisher\" content=\"https:\/\/www.facebook.com\/informelitoral\/\" \/>\n<meta property=\"article:published_time\" content=\"2013-12-24T13:15:40+00:00\" \/>\n<meta property=\"article:modified_time\" content=\"2013-12-24T13:16:57+00:00\" \/>\n<meta property=\"og:image\" content=\"https:\/\/informelitoral.com.ar\/%77%70%2d%63%6f%6e%74%65%6e%74\/uploads\/2013\/12\/maiz.jpg\" \/>\n\t<meta property=\"og:image:width\" content=\"631\" \/>\n\t<meta property=\"og:image:height\" content=\"280\" \/>\n\t<meta property=\"og:image:type\" content=\"image\/jpeg\" \/>\n<meta name=\"author\" content=\"Gonzalo Schmidt\" \/>\n<meta name=\"twitter:card\" content=\"summary_large_image\" \/>\n<meta name=\"twitter:creator\" content=\"@InformeLitoral\" \/>\n<meta name=\"twitter:site\" content=\"@InformeLitoral\" \/>\n<meta name=\"twitter:label1\" content=\"Escrito por\" \/>\n\t<meta name=\"twitter:data1\" content=\"Gonzalo Schmidt\" \/>\n\t<meta name=\"twitter:label2\" content=\"Tiempo de lectura\" \/>\n\t<meta name=\"twitter:data2\" content=\"4 minutos\" \/>\n<script type=\"application\/ld+json\" class=\"yoast-schema-graph\">{\"@context\":\"https:\\\/\\\/schema.org\",\"@graph\":[{\"@type\":\"Article\",\"@id\":\"https:\\\/\\\/informelitoral.com.ar\\\/ssin-lluvias-y-con-ola-de-calor-se-deterioran-el-maiz-y-la-soja\\\/#article\",\"isPartOf\":{\"@id\":\"https:\\\/\\\/informelitoral.com.ar\\\/ssin-lluvias-y-con-ola-de-calor-se-deterioran-el-maiz-y-la-soja\\\/\"},\"author\":{\"name\":\"Gonzalo Schmidt\",\"@id\":\"https:\\\/\\\/informelitoral.com.ar\\\/#\\\/schema\\\/person\\\/b9d00407c836482871ef1d57bf8e3180\"},\"headline\":\"Sin lluvias y con ola de calor, se deterioran el ma\u00edz y la soja\",\"datePublished\":\"2013-12-24T13:15:40+00:00\",\"dateModified\":\"2013-12-24T13:16:57+00:00\",\"mainEntityOfPage\":{\"@id\":\"https:\\\/\\\/informelitoral.com.ar\\\/ssin-lluvias-y-con-ola-de-calor-se-deterioran-el-maiz-y-la-soja\\\/\"},\"wordCount\":768,\"commentCount\":0,\"publisher\":{\"@id\":\"https:\\\/\\\/informelitoral.com.ar\\\/#organization\"},\"image\":{\"@id\":\"https:\\\/\\\/informelitoral.com.ar\\\/ssin-lluvias-y-con-ola-de-calor-se-deterioran-el-maiz-y-la-soja\\\/#primaryimage\"},\"thumbnailUrl\":\"http:\\\/\\\/www.isletasnoticias.com.ar\\\/%77%70%2d%63%6f%6e%74%65%6e%74\\\/uploads\\\/2013\\\/12\\\/maiz-300x133.jpg\",\"articleSection\":[\"Campo\"],\"inLanguage\":\"es\",\"potentialAction\":[{\"@type\":\"CommentAction\",\"name\":\"Comment\",\"target\":[\"https:\\\/\\\/informelitoral.com.ar\\\/ssin-lluvias-y-con-ola-de-calor-se-deterioran-el-maiz-y-la-soja\\\/#respond\"]}]},{\"@type\":\"WebPage\",\"@id\":\"https:\\\/\\\/informelitoral.com.ar\\\/ssin-lluvias-y-con-ola-de-calor-se-deterioran-el-maiz-y-la-soja\\\/\",\"url\":\"https:\\\/\\\/informelitoral.com.ar\\\/ssin-lluvias-y-con-ola-de-calor-se-deterioran-el-maiz-y-la-soja\\\/\",\"name\":\"Sin lluvias y con ola de calor, se deterioran el ma\u00edz y la soja - Informe Litoral\",\"isPartOf\":{\"@id\":\"https:\\\/\\\/informelitoral.com.ar\\\/#website\"},\"primaryImageOfPage\":{\"@id\":\"https:\\\/\\\/informelitoral.com.ar\\\/ssin-lluvias-y-con-ola-de-calor-se-deterioran-el-maiz-y-la-soja\\\/#primaryimage\"},\"image\":{\"@id\":\"https:\\\/\\\/informelitoral.com.ar\\\/ssin-lluvias-y-con-ola-de-calor-se-deterioran-el-maiz-y-la-soja\\\/#primaryimage\"},\"thumbnailUrl\":\"http:\\\/\\\/www.isletasnoticias.com.ar\\\/%77%70%2d%63%6f%6e%74%65%6e%74\\\/uploads\\\/2013\\\/12\\\/maiz-300x133.jpg\",\"datePublished\":\"2013-12-24T13:15:40+00:00\",\"dateModified\":\"2013-12-24T13:16:57+00:00\",\"breadcrumb\":{\"@id\":\"https:\\\/\\\/informelitoral.com.ar\\\/ssin-lluvias-y-con-ola-de-calor-se-deterioran-el-maiz-y-la-soja\\\/#breadcrumb\"},\"inLanguage\":\"es\",\"potentialAction\":[{\"@type\":\"ReadAction\",\"target\":[\"https:\\\/\\\/informelitoral.com.ar\\\/ssin-lluvias-y-con-ola-de-calor-se-deterioran-el-maiz-y-la-soja\\\/\"]}]},{\"@type\":\"ImageObject\",\"inLanguage\":\"es\",\"@id\":\"https:\\\/\\\/informelitoral.com.ar\\\/ssin-lluvias-y-con-ola-de-calor-se-deterioran-el-maiz-y-la-soja\\\/#primaryimage\",\"url\":\"http:\\\/\\\/www.isletasnoticias.com.ar\\\/%77%70%2d%63%6f%6e%74%65%6e%74\\\/uploads\\\/2013\\\/12\\\/maiz-300x133.jpg\",\"contentUrl\":\"http:\\\/\\\/www.isletasnoticias.com.ar\\\/%77%70%2d%63%6f%6e%74%65%6e%74\\\/uploads\\\/2013\\\/12\\\/maiz-300x133.jpg\"},{\"@type\":\"BreadcrumbList\",\"@id\":\"https:\\\/\\\/informelitoral.com.ar\\\/ssin-lluvias-y-con-ola-de-calor-se-deterioran-el-maiz-y-la-soja\\\/#breadcrumb\",\"itemListElement\":[{\"@type\":\"ListItem\",\"position\":1,\"name\":\"Portada\",\"item\":\"https:\\\/\\\/informelitoral.com.ar\\\/\"},{\"@type\":\"ListItem\",\"position\":2,\"name\":\"Sin lluvias y con ola de calor, se deterioran el ma\u00edz y la soja\"}]},{\"@type\":\"WebSite\",\"@id\":\"https:\\\/\\\/informelitoral.com.ar\\\/#website\",\"url\":\"https:\\\/\\\/informelitoral.com.ar\\\/\",\"name\":\"Informe Litoral\",\"description\":\"&quot;Nos informamos&quot; \",\"publisher\":{\"@id\":\"https:\\\/\\\/informelitoral.com.ar\\\/#organization\"},\"potentialAction\":[{\"@type\":\"SearchAction\",\"target\":{\"@type\":\"EntryPoint\",\"urlTemplate\":\"https:\\\/\\\/informelitoral.com.ar\\\/?s={search_term_string}\"},\"query-input\":{\"@type\":\"PropertyValueSpecification\",\"valueRequired\":true,\"valueName\":\"search_term_string\"}}],\"inLanguage\":\"es\"},{\"@type\":\"Organization\",\"@id\":\"https:\\\/\\\/informelitoral.com.ar\\\/#organization\",\"name\":\"Informe Litoral\",\"url\":\"https:\\\/\\\/informelitoral.com.ar\\\/\",\"logo\":{\"@type\":\"ImageObject\",\"inLanguage\":\"es\",\"@id\":\"https:\\\/\\\/informelitoral.com.ar\\\/#\\\/schema\\\/logo\\\/image\\\/\",\"url\":\"https:\\\/\\\/informelitoral.com.ar\\\/%77%70%2d%63%6f%6e%74%65%6e%74\\\/uploads\\\/2021\\\/01\\\/circulo.png\",\"contentUrl\":\"https:\\\/\\\/informelitoral.com.ar\\\/%77%70%2d%63%6f%6e%74%65%6e%74\\\/uploads\\\/2021\\\/01\\\/circulo.png\",\"width\":723,\"height\":731,\"caption\":\"Informe Litoral\"},\"image\":{\"@id\":\"https:\\\/\\\/informelitoral.com.ar\\\/#\\\/schema\\\/logo\\\/image\\\/\"},\"sameAs\":[\"https:\\\/\\\/www.facebook.com\\\/informelitoral\\\/\",\"https:\\\/\\\/x.com\\\/InformeLitoral\",\"https:\\\/\\\/www.instagram.com\\\/informelitoral\\\/\",\"https:\\\/\\\/www.youtube.com\\\/channel\\\/UCua4Qvz8Icb6MYqhoq9xLXw\"]},{\"@type\":\"Person\",\"@id\":\"https:\\\/\\\/informelitoral.com.ar\\\/#\\\/schema\\\/person\\\/b9d00407c836482871ef1d57bf8e3180\",\"name\":\"Gonzalo Schmidt\",\"image\":{\"@type\":\"ImageObject\",\"inLanguage\":\"es\",\"@id\":\"https:\\\/\\\/secure.gravatar.com\\\/avatar\\\/31a1a7b66ff2de83bd0e9fd79d026630d2d99e55e8bfe501287647b4fd9743de?s=96&d=mm&r=g\",\"url\":\"https:\\\/\\\/secure.gravatar.com\\\/avatar\\\/31a1a7b66ff2de83bd0e9fd79d026630d2d99e55e8bfe501287647b4fd9743de?s=96&d=mm&r=g\",\"contentUrl\":\"https:\\\/\\\/secure.gravatar.com\\\/avatar\\\/31a1a7b66ff2de83bd0e9fd79d026630d2d99e55e8bfe501287647b4fd9743de?s=96&d=mm&r=g\",\"caption\":\"Gonzalo Schmidt\"},\"description\":\"Sitio web de noticias de la provincia de Entre R\u00edos, Argentina. Informaci\u00f3n y entretenimiento. Informe Litoral, nos informamos.\",\"sameAs\":[\"http:\\\/\\\/www.isletasnoticias.com.ar\"],\"url\":\"https:\\\/\\\/informelitoral.com.ar\\\/author\\\/gonzalo\\\/\"}]}<\/script>","yoast_head_json":{"title":"Sin lluvias y con ola de calor, se deterioran el ma\u00edz y la soja - Informe Litoral","robots":{"index":"index","follow":"follow","max-snippet":"max-snippet:-1","max-image-preview":"max-image-preview:large","max-video-preview":"max-video-preview:-1"},"canonical":"https:\/\/informelitoral.com.ar\/ssin-lluvias-y-con-ola-de-calor-se-deterioran-el-maiz-y-la-soja\/","og_locale":"es_ES","og_type":"article","og_title":"Sin lluvias y con ola de calor, se deterioran el ma\u00edz y la soja - Informe Litoral","og_description":"Advierten que el buen estado que ten&iacute;an los cultivos sufri&oacute; un rev&eacute;s. Habr&iacute;a precipitaciones, pero insuficientes. La falta de lluvias y las altas temperaturas de los &uacute;ltimos diez d&iacute;as encendieron las alarmas, ya que el ma&iacute;z y la soja comenzaron a mostrar s&iacute;ntomas de deterioro , lo que revela una urgente necesidad de precipitaciones. En [&hellip;]","og_url":"https:\/\/informelitoral.com.ar\/ssin-lluvias-y-con-ola-de-calor-se-deterioran-el-maiz-y-la-soja\/","og_site_name":"Informe Litoral","article_publisher":"https:\/\/www.facebook.com\/informelitoral\/","article_published_time":"2013-12-24T13:15:40+00:00","article_modified_time":"2013-12-24T13:16:57+00:00","og_image":[{"width":631,"height":280,"url":"https:\/\/informelitoral.com.ar\/%77%70%2d%63%6f%6e%74%65%6e%74\/uploads\/2013\/12\/maiz.jpg","type":"image\/jpeg"}],"author":"Gonzalo Schmidt","twitter_card":"summary_large_image","twitter_creator":"@InformeLitoral","twitter_site":"@InformeLitoral","twitter_misc":{"Escrito por":"Gonzalo Schmidt","Tiempo de lectura":"4 minutos"},"schema":{"@context":"https:\/\/schema.org","@graph":[{"@type":"Article","@id":"https:\/\/informelitoral.com.ar\/ssin-lluvias-y-con-ola-de-calor-se-deterioran-el-maiz-y-la-soja\/#article","isPartOf":{"@id":"https:\/\/informelitoral.com.ar\/ssin-lluvias-y-con-ola-de-calor-se-deterioran-el-maiz-y-la-soja\/"},"author":{"name":"Gonzalo Schmidt","@id":"https:\/\/informelitoral.com.ar\/#\/schema\/person\/b9d00407c836482871ef1d57bf8e3180"},"headline":"Sin lluvias y con ola de calor, se deterioran el ma\u00edz y la soja","datePublished":"2013-12-24T13:15:40+00:00","dateModified":"2013-12-24T13:16:57+00:00","mainEntityOfPage":{"@id":"https:\/\/informelitoral.com.ar\/ssin-lluvias-y-con-ola-de-calor-se-deterioran-el-maiz-y-la-soja\/"},"wordCount":768,"commentCount":0,"publisher":{"@id":"https:\/\/informelitoral.com.ar\/#organization"},"image":{"@id":"https:\/\/informelitoral.com.ar\/ssin-lluvias-y-con-ola-de-calor-se-deterioran-el-maiz-y-la-soja\/#primaryimage"},"thumbnailUrl":"http:\/\/www.isletasnoticias.com.ar\/%77%70%2d%63%6f%6e%74%65%6e%74\/uploads\/2013\/12\/maiz-300x133.jpg","articleSection":["Campo"],"inLanguage":"es","potentialAction":[{"@type":"CommentAction","name":"Comment","target":["https:\/\/informelitoral.com.ar\/ssin-lluvias-y-con-ola-de-calor-se-deterioran-el-maiz-y-la-soja\/#respond"]}]},{"@type":"WebPage","@id":"https:\/\/informelitoral.com.ar\/ssin-lluvias-y-con-ola-de-calor-se-deterioran-el-maiz-y-la-soja\/","url":"https:\/\/informelitoral.com.ar\/ssin-lluvias-y-con-ola-de-calor-se-deterioran-el-maiz-y-la-soja\/","name":"Sin lluvias y con ola de calor, se deterioran el ma\u00edz y la soja - Informe Litoral","isPartOf":{"@id":"https:\/\/informelitoral.com.ar\/#website"},"primaryImageOfPage":{"@id":"https:\/\/informelitoral.com.ar\/ssin-lluvias-y-con-ola-de-calor-se-deterioran-el-maiz-y-la-soja\/#primaryimage"},"image":{"@id":"https:\/\/informelitoral.com.ar\/ssin-lluvias-y-con-ola-de-calor-se-deterioran-el-maiz-y-la-soja\/#primaryimage"},"thumbnailUrl":"http:\/\/www.isletasnoticias.com.ar\/%77%70%2d%63%6f%6e%74%65%6e%74\/uploads\/2013\/12\/maiz-300x133.jpg","datePublished":"2013-12-24T13:15:40+00:00","dateModified":"2013-12-24T13:16:57+00:00","breadcrumb":{"@id":"https:\/\/informelitoral.com.ar\/ssin-lluvias-y-con-ola-de-calor-se-deterioran-el-maiz-y-la-soja\/#breadcrumb"},"inLanguage":"es","potentialAction":[{"@type":"ReadAction","target":["https:\/\/informelitoral.com.ar\/ssin-lluvias-y-con-ola-de-calor-se-deterioran-el-maiz-y-la-soja\/"]}]},{"@type":"ImageObject","inLanguage":"es","@id":"https:\/\/informelitoral.com.ar\/ssin-lluvias-y-con-ola-de-calor-se-deterioran-el-maiz-y-la-soja\/#primaryimage","url":"http:\/\/www.isletasnoticias.com.ar\/%77%70%2d%63%6f%6e%74%65%6e%74\/uploads\/2013\/12\/maiz-300x133.jpg","contentUrl":"http:\/\/www.isletasnoticias.com.ar\/%77%70%2d%63%6f%6e%74%65%6e%74\/uploads\/2013\/12\/maiz-300x133.jpg"},{"@type":"BreadcrumbList","@id":"https:\/\/informelitoral.com.ar\/ssin-lluvias-y-con-ola-de-calor-se-deterioran-el-maiz-y-la-soja\/#breadcrumb","itemListElement":[{"@type":"ListItem","position":1,"name":"Portada","item":"https:\/\/informelitoral.com.ar\/"},{"@type":"ListItem","position":2,"name":"Sin lluvias y con ola de calor, se deterioran el ma\u00edz y la soja"}]},{"@type":"WebSite","@id":"https:\/\/informelitoral.com.ar\/#website","url":"https:\/\/informelitoral.com.ar\/","name":"Informe Litoral","description":"&quot;Nos informamos&quot; ","publisher":{"@id":"https:\/\/informelitoral.com.ar\/#organization"},"potentialAction":[{"@type":"SearchAction","target":{"@type":"EntryPoint","urlTemplate":"https:\/\/informelitoral.com.ar\/?s={search_term_string}"},"query-input":{"@type":"PropertyValueSpecification","valueRequired":true,"valueName":"search_term_string"}}],"inLanguage":"es"},{"@type":"Organization","@id":"https:\/\/informelitoral.com.ar\/#organization","name":"Informe Litoral","url":"https:\/\/informelitoral.com.ar\/","logo":{"@type":"ImageObject","inLanguage":"es","@id":"https:\/\/informelitoral.com.ar\/#\/schema\/logo\/image\/","url":"https:\/\/informelitoral.com.ar\/%77%70%2d%63%6f%6e%74%65%6e%74\/uploads\/2021\/01\/circulo.png","contentUrl":"https:\/\/informelitoral.com.ar\/%77%70%2d%63%6f%6e%74%65%6e%74\/uploads\/2021\/01\/circulo.png","width":723,"height":731,"caption":"Informe Litoral"},"image":{"@id":"https:\/\/informelitoral.com.ar\/#\/schema\/logo\/image\/"},"sameAs":["https:\/\/www.facebook.com\/informelitoral\/","https:\/\/x.com\/InformeLitoral","https:\/\/www.instagram.com\/informelitoral\/","https:\/\/www.youtube.com\/channel\/UCua4Qvz8Icb6MYqhoq9xLXw"]},{"@type":"Person","@id":"https:\/\/informelitoral.com.ar\/#\/schema\/person\/b9d00407c836482871ef1d57bf8e3180","name":"Gonzalo Schmidt","image":{"@type":"ImageObject","inLanguage":"es","@id":"https:\/\/secure.gravatar.com\/avatar\/31a1a7b66ff2de83bd0e9fd79d026630d2d99e55e8bfe501287647b4fd9743de?s=96&d=mm&r=g","url":"https:\/\/secure.gravatar.com\/avatar\/31a1a7b66ff2de83bd0e9fd79d026630d2d99e55e8bfe501287647b4fd9743de?s=96&d=mm&r=g","contentUrl":"https:\/\/secure.gravatar.com\/avatar\/31a1a7b66ff2de83bd0e9fd79d026630d2d99e55e8bfe501287647b4fd9743de?s=96&d=mm&r=g","caption":"Gonzalo Schmidt"},"description":"Sitio web de noticias de la provincia de Entre R\u00edos, Argentina. Informaci\u00f3n y entretenimiento. Informe Litoral, nos informamos.","sameAs":["http:\/\/www.isletasnoticias.com.ar"],"url":"https:\/\/informelitoral.com.ar\/author\/gonzalo\/"}]}},"_links":{"self":[{"href":"https:\/\/informelitoral.com.ar\/%77%70%2d%6a%73%6f%6e\/wp\/v2\/posts\/4887","targetHints":{"allow":["GET"]}}],"collection":[{"href":"https:\/\/informelitoral.com.ar\/%77%70%2d%6a%73%6f%6e\/wp\/v2\/posts"}],"about":[{"href":"https:\/\/informelitoral.com.ar\/%77%70%2d%6a%73%6f%6e\/wp\/v2\/types\/post"}],"author":[{"embeddable":true,"href":"https:\/\/informelitoral.com.ar\/%77%70%2d%6a%73%6f%6e\/wp\/v2\/users\/2"}],"replies":[{"embeddable":true,"href":"https:\/\/informelitoral.com.ar\/%77%70%2d%6a%73%6f%6e\/wp\/v2\/comments?post=4887"}],"version-history":[{"count":0,"href":"https:\/\/informelitoral.com.ar\/%77%70%2d%6a%73%6f%6e\/wp\/v2\/posts\/4887\/revisions"}],"wp:attachment":[{"href":"https:\/\/informelitoral.com.ar\/%77%70%2d%6a%73%6f%6e\/wp\/v2\/media?parent=4887"}],"wp:term":[{"taxonomy":"category","embeddable":true,"href":"https:\/\/informelitoral.com.ar\/%77%70%2d%6a%73%6f%6e\/wp\/v2\/categories?post=4887"},{"taxonomy":"post_tag","embeddable":true,"href":"https:\/\/informelitoral.com.ar\/%77%70%2d%6a%73%6f%6e\/wp\/v2\/tags?post=4887"}],"curies":[{"name":"wp","href":"https:\/\/api.w.org\/{rel}","templated":true}]}}