{"id":48869,"date":"2020-09-04T10:09:29","date_gmt":"2020-09-04T13:09:29","guid":{"rendered":"https:\/\/www.isletasnoticias.com.ar\/?p=48869"},"modified":"2020-09-04T10:12:59","modified_gmt":"2020-09-04T13:12:59","slug":"con-recursos-municipales-finalizaron-el-estabilizado-en-barrio-ramirez-norte","status":"publish","type":"post","link":"https:\/\/informelitoral.com.ar\/con-recursos-municipales-finalizaron-el-estabilizado-en-barrio-ramirez-norte\/","title":{"rendered":"Con recursos municipales, finalizaron el estabilizado en Barrio Ram\u00edrez Norte"},"content":{"rendered":"<p>En <strong>General Ram\u00edrez<\/strong> finalizaron el<strong> estabilizado de calles en Barrio Ram\u00edrez Norte.<\/strong><\/p>\n<p><a href=\"https:\/\/www.isletasnoticias.com.ar\/%77%70%2d%63%6f%6e%74%65%6e%74\/uploads\/2020\/09\/118307723_1715383788612536_5399759215780204755_o.jpg\"><img loading=\"lazy\" decoding=\"async\" class=\"aligncenter wp-image-48872 size-large\" src=\"https:\/\/www.isletasnoticias.com.ar\/%77%70%2d%63%6f%6e%74%65%6e%74\/uploads\/2020\/09\/118307723_1715383788612536_5399759215780204755_o-1024x664.jpg\" alt=\"\" width=\"696\" height=\"451\" srcset=\"https:\/\/informelitoral.com.ar\/%77%70%2d%63%6f%6e%74%65%6e%74\/uploads\/2020\/09\/118307723_1715383788612536_5399759215780204755_o-1024x664.jpg 1024w, https:\/\/informelitoral.com.ar\/%77%70%2d%63%6f%6e%74%65%6e%74\/uploads\/2020\/09\/118307723_1715383788612536_5399759215780204755_o-300x194.jpg 300w, https:\/\/informelitoral.com.ar\/%77%70%2d%63%6f%6e%74%65%6e%74\/uploads\/2020\/09\/118307723_1715383788612536_5399759215780204755_o-768x498.jpg 768w, https:\/\/informelitoral.com.ar\/%77%70%2d%63%6f%6e%74%65%6e%74\/uploads\/2020\/09\/118307723_1715383788612536_5399759215780204755_o-1536x996.jpg 1536w, https:\/\/informelitoral.com.ar\/%77%70%2d%63%6f%6e%74%65%6e%74\/uploads\/2020\/09\/118307723_1715383788612536_5399759215780204755_o-696x451.jpg 696w, https:\/\/informelitoral.com.ar\/%77%70%2d%63%6f%6e%74%65%6e%74\/uploads\/2020\/09\/118307723_1715383788612536_5399759215780204755_o-1068x692.jpg 1068w, https:\/\/informelitoral.com.ar\/%77%70%2d%63%6f%6e%74%65%6e%74\/uploads\/2020\/09\/118307723_1715383788612536_5399759215780204755_o-648x420.jpg 648w, https:\/\/informelitoral.com.ar\/%77%70%2d%63%6f%6e%74%65%6e%74\/uploads\/2020\/09\/118307723_1715383788612536_5399759215780204755_o.jpg 1899w\" sizes=\"auto, (max-width: 696px) 100vw, 696px\" \/><\/a>Las tareas se realizaron en <strong>Padre Schaab entre Echag\u00fce y Chacho Pe\u00f1aloza, junto con sus transversales Aldao, Dorrego, Bustos y Quiroga.<\/strong><\/p>\n<p><a href=\"https:\/\/www.isletasnoticias.com.ar\/%77%70%2d%63%6f%6e%74%65%6e%74\/uploads\/2020\/09\/118442366_1715383811945867_4681164328627116565_o.jpg\"><img loading=\"lazy\" decoding=\"async\" class=\"aligncenter wp-image-48873 size-large\" src=\"https:\/\/www.isletasnoticias.com.ar\/%77%70%2d%63%6f%6e%74%65%6e%74\/uploads\/2020\/09\/118442366_1715383811945867_4681164328627116565_o-1024x658.jpg\" alt=\"\" width=\"696\" height=\"447\" srcset=\"https:\/\/informelitoral.com.ar\/%77%70%2d%63%6f%6e%74%65%6e%74\/uploads\/2020\/09\/118442366_1715383811945867_4681164328627116565_o-1024x658.jpg 1024w, https:\/\/informelitoral.com.ar\/%77%70%2d%63%6f%6e%74%65%6e%74\/uploads\/2020\/09\/118442366_1715383811945867_4681164328627116565_o-300x193.jpg 300w, https:\/\/informelitoral.com.ar\/%77%70%2d%63%6f%6e%74%65%6e%74\/uploads\/2020\/09\/118442366_1715383811945867_4681164328627116565_o-768x494.jpg 768w, https:\/\/informelitoral.com.ar\/%77%70%2d%63%6f%6e%74%65%6e%74\/uploads\/2020\/09\/118442366_1715383811945867_4681164328627116565_o-1536x987.jpg 1536w, https:\/\/informelitoral.com.ar\/%77%70%2d%63%6f%6e%74%65%6e%74\/uploads\/2020\/09\/118442366_1715383811945867_4681164328627116565_o-696x447.jpg 696w, https:\/\/informelitoral.com.ar\/%77%70%2d%63%6f%6e%74%65%6e%74\/uploads\/2020\/09\/118442366_1715383811945867_4681164328627116565_o-1068x686.jpg 1068w, https:\/\/informelitoral.com.ar\/%77%70%2d%63%6f%6e%74%65%6e%74\/uploads\/2020\/09\/118442366_1715383811945867_4681164328627116565_o-654x420.jpg 654w, https:\/\/informelitoral.com.ar\/%77%70%2d%63%6f%6e%74%65%6e%74\/uploads\/2020\/09\/118442366_1715383811945867_4681164328627116565_o.jpg 2048w\" sizes=\"auto, (max-width: 696px) 100vw, 696px\" \/><\/a><\/p>\n<p>\u00ab<strong>Se trata de una obra presupuestada en<\/strong> <strong>$ 1.500.000 aproximadamente,<\/strong> <strong>realizada \u00edntegramente con fondos y maquinarias municipales<\/strong>\u00ab, valoraron desde la gesti\u00f3n de la Alianza Ramirense &#8211; Juntos por el Cambio.<\/p>\n<p><a href=\"https:\/\/www.isletasnoticias.com.ar\/%77%70%2d%63%6f%6e%74%65%6e%74\/uploads\/2020\/09\/118656271_1715383771945871_8338476966362154518_o.jpg\"><img loading=\"lazy\" decoding=\"async\" class=\"aligncenter wp-image-48871 size-large\" src=\"https:\/\/www.isletasnoticias.com.ar\/%77%70%2d%63%6f%6e%74%65%6e%74\/uploads\/2020\/09\/118656271_1715383771945871_8338476966362154518_o-1024x583.jpg\" alt=\"\" width=\"696\" height=\"396\" srcset=\"https:\/\/informelitoral.com.ar\/%77%70%2d%63%6f%6e%74%65%6e%74\/uploads\/2020\/09\/118656271_1715383771945871_8338476966362154518_o-1024x583.jpg 1024w, https:\/\/informelitoral.com.ar\/%77%70%2d%63%6f%6e%74%65%6e%74\/uploads\/2020\/09\/118656271_1715383771945871_8338476966362154518_o-300x171.jpg 300w, https:\/\/informelitoral.com.ar\/%77%70%2d%63%6f%6e%74%65%6e%74\/uploads\/2020\/09\/118656271_1715383771945871_8338476966362154518_o-768x437.jpg 768w, https:\/\/informelitoral.com.ar\/%77%70%2d%63%6f%6e%74%65%6e%74\/uploads\/2020\/09\/118656271_1715383771945871_8338476966362154518_o-1536x875.jpg 1536w, https:\/\/informelitoral.com.ar\/%77%70%2d%63%6f%6e%74%65%6e%74\/uploads\/2020\/09\/118656271_1715383771945871_8338476966362154518_o-696x396.jpg 696w, https:\/\/informelitoral.com.ar\/%77%70%2d%63%6f%6e%74%65%6e%74\/uploads\/2020\/09\/118656271_1715383771945871_8338476966362154518_o-1068x608.jpg 1068w, https:\/\/informelitoral.com.ar\/%77%70%2d%63%6f%6e%74%65%6e%74\/uploads\/2020\/09\/118656271_1715383771945871_8338476966362154518_o-738x420.jpg 738w, https:\/\/informelitoral.com.ar\/%77%70%2d%63%6f%6e%74%65%6e%74\/uploads\/2020\/09\/118656271_1715383771945871_8338476966362154518_o.jpg 2048w\" sizes=\"auto, (max-width: 696px) 100vw, 696px\" \/><\/a>En los pr\u00f3ximos d\u00edas avanzar\u00e1n con un trabajo similar en calles Echag\u00fce y Lavalle.<\/p>\n","protected":false},"excerpt":{"rendered":"<p>La obra demand\u00f3 aproximadamente $1.500.000. Har\u00e1n un trabajo similar en calles Echag\u00fce y Lavalle.<\/p>\n","protected":false},"author":2,"featured_media":48870,"comment_status":"open","ping_status":"open","sticky":false,"template":"","format":"standard","meta":{"fifu_image_url":"","fifu_image_alt":"","footnotes":""},"categories":[5],"tags":[556,1433,316,107,27],"class_list":{"0":"post-48869","1":"post","2":"type-post","3":"status-publish","4":"format-standard","5":"has-post-thumbnail","7":"category-zonales","8":"tag-general-ramirez","9":"tag-municipalidad-de-general-ramirez","10":"tag-obras-publicas","11":"tag-obras-viales","12":"tag-ramirez"},"yoast_head":"<title>Con recursos municipales, finalizaron el estabilizado en Barrio Ram\u00edrez Norte - Informe Litoral<\/title>\n<meta name=\"robots\" content=\"index, follow, max-snippet:-1, max-image-preview:large, max-video-preview:-1\" \/>\n<link rel=\"canonical\" href=\"https:\/\/informelitoral.com.ar\/con-recursos-municipales-finalizaron-el-estabilizado-en-barrio-ramirez-norte\/\" \/>\n<meta property=\"og:locale\" content=\"es_ES\" \/>\n<meta property=\"og:type\" content=\"article\" \/>\n<meta property=\"og:title\" content=\"Con recursos municipales, finalizaron el estabilizado en Barrio Ram\u00edrez Norte - Informe Litoral\" \/>\n<meta property=\"og:description\" content=\"La obra demand\u00f3 aproximadamente $1.500.000. Har\u00e1n un trabajo similar en calles Echag\u00fce y Lavalle.\" \/>\n<meta property=\"og:url\" content=\"https:\/\/informelitoral.com.ar\/con-recursos-municipales-finalizaron-el-estabilizado-en-barrio-ramirez-norte\/\" \/>\n<meta property=\"og:site_name\" content=\"Informe Litoral\" \/>\n<meta property=\"article:publisher\" content=\"https:\/\/www.facebook.com\/informelitoral\/\" \/>\n<meta property=\"article:published_time\" content=\"2020-09-04T13:09:29+00:00\" \/>\n<meta property=\"article:modified_time\" content=\"2020-09-04T13:12:59+00:00\" \/>\n<meta property=\"og:image\" content=\"https:\/\/informelitoral.com.ar\/%77%70%2d%63%6f%6e%74%65%6e%74\/uploads\/2020\/09\/118653265_1715383865279195_108696901707738762_o.jpg\" \/>\n\t<meta property=\"og:image:width\" content=\"2048\" \/>\n\t<meta property=\"og:image:height\" content=\"1365\" \/>\n\t<meta property=\"og:image:type\" content=\"image\/jpeg\" \/>\n<meta name=\"author\" content=\"Gonzalo Schmidt\" \/>\n<meta name=\"twitter:card\" content=\"summary_large_image\" \/>\n<meta name=\"twitter:creator\" content=\"@InformeLitoral\" \/>\n<meta name=\"twitter:site\" content=\"@InformeLitoral\" \/>\n<meta name=\"twitter:label1\" content=\"Escrito por\" \/>\n\t<meta name=\"twitter:data1\" content=\"Gonzalo Schmidt\" \/>\n<script type=\"application\/ld+json\" class=\"yoast-schema-graph\">{\"@context\":\"https:\\\/\\\/schema.org\",\"@graph\":[{\"@type\":\"Article\",\"@id\":\"https:\\\/\\\/informelitoral.com.ar\\\/con-recursos-municipales-finalizaron-el-estabilizado-en-barrio-ramirez-norte\\\/#article\",\"isPartOf\":{\"@id\":\"https:\\\/\\\/informelitoral.com.ar\\\/con-recursos-municipales-finalizaron-el-estabilizado-en-barrio-ramirez-norte\\\/\"},\"author\":{\"name\":\"Gonzalo Schmidt\",\"@id\":\"https:\\\/\\\/informelitoral.com.ar\\\/#\\\/schema\\\/person\\\/b9d00407c836482871ef1d57bf8e3180\"},\"headline\":\"Con recursos municipales, finalizaron el estabilizado en Barrio Ram\u00edrez Norte\",\"datePublished\":\"2020-09-04T13:09:29+00:00\",\"dateModified\":\"2020-09-04T13:12:59+00:00\",\"mainEntityOfPage\":{\"@id\":\"https:\\\/\\\/informelitoral.com.ar\\\/con-recursos-municipales-finalizaron-el-estabilizado-en-barrio-ramirez-norte\\\/\"},\"wordCount\":95,\"commentCount\":0,\"publisher\":{\"@id\":\"https:\\\/\\\/informelitoral.com.ar\\\/#organization\"},\"image\":{\"@id\":\"https:\\\/\\\/informelitoral.com.ar\\\/con-recursos-municipales-finalizaron-el-estabilizado-en-barrio-ramirez-norte\\\/#primaryimage\"},\"thumbnailUrl\":\"https:\\\/\\\/informelitoral.com.ar\\\/%77%70%2d%63%6f%6e%74%65%6e%74\\\/uploads\\\/2020\\\/09\\\/118653265_1715383865279195_108696901707738762_o.jpg\",\"keywords\":[\"General Ram\u00edrez\",\"Municipalidad de General Ram\u00edrez\",\"Obras p\u00fablicas\",\"Obras viales\",\"Ram\u00edrez\"],\"articleSection\":[\"Departamento Diamante\"],\"inLanguage\":\"es\",\"potentialAction\":[{\"@type\":\"CommentAction\",\"name\":\"Comment\",\"target\":[\"https:\\\/\\\/informelitoral.com.ar\\\/con-recursos-municipales-finalizaron-el-estabilizado-en-barrio-ramirez-norte\\\/#respond\"]}]},{\"@type\":\"WebPage\",\"@id\":\"https:\\\/\\\/informelitoral.com.ar\\\/con-recursos-municipales-finalizaron-el-estabilizado-en-barrio-ramirez-norte\\\/\",\"url\":\"https:\\\/\\\/informelitoral.com.ar\\\/con-recursos-municipales-finalizaron-el-estabilizado-en-barrio-ramirez-norte\\\/\",\"name\":\"Con recursos municipales, finalizaron el estabilizado en Barrio Ram\u00edrez Norte - Informe Litoral\",\"isPartOf\":{\"@id\":\"https:\\\/\\\/informelitoral.com.ar\\\/#website\"},\"primaryImageOfPage\":{\"@id\":\"https:\\\/\\\/informelitoral.com.ar\\\/con-recursos-municipales-finalizaron-el-estabilizado-en-barrio-ramirez-norte\\\/#primaryimage\"},\"image\":{\"@id\":\"https:\\\/\\\/informelitoral.com.ar\\\/con-recursos-municipales-finalizaron-el-estabilizado-en-barrio-ramirez-norte\\\/#primaryimage\"},\"thumbnailUrl\":\"https:\\\/\\\/informelitoral.com.ar\\\/%77%70%2d%63%6f%6e%74%65%6e%74\\\/uploads\\\/2020\\\/09\\\/118653265_1715383865279195_108696901707738762_o.jpg\",\"datePublished\":\"2020-09-04T13:09:29+00:00\",\"dateModified\":\"2020-09-04T13:12:59+00:00\",\"breadcrumb\":{\"@id\":\"https:\\\/\\\/informelitoral.com.ar\\\/con-recursos-municipales-finalizaron-el-estabilizado-en-barrio-ramirez-norte\\\/#breadcrumb\"},\"inLanguage\":\"es\",\"potentialAction\":[{\"@type\":\"ReadAction\",\"target\":[\"https:\\\/\\\/informelitoral.com.ar\\\/con-recursos-municipales-finalizaron-el-estabilizado-en-barrio-ramirez-norte\\\/\"]}]},{\"@type\":\"ImageObject\",\"inLanguage\":\"es\",\"@id\":\"https:\\\/\\\/informelitoral.com.ar\\\/con-recursos-municipales-finalizaron-el-estabilizado-en-barrio-ramirez-norte\\\/#primaryimage\",\"url\":\"https:\\\/\\\/informelitoral.com.ar\\\/%77%70%2d%63%6f%6e%74%65%6e%74\\\/uploads\\\/2020\\\/09\\\/118653265_1715383865279195_108696901707738762_o.jpg\",\"contentUrl\":\"https:\\\/\\\/informelitoral.com.ar\\\/%77%70%2d%63%6f%6e%74%65%6e%74\\\/uploads\\\/2020\\\/09\\\/118653265_1715383865279195_108696901707738762_o.jpg\",\"width\":2048,\"height\":1365},{\"@type\":\"BreadcrumbList\",\"@id\":\"https:\\\/\\\/informelitoral.com.ar\\\/con-recursos-municipales-finalizaron-el-estabilizado-en-barrio-ramirez-norte\\\/#breadcrumb\",\"itemListElement\":[{\"@type\":\"ListItem\",\"position\":1,\"name\":\"Portada\",\"item\":\"https:\\\/\\\/informelitoral.com.ar\\\/\"},{\"@type\":\"ListItem\",\"position\":2,\"name\":\"Con recursos municipales, finalizaron el estabilizado en Barrio Ram\u00edrez Norte\"}]},{\"@type\":\"WebSite\",\"@id\":\"https:\\\/\\\/informelitoral.com.ar\\\/#website\",\"url\":\"https:\\\/\\\/informelitoral.com.ar\\\/\",\"name\":\"Informe Litoral\",\"description\":\"&quot;Nos informamos&quot; \",\"publisher\":{\"@id\":\"https:\\\/\\\/informelitoral.com.ar\\\/#organization\"},\"potentialAction\":[{\"@type\":\"SearchAction\",\"target\":{\"@type\":\"EntryPoint\",\"urlTemplate\":\"https:\\\/\\\/informelitoral.com.ar\\\/?s={search_term_string}\"},\"query-input\":{\"@type\":\"PropertyValueSpecification\",\"valueRequired\":true,\"valueName\":\"search_term_string\"}}],\"inLanguage\":\"es\"},{\"@type\":\"Organization\",\"@id\":\"https:\\\/\\\/informelitoral.com.ar\\\/#organization\",\"name\":\"Informe Litoral\",\"url\":\"https:\\\/\\\/informelitoral.com.ar\\\/\",\"logo\":{\"@type\":\"ImageObject\",\"inLanguage\":\"es\",\"@id\":\"https:\\\/\\\/informelitoral.com.ar\\\/#\\\/schema\\\/logo\\\/image\\\/\",\"url\":\"https:\\\/\\\/informelitoral.com.ar\\\/%77%70%2d%63%6f%6e%74%65%6e%74\\\/uploads\\\/2021\\\/01\\\/circulo.png\",\"contentUrl\":\"https:\\\/\\\/informelitoral.com.ar\\\/%77%70%2d%63%6f%6e%74%65%6e%74\\\/uploads\\\/2021\\\/01\\\/circulo.png\",\"width\":723,\"height\":731,\"caption\":\"Informe Litoral\"},\"image\":{\"@id\":\"https:\\\/\\\/informelitoral.com.ar\\\/#\\\/schema\\\/logo\\\/image\\\/\"},\"sameAs\":[\"https:\\\/\\\/www.facebook.com\\\/informelitoral\\\/\",\"https:\\\/\\\/x.com\\\/InformeLitoral\",\"https:\\\/\\\/www.instagram.com\\\/informelitoral\\\/\",\"https:\\\/\\\/www.youtube.com\\\/channel\\\/UCua4Qvz8Icb6MYqhoq9xLXw\"]},{\"@type\":\"Person\",\"@id\":\"https:\\\/\\\/informelitoral.com.ar\\\/#\\\/schema\\\/person\\\/b9d00407c836482871ef1d57bf8e3180\",\"name\":\"Gonzalo Schmidt\",\"image\":{\"@type\":\"ImageObject\",\"inLanguage\":\"es\",\"@id\":\"https:\\\/\\\/secure.gravatar.com\\\/avatar\\\/31a1a7b66ff2de83bd0e9fd79d026630d2d99e55e8bfe501287647b4fd9743de?s=96&d=mm&r=g\",\"url\":\"https:\\\/\\\/secure.gravatar.com\\\/avatar\\\/31a1a7b66ff2de83bd0e9fd79d026630d2d99e55e8bfe501287647b4fd9743de?s=96&d=mm&r=g\",\"contentUrl\":\"https:\\\/\\\/secure.gravatar.com\\\/avatar\\\/31a1a7b66ff2de83bd0e9fd79d026630d2d99e55e8bfe501287647b4fd9743de?s=96&d=mm&r=g\",\"caption\":\"Gonzalo Schmidt\"},\"description\":\"Sitio web de noticias de la provincia de Entre R\u00edos, Argentina. Informaci\u00f3n y entretenimiento. Informe Litoral, nos informamos.\",\"sameAs\":[\"http:\\\/\\\/www.isletasnoticias.com.ar\"],\"url\":\"https:\\\/\\\/informelitoral.com.ar\\\/author\\\/gonzalo\\\/\"}]}<\/script>","yoast_head_json":{"title":"Con recursos municipales, finalizaron el estabilizado en Barrio Ram\u00edrez Norte - Informe Litoral","robots":{"index":"index","follow":"follow","max-snippet":"max-snippet:-1","max-image-preview":"max-image-preview:large","max-video-preview":"max-video-preview:-1"},"canonical":"https:\/\/informelitoral.com.ar\/con-recursos-municipales-finalizaron-el-estabilizado-en-barrio-ramirez-norte\/","og_locale":"es_ES","og_type":"article","og_title":"Con recursos municipales, finalizaron el estabilizado en Barrio Ram\u00edrez Norte - Informe Litoral","og_description":"La obra demand\u00f3 aproximadamente $1.500.000. Har\u00e1n un trabajo similar en calles Echag\u00fce y Lavalle.","og_url":"https:\/\/informelitoral.com.ar\/con-recursos-municipales-finalizaron-el-estabilizado-en-barrio-ramirez-norte\/","og_site_name":"Informe Litoral","article_publisher":"https:\/\/www.facebook.com\/informelitoral\/","article_published_time":"2020-09-04T13:09:29+00:00","article_modified_time":"2020-09-04T13:12:59+00:00","og_image":[{"width":2048,"height":1365,"url":"https:\/\/informelitoral.com.ar\/%77%70%2d%63%6f%6e%74%65%6e%74\/uploads\/2020\/09\/118653265_1715383865279195_108696901707738762_o.jpg","type":"image\/jpeg"}],"author":"Gonzalo Schmidt","twitter_card":"summary_large_image","twitter_creator":"@InformeLitoral","twitter_site":"@InformeLitoral","twitter_misc":{"Escrito por":"Gonzalo Schmidt"},"schema":{"@context":"https:\/\/schema.org","@graph":[{"@type":"Article","@id":"https:\/\/informelitoral.com.ar\/con-recursos-municipales-finalizaron-el-estabilizado-en-barrio-ramirez-norte\/#article","isPartOf":{"@id":"https:\/\/informelitoral.com.ar\/con-recursos-municipales-finalizaron-el-estabilizado-en-barrio-ramirez-norte\/"},"author":{"name":"Gonzalo Schmidt","@id":"https:\/\/informelitoral.com.ar\/#\/schema\/person\/b9d00407c836482871ef1d57bf8e3180"},"headline":"Con recursos municipales, finalizaron el estabilizado en Barrio Ram\u00edrez Norte","datePublished":"2020-09-04T13:09:29+00:00","dateModified":"2020-09-04T13:12:59+00:00","mainEntityOfPage":{"@id":"https:\/\/informelitoral.com.ar\/con-recursos-municipales-finalizaron-el-estabilizado-en-barrio-ramirez-norte\/"},"wordCount":95,"commentCount":0,"publisher":{"@id":"https:\/\/informelitoral.com.ar\/#organization"},"image":{"@id":"https:\/\/informelitoral.com.ar\/con-recursos-municipales-finalizaron-el-estabilizado-en-barrio-ramirez-norte\/#primaryimage"},"thumbnailUrl":"https:\/\/informelitoral.com.ar\/%77%70%2d%63%6f%6e%74%65%6e%74\/uploads\/2020\/09\/118653265_1715383865279195_108696901707738762_o.jpg","keywords":["General Ram\u00edrez","Municipalidad de General Ram\u00edrez","Obras p\u00fablicas","Obras viales","Ram\u00edrez"],"articleSection":["Departamento Diamante"],"inLanguage":"es","potentialAction":[{"@type":"CommentAction","name":"Comment","target":["https:\/\/informelitoral.com.ar\/con-recursos-municipales-finalizaron-el-estabilizado-en-barrio-ramirez-norte\/#respond"]}]},{"@type":"WebPage","@id":"https:\/\/informelitoral.com.ar\/con-recursos-municipales-finalizaron-el-estabilizado-en-barrio-ramirez-norte\/","url":"https:\/\/informelitoral.com.ar\/con-recursos-municipales-finalizaron-el-estabilizado-en-barrio-ramirez-norte\/","name":"Con recursos municipales, finalizaron el estabilizado en Barrio Ram\u00edrez Norte - Informe Litoral","isPartOf":{"@id":"https:\/\/informelitoral.com.ar\/#website"},"primaryImageOfPage":{"@id":"https:\/\/informelitoral.com.ar\/con-recursos-municipales-finalizaron-el-estabilizado-en-barrio-ramirez-norte\/#primaryimage"},"image":{"@id":"https:\/\/informelitoral.com.ar\/con-recursos-municipales-finalizaron-el-estabilizado-en-barrio-ramirez-norte\/#primaryimage"},"thumbnailUrl":"https:\/\/informelitoral.com.ar\/%77%70%2d%63%6f%6e%74%65%6e%74\/uploads\/2020\/09\/118653265_1715383865279195_108696901707738762_o.jpg","datePublished":"2020-09-04T13:09:29+00:00","dateModified":"2020-09-04T13:12:59+00:00","breadcrumb":{"@id":"https:\/\/informelitoral.com.ar\/con-recursos-municipales-finalizaron-el-estabilizado-en-barrio-ramirez-norte\/#breadcrumb"},"inLanguage":"es","potentialAction":[{"@type":"ReadAction","target":["https:\/\/informelitoral.com.ar\/con-recursos-municipales-finalizaron-el-estabilizado-en-barrio-ramirez-norte\/"]}]},{"@type":"ImageObject","inLanguage":"es","@id":"https:\/\/informelitoral.com.ar\/con-recursos-municipales-finalizaron-el-estabilizado-en-barrio-ramirez-norte\/#primaryimage","url":"https:\/\/informelitoral.com.ar\/%77%70%2d%63%6f%6e%74%65%6e%74\/uploads\/2020\/09\/118653265_1715383865279195_108696901707738762_o.jpg","contentUrl":"https:\/\/informelitoral.com.ar\/%77%70%2d%63%6f%6e%74%65%6e%74\/uploads\/2020\/09\/118653265_1715383865279195_108696901707738762_o.jpg","width":2048,"height":1365},{"@type":"BreadcrumbList","@id":"https:\/\/informelitoral.com.ar\/con-recursos-municipales-finalizaron-el-estabilizado-en-barrio-ramirez-norte\/#breadcrumb","itemListElement":[{"@type":"ListItem","position":1,"name":"Portada","item":"https:\/\/informelitoral.com.ar\/"},{"@type":"ListItem","position":2,"name":"Con recursos municipales, finalizaron el estabilizado en Barrio Ram\u00edrez Norte"}]},{"@type":"WebSite","@id":"https:\/\/informelitoral.com.ar\/#website","url":"https:\/\/informelitoral.com.ar\/","name":"Informe Litoral","description":"&quot;Nos informamos&quot; ","publisher":{"@id":"https:\/\/informelitoral.com.ar\/#organization"},"potentialAction":[{"@type":"SearchAction","target":{"@type":"EntryPoint","urlTemplate":"https:\/\/informelitoral.com.ar\/?s={search_term_string}"},"query-input":{"@type":"PropertyValueSpecification","valueRequired":true,"valueName":"search_term_string"}}],"inLanguage":"es"},{"@type":"Organization","@id":"https:\/\/informelitoral.com.ar\/#organization","name":"Informe Litoral","url":"https:\/\/informelitoral.com.ar\/","logo":{"@type":"ImageObject","inLanguage":"es","@id":"https:\/\/informelitoral.com.ar\/#\/schema\/logo\/image\/","url":"https:\/\/informelitoral.com.ar\/%77%70%2d%63%6f%6e%74%65%6e%74\/uploads\/2021\/01\/circulo.png","contentUrl":"https:\/\/informelitoral.com.ar\/%77%70%2d%63%6f%6e%74%65%6e%74\/uploads\/2021\/01\/circulo.png","width":723,"height":731,"caption":"Informe Litoral"},"image":{"@id":"https:\/\/informelitoral.com.ar\/#\/schema\/logo\/image\/"},"sameAs":["https:\/\/www.facebook.com\/informelitoral\/","https:\/\/x.com\/InformeLitoral","https:\/\/www.instagram.com\/informelitoral\/","https:\/\/www.youtube.com\/channel\/UCua4Qvz8Icb6MYqhoq9xLXw"]},{"@type":"Person","@id":"https:\/\/informelitoral.com.ar\/#\/schema\/person\/b9d00407c836482871ef1d57bf8e3180","name":"Gonzalo Schmidt","image":{"@type":"ImageObject","inLanguage":"es","@id":"https:\/\/secure.gravatar.com\/avatar\/31a1a7b66ff2de83bd0e9fd79d026630d2d99e55e8bfe501287647b4fd9743de?s=96&d=mm&r=g","url":"https:\/\/secure.gravatar.com\/avatar\/31a1a7b66ff2de83bd0e9fd79d026630d2d99e55e8bfe501287647b4fd9743de?s=96&d=mm&r=g","contentUrl":"https:\/\/secure.gravatar.com\/avatar\/31a1a7b66ff2de83bd0e9fd79d026630d2d99e55e8bfe501287647b4fd9743de?s=96&d=mm&r=g","caption":"Gonzalo Schmidt"},"description":"Sitio web de noticias de la provincia de Entre R\u00edos, Argentina. Informaci\u00f3n y entretenimiento. Informe Litoral, nos informamos.","sameAs":["http:\/\/www.isletasnoticias.com.ar"],"url":"https:\/\/informelitoral.com.ar\/author\/gonzalo\/"}]}},"_links":{"self":[{"href":"https:\/\/informelitoral.com.ar\/%77%70%2d%6a%73%6f%6e\/wp\/v2\/posts\/48869","targetHints":{"allow":["GET"]}}],"collection":[{"href":"https:\/\/informelitoral.com.ar\/%77%70%2d%6a%73%6f%6e\/wp\/v2\/posts"}],"about":[{"href":"https:\/\/informelitoral.com.ar\/%77%70%2d%6a%73%6f%6e\/wp\/v2\/types\/post"}],"author":[{"embeddable":true,"href":"https:\/\/informelitoral.com.ar\/%77%70%2d%6a%73%6f%6e\/wp\/v2\/users\/2"}],"replies":[{"embeddable":true,"href":"https:\/\/informelitoral.com.ar\/%77%70%2d%6a%73%6f%6e\/wp\/v2\/comments?post=48869"}],"version-history":[{"count":0,"href":"https:\/\/informelitoral.com.ar\/%77%70%2d%6a%73%6f%6e\/wp\/v2\/posts\/48869\/revisions"}],"wp:featuredmedia":[{"embeddable":true,"href":"https:\/\/informelitoral.com.ar\/%77%70%2d%6a%73%6f%6e\/wp\/v2\/media\/48870"}],"wp:attachment":[{"href":"https:\/\/informelitoral.com.ar\/%77%70%2d%6a%73%6f%6e\/wp\/v2\/media?parent=48869"}],"wp:term":[{"taxonomy":"category","embeddable":true,"href":"https:\/\/informelitoral.com.ar\/%77%70%2d%6a%73%6f%6e\/wp\/v2\/categories?post=48869"},{"taxonomy":"post_tag","embeddable":true,"href":"https:\/\/informelitoral.com.ar\/%77%70%2d%6a%73%6f%6e\/wp\/v2\/tags?post=48869"}],"curies":[{"name":"wp","href":"https:\/\/api.w.org\/{rel}","templated":true}]}}