{"id":48857,"date":"2020-09-04T08:24:59","date_gmt":"2020-09-04T11:24:59","guid":{"rendered":"https:\/\/www.isletasnoticias.com.ar\/?p=48857"},"modified":"2020-09-04T08:24:59","modified_gmt":"2020-09-04T11:24:59","slug":"aprobacion-del-senado-empresas-de-telefonia-internet-y-cable-no-podran-aumentar-sin-autorizacion","status":"publish","type":"post","link":"https:\/\/informelitoral.com.ar\/aprobacion-del-senado-empresas-de-telefonia-internet-y-cable-no-podran-aumentar-sin-autorizacion\/","title":{"rendered":"Aprobaci\u00f3n del Senado: empresas de telefon\u00eda, internet y cable no podr\u00e1n aumentar sin autorizaci\u00f3n"},"content":{"rendered":"<p>El oficialismo en el\u00a0Senado\u00a0convalid\u00f3 anoche, con 41 votos a favor y 26 en contra, el\u00a0DNU\u00a0dictado por el Poder Ejecutivo que<strong>\u00a0declara como p\u00fablicos y esenciales los servicios de\u00a0telecomunicaciones<\/strong>\u00a0y<strong>\u00a0la derogaci\u00f3n del DNU sobre Vicentin.<\/strong><\/p>\n<p><strong>El DNU de Telecomunicaciones declara servicio esencial a tecnolog\u00edas de la informaci\u00f3n y la comunicaci\u00f3n (TIC) y congela las tarifas de la telefon\u00eda fija, celular, internet y televisi\u00f3n paga. Adem\u00e1s, establece que cualquier aumento tarifario deber\u00e1 ser autorizado por el Gobierno nacional.<\/strong><\/p>\n<p>El decreto congel\u00f3 hasta el 31 de diciembre las tarifas de televisi\u00f3n por cable, telefon\u00eda m\u00f3vil e internet en el marco de la pandemia, al tiempo que estableci\u00f3 que \u00ablos servicios de las Tecnolog\u00edas de la Informaci\u00f3n y las Comunicaciones (TIC) y el acceso a las redes de telecomunicaciones para y entre licenciatarios y licenciatarias de servicios TIC son servicios p\u00fablicos esenciales y estrat\u00e9gicos en competencia\u00bb.<\/p>\n<p>El senador de Juntos por el Cambio,\u00a0<strong>Mart\u00edn Lousteau<\/strong>, advirti\u00f3 -al tomar la palabra. que su bloque votar\u00e1 en contra de los diferentes DNUs puestos a consideraci\u00f3n durante el debate\u00a0<strong>\u201cporque tienen un vicio formal que tiene que ver con los plazos de tratamiento\u201d.\u00a0<\/strong>En este sentido, hizo referencia a que el DNU fue dictado un d\u00eda antes de la convocatoria a la reuni\u00f3n de la Comisi\u00f3n Bicameral de Tr\u00e1mite Legislativo, sin cumplir el plazo de 48 horas.<\/p>\n<p>Sin embargo, se refiri\u00f3 espec\u00edficamente al DNU 690\/20 que declara como servicio p\u00fablico esencial a las telecomunicaciones y consider\u00f3 que su bloque est\u00e1 de acuerdo con el \u201ccongelamiento de precios\u00bb, pero consider\u00f3 que el tema del acceso universal y la declaraci\u00f3n de servicio p\u00fablico requer\u00eda un debate m\u00e1s profundo.\u00a0<strong>\u201cTenemos que permitir el cambio tecnol\u00f3gico y dentro de este cambio regular para que haya igualdad dentro de la innovaci\u00f3n, ese es nuestro desaf\u00edo\u201d<\/strong>, dijo.<\/p>\n<p><span style=\"text-align: center;\">\u201cEse es el desaf\u00edo que tenemos. \u00bfEsto lo logramos con este DNU? No, porque es muy s\u00fabito, porque no tiene contenido espec\u00edfico, porque genera incertidumbre y discrecionalidad y eso atenta contra las inversiones que necesitamos\u201d, cerr\u00f3.<\/span><\/p>\n<p>Seguidamente tom\u00f3 la palabra la oficialista\u00a0<strong>Beatriz Mirkin<\/strong>, quien luego de aclarar que su intenci\u00f3n era exponer sobre otro decreto (que cre\u00f3 la Agencia Nacional de Promoci\u00f3n de la Investigaci\u00f3n, el Desarrollo Tecnol\u00f3gico y la Innovaci\u00f3n), cuestion\u00f3 a la oposici\u00f3n, en respuesta a Lousteau.<\/p>\n<p>La tucumana cuestion\u00f3 que el senador porte\u00f1o \u00abtira muchos n\u00fameros\u00bb, seg\u00fan dijo, y dice que son\u00a0<strong>\u00abtemas complejos\u00bb pero \u00abno van a votar ni lo complejo ni lo simple\u00bb, en referencia al rechazo general de Juntos por el Cambio contra todos los DNU.<\/strong><\/p>\n<p>A su turno, la senadora bonaerense de Juntos por el Cambio,\u00a0<strong>Gladys Gonz\u00e1lez<\/strong>, record\u00f3 su autor\u00eda en proyectos para garantizar el acceso de internet y telefon\u00eda celular que \u201cnunca fueron tratados en el Congreso\u201d y explic\u00f3 que\u00a0<strong>\u201cel sector productivo est\u00e1 preocupado porque le estamos cambiando las reglas de juego de un d\u00eda para el otro y sin escucharlos. El DNU as\u00ed como est\u00e1, con esta poca claridad, es absolutamente contraproducente\u00bb.<\/strong><\/p>\n<p>El senador del Frente de Todos,\u00a0<strong>Alfredo Luenzo,<\/strong>\u00a0destac\u00f3 que \u201cla falta de conectividad en el interior tiene que ver con una idea del mercado que es la de maximizar ganancias.\u00a0<strong>Y esto el mercado no lo va a resolver, lo van a resolver elementos como este DNU que estamos discutiendo hoy\u201d.<\/strong><\/p>\n<p><strong>\u201cLo que hemos evitado con este DNU es un nuevo incremento tarifario en un momento de much\u00edsima angustia. No estamos estatizando nada, estamos pensando en un principio de igualdad e inclusi\u00f3n para todos los argentinos, esa es la raz\u00f3n de este DNU\u00bb<\/strong>, continu\u00f3.<\/p>\n<p>La senadora del PRO,\u00a0<strong>Laura Rodr\u00edguez Machado<\/strong>, critic\u00f3 al oficialismo, al considerar que le \u201cagarr\u00f3 el gusto a los DNU\u201d y expres\u00f3 que \u00abnadie en el mundo civilizado cree que declarar servicio p\u00fablico esencial es la forma de asegurar el acceso a servicios de internet. Los pa\u00edses que lo han declarado bajo este t\u00edtulo son aquellos que paso a paso han intentado controlar los contenidos tambi\u00e9n\u00bb.<\/p>\n<p>Respecto a este punto, la senadora del Frente de Todos,\u00a0<strong>Cristina L\u00f3pez Valverde,<\/strong>\u00a0retruc\u00f3 que \u00abmuy lejos de acotar voces, como nunca en el gobierno de Cristina Kirchner proliferaron radios comunitarias, de ONGs, radios universitarias\u00bb. \u00abTodo eso se redujo en forma exagerada y eso buscamos restituir\u00bb, explic\u00f3.<\/p>\n<p>Por su parte, la senadora oficialista\u00a0<strong>Anabel Fern\u00e1ndez Sagasti<\/strong>\u00a0explic\u00f3 que \u00abes el Estado el que debe garantizar igualdad all\u00ed donde el mercado excluye y abandona, y ese es el ADN de este DNU. Un DNU que viene en uno de los momentos de mayor concentraci\u00f3n de accesibilidad a la comunicaci\u00f3n en internet de Argentina\u00bb.<\/p>\n<p>Adem\u00e1s, los legisladores tambi\u00e9n resolvieron la validez de otros Decretos de Necesidad y Urgencia, como el\u00a0<strong>DNU 636\/20<\/strong>\u00a0que dej\u00f3 sin efecto su similar 522\/20 que hab\u00eda dispuesto, el 9 de junio pasado, la intervenci\u00f3n transitoria de la empresa<strong>\u00a0Vicentin.<\/strong><\/p>\n<p>Haciendo referencia a ese decreto, la senadora del Frente de Todos,\u00a0<strong>Mar\u00eda de los \u00c1ngeles Sacnun,<\/strong>\u00a0indic\u00f3 que \u201cel tiempo transcurrido desde dicha decisi\u00f3n demostraron que la intenci\u00f3n era sostener los puestos de trabajo, asegurar la continuidad de la empresa -tan importante para la econom\u00eda santafesina y la nacional- y sostener su patrimonio para evitar la estafa a sus acreedores entre los que se encuentra el Banco Naci\u00f3n\u201d.<\/p>\n<p>\u00abVicentin no ha presentado el balance 2019, que es ineludible para iniciar el concurso, y el juez de la causa permiti\u00f3 que se siga extendiendo en la presentaci\u00f3n. Por eso, la derogaci\u00f3n de la intervenci\u00f3n es correcta porque se han violentado derechos\u00bb, agreg\u00f3.<\/p>\n<p>Su compa\u00f1ero de bancada, el senador\u00a0<strong>Roberto Mirabella<\/strong>, indic\u00f3 que \u00ablos directivos, accionistas y el juez no han entendido todo el esfuerzo que se realiz\u00f3 para que no se repita la destrucci\u00f3n de una empresa nacional. Por esto es que el Ejecutivo dict\u00f3 este DNU para derogar el anterior\u201d.<\/p>\n<p>En tanto,<strong>\u00a0Oscar Parrilli,<\/strong>\u00a0tambi\u00e9n se refiri\u00f3 al DNU de Vicentin y dijo que \u00abgracias a la acci\u00f3n de Juntos por el Cambio, gracias a muchos comunicadores y a algunos sectores que se dejaron llevar, se est\u00e1 desguazando lo poco que quedaba del Grupo Vicentin\u00bb.<\/p>\n<p>\u00abAs\u00ed como tuvimos que venir los \u2018perversos kirchneristas\u2019 a arreglar el desastre que dej\u00f3 el gobierno anterior con la deuda, en poco tiempo m\u00e1s deberemos arreglar las consecuencias del desfalco que est\u00e1n dejando otros con Vicentin\u00bb, cerr\u00f3.<\/p>\n<p>Al momento de los cierres, el titular de la bancada de Juntos por el Cambio en la C\u00e1mara alta,\u00a0<strong>Luis Naidenoff,<\/strong>\u00a0se refiri\u00f3 a la anulaci\u00f3n del decreto de\u00a0<strong>Vicentin<\/strong>\u00a0y lanz\u00f3: \u201cTienen que asumir que se equivocaron y est\u00e1 muy bien que lo puedan enmendar. Fue un error pol\u00edtico, no midieron los tiempos, hubo un desconocimiento de la matriz productiva\u201d.<strong>\u00a0\u201cNo busquen responsables en terceros\u201d,<\/strong>\u00a0sigui\u00f3.<\/p>\n<p>\u00abTomen nota y recuperen el sentido com\u00fan sin que deba venir de la Justicia. Pero si no les alcanza el mensaje de la sociedad, si no les alcanza el mensaje de la pol\u00edtica, entonces ser\u00e1 la Justicia, respeten el Estado de derecho\u00bb, concluy\u00f3.<\/p>\n<p>Por \u00faltimo, el jefe de la bancada kirchnerista,\u00a0<strong>Jos\u00e9 Mayans,\u00a0<\/strong>se refiri\u00f3 al DNU 690\/20 y estableci\u00f3 que \u00abel servicio de las telecomunicaciones es esencial y estamos tratando que las prestatarias de servicio fijen precios justos y razonables, el pueblo argentino est\u00e1 en emergencia\u00bb.<\/p>\n<p>\u00abVamos a acompa\u00f1ar las medidas para que haya justicia social para todos, el pueblo espera mucho de nosotros y seguimos trabajando para alcanzar el esquema que pensamos para nuestra patria\u00bb, cerr\u00f3.<\/p>\n<p>El Senado tambi\u00e9n puso a consideraci\u00f3n el Decreto de Necesidad y Urgencia N\u00ba 157 del 14 de febrero de 2020, mediante el cual se crea la\u00a0<strong>Agencia Nacional de Promoci\u00f3n de la Investigaci\u00f3n, el Desarrollo Tecnol\u00f3gico y la Innovaci\u00f3n<\/strong>\u00a0actuante dentro de la \u00f3rbita del Ministerio de Ciencia Tecnolog\u00eda e Innovaci\u00f3n.<\/p>\n<p>Otros DNU son el 582\/20<strong>,<\/strong>\u00a0mediante el cual se aprueba el modelo de Enmienda N\u00ba 1 al Suplemento de Prospecto del 21 de abril de 2020 para la oferta de canje de deuda soberana sujeta a ley extranjera; y el 634\/20 por el cual se prorroga hasta el 31 de agosto el plazo de acogimiento al R\u00e9gimen de Regularizaci\u00f3n de Deudas establecido en el \u00faltimo p\u00e1rrafo del art\u00edculo 8 de la Ley N\u00ba 27.541.<\/p>\n<p>Finalmente, se trat\u00f3 el DNU 643<strong>\/<\/strong>20 del Poder Ejecutivo, que modifica el Decreto de Necesidad y Urgencia N\u00ba 146\/2017 sobre el\u00a0<strong>Programa Cr\u00e9dito Argentino del Bicentenario para la Vivienda \u00danica (Pro.Cre.Ar).<\/strong><\/p>\n","protected":false},"excerpt":{"rendered":"<p>El DNU de Telecomunicaciones declara servicio esencial a tecnolog\u00edas de la informaci\u00f3n y la comunicaci\u00f3n (TIC) y congela las tarifas de la telefon\u00eda fija, celular, internet y televisi\u00f3n paga.<\/p>\n","protected":false},"author":2,"featured_media":48858,"comment_status":"open","ping_status":"open","sticky":false,"template":"","format":"standard","meta":{"fifu_image_url":"","fifu_image_alt":"","footnotes":""},"categories":[16],"tags":[],"class_list":{"0":"post-48857","1":"post","2":"type-post","3":"status-publish","4":"format-standard","5":"has-post-thumbnail","7":"category-politi"},"yoast_head":"<title>Aprobaci\u00f3n del Senado: empresas de telefon\u00eda, internet y cable no podr\u00e1n aumentar sin autorizaci\u00f3n - Informe Litoral<\/title>\n<meta name=\"robots\" content=\"index, follow, max-snippet:-1, max-image-preview:large, max-video-preview:-1\" \/>\n<link rel=\"canonical\" href=\"https:\/\/informelitoral.com.ar\/aprobacion-del-senado-empresas-de-telefonia-internet-y-cable-no-podran-aumentar-sin-autorizacion\/\" \/>\n<meta property=\"og:locale\" content=\"es_ES\" \/>\n<meta property=\"og:type\" content=\"article\" \/>\n<meta property=\"og:title\" content=\"Aprobaci\u00f3n del Senado: empresas de telefon\u00eda, internet y cable no podr\u00e1n aumentar sin autorizaci\u00f3n - Informe Litoral\" \/>\n<meta property=\"og:description\" content=\"El DNU de Telecomunicaciones declara servicio esencial a tecnolog\u00edas de la informaci\u00f3n y la comunicaci\u00f3n (TIC) y congela las tarifas de la telefon\u00eda fija, celular, internet y televisi\u00f3n paga.\" \/>\n<meta property=\"og:url\" content=\"https:\/\/informelitoral.com.ar\/aprobacion-del-senado-empresas-de-telefonia-internet-y-cable-no-podran-aumentar-sin-autorizacion\/\" \/>\n<meta property=\"og:site_name\" content=\"Informe Litoral\" \/>\n<meta property=\"article:publisher\" content=\"https:\/\/www.facebook.com\/informelitoral\/\" \/>\n<meta property=\"article:published_time\" content=\"2020-09-04T11:24:59+00:00\" \/>\n<meta property=\"og:image\" content=\"https:\/\/informelitoral.com.ar\/%77%70%2d%63%6f%6e%74%65%6e%74\/uploads\/2020\/09\/0038020740.jpeg\" \/>\n\t<meta property=\"og:image:width\" content=\"690\" \/>\n\t<meta property=\"og:image:height\" content=\"460\" \/>\n\t<meta property=\"og:image:type\" content=\"image\/jpeg\" \/>\n<meta name=\"author\" content=\"Gonzalo Schmidt\" \/>\n<meta name=\"twitter:card\" content=\"summary_large_image\" \/>\n<meta name=\"twitter:creator\" content=\"@InformeLitoral\" \/>\n<meta name=\"twitter:site\" content=\"@InformeLitoral\" \/>\n<meta name=\"twitter:label1\" content=\"Escrito por\" \/>\n\t<meta name=\"twitter:data1\" content=\"Gonzalo Schmidt\" \/>\n\t<meta name=\"twitter:label2\" content=\"Tiempo de lectura\" \/>\n\t<meta name=\"twitter:data2\" content=\"7 minutos\" \/>\n<script type=\"application\/ld+json\" class=\"yoast-schema-graph\">{\"@context\":\"https:\\\/\\\/schema.org\",\"@graph\":[{\"@type\":\"Article\",\"@id\":\"https:\\\/\\\/informelitoral.com.ar\\\/aprobacion-del-senado-empresas-de-telefonia-internet-y-cable-no-podran-aumentar-sin-autorizacion\\\/#article\",\"isPartOf\":{\"@id\":\"https:\\\/\\\/informelitoral.com.ar\\\/aprobacion-del-senado-empresas-de-telefonia-internet-y-cable-no-podran-aumentar-sin-autorizacion\\\/\"},\"author\":{\"name\":\"Gonzalo Schmidt\",\"@id\":\"https:\\\/\\\/informelitoral.com.ar\\\/#\\\/schema\\\/person\\\/b9d00407c836482871ef1d57bf8e3180\"},\"headline\":\"Aprobaci\u00f3n del Senado: empresas de telefon\u00eda, internet y cable no podr\u00e1n aumentar sin autorizaci\u00f3n\",\"datePublished\":\"2020-09-04T11:24:59+00:00\",\"mainEntityOfPage\":{\"@id\":\"https:\\\/\\\/informelitoral.com.ar\\\/aprobacion-del-senado-empresas-de-telefonia-internet-y-cable-no-podran-aumentar-sin-autorizacion\\\/\"},\"wordCount\":1472,\"commentCount\":0,\"publisher\":{\"@id\":\"https:\\\/\\\/informelitoral.com.ar\\\/#organization\"},\"image\":{\"@id\":\"https:\\\/\\\/informelitoral.com.ar\\\/aprobacion-del-senado-empresas-de-telefonia-internet-y-cable-no-podran-aumentar-sin-autorizacion\\\/#primaryimage\"},\"thumbnailUrl\":\"https:\\\/\\\/informelitoral.com.ar\\\/%77%70%2d%63%6f%6e%74%65%6e%74\\\/uploads\\\/2020\\\/09\\\/0038020740.jpeg\",\"articleSection\":[\"Politica\"],\"inLanguage\":\"es\",\"potentialAction\":[{\"@type\":\"CommentAction\",\"name\":\"Comment\",\"target\":[\"https:\\\/\\\/informelitoral.com.ar\\\/aprobacion-del-senado-empresas-de-telefonia-internet-y-cable-no-podran-aumentar-sin-autorizacion\\\/#respond\"]}]},{\"@type\":\"WebPage\",\"@id\":\"https:\\\/\\\/informelitoral.com.ar\\\/aprobacion-del-senado-empresas-de-telefonia-internet-y-cable-no-podran-aumentar-sin-autorizacion\\\/\",\"url\":\"https:\\\/\\\/informelitoral.com.ar\\\/aprobacion-del-senado-empresas-de-telefonia-internet-y-cable-no-podran-aumentar-sin-autorizacion\\\/\",\"name\":\"Aprobaci\u00f3n del Senado: empresas de telefon\u00eda, internet y cable no podr\u00e1n aumentar sin autorizaci\u00f3n - Informe Litoral\",\"isPartOf\":{\"@id\":\"https:\\\/\\\/informelitoral.com.ar\\\/#website\"},\"primaryImageOfPage\":{\"@id\":\"https:\\\/\\\/informelitoral.com.ar\\\/aprobacion-del-senado-empresas-de-telefonia-internet-y-cable-no-podran-aumentar-sin-autorizacion\\\/#primaryimage\"},\"image\":{\"@id\":\"https:\\\/\\\/informelitoral.com.ar\\\/aprobacion-del-senado-empresas-de-telefonia-internet-y-cable-no-podran-aumentar-sin-autorizacion\\\/#primaryimage\"},\"thumbnailUrl\":\"https:\\\/\\\/informelitoral.com.ar\\\/%77%70%2d%63%6f%6e%74%65%6e%74\\\/uploads\\\/2020\\\/09\\\/0038020740.jpeg\",\"datePublished\":\"2020-09-04T11:24:59+00:00\",\"breadcrumb\":{\"@id\":\"https:\\\/\\\/informelitoral.com.ar\\\/aprobacion-del-senado-empresas-de-telefonia-internet-y-cable-no-podran-aumentar-sin-autorizacion\\\/#breadcrumb\"},\"inLanguage\":\"es\",\"potentialAction\":[{\"@type\":\"ReadAction\",\"target\":[\"https:\\\/\\\/informelitoral.com.ar\\\/aprobacion-del-senado-empresas-de-telefonia-internet-y-cable-no-podran-aumentar-sin-autorizacion\\\/\"]}]},{\"@type\":\"ImageObject\",\"inLanguage\":\"es\",\"@id\":\"https:\\\/\\\/informelitoral.com.ar\\\/aprobacion-del-senado-empresas-de-telefonia-internet-y-cable-no-podran-aumentar-sin-autorizacion\\\/#primaryimage\",\"url\":\"https:\\\/\\\/informelitoral.com.ar\\\/%77%70%2d%63%6f%6e%74%65%6e%74\\\/uploads\\\/2020\\\/09\\\/0038020740.jpeg\",\"contentUrl\":\"https:\\\/\\\/informelitoral.com.ar\\\/%77%70%2d%63%6f%6e%74%65%6e%74\\\/uploads\\\/2020\\\/09\\\/0038020740.jpeg\",\"width\":690,\"height\":460},{\"@type\":\"BreadcrumbList\",\"@id\":\"https:\\\/\\\/informelitoral.com.ar\\\/aprobacion-del-senado-empresas-de-telefonia-internet-y-cable-no-podran-aumentar-sin-autorizacion\\\/#breadcrumb\",\"itemListElement\":[{\"@type\":\"ListItem\",\"position\":1,\"name\":\"Portada\",\"item\":\"https:\\\/\\\/informelitoral.com.ar\\\/\"},{\"@type\":\"ListItem\",\"position\":2,\"name\":\"Aprobaci\u00f3n del Senado: empresas de telefon\u00eda, internet y cable no podr\u00e1n aumentar sin autorizaci\u00f3n\"}]},{\"@type\":\"WebSite\",\"@id\":\"https:\\\/\\\/informelitoral.com.ar\\\/#website\",\"url\":\"https:\\\/\\\/informelitoral.com.ar\\\/\",\"name\":\"Informe Litoral\",\"description\":\"&quot;Nos informamos&quot; \",\"publisher\":{\"@id\":\"https:\\\/\\\/informelitoral.com.ar\\\/#organization\"},\"potentialAction\":[{\"@type\":\"SearchAction\",\"target\":{\"@type\":\"EntryPoint\",\"urlTemplate\":\"https:\\\/\\\/informelitoral.com.ar\\\/?s={search_term_string}\"},\"query-input\":{\"@type\":\"PropertyValueSpecification\",\"valueRequired\":true,\"valueName\":\"search_term_string\"}}],\"inLanguage\":\"es\"},{\"@type\":\"Organization\",\"@id\":\"https:\\\/\\\/informelitoral.com.ar\\\/#organization\",\"name\":\"Informe Litoral\",\"url\":\"https:\\\/\\\/informelitoral.com.ar\\\/\",\"logo\":{\"@type\":\"ImageObject\",\"inLanguage\":\"es\",\"@id\":\"https:\\\/\\\/informelitoral.com.ar\\\/#\\\/schema\\\/logo\\\/image\\\/\",\"url\":\"https:\\\/\\\/informelitoral.com.ar\\\/%77%70%2d%63%6f%6e%74%65%6e%74\\\/uploads\\\/2021\\\/01\\\/circulo.png\",\"contentUrl\":\"https:\\\/\\\/informelitoral.com.ar\\\/%77%70%2d%63%6f%6e%74%65%6e%74\\\/uploads\\\/2021\\\/01\\\/circulo.png\",\"width\":723,\"height\":731,\"caption\":\"Informe Litoral\"},\"image\":{\"@id\":\"https:\\\/\\\/informelitoral.com.ar\\\/#\\\/schema\\\/logo\\\/image\\\/\"},\"sameAs\":[\"https:\\\/\\\/www.facebook.com\\\/informelitoral\\\/\",\"https:\\\/\\\/x.com\\\/InformeLitoral\",\"https:\\\/\\\/www.instagram.com\\\/informelitoral\\\/\",\"https:\\\/\\\/www.youtube.com\\\/channel\\\/UCua4Qvz8Icb6MYqhoq9xLXw\"]},{\"@type\":\"Person\",\"@id\":\"https:\\\/\\\/informelitoral.com.ar\\\/#\\\/schema\\\/person\\\/b9d00407c836482871ef1d57bf8e3180\",\"name\":\"Gonzalo Schmidt\",\"image\":{\"@type\":\"ImageObject\",\"inLanguage\":\"es\",\"@id\":\"https:\\\/\\\/secure.gravatar.com\\\/avatar\\\/31a1a7b66ff2de83bd0e9fd79d026630d2d99e55e8bfe501287647b4fd9743de?s=96&d=mm&r=g\",\"url\":\"https:\\\/\\\/secure.gravatar.com\\\/avatar\\\/31a1a7b66ff2de83bd0e9fd79d026630d2d99e55e8bfe501287647b4fd9743de?s=96&d=mm&r=g\",\"contentUrl\":\"https:\\\/\\\/secure.gravatar.com\\\/avatar\\\/31a1a7b66ff2de83bd0e9fd79d026630d2d99e55e8bfe501287647b4fd9743de?s=96&d=mm&r=g\",\"caption\":\"Gonzalo Schmidt\"},\"description\":\"Sitio web de noticias de la provincia de Entre R\u00edos, Argentina. Informaci\u00f3n y entretenimiento. Informe Litoral, nos informamos.\",\"sameAs\":[\"http:\\\/\\\/www.isletasnoticias.com.ar\"],\"url\":\"https:\\\/\\\/informelitoral.com.ar\\\/author\\\/gonzalo\\\/\"}]}<\/script>","yoast_head_json":{"title":"Aprobaci\u00f3n del Senado: empresas de telefon\u00eda, internet y cable no podr\u00e1n aumentar sin autorizaci\u00f3n - Informe Litoral","robots":{"index":"index","follow":"follow","max-snippet":"max-snippet:-1","max-image-preview":"max-image-preview:large","max-video-preview":"max-video-preview:-1"},"canonical":"https:\/\/informelitoral.com.ar\/aprobacion-del-senado-empresas-de-telefonia-internet-y-cable-no-podran-aumentar-sin-autorizacion\/","og_locale":"es_ES","og_type":"article","og_title":"Aprobaci\u00f3n del Senado: empresas de telefon\u00eda, internet y cable no podr\u00e1n aumentar sin autorizaci\u00f3n - Informe Litoral","og_description":"El DNU de Telecomunicaciones declara servicio esencial a tecnolog\u00edas de la informaci\u00f3n y la comunicaci\u00f3n (TIC) y congela las tarifas de la telefon\u00eda fija, celular, internet y televisi\u00f3n paga.","og_url":"https:\/\/informelitoral.com.ar\/aprobacion-del-senado-empresas-de-telefonia-internet-y-cable-no-podran-aumentar-sin-autorizacion\/","og_site_name":"Informe Litoral","article_publisher":"https:\/\/www.facebook.com\/informelitoral\/","article_published_time":"2020-09-04T11:24:59+00:00","og_image":[{"width":690,"height":460,"url":"https:\/\/informelitoral.com.ar\/%77%70%2d%63%6f%6e%74%65%6e%74\/uploads\/2020\/09\/0038020740.jpeg","type":"image\/jpeg"}],"author":"Gonzalo Schmidt","twitter_card":"summary_large_image","twitter_creator":"@InformeLitoral","twitter_site":"@InformeLitoral","twitter_misc":{"Escrito por":"Gonzalo Schmidt","Tiempo de lectura":"7 minutos"},"schema":{"@context":"https:\/\/schema.org","@graph":[{"@type":"Article","@id":"https:\/\/informelitoral.com.ar\/aprobacion-del-senado-empresas-de-telefonia-internet-y-cable-no-podran-aumentar-sin-autorizacion\/#article","isPartOf":{"@id":"https:\/\/informelitoral.com.ar\/aprobacion-del-senado-empresas-de-telefonia-internet-y-cable-no-podran-aumentar-sin-autorizacion\/"},"author":{"name":"Gonzalo Schmidt","@id":"https:\/\/informelitoral.com.ar\/#\/schema\/person\/b9d00407c836482871ef1d57bf8e3180"},"headline":"Aprobaci\u00f3n del Senado: empresas de telefon\u00eda, internet y cable no podr\u00e1n aumentar sin autorizaci\u00f3n","datePublished":"2020-09-04T11:24:59+00:00","mainEntityOfPage":{"@id":"https:\/\/informelitoral.com.ar\/aprobacion-del-senado-empresas-de-telefonia-internet-y-cable-no-podran-aumentar-sin-autorizacion\/"},"wordCount":1472,"commentCount":0,"publisher":{"@id":"https:\/\/informelitoral.com.ar\/#organization"},"image":{"@id":"https:\/\/informelitoral.com.ar\/aprobacion-del-senado-empresas-de-telefonia-internet-y-cable-no-podran-aumentar-sin-autorizacion\/#primaryimage"},"thumbnailUrl":"https:\/\/informelitoral.com.ar\/%77%70%2d%63%6f%6e%74%65%6e%74\/uploads\/2020\/09\/0038020740.jpeg","articleSection":["Politica"],"inLanguage":"es","potentialAction":[{"@type":"CommentAction","name":"Comment","target":["https:\/\/informelitoral.com.ar\/aprobacion-del-senado-empresas-de-telefonia-internet-y-cable-no-podran-aumentar-sin-autorizacion\/#respond"]}]},{"@type":"WebPage","@id":"https:\/\/informelitoral.com.ar\/aprobacion-del-senado-empresas-de-telefonia-internet-y-cable-no-podran-aumentar-sin-autorizacion\/","url":"https:\/\/informelitoral.com.ar\/aprobacion-del-senado-empresas-de-telefonia-internet-y-cable-no-podran-aumentar-sin-autorizacion\/","name":"Aprobaci\u00f3n del Senado: empresas de telefon\u00eda, internet y cable no podr\u00e1n aumentar sin autorizaci\u00f3n - Informe Litoral","isPartOf":{"@id":"https:\/\/informelitoral.com.ar\/#website"},"primaryImageOfPage":{"@id":"https:\/\/informelitoral.com.ar\/aprobacion-del-senado-empresas-de-telefonia-internet-y-cable-no-podran-aumentar-sin-autorizacion\/#primaryimage"},"image":{"@id":"https:\/\/informelitoral.com.ar\/aprobacion-del-senado-empresas-de-telefonia-internet-y-cable-no-podran-aumentar-sin-autorizacion\/#primaryimage"},"thumbnailUrl":"https:\/\/informelitoral.com.ar\/%77%70%2d%63%6f%6e%74%65%6e%74\/uploads\/2020\/09\/0038020740.jpeg","datePublished":"2020-09-04T11:24:59+00:00","breadcrumb":{"@id":"https:\/\/informelitoral.com.ar\/aprobacion-del-senado-empresas-de-telefonia-internet-y-cable-no-podran-aumentar-sin-autorizacion\/#breadcrumb"},"inLanguage":"es","potentialAction":[{"@type":"ReadAction","target":["https:\/\/informelitoral.com.ar\/aprobacion-del-senado-empresas-de-telefonia-internet-y-cable-no-podran-aumentar-sin-autorizacion\/"]}]},{"@type":"ImageObject","inLanguage":"es","@id":"https:\/\/informelitoral.com.ar\/aprobacion-del-senado-empresas-de-telefonia-internet-y-cable-no-podran-aumentar-sin-autorizacion\/#primaryimage","url":"https:\/\/informelitoral.com.ar\/%77%70%2d%63%6f%6e%74%65%6e%74\/uploads\/2020\/09\/0038020740.jpeg","contentUrl":"https:\/\/informelitoral.com.ar\/%77%70%2d%63%6f%6e%74%65%6e%74\/uploads\/2020\/09\/0038020740.jpeg","width":690,"height":460},{"@type":"BreadcrumbList","@id":"https:\/\/informelitoral.com.ar\/aprobacion-del-senado-empresas-de-telefonia-internet-y-cable-no-podran-aumentar-sin-autorizacion\/#breadcrumb","itemListElement":[{"@type":"ListItem","position":1,"name":"Portada","item":"https:\/\/informelitoral.com.ar\/"},{"@type":"ListItem","position":2,"name":"Aprobaci\u00f3n del Senado: empresas de telefon\u00eda, internet y cable no podr\u00e1n aumentar sin autorizaci\u00f3n"}]},{"@type":"WebSite","@id":"https:\/\/informelitoral.com.ar\/#website","url":"https:\/\/informelitoral.com.ar\/","name":"Informe Litoral","description":"&quot;Nos informamos&quot; ","publisher":{"@id":"https:\/\/informelitoral.com.ar\/#organization"},"potentialAction":[{"@type":"SearchAction","target":{"@type":"EntryPoint","urlTemplate":"https:\/\/informelitoral.com.ar\/?s={search_term_string}"},"query-input":{"@type":"PropertyValueSpecification","valueRequired":true,"valueName":"search_term_string"}}],"inLanguage":"es"},{"@type":"Organization","@id":"https:\/\/informelitoral.com.ar\/#organization","name":"Informe Litoral","url":"https:\/\/informelitoral.com.ar\/","logo":{"@type":"ImageObject","inLanguage":"es","@id":"https:\/\/informelitoral.com.ar\/#\/schema\/logo\/image\/","url":"https:\/\/informelitoral.com.ar\/%77%70%2d%63%6f%6e%74%65%6e%74\/uploads\/2021\/01\/circulo.png","contentUrl":"https:\/\/informelitoral.com.ar\/%77%70%2d%63%6f%6e%74%65%6e%74\/uploads\/2021\/01\/circulo.png","width":723,"height":731,"caption":"Informe Litoral"},"image":{"@id":"https:\/\/informelitoral.com.ar\/#\/schema\/logo\/image\/"},"sameAs":["https:\/\/www.facebook.com\/informelitoral\/","https:\/\/x.com\/InformeLitoral","https:\/\/www.instagram.com\/informelitoral\/","https:\/\/www.youtube.com\/channel\/UCua4Qvz8Icb6MYqhoq9xLXw"]},{"@type":"Person","@id":"https:\/\/informelitoral.com.ar\/#\/schema\/person\/b9d00407c836482871ef1d57bf8e3180","name":"Gonzalo Schmidt","image":{"@type":"ImageObject","inLanguage":"es","@id":"https:\/\/secure.gravatar.com\/avatar\/31a1a7b66ff2de83bd0e9fd79d026630d2d99e55e8bfe501287647b4fd9743de?s=96&d=mm&r=g","url":"https:\/\/secure.gravatar.com\/avatar\/31a1a7b66ff2de83bd0e9fd79d026630d2d99e55e8bfe501287647b4fd9743de?s=96&d=mm&r=g","contentUrl":"https:\/\/secure.gravatar.com\/avatar\/31a1a7b66ff2de83bd0e9fd79d026630d2d99e55e8bfe501287647b4fd9743de?s=96&d=mm&r=g","caption":"Gonzalo Schmidt"},"description":"Sitio web de noticias de la provincia de Entre R\u00edos, Argentina. Informaci\u00f3n y entretenimiento. Informe Litoral, nos informamos.","sameAs":["http:\/\/www.isletasnoticias.com.ar"],"url":"https:\/\/informelitoral.com.ar\/author\/gonzalo\/"}]}},"_links":{"self":[{"href":"https:\/\/informelitoral.com.ar\/%77%70%2d%6a%73%6f%6e\/wp\/v2\/posts\/48857","targetHints":{"allow":["GET"]}}],"collection":[{"href":"https:\/\/informelitoral.com.ar\/%77%70%2d%6a%73%6f%6e\/wp\/v2\/posts"}],"about":[{"href":"https:\/\/informelitoral.com.ar\/%77%70%2d%6a%73%6f%6e\/wp\/v2\/types\/post"}],"author":[{"embeddable":true,"href":"https:\/\/informelitoral.com.ar\/%77%70%2d%6a%73%6f%6e\/wp\/v2\/users\/2"}],"replies":[{"embeddable":true,"href":"https:\/\/informelitoral.com.ar\/%77%70%2d%6a%73%6f%6e\/wp\/v2\/comments?post=48857"}],"version-history":[{"count":0,"href":"https:\/\/informelitoral.com.ar\/%77%70%2d%6a%73%6f%6e\/wp\/v2\/posts\/48857\/revisions"}],"wp:featuredmedia":[{"embeddable":true,"href":"https:\/\/informelitoral.com.ar\/%77%70%2d%6a%73%6f%6e\/wp\/v2\/media\/48858"}],"wp:attachment":[{"href":"https:\/\/informelitoral.com.ar\/%77%70%2d%6a%73%6f%6e\/wp\/v2\/media?parent=48857"}],"wp:term":[{"taxonomy":"category","embeddable":true,"href":"https:\/\/informelitoral.com.ar\/%77%70%2d%6a%73%6f%6e\/wp\/v2\/categories?post=48857"},{"taxonomy":"post_tag","embeddable":true,"href":"https:\/\/informelitoral.com.ar\/%77%70%2d%6a%73%6f%6e\/wp\/v2\/tags?post=48857"}],"curies":[{"name":"wp","href":"https:\/\/api.w.org\/{rel}","templated":true}]}}