{"id":4883,"date":"2013-12-24T09:58:29","date_gmt":"2013-12-24T12:58:29","guid":{"rendered":"http:\/\/www.isletasnoticias.com.ar\/?p=4883"},"modified":"2013-12-24T09:59:30","modified_gmt":"2013-12-24T12:59:30","slug":"por-iniciativa-de-monge-delcararon-de-interes-al-libro-de-una-diamantina","status":"publish","type":"post","link":"https:\/\/informelitoral.com.ar\/por-iniciativa-de-monge-delcararon-de-interes-al-libro-de-una-diamantina\/","title":{"rendered":"Por iniciativa de Monge declararon \u00abde inter\u00e9s\u00bb al libro de una diamantina"},"content":{"rendered":"<div id=\"ecxyiv3136173409yui_3_13_0_ym1_1_1387831789199_12616\"><strong>El recientemente publicado \u00a0libro\u00a0<\/strong><strong>de poes\u00edas \u201cDesde el Alma\u201d, cuya autora es la diamantina\u00a0<em>Mar\u00eda Luisa Meza<\/em>\u00a0<\/strong><strong><em>Viera<\/em> ha sido \u201cdeclarado de inter\u00e9s\u201d por la C\u00e1mara de Diputados \u00a0en la \u00faltima sesi\u00f3n del a\u00f1o\u00a0<strong>de dicho cuerpo legislativo provincial.<\/strong><\/strong><\/div>\n<p><a href=\"http:\/\/www.isletasnoticias.com.ar\/%77%70%2d%63%6f%6e%74%65%6e%74\/uploads\/2013\/05\/50_Diputados-Monge.jpg\"><img loading=\"lazy\" decoding=\"async\" class=\"size-medium wp-image-1666 aligncenter\" alt=\"50_Diputados Monge\" src=\"http:\/\/www.isletasnoticias.com.ar\/%77%70%2d%63%6f%6e%74%65%6e%74\/uploads\/2013\/05\/50_Diputados-Monge-300x300.jpg\" width=\"300\" height=\"300\" srcset=\"https:\/\/informelitoral.com.ar\/%77%70%2d%63%6f%6e%74%65%6e%74\/uploads\/2013\/05\/50_Diputados-Monge-300x300.jpg 300w, https:\/\/informelitoral.com.ar\/%77%70%2d%63%6f%6e%74%65%6e%74\/uploads\/2013\/05\/50_Diputados-Monge-150x150.jpg 150w, https:\/\/informelitoral.com.ar\/%77%70%2d%63%6f%6e%74%65%6e%74\/uploads\/2013\/05\/50_Diputados-Monge-1024x1024.jpg 1024w, https:\/\/informelitoral.com.ar\/%77%70%2d%63%6f%6e%74%65%6e%74\/uploads\/2013\/05\/50_Diputados-Monge.jpg 1457w\" sizes=\"auto, (max-width: 300px) 100vw, 300px\" \/><\/a><\/p>\n<div id=\"ecxyiv3136173409yui_3_13_0_ym1_1_1387831789199_12616\">En los fundamentos del proyecto se hace alusi\u00f3n a que dicha publicaci\u00f3n es un hecho relevante para la cultura de la ciudad de Diamante que merece destacarse y respaldarse desde la C\u00e1mara de Diputados. La autora, oriunda de Federal, desde hace casi cuatro d\u00e9cadas est\u00e1 radicada en la ciudad de Diamante, y \u201cDesde el Alma\u201d, \u00a0su primera obra, \u00a0\u00a0\u201ces la compilaci\u00f3n de destacados poemas de su autor\u00eda como tambi\u00e9n la culminaci\u00f3n de un trabajo silencioso y sutil, que fue desarrollando a lo largo de los a\u00f1os y que decidi\u00f3 compartir con los lectores a partir de esta publicaci\u00f3n\u201d.<\/div>\n<div><\/div>\n<div>M\u00e1s adelante el legislador diamantino destac\u00f3 que \u201cDesde el Alma\u201d \u201ces una obra c\u00e1lida, en ella se re\u00fane un amplio repertorio de poemas que reflejan distintos sentimientos y por el cual se pueden descifrar diversos mensajes. \u00a0A su vez permite que por medio de ellos podamos recorrer ciudades y paisajes, los seres queridos y los momentos relevantes de su vida, as\u00ed como tambi\u00e9n conocer en profundidad la dimensi\u00f3n humana de su autora\u201d.<\/div>\n<div><\/div>\n<div>Por \u00faltimo Monge sostuvo que como la ha hecho en otras oportunidades y con otras publicaciones \u201ccorresponde destacar y valorizar las expresiones culturales de nuestro pueblo, en especial cuando se trata del h\u00e1bito de la escritura de textos, como una tarea mediante la cual\u00a0\u00a0 las personas encuentran el modo acorde para expresar sus sue\u00f1os, sus vivencias y tambi\u00e9n sus sentimientos\u201d.<\/div>\n<p>[Descargar &#8212;&gt;&gt;\u00a0<a href=\"http:\/\/www.isletasnoticias.com.ar\/%77%70%2d%63%6f%6e%74%65%6e%74\/uploads\/2013\/12\/Proy-declaraci\u00f3n-libro-Ma-Luisa-Meza-Viera..doc\">Proy declaraci\u00f3n libro Ma Luisa Meza Viera.<\/a>]<\/p>\n","protected":false},"excerpt":{"rendered":"<p>El recientemente publicado &nbsp;libro&nbsp;de poes&iacute;as &ldquo;Desde el Alma&rdquo;, cuya autora es la diamantina&nbsp;Mar&iacute;a Luisa Meza&nbsp;Viera ha sido &ldquo;declarado de inter&eacute;s&rdquo; por la C&aacute;mara de Diputados &nbsp;en la &uacute;ltima sesi&oacute;n del a&ntilde;o&nbsp;de dicho cuerpo legislativo provincial. En los fundamentos del proyecto se hace alusi&oacute;n a que dicha publicaci&oacute;n es un hecho relevante para la cultura de [&hellip;]<\/p>\n","protected":false},"author":2,"featured_media":0,"comment_status":"open","ping_status":"open","sticky":false,"template":"","format":"standard","meta":{"fifu_image_url":"","fifu_image_alt":"","footnotes":""},"categories":[5,6,16],"tags":[],"class_list":{"0":"post-4883","1":"post","2":"type-post","3":"status-publish","4":"format-standard","6":"category-zonales","7":"category-entre-rios","8":"category-politi"},"yoast_head":"<title>Por iniciativa de Monge declararon &quot;de inter\u00e9s&quot; al libro de una diamantina - Informe Litoral<\/title>\n<meta name=\"robots\" content=\"index, follow, max-snippet:-1, max-image-preview:large, max-video-preview:-1\" \/>\n<link rel=\"canonical\" href=\"https:\/\/informelitoral.com.ar\/por-iniciativa-de-monge-delcararon-de-interes-al-libro-de-una-diamantina\/\" \/>\n<meta property=\"og:locale\" content=\"es_ES\" \/>\n<meta property=\"og:type\" content=\"article\" \/>\n<meta property=\"og:title\" content=\"Por iniciativa de Monge declararon &quot;de inter\u00e9s&quot; al libro de una diamantina - Informe Litoral\" \/>\n<meta property=\"og:description\" content=\"El recientemente publicado &nbsp;libro&nbsp;de poes&iacute;as &ldquo;Desde el Alma&rdquo;, cuya autora es la diamantina&nbsp;Mar&iacute;a Luisa Meza&nbsp;Viera ha sido &ldquo;declarado de inter&eacute;s&rdquo; por la C&aacute;mara de Diputados &nbsp;en la &uacute;ltima sesi&oacute;n del a&ntilde;o&nbsp;de dicho cuerpo legislativo provincial. En los fundamentos del proyecto se hace alusi&oacute;n a que dicha publicaci&oacute;n es un hecho relevante para la cultura de [&hellip;]\" \/>\n<meta property=\"og:url\" content=\"https:\/\/informelitoral.com.ar\/por-iniciativa-de-monge-delcararon-de-interes-al-libro-de-una-diamantina\/\" \/>\n<meta property=\"og:site_name\" content=\"Informe Litoral\" \/>\n<meta property=\"article:publisher\" content=\"https:\/\/www.facebook.com\/informelitoral\/\" \/>\n<meta property=\"article:published_time\" content=\"2013-12-24T12:58:29+00:00\" \/>\n<meta property=\"article:modified_time\" content=\"2013-12-24T12:59:30+00:00\" \/>\n<meta property=\"og:image\" content=\"https:\/\/informelitoral.com.ar\/%77%70%2d%63%6f%6e%74%65%6e%74\/uploads\/2013\/05\/50_Diputados-Monge.jpg\" \/>\n\t<meta property=\"og:image:width\" content=\"1457\" \/>\n\t<meta property=\"og:image:height\" content=\"1457\" \/>\n\t<meta property=\"og:image:type\" content=\"image\/jpeg\" \/>\n<meta name=\"author\" content=\"Gonzalo Schmidt\" \/>\n<meta name=\"twitter:card\" content=\"summary_large_image\" \/>\n<meta name=\"twitter:creator\" content=\"@InformeLitoral\" \/>\n<meta name=\"twitter:site\" content=\"@InformeLitoral\" \/>\n<meta name=\"twitter:label1\" content=\"Escrito por\" \/>\n\t<meta name=\"twitter:data1\" content=\"Gonzalo Schmidt\" \/>\n\t<meta name=\"twitter:label2\" content=\"Tiempo de lectura\" \/>\n\t<meta name=\"twitter:data2\" content=\"2 minutos\" \/>\n<script type=\"application\/ld+json\" class=\"yoast-schema-graph\">{\"@context\":\"https:\\\/\\\/schema.org\",\"@graph\":[{\"@type\":\"Article\",\"@id\":\"https:\\\/\\\/informelitoral.com.ar\\\/por-iniciativa-de-monge-delcararon-de-interes-al-libro-de-una-diamantina\\\/#article\",\"isPartOf\":{\"@id\":\"https:\\\/\\\/informelitoral.com.ar\\\/por-iniciativa-de-monge-delcararon-de-interes-al-libro-de-una-diamantina\\\/\"},\"author\":{\"name\":\"Gonzalo Schmidt\",\"@id\":\"https:\\\/\\\/informelitoral.com.ar\\\/#\\\/schema\\\/person\\\/b9d00407c836482871ef1d57bf8e3180\"},\"headline\":\"Por iniciativa de Monge declararon \u00abde inter\u00e9s\u00bb al libro de una diamantina\",\"datePublished\":\"2013-12-24T12:58:29+00:00\",\"dateModified\":\"2013-12-24T12:59:30+00:00\",\"mainEntityOfPage\":{\"@id\":\"https:\\\/\\\/informelitoral.com.ar\\\/por-iniciativa-de-monge-delcararon-de-interes-al-libro-de-una-diamantina\\\/\"},\"wordCount\":318,\"commentCount\":0,\"publisher\":{\"@id\":\"https:\\\/\\\/informelitoral.com.ar\\\/#organization\"},\"image\":{\"@id\":\"https:\\\/\\\/informelitoral.com.ar\\\/por-iniciativa-de-monge-delcararon-de-interes-al-libro-de-una-diamantina\\\/#primaryimage\"},\"thumbnailUrl\":\"http:\\\/\\\/www.isletasnoticias.com.ar\\\/%77%70%2d%63%6f%6e%74%65%6e%74\\\/uploads\\\/2013\\\/05\\\/50_Diputados-Monge-300x300.jpg\",\"articleSection\":[\"Departamento Diamante\",\"Entre R\u00edos\",\"Politica\"],\"inLanguage\":\"es\",\"potentialAction\":[{\"@type\":\"CommentAction\",\"name\":\"Comment\",\"target\":[\"https:\\\/\\\/informelitoral.com.ar\\\/por-iniciativa-de-monge-delcararon-de-interes-al-libro-de-una-diamantina\\\/#respond\"]}]},{\"@type\":\"WebPage\",\"@id\":\"https:\\\/\\\/informelitoral.com.ar\\\/por-iniciativa-de-monge-delcararon-de-interes-al-libro-de-una-diamantina\\\/\",\"url\":\"https:\\\/\\\/informelitoral.com.ar\\\/por-iniciativa-de-monge-delcararon-de-interes-al-libro-de-una-diamantina\\\/\",\"name\":\"Por iniciativa de Monge declararon \\\"de inter\u00e9s\\\" al libro de una diamantina - Informe Litoral\",\"isPartOf\":{\"@id\":\"https:\\\/\\\/informelitoral.com.ar\\\/#website\"},\"primaryImageOfPage\":{\"@id\":\"https:\\\/\\\/informelitoral.com.ar\\\/por-iniciativa-de-monge-delcararon-de-interes-al-libro-de-una-diamantina\\\/#primaryimage\"},\"image\":{\"@id\":\"https:\\\/\\\/informelitoral.com.ar\\\/por-iniciativa-de-monge-delcararon-de-interes-al-libro-de-una-diamantina\\\/#primaryimage\"},\"thumbnailUrl\":\"http:\\\/\\\/www.isletasnoticias.com.ar\\\/%77%70%2d%63%6f%6e%74%65%6e%74\\\/uploads\\\/2013\\\/05\\\/50_Diputados-Monge-300x300.jpg\",\"datePublished\":\"2013-12-24T12:58:29+00:00\",\"dateModified\":\"2013-12-24T12:59:30+00:00\",\"breadcrumb\":{\"@id\":\"https:\\\/\\\/informelitoral.com.ar\\\/por-iniciativa-de-monge-delcararon-de-interes-al-libro-de-una-diamantina\\\/#breadcrumb\"},\"inLanguage\":\"es\",\"potentialAction\":[{\"@type\":\"ReadAction\",\"target\":[\"https:\\\/\\\/informelitoral.com.ar\\\/por-iniciativa-de-monge-delcararon-de-interes-al-libro-de-una-diamantina\\\/\"]}]},{\"@type\":\"ImageObject\",\"inLanguage\":\"es\",\"@id\":\"https:\\\/\\\/informelitoral.com.ar\\\/por-iniciativa-de-monge-delcararon-de-interes-al-libro-de-una-diamantina\\\/#primaryimage\",\"url\":\"http:\\\/\\\/www.isletasnoticias.com.ar\\\/%77%70%2d%63%6f%6e%74%65%6e%74\\\/uploads\\\/2013\\\/05\\\/50_Diputados-Monge-300x300.jpg\",\"contentUrl\":\"http:\\\/\\\/www.isletasnoticias.com.ar\\\/%77%70%2d%63%6f%6e%74%65%6e%74\\\/uploads\\\/2013\\\/05\\\/50_Diputados-Monge-300x300.jpg\"},{\"@type\":\"BreadcrumbList\",\"@id\":\"https:\\\/\\\/informelitoral.com.ar\\\/por-iniciativa-de-monge-delcararon-de-interes-al-libro-de-una-diamantina\\\/#breadcrumb\",\"itemListElement\":[{\"@type\":\"ListItem\",\"position\":1,\"name\":\"Portada\",\"item\":\"https:\\\/\\\/informelitoral.com.ar\\\/\"},{\"@type\":\"ListItem\",\"position\":2,\"name\":\"Por iniciativa de Monge declararon \u00abde inter\u00e9s\u00bb al libro de una diamantina\"}]},{\"@type\":\"WebSite\",\"@id\":\"https:\\\/\\\/informelitoral.com.ar\\\/#website\",\"url\":\"https:\\\/\\\/informelitoral.com.ar\\\/\",\"name\":\"Informe Litoral\",\"description\":\"&quot;Nos informamos&quot; \",\"publisher\":{\"@id\":\"https:\\\/\\\/informelitoral.com.ar\\\/#organization\"},\"potentialAction\":[{\"@type\":\"SearchAction\",\"target\":{\"@type\":\"EntryPoint\",\"urlTemplate\":\"https:\\\/\\\/informelitoral.com.ar\\\/?s={search_term_string}\"},\"query-input\":{\"@type\":\"PropertyValueSpecification\",\"valueRequired\":true,\"valueName\":\"search_term_string\"}}],\"inLanguage\":\"es\"},{\"@type\":\"Organization\",\"@id\":\"https:\\\/\\\/informelitoral.com.ar\\\/#organization\",\"name\":\"Informe Litoral\",\"url\":\"https:\\\/\\\/informelitoral.com.ar\\\/\",\"logo\":{\"@type\":\"ImageObject\",\"inLanguage\":\"es\",\"@id\":\"https:\\\/\\\/informelitoral.com.ar\\\/#\\\/schema\\\/logo\\\/image\\\/\",\"url\":\"https:\\\/\\\/informelitoral.com.ar\\\/%77%70%2d%63%6f%6e%74%65%6e%74\\\/uploads\\\/2021\\\/01\\\/circulo.png\",\"contentUrl\":\"https:\\\/\\\/informelitoral.com.ar\\\/%77%70%2d%63%6f%6e%74%65%6e%74\\\/uploads\\\/2021\\\/01\\\/circulo.png\",\"width\":723,\"height\":731,\"caption\":\"Informe Litoral\"},\"image\":{\"@id\":\"https:\\\/\\\/informelitoral.com.ar\\\/#\\\/schema\\\/logo\\\/image\\\/\"},\"sameAs\":[\"https:\\\/\\\/www.facebook.com\\\/informelitoral\\\/\",\"https:\\\/\\\/x.com\\\/InformeLitoral\",\"https:\\\/\\\/www.instagram.com\\\/informelitoral\\\/\",\"https:\\\/\\\/www.youtube.com\\\/channel\\\/UCua4Qvz8Icb6MYqhoq9xLXw\"]},{\"@type\":\"Person\",\"@id\":\"https:\\\/\\\/informelitoral.com.ar\\\/#\\\/schema\\\/person\\\/b9d00407c836482871ef1d57bf8e3180\",\"name\":\"Gonzalo Schmidt\",\"image\":{\"@type\":\"ImageObject\",\"inLanguage\":\"es\",\"@id\":\"https:\\\/\\\/secure.gravatar.com\\\/avatar\\\/31a1a7b66ff2de83bd0e9fd79d026630d2d99e55e8bfe501287647b4fd9743de?s=96&d=mm&r=g\",\"url\":\"https:\\\/\\\/secure.gravatar.com\\\/avatar\\\/31a1a7b66ff2de83bd0e9fd79d026630d2d99e55e8bfe501287647b4fd9743de?s=96&d=mm&r=g\",\"contentUrl\":\"https:\\\/\\\/secure.gravatar.com\\\/avatar\\\/31a1a7b66ff2de83bd0e9fd79d026630d2d99e55e8bfe501287647b4fd9743de?s=96&d=mm&r=g\",\"caption\":\"Gonzalo Schmidt\"},\"description\":\"Sitio web de noticias de la provincia de Entre R\u00edos, Argentina. Informaci\u00f3n y entretenimiento. Informe Litoral, nos informamos.\",\"sameAs\":[\"http:\\\/\\\/www.isletasnoticias.com.ar\"],\"url\":\"https:\\\/\\\/informelitoral.com.ar\\\/author\\\/gonzalo\\\/\"}]}<\/script>","yoast_head_json":{"title":"Por iniciativa de Monge declararon \"de inter\u00e9s\" al libro de una diamantina - Informe Litoral","robots":{"index":"index","follow":"follow","max-snippet":"max-snippet:-1","max-image-preview":"max-image-preview:large","max-video-preview":"max-video-preview:-1"},"canonical":"https:\/\/informelitoral.com.ar\/por-iniciativa-de-monge-delcararon-de-interes-al-libro-de-una-diamantina\/","og_locale":"es_ES","og_type":"article","og_title":"Por iniciativa de Monge declararon \"de inter\u00e9s\" al libro de una diamantina - Informe Litoral","og_description":"El recientemente publicado &nbsp;libro&nbsp;de poes&iacute;as &ldquo;Desde el Alma&rdquo;, cuya autora es la diamantina&nbsp;Mar&iacute;a Luisa Meza&nbsp;Viera ha sido &ldquo;declarado de inter&eacute;s&rdquo; por la C&aacute;mara de Diputados &nbsp;en la &uacute;ltima sesi&oacute;n del a&ntilde;o&nbsp;de dicho cuerpo legislativo provincial. En los fundamentos del proyecto se hace alusi&oacute;n a que dicha publicaci&oacute;n es un hecho relevante para la cultura de [&hellip;]","og_url":"https:\/\/informelitoral.com.ar\/por-iniciativa-de-monge-delcararon-de-interes-al-libro-de-una-diamantina\/","og_site_name":"Informe Litoral","article_publisher":"https:\/\/www.facebook.com\/informelitoral\/","article_published_time":"2013-12-24T12:58:29+00:00","article_modified_time":"2013-12-24T12:59:30+00:00","og_image":[{"width":1457,"height":1457,"url":"https:\/\/informelitoral.com.ar\/%77%70%2d%63%6f%6e%74%65%6e%74\/uploads\/2013\/05\/50_Diputados-Monge.jpg","type":"image\/jpeg"}],"author":"Gonzalo Schmidt","twitter_card":"summary_large_image","twitter_creator":"@InformeLitoral","twitter_site":"@InformeLitoral","twitter_misc":{"Escrito por":"Gonzalo Schmidt","Tiempo de lectura":"2 minutos"},"schema":{"@context":"https:\/\/schema.org","@graph":[{"@type":"Article","@id":"https:\/\/informelitoral.com.ar\/por-iniciativa-de-monge-delcararon-de-interes-al-libro-de-una-diamantina\/#article","isPartOf":{"@id":"https:\/\/informelitoral.com.ar\/por-iniciativa-de-monge-delcararon-de-interes-al-libro-de-una-diamantina\/"},"author":{"name":"Gonzalo Schmidt","@id":"https:\/\/informelitoral.com.ar\/#\/schema\/person\/b9d00407c836482871ef1d57bf8e3180"},"headline":"Por iniciativa de Monge declararon \u00abde inter\u00e9s\u00bb al libro de una diamantina","datePublished":"2013-12-24T12:58:29+00:00","dateModified":"2013-12-24T12:59:30+00:00","mainEntityOfPage":{"@id":"https:\/\/informelitoral.com.ar\/por-iniciativa-de-monge-delcararon-de-interes-al-libro-de-una-diamantina\/"},"wordCount":318,"commentCount":0,"publisher":{"@id":"https:\/\/informelitoral.com.ar\/#organization"},"image":{"@id":"https:\/\/informelitoral.com.ar\/por-iniciativa-de-monge-delcararon-de-interes-al-libro-de-una-diamantina\/#primaryimage"},"thumbnailUrl":"http:\/\/www.isletasnoticias.com.ar\/%77%70%2d%63%6f%6e%74%65%6e%74\/uploads\/2013\/05\/50_Diputados-Monge-300x300.jpg","articleSection":["Departamento Diamante","Entre R\u00edos","Politica"],"inLanguage":"es","potentialAction":[{"@type":"CommentAction","name":"Comment","target":["https:\/\/informelitoral.com.ar\/por-iniciativa-de-monge-delcararon-de-interes-al-libro-de-una-diamantina\/#respond"]}]},{"@type":"WebPage","@id":"https:\/\/informelitoral.com.ar\/por-iniciativa-de-monge-delcararon-de-interes-al-libro-de-una-diamantina\/","url":"https:\/\/informelitoral.com.ar\/por-iniciativa-de-monge-delcararon-de-interes-al-libro-de-una-diamantina\/","name":"Por iniciativa de Monge declararon \"de inter\u00e9s\" al libro de una diamantina - Informe Litoral","isPartOf":{"@id":"https:\/\/informelitoral.com.ar\/#website"},"primaryImageOfPage":{"@id":"https:\/\/informelitoral.com.ar\/por-iniciativa-de-monge-delcararon-de-interes-al-libro-de-una-diamantina\/#primaryimage"},"image":{"@id":"https:\/\/informelitoral.com.ar\/por-iniciativa-de-monge-delcararon-de-interes-al-libro-de-una-diamantina\/#primaryimage"},"thumbnailUrl":"http:\/\/www.isletasnoticias.com.ar\/%77%70%2d%63%6f%6e%74%65%6e%74\/uploads\/2013\/05\/50_Diputados-Monge-300x300.jpg","datePublished":"2013-12-24T12:58:29+00:00","dateModified":"2013-12-24T12:59:30+00:00","breadcrumb":{"@id":"https:\/\/informelitoral.com.ar\/por-iniciativa-de-monge-delcararon-de-interes-al-libro-de-una-diamantina\/#breadcrumb"},"inLanguage":"es","potentialAction":[{"@type":"ReadAction","target":["https:\/\/informelitoral.com.ar\/por-iniciativa-de-monge-delcararon-de-interes-al-libro-de-una-diamantina\/"]}]},{"@type":"ImageObject","inLanguage":"es","@id":"https:\/\/informelitoral.com.ar\/por-iniciativa-de-monge-delcararon-de-interes-al-libro-de-una-diamantina\/#primaryimage","url":"http:\/\/www.isletasnoticias.com.ar\/%77%70%2d%63%6f%6e%74%65%6e%74\/uploads\/2013\/05\/50_Diputados-Monge-300x300.jpg","contentUrl":"http:\/\/www.isletasnoticias.com.ar\/%77%70%2d%63%6f%6e%74%65%6e%74\/uploads\/2013\/05\/50_Diputados-Monge-300x300.jpg"},{"@type":"BreadcrumbList","@id":"https:\/\/informelitoral.com.ar\/por-iniciativa-de-monge-delcararon-de-interes-al-libro-de-una-diamantina\/#breadcrumb","itemListElement":[{"@type":"ListItem","position":1,"name":"Portada","item":"https:\/\/informelitoral.com.ar\/"},{"@type":"ListItem","position":2,"name":"Por iniciativa de Monge declararon \u00abde inter\u00e9s\u00bb al libro de una diamantina"}]},{"@type":"WebSite","@id":"https:\/\/informelitoral.com.ar\/#website","url":"https:\/\/informelitoral.com.ar\/","name":"Informe Litoral","description":"&quot;Nos informamos&quot; ","publisher":{"@id":"https:\/\/informelitoral.com.ar\/#organization"},"potentialAction":[{"@type":"SearchAction","target":{"@type":"EntryPoint","urlTemplate":"https:\/\/informelitoral.com.ar\/?s={search_term_string}"},"query-input":{"@type":"PropertyValueSpecification","valueRequired":true,"valueName":"search_term_string"}}],"inLanguage":"es"},{"@type":"Organization","@id":"https:\/\/informelitoral.com.ar\/#organization","name":"Informe Litoral","url":"https:\/\/informelitoral.com.ar\/","logo":{"@type":"ImageObject","inLanguage":"es","@id":"https:\/\/informelitoral.com.ar\/#\/schema\/logo\/image\/","url":"https:\/\/informelitoral.com.ar\/%77%70%2d%63%6f%6e%74%65%6e%74\/uploads\/2021\/01\/circulo.png","contentUrl":"https:\/\/informelitoral.com.ar\/%77%70%2d%63%6f%6e%74%65%6e%74\/uploads\/2021\/01\/circulo.png","width":723,"height":731,"caption":"Informe Litoral"},"image":{"@id":"https:\/\/informelitoral.com.ar\/#\/schema\/logo\/image\/"},"sameAs":["https:\/\/www.facebook.com\/informelitoral\/","https:\/\/x.com\/InformeLitoral","https:\/\/www.instagram.com\/informelitoral\/","https:\/\/www.youtube.com\/channel\/UCua4Qvz8Icb6MYqhoq9xLXw"]},{"@type":"Person","@id":"https:\/\/informelitoral.com.ar\/#\/schema\/person\/b9d00407c836482871ef1d57bf8e3180","name":"Gonzalo Schmidt","image":{"@type":"ImageObject","inLanguage":"es","@id":"https:\/\/secure.gravatar.com\/avatar\/31a1a7b66ff2de83bd0e9fd79d026630d2d99e55e8bfe501287647b4fd9743de?s=96&d=mm&r=g","url":"https:\/\/secure.gravatar.com\/avatar\/31a1a7b66ff2de83bd0e9fd79d026630d2d99e55e8bfe501287647b4fd9743de?s=96&d=mm&r=g","contentUrl":"https:\/\/secure.gravatar.com\/avatar\/31a1a7b66ff2de83bd0e9fd79d026630d2d99e55e8bfe501287647b4fd9743de?s=96&d=mm&r=g","caption":"Gonzalo Schmidt"},"description":"Sitio web de noticias de la provincia de Entre R\u00edos, Argentina. Informaci\u00f3n y entretenimiento. Informe Litoral, nos informamos.","sameAs":["http:\/\/www.isletasnoticias.com.ar"],"url":"https:\/\/informelitoral.com.ar\/author\/gonzalo\/"}]}},"_links":{"self":[{"href":"https:\/\/informelitoral.com.ar\/%77%70%2d%6a%73%6f%6e\/wp\/v2\/posts\/4883","targetHints":{"allow":["GET"]}}],"collection":[{"href":"https:\/\/informelitoral.com.ar\/%77%70%2d%6a%73%6f%6e\/wp\/v2\/posts"}],"about":[{"href":"https:\/\/informelitoral.com.ar\/%77%70%2d%6a%73%6f%6e\/wp\/v2\/types\/post"}],"author":[{"embeddable":true,"href":"https:\/\/informelitoral.com.ar\/%77%70%2d%6a%73%6f%6e\/wp\/v2\/users\/2"}],"replies":[{"embeddable":true,"href":"https:\/\/informelitoral.com.ar\/%77%70%2d%6a%73%6f%6e\/wp\/v2\/comments?post=4883"}],"version-history":[{"count":0,"href":"https:\/\/informelitoral.com.ar\/%77%70%2d%6a%73%6f%6e\/wp\/v2\/posts\/4883\/revisions"}],"wp:attachment":[{"href":"https:\/\/informelitoral.com.ar\/%77%70%2d%6a%73%6f%6e\/wp\/v2\/media?parent=4883"}],"wp:term":[{"taxonomy":"category","embeddable":true,"href":"https:\/\/informelitoral.com.ar\/%77%70%2d%6a%73%6f%6e\/wp\/v2\/categories?post=4883"},{"taxonomy":"post_tag","embeddable":true,"href":"https:\/\/informelitoral.com.ar\/%77%70%2d%6a%73%6f%6e\/wp\/v2\/tags?post=4883"}],"curies":[{"name":"wp","href":"https:\/\/api.w.org\/{rel}","templated":true}]}}