{"id":4875,"date":"2013-12-24T09:14:55","date_gmt":"2013-12-24T12:14:55","guid":{"rendered":"http:\/\/www.isletasnoticias.com.ar\/?p=4875"},"modified":"2013-12-24T09:18:52","modified_gmt":"2013-12-24T12:18:52","slug":"coimas-en-el-senado-tras-el-fallo-que-absolvio-a-todos-de-la-rua-quiere-que-le-pidan-disculpas","status":"publish","type":"post","link":"https:\/\/informelitoral.com.ar\/coimas-en-el-senado-tras-el-fallo-que-absolvio-a-todos-de-la-rua-quiere-que-le-pidan-disculpas\/","title":{"rendered":"Coimas en el Senado: tras el fallo que absolvi\u00f3 a todos, De la R\u00faa quiere que le pidan \u00abdisculpas\u00bb"},"content":{"rendered":"<figure><strong>A horas de haber sido absuelto por la\u00a0Justicia\u00a0en la causa por el supuesto pago de sobornos en el\u00a0Senado\u00a0para la aprobaci\u00f3n de la Ley de Flexibilizaci\u00f3n Laboral en 2000, el ex presidente\u00a0<em>Fernando De la R\u00faa<\/em>\u00a0dijo que espera \u00abdisculpas\u00bb de parte de quienes\u00a0\u00abrepitieron la infamia de\u00a0<em>(Mario) Pontaquarto<\/em>\u00ab, el el ex secretario parlamentario que denunci\u00f3 el hecho y se present\u00f3 como el arrepentido.<\/strong><\/figure>\n<figure><img decoding=\"async\" title=\"\" alt=\"\" src=\"http:\/\/cdn01.ib.infobae.com\/adjuntos\/162\/imagenes\/010\/510\/0010510310.jpg\" data-src-s=\"http:\/\/cdn01.ib.infobae.com\/adjuntos\/162\/imagenes\/010\/510\/0010510308.jpg\" data-src-m=\"http:\/\/cdn01.ib.infobae.com\/adjuntos\/162\/imagenes\/010\/510\/0010510309.jpg\" data-src-l=\"http:\/\/cdn01.ib.infobae.com\/adjuntos\/162\/imagenes\/010\/510\/0010510310.jpg\" \/><\/figure>\n<p>\u00abEncontr\u00e9 el fallo sumamente claro sobre lo que ha pasado aqu\u00ed. Todo fue una infamia. La denuncia, insisto, fue inicio de un complot. Con una gran actitud de respeto a la Justicia, sufr\u00ed diez a\u00f1os de miserabilidad\u00bb, se\u00f1al\u00f3 el ex mandatario que dej\u00f3 el gobierno en medio de una crisis econ\u00f3mica y social sin precedentes, en 2001.<\/p>\n<p>Seg\u00fan su visi\u00f3n de los hechos, la causa form\u00f3 parte de un \u00abcomplot\u00bb generado para derribar su gesti\u00f3n, que logr\u00f3 primero una \u00abcrisis institucional\u00bb y m\u00e1s tarde su \u00abca\u00edda\u00bb.<\/p>\n<p>\u00abEl Tribunal -argument\u00f3- dice que el hecho investigado (el pago de coimas) no existi\u00f3. Califica como una afrenta a las instituciones haber hecho trajinar a ex un presidente, a ex senadores y ex ministros por tribunales en base a prueba inveros\u00edmil y mendaz\u00bb<\/p>\n<p>\u00abMi ex ministro de Trabajo (Alberto) Flamarique dijo que era un plan para debilitar al presidente y yo lo comparto. Est\u00e1 todo en el fallo. El Tribunal dice que el hecho investigado (el pago de coimas) no existi\u00f3. Califica como una afrenta a las instituciones haber hecho trajinar a ex un presidente, a ex senadores y ex ministros por tribunales en base a prueba inveros\u00edmil y mendaz\u00bb, sostuvo De la R\u00faa. Y a\u00f1adi\u00f3: \u00abLo interpreto como un pedido de disculpas a trav\u00e9s de la Justicia\u00bb.<\/p>\n<p>Sin embargo, al ex jefe de Estado que lleg\u00f3 al poder de la mano de la Alianza, imponi\u00e9ndose al dos veces presidente Carlos Sa\u00fal Menem en 1999, cree que todos aquellos que lo se\u00f1alaron todav\u00eda le deben un pedido de perd\u00f3n.<\/p>\n<p>\u00abEspero que los diputados que derogaron la ley de flexibilidad laboral y dijeron las peores cosas de mi, ahora pidan disculpas. Tambi\u00e9n de aquellos que repitieron la infamia de Pontaquarto, enga\u00f1ando a la sociedad\u00bb, dijo De la R\u00faa al diario Clar\u00edn.<\/p>\n<p>En tanto, del su ex vicepresidente, quien present\u00f3 su renuncia en 2000, en medio del esc\u00e1ndalo que despert\u00f3 la denuncia, espera \u00abun gesto de grandeza\u00bb. Y consider\u00f3 adem\u00e1s que su dimisi\u00f3n nada tuvo que ver con la causa de los sobornos.<\/p>\n<p>En el juicio oral, que comenz\u00f3 el 14 de agosto de 2012, el ex jefe de Estado fue acusado de ordenar el pago de sobornos a senadores opositores por 5 millones de pesos (unos 778.800 d\u00f3lares) para aprobar la ley laboral, indic\u00f3<em> Infobae.<\/em><\/p>\n<p>La fiscal Sabrina Namer hab\u00eda pedido seis a\u00f1os de c\u00e1rcel para De la R\u00faa por el supuesto delito de \u00abcohecho activo\u00bb. Mientras que la Oficina Anticorrupci\u00f3n, \u00fanica querellante, solicitaba seis a\u00f1os y medio de prisi\u00f3n.Tras el fallo, que absolvi\u00f3 a todos los acusados, De la R\u00faa dijo que \u00abel valor del fallo es que rescata la verdad\u00bb. \u00abLa condici\u00f3n humana es proclive a la mentira, por eso la verdad es un valor\u00bb, insisti\u00f3.<\/p>\n","protected":false},"excerpt":{"rendered":"<p>A horas de haber sido absuelto por la&nbsp;Justicia&nbsp;en la causa por el supuesto pago de sobornos en el&nbsp;Senado&nbsp;para la aprobaci&oacute;n de la Ley de Flexibilizaci&oacute;n Laboral en 2000, el ex presidente&nbsp;Fernando De la R&uacute;a&nbsp;dijo que espera &laquo;disculpas&raquo; de parte de quienes&nbsp;&laquo;repitieron la infamia de&nbsp;(Mario) Pontaquarto&laquo;, el el ex secretario parlamentario que denunci&oacute; el hecho y [&hellip;]<\/p>\n","protected":false},"author":2,"featured_media":0,"comment_status":"open","ping_status":"open","sticky":false,"template":"","format":"standard","meta":{"fifu_image_url":"","fifu_image_alt":"","footnotes":""},"categories":[7,16],"tags":[],"class_list":{"0":"post-4875","1":"post","2":"type-post","3":"status-publish","4":"format-standard","6":"category-nacionales","7":"category-politi"},"yoast_head":"<title>Coimas en el Senado: tras el fallo que absolvi\u00f3 a todos, De la R\u00faa quiere que le pidan &quot;disculpas&quot; - Informe Litoral<\/title>\n<meta name=\"robots\" content=\"index, follow, max-snippet:-1, max-image-preview:large, max-video-preview:-1\" \/>\n<link rel=\"canonical\" href=\"https:\/\/informelitoral.com.ar\/coimas-en-el-senado-tras-el-fallo-que-absolvio-a-todos-de-la-rua-quiere-que-le-pidan-disculpas\/\" \/>\n<meta property=\"og:locale\" content=\"es_ES\" \/>\n<meta property=\"og:type\" content=\"article\" \/>\n<meta property=\"og:title\" content=\"Coimas en el Senado: tras el fallo que absolvi\u00f3 a todos, De la R\u00faa quiere que le pidan &quot;disculpas&quot; - Informe Litoral\" \/>\n<meta property=\"og:description\" content=\"A horas de haber sido absuelto por la&nbsp;Justicia&nbsp;en la causa por el supuesto pago de sobornos en el&nbsp;Senado&nbsp;para la aprobaci&oacute;n de la Ley de Flexibilizaci&oacute;n Laboral en 2000, el ex presidente&nbsp;Fernando De la R&uacute;a&nbsp;dijo que espera &laquo;disculpas&raquo; de parte de quienes&nbsp;&laquo;repitieron la infamia de&nbsp;(Mario) Pontaquarto&laquo;, el el ex secretario parlamentario que denunci&oacute; el hecho y [&hellip;]\" \/>\n<meta property=\"og:url\" content=\"https:\/\/informelitoral.com.ar\/coimas-en-el-senado-tras-el-fallo-que-absolvio-a-todos-de-la-rua-quiere-que-le-pidan-disculpas\/\" \/>\n<meta property=\"og:site_name\" content=\"Informe Litoral\" \/>\n<meta property=\"article:publisher\" content=\"https:\/\/www.facebook.com\/informelitoral\/\" \/>\n<meta property=\"article:published_time\" content=\"2013-12-24T12:14:55+00:00\" \/>\n<meta property=\"article:modified_time\" content=\"2013-12-24T12:18:52+00:00\" \/>\n<meta property=\"og:image\" content=\"http:\/\/cdn01.ib.infobae.com\/adjuntos\/162\/imagenes\/010\/510\/0010510310.jpg\" \/>\n<meta name=\"author\" content=\"Gonzalo Schmidt\" \/>\n<meta name=\"twitter:card\" content=\"summary_large_image\" \/>\n<meta name=\"twitter:creator\" content=\"@InformeLitoral\" \/>\n<meta name=\"twitter:site\" content=\"@InformeLitoral\" \/>\n<meta name=\"twitter:label1\" content=\"Escrito por\" \/>\n\t<meta name=\"twitter:data1\" content=\"Gonzalo Schmidt\" \/>\n\t<meta name=\"twitter:label2\" content=\"Tiempo de lectura\" \/>\n\t<meta name=\"twitter:data2\" content=\"3 minutos\" \/>\n<script type=\"application\/ld+json\" class=\"yoast-schema-graph\">{\"@context\":\"https:\\\/\\\/schema.org\",\"@graph\":[{\"@type\":\"Article\",\"@id\":\"https:\\\/\\\/informelitoral.com.ar\\\/coimas-en-el-senado-tras-el-fallo-que-absolvio-a-todos-de-la-rua-quiere-que-le-pidan-disculpas\\\/#article\",\"isPartOf\":{\"@id\":\"https:\\\/\\\/informelitoral.com.ar\\\/coimas-en-el-senado-tras-el-fallo-que-absolvio-a-todos-de-la-rua-quiere-que-le-pidan-disculpas\\\/\"},\"author\":{\"name\":\"Gonzalo Schmidt\",\"@id\":\"https:\\\/\\\/informelitoral.com.ar\\\/#\\\/schema\\\/person\\\/b9d00407c836482871ef1d57bf8e3180\"},\"headline\":\"Coimas en el Senado: tras el fallo que absolvi\u00f3 a todos, De la R\u00faa quiere que le pidan \u00abdisculpas\u00bb\",\"datePublished\":\"2013-12-24T12:14:55+00:00\",\"dateModified\":\"2013-12-24T12:18:52+00:00\",\"mainEntityOfPage\":{\"@id\":\"https:\\\/\\\/informelitoral.com.ar\\\/coimas-en-el-senado-tras-el-fallo-que-absolvio-a-todos-de-la-rua-quiere-que-le-pidan-disculpas\\\/\"},\"wordCount\":573,\"commentCount\":0,\"publisher\":{\"@id\":\"https:\\\/\\\/informelitoral.com.ar\\\/#organization\"},\"image\":{\"@id\":\"https:\\\/\\\/informelitoral.com.ar\\\/coimas-en-el-senado-tras-el-fallo-que-absolvio-a-todos-de-la-rua-quiere-que-le-pidan-disculpas\\\/#primaryimage\"},\"thumbnailUrl\":\"http:\\\/\\\/cdn01.ib.infobae.com\\\/adjuntos\\\/162\\\/imagenes\\\/010\\\/510\\\/0010510310.jpg\",\"articleSection\":[\"Nacionales\",\"Politica\"],\"inLanguage\":\"es\",\"potentialAction\":[{\"@type\":\"CommentAction\",\"name\":\"Comment\",\"target\":[\"https:\\\/\\\/informelitoral.com.ar\\\/coimas-en-el-senado-tras-el-fallo-que-absolvio-a-todos-de-la-rua-quiere-que-le-pidan-disculpas\\\/#respond\"]}]},{\"@type\":\"WebPage\",\"@id\":\"https:\\\/\\\/informelitoral.com.ar\\\/coimas-en-el-senado-tras-el-fallo-que-absolvio-a-todos-de-la-rua-quiere-que-le-pidan-disculpas\\\/\",\"url\":\"https:\\\/\\\/informelitoral.com.ar\\\/coimas-en-el-senado-tras-el-fallo-que-absolvio-a-todos-de-la-rua-quiere-que-le-pidan-disculpas\\\/\",\"name\":\"Coimas en el Senado: tras el fallo que absolvi\u00f3 a todos, De la R\u00faa quiere que le pidan \\\"disculpas\\\" - Informe Litoral\",\"isPartOf\":{\"@id\":\"https:\\\/\\\/informelitoral.com.ar\\\/#website\"},\"primaryImageOfPage\":{\"@id\":\"https:\\\/\\\/informelitoral.com.ar\\\/coimas-en-el-senado-tras-el-fallo-que-absolvio-a-todos-de-la-rua-quiere-que-le-pidan-disculpas\\\/#primaryimage\"},\"image\":{\"@id\":\"https:\\\/\\\/informelitoral.com.ar\\\/coimas-en-el-senado-tras-el-fallo-que-absolvio-a-todos-de-la-rua-quiere-que-le-pidan-disculpas\\\/#primaryimage\"},\"thumbnailUrl\":\"http:\\\/\\\/cdn01.ib.infobae.com\\\/adjuntos\\\/162\\\/imagenes\\\/010\\\/510\\\/0010510310.jpg\",\"datePublished\":\"2013-12-24T12:14:55+00:00\",\"dateModified\":\"2013-12-24T12:18:52+00:00\",\"breadcrumb\":{\"@id\":\"https:\\\/\\\/informelitoral.com.ar\\\/coimas-en-el-senado-tras-el-fallo-que-absolvio-a-todos-de-la-rua-quiere-que-le-pidan-disculpas\\\/#breadcrumb\"},\"inLanguage\":\"es\",\"potentialAction\":[{\"@type\":\"ReadAction\",\"target\":[\"https:\\\/\\\/informelitoral.com.ar\\\/coimas-en-el-senado-tras-el-fallo-que-absolvio-a-todos-de-la-rua-quiere-que-le-pidan-disculpas\\\/\"]}]},{\"@type\":\"ImageObject\",\"inLanguage\":\"es\",\"@id\":\"https:\\\/\\\/informelitoral.com.ar\\\/coimas-en-el-senado-tras-el-fallo-que-absolvio-a-todos-de-la-rua-quiere-que-le-pidan-disculpas\\\/#primaryimage\",\"url\":\"http:\\\/\\\/cdn01.ib.infobae.com\\\/adjuntos\\\/162\\\/imagenes\\\/010\\\/510\\\/0010510310.jpg\",\"contentUrl\":\"http:\\\/\\\/cdn01.ib.infobae.com\\\/adjuntos\\\/162\\\/imagenes\\\/010\\\/510\\\/0010510310.jpg\"},{\"@type\":\"BreadcrumbList\",\"@id\":\"https:\\\/\\\/informelitoral.com.ar\\\/coimas-en-el-senado-tras-el-fallo-que-absolvio-a-todos-de-la-rua-quiere-que-le-pidan-disculpas\\\/#breadcrumb\",\"itemListElement\":[{\"@type\":\"ListItem\",\"position\":1,\"name\":\"Portada\",\"item\":\"https:\\\/\\\/informelitoral.com.ar\\\/\"},{\"@type\":\"ListItem\",\"position\":2,\"name\":\"Coimas en el Senado: tras el fallo que absolvi\u00f3 a todos, De la R\u00faa quiere que le pidan \u00abdisculpas\u00bb\"}]},{\"@type\":\"WebSite\",\"@id\":\"https:\\\/\\\/informelitoral.com.ar\\\/#website\",\"url\":\"https:\\\/\\\/informelitoral.com.ar\\\/\",\"name\":\"Informe Litoral\",\"description\":\"&quot;Nos informamos&quot; \",\"publisher\":{\"@id\":\"https:\\\/\\\/informelitoral.com.ar\\\/#organization\"},\"potentialAction\":[{\"@type\":\"SearchAction\",\"target\":{\"@type\":\"EntryPoint\",\"urlTemplate\":\"https:\\\/\\\/informelitoral.com.ar\\\/?s={search_term_string}\"},\"query-input\":{\"@type\":\"PropertyValueSpecification\",\"valueRequired\":true,\"valueName\":\"search_term_string\"}}],\"inLanguage\":\"es\"},{\"@type\":\"Organization\",\"@id\":\"https:\\\/\\\/informelitoral.com.ar\\\/#organization\",\"name\":\"Informe Litoral\",\"url\":\"https:\\\/\\\/informelitoral.com.ar\\\/\",\"logo\":{\"@type\":\"ImageObject\",\"inLanguage\":\"es\",\"@id\":\"https:\\\/\\\/informelitoral.com.ar\\\/#\\\/schema\\\/logo\\\/image\\\/\",\"url\":\"https:\\\/\\\/informelitoral.com.ar\\\/%77%70%2d%63%6f%6e%74%65%6e%74\\\/uploads\\\/2021\\\/01\\\/circulo.png\",\"contentUrl\":\"https:\\\/\\\/informelitoral.com.ar\\\/%77%70%2d%63%6f%6e%74%65%6e%74\\\/uploads\\\/2021\\\/01\\\/circulo.png\",\"width\":723,\"height\":731,\"caption\":\"Informe Litoral\"},\"image\":{\"@id\":\"https:\\\/\\\/informelitoral.com.ar\\\/#\\\/schema\\\/logo\\\/image\\\/\"},\"sameAs\":[\"https:\\\/\\\/www.facebook.com\\\/informelitoral\\\/\",\"https:\\\/\\\/x.com\\\/InformeLitoral\",\"https:\\\/\\\/www.instagram.com\\\/informelitoral\\\/\",\"https:\\\/\\\/www.youtube.com\\\/channel\\\/UCua4Qvz8Icb6MYqhoq9xLXw\"]},{\"@type\":\"Person\",\"@id\":\"https:\\\/\\\/informelitoral.com.ar\\\/#\\\/schema\\\/person\\\/b9d00407c836482871ef1d57bf8e3180\",\"name\":\"Gonzalo Schmidt\",\"image\":{\"@type\":\"ImageObject\",\"inLanguage\":\"es\",\"@id\":\"https:\\\/\\\/secure.gravatar.com\\\/avatar\\\/31a1a7b66ff2de83bd0e9fd79d026630d2d99e55e8bfe501287647b4fd9743de?s=96&d=mm&r=g\",\"url\":\"https:\\\/\\\/secure.gravatar.com\\\/avatar\\\/31a1a7b66ff2de83bd0e9fd79d026630d2d99e55e8bfe501287647b4fd9743de?s=96&d=mm&r=g\",\"contentUrl\":\"https:\\\/\\\/secure.gravatar.com\\\/avatar\\\/31a1a7b66ff2de83bd0e9fd79d026630d2d99e55e8bfe501287647b4fd9743de?s=96&d=mm&r=g\",\"caption\":\"Gonzalo Schmidt\"},\"description\":\"Sitio web de noticias de la provincia de Entre R\u00edos, Argentina. Informaci\u00f3n y entretenimiento. Informe Litoral, nos informamos.\",\"sameAs\":[\"http:\\\/\\\/www.isletasnoticias.com.ar\"],\"url\":\"https:\\\/\\\/informelitoral.com.ar\\\/author\\\/gonzalo\\\/\"}]}<\/script>","yoast_head_json":{"title":"Coimas en el Senado: tras el fallo que absolvi\u00f3 a todos, De la R\u00faa quiere que le pidan \"disculpas\" - Informe Litoral","robots":{"index":"index","follow":"follow","max-snippet":"max-snippet:-1","max-image-preview":"max-image-preview:large","max-video-preview":"max-video-preview:-1"},"canonical":"https:\/\/informelitoral.com.ar\/coimas-en-el-senado-tras-el-fallo-que-absolvio-a-todos-de-la-rua-quiere-que-le-pidan-disculpas\/","og_locale":"es_ES","og_type":"article","og_title":"Coimas en el Senado: tras el fallo que absolvi\u00f3 a todos, De la R\u00faa quiere que le pidan \"disculpas\" - Informe Litoral","og_description":"A horas de haber sido absuelto por la&nbsp;Justicia&nbsp;en la causa por el supuesto pago de sobornos en el&nbsp;Senado&nbsp;para la aprobaci&oacute;n de la Ley de Flexibilizaci&oacute;n Laboral en 2000, el ex presidente&nbsp;Fernando De la R&uacute;a&nbsp;dijo que espera &laquo;disculpas&raquo; de parte de quienes&nbsp;&laquo;repitieron la infamia de&nbsp;(Mario) Pontaquarto&laquo;, el el ex secretario parlamentario que denunci&oacute; el hecho y [&hellip;]","og_url":"https:\/\/informelitoral.com.ar\/coimas-en-el-senado-tras-el-fallo-que-absolvio-a-todos-de-la-rua-quiere-que-le-pidan-disculpas\/","og_site_name":"Informe Litoral","article_publisher":"https:\/\/www.facebook.com\/informelitoral\/","article_published_time":"2013-12-24T12:14:55+00:00","article_modified_time":"2013-12-24T12:18:52+00:00","og_image":[{"url":"http:\/\/cdn01.ib.infobae.com\/adjuntos\/162\/imagenes\/010\/510\/0010510310.jpg","type":"","width":"","height":""}],"author":"Gonzalo Schmidt","twitter_card":"summary_large_image","twitter_creator":"@InformeLitoral","twitter_site":"@InformeLitoral","twitter_misc":{"Escrito por":"Gonzalo Schmidt","Tiempo de lectura":"3 minutos"},"schema":{"@context":"https:\/\/schema.org","@graph":[{"@type":"Article","@id":"https:\/\/informelitoral.com.ar\/coimas-en-el-senado-tras-el-fallo-que-absolvio-a-todos-de-la-rua-quiere-que-le-pidan-disculpas\/#article","isPartOf":{"@id":"https:\/\/informelitoral.com.ar\/coimas-en-el-senado-tras-el-fallo-que-absolvio-a-todos-de-la-rua-quiere-que-le-pidan-disculpas\/"},"author":{"name":"Gonzalo Schmidt","@id":"https:\/\/informelitoral.com.ar\/#\/schema\/person\/b9d00407c836482871ef1d57bf8e3180"},"headline":"Coimas en el Senado: tras el fallo que absolvi\u00f3 a todos, De la R\u00faa quiere que le pidan \u00abdisculpas\u00bb","datePublished":"2013-12-24T12:14:55+00:00","dateModified":"2013-12-24T12:18:52+00:00","mainEntityOfPage":{"@id":"https:\/\/informelitoral.com.ar\/coimas-en-el-senado-tras-el-fallo-que-absolvio-a-todos-de-la-rua-quiere-que-le-pidan-disculpas\/"},"wordCount":573,"commentCount":0,"publisher":{"@id":"https:\/\/informelitoral.com.ar\/#organization"},"image":{"@id":"https:\/\/informelitoral.com.ar\/coimas-en-el-senado-tras-el-fallo-que-absolvio-a-todos-de-la-rua-quiere-que-le-pidan-disculpas\/#primaryimage"},"thumbnailUrl":"http:\/\/cdn01.ib.infobae.com\/adjuntos\/162\/imagenes\/010\/510\/0010510310.jpg","articleSection":["Nacionales","Politica"],"inLanguage":"es","potentialAction":[{"@type":"CommentAction","name":"Comment","target":["https:\/\/informelitoral.com.ar\/coimas-en-el-senado-tras-el-fallo-que-absolvio-a-todos-de-la-rua-quiere-que-le-pidan-disculpas\/#respond"]}]},{"@type":"WebPage","@id":"https:\/\/informelitoral.com.ar\/coimas-en-el-senado-tras-el-fallo-que-absolvio-a-todos-de-la-rua-quiere-que-le-pidan-disculpas\/","url":"https:\/\/informelitoral.com.ar\/coimas-en-el-senado-tras-el-fallo-que-absolvio-a-todos-de-la-rua-quiere-que-le-pidan-disculpas\/","name":"Coimas en el Senado: tras el fallo que absolvi\u00f3 a todos, De la R\u00faa quiere que le pidan \"disculpas\" - Informe Litoral","isPartOf":{"@id":"https:\/\/informelitoral.com.ar\/#website"},"primaryImageOfPage":{"@id":"https:\/\/informelitoral.com.ar\/coimas-en-el-senado-tras-el-fallo-que-absolvio-a-todos-de-la-rua-quiere-que-le-pidan-disculpas\/#primaryimage"},"image":{"@id":"https:\/\/informelitoral.com.ar\/coimas-en-el-senado-tras-el-fallo-que-absolvio-a-todos-de-la-rua-quiere-que-le-pidan-disculpas\/#primaryimage"},"thumbnailUrl":"http:\/\/cdn01.ib.infobae.com\/adjuntos\/162\/imagenes\/010\/510\/0010510310.jpg","datePublished":"2013-12-24T12:14:55+00:00","dateModified":"2013-12-24T12:18:52+00:00","breadcrumb":{"@id":"https:\/\/informelitoral.com.ar\/coimas-en-el-senado-tras-el-fallo-que-absolvio-a-todos-de-la-rua-quiere-que-le-pidan-disculpas\/#breadcrumb"},"inLanguage":"es","potentialAction":[{"@type":"ReadAction","target":["https:\/\/informelitoral.com.ar\/coimas-en-el-senado-tras-el-fallo-que-absolvio-a-todos-de-la-rua-quiere-que-le-pidan-disculpas\/"]}]},{"@type":"ImageObject","inLanguage":"es","@id":"https:\/\/informelitoral.com.ar\/coimas-en-el-senado-tras-el-fallo-que-absolvio-a-todos-de-la-rua-quiere-que-le-pidan-disculpas\/#primaryimage","url":"http:\/\/cdn01.ib.infobae.com\/adjuntos\/162\/imagenes\/010\/510\/0010510310.jpg","contentUrl":"http:\/\/cdn01.ib.infobae.com\/adjuntos\/162\/imagenes\/010\/510\/0010510310.jpg"},{"@type":"BreadcrumbList","@id":"https:\/\/informelitoral.com.ar\/coimas-en-el-senado-tras-el-fallo-que-absolvio-a-todos-de-la-rua-quiere-que-le-pidan-disculpas\/#breadcrumb","itemListElement":[{"@type":"ListItem","position":1,"name":"Portada","item":"https:\/\/informelitoral.com.ar\/"},{"@type":"ListItem","position":2,"name":"Coimas en el Senado: tras el fallo que absolvi\u00f3 a todos, De la R\u00faa quiere que le pidan \u00abdisculpas\u00bb"}]},{"@type":"WebSite","@id":"https:\/\/informelitoral.com.ar\/#website","url":"https:\/\/informelitoral.com.ar\/","name":"Informe Litoral","description":"&quot;Nos informamos&quot; ","publisher":{"@id":"https:\/\/informelitoral.com.ar\/#organization"},"potentialAction":[{"@type":"SearchAction","target":{"@type":"EntryPoint","urlTemplate":"https:\/\/informelitoral.com.ar\/?s={search_term_string}"},"query-input":{"@type":"PropertyValueSpecification","valueRequired":true,"valueName":"search_term_string"}}],"inLanguage":"es"},{"@type":"Organization","@id":"https:\/\/informelitoral.com.ar\/#organization","name":"Informe Litoral","url":"https:\/\/informelitoral.com.ar\/","logo":{"@type":"ImageObject","inLanguage":"es","@id":"https:\/\/informelitoral.com.ar\/#\/schema\/logo\/image\/","url":"https:\/\/informelitoral.com.ar\/%77%70%2d%63%6f%6e%74%65%6e%74\/uploads\/2021\/01\/circulo.png","contentUrl":"https:\/\/informelitoral.com.ar\/%77%70%2d%63%6f%6e%74%65%6e%74\/uploads\/2021\/01\/circulo.png","width":723,"height":731,"caption":"Informe Litoral"},"image":{"@id":"https:\/\/informelitoral.com.ar\/#\/schema\/logo\/image\/"},"sameAs":["https:\/\/www.facebook.com\/informelitoral\/","https:\/\/x.com\/InformeLitoral","https:\/\/www.instagram.com\/informelitoral\/","https:\/\/www.youtube.com\/channel\/UCua4Qvz8Icb6MYqhoq9xLXw"]},{"@type":"Person","@id":"https:\/\/informelitoral.com.ar\/#\/schema\/person\/b9d00407c836482871ef1d57bf8e3180","name":"Gonzalo Schmidt","image":{"@type":"ImageObject","inLanguage":"es","@id":"https:\/\/secure.gravatar.com\/avatar\/31a1a7b66ff2de83bd0e9fd79d026630d2d99e55e8bfe501287647b4fd9743de?s=96&d=mm&r=g","url":"https:\/\/secure.gravatar.com\/avatar\/31a1a7b66ff2de83bd0e9fd79d026630d2d99e55e8bfe501287647b4fd9743de?s=96&d=mm&r=g","contentUrl":"https:\/\/secure.gravatar.com\/avatar\/31a1a7b66ff2de83bd0e9fd79d026630d2d99e55e8bfe501287647b4fd9743de?s=96&d=mm&r=g","caption":"Gonzalo Schmidt"},"description":"Sitio web de noticias de la provincia de Entre R\u00edos, Argentina. Informaci\u00f3n y entretenimiento. Informe Litoral, nos informamos.","sameAs":["http:\/\/www.isletasnoticias.com.ar"],"url":"https:\/\/informelitoral.com.ar\/author\/gonzalo\/"}]}},"_links":{"self":[{"href":"https:\/\/informelitoral.com.ar\/%77%70%2d%6a%73%6f%6e\/wp\/v2\/posts\/4875","targetHints":{"allow":["GET"]}}],"collection":[{"href":"https:\/\/informelitoral.com.ar\/%77%70%2d%6a%73%6f%6e\/wp\/v2\/posts"}],"about":[{"href":"https:\/\/informelitoral.com.ar\/%77%70%2d%6a%73%6f%6e\/wp\/v2\/types\/post"}],"author":[{"embeddable":true,"href":"https:\/\/informelitoral.com.ar\/%77%70%2d%6a%73%6f%6e\/wp\/v2\/users\/2"}],"replies":[{"embeddable":true,"href":"https:\/\/informelitoral.com.ar\/%77%70%2d%6a%73%6f%6e\/wp\/v2\/comments?post=4875"}],"version-history":[{"count":0,"href":"https:\/\/informelitoral.com.ar\/%77%70%2d%6a%73%6f%6e\/wp\/v2\/posts\/4875\/revisions"}],"wp:attachment":[{"href":"https:\/\/informelitoral.com.ar\/%77%70%2d%6a%73%6f%6e\/wp\/v2\/media?parent=4875"}],"wp:term":[{"taxonomy":"category","embeddable":true,"href":"https:\/\/informelitoral.com.ar\/%77%70%2d%6a%73%6f%6e\/wp\/v2\/categories?post=4875"},{"taxonomy":"post_tag","embeddable":true,"href":"https:\/\/informelitoral.com.ar\/%77%70%2d%6a%73%6f%6e\/wp\/v2\/tags?post=4875"}],"curies":[{"name":"wp","href":"https:\/\/api.w.org\/{rel}","templated":true}]}}