{"id":4870,"date":"2013-12-23T09:38:53","date_gmt":"2013-12-23T12:38:53","guid":{"rendered":"http:\/\/www.isletasnoticias.com.ar\/?p=4870"},"modified":"2013-12-23T09:40:31","modified_gmt":"2013-12-23T12:40:31","slug":"la-ley-de-agroquimicos-debera-esperar-hasta-2014","status":"publish","type":"post","link":"https:\/\/informelitoral.com.ar\/la-ley-de-agroquimicos-debera-esperar-hasta-2014\/","title":{"rendered":"La Ley de Agroqu\u00edmicos deber\u00e1 esperar hasta 2014"},"content":{"rendered":"<div><\/div>\n<div><\/div>\n<div><\/div>\n<div><strong>Pese a que se hab\u00eda adelantado la posibilidad de que el proyecto de ley de agroqu\u00edmicos cerrar\u00eda este a\u00f1o con despacho de comisi\u00f3n y media sanci\u00f3n del Senado, la iniciativa deber\u00e1 esperar hasta el 2014.<\/strong><a href=\"http:\/\/www.isletasnoticias.com.ar\/%77%70%2d%63%6f%6e%74%65%6e%74\/uploads\/2013\/12\/fumigacion-1.jpg\"><img loading=\"lazy\" decoding=\"async\" class=\"size-medium wp-image-4872 aligncenter\" alt=\"fumigacion-1\" src=\"http:\/\/www.isletasnoticias.com.ar\/%77%70%2d%63%6f%6e%74%65%6e%74\/uploads\/2013\/12\/fumigacion-1-300x196.jpg\" width=\"300\" height=\"196\" srcset=\"https:\/\/informelitoral.com.ar\/%77%70%2d%63%6f%6e%74%65%6e%74\/uploads\/2013\/12\/fumigacion-1-300x196.jpg 300w, https:\/\/informelitoral.com.ar\/%77%70%2d%63%6f%6e%74%65%6e%74\/uploads\/2013\/12\/fumigacion-1.jpg 590w\" sizes=\"auto, (max-width: 300px) 100vw, 300px\" \/><\/a><\/div>\n<div>\n<p>Por su parte, el senador <strong>Oscar Arlettaz<\/strong> argument\u00f3 que los sucesos de los \u00faltimos d\u00edas se impusieron en la agenda parlamentaria. \u201cNo llegamos a sacar el despacho de la comisi\u00f3n de Producci\u00f3n\u201d, dijo.<\/p>\n<p>\u201cA veces lo urgente te hace dejar lo importante para m\u00e1s adelante y no quer\u00edamos, es demasiado importante esta ley para sacarla a los empujones\u201d, agreg\u00f3 el Legislador, que junto a <strong>Enrique Cresto<\/strong> es autor del proyecto que se analiza desde el a\u00f1o pasado en la Comisi\u00f3n.<\/p>\n<p>En tanto, se\u00f1al\u00f3 que \u201cya hablaron\u201d de modo informal con sus pares de la C\u00e1mara Baja para juntarse \u201capenas arranquemos la actividad legislativa\u201d el a\u00f1o pr\u00f3ximo \u201cy acordar algunas cosas para sacar un despacho &#8211; no digo conjunto &#8211; sino que est\u00e9 bastante de acuerdo para que no se demore y no sufra tantas modificaciones o cambios sustanciales\u201d.<\/p>\n<p>Seg\u00fan consigna <em>APF<\/em>, paralelamente, Arlettaz neg\u00f3 que la cuesti\u00f3n de la distancia para fumigaciones terrestres y a\u00e9reas est\u00e9 \u201ccerrada\u201d como lo hab\u00eda manifestado anteriormente. \u201cLa distancia es una cosa tentativa; no fijamos, dijimos que pod\u00eda ser\u201d, aclar\u00f3.<\/p>\n<p>En ese plano observ\u00f3 que \u201cse puso demasiado \u00e9nfasis en la distancia y hay que tener en cuenta la altura de los aviones fumigadores\u201d como tambi\u00e9n \u201cla capacitaci\u00f3n de los aplicados y el estricto control de los profesionales ingenieros agr\u00f3nomos. Deben ser responsables de la aplicaci\u00f3n\u201d, afirm\u00f3 por \u00faltimo el senador de Col\u00f3n.<\/p>\n<\/div>\n","protected":false},"excerpt":{"rendered":"<p>Pese a que se hab&iacute;a adelantado la posibilidad de que el proyecto de ley de agroqu&iacute;micos cerrar&iacute;a este a&ntilde;o con despacho de comisi&oacute;n y media sanci&oacute;n del Senado, la iniciativa deber&aacute; esperar hasta el 2014. Por su parte, el senador Oscar Arlettaz argument&oacute; que los sucesos de los &uacute;ltimos d&iacute;as se impusieron en la agenda [&hellip;]<\/p>\n","protected":false},"author":2,"featured_media":0,"comment_status":"open","ping_status":"open","sticky":false,"template":"","format":"standard","meta":{"fifu_image_url":"","fifu_image_alt":"","footnotes":""},"categories":[10,6],"tags":[],"class_list":{"0":"post-4870","1":"post","2":"type-post","3":"status-publish","4":"format-standard","6":"category-campo","7":"category-entre-rios"},"yoast_head":"<title>La Ley de Agroqu\u00edmicos deber\u00e1 esperar hasta 2014 - Informe Litoral<\/title>\n<meta name=\"robots\" content=\"index, follow, max-snippet:-1, max-image-preview:large, max-video-preview:-1\" \/>\n<link rel=\"canonical\" href=\"https:\/\/informelitoral.com.ar\/la-ley-de-agroquimicos-debera-esperar-hasta-2014\/\" \/>\n<meta property=\"og:locale\" content=\"es_ES\" \/>\n<meta property=\"og:type\" content=\"article\" \/>\n<meta property=\"og:title\" content=\"La Ley de Agroqu\u00edmicos deber\u00e1 esperar hasta 2014 - Informe Litoral\" \/>\n<meta property=\"og:description\" content=\"Pese a que se hab&iacute;a adelantado la posibilidad de que el proyecto de ley de agroqu&iacute;micos cerrar&iacute;a este a&ntilde;o con despacho de comisi&oacute;n y media sanci&oacute;n del Senado, la iniciativa deber&aacute; esperar hasta el 2014. Por su parte, el senador Oscar Arlettaz argument&oacute; que los sucesos de los &uacute;ltimos d&iacute;as se impusieron en la agenda [&hellip;]\" \/>\n<meta property=\"og:url\" content=\"https:\/\/informelitoral.com.ar\/la-ley-de-agroquimicos-debera-esperar-hasta-2014\/\" \/>\n<meta property=\"og:site_name\" content=\"Informe Litoral\" \/>\n<meta property=\"article:publisher\" content=\"https:\/\/www.facebook.com\/informelitoral\/\" \/>\n<meta property=\"article:published_time\" content=\"2013-12-23T12:38:53+00:00\" \/>\n<meta property=\"article:modified_time\" content=\"2013-12-23T12:40:31+00:00\" \/>\n<meta property=\"og:image\" content=\"https:\/\/informelitoral.com.ar\/%77%70%2d%63%6f%6e%74%65%6e%74\/uploads\/2013\/12\/fumigacion-1.jpg\" \/>\n\t<meta property=\"og:image:width\" content=\"590\" \/>\n\t<meta property=\"og:image:height\" content=\"386\" \/>\n\t<meta property=\"og:image:type\" content=\"image\/jpeg\" \/>\n<meta name=\"author\" content=\"Gonzalo Schmidt\" \/>\n<meta name=\"twitter:card\" content=\"summary_large_image\" \/>\n<meta name=\"twitter:creator\" content=\"@InformeLitoral\" \/>\n<meta name=\"twitter:site\" content=\"@InformeLitoral\" \/>\n<meta name=\"twitter:label1\" content=\"Escrito por\" \/>\n\t<meta name=\"twitter:data1\" content=\"Gonzalo Schmidt\" \/>\n\t<meta name=\"twitter:label2\" content=\"Tiempo de lectura\" \/>\n\t<meta name=\"twitter:data2\" content=\"1 minuto\" \/>\n<script type=\"application\/ld+json\" class=\"yoast-schema-graph\">{\"@context\":\"https:\\\/\\\/schema.org\",\"@graph\":[{\"@type\":\"Article\",\"@id\":\"https:\\\/\\\/informelitoral.com.ar\\\/la-ley-de-agroquimicos-debera-esperar-hasta-2014\\\/#article\",\"isPartOf\":{\"@id\":\"https:\\\/\\\/informelitoral.com.ar\\\/la-ley-de-agroquimicos-debera-esperar-hasta-2014\\\/\"},\"author\":{\"name\":\"Gonzalo Schmidt\",\"@id\":\"https:\\\/\\\/informelitoral.com.ar\\\/#\\\/schema\\\/person\\\/b9d00407c836482871ef1d57bf8e3180\"},\"headline\":\"La Ley de Agroqu\u00edmicos deber\u00e1 esperar hasta 2014\",\"datePublished\":\"2013-12-23T12:38:53+00:00\",\"dateModified\":\"2013-12-23T12:40:31+00:00\",\"mainEntityOfPage\":{\"@id\":\"https:\\\/\\\/informelitoral.com.ar\\\/la-ley-de-agroquimicos-debera-esperar-hasta-2014\\\/\"},\"wordCount\":297,\"commentCount\":0,\"publisher\":{\"@id\":\"https:\\\/\\\/informelitoral.com.ar\\\/#organization\"},\"image\":{\"@id\":\"https:\\\/\\\/informelitoral.com.ar\\\/la-ley-de-agroquimicos-debera-esperar-hasta-2014\\\/#primaryimage\"},\"thumbnailUrl\":\"http:\\\/\\\/www.isletasnoticias.com.ar\\\/%77%70%2d%63%6f%6e%74%65%6e%74\\\/uploads\\\/2013\\\/12\\\/fumigacion-1-300x196.jpg\",\"articleSection\":[\"Campo\",\"Entre R\u00edos\"],\"inLanguage\":\"es\",\"potentialAction\":[{\"@type\":\"CommentAction\",\"name\":\"Comment\",\"target\":[\"https:\\\/\\\/informelitoral.com.ar\\\/la-ley-de-agroquimicos-debera-esperar-hasta-2014\\\/#respond\"]}]},{\"@type\":\"WebPage\",\"@id\":\"https:\\\/\\\/informelitoral.com.ar\\\/la-ley-de-agroquimicos-debera-esperar-hasta-2014\\\/\",\"url\":\"https:\\\/\\\/informelitoral.com.ar\\\/la-ley-de-agroquimicos-debera-esperar-hasta-2014\\\/\",\"name\":\"La Ley de Agroqu\u00edmicos deber\u00e1 esperar hasta 2014 - Informe Litoral\",\"isPartOf\":{\"@id\":\"https:\\\/\\\/informelitoral.com.ar\\\/#website\"},\"primaryImageOfPage\":{\"@id\":\"https:\\\/\\\/informelitoral.com.ar\\\/la-ley-de-agroquimicos-debera-esperar-hasta-2014\\\/#primaryimage\"},\"image\":{\"@id\":\"https:\\\/\\\/informelitoral.com.ar\\\/la-ley-de-agroquimicos-debera-esperar-hasta-2014\\\/#primaryimage\"},\"thumbnailUrl\":\"http:\\\/\\\/www.isletasnoticias.com.ar\\\/%77%70%2d%63%6f%6e%74%65%6e%74\\\/uploads\\\/2013\\\/12\\\/fumigacion-1-300x196.jpg\",\"datePublished\":\"2013-12-23T12:38:53+00:00\",\"dateModified\":\"2013-12-23T12:40:31+00:00\",\"breadcrumb\":{\"@id\":\"https:\\\/\\\/informelitoral.com.ar\\\/la-ley-de-agroquimicos-debera-esperar-hasta-2014\\\/#breadcrumb\"},\"inLanguage\":\"es\",\"potentialAction\":[{\"@type\":\"ReadAction\",\"target\":[\"https:\\\/\\\/informelitoral.com.ar\\\/la-ley-de-agroquimicos-debera-esperar-hasta-2014\\\/\"]}]},{\"@type\":\"ImageObject\",\"inLanguage\":\"es\",\"@id\":\"https:\\\/\\\/informelitoral.com.ar\\\/la-ley-de-agroquimicos-debera-esperar-hasta-2014\\\/#primaryimage\",\"url\":\"http:\\\/\\\/www.isletasnoticias.com.ar\\\/%77%70%2d%63%6f%6e%74%65%6e%74\\\/uploads\\\/2013\\\/12\\\/fumigacion-1-300x196.jpg\",\"contentUrl\":\"http:\\\/\\\/www.isletasnoticias.com.ar\\\/%77%70%2d%63%6f%6e%74%65%6e%74\\\/uploads\\\/2013\\\/12\\\/fumigacion-1-300x196.jpg\"},{\"@type\":\"BreadcrumbList\",\"@id\":\"https:\\\/\\\/informelitoral.com.ar\\\/la-ley-de-agroquimicos-debera-esperar-hasta-2014\\\/#breadcrumb\",\"itemListElement\":[{\"@type\":\"ListItem\",\"position\":1,\"name\":\"Portada\",\"item\":\"https:\\\/\\\/informelitoral.com.ar\\\/\"},{\"@type\":\"ListItem\",\"position\":2,\"name\":\"La Ley de Agroqu\u00edmicos deber\u00e1 esperar hasta 2014\"}]},{\"@type\":\"WebSite\",\"@id\":\"https:\\\/\\\/informelitoral.com.ar\\\/#website\",\"url\":\"https:\\\/\\\/informelitoral.com.ar\\\/\",\"name\":\"Informe Litoral\",\"description\":\"&quot;Nos informamos&quot; \",\"publisher\":{\"@id\":\"https:\\\/\\\/informelitoral.com.ar\\\/#organization\"},\"potentialAction\":[{\"@type\":\"SearchAction\",\"target\":{\"@type\":\"EntryPoint\",\"urlTemplate\":\"https:\\\/\\\/informelitoral.com.ar\\\/?s={search_term_string}\"},\"query-input\":{\"@type\":\"PropertyValueSpecification\",\"valueRequired\":true,\"valueName\":\"search_term_string\"}}],\"inLanguage\":\"es\"},{\"@type\":\"Organization\",\"@id\":\"https:\\\/\\\/informelitoral.com.ar\\\/#organization\",\"name\":\"Informe Litoral\",\"url\":\"https:\\\/\\\/informelitoral.com.ar\\\/\",\"logo\":{\"@type\":\"ImageObject\",\"inLanguage\":\"es\",\"@id\":\"https:\\\/\\\/informelitoral.com.ar\\\/#\\\/schema\\\/logo\\\/image\\\/\",\"url\":\"https:\\\/\\\/informelitoral.com.ar\\\/%77%70%2d%63%6f%6e%74%65%6e%74\\\/uploads\\\/2021\\\/01\\\/circulo.png\",\"contentUrl\":\"https:\\\/\\\/informelitoral.com.ar\\\/%77%70%2d%63%6f%6e%74%65%6e%74\\\/uploads\\\/2021\\\/01\\\/circulo.png\",\"width\":723,\"height\":731,\"caption\":\"Informe Litoral\"},\"image\":{\"@id\":\"https:\\\/\\\/informelitoral.com.ar\\\/#\\\/schema\\\/logo\\\/image\\\/\"},\"sameAs\":[\"https:\\\/\\\/www.facebook.com\\\/informelitoral\\\/\",\"https:\\\/\\\/x.com\\\/InformeLitoral\",\"https:\\\/\\\/www.instagram.com\\\/informelitoral\\\/\",\"https:\\\/\\\/www.youtube.com\\\/channel\\\/UCua4Qvz8Icb6MYqhoq9xLXw\"]},{\"@type\":\"Person\",\"@id\":\"https:\\\/\\\/informelitoral.com.ar\\\/#\\\/schema\\\/person\\\/b9d00407c836482871ef1d57bf8e3180\",\"name\":\"Gonzalo Schmidt\",\"image\":{\"@type\":\"ImageObject\",\"inLanguage\":\"es\",\"@id\":\"https:\\\/\\\/secure.gravatar.com\\\/avatar\\\/31a1a7b66ff2de83bd0e9fd79d026630d2d99e55e8bfe501287647b4fd9743de?s=96&d=mm&r=g\",\"url\":\"https:\\\/\\\/secure.gravatar.com\\\/avatar\\\/31a1a7b66ff2de83bd0e9fd79d026630d2d99e55e8bfe501287647b4fd9743de?s=96&d=mm&r=g\",\"contentUrl\":\"https:\\\/\\\/secure.gravatar.com\\\/avatar\\\/31a1a7b66ff2de83bd0e9fd79d026630d2d99e55e8bfe501287647b4fd9743de?s=96&d=mm&r=g\",\"caption\":\"Gonzalo Schmidt\"},\"description\":\"Sitio web de noticias de la provincia de Entre R\u00edos, Argentina. Informaci\u00f3n y entretenimiento. Informe Litoral, nos informamos.\",\"sameAs\":[\"http:\\\/\\\/www.isletasnoticias.com.ar\"],\"url\":\"https:\\\/\\\/informelitoral.com.ar\\\/author\\\/gonzalo\\\/\"}]}<\/script>","yoast_head_json":{"title":"La Ley de Agroqu\u00edmicos deber\u00e1 esperar hasta 2014 - Informe Litoral","robots":{"index":"index","follow":"follow","max-snippet":"max-snippet:-1","max-image-preview":"max-image-preview:large","max-video-preview":"max-video-preview:-1"},"canonical":"https:\/\/informelitoral.com.ar\/la-ley-de-agroquimicos-debera-esperar-hasta-2014\/","og_locale":"es_ES","og_type":"article","og_title":"La Ley de Agroqu\u00edmicos deber\u00e1 esperar hasta 2014 - Informe Litoral","og_description":"Pese a que se hab&iacute;a adelantado la posibilidad de que el proyecto de ley de agroqu&iacute;micos cerrar&iacute;a este a&ntilde;o con despacho de comisi&oacute;n y media sanci&oacute;n del Senado, la iniciativa deber&aacute; esperar hasta el 2014. Por su parte, el senador Oscar Arlettaz argument&oacute; que los sucesos de los &uacute;ltimos d&iacute;as se impusieron en la agenda [&hellip;]","og_url":"https:\/\/informelitoral.com.ar\/la-ley-de-agroquimicos-debera-esperar-hasta-2014\/","og_site_name":"Informe Litoral","article_publisher":"https:\/\/www.facebook.com\/informelitoral\/","article_published_time":"2013-12-23T12:38:53+00:00","article_modified_time":"2013-12-23T12:40:31+00:00","og_image":[{"width":590,"height":386,"url":"https:\/\/informelitoral.com.ar\/%77%70%2d%63%6f%6e%74%65%6e%74\/uploads\/2013\/12\/fumigacion-1.jpg","type":"image\/jpeg"}],"author":"Gonzalo Schmidt","twitter_card":"summary_large_image","twitter_creator":"@InformeLitoral","twitter_site":"@InformeLitoral","twitter_misc":{"Escrito por":"Gonzalo Schmidt","Tiempo de lectura":"1 minuto"},"schema":{"@context":"https:\/\/schema.org","@graph":[{"@type":"Article","@id":"https:\/\/informelitoral.com.ar\/la-ley-de-agroquimicos-debera-esperar-hasta-2014\/#article","isPartOf":{"@id":"https:\/\/informelitoral.com.ar\/la-ley-de-agroquimicos-debera-esperar-hasta-2014\/"},"author":{"name":"Gonzalo Schmidt","@id":"https:\/\/informelitoral.com.ar\/#\/schema\/person\/b9d00407c836482871ef1d57bf8e3180"},"headline":"La Ley de Agroqu\u00edmicos deber\u00e1 esperar hasta 2014","datePublished":"2013-12-23T12:38:53+00:00","dateModified":"2013-12-23T12:40:31+00:00","mainEntityOfPage":{"@id":"https:\/\/informelitoral.com.ar\/la-ley-de-agroquimicos-debera-esperar-hasta-2014\/"},"wordCount":297,"commentCount":0,"publisher":{"@id":"https:\/\/informelitoral.com.ar\/#organization"},"image":{"@id":"https:\/\/informelitoral.com.ar\/la-ley-de-agroquimicos-debera-esperar-hasta-2014\/#primaryimage"},"thumbnailUrl":"http:\/\/www.isletasnoticias.com.ar\/%77%70%2d%63%6f%6e%74%65%6e%74\/uploads\/2013\/12\/fumigacion-1-300x196.jpg","articleSection":["Campo","Entre R\u00edos"],"inLanguage":"es","potentialAction":[{"@type":"CommentAction","name":"Comment","target":["https:\/\/informelitoral.com.ar\/la-ley-de-agroquimicos-debera-esperar-hasta-2014\/#respond"]}]},{"@type":"WebPage","@id":"https:\/\/informelitoral.com.ar\/la-ley-de-agroquimicos-debera-esperar-hasta-2014\/","url":"https:\/\/informelitoral.com.ar\/la-ley-de-agroquimicos-debera-esperar-hasta-2014\/","name":"La Ley de Agroqu\u00edmicos deber\u00e1 esperar hasta 2014 - Informe Litoral","isPartOf":{"@id":"https:\/\/informelitoral.com.ar\/#website"},"primaryImageOfPage":{"@id":"https:\/\/informelitoral.com.ar\/la-ley-de-agroquimicos-debera-esperar-hasta-2014\/#primaryimage"},"image":{"@id":"https:\/\/informelitoral.com.ar\/la-ley-de-agroquimicos-debera-esperar-hasta-2014\/#primaryimage"},"thumbnailUrl":"http:\/\/www.isletasnoticias.com.ar\/%77%70%2d%63%6f%6e%74%65%6e%74\/uploads\/2013\/12\/fumigacion-1-300x196.jpg","datePublished":"2013-12-23T12:38:53+00:00","dateModified":"2013-12-23T12:40:31+00:00","breadcrumb":{"@id":"https:\/\/informelitoral.com.ar\/la-ley-de-agroquimicos-debera-esperar-hasta-2014\/#breadcrumb"},"inLanguage":"es","potentialAction":[{"@type":"ReadAction","target":["https:\/\/informelitoral.com.ar\/la-ley-de-agroquimicos-debera-esperar-hasta-2014\/"]}]},{"@type":"ImageObject","inLanguage":"es","@id":"https:\/\/informelitoral.com.ar\/la-ley-de-agroquimicos-debera-esperar-hasta-2014\/#primaryimage","url":"http:\/\/www.isletasnoticias.com.ar\/%77%70%2d%63%6f%6e%74%65%6e%74\/uploads\/2013\/12\/fumigacion-1-300x196.jpg","contentUrl":"http:\/\/www.isletasnoticias.com.ar\/%77%70%2d%63%6f%6e%74%65%6e%74\/uploads\/2013\/12\/fumigacion-1-300x196.jpg"},{"@type":"BreadcrumbList","@id":"https:\/\/informelitoral.com.ar\/la-ley-de-agroquimicos-debera-esperar-hasta-2014\/#breadcrumb","itemListElement":[{"@type":"ListItem","position":1,"name":"Portada","item":"https:\/\/informelitoral.com.ar\/"},{"@type":"ListItem","position":2,"name":"La Ley de Agroqu\u00edmicos deber\u00e1 esperar hasta 2014"}]},{"@type":"WebSite","@id":"https:\/\/informelitoral.com.ar\/#website","url":"https:\/\/informelitoral.com.ar\/","name":"Informe Litoral","description":"&quot;Nos informamos&quot; ","publisher":{"@id":"https:\/\/informelitoral.com.ar\/#organization"},"potentialAction":[{"@type":"SearchAction","target":{"@type":"EntryPoint","urlTemplate":"https:\/\/informelitoral.com.ar\/?s={search_term_string}"},"query-input":{"@type":"PropertyValueSpecification","valueRequired":true,"valueName":"search_term_string"}}],"inLanguage":"es"},{"@type":"Organization","@id":"https:\/\/informelitoral.com.ar\/#organization","name":"Informe Litoral","url":"https:\/\/informelitoral.com.ar\/","logo":{"@type":"ImageObject","inLanguage":"es","@id":"https:\/\/informelitoral.com.ar\/#\/schema\/logo\/image\/","url":"https:\/\/informelitoral.com.ar\/%77%70%2d%63%6f%6e%74%65%6e%74\/uploads\/2021\/01\/circulo.png","contentUrl":"https:\/\/informelitoral.com.ar\/%77%70%2d%63%6f%6e%74%65%6e%74\/uploads\/2021\/01\/circulo.png","width":723,"height":731,"caption":"Informe Litoral"},"image":{"@id":"https:\/\/informelitoral.com.ar\/#\/schema\/logo\/image\/"},"sameAs":["https:\/\/www.facebook.com\/informelitoral\/","https:\/\/x.com\/InformeLitoral","https:\/\/www.instagram.com\/informelitoral\/","https:\/\/www.youtube.com\/channel\/UCua4Qvz8Icb6MYqhoq9xLXw"]},{"@type":"Person","@id":"https:\/\/informelitoral.com.ar\/#\/schema\/person\/b9d00407c836482871ef1d57bf8e3180","name":"Gonzalo Schmidt","image":{"@type":"ImageObject","inLanguage":"es","@id":"https:\/\/secure.gravatar.com\/avatar\/31a1a7b66ff2de83bd0e9fd79d026630d2d99e55e8bfe501287647b4fd9743de?s=96&d=mm&r=g","url":"https:\/\/secure.gravatar.com\/avatar\/31a1a7b66ff2de83bd0e9fd79d026630d2d99e55e8bfe501287647b4fd9743de?s=96&d=mm&r=g","contentUrl":"https:\/\/secure.gravatar.com\/avatar\/31a1a7b66ff2de83bd0e9fd79d026630d2d99e55e8bfe501287647b4fd9743de?s=96&d=mm&r=g","caption":"Gonzalo Schmidt"},"description":"Sitio web de noticias de la provincia de Entre R\u00edos, Argentina. Informaci\u00f3n y entretenimiento. Informe Litoral, nos informamos.","sameAs":["http:\/\/www.isletasnoticias.com.ar"],"url":"https:\/\/informelitoral.com.ar\/author\/gonzalo\/"}]}},"_links":{"self":[{"href":"https:\/\/informelitoral.com.ar\/%77%70%2d%6a%73%6f%6e\/wp\/v2\/posts\/4870","targetHints":{"allow":["GET"]}}],"collection":[{"href":"https:\/\/informelitoral.com.ar\/%77%70%2d%6a%73%6f%6e\/wp\/v2\/posts"}],"about":[{"href":"https:\/\/informelitoral.com.ar\/%77%70%2d%6a%73%6f%6e\/wp\/v2\/types\/post"}],"author":[{"embeddable":true,"href":"https:\/\/informelitoral.com.ar\/%77%70%2d%6a%73%6f%6e\/wp\/v2\/users\/2"}],"replies":[{"embeddable":true,"href":"https:\/\/informelitoral.com.ar\/%77%70%2d%6a%73%6f%6e\/wp\/v2\/comments?post=4870"}],"version-history":[{"count":0,"href":"https:\/\/informelitoral.com.ar\/%77%70%2d%6a%73%6f%6e\/wp\/v2\/posts\/4870\/revisions"}],"wp:attachment":[{"href":"https:\/\/informelitoral.com.ar\/%77%70%2d%6a%73%6f%6e\/wp\/v2\/media?parent=4870"}],"wp:term":[{"taxonomy":"category","embeddable":true,"href":"https:\/\/informelitoral.com.ar\/%77%70%2d%6a%73%6f%6e\/wp\/v2\/categories?post=4870"},{"taxonomy":"post_tag","embeddable":true,"href":"https:\/\/informelitoral.com.ar\/%77%70%2d%6a%73%6f%6e\/wp\/v2\/tags?post=4870"}],"curies":[{"name":"wp","href":"https:\/\/api.w.org\/{rel}","templated":true}]}}