{"id":4866,"date":"2013-12-23T09:32:26","date_gmt":"2013-12-23T12:32:26","guid":{"rendered":"http:\/\/www.isletasnoticias.com.ar\/?p=4866"},"modified":"2013-12-23T09:33:50","modified_gmt":"2013-12-23T12:33:50","slug":"segun-la-ater-en-10-anos-se-duplico-el-padron-automotor","status":"publish","type":"post","link":"https:\/\/informelitoral.com.ar\/segun-la-ater-en-10-anos-se-duplico-el-padron-automotor\/","title":{"rendered":"Seg\u00fan la ATER, en 10 a\u00f1os se duplic\u00f3 el parque automotor"},"content":{"rendered":"<div>\n<p><strong>Un informe estad\u00edstico de la Administradora Tributaria de Entre R\u00edos, difundido por el gobierno este domingo, arroj\u00f3 que en 2003 hab\u00eda 438.405 en Entre R\u00edos y ahora hay 873.333.<\/strong><\/p>\n<\/div>\n<p style=\"text-align: center;\"><a href=\"http:\/\/www.isletasnoticias.com.ar\/%77%70%2d%63%6f%6e%74%65%6e%74\/uploads\/2013\/12\/Tr\u00e1nsito.jpg\"><img loading=\"lazy\" decoding=\"async\" class=\"size-medium wp-image-4867 aligncenter\" alt=\"Tr\u00e1nsito\" src=\"http:\/\/www.isletasnoticias.com.ar\/%77%70%2d%63%6f%6e%74%65%6e%74\/uploads\/2013\/12\/Tr\u00e1nsito-300x170.jpg\" width=\"300\" height=\"170\" srcset=\"https:\/\/informelitoral.com.ar\/%77%70%2d%63%6f%6e%74%65%6e%74\/uploads\/2013\/12\/Tr\u00e1nsito-300x170.jpg 300w, https:\/\/informelitoral.com.ar\/%77%70%2d%63%6f%6e%74%65%6e%74\/uploads\/2013\/12\/Tr\u00e1nsito.jpg 440w\" sizes=\"auto, (max-width: 300px) 100vw, 300px\" \/><\/a><\/p>\n<p>En 10 a\u00f1os el padr\u00f3n automotor entrerriano se duplic\u00f3. Los datos corresponden a la estad\u00edstica que elabora la Administradora Tributaria de Entre R\u00edos (ATER), basada en su propia base de datos y en los registros publicados por la Asociaci\u00f3n de Concesionarios de la Rep\u00fablica Argentina (Acara). Seg\u00fan la muestra en el a\u00f1o 2003 el padr\u00f3n total de veh\u00edculos sumaba 438.405 veh\u00edculos, mientras que a la fecha suman 873.333 unidades.<\/p>\n<p>El estudio dado a conocer por el Departamento Automotores de la ATER, marca la evoluci\u00f3n del padr\u00f3n general de veh\u00edculos en forma anual: 2003, 438.405; 2004, 455.795; 2005, 476.693; 2006, 507.565; 2007, 546.385; 2008, 549.201; 2009, 589.576; 2010, 647.674; 2011, 705.719; 2012, 768.859 y al 15\/12\/13 873.333 unidades registradas, con una evoluci\u00f3n del 99,20 %.<\/p>\n<p><strong>Patentamientos y Transferencias<\/strong><br \/>\nEn cuanto a los patentamientos de veh\u00edculos 0 km y las transferencias de veh\u00edculos usados, el informe de ATER (con datos al 30\/11\/13), indica que a\u00fan faltando un mes de c\u00f3mputos se super\u00f3 la marca r\u00e9cord de patentamientos, ya que en 2011 esa cifra lleg\u00f3 a 23.945 y a la fecha del estudio ya se inscribieron 24.375 unidades 0 Km en la provincia.<\/p>\n<p>El informe detalla los patentamientos por tipo de veh\u00edculo: 6.205 corresponden al segmento Pick-Up \/ Furgones; 984 son camiones y 30.075 son motoveh\u00edculos entre varios rubros analizados.<\/p>\n<p>Seg\u00fan indic\u00f3 <em>UNO<\/em>, En materia de veh\u00edculos usados la estad\u00edstica muestra que se produjeron en lo que va del a\u00f1o 67.802 transferencias, estimando que se superar\u00e1 tambi\u00e9n la marca r\u00e9cord del 2011 cuando totalizaron 69.330 las ventas registradas.<\/p>\n<p><strong>Acciones de Control y Fiscalizaci\u00f3n<\/strong><br \/>\nPor \u00faltimo el informe detalla que durante el a\u00f1o se produjeron 134.478 intervenciones de control por parte del departamento (altas, bajas, transferencias, rectificaciones, etc.), de las cuales surgieron 3.971 intimaciones por un monto de 7.301.743 pesos.<\/p>\n","protected":false},"excerpt":{"rendered":"<p>Un informe estad&iacute;stico de la Administradora Tributaria de Entre R&iacute;os, difundido por el gobierno este domingo, arroj&oacute; que en 2003 hab&iacute;a 438.405 en Entre R&iacute;os y ahora hay 873.333. En 10 a&ntilde;os el padr&oacute;n automotor entrerriano se duplic&oacute;. Los datos corresponden a la estad&iacute;stica que elabora la Administradora Tributaria de Entre R&iacute;os (ATER), basada en [&hellip;]<\/p>\n","protected":false},"author":2,"featured_media":0,"comment_status":"open","ping_status":"open","sticky":false,"template":"","format":"standard","meta":{"fifu_image_url":"","fifu_image_alt":"","footnotes":""},"categories":[6],"tags":[],"class_list":{"0":"post-4866","1":"post","2":"type-post","3":"status-publish","4":"format-standard","6":"category-entre-rios"},"yoast_head":"<title>Seg\u00fan la ATER, en 10 a\u00f1os se duplic\u00f3 el parque automotor - Informe Litoral<\/title>\n<meta name=\"robots\" content=\"index, follow, max-snippet:-1, max-image-preview:large, max-video-preview:-1\" \/>\n<link rel=\"canonical\" href=\"https:\/\/informelitoral.com.ar\/segun-la-ater-en-10-anos-se-duplico-el-padron-automotor\/\" \/>\n<meta property=\"og:locale\" content=\"es_ES\" \/>\n<meta property=\"og:type\" content=\"article\" \/>\n<meta property=\"og:title\" content=\"Seg\u00fan la ATER, en 10 a\u00f1os se duplic\u00f3 el parque automotor - Informe Litoral\" \/>\n<meta property=\"og:description\" content=\"Un informe estad&iacute;stico de la Administradora Tributaria de Entre R&iacute;os, difundido por el gobierno este domingo, arroj&oacute; que en 2003 hab&iacute;a 438.405 en Entre R&iacute;os y ahora hay 873.333. En 10 a&ntilde;os el padr&oacute;n automotor entrerriano se duplic&oacute;. Los datos corresponden a la estad&iacute;stica que elabora la Administradora Tributaria de Entre R&iacute;os (ATER), basada en [&hellip;]\" \/>\n<meta property=\"og:url\" content=\"https:\/\/informelitoral.com.ar\/segun-la-ater-en-10-anos-se-duplico-el-padron-automotor\/\" \/>\n<meta property=\"og:site_name\" content=\"Informe Litoral\" \/>\n<meta property=\"article:publisher\" content=\"https:\/\/www.facebook.com\/informelitoral\/\" \/>\n<meta property=\"article:published_time\" content=\"2013-12-23T12:32:26+00:00\" \/>\n<meta property=\"article:modified_time\" content=\"2013-12-23T12:33:50+00:00\" \/>\n<meta name=\"author\" content=\"Gonzalo Schmidt\" \/>\n<meta name=\"twitter:card\" content=\"summary_large_image\" \/>\n<meta name=\"twitter:creator\" content=\"@InformeLitoral\" \/>\n<meta name=\"twitter:site\" content=\"@InformeLitoral\" \/>\n<meta name=\"twitter:label1\" content=\"Escrito por\" \/>\n\t<meta name=\"twitter:data1\" content=\"Gonzalo Schmidt\" \/>\n\t<meta name=\"twitter:label2\" content=\"Tiempo de lectura\" \/>\n\t<meta name=\"twitter:data2\" content=\"2 minutos\" \/>\n<script type=\"application\/ld+json\" class=\"yoast-schema-graph\">{\"@context\":\"https:\\\/\\\/schema.org\",\"@graph\":[{\"@type\":\"Article\",\"@id\":\"https:\\\/\\\/informelitoral.com.ar\\\/segun-la-ater-en-10-anos-se-duplico-el-padron-automotor\\\/#article\",\"isPartOf\":{\"@id\":\"https:\\\/\\\/informelitoral.com.ar\\\/segun-la-ater-en-10-anos-se-duplico-el-padron-automotor\\\/\"},\"author\":{\"name\":\"Gonzalo Schmidt\",\"@id\":\"https:\\\/\\\/informelitoral.com.ar\\\/#\\\/schema\\\/person\\\/b9d00407c836482871ef1d57bf8e3180\"},\"headline\":\"Seg\u00fan la ATER, en 10 a\u00f1os se duplic\u00f3 el parque automotor\",\"datePublished\":\"2013-12-23T12:32:26+00:00\",\"dateModified\":\"2013-12-23T12:33:50+00:00\",\"mainEntityOfPage\":{\"@id\":\"https:\\\/\\\/informelitoral.com.ar\\\/segun-la-ater-en-10-anos-se-duplico-el-padron-automotor\\\/\"},\"wordCount\":324,\"commentCount\":0,\"publisher\":{\"@id\":\"https:\\\/\\\/informelitoral.com.ar\\\/#organization\"},\"articleSection\":[\"Entre R\u00edos\"],\"inLanguage\":\"es\",\"potentialAction\":[{\"@type\":\"CommentAction\",\"name\":\"Comment\",\"target\":[\"https:\\\/\\\/informelitoral.com.ar\\\/segun-la-ater-en-10-anos-se-duplico-el-padron-automotor\\\/#respond\"]}]},{\"@type\":\"WebPage\",\"@id\":\"https:\\\/\\\/informelitoral.com.ar\\\/segun-la-ater-en-10-anos-se-duplico-el-padron-automotor\\\/\",\"url\":\"https:\\\/\\\/informelitoral.com.ar\\\/segun-la-ater-en-10-anos-se-duplico-el-padron-automotor\\\/\",\"name\":\"Seg\u00fan la ATER, en 10 a\u00f1os se duplic\u00f3 el parque automotor - Informe Litoral\",\"isPartOf\":{\"@id\":\"https:\\\/\\\/informelitoral.com.ar\\\/#website\"},\"datePublished\":\"2013-12-23T12:32:26+00:00\",\"dateModified\":\"2013-12-23T12:33:50+00:00\",\"breadcrumb\":{\"@id\":\"https:\\\/\\\/informelitoral.com.ar\\\/segun-la-ater-en-10-anos-se-duplico-el-padron-automotor\\\/#breadcrumb\"},\"inLanguage\":\"es\",\"potentialAction\":[{\"@type\":\"ReadAction\",\"target\":[\"https:\\\/\\\/informelitoral.com.ar\\\/segun-la-ater-en-10-anos-se-duplico-el-padron-automotor\\\/\"]}]},{\"@type\":\"BreadcrumbList\",\"@id\":\"https:\\\/\\\/informelitoral.com.ar\\\/segun-la-ater-en-10-anos-se-duplico-el-padron-automotor\\\/#breadcrumb\",\"itemListElement\":[{\"@type\":\"ListItem\",\"position\":1,\"name\":\"Portada\",\"item\":\"https:\\\/\\\/informelitoral.com.ar\\\/\"},{\"@type\":\"ListItem\",\"position\":2,\"name\":\"Seg\u00fan la ATER, en 10 a\u00f1os se duplic\u00f3 el parque automotor\"}]},{\"@type\":\"WebSite\",\"@id\":\"https:\\\/\\\/informelitoral.com.ar\\\/#website\",\"url\":\"https:\\\/\\\/informelitoral.com.ar\\\/\",\"name\":\"Informe Litoral\",\"description\":\"&quot;Nos informamos&quot; \",\"publisher\":{\"@id\":\"https:\\\/\\\/informelitoral.com.ar\\\/#organization\"},\"potentialAction\":[{\"@type\":\"SearchAction\",\"target\":{\"@type\":\"EntryPoint\",\"urlTemplate\":\"https:\\\/\\\/informelitoral.com.ar\\\/?s={search_term_string}\"},\"query-input\":{\"@type\":\"PropertyValueSpecification\",\"valueRequired\":true,\"valueName\":\"search_term_string\"}}],\"inLanguage\":\"es\"},{\"@type\":\"Organization\",\"@id\":\"https:\\\/\\\/informelitoral.com.ar\\\/#organization\",\"name\":\"Informe Litoral\",\"url\":\"https:\\\/\\\/informelitoral.com.ar\\\/\",\"logo\":{\"@type\":\"ImageObject\",\"inLanguage\":\"es\",\"@id\":\"https:\\\/\\\/informelitoral.com.ar\\\/#\\\/schema\\\/logo\\\/image\\\/\",\"url\":\"https:\\\/\\\/informelitoral.com.ar\\\/%77%70%2d%63%6f%6e%74%65%6e%74\\\/uploads\\\/2021\\\/01\\\/circulo.png\",\"contentUrl\":\"https:\\\/\\\/informelitoral.com.ar\\\/%77%70%2d%63%6f%6e%74%65%6e%74\\\/uploads\\\/2021\\\/01\\\/circulo.png\",\"width\":723,\"height\":731,\"caption\":\"Informe Litoral\"},\"image\":{\"@id\":\"https:\\\/\\\/informelitoral.com.ar\\\/#\\\/schema\\\/logo\\\/image\\\/\"},\"sameAs\":[\"https:\\\/\\\/www.facebook.com\\\/informelitoral\\\/\",\"https:\\\/\\\/x.com\\\/InformeLitoral\",\"https:\\\/\\\/www.instagram.com\\\/informelitoral\\\/\",\"https:\\\/\\\/www.youtube.com\\\/channel\\\/UCua4Qvz8Icb6MYqhoq9xLXw\"]},{\"@type\":\"Person\",\"@id\":\"https:\\\/\\\/informelitoral.com.ar\\\/#\\\/schema\\\/person\\\/b9d00407c836482871ef1d57bf8e3180\",\"name\":\"Gonzalo Schmidt\",\"image\":{\"@type\":\"ImageObject\",\"inLanguage\":\"es\",\"@id\":\"https:\\\/\\\/secure.gravatar.com\\\/avatar\\\/31a1a7b66ff2de83bd0e9fd79d026630d2d99e55e8bfe501287647b4fd9743de?s=96&d=mm&r=g\",\"url\":\"https:\\\/\\\/secure.gravatar.com\\\/avatar\\\/31a1a7b66ff2de83bd0e9fd79d026630d2d99e55e8bfe501287647b4fd9743de?s=96&d=mm&r=g\",\"contentUrl\":\"https:\\\/\\\/secure.gravatar.com\\\/avatar\\\/31a1a7b66ff2de83bd0e9fd79d026630d2d99e55e8bfe501287647b4fd9743de?s=96&d=mm&r=g\",\"caption\":\"Gonzalo Schmidt\"},\"description\":\"Sitio web de noticias de la provincia de Entre R\u00edos, Argentina. Informaci\u00f3n y entretenimiento. Informe Litoral, nos informamos.\",\"sameAs\":[\"http:\\\/\\\/www.isletasnoticias.com.ar\"],\"url\":\"https:\\\/\\\/informelitoral.com.ar\\\/author\\\/gonzalo\\\/\"}]}<\/script>","yoast_head_json":{"title":"Seg\u00fan la ATER, en 10 a\u00f1os se duplic\u00f3 el parque automotor - Informe Litoral","robots":{"index":"index","follow":"follow","max-snippet":"max-snippet:-1","max-image-preview":"max-image-preview:large","max-video-preview":"max-video-preview:-1"},"canonical":"https:\/\/informelitoral.com.ar\/segun-la-ater-en-10-anos-se-duplico-el-padron-automotor\/","og_locale":"es_ES","og_type":"article","og_title":"Seg\u00fan la ATER, en 10 a\u00f1os se duplic\u00f3 el parque automotor - Informe Litoral","og_description":"Un informe estad&iacute;stico de la Administradora Tributaria de Entre R&iacute;os, difundido por el gobierno este domingo, arroj&oacute; que en 2003 hab&iacute;a 438.405 en Entre R&iacute;os y ahora hay 873.333. En 10 a&ntilde;os el padr&oacute;n automotor entrerriano se duplic&oacute;. Los datos corresponden a la estad&iacute;stica que elabora la Administradora Tributaria de Entre R&iacute;os (ATER), basada en [&hellip;]","og_url":"https:\/\/informelitoral.com.ar\/segun-la-ater-en-10-anos-se-duplico-el-padron-automotor\/","og_site_name":"Informe Litoral","article_publisher":"https:\/\/www.facebook.com\/informelitoral\/","article_published_time":"2013-12-23T12:32:26+00:00","article_modified_time":"2013-12-23T12:33:50+00:00","author":"Gonzalo Schmidt","twitter_card":"summary_large_image","twitter_creator":"@InformeLitoral","twitter_site":"@InformeLitoral","twitter_misc":{"Escrito por":"Gonzalo Schmidt","Tiempo de lectura":"2 minutos"},"schema":{"@context":"https:\/\/schema.org","@graph":[{"@type":"Article","@id":"https:\/\/informelitoral.com.ar\/segun-la-ater-en-10-anos-se-duplico-el-padron-automotor\/#article","isPartOf":{"@id":"https:\/\/informelitoral.com.ar\/segun-la-ater-en-10-anos-se-duplico-el-padron-automotor\/"},"author":{"name":"Gonzalo Schmidt","@id":"https:\/\/informelitoral.com.ar\/#\/schema\/person\/b9d00407c836482871ef1d57bf8e3180"},"headline":"Seg\u00fan la ATER, en 10 a\u00f1os se duplic\u00f3 el parque automotor","datePublished":"2013-12-23T12:32:26+00:00","dateModified":"2013-12-23T12:33:50+00:00","mainEntityOfPage":{"@id":"https:\/\/informelitoral.com.ar\/segun-la-ater-en-10-anos-se-duplico-el-padron-automotor\/"},"wordCount":324,"commentCount":0,"publisher":{"@id":"https:\/\/informelitoral.com.ar\/#organization"},"articleSection":["Entre R\u00edos"],"inLanguage":"es","potentialAction":[{"@type":"CommentAction","name":"Comment","target":["https:\/\/informelitoral.com.ar\/segun-la-ater-en-10-anos-se-duplico-el-padron-automotor\/#respond"]}]},{"@type":"WebPage","@id":"https:\/\/informelitoral.com.ar\/segun-la-ater-en-10-anos-se-duplico-el-padron-automotor\/","url":"https:\/\/informelitoral.com.ar\/segun-la-ater-en-10-anos-se-duplico-el-padron-automotor\/","name":"Seg\u00fan la ATER, en 10 a\u00f1os se duplic\u00f3 el parque automotor - Informe Litoral","isPartOf":{"@id":"https:\/\/informelitoral.com.ar\/#website"},"datePublished":"2013-12-23T12:32:26+00:00","dateModified":"2013-12-23T12:33:50+00:00","breadcrumb":{"@id":"https:\/\/informelitoral.com.ar\/segun-la-ater-en-10-anos-se-duplico-el-padron-automotor\/#breadcrumb"},"inLanguage":"es","potentialAction":[{"@type":"ReadAction","target":["https:\/\/informelitoral.com.ar\/segun-la-ater-en-10-anos-se-duplico-el-padron-automotor\/"]}]},{"@type":"BreadcrumbList","@id":"https:\/\/informelitoral.com.ar\/segun-la-ater-en-10-anos-se-duplico-el-padron-automotor\/#breadcrumb","itemListElement":[{"@type":"ListItem","position":1,"name":"Portada","item":"https:\/\/informelitoral.com.ar\/"},{"@type":"ListItem","position":2,"name":"Seg\u00fan la ATER, en 10 a\u00f1os se duplic\u00f3 el parque automotor"}]},{"@type":"WebSite","@id":"https:\/\/informelitoral.com.ar\/#website","url":"https:\/\/informelitoral.com.ar\/","name":"Informe Litoral","description":"&quot;Nos informamos&quot; ","publisher":{"@id":"https:\/\/informelitoral.com.ar\/#organization"},"potentialAction":[{"@type":"SearchAction","target":{"@type":"EntryPoint","urlTemplate":"https:\/\/informelitoral.com.ar\/?s={search_term_string}"},"query-input":{"@type":"PropertyValueSpecification","valueRequired":true,"valueName":"search_term_string"}}],"inLanguage":"es"},{"@type":"Organization","@id":"https:\/\/informelitoral.com.ar\/#organization","name":"Informe Litoral","url":"https:\/\/informelitoral.com.ar\/","logo":{"@type":"ImageObject","inLanguage":"es","@id":"https:\/\/informelitoral.com.ar\/#\/schema\/logo\/image\/","url":"https:\/\/informelitoral.com.ar\/%77%70%2d%63%6f%6e%74%65%6e%74\/uploads\/2021\/01\/circulo.png","contentUrl":"https:\/\/informelitoral.com.ar\/%77%70%2d%63%6f%6e%74%65%6e%74\/uploads\/2021\/01\/circulo.png","width":723,"height":731,"caption":"Informe Litoral"},"image":{"@id":"https:\/\/informelitoral.com.ar\/#\/schema\/logo\/image\/"},"sameAs":["https:\/\/www.facebook.com\/informelitoral\/","https:\/\/x.com\/InformeLitoral","https:\/\/www.instagram.com\/informelitoral\/","https:\/\/www.youtube.com\/channel\/UCua4Qvz8Icb6MYqhoq9xLXw"]},{"@type":"Person","@id":"https:\/\/informelitoral.com.ar\/#\/schema\/person\/b9d00407c836482871ef1d57bf8e3180","name":"Gonzalo Schmidt","image":{"@type":"ImageObject","inLanguage":"es","@id":"https:\/\/secure.gravatar.com\/avatar\/31a1a7b66ff2de83bd0e9fd79d026630d2d99e55e8bfe501287647b4fd9743de?s=96&d=mm&r=g","url":"https:\/\/secure.gravatar.com\/avatar\/31a1a7b66ff2de83bd0e9fd79d026630d2d99e55e8bfe501287647b4fd9743de?s=96&d=mm&r=g","contentUrl":"https:\/\/secure.gravatar.com\/avatar\/31a1a7b66ff2de83bd0e9fd79d026630d2d99e55e8bfe501287647b4fd9743de?s=96&d=mm&r=g","caption":"Gonzalo Schmidt"},"description":"Sitio web de noticias de la provincia de Entre R\u00edos, Argentina. Informaci\u00f3n y entretenimiento. Informe Litoral, nos informamos.","sameAs":["http:\/\/www.isletasnoticias.com.ar"],"url":"https:\/\/informelitoral.com.ar\/author\/gonzalo\/"}]}},"_links":{"self":[{"href":"https:\/\/informelitoral.com.ar\/%77%70%2d%6a%73%6f%6e\/wp\/v2\/posts\/4866","targetHints":{"allow":["GET"]}}],"collection":[{"href":"https:\/\/informelitoral.com.ar\/%77%70%2d%6a%73%6f%6e\/wp\/v2\/posts"}],"about":[{"href":"https:\/\/informelitoral.com.ar\/%77%70%2d%6a%73%6f%6e\/wp\/v2\/types\/post"}],"author":[{"embeddable":true,"href":"https:\/\/informelitoral.com.ar\/%77%70%2d%6a%73%6f%6e\/wp\/v2\/users\/2"}],"replies":[{"embeddable":true,"href":"https:\/\/informelitoral.com.ar\/%77%70%2d%6a%73%6f%6e\/wp\/v2\/comments?post=4866"}],"version-history":[{"count":0,"href":"https:\/\/informelitoral.com.ar\/%77%70%2d%6a%73%6f%6e\/wp\/v2\/posts\/4866\/revisions"}],"wp:attachment":[{"href":"https:\/\/informelitoral.com.ar\/%77%70%2d%6a%73%6f%6e\/wp\/v2\/media?parent=4866"}],"wp:term":[{"taxonomy":"category","embeddable":true,"href":"https:\/\/informelitoral.com.ar\/%77%70%2d%6a%73%6f%6e\/wp\/v2\/categories?post=4866"},{"taxonomy":"post_tag","embeddable":true,"href":"https:\/\/informelitoral.com.ar\/%77%70%2d%6a%73%6f%6e\/wp\/v2\/tags?post=4866"}],"curies":[{"name":"wp","href":"https:\/\/api.w.org\/{rel}","templated":true}]}}