{"id":48460,"date":"2020-08-28T19:21:29","date_gmt":"2020-08-28T22:21:29","guid":{"rendered":"https:\/\/www.isletasnoticias.com.ar\/?p=48460"},"modified":"2020-08-28T19:21:29","modified_gmt":"2020-08-28T22:21:29","slug":"la-vacuna-contra-el-coronavirus-revelaron-la-fecha-en-la-que-estara-disponible-en-argentina","status":"publish","type":"post","link":"https:\/\/informelitoral.com.ar\/la-vacuna-contra-el-coronavirus-revelaron-la-fecha-en-la-que-estara-disponible-en-argentina\/","title":{"rendered":"La vacuna contra el coronavirus: Revelaron la fecha en la que estar\u00e1 disponible en Argentina"},"content":{"rendered":"<p>En medio del preocupante aumento de\u00a0casos de coronavirus\u00a0en la Argentina, los laboratorios que encabezar\u00e1n la producci\u00f3n y distribuci\u00f3n en Am\u00e9rica Latina de la\u00a0<strong>vacuna<\/strong>\u00a0de la Universidad de Oxford se\u00f1alaron que las primeras dosis estar\u00e1n disponibles en abril del 2021.<\/p>\n<p>\u201cNuestro objetivo es que\u00a0<em><strong>a partir de marzo empecemos a fabricar el producto terminado, que ser\u00e1 distribuido de manera equitativa de acuerdo a la iniciativa de los gobiernos de Latinoam\u00e9rica y el Caribe\u201d<\/strong><\/em>, dijo Alfredo Rimoch, director general del laboratorio mexicano Liomont.<\/p>\n<p>Asimismo, el directivo destac\u00f3 que la empresa farmac\u00e9utica AstraZeneca (que fabrica la vacuna de Oxford) ser\u00e1 la encargada \u201cde la \u00faltima etapa de venta y distribuci\u00f3n\u201d.<\/p>\n<p>El anuncio fue dado en el marco de\u00a0la conferencia web denominada\u00a0\u201cL\u00edderes por la salud y la humanidad\u201d.\u00a0<em><strong>\u201cEsperamos ya tener las primeras dosis de producto terminado alrededor del mes de marzo\u201d<\/strong><\/em>, asegur\u00f3 Rimoch.<\/p>\n<p>A su vez el empresario agreg\u00f3 que est\u00e1n trabajando \u201cbajo objetivos muy r\u00edgidos, muy intensos, de organizaci\u00f3n en cuanto a preparar la infraestructura de las plantas para echar a andar la transferencia de tecnolog\u00eda que ser\u00e1 organizada desde la compa\u00f1\u00eda AstraZeneca hacia nosotros y arrancar este proceso sin saltar ninguna etapa\u201d.<\/p>\n<p>Por su parte, Hugo Sigman, due\u00f1o del Grupo Insud al que pertenece la compa\u00f1\u00eda\u00a0mAbxience, y quien tambi\u00e9n particip\u00f3 del encuentro virtual, sostuvo que \u201cla vacuna terminar\u00e1 de producirse en marzo y podr\u00e1 comenzar a distribuirse en abril\u201d.<\/p>\n<p>\u201cCuando la Fundaci\u00f3n Slim y la compa\u00f1\u00eda AstraZeneca nos convocaron, nos propusieron que la vacuna salga casi simult\u00e1neamente con el resto del mundo, ya que<em><strong>\u00a0si no se fabricaba en Latinoam\u00e9rica y seguramente iba a llegar con 6, 8 o hasta 12 meses despu\u00e9s de haber salido en otras partes del mundo\u201d<\/strong><\/em>, asever\u00f3 Sigma.<\/p>\n<p>(Fuente: la100.cienradios.com)<\/p>\n","protected":false},"excerpt":{"rendered":"<p>En medio del preocupante aumento de&nbsp;casos de coronavirus&nbsp;en la Argentina, los laboratorios que encabezar&aacute;n la producci&oacute;n y distribuci&oacute;n en Am&eacute;rica Latina de la&nbsp;vacuna&nbsp;de la Universidad de Oxford se&ntilde;alaron que las primeras dosis estar&aacute;n disponibles en abril del 2021. &ldquo;Nuestro objetivo es que&nbsp;a partir de marzo empecemos a fabricar el producto terminado, que ser&aacute; distribuido de [&hellip;]<\/p>\n","protected":false},"author":8,"featured_media":24271,"comment_status":"open","ping_status":"open","sticky":false,"template":"","format":"standard","meta":{"fifu_image_url":"","fifu_image_alt":"","footnotes":""},"categories":[9],"tags":[1426,652,1566],"class_list":{"0":"post-48460","1":"post","2":"type-post","3":"status-publish","4":"format-standard","5":"has-post-thumbnail","7":"category-sociedad","8":"tag-coronavirus","9":"tag-salud-publica","10":"tag-vacuna"},"yoast_head":"<title>La vacuna contra el coronavirus: Revelaron la fecha en la que estar\u00e1 disponible en Argentina - Informe Litoral<\/title>\n<meta name=\"robots\" content=\"index, follow, max-snippet:-1, max-image-preview:large, max-video-preview:-1\" \/>\n<link rel=\"canonical\" href=\"https:\/\/informelitoral.com.ar\/la-vacuna-contra-el-coronavirus-revelaron-la-fecha-en-la-que-estara-disponible-en-argentina\/\" \/>\n<meta property=\"og:locale\" content=\"es_ES\" \/>\n<meta property=\"og:type\" content=\"article\" \/>\n<meta property=\"og:title\" content=\"La vacuna contra el coronavirus: Revelaron la fecha en la que estar\u00e1 disponible en Argentina - Informe Litoral\" \/>\n<meta property=\"og:description\" content=\"En medio del preocupante aumento de&nbsp;casos de coronavirus&nbsp;en la Argentina, los laboratorios que encabezar&aacute;n la producci&oacute;n y distribuci&oacute;n en Am&eacute;rica Latina de la&nbsp;vacuna&nbsp;de la Universidad de Oxford se&ntilde;alaron que las primeras dosis estar&aacute;n disponibles en abril del 2021. &ldquo;Nuestro objetivo es que&nbsp;a partir de marzo empecemos a fabricar el producto terminado, que ser&aacute; distribuido de [&hellip;]\" \/>\n<meta property=\"og:url\" content=\"https:\/\/informelitoral.com.ar\/la-vacuna-contra-el-coronavirus-revelaron-la-fecha-en-la-que-estara-disponible-en-argentina\/\" \/>\n<meta property=\"og:site_name\" content=\"Informe Litoral\" \/>\n<meta property=\"article:publisher\" content=\"https:\/\/www.facebook.com\/informelitoral\/\" \/>\n<meta property=\"article:published_time\" content=\"2020-08-28T22:21:29+00:00\" \/>\n<meta property=\"og:image\" content=\"https:\/\/informelitoral.com.ar\/%77%70%2d%63%6f%6e%74%65%6e%74\/uploads\/2017\/12\/vacuna-hpv.jpg\" \/>\n\t<meta property=\"og:image:width\" content=\"728\" \/>\n\t<meta property=\"og:image:height\" content=\"410\" \/>\n\t<meta property=\"og:image:type\" content=\"image\/jpeg\" \/>\n<meta name=\"author\" content=\"Sebastian\" \/>\n<meta name=\"twitter:card\" content=\"summary_large_image\" \/>\n<meta name=\"twitter:creator\" content=\"@InformeLitoral\" \/>\n<meta name=\"twitter:site\" content=\"@InformeLitoral\" \/>\n<meta name=\"twitter:label1\" content=\"Escrito por\" \/>\n\t<meta name=\"twitter:data1\" content=\"Sebastian\" \/>\n\t<meta name=\"twitter:label2\" content=\"Tiempo de lectura\" \/>\n\t<meta name=\"twitter:data2\" content=\"2 minutos\" \/>\n<script type=\"application\/ld+json\" class=\"yoast-schema-graph\">{\"@context\":\"https:\\\/\\\/schema.org\",\"@graph\":[{\"@type\":\"Article\",\"@id\":\"https:\\\/\\\/informelitoral.com.ar\\\/la-vacuna-contra-el-coronavirus-revelaron-la-fecha-en-la-que-estara-disponible-en-argentina\\\/#article\",\"isPartOf\":{\"@id\":\"https:\\\/\\\/informelitoral.com.ar\\\/la-vacuna-contra-el-coronavirus-revelaron-la-fecha-en-la-que-estara-disponible-en-argentina\\\/\"},\"author\":{\"name\":\"Sebastian\",\"@id\":\"https:\\\/\\\/informelitoral.com.ar\\\/#\\\/schema\\\/person\\\/f05f9f461677119578717524b127d6d5\"},\"headline\":\"La vacuna contra el coronavirus: Revelaron la fecha en la que estar\u00e1 disponible en Argentina\",\"datePublished\":\"2020-08-28T22:21:29+00:00\",\"mainEntityOfPage\":{\"@id\":\"https:\\\/\\\/informelitoral.com.ar\\\/la-vacuna-contra-el-coronavirus-revelaron-la-fecha-en-la-que-estara-disponible-en-argentina\\\/\"},\"wordCount\":326,\"commentCount\":0,\"publisher\":{\"@id\":\"https:\\\/\\\/informelitoral.com.ar\\\/#organization\"},\"image\":{\"@id\":\"https:\\\/\\\/informelitoral.com.ar\\\/la-vacuna-contra-el-coronavirus-revelaron-la-fecha-en-la-que-estara-disponible-en-argentina\\\/#primaryimage\"},\"thumbnailUrl\":\"https:\\\/\\\/informelitoral.com.ar\\\/%77%70%2d%63%6f%6e%74%65%6e%74\\\/uploads\\\/2017\\\/12\\\/vacuna-hpv.jpg\",\"keywords\":[\"Coronavirus\",\"Salud p\u00fablica\",\"vacuna\"],\"articleSection\":[\"Sociedad\"],\"inLanguage\":\"es\",\"potentialAction\":[{\"@type\":\"CommentAction\",\"name\":\"Comment\",\"target\":[\"https:\\\/\\\/informelitoral.com.ar\\\/la-vacuna-contra-el-coronavirus-revelaron-la-fecha-en-la-que-estara-disponible-en-argentina\\\/#respond\"]}]},{\"@type\":\"WebPage\",\"@id\":\"https:\\\/\\\/informelitoral.com.ar\\\/la-vacuna-contra-el-coronavirus-revelaron-la-fecha-en-la-que-estara-disponible-en-argentina\\\/\",\"url\":\"https:\\\/\\\/informelitoral.com.ar\\\/la-vacuna-contra-el-coronavirus-revelaron-la-fecha-en-la-que-estara-disponible-en-argentina\\\/\",\"name\":\"La vacuna contra el coronavirus: Revelaron la fecha en la que estar\u00e1 disponible en Argentina - Informe Litoral\",\"isPartOf\":{\"@id\":\"https:\\\/\\\/informelitoral.com.ar\\\/#website\"},\"primaryImageOfPage\":{\"@id\":\"https:\\\/\\\/informelitoral.com.ar\\\/la-vacuna-contra-el-coronavirus-revelaron-la-fecha-en-la-que-estara-disponible-en-argentina\\\/#primaryimage\"},\"image\":{\"@id\":\"https:\\\/\\\/informelitoral.com.ar\\\/la-vacuna-contra-el-coronavirus-revelaron-la-fecha-en-la-que-estara-disponible-en-argentina\\\/#primaryimage\"},\"thumbnailUrl\":\"https:\\\/\\\/informelitoral.com.ar\\\/%77%70%2d%63%6f%6e%74%65%6e%74\\\/uploads\\\/2017\\\/12\\\/vacuna-hpv.jpg\",\"datePublished\":\"2020-08-28T22:21:29+00:00\",\"breadcrumb\":{\"@id\":\"https:\\\/\\\/informelitoral.com.ar\\\/la-vacuna-contra-el-coronavirus-revelaron-la-fecha-en-la-que-estara-disponible-en-argentina\\\/#breadcrumb\"},\"inLanguage\":\"es\",\"potentialAction\":[{\"@type\":\"ReadAction\",\"target\":[\"https:\\\/\\\/informelitoral.com.ar\\\/la-vacuna-contra-el-coronavirus-revelaron-la-fecha-en-la-que-estara-disponible-en-argentina\\\/\"]}]},{\"@type\":\"ImageObject\",\"inLanguage\":\"es\",\"@id\":\"https:\\\/\\\/informelitoral.com.ar\\\/la-vacuna-contra-el-coronavirus-revelaron-la-fecha-en-la-que-estara-disponible-en-argentina\\\/#primaryimage\",\"url\":\"https:\\\/\\\/informelitoral.com.ar\\\/%77%70%2d%63%6f%6e%74%65%6e%74\\\/uploads\\\/2017\\\/12\\\/vacuna-hpv.jpg\",\"contentUrl\":\"https:\\\/\\\/informelitoral.com.ar\\\/%77%70%2d%63%6f%6e%74%65%6e%74\\\/uploads\\\/2017\\\/12\\\/vacuna-hpv.jpg\",\"width\":728,\"height\":410},{\"@type\":\"BreadcrumbList\",\"@id\":\"https:\\\/\\\/informelitoral.com.ar\\\/la-vacuna-contra-el-coronavirus-revelaron-la-fecha-en-la-que-estara-disponible-en-argentina\\\/#breadcrumb\",\"itemListElement\":[{\"@type\":\"ListItem\",\"position\":1,\"name\":\"Portada\",\"item\":\"https:\\\/\\\/informelitoral.com.ar\\\/\"},{\"@type\":\"ListItem\",\"position\":2,\"name\":\"La vacuna contra el coronavirus: Revelaron la fecha en la que estar\u00e1 disponible en Argentina\"}]},{\"@type\":\"WebSite\",\"@id\":\"https:\\\/\\\/informelitoral.com.ar\\\/#website\",\"url\":\"https:\\\/\\\/informelitoral.com.ar\\\/\",\"name\":\"Informe Litoral\",\"description\":\"&quot;Nos informamos&quot; \",\"publisher\":{\"@id\":\"https:\\\/\\\/informelitoral.com.ar\\\/#organization\"},\"potentialAction\":[{\"@type\":\"SearchAction\",\"target\":{\"@type\":\"EntryPoint\",\"urlTemplate\":\"https:\\\/\\\/informelitoral.com.ar\\\/?s={search_term_string}\"},\"query-input\":{\"@type\":\"PropertyValueSpecification\",\"valueRequired\":true,\"valueName\":\"search_term_string\"}}],\"inLanguage\":\"es\"},{\"@type\":\"Organization\",\"@id\":\"https:\\\/\\\/informelitoral.com.ar\\\/#organization\",\"name\":\"Informe Litoral\",\"url\":\"https:\\\/\\\/informelitoral.com.ar\\\/\",\"logo\":{\"@type\":\"ImageObject\",\"inLanguage\":\"es\",\"@id\":\"https:\\\/\\\/informelitoral.com.ar\\\/#\\\/schema\\\/logo\\\/image\\\/\",\"url\":\"https:\\\/\\\/informelitoral.com.ar\\\/%77%70%2d%63%6f%6e%74%65%6e%74\\\/uploads\\\/2021\\\/01\\\/circulo.png\",\"contentUrl\":\"https:\\\/\\\/informelitoral.com.ar\\\/%77%70%2d%63%6f%6e%74%65%6e%74\\\/uploads\\\/2021\\\/01\\\/circulo.png\",\"width\":723,\"height\":731,\"caption\":\"Informe Litoral\"},\"image\":{\"@id\":\"https:\\\/\\\/informelitoral.com.ar\\\/#\\\/schema\\\/logo\\\/image\\\/\"},\"sameAs\":[\"https:\\\/\\\/www.facebook.com\\\/informelitoral\\\/\",\"https:\\\/\\\/x.com\\\/InformeLitoral\",\"https:\\\/\\\/www.instagram.com\\\/informelitoral\\\/\",\"https:\\\/\\\/www.youtube.com\\\/channel\\\/UCua4Qvz8Icb6MYqhoq9xLXw\"]},{\"@type\":\"Person\",\"@id\":\"https:\\\/\\\/informelitoral.com.ar\\\/#\\\/schema\\\/person\\\/f05f9f461677119578717524b127d6d5\",\"name\":\"Sebastian\",\"image\":{\"@type\":\"ImageObject\",\"inLanguage\":\"es\",\"@id\":\"https:\\\/\\\/secure.gravatar.com\\\/avatar\\\/b71bf7481d447dfb9583c7f2798e7cc64de6efb9067b74633ed8c31059a3bd82?s=96&d=mm&r=g\",\"url\":\"https:\\\/\\\/secure.gravatar.com\\\/avatar\\\/b71bf7481d447dfb9583c7f2798e7cc64de6efb9067b74633ed8c31059a3bd82?s=96&d=mm&r=g\",\"contentUrl\":\"https:\\\/\\\/secure.gravatar.com\\\/avatar\\\/b71bf7481d447dfb9583c7f2798e7cc64de6efb9067b74633ed8c31059a3bd82?s=96&d=mm&r=g\",\"caption\":\"Sebastian\"},\"url\":\"https:\\\/\\\/informelitoral.com.ar\\\/author\\\/sebastian\\\/\"}]}<\/script>","yoast_head_json":{"title":"La vacuna contra el coronavirus: Revelaron la fecha en la que estar\u00e1 disponible en Argentina - Informe Litoral","robots":{"index":"index","follow":"follow","max-snippet":"max-snippet:-1","max-image-preview":"max-image-preview:large","max-video-preview":"max-video-preview:-1"},"canonical":"https:\/\/informelitoral.com.ar\/la-vacuna-contra-el-coronavirus-revelaron-la-fecha-en-la-que-estara-disponible-en-argentina\/","og_locale":"es_ES","og_type":"article","og_title":"La vacuna contra el coronavirus: Revelaron la fecha en la que estar\u00e1 disponible en Argentina - Informe Litoral","og_description":"En medio del preocupante aumento de&nbsp;casos de coronavirus&nbsp;en la Argentina, los laboratorios que encabezar&aacute;n la producci&oacute;n y distribuci&oacute;n en Am&eacute;rica Latina de la&nbsp;vacuna&nbsp;de la Universidad de Oxford se&ntilde;alaron que las primeras dosis estar&aacute;n disponibles en abril del 2021. &ldquo;Nuestro objetivo es que&nbsp;a partir de marzo empecemos a fabricar el producto terminado, que ser&aacute; distribuido de [&hellip;]","og_url":"https:\/\/informelitoral.com.ar\/la-vacuna-contra-el-coronavirus-revelaron-la-fecha-en-la-que-estara-disponible-en-argentina\/","og_site_name":"Informe Litoral","article_publisher":"https:\/\/www.facebook.com\/informelitoral\/","article_published_time":"2020-08-28T22:21:29+00:00","og_image":[{"width":728,"height":410,"url":"https:\/\/informelitoral.com.ar\/%77%70%2d%63%6f%6e%74%65%6e%74\/uploads\/2017\/12\/vacuna-hpv.jpg","type":"image\/jpeg"}],"author":"Sebastian","twitter_card":"summary_large_image","twitter_creator":"@InformeLitoral","twitter_site":"@InformeLitoral","twitter_misc":{"Escrito por":"Sebastian","Tiempo de lectura":"2 minutos"},"schema":{"@context":"https:\/\/schema.org","@graph":[{"@type":"Article","@id":"https:\/\/informelitoral.com.ar\/la-vacuna-contra-el-coronavirus-revelaron-la-fecha-en-la-que-estara-disponible-en-argentina\/#article","isPartOf":{"@id":"https:\/\/informelitoral.com.ar\/la-vacuna-contra-el-coronavirus-revelaron-la-fecha-en-la-que-estara-disponible-en-argentina\/"},"author":{"name":"Sebastian","@id":"https:\/\/informelitoral.com.ar\/#\/schema\/person\/f05f9f461677119578717524b127d6d5"},"headline":"La vacuna contra el coronavirus: Revelaron la fecha en la que estar\u00e1 disponible en Argentina","datePublished":"2020-08-28T22:21:29+00:00","mainEntityOfPage":{"@id":"https:\/\/informelitoral.com.ar\/la-vacuna-contra-el-coronavirus-revelaron-la-fecha-en-la-que-estara-disponible-en-argentina\/"},"wordCount":326,"commentCount":0,"publisher":{"@id":"https:\/\/informelitoral.com.ar\/#organization"},"image":{"@id":"https:\/\/informelitoral.com.ar\/la-vacuna-contra-el-coronavirus-revelaron-la-fecha-en-la-que-estara-disponible-en-argentina\/#primaryimage"},"thumbnailUrl":"https:\/\/informelitoral.com.ar\/%77%70%2d%63%6f%6e%74%65%6e%74\/uploads\/2017\/12\/vacuna-hpv.jpg","keywords":["Coronavirus","Salud p\u00fablica","vacuna"],"articleSection":["Sociedad"],"inLanguage":"es","potentialAction":[{"@type":"CommentAction","name":"Comment","target":["https:\/\/informelitoral.com.ar\/la-vacuna-contra-el-coronavirus-revelaron-la-fecha-en-la-que-estara-disponible-en-argentina\/#respond"]}]},{"@type":"WebPage","@id":"https:\/\/informelitoral.com.ar\/la-vacuna-contra-el-coronavirus-revelaron-la-fecha-en-la-que-estara-disponible-en-argentina\/","url":"https:\/\/informelitoral.com.ar\/la-vacuna-contra-el-coronavirus-revelaron-la-fecha-en-la-que-estara-disponible-en-argentina\/","name":"La vacuna contra el coronavirus: Revelaron la fecha en la que estar\u00e1 disponible en Argentina - Informe Litoral","isPartOf":{"@id":"https:\/\/informelitoral.com.ar\/#website"},"primaryImageOfPage":{"@id":"https:\/\/informelitoral.com.ar\/la-vacuna-contra-el-coronavirus-revelaron-la-fecha-en-la-que-estara-disponible-en-argentina\/#primaryimage"},"image":{"@id":"https:\/\/informelitoral.com.ar\/la-vacuna-contra-el-coronavirus-revelaron-la-fecha-en-la-que-estara-disponible-en-argentina\/#primaryimage"},"thumbnailUrl":"https:\/\/informelitoral.com.ar\/%77%70%2d%63%6f%6e%74%65%6e%74\/uploads\/2017\/12\/vacuna-hpv.jpg","datePublished":"2020-08-28T22:21:29+00:00","breadcrumb":{"@id":"https:\/\/informelitoral.com.ar\/la-vacuna-contra-el-coronavirus-revelaron-la-fecha-en-la-que-estara-disponible-en-argentina\/#breadcrumb"},"inLanguage":"es","potentialAction":[{"@type":"ReadAction","target":["https:\/\/informelitoral.com.ar\/la-vacuna-contra-el-coronavirus-revelaron-la-fecha-en-la-que-estara-disponible-en-argentina\/"]}]},{"@type":"ImageObject","inLanguage":"es","@id":"https:\/\/informelitoral.com.ar\/la-vacuna-contra-el-coronavirus-revelaron-la-fecha-en-la-que-estara-disponible-en-argentina\/#primaryimage","url":"https:\/\/informelitoral.com.ar\/%77%70%2d%63%6f%6e%74%65%6e%74\/uploads\/2017\/12\/vacuna-hpv.jpg","contentUrl":"https:\/\/informelitoral.com.ar\/%77%70%2d%63%6f%6e%74%65%6e%74\/uploads\/2017\/12\/vacuna-hpv.jpg","width":728,"height":410},{"@type":"BreadcrumbList","@id":"https:\/\/informelitoral.com.ar\/la-vacuna-contra-el-coronavirus-revelaron-la-fecha-en-la-que-estara-disponible-en-argentina\/#breadcrumb","itemListElement":[{"@type":"ListItem","position":1,"name":"Portada","item":"https:\/\/informelitoral.com.ar\/"},{"@type":"ListItem","position":2,"name":"La vacuna contra el coronavirus: Revelaron la fecha en la que estar\u00e1 disponible en Argentina"}]},{"@type":"WebSite","@id":"https:\/\/informelitoral.com.ar\/#website","url":"https:\/\/informelitoral.com.ar\/","name":"Informe Litoral","description":"&quot;Nos informamos&quot; ","publisher":{"@id":"https:\/\/informelitoral.com.ar\/#organization"},"potentialAction":[{"@type":"SearchAction","target":{"@type":"EntryPoint","urlTemplate":"https:\/\/informelitoral.com.ar\/?s={search_term_string}"},"query-input":{"@type":"PropertyValueSpecification","valueRequired":true,"valueName":"search_term_string"}}],"inLanguage":"es"},{"@type":"Organization","@id":"https:\/\/informelitoral.com.ar\/#organization","name":"Informe Litoral","url":"https:\/\/informelitoral.com.ar\/","logo":{"@type":"ImageObject","inLanguage":"es","@id":"https:\/\/informelitoral.com.ar\/#\/schema\/logo\/image\/","url":"https:\/\/informelitoral.com.ar\/%77%70%2d%63%6f%6e%74%65%6e%74\/uploads\/2021\/01\/circulo.png","contentUrl":"https:\/\/informelitoral.com.ar\/%77%70%2d%63%6f%6e%74%65%6e%74\/uploads\/2021\/01\/circulo.png","width":723,"height":731,"caption":"Informe Litoral"},"image":{"@id":"https:\/\/informelitoral.com.ar\/#\/schema\/logo\/image\/"},"sameAs":["https:\/\/www.facebook.com\/informelitoral\/","https:\/\/x.com\/InformeLitoral","https:\/\/www.instagram.com\/informelitoral\/","https:\/\/www.youtube.com\/channel\/UCua4Qvz8Icb6MYqhoq9xLXw"]},{"@type":"Person","@id":"https:\/\/informelitoral.com.ar\/#\/schema\/person\/f05f9f461677119578717524b127d6d5","name":"Sebastian","image":{"@type":"ImageObject","inLanguage":"es","@id":"https:\/\/secure.gravatar.com\/avatar\/b71bf7481d447dfb9583c7f2798e7cc64de6efb9067b74633ed8c31059a3bd82?s=96&d=mm&r=g","url":"https:\/\/secure.gravatar.com\/avatar\/b71bf7481d447dfb9583c7f2798e7cc64de6efb9067b74633ed8c31059a3bd82?s=96&d=mm&r=g","contentUrl":"https:\/\/secure.gravatar.com\/avatar\/b71bf7481d447dfb9583c7f2798e7cc64de6efb9067b74633ed8c31059a3bd82?s=96&d=mm&r=g","caption":"Sebastian"},"url":"https:\/\/informelitoral.com.ar\/author\/sebastian\/"}]}},"_links":{"self":[{"href":"https:\/\/informelitoral.com.ar\/%77%70%2d%6a%73%6f%6e\/wp\/v2\/posts\/48460","targetHints":{"allow":["GET"]}}],"collection":[{"href":"https:\/\/informelitoral.com.ar\/%77%70%2d%6a%73%6f%6e\/wp\/v2\/posts"}],"about":[{"href":"https:\/\/informelitoral.com.ar\/%77%70%2d%6a%73%6f%6e\/wp\/v2\/types\/post"}],"author":[{"embeddable":true,"href":"https:\/\/informelitoral.com.ar\/%77%70%2d%6a%73%6f%6e\/wp\/v2\/users\/8"}],"replies":[{"embeddable":true,"href":"https:\/\/informelitoral.com.ar\/%77%70%2d%6a%73%6f%6e\/wp\/v2\/comments?post=48460"}],"version-history":[{"count":0,"href":"https:\/\/informelitoral.com.ar\/%77%70%2d%6a%73%6f%6e\/wp\/v2\/posts\/48460\/revisions"}],"wp:featuredmedia":[{"embeddable":true,"href":"https:\/\/informelitoral.com.ar\/%77%70%2d%6a%73%6f%6e\/wp\/v2\/media\/24271"}],"wp:attachment":[{"href":"https:\/\/informelitoral.com.ar\/%77%70%2d%6a%73%6f%6e\/wp\/v2\/media?parent=48460"}],"wp:term":[{"taxonomy":"category","embeddable":true,"href":"https:\/\/informelitoral.com.ar\/%77%70%2d%6a%73%6f%6e\/wp\/v2\/categories?post=48460"},{"taxonomy":"post_tag","embeddable":true,"href":"https:\/\/informelitoral.com.ar\/%77%70%2d%6a%73%6f%6e\/wp\/v2\/tags?post=48460"}],"curies":[{"name":"wp","href":"https:\/\/api.w.org\/{rel}","templated":true}]}}