{"id":48394,"date":"2020-08-28T06:44:36","date_gmt":"2020-08-28T09:44:36","guid":{"rendered":"https:\/\/www.isletasnoticias.com.ar\/?p=48394"},"modified":"2020-08-28T06:49:12","modified_gmt":"2020-08-28T09:49:12","slug":"aseguran-que-el-hospital-san-martin-de-parana-esta-colapsado","status":"publish","type":"post","link":"https:\/\/informelitoral.com.ar\/aseguran-que-el-hospital-san-martin-de-parana-esta-colapsado\/","title":{"rendered":"Aseguran que el Hospital San Mart\u00edn de Paran\u00e1 est\u00e1 \u00abcolapsado\u00bb"},"content":{"rendered":"<p>Desde el viernes 21 de agosto hasta este jueves 27,<strong>\u00a0la provincia de Entre R\u00edos sum\u00f3 778 casos de coronavirus.\u00a0<\/strong>De ese total,\u00a0<strong>492 contagios corresponden a la ciudad de Paran\u00e1.<\/strong>\u00a0La curva ascendente de positivos comenz\u00f3 a generar saturaci\u00f3n en alguna \u00e1reas del Hospital San Mart\u00edn y personal de salud se mostr\u00f3 seriamente preocupado por esta situaci\u00f3n.<\/p>\n<p><strong>\u00abEl primer piso est\u00e1 explotado, no entra un alfiler\u00bb<\/strong>, reconoci\u00f3 un profesional m\u00e9dico de la instituci\u00f3n. Adem\u00e1s, asegur\u00f3: \u00abestamos al tope, ya no hay lugar, est\u00e1 todo colapsado incluso se tuvo que habilitar la vieja sala de Neumon\u00eda para hacer m\u00e1s espacio. Tenemos una cat\u00e1strofe sanitaria\u00bb.<\/p>\n<p>Otro galeno advirti\u00f3 que en la\u00a0<strong>Guardia<\/strong><em>\u00a0<\/em>est\u00e1n \u00abconviviendo\u00bb personas con diagn\u00f3stico positivo de Covid y pacientes que a\u00fan son sospechosos y sin la distancia recomendada porque \u00abno hay lugar\u00bb. En total hay 6 unidades con asistencia mec\u00e1nica ventilatoria. Mientras que el Shock Room tambi\u00e9n tiene ocupaci\u00f3n casi total.<\/p>\n<p>\u00abHay que desagotar el hospital y que los casos leves se canalicen en otros efectores como los centros de salud\u00bb, mencion\u00f3.<strong>\u00a0\u00abLa enfermer\u00eda est\u00e1 cansada, los m\u00e9dicos estamos cansados, los voluntarios lo mismo y no se puede trabajar en una situaci\u00f3n de colapso\u00bb<\/strong>, advirtieron.<\/p>\n<figure class=\"wp-block-image size-large\"><img loading=\"lazy\" decoding=\"async\" class=\"wp-image-58959\" src=\"https:\/\/www.entremediosweb.com\/v2\/%77%70%2d%63%6f%6e%74%65%6e%74\/uploads\/2020\/08\/hospital-san-martin-coronavirus-er-1024x683.jpg\" sizes=\"auto, (max-width: 1024px) 100vw, 1024px\" srcset=\"https:\/\/www.entremediosweb.com\/v2\/%77%70%2d%63%6f%6e%74%65%6e%74\/uploads\/2020\/08\/hospital-san-martin-coronavirus-er-1024x683.jpg 1024w, https:\/\/www.entremediosweb.com\/v2\/%77%70%2d%63%6f%6e%74%65%6e%74\/uploads\/2020\/08\/hospital-san-martin-coronavirus-er-300x200.jpg 300w, https:\/\/www.entremediosweb.com\/v2\/%77%70%2d%63%6f%6e%74%65%6e%74\/uploads\/2020\/08\/hospital-san-martin-coronavirus-er-768x512.jpg 768w, https:\/\/www.entremediosweb.com\/v2\/%77%70%2d%63%6f%6e%74%65%6e%74\/uploads\/2020\/08\/hospital-san-martin-coronavirus-er-1536x1024.jpg 1536w, https:\/\/www.entremediosweb.com\/v2\/%77%70%2d%63%6f%6e%74%65%6e%74\/uploads\/2020\/08\/hospital-san-martin-coronavirus-er.jpg 1920w\" alt=\"\" width=\"1024\" height=\"683\" data-attachment-id=\"58959\" data-permalink=\"https:\/\/www.entremediosweb.com\/v2\/preocupacion-de-profesionales-del-hospital-san-martin-es-una-catastrofe-sanitaria\/hospital-san-martin-coronavirus-er\/\" data-orig-file=\"https:\/\/www.entremediosweb.com\/v2\/%77%70%2d%63%6f%6e%74%65%6e%74\/uploads\/2020\/08\/hospital-san-martin-coronavirus-er.jpg\" data-orig-size=\"1920,1280\" data-comments-opened=\"0\" data-image-meta=\"{&quot;aperture&quot;:&quot;0&quot;,&quot;credit&quot;:&quot;&quot;,&quot;camera&quot;:&quot;&quot;,&quot;caption&quot;:&quot;&quot;,&quot;created_timestamp&quot;:&quot;0&quot;,&quot;copyright&quot;:&quot;&quot;,&quot;focal_length&quot;:&quot;0&quot;,&quot;iso&quot;:&quot;0&quot;,&quot;shutter_speed&quot;:&quot;0&quot;,&quot;title&quot;:&quot;&quot;,&quot;orientation&quot;:&quot;0&quot;}\" data-image-title=\"hospital san mart\u00edn coronavirus er\" data-image-description=\"\" data-medium-file=\"https:\/\/www.entremediosweb.com\/v2\/%77%70%2d%63%6f%6e%74%65%6e%74\/uploads\/2020\/08\/hospital-san-martin-coronavirus-er-300x200.jpg\" data-large-file=\"https:\/\/www.entremediosweb.com\/v2\/%77%70%2d%63%6f%6e%74%65%6e%74\/uploads\/2020\/08\/hospital-san-martin-coronavirus-er-1024x683.jpg\" \/><\/figure>\n<h4><strong>Progresivo aumento de camas UTI<\/strong><\/h4>\n<p>El 22 de julio la ocupaci\u00f3n de las camas en terapia intensiva era del 20%. En tanto, el lunes 24 de agosto se inform\u00f3 que el 70% de las camas de terapia intensiva estaban ocupadas. Y a pocos d\u00edas de esa cifra se super\u00f3, por momentos, el 90% de su capacidad.<\/p>\n<p><strong><span style=\"color: #111111; font-family: Roboto, sans-serif; font-size: 19px; text-align: center;\">Sin conferencias desde hace una semana<\/span><\/strong><\/p>\n<p>La \u00faltima conferencia de prensa que dieron autoridades del COES fue el viernes 21 de agosto.\u00a0<strong>En la peor semana de la provincia no hubo informes con integrantes del C\u00f3mite<\/strong>: el lunes se suspendieron dos veces en el d\u00eda y se inform\u00f3 que se levantaban \u00abhasta nuevo aviso\u00bb.<\/p>\n<p>En el \u00faltimo reporte en vivo,\u00a0<strong>el director del Hospital San Mart\u00edn Carlos Bantar\u00a0<\/strong>advert\u00eda que\u00a0<strong>\u00ablos sistemas de salud son finitos y han sido sobrepasados en el mundo donde hay circulaci\u00f3n comunitaria\u00bb<\/strong>. Asimismo indic\u00f3 que en la Guardia, en mayo, se atend\u00edan 500 casos por semana y en la \u00faltima semana de agosto fueron 1000 casos por semana y que el 50% eran consultas por afecci\u00f3n respiratoria.<\/p>\n<p>En ese marco, hab\u00eda detallado que en la guardia diferenciada donde se atienden patolog\u00edas respiratorias acud\u00edan unos 100 pacientes por d\u00eda, de los cuales el 80% era hisopado. Y ante la cantidad de consultas<strong>\u00a0\u00abse hab\u00eda originado incomodidad para el equipo de salud y el ciudadano\u00bb<\/strong>\u00a0ya que hab\u00eda demoras en la atenci\u00f3n y\u00a0<strong>un paciente podr\u00eda llegar a esperar m\u00e1s de 2 horas en la guardia.<\/strong><\/p>\n<figure class=\"wp-block-image size-large\"><img loading=\"lazy\" decoding=\"async\" class=\"wp-image-58954\" src=\"https:\/\/www.entremediosweb.com\/v2\/%77%70%2d%63%6f%6e%74%65%6e%74\/uploads\/2020\/08\/1598038906jpg-1024x683.jpg\" sizes=\"auto, (max-width: 1024px) 100vw, 1024px\" srcset=\"https:\/\/www.entremediosweb.com\/v2\/%77%70%2d%63%6f%6e%74%65%6e%74\/uploads\/2020\/08\/1598038906jpg-1024x683.jpg 1024w, https:\/\/www.entremediosweb.com\/v2\/%77%70%2d%63%6f%6e%74%65%6e%74\/uploads\/2020\/08\/1598038906jpg-300x200.jpg 300w, https:\/\/www.entremediosweb.com\/v2\/%77%70%2d%63%6f%6e%74%65%6e%74\/uploads\/2020\/08\/1598038906jpg-768x512.jpg 768w, https:\/\/www.entremediosweb.com\/v2\/%77%70%2d%63%6f%6e%74%65%6e%74\/uploads\/2020\/08\/1598038906jpg-1536x1024.jpg 1536w, https:\/\/www.entremediosweb.com\/v2\/%77%70%2d%63%6f%6e%74%65%6e%74\/uploads\/2020\/08\/1598038906jpg.jpg 1920w\" alt=\"\" width=\"1024\" height=\"683\" data-attachment-id=\"58954\" data-permalink=\"https:\/\/www.entremediosweb.com\/v2\/preocupacion-de-profesionales-del-hospital-san-martin-es-una-catastrofe-sanitaria\/1598038906jpg\/\" data-orig-file=\"https:\/\/www.entremediosweb.com\/v2\/%77%70%2d%63%6f%6e%74%65%6e%74\/uploads\/2020\/08\/1598038906jpg.jpg\" data-orig-size=\"1920,1280\" data-comments-opened=\"0\" data-image-meta=\"{&quot;aperture&quot;:&quot;5.6&quot;,&quot;credit&quot;:&quot;&quot;,&quot;camera&quot;:&quot;NIKON D810&quot;,&quot;caption&quot;:&quot;&quot;,&quot;created_timestamp&quot;:&quot;1598018189&quot;,&quot;copyright&quot;:&quot;&quot;,&quot;focal_length&quot;:&quot;190&quot;,&quot;iso&quot;:&quot;2200&quot;,&quot;shutter_speed&quot;:&quot;0.0055555555555556&quot;,&quot;title&quot;:&quot;&quot;,&quot;orientation&quot;:&quot;0&quot;}\" data-image-title=\"1598038906jpg\" data-image-description=\"\" data-medium-file=\"https:\/\/www.entremediosweb.com\/v2\/%77%70%2d%63%6f%6e%74%65%6e%74\/uploads\/2020\/08\/1598038906jpg-300x200.jpg\" data-large-file=\"https:\/\/www.entremediosweb.com\/v2\/%77%70%2d%63%6f%6e%74%65%6e%74\/uploads\/2020\/08\/1598038906jpg-1024x683.jpg\" \/><figcaption><em>Dr. Carlos Bantar, director del Hospital San Mart\u00edn.<\/em><\/figcaption><\/figure>\n<p>Incluso, el sistema del laboratorio tambi\u00e9n se encontraba demorado ya que antes se ten\u00eda un resultado entre las 12 y 24 horas y ahora se estaba excediendo ese tiempo.<\/p>\n<p>Asimismo, Bantar revel\u00f3 que los pacientes leves deb\u00edan retirarse a sus domicilios y que se estaba priorizando\u00a0<strong>a los de infecci\u00f3n moderada o severa y factores de riesgo.<\/strong><\/p>\n<p>A una semana de esas declaraciones y ante el aumento de casos hay una gran preocupaci\u00f3n por parte del personal de salud del Hospital San Mart\u00edn.<\/p>\n<p><em>Fuente: Entremediosweb<\/em><\/p>\n","protected":false},"excerpt":{"rendered":"<p>El personal de salud del nosocomio de Paran\u00e1 asegura que est\u00e1n \u00abcolapsados\u00bb. Los sectores para pacientes Covid est\u00e1n llenos.<\/p>\n","protected":false},"author":2,"featured_media":35444,"comment_status":"open","ping_status":"open","sticky":false,"template":"","format":"standard","meta":{"fifu_image_url":"","fifu_image_alt":"","footnotes":""},"categories":[6],"tags":[1426,651,938,45,652],"class_list":{"0":"post-48394","1":"post","2":"type-post","3":"status-publish","4":"format-standard","5":"has-post-thumbnail","7":"category-entre-rios","8":"tag-coronavirus","9":"tag-hospital-san-martin","10":"tag-ministerio-de-salud","11":"tag-parana","12":"tag-salud-publica"},"yoast_head":"<title>Aseguran que el Hospital San Mart\u00edn de Paran\u00e1 est\u00e1 &quot;colapsado&quot; - Informe Litoral<\/title>\n<meta name=\"robots\" content=\"index, follow, max-snippet:-1, max-image-preview:large, max-video-preview:-1\" \/>\n<link rel=\"canonical\" href=\"https:\/\/informelitoral.com.ar\/aseguran-que-el-hospital-san-martin-de-parana-esta-colapsado\/\" \/>\n<meta property=\"og:locale\" content=\"es_ES\" \/>\n<meta property=\"og:type\" content=\"article\" \/>\n<meta property=\"og:title\" content=\"Aseguran que el Hospital San Mart\u00edn de Paran\u00e1 est\u00e1 &quot;colapsado&quot; - Informe Litoral\" \/>\n<meta property=\"og:description\" content=\"El personal de salud del nosocomio de Paran\u00e1 asegura que est\u00e1n &quot;colapsados&quot;. Los sectores para pacientes Covid est\u00e1n llenos.\" \/>\n<meta property=\"og:url\" content=\"https:\/\/informelitoral.com.ar\/aseguran-que-el-hospital-san-martin-de-parana-esta-colapsado\/\" \/>\n<meta property=\"og:site_name\" content=\"Informe Litoral\" \/>\n<meta property=\"article:publisher\" content=\"https:\/\/www.facebook.com\/informelitoral\/\" \/>\n<meta property=\"article:published_time\" content=\"2020-08-28T09:44:36+00:00\" \/>\n<meta property=\"article:modified_time\" content=\"2020-08-28T09:49:12+00:00\" \/>\n<meta property=\"og:image\" content=\"https:\/\/informelitoral.com.ar\/%77%70%2d%63%6f%6e%74%65%6e%74\/uploads\/2019\/07\/hospital-san-mart\u00edn.jpg\" \/>\n\t<meta property=\"og:image:width\" content=\"1140\" \/>\n\t<meta property=\"og:image:height\" content=\"640\" \/>\n\t<meta property=\"og:image:type\" content=\"image\/jpeg\" \/>\n<meta name=\"author\" content=\"Gonzalo Schmidt\" \/>\n<meta name=\"twitter:card\" content=\"summary_large_image\" \/>\n<meta name=\"twitter:creator\" content=\"@InformeLitoral\" \/>\n<meta name=\"twitter:site\" content=\"@InformeLitoral\" \/>\n<meta name=\"twitter:label1\" content=\"Escrito por\" \/>\n\t<meta name=\"twitter:data1\" content=\"Gonzalo Schmidt\" \/>\n\t<meta name=\"twitter:label2\" content=\"Tiempo de lectura\" \/>\n\t<meta name=\"twitter:data2\" content=\"3 minutos\" \/>\n<script type=\"application\/ld+json\" class=\"yoast-schema-graph\">{\"@context\":\"https:\\\/\\\/schema.org\",\"@graph\":[{\"@type\":\"Article\",\"@id\":\"https:\\\/\\\/informelitoral.com.ar\\\/aseguran-que-el-hospital-san-martin-de-parana-esta-colapsado\\\/#article\",\"isPartOf\":{\"@id\":\"https:\\\/\\\/informelitoral.com.ar\\\/aseguran-que-el-hospital-san-martin-de-parana-esta-colapsado\\\/\"},\"author\":{\"name\":\"Gonzalo Schmidt\",\"@id\":\"https:\\\/\\\/informelitoral.com.ar\\\/#\\\/schema\\\/person\\\/b9d00407c836482871ef1d57bf8e3180\"},\"headline\":\"Aseguran que el Hospital San Mart\u00edn de Paran\u00e1 est\u00e1 \u00abcolapsado\u00bb\",\"datePublished\":\"2020-08-28T09:44:36+00:00\",\"dateModified\":\"2020-08-28T09:49:12+00:00\",\"mainEntityOfPage\":{\"@id\":\"https:\\\/\\\/informelitoral.com.ar\\\/aseguran-que-el-hospital-san-martin-de-parana-esta-colapsado\\\/\"},\"wordCount\":571,\"commentCount\":0,\"publisher\":{\"@id\":\"https:\\\/\\\/informelitoral.com.ar\\\/#organization\"},\"image\":{\"@id\":\"https:\\\/\\\/informelitoral.com.ar\\\/aseguran-que-el-hospital-san-martin-de-parana-esta-colapsado\\\/#primaryimage\"},\"thumbnailUrl\":\"https:\\\/\\\/informelitoral.com.ar\\\/%77%70%2d%63%6f%6e%74%65%6e%74\\\/uploads\\\/2019\\\/07\\\/hospital-san-mart\u00edn.jpg\",\"keywords\":[\"Coronavirus\",\"Hospital San Mart\u00edn\",\"Ministerio de Salud\",\"Paran\u00e1\",\"Salud p\u00fablica\"],\"articleSection\":[\"Entre R\u00edos\"],\"inLanguage\":\"es\",\"potentialAction\":[{\"@type\":\"CommentAction\",\"name\":\"Comment\",\"target\":[\"https:\\\/\\\/informelitoral.com.ar\\\/aseguran-que-el-hospital-san-martin-de-parana-esta-colapsado\\\/#respond\"]}]},{\"@type\":\"WebPage\",\"@id\":\"https:\\\/\\\/informelitoral.com.ar\\\/aseguran-que-el-hospital-san-martin-de-parana-esta-colapsado\\\/\",\"url\":\"https:\\\/\\\/informelitoral.com.ar\\\/aseguran-que-el-hospital-san-martin-de-parana-esta-colapsado\\\/\",\"name\":\"Aseguran que el Hospital San Mart\u00edn de Paran\u00e1 est\u00e1 \\\"colapsado\\\" - Informe Litoral\",\"isPartOf\":{\"@id\":\"https:\\\/\\\/informelitoral.com.ar\\\/#website\"},\"primaryImageOfPage\":{\"@id\":\"https:\\\/\\\/informelitoral.com.ar\\\/aseguran-que-el-hospital-san-martin-de-parana-esta-colapsado\\\/#primaryimage\"},\"image\":{\"@id\":\"https:\\\/\\\/informelitoral.com.ar\\\/aseguran-que-el-hospital-san-martin-de-parana-esta-colapsado\\\/#primaryimage\"},\"thumbnailUrl\":\"https:\\\/\\\/informelitoral.com.ar\\\/%77%70%2d%63%6f%6e%74%65%6e%74\\\/uploads\\\/2019\\\/07\\\/hospital-san-mart\u00edn.jpg\",\"datePublished\":\"2020-08-28T09:44:36+00:00\",\"dateModified\":\"2020-08-28T09:49:12+00:00\",\"breadcrumb\":{\"@id\":\"https:\\\/\\\/informelitoral.com.ar\\\/aseguran-que-el-hospital-san-martin-de-parana-esta-colapsado\\\/#breadcrumb\"},\"inLanguage\":\"es\",\"potentialAction\":[{\"@type\":\"ReadAction\",\"target\":[\"https:\\\/\\\/informelitoral.com.ar\\\/aseguran-que-el-hospital-san-martin-de-parana-esta-colapsado\\\/\"]}]},{\"@type\":\"ImageObject\",\"inLanguage\":\"es\",\"@id\":\"https:\\\/\\\/informelitoral.com.ar\\\/aseguran-que-el-hospital-san-martin-de-parana-esta-colapsado\\\/#primaryimage\",\"url\":\"https:\\\/\\\/informelitoral.com.ar\\\/%77%70%2d%63%6f%6e%74%65%6e%74\\\/uploads\\\/2019\\\/07\\\/hospital-san-mart\u00edn.jpg\",\"contentUrl\":\"https:\\\/\\\/informelitoral.com.ar\\\/%77%70%2d%63%6f%6e%74%65%6e%74\\\/uploads\\\/2019\\\/07\\\/hospital-san-mart\u00edn.jpg\",\"width\":1140,\"height\":640},{\"@type\":\"BreadcrumbList\",\"@id\":\"https:\\\/\\\/informelitoral.com.ar\\\/aseguran-que-el-hospital-san-martin-de-parana-esta-colapsado\\\/#breadcrumb\",\"itemListElement\":[{\"@type\":\"ListItem\",\"position\":1,\"name\":\"Portada\",\"item\":\"https:\\\/\\\/informelitoral.com.ar\\\/\"},{\"@type\":\"ListItem\",\"position\":2,\"name\":\"Aseguran que el Hospital San Mart\u00edn de Paran\u00e1 est\u00e1 \u00abcolapsado\u00bb\"}]},{\"@type\":\"WebSite\",\"@id\":\"https:\\\/\\\/informelitoral.com.ar\\\/#website\",\"url\":\"https:\\\/\\\/informelitoral.com.ar\\\/\",\"name\":\"Informe Litoral\",\"description\":\"&quot;Nos informamos&quot; \",\"publisher\":{\"@id\":\"https:\\\/\\\/informelitoral.com.ar\\\/#organization\"},\"potentialAction\":[{\"@type\":\"SearchAction\",\"target\":{\"@type\":\"EntryPoint\",\"urlTemplate\":\"https:\\\/\\\/informelitoral.com.ar\\\/?s={search_term_string}\"},\"query-input\":{\"@type\":\"PropertyValueSpecification\",\"valueRequired\":true,\"valueName\":\"search_term_string\"}}],\"inLanguage\":\"es\"},{\"@type\":\"Organization\",\"@id\":\"https:\\\/\\\/informelitoral.com.ar\\\/#organization\",\"name\":\"Informe Litoral\",\"url\":\"https:\\\/\\\/informelitoral.com.ar\\\/\",\"logo\":{\"@type\":\"ImageObject\",\"inLanguage\":\"es\",\"@id\":\"https:\\\/\\\/informelitoral.com.ar\\\/#\\\/schema\\\/logo\\\/image\\\/\",\"url\":\"https:\\\/\\\/informelitoral.com.ar\\\/%77%70%2d%63%6f%6e%74%65%6e%74\\\/uploads\\\/2021\\\/01\\\/circulo.png\",\"contentUrl\":\"https:\\\/\\\/informelitoral.com.ar\\\/%77%70%2d%63%6f%6e%74%65%6e%74\\\/uploads\\\/2021\\\/01\\\/circulo.png\",\"width\":723,\"height\":731,\"caption\":\"Informe Litoral\"},\"image\":{\"@id\":\"https:\\\/\\\/informelitoral.com.ar\\\/#\\\/schema\\\/logo\\\/image\\\/\"},\"sameAs\":[\"https:\\\/\\\/www.facebook.com\\\/informelitoral\\\/\",\"https:\\\/\\\/x.com\\\/InformeLitoral\",\"https:\\\/\\\/www.instagram.com\\\/informelitoral\\\/\",\"https:\\\/\\\/www.youtube.com\\\/channel\\\/UCua4Qvz8Icb6MYqhoq9xLXw\"]},{\"@type\":\"Person\",\"@id\":\"https:\\\/\\\/informelitoral.com.ar\\\/#\\\/schema\\\/person\\\/b9d00407c836482871ef1d57bf8e3180\",\"name\":\"Gonzalo Schmidt\",\"image\":{\"@type\":\"ImageObject\",\"inLanguage\":\"es\",\"@id\":\"https:\\\/\\\/secure.gravatar.com\\\/avatar\\\/31a1a7b66ff2de83bd0e9fd79d026630d2d99e55e8bfe501287647b4fd9743de?s=96&d=mm&r=g\",\"url\":\"https:\\\/\\\/secure.gravatar.com\\\/avatar\\\/31a1a7b66ff2de83bd0e9fd79d026630d2d99e55e8bfe501287647b4fd9743de?s=96&d=mm&r=g\",\"contentUrl\":\"https:\\\/\\\/secure.gravatar.com\\\/avatar\\\/31a1a7b66ff2de83bd0e9fd79d026630d2d99e55e8bfe501287647b4fd9743de?s=96&d=mm&r=g\",\"caption\":\"Gonzalo Schmidt\"},\"description\":\"Sitio web de noticias de la provincia de Entre R\u00edos, Argentina. Informaci\u00f3n y entretenimiento. Informe Litoral, nos informamos.\",\"sameAs\":[\"http:\\\/\\\/www.isletasnoticias.com.ar\"],\"url\":\"https:\\\/\\\/informelitoral.com.ar\\\/author\\\/gonzalo\\\/\"}]}<\/script>","yoast_head_json":{"title":"Aseguran que el Hospital San Mart\u00edn de Paran\u00e1 est\u00e1 \"colapsado\" - Informe Litoral","robots":{"index":"index","follow":"follow","max-snippet":"max-snippet:-1","max-image-preview":"max-image-preview:large","max-video-preview":"max-video-preview:-1"},"canonical":"https:\/\/informelitoral.com.ar\/aseguran-que-el-hospital-san-martin-de-parana-esta-colapsado\/","og_locale":"es_ES","og_type":"article","og_title":"Aseguran que el Hospital San Mart\u00edn de Paran\u00e1 est\u00e1 \"colapsado\" - Informe Litoral","og_description":"El personal de salud del nosocomio de Paran\u00e1 asegura que est\u00e1n \"colapsados\". Los sectores para pacientes Covid est\u00e1n llenos.","og_url":"https:\/\/informelitoral.com.ar\/aseguran-que-el-hospital-san-martin-de-parana-esta-colapsado\/","og_site_name":"Informe Litoral","article_publisher":"https:\/\/www.facebook.com\/informelitoral\/","article_published_time":"2020-08-28T09:44:36+00:00","article_modified_time":"2020-08-28T09:49:12+00:00","og_image":[{"width":1140,"height":640,"url":"https:\/\/informelitoral.com.ar\/%77%70%2d%63%6f%6e%74%65%6e%74\/uploads\/2019\/07\/hospital-san-mart\u00edn.jpg","type":"image\/jpeg"}],"author":"Gonzalo Schmidt","twitter_card":"summary_large_image","twitter_creator":"@InformeLitoral","twitter_site":"@InformeLitoral","twitter_misc":{"Escrito por":"Gonzalo Schmidt","Tiempo de lectura":"3 minutos"},"schema":{"@context":"https:\/\/schema.org","@graph":[{"@type":"Article","@id":"https:\/\/informelitoral.com.ar\/aseguran-que-el-hospital-san-martin-de-parana-esta-colapsado\/#article","isPartOf":{"@id":"https:\/\/informelitoral.com.ar\/aseguran-que-el-hospital-san-martin-de-parana-esta-colapsado\/"},"author":{"name":"Gonzalo Schmidt","@id":"https:\/\/informelitoral.com.ar\/#\/schema\/person\/b9d00407c836482871ef1d57bf8e3180"},"headline":"Aseguran que el Hospital San Mart\u00edn de Paran\u00e1 est\u00e1 \u00abcolapsado\u00bb","datePublished":"2020-08-28T09:44:36+00:00","dateModified":"2020-08-28T09:49:12+00:00","mainEntityOfPage":{"@id":"https:\/\/informelitoral.com.ar\/aseguran-que-el-hospital-san-martin-de-parana-esta-colapsado\/"},"wordCount":571,"commentCount":0,"publisher":{"@id":"https:\/\/informelitoral.com.ar\/#organization"},"image":{"@id":"https:\/\/informelitoral.com.ar\/aseguran-que-el-hospital-san-martin-de-parana-esta-colapsado\/#primaryimage"},"thumbnailUrl":"https:\/\/informelitoral.com.ar\/%77%70%2d%63%6f%6e%74%65%6e%74\/uploads\/2019\/07\/hospital-san-mart\u00edn.jpg","keywords":["Coronavirus","Hospital San Mart\u00edn","Ministerio de Salud","Paran\u00e1","Salud p\u00fablica"],"articleSection":["Entre R\u00edos"],"inLanguage":"es","potentialAction":[{"@type":"CommentAction","name":"Comment","target":["https:\/\/informelitoral.com.ar\/aseguran-que-el-hospital-san-martin-de-parana-esta-colapsado\/#respond"]}]},{"@type":"WebPage","@id":"https:\/\/informelitoral.com.ar\/aseguran-que-el-hospital-san-martin-de-parana-esta-colapsado\/","url":"https:\/\/informelitoral.com.ar\/aseguran-que-el-hospital-san-martin-de-parana-esta-colapsado\/","name":"Aseguran que el Hospital San Mart\u00edn de Paran\u00e1 est\u00e1 \"colapsado\" - Informe Litoral","isPartOf":{"@id":"https:\/\/informelitoral.com.ar\/#website"},"primaryImageOfPage":{"@id":"https:\/\/informelitoral.com.ar\/aseguran-que-el-hospital-san-martin-de-parana-esta-colapsado\/#primaryimage"},"image":{"@id":"https:\/\/informelitoral.com.ar\/aseguran-que-el-hospital-san-martin-de-parana-esta-colapsado\/#primaryimage"},"thumbnailUrl":"https:\/\/informelitoral.com.ar\/%77%70%2d%63%6f%6e%74%65%6e%74\/uploads\/2019\/07\/hospital-san-mart\u00edn.jpg","datePublished":"2020-08-28T09:44:36+00:00","dateModified":"2020-08-28T09:49:12+00:00","breadcrumb":{"@id":"https:\/\/informelitoral.com.ar\/aseguran-que-el-hospital-san-martin-de-parana-esta-colapsado\/#breadcrumb"},"inLanguage":"es","potentialAction":[{"@type":"ReadAction","target":["https:\/\/informelitoral.com.ar\/aseguran-que-el-hospital-san-martin-de-parana-esta-colapsado\/"]}]},{"@type":"ImageObject","inLanguage":"es","@id":"https:\/\/informelitoral.com.ar\/aseguran-que-el-hospital-san-martin-de-parana-esta-colapsado\/#primaryimage","url":"https:\/\/informelitoral.com.ar\/%77%70%2d%63%6f%6e%74%65%6e%74\/uploads\/2019\/07\/hospital-san-mart\u00edn.jpg","contentUrl":"https:\/\/informelitoral.com.ar\/%77%70%2d%63%6f%6e%74%65%6e%74\/uploads\/2019\/07\/hospital-san-mart\u00edn.jpg","width":1140,"height":640},{"@type":"BreadcrumbList","@id":"https:\/\/informelitoral.com.ar\/aseguran-que-el-hospital-san-martin-de-parana-esta-colapsado\/#breadcrumb","itemListElement":[{"@type":"ListItem","position":1,"name":"Portada","item":"https:\/\/informelitoral.com.ar\/"},{"@type":"ListItem","position":2,"name":"Aseguran que el Hospital San Mart\u00edn de Paran\u00e1 est\u00e1 \u00abcolapsado\u00bb"}]},{"@type":"WebSite","@id":"https:\/\/informelitoral.com.ar\/#website","url":"https:\/\/informelitoral.com.ar\/","name":"Informe Litoral","description":"&quot;Nos informamos&quot; ","publisher":{"@id":"https:\/\/informelitoral.com.ar\/#organization"},"potentialAction":[{"@type":"SearchAction","target":{"@type":"EntryPoint","urlTemplate":"https:\/\/informelitoral.com.ar\/?s={search_term_string}"},"query-input":{"@type":"PropertyValueSpecification","valueRequired":true,"valueName":"search_term_string"}}],"inLanguage":"es"},{"@type":"Organization","@id":"https:\/\/informelitoral.com.ar\/#organization","name":"Informe Litoral","url":"https:\/\/informelitoral.com.ar\/","logo":{"@type":"ImageObject","inLanguage":"es","@id":"https:\/\/informelitoral.com.ar\/#\/schema\/logo\/image\/","url":"https:\/\/informelitoral.com.ar\/%77%70%2d%63%6f%6e%74%65%6e%74\/uploads\/2021\/01\/circulo.png","contentUrl":"https:\/\/informelitoral.com.ar\/%77%70%2d%63%6f%6e%74%65%6e%74\/uploads\/2021\/01\/circulo.png","width":723,"height":731,"caption":"Informe Litoral"},"image":{"@id":"https:\/\/informelitoral.com.ar\/#\/schema\/logo\/image\/"},"sameAs":["https:\/\/www.facebook.com\/informelitoral\/","https:\/\/x.com\/InformeLitoral","https:\/\/www.instagram.com\/informelitoral\/","https:\/\/www.youtube.com\/channel\/UCua4Qvz8Icb6MYqhoq9xLXw"]},{"@type":"Person","@id":"https:\/\/informelitoral.com.ar\/#\/schema\/person\/b9d00407c836482871ef1d57bf8e3180","name":"Gonzalo Schmidt","image":{"@type":"ImageObject","inLanguage":"es","@id":"https:\/\/secure.gravatar.com\/avatar\/31a1a7b66ff2de83bd0e9fd79d026630d2d99e55e8bfe501287647b4fd9743de?s=96&d=mm&r=g","url":"https:\/\/secure.gravatar.com\/avatar\/31a1a7b66ff2de83bd0e9fd79d026630d2d99e55e8bfe501287647b4fd9743de?s=96&d=mm&r=g","contentUrl":"https:\/\/secure.gravatar.com\/avatar\/31a1a7b66ff2de83bd0e9fd79d026630d2d99e55e8bfe501287647b4fd9743de?s=96&d=mm&r=g","caption":"Gonzalo Schmidt"},"description":"Sitio web de noticias de la provincia de Entre R\u00edos, Argentina. Informaci\u00f3n y entretenimiento. Informe Litoral, nos informamos.","sameAs":["http:\/\/www.isletasnoticias.com.ar"],"url":"https:\/\/informelitoral.com.ar\/author\/gonzalo\/"}]}},"_links":{"self":[{"href":"https:\/\/informelitoral.com.ar\/%77%70%2d%6a%73%6f%6e\/wp\/v2\/posts\/48394","targetHints":{"allow":["GET"]}}],"collection":[{"href":"https:\/\/informelitoral.com.ar\/%77%70%2d%6a%73%6f%6e\/wp\/v2\/posts"}],"about":[{"href":"https:\/\/informelitoral.com.ar\/%77%70%2d%6a%73%6f%6e\/wp\/v2\/types\/post"}],"author":[{"embeddable":true,"href":"https:\/\/informelitoral.com.ar\/%77%70%2d%6a%73%6f%6e\/wp\/v2\/users\/2"}],"replies":[{"embeddable":true,"href":"https:\/\/informelitoral.com.ar\/%77%70%2d%6a%73%6f%6e\/wp\/v2\/comments?post=48394"}],"version-history":[{"count":0,"href":"https:\/\/informelitoral.com.ar\/%77%70%2d%6a%73%6f%6e\/wp\/v2\/posts\/48394\/revisions"}],"wp:featuredmedia":[{"embeddable":true,"href":"https:\/\/informelitoral.com.ar\/%77%70%2d%6a%73%6f%6e\/wp\/v2\/media\/35444"}],"wp:attachment":[{"href":"https:\/\/informelitoral.com.ar\/%77%70%2d%6a%73%6f%6e\/wp\/v2\/media?parent=48394"}],"wp:term":[{"taxonomy":"category","embeddable":true,"href":"https:\/\/informelitoral.com.ar\/%77%70%2d%6a%73%6f%6e\/wp\/v2\/categories?post=48394"},{"taxonomy":"post_tag","embeddable":true,"href":"https:\/\/informelitoral.com.ar\/%77%70%2d%6a%73%6f%6e\/wp\/v2\/tags?post=48394"}],"curies":[{"name":"wp","href":"https:\/\/api.w.org\/{rel}","templated":true}]}}