{"id":48269,"date":"2020-08-26T09:22:03","date_gmt":"2020-08-26T12:22:03","guid":{"rendered":"https:\/\/www.isletasnoticias.com.ar\/?p=48269"},"modified":"2020-08-26T09:23:32","modified_gmt":"2020-08-26T12:23:32","slug":"el-gobierno-oficializo-la-ampliacion-de-la-moratoria-impositiva","status":"publish","type":"post","link":"https:\/\/informelitoral.com.ar\/el-gobierno-oficializo-la-ampliacion-de-la-moratoria-impositiva\/","title":{"rendered":"El Gobierno oficializ\u00f3 la ampliaci\u00f3n de la moratoria impositiva"},"content":{"rendered":"<div class=\"detail-body\">\n<article id=\"note-body\" class=\"note-body first\" data-twitter-link=\"https:\/\/twitter.com\/intent\/tweet?url=https:\/\/www.minutouno.com\/c5127873&amp;v\u00eda=minutounocom&amp;related=MinutoUno&amp;text=\">\n<div class=\"row\">\n<div class=\"inside-note col-xs-12\">\n<p>El gobierno de\u00a0<strong>Alberto Fern\u00e1ndez<\/strong>\u00a0promulg\u00f3 este mi\u00e9rcoles, por medio del decreto 699\/2020 publicado en el Bolet\u00edn Oficial,\u00a0la modificaci\u00f3n a la Ley Solidaridad Social y Reactivaci\u00f3n Productiva\u00a0y ampli\u00f3 as\u00ed la moratoria impositiva que alcanza tanto a personas f\u00edsicas como jur\u00eddicas.\u00a0<span id=\"saysCMSEmphasisn55yhko765k\" class=\"saysCMSEmphasis\">La nueva ventana que otorg\u00f3 el Ejecutivo a los contribuyentes para regularizar sus deudas con el fisco estar\u00e1 abierta hasta el pr\u00f3ximo 31 de octubre y la primera cuota, de los planes de entre 48 y 120 cuotas que se ofrecen, se pagar\u00e1 el 16 de noviembre.<\/span><\/p>\n<p>La moratoria aprobada por el Congreso de la Naci\u00f3n ofrece un programa de facilidades para el pago de deudas tributaria, previsional y aduanera y apunta a colaborar en la recuperaci\u00f3n del sector privado que registr\u00f3 un fuerte impacto por la pandemia de coronavirus Covid-19.<\/p>\n<\/div>\n<\/div>\n<\/article>\n<\/div>\n<div class=\"detail-body \">\n<article id=\"note-body\" class=\"note-body\" data-twitter-link=\"https:\/\/twitter.com\/intent\/tweet?url=https:\/\/www.minutouno.com\/c5127873&amp;v\u00eda=minutounocom&amp;related=MinutoUno&amp;text=\">\n<div class=\"row\">\n<div class=\"inside-note col-xs-12\">\n<p>\u201cLa ampliaci\u00f3n de la moratoria es una herramienta fundamental para iniciar el proceso de recuperaci\u00f3n en la post pandemia\u201d, asegur\u00f3 durante su tratamiento legislativo la titular de la AFIP, Mercedes Marc\u00f3 del Pont y advirti\u00f3 que \u201cla ampliaci\u00f3n del plan es una de las medidas que va a permitir a todo el entramado productivo volver a crecer\u00bb, reprodujo <em>Minutouno.\u00a0<\/em><\/p>\n<h3><strong>Detalles de la moratoria:<\/strong><\/h3>\n<p>* Se contemplan planes de pagos de entre 48 y 120 cuotas.<\/p>\n<p>* Se permitir\u00e1n regularizar deudas hasta el 31 de julio.<\/p>\n<p>* Los contribuyentes deber\u00e1n adherirse a la moratoria hasta el 31 de octubre y se pagar\u00e1 la primera cuota el 16 de noviembre.<\/p>\n<p>* Las tasas de inter\u00e9s se ubicar\u00e1n en el 2% mensual hasta enero de 2021.<\/p>\n<p>* Las empresas grandes no podr\u00e1n hacer distribuci\u00f3n de dividendos ni realizar operaciones con t\u00edtulos durante dos a\u00f1os.<\/p>\n<p>* Se incluyeron en la iniciativa premios para los contribuyentes cumplidores: Por ejemplo, para el monotributo se estructur\u00f3 una exenci\u00f3n del componente impositivo para las categor\u00edas A y B de seis cuotas mensuales y consecutivas; C y D; cinco; E y F; cuatro; G y H; tres; e I, J y K, dos cuotas mensuales y consecutivas, respectivamente. El l\u00edmite del beneficio no podr\u00e1 superar un importe total de 17.500 pesos. A su vez en el caso de las personas humanas aumentar\u00e1 un 50% la deducci\u00f3n especial en Ganancias.<\/p>\n<\/div>\n<\/div>\n<\/article>\n<\/div>\n","protected":false},"excerpt":{"rendered":"<p>La iniciativa prev\u00e9 planes de pago de hasta 120 cuotas y premios para los contribuyentes cumplidores.<\/p>\n","protected":false},"author":2,"featured_media":48270,"comment_status":"open","ping_status":"open","sticky":false,"template":"","format":"standard","meta":{"fifu_image_url":"","fifu_image_alt":"","footnotes":""},"categories":[7],"tags":[158,1685],"class_list":{"0":"post-48269","1":"post","2":"type-post","3":"status-publish","4":"format-standard","5":"has-post-thumbnail","7":"category-nacionales","8":"tag-afip","9":"tag-moratoria"},"yoast_head":"<title>El Gobierno oficializ\u00f3 la ampliaci\u00f3n de la moratoria impositiva - Informe Litoral<\/title>\n<meta name=\"robots\" content=\"index, follow, max-snippet:-1, max-image-preview:large, max-video-preview:-1\" \/>\n<link rel=\"canonical\" href=\"https:\/\/informelitoral.com.ar\/el-gobierno-oficializo-la-ampliacion-de-la-moratoria-impositiva\/\" \/>\n<meta property=\"og:locale\" content=\"es_ES\" \/>\n<meta property=\"og:type\" content=\"article\" \/>\n<meta property=\"og:title\" content=\"El Gobierno oficializ\u00f3 la ampliaci\u00f3n de la moratoria impositiva - Informe Litoral\" \/>\n<meta property=\"og:description\" content=\"La iniciativa prev\u00e9 planes de pago de hasta 120 cuotas y premios para los contribuyentes cumplidores.\" \/>\n<meta property=\"og:url\" content=\"https:\/\/informelitoral.com.ar\/el-gobierno-oficializo-la-ampliacion-de-la-moratoria-impositiva\/\" \/>\n<meta property=\"og:site_name\" content=\"Informe Litoral\" \/>\n<meta property=\"article:publisher\" content=\"https:\/\/www.facebook.com\/informelitoral\/\" \/>\n<meta property=\"article:published_time\" content=\"2020-08-26T12:22:03+00:00\" \/>\n<meta property=\"article:modified_time\" content=\"2020-08-26T12:23:32+00:00\" \/>\n<meta property=\"og:image\" content=\"https:\/\/informelitoral.com.ar\/%77%70%2d%63%6f%6e%74%65%6e%74\/uploads\/2020\/08\/moratoria-impositiva.jpeg\" \/>\n\t<meta property=\"og:image:width\" content=\"915\" \/>\n\t<meta property=\"og:image:height\" content=\"515\" \/>\n\t<meta property=\"og:image:type\" content=\"image\/jpeg\" \/>\n<meta name=\"author\" content=\"Gonzalo Schmidt\" \/>\n<meta name=\"twitter:card\" content=\"summary_large_image\" \/>\n<meta name=\"twitter:creator\" content=\"@InformeLitoral\" \/>\n<meta name=\"twitter:site\" content=\"@InformeLitoral\" \/>\n<meta name=\"twitter:label1\" content=\"Escrito por\" \/>\n\t<meta name=\"twitter:data1\" content=\"Gonzalo Schmidt\" \/>\n\t<meta name=\"twitter:label2\" content=\"Tiempo de lectura\" \/>\n\t<meta name=\"twitter:data2\" content=\"2 minutos\" \/>\n<script type=\"application\/ld+json\" class=\"yoast-schema-graph\">{\"@context\":\"https:\\\/\\\/schema.org\",\"@graph\":[{\"@type\":\"Article\",\"@id\":\"https:\\\/\\\/informelitoral.com.ar\\\/el-gobierno-oficializo-la-ampliacion-de-la-moratoria-impositiva\\\/#article\",\"isPartOf\":{\"@id\":\"https:\\\/\\\/informelitoral.com.ar\\\/el-gobierno-oficializo-la-ampliacion-de-la-moratoria-impositiva\\\/\"},\"author\":{\"name\":\"Gonzalo Schmidt\",\"@id\":\"https:\\\/\\\/informelitoral.com.ar\\\/#\\\/schema\\\/person\\\/b9d00407c836482871ef1d57bf8e3180\"},\"headline\":\"El Gobierno oficializ\u00f3 la ampliaci\u00f3n de la moratoria impositiva\",\"datePublished\":\"2020-08-26T12:22:03+00:00\",\"dateModified\":\"2020-08-26T12:23:32+00:00\",\"mainEntityOfPage\":{\"@id\":\"https:\\\/\\\/informelitoral.com.ar\\\/el-gobierno-oficializo-la-ampliacion-de-la-moratoria-impositiva\\\/\"},\"wordCount\":378,\"commentCount\":0,\"publisher\":{\"@id\":\"https:\\\/\\\/informelitoral.com.ar\\\/#organization\"},\"image\":{\"@id\":\"https:\\\/\\\/informelitoral.com.ar\\\/el-gobierno-oficializo-la-ampliacion-de-la-moratoria-impositiva\\\/#primaryimage\"},\"thumbnailUrl\":\"https:\\\/\\\/informelitoral.com.ar\\\/%77%70%2d%63%6f%6e%74%65%6e%74\\\/uploads\\\/2020\\\/08\\\/moratoria-impositiva.jpeg\",\"keywords\":[\"AFIP\",\"Moratoria\"],\"articleSection\":[\"Nacionales\"],\"inLanguage\":\"es\",\"potentialAction\":[{\"@type\":\"CommentAction\",\"name\":\"Comment\",\"target\":[\"https:\\\/\\\/informelitoral.com.ar\\\/el-gobierno-oficializo-la-ampliacion-de-la-moratoria-impositiva\\\/#respond\"]}]},{\"@type\":\"WebPage\",\"@id\":\"https:\\\/\\\/informelitoral.com.ar\\\/el-gobierno-oficializo-la-ampliacion-de-la-moratoria-impositiva\\\/\",\"url\":\"https:\\\/\\\/informelitoral.com.ar\\\/el-gobierno-oficializo-la-ampliacion-de-la-moratoria-impositiva\\\/\",\"name\":\"El Gobierno oficializ\u00f3 la ampliaci\u00f3n de la moratoria impositiva - Informe Litoral\",\"isPartOf\":{\"@id\":\"https:\\\/\\\/informelitoral.com.ar\\\/#website\"},\"primaryImageOfPage\":{\"@id\":\"https:\\\/\\\/informelitoral.com.ar\\\/el-gobierno-oficializo-la-ampliacion-de-la-moratoria-impositiva\\\/#primaryimage\"},\"image\":{\"@id\":\"https:\\\/\\\/informelitoral.com.ar\\\/el-gobierno-oficializo-la-ampliacion-de-la-moratoria-impositiva\\\/#primaryimage\"},\"thumbnailUrl\":\"https:\\\/\\\/informelitoral.com.ar\\\/%77%70%2d%63%6f%6e%74%65%6e%74\\\/uploads\\\/2020\\\/08\\\/moratoria-impositiva.jpeg\",\"datePublished\":\"2020-08-26T12:22:03+00:00\",\"dateModified\":\"2020-08-26T12:23:32+00:00\",\"breadcrumb\":{\"@id\":\"https:\\\/\\\/informelitoral.com.ar\\\/el-gobierno-oficializo-la-ampliacion-de-la-moratoria-impositiva\\\/#breadcrumb\"},\"inLanguage\":\"es\",\"potentialAction\":[{\"@type\":\"ReadAction\",\"target\":[\"https:\\\/\\\/informelitoral.com.ar\\\/el-gobierno-oficializo-la-ampliacion-de-la-moratoria-impositiva\\\/\"]}]},{\"@type\":\"ImageObject\",\"inLanguage\":\"es\",\"@id\":\"https:\\\/\\\/informelitoral.com.ar\\\/el-gobierno-oficializo-la-ampliacion-de-la-moratoria-impositiva\\\/#primaryimage\",\"url\":\"https:\\\/\\\/informelitoral.com.ar\\\/%77%70%2d%63%6f%6e%74%65%6e%74\\\/uploads\\\/2020\\\/08\\\/moratoria-impositiva.jpeg\",\"contentUrl\":\"https:\\\/\\\/informelitoral.com.ar\\\/%77%70%2d%63%6f%6e%74%65%6e%74\\\/uploads\\\/2020\\\/08\\\/moratoria-impositiva.jpeg\",\"width\":915,\"height\":515},{\"@type\":\"BreadcrumbList\",\"@id\":\"https:\\\/\\\/informelitoral.com.ar\\\/el-gobierno-oficializo-la-ampliacion-de-la-moratoria-impositiva\\\/#breadcrumb\",\"itemListElement\":[{\"@type\":\"ListItem\",\"position\":1,\"name\":\"Portada\",\"item\":\"https:\\\/\\\/informelitoral.com.ar\\\/\"},{\"@type\":\"ListItem\",\"position\":2,\"name\":\"El Gobierno oficializ\u00f3 la ampliaci\u00f3n de la moratoria impositiva\"}]},{\"@type\":\"WebSite\",\"@id\":\"https:\\\/\\\/informelitoral.com.ar\\\/#website\",\"url\":\"https:\\\/\\\/informelitoral.com.ar\\\/\",\"name\":\"Informe Litoral\",\"description\":\"&quot;Nos informamos&quot; \",\"publisher\":{\"@id\":\"https:\\\/\\\/informelitoral.com.ar\\\/#organization\"},\"potentialAction\":[{\"@type\":\"SearchAction\",\"target\":{\"@type\":\"EntryPoint\",\"urlTemplate\":\"https:\\\/\\\/informelitoral.com.ar\\\/?s={search_term_string}\"},\"query-input\":{\"@type\":\"PropertyValueSpecification\",\"valueRequired\":true,\"valueName\":\"search_term_string\"}}],\"inLanguage\":\"es\"},{\"@type\":\"Organization\",\"@id\":\"https:\\\/\\\/informelitoral.com.ar\\\/#organization\",\"name\":\"Informe Litoral\",\"url\":\"https:\\\/\\\/informelitoral.com.ar\\\/\",\"logo\":{\"@type\":\"ImageObject\",\"inLanguage\":\"es\",\"@id\":\"https:\\\/\\\/informelitoral.com.ar\\\/#\\\/schema\\\/logo\\\/image\\\/\",\"url\":\"https:\\\/\\\/informelitoral.com.ar\\\/%77%70%2d%63%6f%6e%74%65%6e%74\\\/uploads\\\/2021\\\/01\\\/circulo.png\",\"contentUrl\":\"https:\\\/\\\/informelitoral.com.ar\\\/%77%70%2d%63%6f%6e%74%65%6e%74\\\/uploads\\\/2021\\\/01\\\/circulo.png\",\"width\":723,\"height\":731,\"caption\":\"Informe Litoral\"},\"image\":{\"@id\":\"https:\\\/\\\/informelitoral.com.ar\\\/#\\\/schema\\\/logo\\\/image\\\/\"},\"sameAs\":[\"https:\\\/\\\/www.facebook.com\\\/informelitoral\\\/\",\"https:\\\/\\\/x.com\\\/InformeLitoral\",\"https:\\\/\\\/www.instagram.com\\\/informelitoral\\\/\",\"https:\\\/\\\/www.youtube.com\\\/channel\\\/UCua4Qvz8Icb6MYqhoq9xLXw\"]},{\"@type\":\"Person\",\"@id\":\"https:\\\/\\\/informelitoral.com.ar\\\/#\\\/schema\\\/person\\\/b9d00407c836482871ef1d57bf8e3180\",\"name\":\"Gonzalo Schmidt\",\"image\":{\"@type\":\"ImageObject\",\"inLanguage\":\"es\",\"@id\":\"https:\\\/\\\/secure.gravatar.com\\\/avatar\\\/31a1a7b66ff2de83bd0e9fd79d026630d2d99e55e8bfe501287647b4fd9743de?s=96&d=mm&r=g\",\"url\":\"https:\\\/\\\/secure.gravatar.com\\\/avatar\\\/31a1a7b66ff2de83bd0e9fd79d026630d2d99e55e8bfe501287647b4fd9743de?s=96&d=mm&r=g\",\"contentUrl\":\"https:\\\/\\\/secure.gravatar.com\\\/avatar\\\/31a1a7b66ff2de83bd0e9fd79d026630d2d99e55e8bfe501287647b4fd9743de?s=96&d=mm&r=g\",\"caption\":\"Gonzalo Schmidt\"},\"description\":\"Sitio web de noticias de la provincia de Entre R\u00edos, Argentina. Informaci\u00f3n y entretenimiento. Informe Litoral, nos informamos.\",\"sameAs\":[\"http:\\\/\\\/www.isletasnoticias.com.ar\"],\"url\":\"https:\\\/\\\/informelitoral.com.ar\\\/author\\\/gonzalo\\\/\"}]}<\/script>","yoast_head_json":{"title":"El Gobierno oficializ\u00f3 la ampliaci\u00f3n de la moratoria impositiva - Informe Litoral","robots":{"index":"index","follow":"follow","max-snippet":"max-snippet:-1","max-image-preview":"max-image-preview:large","max-video-preview":"max-video-preview:-1"},"canonical":"https:\/\/informelitoral.com.ar\/el-gobierno-oficializo-la-ampliacion-de-la-moratoria-impositiva\/","og_locale":"es_ES","og_type":"article","og_title":"El Gobierno oficializ\u00f3 la ampliaci\u00f3n de la moratoria impositiva - Informe Litoral","og_description":"La iniciativa prev\u00e9 planes de pago de hasta 120 cuotas y premios para los contribuyentes cumplidores.","og_url":"https:\/\/informelitoral.com.ar\/el-gobierno-oficializo-la-ampliacion-de-la-moratoria-impositiva\/","og_site_name":"Informe Litoral","article_publisher":"https:\/\/www.facebook.com\/informelitoral\/","article_published_time":"2020-08-26T12:22:03+00:00","article_modified_time":"2020-08-26T12:23:32+00:00","og_image":[{"width":915,"height":515,"url":"https:\/\/informelitoral.com.ar\/%77%70%2d%63%6f%6e%74%65%6e%74\/uploads\/2020\/08\/moratoria-impositiva.jpeg","type":"image\/jpeg"}],"author":"Gonzalo Schmidt","twitter_card":"summary_large_image","twitter_creator":"@InformeLitoral","twitter_site":"@InformeLitoral","twitter_misc":{"Escrito por":"Gonzalo Schmidt","Tiempo de lectura":"2 minutos"},"schema":{"@context":"https:\/\/schema.org","@graph":[{"@type":"Article","@id":"https:\/\/informelitoral.com.ar\/el-gobierno-oficializo-la-ampliacion-de-la-moratoria-impositiva\/#article","isPartOf":{"@id":"https:\/\/informelitoral.com.ar\/el-gobierno-oficializo-la-ampliacion-de-la-moratoria-impositiva\/"},"author":{"name":"Gonzalo Schmidt","@id":"https:\/\/informelitoral.com.ar\/#\/schema\/person\/b9d00407c836482871ef1d57bf8e3180"},"headline":"El Gobierno oficializ\u00f3 la ampliaci\u00f3n de la moratoria impositiva","datePublished":"2020-08-26T12:22:03+00:00","dateModified":"2020-08-26T12:23:32+00:00","mainEntityOfPage":{"@id":"https:\/\/informelitoral.com.ar\/el-gobierno-oficializo-la-ampliacion-de-la-moratoria-impositiva\/"},"wordCount":378,"commentCount":0,"publisher":{"@id":"https:\/\/informelitoral.com.ar\/#organization"},"image":{"@id":"https:\/\/informelitoral.com.ar\/el-gobierno-oficializo-la-ampliacion-de-la-moratoria-impositiva\/#primaryimage"},"thumbnailUrl":"https:\/\/informelitoral.com.ar\/%77%70%2d%63%6f%6e%74%65%6e%74\/uploads\/2020\/08\/moratoria-impositiva.jpeg","keywords":["AFIP","Moratoria"],"articleSection":["Nacionales"],"inLanguage":"es","potentialAction":[{"@type":"CommentAction","name":"Comment","target":["https:\/\/informelitoral.com.ar\/el-gobierno-oficializo-la-ampliacion-de-la-moratoria-impositiva\/#respond"]}]},{"@type":"WebPage","@id":"https:\/\/informelitoral.com.ar\/el-gobierno-oficializo-la-ampliacion-de-la-moratoria-impositiva\/","url":"https:\/\/informelitoral.com.ar\/el-gobierno-oficializo-la-ampliacion-de-la-moratoria-impositiva\/","name":"El Gobierno oficializ\u00f3 la ampliaci\u00f3n de la moratoria impositiva - Informe Litoral","isPartOf":{"@id":"https:\/\/informelitoral.com.ar\/#website"},"primaryImageOfPage":{"@id":"https:\/\/informelitoral.com.ar\/el-gobierno-oficializo-la-ampliacion-de-la-moratoria-impositiva\/#primaryimage"},"image":{"@id":"https:\/\/informelitoral.com.ar\/el-gobierno-oficializo-la-ampliacion-de-la-moratoria-impositiva\/#primaryimage"},"thumbnailUrl":"https:\/\/informelitoral.com.ar\/%77%70%2d%63%6f%6e%74%65%6e%74\/uploads\/2020\/08\/moratoria-impositiva.jpeg","datePublished":"2020-08-26T12:22:03+00:00","dateModified":"2020-08-26T12:23:32+00:00","breadcrumb":{"@id":"https:\/\/informelitoral.com.ar\/el-gobierno-oficializo-la-ampliacion-de-la-moratoria-impositiva\/#breadcrumb"},"inLanguage":"es","potentialAction":[{"@type":"ReadAction","target":["https:\/\/informelitoral.com.ar\/el-gobierno-oficializo-la-ampliacion-de-la-moratoria-impositiva\/"]}]},{"@type":"ImageObject","inLanguage":"es","@id":"https:\/\/informelitoral.com.ar\/el-gobierno-oficializo-la-ampliacion-de-la-moratoria-impositiva\/#primaryimage","url":"https:\/\/informelitoral.com.ar\/%77%70%2d%63%6f%6e%74%65%6e%74\/uploads\/2020\/08\/moratoria-impositiva.jpeg","contentUrl":"https:\/\/informelitoral.com.ar\/%77%70%2d%63%6f%6e%74%65%6e%74\/uploads\/2020\/08\/moratoria-impositiva.jpeg","width":915,"height":515},{"@type":"BreadcrumbList","@id":"https:\/\/informelitoral.com.ar\/el-gobierno-oficializo-la-ampliacion-de-la-moratoria-impositiva\/#breadcrumb","itemListElement":[{"@type":"ListItem","position":1,"name":"Portada","item":"https:\/\/informelitoral.com.ar\/"},{"@type":"ListItem","position":2,"name":"El Gobierno oficializ\u00f3 la ampliaci\u00f3n de la moratoria impositiva"}]},{"@type":"WebSite","@id":"https:\/\/informelitoral.com.ar\/#website","url":"https:\/\/informelitoral.com.ar\/","name":"Informe Litoral","description":"&quot;Nos informamos&quot; ","publisher":{"@id":"https:\/\/informelitoral.com.ar\/#organization"},"potentialAction":[{"@type":"SearchAction","target":{"@type":"EntryPoint","urlTemplate":"https:\/\/informelitoral.com.ar\/?s={search_term_string}"},"query-input":{"@type":"PropertyValueSpecification","valueRequired":true,"valueName":"search_term_string"}}],"inLanguage":"es"},{"@type":"Organization","@id":"https:\/\/informelitoral.com.ar\/#organization","name":"Informe Litoral","url":"https:\/\/informelitoral.com.ar\/","logo":{"@type":"ImageObject","inLanguage":"es","@id":"https:\/\/informelitoral.com.ar\/#\/schema\/logo\/image\/","url":"https:\/\/informelitoral.com.ar\/%77%70%2d%63%6f%6e%74%65%6e%74\/uploads\/2021\/01\/circulo.png","contentUrl":"https:\/\/informelitoral.com.ar\/%77%70%2d%63%6f%6e%74%65%6e%74\/uploads\/2021\/01\/circulo.png","width":723,"height":731,"caption":"Informe Litoral"},"image":{"@id":"https:\/\/informelitoral.com.ar\/#\/schema\/logo\/image\/"},"sameAs":["https:\/\/www.facebook.com\/informelitoral\/","https:\/\/x.com\/InformeLitoral","https:\/\/www.instagram.com\/informelitoral\/","https:\/\/www.youtube.com\/channel\/UCua4Qvz8Icb6MYqhoq9xLXw"]},{"@type":"Person","@id":"https:\/\/informelitoral.com.ar\/#\/schema\/person\/b9d00407c836482871ef1d57bf8e3180","name":"Gonzalo Schmidt","image":{"@type":"ImageObject","inLanguage":"es","@id":"https:\/\/secure.gravatar.com\/avatar\/31a1a7b66ff2de83bd0e9fd79d026630d2d99e55e8bfe501287647b4fd9743de?s=96&d=mm&r=g","url":"https:\/\/secure.gravatar.com\/avatar\/31a1a7b66ff2de83bd0e9fd79d026630d2d99e55e8bfe501287647b4fd9743de?s=96&d=mm&r=g","contentUrl":"https:\/\/secure.gravatar.com\/avatar\/31a1a7b66ff2de83bd0e9fd79d026630d2d99e55e8bfe501287647b4fd9743de?s=96&d=mm&r=g","caption":"Gonzalo Schmidt"},"description":"Sitio web de noticias de la provincia de Entre R\u00edos, Argentina. Informaci\u00f3n y entretenimiento. Informe Litoral, nos informamos.","sameAs":["http:\/\/www.isletasnoticias.com.ar"],"url":"https:\/\/informelitoral.com.ar\/author\/gonzalo\/"}]}},"_links":{"self":[{"href":"https:\/\/informelitoral.com.ar\/%77%70%2d%6a%73%6f%6e\/wp\/v2\/posts\/48269","targetHints":{"allow":["GET"]}}],"collection":[{"href":"https:\/\/informelitoral.com.ar\/%77%70%2d%6a%73%6f%6e\/wp\/v2\/posts"}],"about":[{"href":"https:\/\/informelitoral.com.ar\/%77%70%2d%6a%73%6f%6e\/wp\/v2\/types\/post"}],"author":[{"embeddable":true,"href":"https:\/\/informelitoral.com.ar\/%77%70%2d%6a%73%6f%6e\/wp\/v2\/users\/2"}],"replies":[{"embeddable":true,"href":"https:\/\/informelitoral.com.ar\/%77%70%2d%6a%73%6f%6e\/wp\/v2\/comments?post=48269"}],"version-history":[{"count":0,"href":"https:\/\/informelitoral.com.ar\/%77%70%2d%6a%73%6f%6e\/wp\/v2\/posts\/48269\/revisions"}],"wp:featuredmedia":[{"embeddable":true,"href":"https:\/\/informelitoral.com.ar\/%77%70%2d%6a%73%6f%6e\/wp\/v2\/media\/48270"}],"wp:attachment":[{"href":"https:\/\/informelitoral.com.ar\/%77%70%2d%6a%73%6f%6e\/wp\/v2\/media?parent=48269"}],"wp:term":[{"taxonomy":"category","embeddable":true,"href":"https:\/\/informelitoral.com.ar\/%77%70%2d%6a%73%6f%6e\/wp\/v2\/categories?post=48269"},{"taxonomy":"post_tag","embeddable":true,"href":"https:\/\/informelitoral.com.ar\/%77%70%2d%6a%73%6f%6e\/wp\/v2\/tags?post=48269"}],"curies":[{"name":"wp","href":"https:\/\/api.w.org\/{rel}","templated":true}]}}