{"id":48265,"date":"2020-08-26T09:16:36","date_gmt":"2020-08-26T12:16:36","guid":{"rendered":"https:\/\/www.isletasnoticias.com.ar\/?p=48265"},"modified":"2020-08-26T09:16:36","modified_gmt":"2020-08-26T12:16:36","slug":"ningun-alumno-repetira-de-ano-la-promocion-se-definira-en-2021","status":"publish","type":"post","link":"https:\/\/informelitoral.com.ar\/ningun-alumno-repetira-de-ano-la-promocion-se-definira-en-2021\/","title":{"rendered":"Ning\u00fan alumno repetir\u00e1 de a\u00f1o: la promoci\u00f3n se definir\u00e1 en 2021"},"content":{"rendered":"<p>En una nueva sesi\u00f3n del\u00a0<strong>Consejo Federal de Educaci\u00f3n<\/strong>, los ministros de todas las provincias del pa\u00eds acordaron que este a\u00f1o, debido a la suspensi\u00f3n de las clases presenciales,\u00a0<strong>ning\u00fan alumno repetir\u00e1<\/strong>. En cambio, se formar\u00e1 una unidad pedag\u00f3gica que abarque los ciclos lectivos 2020-2021 y\u00a0<strong>la promoci\u00f3n reci\u00e9n se definir\u00e1 el a\u00f1o que viene.<\/strong><\/p>\n<p>Los ministros consensuaron que\u00a0<strong>los aprendizajes que tuvieron lugar durante 2020 ser\u00e1n evaluados y acreditados este mismo a\u00f1o<\/strong>, pero que no ser\u00e1n definitorios a la hora del paso de grado. Representar\u00e1n \u201cmomentos en una progresi\u00f3n de aprendizajes\u201d que contendr\u00e1 tambi\u00e9n el ciclo lectivo 2021 como una \u00fanica unidad pedag\u00f3gica. Esas evaluaciones se rubricar\u00e1n en informes conceptuales que luego se retomar\u00e1n cuando vuelvan las calificaciones num\u00e9ricas, suspendidas desde mayo a ra\u00edz de la pandemia.<\/p>\n<p>En el ministerio de Educaci\u00f3n nacional aclaran que\u00a0<strong>\u201cno se trata de una promoci\u00f3n autom\u00e1tica\u201d\u00a0<\/strong>ya que el a\u00f1o que viene s\u00ed deber\u00e1n acreditar los saberes. Con esa idea, reorganizar\u00e1n los contenidos para alcanzar a dar al menos los prioritarios entre lo que queda de 2020 y el a\u00f1o pr\u00f3ximo que a\u00fan no se sabe si podr\u00e1 ser completamente presencial.<\/p>\n<p>La dificultad de este dispositivo est\u00e1 en el salto del nivel. All\u00ed se encuentran las excepciones. En el caso de sala de 5, pasar\u00e1n directamente a primer grado de primaria y se proyecta una articulaci\u00f3n.<\/p>\n<p>En lo que respecta a los alumnos en el \u00faltimo grado de primaria -sexto o s\u00e9ptimo seg\u00fan la provincia- s\u00ed tendr\u00e1n que rendir para pasar a primer a\u00f1o. Para ellos, se contempla una posible extensi\u00f3n del plazo hasta marzo de 2021. La acreditaci\u00f3n, aclara la resoluci\u00f3n, tendr\u00e1 que darse entre diciembre y marzo. Aquellos que no aprueben pasar\u00e1n de igual manera al secundario, pero bajo la figura de \u201cpromoci\u00f3n acompa\u00f1ada\u201d, lo cual implica que tendr\u00e1n horas de clase fuera del horario escolar.<\/p>\n<p><span style=\"text-align: center;\">En tanto,<\/span><strong style=\"text-align: center;\">\u00a0para los chicos que terminan su educaci\u00f3n escolar en diciembre -quinto o sexto a\u00f1o-<\/strong><span style=\"text-align: center;\">\u00a0se plantea un m\u00f3dulo especial llamado \u201ctrayecto curricular de finalizaci\u00f3n\u201d, que\u00a0<\/span><strong style=\"text-align: center;\">s\u00ed ser\u00e1 de aprobaci\u00f3n obligatoria.\u00a0<\/strong><span style=\"text-align: center;\">\u201cSe ofrecer\u00e1n espacios de formaci\u00f3n como m\u00ednimo durante el mes de febrero y hasta la finalizaci\u00f3n del a\u00f1o lectivo 2020 (marzo 2021). La acreditaci\u00f3n final de aprendizajes y la correspondiente certificaci\u00f3n del nivel podr\u00e1 tener lugar en los meses de diciembre 2020, marzo y abril 2021\u2033, explican en la cartera educativa.<\/span><\/p>\n<p>Al respecto, el ministro\u00a0<strong>Nicol\u00e1s Trotta<\/strong>\u00a0se\u00f1al\u00f3: \u201cHemos logrado generar los consensos federales en torno a las respuestas que requieren los desaf\u00edos pedag\u00f3gicos que tendremos que afrontar en el corto y mediano plazo. Buscamos llevar tranquilidad y certeza a la comunidad educativa de c\u00f3mo abordaremos el fin del ciclo lectivo 2020 y su articulaci\u00f3n con el a\u00f1o pr\u00f3ximo\u201d.<\/p>\n<p>Durante la sesi\u00f3n, que transcurri\u00f3 por videoconferencia, tambi\u00e9n se aprob\u00f3 otra resoluci\u00f3n que dispone un reordenamiento curricular. La pandemia, se sabe, ensanch\u00f3 la brecha entre los alumnos de acuerdo a las posbilidades de los hogares. El ritmo de aprendizaje se volvi\u00f3 a\u00fan m\u00e1s dispar. Por ende, llamaron a\u00a0<strong>priorizar contenidos para garantizar las metas formativas de cada grado.<\/strong><\/p>\n<p>Los funcionarios insistieron en que el regreso a las aulas ser\u00e1 progresivo hasta que \u201cse disponga de una vacuna contra Covid-19\u2033. Hasta entonces, convivir\u00e1n tres modalidades que se definir\u00e1n de acuerdo al status sanitario de cada provincia: presencial, no presencial y combinada.<\/p>\n<p>Con este panorama, sellaron tambi\u00e9n la puesta en marcha del Programa Acompa\u00f1ar, que pretende articular el trabajo de Naci\u00f3n, provincias y municipios para ir a buscar a los chicos que no tuvieron contacto con la escuela y reentablar el v\u00ednculo. De acuerdo a los n\u00fameros oficiales, calculan que alrededor de un 10% de la matr\u00edcula nacional no sostuvo ning\u00fan intercambio con sus docentes. Ellos son los que corren mayor riesgo de abandonar el sistema.<\/p>\n","protected":false},"excerpt":{"rendered":"<p>Lo definieron todos los ministros de Educaci\u00f3n del pa\u00eds. Se formar\u00e1 una unidad pedag\u00f3gica que abarcar\u00e1 el actual ciclo lectivo y el del a\u00f1o que viene.<\/p>\n","protected":false},"author":2,"featured_media":48266,"comment_status":"open","ping_status":"open","sticky":false,"template":"","format":"standard","meta":{"fifu_image_url":"","fifu_image_alt":"","footnotes":""},"categories":[7],"tags":[98],"class_list":{"0":"post-48265","1":"post","2":"type-post","3":"status-publish","4":"format-standard","5":"has-post-thumbnail","7":"category-nacionales","8":"tag-educacion"},"yoast_head":"<title>Ning\u00fan alumno repetir\u00e1 de a\u00f1o: la promoci\u00f3n se definir\u00e1 en 2021 - Informe Litoral<\/title>\n<meta name=\"robots\" content=\"index, follow, max-snippet:-1, max-image-preview:large, max-video-preview:-1\" \/>\n<link rel=\"canonical\" href=\"https:\/\/informelitoral.com.ar\/ningun-alumno-repetira-de-ano-la-promocion-se-definira-en-2021\/\" \/>\n<meta property=\"og:locale\" content=\"es_ES\" \/>\n<meta property=\"og:type\" content=\"article\" \/>\n<meta property=\"og:title\" content=\"Ning\u00fan alumno repetir\u00e1 de a\u00f1o: la promoci\u00f3n se definir\u00e1 en 2021 - Informe Litoral\" \/>\n<meta property=\"og:description\" content=\"Lo definieron todos los ministros de Educaci\u00f3n del pa\u00eds. Se formar\u00e1 una unidad pedag\u00f3gica que abarcar\u00e1 el actual ciclo lectivo y el del a\u00f1o que viene.\" \/>\n<meta property=\"og:url\" content=\"https:\/\/informelitoral.com.ar\/ningun-alumno-repetira-de-ano-la-promocion-se-definira-en-2021\/\" \/>\n<meta property=\"og:site_name\" content=\"Informe Litoral\" \/>\n<meta property=\"article:publisher\" content=\"https:\/\/www.facebook.com\/informelitoral\/\" \/>\n<meta property=\"article:published_time\" content=\"2020-08-26T12:16:36+00:00\" \/>\n<meta property=\"og:image\" content=\"https:\/\/informelitoral.com.ar\/%77%70%2d%63%6f%6e%74%65%6e%74\/uploads\/2020\/08\/clases-a-distancia.jpg\" \/>\n\t<meta property=\"og:image:width\" content=\"900\" \/>\n\t<meta property=\"og:image:height\" content=\"600\" \/>\n\t<meta property=\"og:image:type\" content=\"image\/jpeg\" \/>\n<meta name=\"author\" content=\"Gonzalo Schmidt\" \/>\n<meta name=\"twitter:card\" content=\"summary_large_image\" \/>\n<meta name=\"twitter:creator\" content=\"@InformeLitoral\" \/>\n<meta name=\"twitter:site\" content=\"@InformeLitoral\" \/>\n<meta name=\"twitter:label1\" content=\"Escrito por\" \/>\n\t<meta name=\"twitter:data1\" content=\"Gonzalo Schmidt\" \/>\n\t<meta name=\"twitter:label2\" content=\"Tiempo de lectura\" \/>\n\t<meta name=\"twitter:data2\" content=\"3 minutos\" \/>\n<script type=\"application\/ld+json\" class=\"yoast-schema-graph\">{\"@context\":\"https:\\\/\\\/schema.org\",\"@graph\":[{\"@type\":\"Article\",\"@id\":\"https:\\\/\\\/informelitoral.com.ar\\\/ningun-alumno-repetira-de-ano-la-promocion-se-definira-en-2021\\\/#article\",\"isPartOf\":{\"@id\":\"https:\\\/\\\/informelitoral.com.ar\\\/ningun-alumno-repetira-de-ano-la-promocion-se-definira-en-2021\\\/\"},\"author\":{\"name\":\"Gonzalo Schmidt\",\"@id\":\"https:\\\/\\\/informelitoral.com.ar\\\/#\\\/schema\\\/person\\\/b9d00407c836482871ef1d57bf8e3180\"},\"headline\":\"Ning\u00fan alumno repetir\u00e1 de a\u00f1o: la promoci\u00f3n se definir\u00e1 en 2021\",\"datePublished\":\"2020-08-26T12:16:36+00:00\",\"mainEntityOfPage\":{\"@id\":\"https:\\\/\\\/informelitoral.com.ar\\\/ningun-alumno-repetira-de-ano-la-promocion-se-definira-en-2021\\\/\"},\"wordCount\":699,\"commentCount\":0,\"publisher\":{\"@id\":\"https:\\\/\\\/informelitoral.com.ar\\\/#organization\"},\"image\":{\"@id\":\"https:\\\/\\\/informelitoral.com.ar\\\/ningun-alumno-repetira-de-ano-la-promocion-se-definira-en-2021\\\/#primaryimage\"},\"thumbnailUrl\":\"https:\\\/\\\/informelitoral.com.ar\\\/%77%70%2d%63%6f%6e%74%65%6e%74\\\/uploads\\\/2020\\\/08\\\/clases-a-distancia.jpg\",\"keywords\":[\"Educaci\u00f3n\"],\"articleSection\":[\"Nacionales\"],\"inLanguage\":\"es\",\"potentialAction\":[{\"@type\":\"CommentAction\",\"name\":\"Comment\",\"target\":[\"https:\\\/\\\/informelitoral.com.ar\\\/ningun-alumno-repetira-de-ano-la-promocion-se-definira-en-2021\\\/#respond\"]}]},{\"@type\":\"WebPage\",\"@id\":\"https:\\\/\\\/informelitoral.com.ar\\\/ningun-alumno-repetira-de-ano-la-promocion-se-definira-en-2021\\\/\",\"url\":\"https:\\\/\\\/informelitoral.com.ar\\\/ningun-alumno-repetira-de-ano-la-promocion-se-definira-en-2021\\\/\",\"name\":\"Ning\u00fan alumno repetir\u00e1 de a\u00f1o: la promoci\u00f3n se definir\u00e1 en 2021 - Informe Litoral\",\"isPartOf\":{\"@id\":\"https:\\\/\\\/informelitoral.com.ar\\\/#website\"},\"primaryImageOfPage\":{\"@id\":\"https:\\\/\\\/informelitoral.com.ar\\\/ningun-alumno-repetira-de-ano-la-promocion-se-definira-en-2021\\\/#primaryimage\"},\"image\":{\"@id\":\"https:\\\/\\\/informelitoral.com.ar\\\/ningun-alumno-repetira-de-ano-la-promocion-se-definira-en-2021\\\/#primaryimage\"},\"thumbnailUrl\":\"https:\\\/\\\/informelitoral.com.ar\\\/%77%70%2d%63%6f%6e%74%65%6e%74\\\/uploads\\\/2020\\\/08\\\/clases-a-distancia.jpg\",\"datePublished\":\"2020-08-26T12:16:36+00:00\",\"breadcrumb\":{\"@id\":\"https:\\\/\\\/informelitoral.com.ar\\\/ningun-alumno-repetira-de-ano-la-promocion-se-definira-en-2021\\\/#breadcrumb\"},\"inLanguage\":\"es\",\"potentialAction\":[{\"@type\":\"ReadAction\",\"target\":[\"https:\\\/\\\/informelitoral.com.ar\\\/ningun-alumno-repetira-de-ano-la-promocion-se-definira-en-2021\\\/\"]}]},{\"@type\":\"ImageObject\",\"inLanguage\":\"es\",\"@id\":\"https:\\\/\\\/informelitoral.com.ar\\\/ningun-alumno-repetira-de-ano-la-promocion-se-definira-en-2021\\\/#primaryimage\",\"url\":\"https:\\\/\\\/informelitoral.com.ar\\\/%77%70%2d%63%6f%6e%74%65%6e%74\\\/uploads\\\/2020\\\/08\\\/clases-a-distancia.jpg\",\"contentUrl\":\"https:\\\/\\\/informelitoral.com.ar\\\/%77%70%2d%63%6f%6e%74%65%6e%74\\\/uploads\\\/2020\\\/08\\\/clases-a-distancia.jpg\",\"width\":900,\"height\":600},{\"@type\":\"BreadcrumbList\",\"@id\":\"https:\\\/\\\/informelitoral.com.ar\\\/ningun-alumno-repetira-de-ano-la-promocion-se-definira-en-2021\\\/#breadcrumb\",\"itemListElement\":[{\"@type\":\"ListItem\",\"position\":1,\"name\":\"Portada\",\"item\":\"https:\\\/\\\/informelitoral.com.ar\\\/\"},{\"@type\":\"ListItem\",\"position\":2,\"name\":\"Ning\u00fan alumno repetir\u00e1 de a\u00f1o: la promoci\u00f3n se definir\u00e1 en 2021\"}]},{\"@type\":\"WebSite\",\"@id\":\"https:\\\/\\\/informelitoral.com.ar\\\/#website\",\"url\":\"https:\\\/\\\/informelitoral.com.ar\\\/\",\"name\":\"Informe Litoral\",\"description\":\"&quot;Nos informamos&quot; \",\"publisher\":{\"@id\":\"https:\\\/\\\/informelitoral.com.ar\\\/#organization\"},\"potentialAction\":[{\"@type\":\"SearchAction\",\"target\":{\"@type\":\"EntryPoint\",\"urlTemplate\":\"https:\\\/\\\/informelitoral.com.ar\\\/?s={search_term_string}\"},\"query-input\":{\"@type\":\"PropertyValueSpecification\",\"valueRequired\":true,\"valueName\":\"search_term_string\"}}],\"inLanguage\":\"es\"},{\"@type\":\"Organization\",\"@id\":\"https:\\\/\\\/informelitoral.com.ar\\\/#organization\",\"name\":\"Informe Litoral\",\"url\":\"https:\\\/\\\/informelitoral.com.ar\\\/\",\"logo\":{\"@type\":\"ImageObject\",\"inLanguage\":\"es\",\"@id\":\"https:\\\/\\\/informelitoral.com.ar\\\/#\\\/schema\\\/logo\\\/image\\\/\",\"url\":\"https:\\\/\\\/informelitoral.com.ar\\\/%77%70%2d%63%6f%6e%74%65%6e%74\\\/uploads\\\/2021\\\/01\\\/circulo.png\",\"contentUrl\":\"https:\\\/\\\/informelitoral.com.ar\\\/%77%70%2d%63%6f%6e%74%65%6e%74\\\/uploads\\\/2021\\\/01\\\/circulo.png\",\"width\":723,\"height\":731,\"caption\":\"Informe Litoral\"},\"image\":{\"@id\":\"https:\\\/\\\/informelitoral.com.ar\\\/#\\\/schema\\\/logo\\\/image\\\/\"},\"sameAs\":[\"https:\\\/\\\/www.facebook.com\\\/informelitoral\\\/\",\"https:\\\/\\\/x.com\\\/InformeLitoral\",\"https:\\\/\\\/www.instagram.com\\\/informelitoral\\\/\",\"https:\\\/\\\/www.youtube.com\\\/channel\\\/UCua4Qvz8Icb6MYqhoq9xLXw\"]},{\"@type\":\"Person\",\"@id\":\"https:\\\/\\\/informelitoral.com.ar\\\/#\\\/schema\\\/person\\\/b9d00407c836482871ef1d57bf8e3180\",\"name\":\"Gonzalo Schmidt\",\"image\":{\"@type\":\"ImageObject\",\"inLanguage\":\"es\",\"@id\":\"https:\\\/\\\/secure.gravatar.com\\\/avatar\\\/31a1a7b66ff2de83bd0e9fd79d026630d2d99e55e8bfe501287647b4fd9743de?s=96&d=mm&r=g\",\"url\":\"https:\\\/\\\/secure.gravatar.com\\\/avatar\\\/31a1a7b66ff2de83bd0e9fd79d026630d2d99e55e8bfe501287647b4fd9743de?s=96&d=mm&r=g\",\"contentUrl\":\"https:\\\/\\\/secure.gravatar.com\\\/avatar\\\/31a1a7b66ff2de83bd0e9fd79d026630d2d99e55e8bfe501287647b4fd9743de?s=96&d=mm&r=g\",\"caption\":\"Gonzalo Schmidt\"},\"description\":\"Sitio web de noticias de la provincia de Entre R\u00edos, Argentina. Informaci\u00f3n y entretenimiento. Informe Litoral, nos informamos.\",\"sameAs\":[\"http:\\\/\\\/www.isletasnoticias.com.ar\"],\"url\":\"https:\\\/\\\/informelitoral.com.ar\\\/author\\\/gonzalo\\\/\"}]}<\/script>","yoast_head_json":{"title":"Ning\u00fan alumno repetir\u00e1 de a\u00f1o: la promoci\u00f3n se definir\u00e1 en 2021 - Informe Litoral","robots":{"index":"index","follow":"follow","max-snippet":"max-snippet:-1","max-image-preview":"max-image-preview:large","max-video-preview":"max-video-preview:-1"},"canonical":"https:\/\/informelitoral.com.ar\/ningun-alumno-repetira-de-ano-la-promocion-se-definira-en-2021\/","og_locale":"es_ES","og_type":"article","og_title":"Ning\u00fan alumno repetir\u00e1 de a\u00f1o: la promoci\u00f3n se definir\u00e1 en 2021 - Informe Litoral","og_description":"Lo definieron todos los ministros de Educaci\u00f3n del pa\u00eds. Se formar\u00e1 una unidad pedag\u00f3gica que abarcar\u00e1 el actual ciclo lectivo y el del a\u00f1o que viene.","og_url":"https:\/\/informelitoral.com.ar\/ningun-alumno-repetira-de-ano-la-promocion-se-definira-en-2021\/","og_site_name":"Informe Litoral","article_publisher":"https:\/\/www.facebook.com\/informelitoral\/","article_published_time":"2020-08-26T12:16:36+00:00","og_image":[{"width":900,"height":600,"url":"https:\/\/informelitoral.com.ar\/%77%70%2d%63%6f%6e%74%65%6e%74\/uploads\/2020\/08\/clases-a-distancia.jpg","type":"image\/jpeg"}],"author":"Gonzalo Schmidt","twitter_card":"summary_large_image","twitter_creator":"@InformeLitoral","twitter_site":"@InformeLitoral","twitter_misc":{"Escrito por":"Gonzalo Schmidt","Tiempo de lectura":"3 minutos"},"schema":{"@context":"https:\/\/schema.org","@graph":[{"@type":"Article","@id":"https:\/\/informelitoral.com.ar\/ningun-alumno-repetira-de-ano-la-promocion-se-definira-en-2021\/#article","isPartOf":{"@id":"https:\/\/informelitoral.com.ar\/ningun-alumno-repetira-de-ano-la-promocion-se-definira-en-2021\/"},"author":{"name":"Gonzalo Schmidt","@id":"https:\/\/informelitoral.com.ar\/#\/schema\/person\/b9d00407c836482871ef1d57bf8e3180"},"headline":"Ning\u00fan alumno repetir\u00e1 de a\u00f1o: la promoci\u00f3n se definir\u00e1 en 2021","datePublished":"2020-08-26T12:16:36+00:00","mainEntityOfPage":{"@id":"https:\/\/informelitoral.com.ar\/ningun-alumno-repetira-de-ano-la-promocion-se-definira-en-2021\/"},"wordCount":699,"commentCount":0,"publisher":{"@id":"https:\/\/informelitoral.com.ar\/#organization"},"image":{"@id":"https:\/\/informelitoral.com.ar\/ningun-alumno-repetira-de-ano-la-promocion-se-definira-en-2021\/#primaryimage"},"thumbnailUrl":"https:\/\/informelitoral.com.ar\/%77%70%2d%63%6f%6e%74%65%6e%74\/uploads\/2020\/08\/clases-a-distancia.jpg","keywords":["Educaci\u00f3n"],"articleSection":["Nacionales"],"inLanguage":"es","potentialAction":[{"@type":"CommentAction","name":"Comment","target":["https:\/\/informelitoral.com.ar\/ningun-alumno-repetira-de-ano-la-promocion-se-definira-en-2021\/#respond"]}]},{"@type":"WebPage","@id":"https:\/\/informelitoral.com.ar\/ningun-alumno-repetira-de-ano-la-promocion-se-definira-en-2021\/","url":"https:\/\/informelitoral.com.ar\/ningun-alumno-repetira-de-ano-la-promocion-se-definira-en-2021\/","name":"Ning\u00fan alumno repetir\u00e1 de a\u00f1o: la promoci\u00f3n se definir\u00e1 en 2021 - Informe Litoral","isPartOf":{"@id":"https:\/\/informelitoral.com.ar\/#website"},"primaryImageOfPage":{"@id":"https:\/\/informelitoral.com.ar\/ningun-alumno-repetira-de-ano-la-promocion-se-definira-en-2021\/#primaryimage"},"image":{"@id":"https:\/\/informelitoral.com.ar\/ningun-alumno-repetira-de-ano-la-promocion-se-definira-en-2021\/#primaryimage"},"thumbnailUrl":"https:\/\/informelitoral.com.ar\/%77%70%2d%63%6f%6e%74%65%6e%74\/uploads\/2020\/08\/clases-a-distancia.jpg","datePublished":"2020-08-26T12:16:36+00:00","breadcrumb":{"@id":"https:\/\/informelitoral.com.ar\/ningun-alumno-repetira-de-ano-la-promocion-se-definira-en-2021\/#breadcrumb"},"inLanguage":"es","potentialAction":[{"@type":"ReadAction","target":["https:\/\/informelitoral.com.ar\/ningun-alumno-repetira-de-ano-la-promocion-se-definira-en-2021\/"]}]},{"@type":"ImageObject","inLanguage":"es","@id":"https:\/\/informelitoral.com.ar\/ningun-alumno-repetira-de-ano-la-promocion-se-definira-en-2021\/#primaryimage","url":"https:\/\/informelitoral.com.ar\/%77%70%2d%63%6f%6e%74%65%6e%74\/uploads\/2020\/08\/clases-a-distancia.jpg","contentUrl":"https:\/\/informelitoral.com.ar\/%77%70%2d%63%6f%6e%74%65%6e%74\/uploads\/2020\/08\/clases-a-distancia.jpg","width":900,"height":600},{"@type":"BreadcrumbList","@id":"https:\/\/informelitoral.com.ar\/ningun-alumno-repetira-de-ano-la-promocion-se-definira-en-2021\/#breadcrumb","itemListElement":[{"@type":"ListItem","position":1,"name":"Portada","item":"https:\/\/informelitoral.com.ar\/"},{"@type":"ListItem","position":2,"name":"Ning\u00fan alumno repetir\u00e1 de a\u00f1o: la promoci\u00f3n se definir\u00e1 en 2021"}]},{"@type":"WebSite","@id":"https:\/\/informelitoral.com.ar\/#website","url":"https:\/\/informelitoral.com.ar\/","name":"Informe Litoral","description":"&quot;Nos informamos&quot; ","publisher":{"@id":"https:\/\/informelitoral.com.ar\/#organization"},"potentialAction":[{"@type":"SearchAction","target":{"@type":"EntryPoint","urlTemplate":"https:\/\/informelitoral.com.ar\/?s={search_term_string}"},"query-input":{"@type":"PropertyValueSpecification","valueRequired":true,"valueName":"search_term_string"}}],"inLanguage":"es"},{"@type":"Organization","@id":"https:\/\/informelitoral.com.ar\/#organization","name":"Informe Litoral","url":"https:\/\/informelitoral.com.ar\/","logo":{"@type":"ImageObject","inLanguage":"es","@id":"https:\/\/informelitoral.com.ar\/#\/schema\/logo\/image\/","url":"https:\/\/informelitoral.com.ar\/%77%70%2d%63%6f%6e%74%65%6e%74\/uploads\/2021\/01\/circulo.png","contentUrl":"https:\/\/informelitoral.com.ar\/%77%70%2d%63%6f%6e%74%65%6e%74\/uploads\/2021\/01\/circulo.png","width":723,"height":731,"caption":"Informe Litoral"},"image":{"@id":"https:\/\/informelitoral.com.ar\/#\/schema\/logo\/image\/"},"sameAs":["https:\/\/www.facebook.com\/informelitoral\/","https:\/\/x.com\/InformeLitoral","https:\/\/www.instagram.com\/informelitoral\/","https:\/\/www.youtube.com\/channel\/UCua4Qvz8Icb6MYqhoq9xLXw"]},{"@type":"Person","@id":"https:\/\/informelitoral.com.ar\/#\/schema\/person\/b9d00407c836482871ef1d57bf8e3180","name":"Gonzalo Schmidt","image":{"@type":"ImageObject","inLanguage":"es","@id":"https:\/\/secure.gravatar.com\/avatar\/31a1a7b66ff2de83bd0e9fd79d026630d2d99e55e8bfe501287647b4fd9743de?s=96&d=mm&r=g","url":"https:\/\/secure.gravatar.com\/avatar\/31a1a7b66ff2de83bd0e9fd79d026630d2d99e55e8bfe501287647b4fd9743de?s=96&d=mm&r=g","contentUrl":"https:\/\/secure.gravatar.com\/avatar\/31a1a7b66ff2de83bd0e9fd79d026630d2d99e55e8bfe501287647b4fd9743de?s=96&d=mm&r=g","caption":"Gonzalo Schmidt"},"description":"Sitio web de noticias de la provincia de Entre R\u00edos, Argentina. Informaci\u00f3n y entretenimiento. Informe Litoral, nos informamos.","sameAs":["http:\/\/www.isletasnoticias.com.ar"],"url":"https:\/\/informelitoral.com.ar\/author\/gonzalo\/"}]}},"_links":{"self":[{"href":"https:\/\/informelitoral.com.ar\/%77%70%2d%6a%73%6f%6e\/wp\/v2\/posts\/48265","targetHints":{"allow":["GET"]}}],"collection":[{"href":"https:\/\/informelitoral.com.ar\/%77%70%2d%6a%73%6f%6e\/wp\/v2\/posts"}],"about":[{"href":"https:\/\/informelitoral.com.ar\/%77%70%2d%6a%73%6f%6e\/wp\/v2\/types\/post"}],"author":[{"embeddable":true,"href":"https:\/\/informelitoral.com.ar\/%77%70%2d%6a%73%6f%6e\/wp\/v2\/users\/2"}],"replies":[{"embeddable":true,"href":"https:\/\/informelitoral.com.ar\/%77%70%2d%6a%73%6f%6e\/wp\/v2\/comments?post=48265"}],"version-history":[{"count":0,"href":"https:\/\/informelitoral.com.ar\/%77%70%2d%6a%73%6f%6e\/wp\/v2\/posts\/48265\/revisions"}],"wp:featuredmedia":[{"embeddable":true,"href":"https:\/\/informelitoral.com.ar\/%77%70%2d%6a%73%6f%6e\/wp\/v2\/media\/48266"}],"wp:attachment":[{"href":"https:\/\/informelitoral.com.ar\/%77%70%2d%6a%73%6f%6e\/wp\/v2\/media?parent=48265"}],"wp:term":[{"taxonomy":"category","embeddable":true,"href":"https:\/\/informelitoral.com.ar\/%77%70%2d%6a%73%6f%6e\/wp\/v2\/categories?post=48265"},{"taxonomy":"post_tag","embeddable":true,"href":"https:\/\/informelitoral.com.ar\/%77%70%2d%6a%73%6f%6e\/wp\/v2\/tags?post=48265"}],"curies":[{"name":"wp","href":"https:\/\/api.w.org\/{rel}","templated":true}]}}