{"id":48261,"date":"2020-08-26T08:33:08","date_gmt":"2020-08-26T11:33:08","guid":{"rendered":"https:\/\/www.isletasnoticias.com.ar\/?p=48261"},"modified":"2020-08-26T08:33:08","modified_gmt":"2020-08-26T11:33:08","slug":"quien-es-sergio-cotoloni-el-productor-que-combatio-el-incendio-en-su-campo","status":"publish","type":"post","link":"https:\/\/informelitoral.com.ar\/quien-es-sergio-cotoloni-el-productor-que-combatio-el-incendio-en-su-campo\/","title":{"rendered":"Qui\u00e9n es Sergio Cotoloni, el productor que combati\u00f3 el incendio en su campo"},"content":{"rendered":"<p>El lunes <strong>se volvi\u00f3 viral la foto de un productor que combati\u00f3 el fuego en su campo<\/strong>\u00a0de la provincia de\u00a0<strong>C\u00f3rdoba<\/strong>\u00a0durante todo el fin de semana.\u00a0<strong>Lourdes Cotoloni<\/strong>\u00a0mostraba a su padre y dec\u00eda: \u201cLa verdad no tengo palabras,\u00a0<strong>en cuesti\u00f3n de segundos ves c\u00f3mo se va perdiendo todo.<\/strong>\u00a0Ver la\u00a0<strong>cara de mi viejo<\/strong>\u00a0te deja sin palabras\u201d.<\/p>\n<p>El protagonista de la imagen es\u00a0<strong>Sergio Cotoloni<\/strong>, de 43 a\u00f1os. Un\u00a0<strong>productor agr\u00edcola-ganadero<\/strong>\u00a0de Reducci\u00f3n, una localidad ubicada sobre la\u00a0<strong>Ruta 8,<\/strong> entre R\u00edo Cuarto y La Carlota. Desde el s\u00e1bado, Sergio combati\u00f3 el fuego que recorri\u00f3 unos <strong>20 kil\u00f3metros desde Bengolea<\/strong> hasta la Ruta 8, lleg\u00f3 a su campo y \u201cno dej\u00f3 nada a su paso\u201d.<\/p>\n<p>\u201cHab\u00eda <strong>mucho rastrojo y en algunas zonas alg\u00fan\u00a0trigo,<\/strong>\u00a0pero todo\u00a0<strong>extremadamente seco<\/strong>\u00a0por la falta de lluvias. De eso no qued\u00f3 nada. Tambi\u00e9n fue pasando por lugares donde hay\u00a0<strong>muchos animales que se prendieron fuego<\/strong>. En nuestro campo\u00a0<strong>hab\u00eda hacienda, cerdos, ovejas, caballos,<\/strong>\u00a0hicimos de todo por salvar a los bichos. Por suerte, alcanzamos a sacarlos y\u00a0<strong>no los agarr\u00f3 el fuego<\/strong>\u201d, le cont\u00f3 Cotoloni a<em>\u00a0Infocampo.<\/em><\/p>\n<p>De las\u00a0<strong>700 hect\u00e1reas<\/strong>\u00a0que posee en esa zona,\u00a0<strong>250 fueron arrasadas por el fuego<\/strong>\u00a0en las \u00faltimas horas. \u201cEl fuego lleg\u00f3 al casco y, durante todo el tiempo que estuvo encendido,\u00a0<strong>mi mam\u00e1 estuvo adentro de la casa, y afortunadamente no se quem\u00f3.<\/strong>\u00a0Vive ah\u00ed sola desde que, hace unos meses, falleci\u00f3 mi pap\u00e1 y no hubo manera de sacarla hasta que -una vez m\u00e1s calmo el fuego- vino toda mi familia y se fueron juntas al pueblo para que nosotros podamos<strong>\u00a0seguir intentando apagar los focos<\/strong>\u201d, record\u00f3.<\/p>\n<p><img loading=\"lazy\" decoding=\"async\" class=\"alignnone size-full wp-image-445056\" src=\"https:\/\/www.infocampo.com.ar\/%77%70%2d%63%6f%6e%74%65%6e%74\/uploads\/2020\/08\/incendio3.jpg\" sizes=\"auto, (max-width: 1000px) 100vw, 1000px\" srcset=\"https:\/\/www.infocampo.com.ar\/%77%70%2d%63%6f%6e%74%65%6e%74\/uploads\/2020\/08\/incendio3.jpg 1000w, https:\/\/www.infocampo.com.ar\/%77%70%2d%63%6f%6e%74%65%6e%74\/uploads\/2020\/08\/incendio3-450x257.jpg 450w, https:\/\/www.infocampo.com.ar\/%77%70%2d%63%6f%6e%74%65%6e%74\/uploads\/2020\/08\/incendio3-768x438.jpg 768w\" alt=\"\" width=\"1000\" height=\"570\" \/><\/p>\n<h5><strong>\u00bfY DESPU\u00c9S DEL FUEGO?<\/strong><\/h5>\n<p>\u201cAhora todo se pone complicado\u201d,\u00a0 advirti\u00f3 el cordob\u00e9s<strong>. Par\u00f3 el fuego pero queda la erosi\u00f3n de los lotes volados y quemados. <\/strong>\u201cVuela una tierra impresionante y muchas cenizas, porque sigue todo muy seco.\u00a0<strong>Lo primero que tendr\u00edamos que hacer es lograr parar esas voladuras<\/strong>, pero no sabemos c\u00f3mo hacerlo m\u00e1s que esperar a que llueva lo m\u00e1s pronto posible\u201d, describi\u00f3.<\/p>\n<p>Adem\u00e1s, se quedaron\u00a0<strong>casi sin cercos <\/strong>en todo el campo.<strong>\u00a0\u201cSe nos quem\u00f3 todo el alambrado<\/strong>\u00a0y volver a alambrarlo y hacer corrales ser\u00e1 un costo impresionante y seguro nos llevar\u00e1 tiempo\u201d, lament\u00f3.<\/p>\n<p>Es que<strong>\u00a0a<\/strong>\u00a0<strong>los alambres que no se llev\u00f3 el fuego los cortaron ellos mismos para que los animales que estaban en el campo pudieran escapar del incendio.<\/strong>\u00a0Tambi\u00e9n\u00a0<strong>se quemaron todas las l\u00edneas de corriente el\u00e9ctrica<\/strong>\u00a0y los transformadores. A la par, el\u00a0<strong>poco pasto<\/strong>\u00a0que quedaba para alimentar la hacienda como consecuencia de la\u00a0<strong>sequ\u00eda.<\/strong><\/p>\n<p>\u201cEscuchar\u00a0<strong>que nos echen la culpa a los productores de estos incendios me da una indignaci\u00f3n b\u00e1rbara.<\/strong>\u00a0Yo nac\u00ed y me cri\u00e9 en el campo,<strong>\u00a0viv\u00ed y trabaj\u00e9 siempre de esto y estoy tranquilo de que todo lo que hemos logrado ha sido con esfuerzo<\/strong>. Mi abuelo empez\u00f3 de cero, compr\u00f3 un pedacito de campo, lo sigui\u00f3 mi viejo, fuimos creciendo y ahora me toc\u00f3 a m\u00ed.\u00a0<strong>Me cri\u00e9 sabiendo de trabajo y ahora me toca volver a empezar de cero<\/strong>\u00a0porque en la parte que se quem\u00f3 no qued\u00f3 nada\u201d, cerr\u00f3 Sergio.<\/p>\n<p><img loading=\"lazy\" decoding=\"async\" class=\"size-full wp-image-445055 alignnone\" src=\"https:\/\/www.infocampo.com.ar\/%77%70%2d%63%6f%6e%74%65%6e%74\/uploads\/2020\/08\/incendio5.jpg\" sizes=\"auto, (max-width: 1000px) 100vw, 1000px\" srcset=\"https:\/\/www.infocampo.com.ar\/%77%70%2d%63%6f%6e%74%65%6e%74\/uploads\/2020\/08\/incendio5.jpg 1000w, https:\/\/www.infocampo.com.ar\/%77%70%2d%63%6f%6e%74%65%6e%74\/uploads\/2020\/08\/incendio5-450x257.jpg 450w, https:\/\/www.infocampo.com.ar\/%77%70%2d%63%6f%6e%74%65%6e%74\/uploads\/2020\/08\/incendio5-768x438.jpg 768w\" alt=\"\" width=\"1000\" height=\"570\" \/><\/p>\n","protected":false},"excerpt":{"rendered":"<p>Lourdes, su hija, revolucion\u00f3 las redes sociales con una foto en la que se ve c\u00f3mo qued\u00f3 tras combatir el incendio que afect\u00f3 unas 250 hect\u00e1reas propias en C\u00f3rdoba. \u201cMe toca empezar de cero\u201d, dice.<\/p>\n","protected":false},"author":2,"featured_media":48262,"comment_status":"open","ping_status":"open","sticky":false,"template":"","format":"standard","meta":{"fifu_image_url":"","fifu_image_alt":"","footnotes":""},"categories":[9],"tags":[324,1676],"class_list":{"0":"post-48261","1":"post","2":"type-post","3":"status-publish","4":"format-standard","5":"has-post-thumbnail","7":"category-sociedad","8":"tag-cordoba","9":"tag-incendios-forestales"},"yoast_head":"<title>Qui\u00e9n es Sergio Cotoloni, el productor que combati\u00f3 el incendio en su campo - Informe Litoral<\/title>\n<meta name=\"robots\" content=\"index, follow, max-snippet:-1, max-image-preview:large, max-video-preview:-1\" \/>\n<link rel=\"canonical\" href=\"https:\/\/informelitoral.com.ar\/quien-es-sergio-cotoloni-el-productor-que-combatio-el-incendio-en-su-campo\/\" \/>\n<meta property=\"og:locale\" content=\"es_ES\" \/>\n<meta property=\"og:type\" content=\"article\" \/>\n<meta property=\"og:title\" content=\"Qui\u00e9n es Sergio Cotoloni, el productor que combati\u00f3 el incendio en su campo - Informe Litoral\" \/>\n<meta property=\"og:description\" content=\"Lourdes, su hija, revolucion\u00f3 las redes sociales con una foto en la que se ve c\u00f3mo qued\u00f3 tras combatir el incendio que afect\u00f3 unas 250 hect\u00e1reas propias en C\u00f3rdoba. \u201cMe toca empezar de cero\u201d, dice.\" \/>\n<meta property=\"og:url\" content=\"https:\/\/informelitoral.com.ar\/quien-es-sergio-cotoloni-el-productor-que-combatio-el-incendio-en-su-campo\/\" \/>\n<meta property=\"og:site_name\" content=\"Informe Litoral\" \/>\n<meta property=\"article:publisher\" content=\"https:\/\/www.facebook.com\/informelitoral\/\" \/>\n<meta property=\"article:published_time\" content=\"2020-08-26T11:33:08+00:00\" \/>\n<meta property=\"og:image\" content=\"https:\/\/informelitoral.com.ar\/%77%70%2d%63%6f%6e%74%65%6e%74\/uploads\/2020\/08\/incendio1.jpg\" \/>\n\t<meta property=\"og:image:width\" content=\"1000\" \/>\n\t<meta property=\"og:image:height\" content=\"570\" \/>\n\t<meta property=\"og:image:type\" content=\"image\/jpeg\" \/>\n<meta name=\"author\" content=\"Gonzalo Schmidt\" \/>\n<meta name=\"twitter:card\" content=\"summary_large_image\" \/>\n<meta name=\"twitter:creator\" content=\"@InformeLitoral\" \/>\n<meta name=\"twitter:site\" content=\"@InformeLitoral\" \/>\n<meta name=\"twitter:label1\" content=\"Escrito por\" \/>\n\t<meta name=\"twitter:data1\" content=\"Gonzalo Schmidt\" \/>\n\t<meta name=\"twitter:label2\" content=\"Tiempo de lectura\" \/>\n\t<meta name=\"twitter:data2\" content=\"3 minutos\" \/>\n<script type=\"application\/ld+json\" class=\"yoast-schema-graph\">{\"@context\":\"https:\\\/\\\/schema.org\",\"@graph\":[{\"@type\":\"Article\",\"@id\":\"https:\\\/\\\/informelitoral.com.ar\\\/quien-es-sergio-cotoloni-el-productor-que-combatio-el-incendio-en-su-campo\\\/#article\",\"isPartOf\":{\"@id\":\"https:\\\/\\\/informelitoral.com.ar\\\/quien-es-sergio-cotoloni-el-productor-que-combatio-el-incendio-en-su-campo\\\/\"},\"author\":{\"name\":\"Gonzalo Schmidt\",\"@id\":\"https:\\\/\\\/informelitoral.com.ar\\\/#\\\/schema\\\/person\\\/b9d00407c836482871ef1d57bf8e3180\"},\"headline\":\"Qui\u00e9n es Sergio Cotoloni, el productor que combati\u00f3 el incendio en su campo\",\"datePublished\":\"2020-08-26T11:33:08+00:00\",\"mainEntityOfPage\":{\"@id\":\"https:\\\/\\\/informelitoral.com.ar\\\/quien-es-sergio-cotoloni-el-productor-que-combatio-el-incendio-en-su-campo\\\/\"},\"wordCount\":561,\"commentCount\":0,\"publisher\":{\"@id\":\"https:\\\/\\\/informelitoral.com.ar\\\/#organization\"},\"image\":{\"@id\":\"https:\\\/\\\/informelitoral.com.ar\\\/quien-es-sergio-cotoloni-el-productor-que-combatio-el-incendio-en-su-campo\\\/#primaryimage\"},\"thumbnailUrl\":\"https:\\\/\\\/informelitoral.com.ar\\\/%77%70%2d%63%6f%6e%74%65%6e%74\\\/uploads\\\/2020\\\/08\\\/incendio1.jpg\",\"keywords\":[\"C\u00f3rdoba\",\"Incendios forestales\"],\"articleSection\":[\"Sociedad\"],\"inLanguage\":\"es\",\"potentialAction\":[{\"@type\":\"CommentAction\",\"name\":\"Comment\",\"target\":[\"https:\\\/\\\/informelitoral.com.ar\\\/quien-es-sergio-cotoloni-el-productor-que-combatio-el-incendio-en-su-campo\\\/#respond\"]}]},{\"@type\":\"WebPage\",\"@id\":\"https:\\\/\\\/informelitoral.com.ar\\\/quien-es-sergio-cotoloni-el-productor-que-combatio-el-incendio-en-su-campo\\\/\",\"url\":\"https:\\\/\\\/informelitoral.com.ar\\\/quien-es-sergio-cotoloni-el-productor-que-combatio-el-incendio-en-su-campo\\\/\",\"name\":\"Qui\u00e9n es Sergio Cotoloni, el productor que combati\u00f3 el incendio en su campo - Informe Litoral\",\"isPartOf\":{\"@id\":\"https:\\\/\\\/informelitoral.com.ar\\\/#website\"},\"primaryImageOfPage\":{\"@id\":\"https:\\\/\\\/informelitoral.com.ar\\\/quien-es-sergio-cotoloni-el-productor-que-combatio-el-incendio-en-su-campo\\\/#primaryimage\"},\"image\":{\"@id\":\"https:\\\/\\\/informelitoral.com.ar\\\/quien-es-sergio-cotoloni-el-productor-que-combatio-el-incendio-en-su-campo\\\/#primaryimage\"},\"thumbnailUrl\":\"https:\\\/\\\/informelitoral.com.ar\\\/%77%70%2d%63%6f%6e%74%65%6e%74\\\/uploads\\\/2020\\\/08\\\/incendio1.jpg\",\"datePublished\":\"2020-08-26T11:33:08+00:00\",\"breadcrumb\":{\"@id\":\"https:\\\/\\\/informelitoral.com.ar\\\/quien-es-sergio-cotoloni-el-productor-que-combatio-el-incendio-en-su-campo\\\/#breadcrumb\"},\"inLanguage\":\"es\",\"potentialAction\":[{\"@type\":\"ReadAction\",\"target\":[\"https:\\\/\\\/informelitoral.com.ar\\\/quien-es-sergio-cotoloni-el-productor-que-combatio-el-incendio-en-su-campo\\\/\"]}]},{\"@type\":\"ImageObject\",\"inLanguage\":\"es\",\"@id\":\"https:\\\/\\\/informelitoral.com.ar\\\/quien-es-sergio-cotoloni-el-productor-que-combatio-el-incendio-en-su-campo\\\/#primaryimage\",\"url\":\"https:\\\/\\\/informelitoral.com.ar\\\/%77%70%2d%63%6f%6e%74%65%6e%74\\\/uploads\\\/2020\\\/08\\\/incendio1.jpg\",\"contentUrl\":\"https:\\\/\\\/informelitoral.com.ar\\\/%77%70%2d%63%6f%6e%74%65%6e%74\\\/uploads\\\/2020\\\/08\\\/incendio1.jpg\",\"width\":1000,\"height\":570},{\"@type\":\"BreadcrumbList\",\"@id\":\"https:\\\/\\\/informelitoral.com.ar\\\/quien-es-sergio-cotoloni-el-productor-que-combatio-el-incendio-en-su-campo\\\/#breadcrumb\",\"itemListElement\":[{\"@type\":\"ListItem\",\"position\":1,\"name\":\"Portada\",\"item\":\"https:\\\/\\\/informelitoral.com.ar\\\/\"},{\"@type\":\"ListItem\",\"position\":2,\"name\":\"Qui\u00e9n es Sergio Cotoloni, el productor que combati\u00f3 el incendio en su campo\"}]},{\"@type\":\"WebSite\",\"@id\":\"https:\\\/\\\/informelitoral.com.ar\\\/#website\",\"url\":\"https:\\\/\\\/informelitoral.com.ar\\\/\",\"name\":\"Informe Litoral\",\"description\":\"&quot;Nos informamos&quot; \",\"publisher\":{\"@id\":\"https:\\\/\\\/informelitoral.com.ar\\\/#organization\"},\"potentialAction\":[{\"@type\":\"SearchAction\",\"target\":{\"@type\":\"EntryPoint\",\"urlTemplate\":\"https:\\\/\\\/informelitoral.com.ar\\\/?s={search_term_string}\"},\"query-input\":{\"@type\":\"PropertyValueSpecification\",\"valueRequired\":true,\"valueName\":\"search_term_string\"}}],\"inLanguage\":\"es\"},{\"@type\":\"Organization\",\"@id\":\"https:\\\/\\\/informelitoral.com.ar\\\/#organization\",\"name\":\"Informe Litoral\",\"url\":\"https:\\\/\\\/informelitoral.com.ar\\\/\",\"logo\":{\"@type\":\"ImageObject\",\"inLanguage\":\"es\",\"@id\":\"https:\\\/\\\/informelitoral.com.ar\\\/#\\\/schema\\\/logo\\\/image\\\/\",\"url\":\"https:\\\/\\\/informelitoral.com.ar\\\/%77%70%2d%63%6f%6e%74%65%6e%74\\\/uploads\\\/2021\\\/01\\\/circulo.png\",\"contentUrl\":\"https:\\\/\\\/informelitoral.com.ar\\\/%77%70%2d%63%6f%6e%74%65%6e%74\\\/uploads\\\/2021\\\/01\\\/circulo.png\",\"width\":723,\"height\":731,\"caption\":\"Informe Litoral\"},\"image\":{\"@id\":\"https:\\\/\\\/informelitoral.com.ar\\\/#\\\/schema\\\/logo\\\/image\\\/\"},\"sameAs\":[\"https:\\\/\\\/www.facebook.com\\\/informelitoral\\\/\",\"https:\\\/\\\/x.com\\\/InformeLitoral\",\"https:\\\/\\\/www.instagram.com\\\/informelitoral\\\/\",\"https:\\\/\\\/www.youtube.com\\\/channel\\\/UCua4Qvz8Icb6MYqhoq9xLXw\"]},{\"@type\":\"Person\",\"@id\":\"https:\\\/\\\/informelitoral.com.ar\\\/#\\\/schema\\\/person\\\/b9d00407c836482871ef1d57bf8e3180\",\"name\":\"Gonzalo Schmidt\",\"image\":{\"@type\":\"ImageObject\",\"inLanguage\":\"es\",\"@id\":\"https:\\\/\\\/secure.gravatar.com\\\/avatar\\\/31a1a7b66ff2de83bd0e9fd79d026630d2d99e55e8bfe501287647b4fd9743de?s=96&d=mm&r=g\",\"url\":\"https:\\\/\\\/secure.gravatar.com\\\/avatar\\\/31a1a7b66ff2de83bd0e9fd79d026630d2d99e55e8bfe501287647b4fd9743de?s=96&d=mm&r=g\",\"contentUrl\":\"https:\\\/\\\/secure.gravatar.com\\\/avatar\\\/31a1a7b66ff2de83bd0e9fd79d026630d2d99e55e8bfe501287647b4fd9743de?s=96&d=mm&r=g\",\"caption\":\"Gonzalo Schmidt\"},\"description\":\"Sitio web de noticias de la provincia de Entre R\u00edos, Argentina. Informaci\u00f3n y entretenimiento. Informe Litoral, nos informamos.\",\"sameAs\":[\"http:\\\/\\\/www.isletasnoticias.com.ar\"],\"url\":\"https:\\\/\\\/informelitoral.com.ar\\\/author\\\/gonzalo\\\/\"}]}<\/script>","yoast_head_json":{"title":"Qui\u00e9n es Sergio Cotoloni, el productor que combati\u00f3 el incendio en su campo - Informe Litoral","robots":{"index":"index","follow":"follow","max-snippet":"max-snippet:-1","max-image-preview":"max-image-preview:large","max-video-preview":"max-video-preview:-1"},"canonical":"https:\/\/informelitoral.com.ar\/quien-es-sergio-cotoloni-el-productor-que-combatio-el-incendio-en-su-campo\/","og_locale":"es_ES","og_type":"article","og_title":"Qui\u00e9n es Sergio Cotoloni, el productor que combati\u00f3 el incendio en su campo - Informe Litoral","og_description":"Lourdes, su hija, revolucion\u00f3 las redes sociales con una foto en la que se ve c\u00f3mo qued\u00f3 tras combatir el incendio que afect\u00f3 unas 250 hect\u00e1reas propias en C\u00f3rdoba. \u201cMe toca empezar de cero\u201d, dice.","og_url":"https:\/\/informelitoral.com.ar\/quien-es-sergio-cotoloni-el-productor-que-combatio-el-incendio-en-su-campo\/","og_site_name":"Informe Litoral","article_publisher":"https:\/\/www.facebook.com\/informelitoral\/","article_published_time":"2020-08-26T11:33:08+00:00","og_image":[{"width":1000,"height":570,"url":"https:\/\/informelitoral.com.ar\/%77%70%2d%63%6f%6e%74%65%6e%74\/uploads\/2020\/08\/incendio1.jpg","type":"image\/jpeg"}],"author":"Gonzalo Schmidt","twitter_card":"summary_large_image","twitter_creator":"@InformeLitoral","twitter_site":"@InformeLitoral","twitter_misc":{"Escrito por":"Gonzalo Schmidt","Tiempo de lectura":"3 minutos"},"schema":{"@context":"https:\/\/schema.org","@graph":[{"@type":"Article","@id":"https:\/\/informelitoral.com.ar\/quien-es-sergio-cotoloni-el-productor-que-combatio-el-incendio-en-su-campo\/#article","isPartOf":{"@id":"https:\/\/informelitoral.com.ar\/quien-es-sergio-cotoloni-el-productor-que-combatio-el-incendio-en-su-campo\/"},"author":{"name":"Gonzalo Schmidt","@id":"https:\/\/informelitoral.com.ar\/#\/schema\/person\/b9d00407c836482871ef1d57bf8e3180"},"headline":"Qui\u00e9n es Sergio Cotoloni, el productor que combati\u00f3 el incendio en su campo","datePublished":"2020-08-26T11:33:08+00:00","mainEntityOfPage":{"@id":"https:\/\/informelitoral.com.ar\/quien-es-sergio-cotoloni-el-productor-que-combatio-el-incendio-en-su-campo\/"},"wordCount":561,"commentCount":0,"publisher":{"@id":"https:\/\/informelitoral.com.ar\/#organization"},"image":{"@id":"https:\/\/informelitoral.com.ar\/quien-es-sergio-cotoloni-el-productor-que-combatio-el-incendio-en-su-campo\/#primaryimage"},"thumbnailUrl":"https:\/\/informelitoral.com.ar\/%77%70%2d%63%6f%6e%74%65%6e%74\/uploads\/2020\/08\/incendio1.jpg","keywords":["C\u00f3rdoba","Incendios forestales"],"articleSection":["Sociedad"],"inLanguage":"es","potentialAction":[{"@type":"CommentAction","name":"Comment","target":["https:\/\/informelitoral.com.ar\/quien-es-sergio-cotoloni-el-productor-que-combatio-el-incendio-en-su-campo\/#respond"]}]},{"@type":"WebPage","@id":"https:\/\/informelitoral.com.ar\/quien-es-sergio-cotoloni-el-productor-que-combatio-el-incendio-en-su-campo\/","url":"https:\/\/informelitoral.com.ar\/quien-es-sergio-cotoloni-el-productor-que-combatio-el-incendio-en-su-campo\/","name":"Qui\u00e9n es Sergio Cotoloni, el productor que combati\u00f3 el incendio en su campo - Informe Litoral","isPartOf":{"@id":"https:\/\/informelitoral.com.ar\/#website"},"primaryImageOfPage":{"@id":"https:\/\/informelitoral.com.ar\/quien-es-sergio-cotoloni-el-productor-que-combatio-el-incendio-en-su-campo\/#primaryimage"},"image":{"@id":"https:\/\/informelitoral.com.ar\/quien-es-sergio-cotoloni-el-productor-que-combatio-el-incendio-en-su-campo\/#primaryimage"},"thumbnailUrl":"https:\/\/informelitoral.com.ar\/%77%70%2d%63%6f%6e%74%65%6e%74\/uploads\/2020\/08\/incendio1.jpg","datePublished":"2020-08-26T11:33:08+00:00","breadcrumb":{"@id":"https:\/\/informelitoral.com.ar\/quien-es-sergio-cotoloni-el-productor-que-combatio-el-incendio-en-su-campo\/#breadcrumb"},"inLanguage":"es","potentialAction":[{"@type":"ReadAction","target":["https:\/\/informelitoral.com.ar\/quien-es-sergio-cotoloni-el-productor-que-combatio-el-incendio-en-su-campo\/"]}]},{"@type":"ImageObject","inLanguage":"es","@id":"https:\/\/informelitoral.com.ar\/quien-es-sergio-cotoloni-el-productor-que-combatio-el-incendio-en-su-campo\/#primaryimage","url":"https:\/\/informelitoral.com.ar\/%77%70%2d%63%6f%6e%74%65%6e%74\/uploads\/2020\/08\/incendio1.jpg","contentUrl":"https:\/\/informelitoral.com.ar\/%77%70%2d%63%6f%6e%74%65%6e%74\/uploads\/2020\/08\/incendio1.jpg","width":1000,"height":570},{"@type":"BreadcrumbList","@id":"https:\/\/informelitoral.com.ar\/quien-es-sergio-cotoloni-el-productor-que-combatio-el-incendio-en-su-campo\/#breadcrumb","itemListElement":[{"@type":"ListItem","position":1,"name":"Portada","item":"https:\/\/informelitoral.com.ar\/"},{"@type":"ListItem","position":2,"name":"Qui\u00e9n es Sergio Cotoloni, el productor que combati\u00f3 el incendio en su campo"}]},{"@type":"WebSite","@id":"https:\/\/informelitoral.com.ar\/#website","url":"https:\/\/informelitoral.com.ar\/","name":"Informe Litoral","description":"&quot;Nos informamos&quot; ","publisher":{"@id":"https:\/\/informelitoral.com.ar\/#organization"},"potentialAction":[{"@type":"SearchAction","target":{"@type":"EntryPoint","urlTemplate":"https:\/\/informelitoral.com.ar\/?s={search_term_string}"},"query-input":{"@type":"PropertyValueSpecification","valueRequired":true,"valueName":"search_term_string"}}],"inLanguage":"es"},{"@type":"Organization","@id":"https:\/\/informelitoral.com.ar\/#organization","name":"Informe Litoral","url":"https:\/\/informelitoral.com.ar\/","logo":{"@type":"ImageObject","inLanguage":"es","@id":"https:\/\/informelitoral.com.ar\/#\/schema\/logo\/image\/","url":"https:\/\/informelitoral.com.ar\/%77%70%2d%63%6f%6e%74%65%6e%74\/uploads\/2021\/01\/circulo.png","contentUrl":"https:\/\/informelitoral.com.ar\/%77%70%2d%63%6f%6e%74%65%6e%74\/uploads\/2021\/01\/circulo.png","width":723,"height":731,"caption":"Informe Litoral"},"image":{"@id":"https:\/\/informelitoral.com.ar\/#\/schema\/logo\/image\/"},"sameAs":["https:\/\/www.facebook.com\/informelitoral\/","https:\/\/x.com\/InformeLitoral","https:\/\/www.instagram.com\/informelitoral\/","https:\/\/www.youtube.com\/channel\/UCua4Qvz8Icb6MYqhoq9xLXw"]},{"@type":"Person","@id":"https:\/\/informelitoral.com.ar\/#\/schema\/person\/b9d00407c836482871ef1d57bf8e3180","name":"Gonzalo Schmidt","image":{"@type":"ImageObject","inLanguage":"es","@id":"https:\/\/secure.gravatar.com\/avatar\/31a1a7b66ff2de83bd0e9fd79d026630d2d99e55e8bfe501287647b4fd9743de?s=96&d=mm&r=g","url":"https:\/\/secure.gravatar.com\/avatar\/31a1a7b66ff2de83bd0e9fd79d026630d2d99e55e8bfe501287647b4fd9743de?s=96&d=mm&r=g","contentUrl":"https:\/\/secure.gravatar.com\/avatar\/31a1a7b66ff2de83bd0e9fd79d026630d2d99e55e8bfe501287647b4fd9743de?s=96&d=mm&r=g","caption":"Gonzalo Schmidt"},"description":"Sitio web de noticias de la provincia de Entre R\u00edos, Argentina. Informaci\u00f3n y entretenimiento. Informe Litoral, nos informamos.","sameAs":["http:\/\/www.isletasnoticias.com.ar"],"url":"https:\/\/informelitoral.com.ar\/author\/gonzalo\/"}]}},"_links":{"self":[{"href":"https:\/\/informelitoral.com.ar\/%77%70%2d%6a%73%6f%6e\/wp\/v2\/posts\/48261","targetHints":{"allow":["GET"]}}],"collection":[{"href":"https:\/\/informelitoral.com.ar\/%77%70%2d%6a%73%6f%6e\/wp\/v2\/posts"}],"about":[{"href":"https:\/\/informelitoral.com.ar\/%77%70%2d%6a%73%6f%6e\/wp\/v2\/types\/post"}],"author":[{"embeddable":true,"href":"https:\/\/informelitoral.com.ar\/%77%70%2d%6a%73%6f%6e\/wp\/v2\/users\/2"}],"replies":[{"embeddable":true,"href":"https:\/\/informelitoral.com.ar\/%77%70%2d%6a%73%6f%6e\/wp\/v2\/comments?post=48261"}],"version-history":[{"count":0,"href":"https:\/\/informelitoral.com.ar\/%77%70%2d%6a%73%6f%6e\/wp\/v2\/posts\/48261\/revisions"}],"wp:featuredmedia":[{"embeddable":true,"href":"https:\/\/informelitoral.com.ar\/%77%70%2d%6a%73%6f%6e\/wp\/v2\/media\/48262"}],"wp:attachment":[{"href":"https:\/\/informelitoral.com.ar\/%77%70%2d%6a%73%6f%6e\/wp\/v2\/media?parent=48261"}],"wp:term":[{"taxonomy":"category","embeddable":true,"href":"https:\/\/informelitoral.com.ar\/%77%70%2d%6a%73%6f%6e\/wp\/v2\/categories?post=48261"},{"taxonomy":"post_tag","embeddable":true,"href":"https:\/\/informelitoral.com.ar\/%77%70%2d%6a%73%6f%6e\/wp\/v2\/tags?post=48261"}],"curies":[{"name":"wp","href":"https:\/\/api.w.org\/{rel}","templated":true}]}}