{"id":48259,"date":"2020-08-25T20:54:27","date_gmt":"2020-08-25T23:54:27","guid":{"rendered":"https:\/\/www.isletasnoticias.com.ar\/?p=48259"},"modified":"2020-08-25T20:54:27","modified_gmt":"2020-08-25T23:54:27","slug":"en-victoria-tambien-restringieron-actividades-para-contener-los-casos-de-coronavirus-2","status":"publish","type":"post","link":"https:\/\/informelitoral.com.ar\/en-victoria-tambien-restringieron-actividades-para-contener-los-casos-de-coronavirus-2\/","title":{"rendered":"En Victoria tambi\u00e9n restringieron actividades para contener los casos de coronavirus"},"content":{"rendered":"<p>La ciudad de Victoria registra en la actualidad 22 casos activos y ante ello, integrantes del COES y la comuna decidieron restringir por el t\u00e9rmino de 10 d\u00edas algunas actividades deportivas, recreativas y culturales.<\/p>\n<p>Tras haber consensuado en reuni\u00f3n local y con el fin de proteger la salud de los habitantes, a trav\u00e9s del Decreto N\u00ba 878, se tom\u00f3 la decisi\u00f3n de restringir actividades a partir de este martes 25 de agosto hasta el 3 de septiembre, inclusive y con posibilidad de prorrogarse dependiendo de la situaci\u00f3n epidemiol\u00f3gica.<\/p>\n<p>\u00abEl objetivo principal es evitar la circulaci\u00f3n innecesaria de personas y aglomeraciones en la localidad y favorecer la respuesta del sistema sanitario que se ve limitado ante la presencia de casos positivos entre trabajadores del sector\u00bb, indicaron desde la municipalidad de Victoria.<\/p>\n<p>Es por ello que con la firma del Decreto, el gobierno local determin\u00f3 la suspensi\u00f3n de las siguientes actividades deportivas y\/o recreativas:<\/p>\n<p>Gimnasios, tenis, padel, pelota paleta, badmington, golf, footgolf, equitaci\u00f3n, tiro deportivo, tiro con arco, canotaje, remo, vela, sup (Stan Up Paddle), nataci\u00f3n en aguas abiertas, pesca deportiva de costa.<\/p>\n<p>Actividades y pr\u00e1cticas deportivas y\/o recreativas con uso de embarcaci\u00f3n a motor. Bochas, tenis de mesa, ajedrez, atletismo, pat\u00edn art\u00edstico y carrera, motociclismo y automovilismo, beach v\u00f3ley, padel (en cancha cerrada), pelota paleta (en cancha cerrada), gimnasia deportiva, nataci\u00f3n y esgrima.<\/p>\n<p>Asimismo, se incluyen las actividades culturales, clases de danzas, ciclismo y toda otra actividad deportiva no especificada en este listado.<\/p>\n","protected":false},"excerpt":{"rendered":"<p>La ciudad de Victoria registra en la actualidad 22 casos activos y ante ello, integrantes del COES y la comuna decidieron restringir por el t&eacute;rmino de 10 d&iacute;as algunas actividades deportivas, recreativas y culturales. Tras haber consensuado en reuni&oacute;n local y con el fin de proteger la salud de los habitantes, a trav&eacute;s del Decreto [&hellip;]<\/p>\n","protected":false},"author":8,"featured_media":48244,"comment_status":"open","ping_status":"open","sticky":false,"template":"","format":"standard","meta":{"fifu_image_url":"","fifu_image_alt":"","footnotes":""},"categories":[9],"tags":[1481,81,507],"class_list":{"0":"post-48259","1":"post","2":"type-post","3":"status-publish","4":"format-standard","5":"has-post-thumbnail","7":"category-sociedad","8":"tag-covid-19","9":"tag-entre-rios","10":"tag-victoria"},"yoast_head":"<title>En Victoria tambi\u00e9n restringieron actividades para contener los casos de coronavirus - Informe Litoral<\/title>\n<meta name=\"robots\" content=\"index, follow, max-snippet:-1, max-image-preview:large, max-video-preview:-1\" \/>\n<link rel=\"canonical\" href=\"https:\/\/informelitoral.com.ar\/en-victoria-tambien-restringieron-actividades-para-contener-los-casos-de-coronavirus-2\/\" \/>\n<meta property=\"og:locale\" content=\"es_ES\" \/>\n<meta property=\"og:type\" content=\"article\" \/>\n<meta property=\"og:title\" content=\"En Victoria tambi\u00e9n restringieron actividades para contener los casos de coronavirus - Informe Litoral\" \/>\n<meta property=\"og:description\" content=\"La ciudad de Victoria registra en la actualidad 22 casos activos y ante ello, integrantes del COES y la comuna decidieron restringir por el t&eacute;rmino de 10 d&iacute;as algunas actividades deportivas, recreativas y culturales. Tras haber consensuado en reuni&oacute;n local y con el fin de proteger la salud de los habitantes, a trav&eacute;s del Decreto [&hellip;]\" \/>\n<meta property=\"og:url\" content=\"https:\/\/informelitoral.com.ar\/en-victoria-tambien-restringieron-actividades-para-contener-los-casos-de-coronavirus-2\/\" \/>\n<meta property=\"og:site_name\" content=\"Informe Litoral\" \/>\n<meta property=\"article:publisher\" content=\"https:\/\/www.facebook.com\/informelitoral\/\" \/>\n<meta property=\"article:published_time\" content=\"2020-08-25T23:54:27+00:00\" \/>\n<meta property=\"og:image\" content=\"https:\/\/informelitoral.com.ar\/%77%70%2d%63%6f%6e%74%65%6e%74\/uploads\/2020\/08\/Ciudad-de-Victoria.jpg\" \/>\n\t<meta property=\"og:image:width\" content=\"800\" \/>\n\t<meta property=\"og:image:height\" content=\"450\" \/>\n\t<meta property=\"og:image:type\" content=\"image\/jpeg\" \/>\n<meta name=\"author\" content=\"Sebastian\" \/>\n<meta name=\"twitter:card\" content=\"summary_large_image\" \/>\n<meta name=\"twitter:creator\" content=\"@InformeLitoral\" \/>\n<meta name=\"twitter:site\" content=\"@InformeLitoral\" \/>\n<meta name=\"twitter:label1\" content=\"Escrito por\" \/>\n\t<meta name=\"twitter:data1\" content=\"Sebastian\" \/>\n\t<meta name=\"twitter:label2\" content=\"Tiempo de lectura\" \/>\n\t<meta name=\"twitter:data2\" content=\"1 minuto\" \/>\n<script type=\"application\/ld+json\" class=\"yoast-schema-graph\">{\"@context\":\"https:\\\/\\\/schema.org\",\"@graph\":[{\"@type\":\"Article\",\"@id\":\"https:\\\/\\\/informelitoral.com.ar\\\/en-victoria-tambien-restringieron-actividades-para-contener-los-casos-de-coronavirus-2\\\/#article\",\"isPartOf\":{\"@id\":\"https:\\\/\\\/informelitoral.com.ar\\\/en-victoria-tambien-restringieron-actividades-para-contener-los-casos-de-coronavirus-2\\\/\"},\"author\":{\"name\":\"Sebastian\",\"@id\":\"https:\\\/\\\/informelitoral.com.ar\\\/#\\\/schema\\\/person\\\/f05f9f461677119578717524b127d6d5\"},\"headline\":\"En Victoria tambi\u00e9n restringieron actividades para contener los casos de coronavirus\",\"datePublished\":\"2020-08-25T23:54:27+00:00\",\"mainEntityOfPage\":{\"@id\":\"https:\\\/\\\/informelitoral.com.ar\\\/en-victoria-tambien-restringieron-actividades-para-contener-los-casos-de-coronavirus-2\\\/\"},\"wordCount\":268,\"commentCount\":0,\"publisher\":{\"@id\":\"https:\\\/\\\/informelitoral.com.ar\\\/#organization\"},\"image\":{\"@id\":\"https:\\\/\\\/informelitoral.com.ar\\\/en-victoria-tambien-restringieron-actividades-para-contener-los-casos-de-coronavirus-2\\\/#primaryimage\"},\"thumbnailUrl\":\"https:\\\/\\\/informelitoral.com.ar\\\/%77%70%2d%63%6f%6e%74%65%6e%74\\\/uploads\\\/2020\\\/08\\\/Ciudad-de-Victoria.jpg\",\"keywords\":[\"COVID-19\",\"Entre R\u00edos\",\"Victoria\"],\"articleSection\":[\"Sociedad\"],\"inLanguage\":\"es\",\"potentialAction\":[{\"@type\":\"CommentAction\",\"name\":\"Comment\",\"target\":[\"https:\\\/\\\/informelitoral.com.ar\\\/en-victoria-tambien-restringieron-actividades-para-contener-los-casos-de-coronavirus-2\\\/#respond\"]}]},{\"@type\":\"WebPage\",\"@id\":\"https:\\\/\\\/informelitoral.com.ar\\\/en-victoria-tambien-restringieron-actividades-para-contener-los-casos-de-coronavirus-2\\\/\",\"url\":\"https:\\\/\\\/informelitoral.com.ar\\\/en-victoria-tambien-restringieron-actividades-para-contener-los-casos-de-coronavirus-2\\\/\",\"name\":\"En Victoria tambi\u00e9n restringieron actividades para contener los casos de coronavirus - Informe Litoral\",\"isPartOf\":{\"@id\":\"https:\\\/\\\/informelitoral.com.ar\\\/#website\"},\"primaryImageOfPage\":{\"@id\":\"https:\\\/\\\/informelitoral.com.ar\\\/en-victoria-tambien-restringieron-actividades-para-contener-los-casos-de-coronavirus-2\\\/#primaryimage\"},\"image\":{\"@id\":\"https:\\\/\\\/informelitoral.com.ar\\\/en-victoria-tambien-restringieron-actividades-para-contener-los-casos-de-coronavirus-2\\\/#primaryimage\"},\"thumbnailUrl\":\"https:\\\/\\\/informelitoral.com.ar\\\/%77%70%2d%63%6f%6e%74%65%6e%74\\\/uploads\\\/2020\\\/08\\\/Ciudad-de-Victoria.jpg\",\"datePublished\":\"2020-08-25T23:54:27+00:00\",\"breadcrumb\":{\"@id\":\"https:\\\/\\\/informelitoral.com.ar\\\/en-victoria-tambien-restringieron-actividades-para-contener-los-casos-de-coronavirus-2\\\/#breadcrumb\"},\"inLanguage\":\"es\",\"potentialAction\":[{\"@type\":\"ReadAction\",\"target\":[\"https:\\\/\\\/informelitoral.com.ar\\\/en-victoria-tambien-restringieron-actividades-para-contener-los-casos-de-coronavirus-2\\\/\"]}]},{\"@type\":\"ImageObject\",\"inLanguage\":\"es\",\"@id\":\"https:\\\/\\\/informelitoral.com.ar\\\/en-victoria-tambien-restringieron-actividades-para-contener-los-casos-de-coronavirus-2\\\/#primaryimage\",\"url\":\"https:\\\/\\\/informelitoral.com.ar\\\/%77%70%2d%63%6f%6e%74%65%6e%74\\\/uploads\\\/2020\\\/08\\\/Ciudad-de-Victoria.jpg\",\"contentUrl\":\"https:\\\/\\\/informelitoral.com.ar\\\/%77%70%2d%63%6f%6e%74%65%6e%74\\\/uploads\\\/2020\\\/08\\\/Ciudad-de-Victoria.jpg\",\"width\":800,\"height\":450},{\"@type\":\"BreadcrumbList\",\"@id\":\"https:\\\/\\\/informelitoral.com.ar\\\/en-victoria-tambien-restringieron-actividades-para-contener-los-casos-de-coronavirus-2\\\/#breadcrumb\",\"itemListElement\":[{\"@type\":\"ListItem\",\"position\":1,\"name\":\"Portada\",\"item\":\"https:\\\/\\\/informelitoral.com.ar\\\/\"},{\"@type\":\"ListItem\",\"position\":2,\"name\":\"En Victoria tambi\u00e9n restringieron actividades para contener los casos de coronavirus\"}]},{\"@type\":\"WebSite\",\"@id\":\"https:\\\/\\\/informelitoral.com.ar\\\/#website\",\"url\":\"https:\\\/\\\/informelitoral.com.ar\\\/\",\"name\":\"Informe Litoral\",\"description\":\"&quot;Nos informamos&quot; \",\"publisher\":{\"@id\":\"https:\\\/\\\/informelitoral.com.ar\\\/#organization\"},\"potentialAction\":[{\"@type\":\"SearchAction\",\"target\":{\"@type\":\"EntryPoint\",\"urlTemplate\":\"https:\\\/\\\/informelitoral.com.ar\\\/?s={search_term_string}\"},\"query-input\":{\"@type\":\"PropertyValueSpecification\",\"valueRequired\":true,\"valueName\":\"search_term_string\"}}],\"inLanguage\":\"es\"},{\"@type\":\"Organization\",\"@id\":\"https:\\\/\\\/informelitoral.com.ar\\\/#organization\",\"name\":\"Informe Litoral\",\"url\":\"https:\\\/\\\/informelitoral.com.ar\\\/\",\"logo\":{\"@type\":\"ImageObject\",\"inLanguage\":\"es\",\"@id\":\"https:\\\/\\\/informelitoral.com.ar\\\/#\\\/schema\\\/logo\\\/image\\\/\",\"url\":\"https:\\\/\\\/informelitoral.com.ar\\\/%77%70%2d%63%6f%6e%74%65%6e%74\\\/uploads\\\/2021\\\/01\\\/circulo.png\",\"contentUrl\":\"https:\\\/\\\/informelitoral.com.ar\\\/%77%70%2d%63%6f%6e%74%65%6e%74\\\/uploads\\\/2021\\\/01\\\/circulo.png\",\"width\":723,\"height\":731,\"caption\":\"Informe Litoral\"},\"image\":{\"@id\":\"https:\\\/\\\/informelitoral.com.ar\\\/#\\\/schema\\\/logo\\\/image\\\/\"},\"sameAs\":[\"https:\\\/\\\/www.facebook.com\\\/informelitoral\\\/\",\"https:\\\/\\\/x.com\\\/InformeLitoral\",\"https:\\\/\\\/www.instagram.com\\\/informelitoral\\\/\",\"https:\\\/\\\/www.youtube.com\\\/channel\\\/UCua4Qvz8Icb6MYqhoq9xLXw\"]},{\"@type\":\"Person\",\"@id\":\"https:\\\/\\\/informelitoral.com.ar\\\/#\\\/schema\\\/person\\\/f05f9f461677119578717524b127d6d5\",\"name\":\"Sebastian\",\"image\":{\"@type\":\"ImageObject\",\"inLanguage\":\"es\",\"@id\":\"https:\\\/\\\/secure.gravatar.com\\\/avatar\\\/b71bf7481d447dfb9583c7f2798e7cc64de6efb9067b74633ed8c31059a3bd82?s=96&d=mm&r=g\",\"url\":\"https:\\\/\\\/secure.gravatar.com\\\/avatar\\\/b71bf7481d447dfb9583c7f2798e7cc64de6efb9067b74633ed8c31059a3bd82?s=96&d=mm&r=g\",\"contentUrl\":\"https:\\\/\\\/secure.gravatar.com\\\/avatar\\\/b71bf7481d447dfb9583c7f2798e7cc64de6efb9067b74633ed8c31059a3bd82?s=96&d=mm&r=g\",\"caption\":\"Sebastian\"},\"url\":\"https:\\\/\\\/informelitoral.com.ar\\\/author\\\/sebastian\\\/\"}]}<\/script>","yoast_head_json":{"title":"En Victoria tambi\u00e9n restringieron actividades para contener los casos de coronavirus - Informe Litoral","robots":{"index":"index","follow":"follow","max-snippet":"max-snippet:-1","max-image-preview":"max-image-preview:large","max-video-preview":"max-video-preview:-1"},"canonical":"https:\/\/informelitoral.com.ar\/en-victoria-tambien-restringieron-actividades-para-contener-los-casos-de-coronavirus-2\/","og_locale":"es_ES","og_type":"article","og_title":"En Victoria tambi\u00e9n restringieron actividades para contener los casos de coronavirus - Informe Litoral","og_description":"La ciudad de Victoria registra en la actualidad 22 casos activos y ante ello, integrantes del COES y la comuna decidieron restringir por el t&eacute;rmino de 10 d&iacute;as algunas actividades deportivas, recreativas y culturales. Tras haber consensuado en reuni&oacute;n local y con el fin de proteger la salud de los habitantes, a trav&eacute;s del Decreto [&hellip;]","og_url":"https:\/\/informelitoral.com.ar\/en-victoria-tambien-restringieron-actividades-para-contener-los-casos-de-coronavirus-2\/","og_site_name":"Informe Litoral","article_publisher":"https:\/\/www.facebook.com\/informelitoral\/","article_published_time":"2020-08-25T23:54:27+00:00","og_image":[{"width":800,"height":450,"url":"https:\/\/informelitoral.com.ar\/%77%70%2d%63%6f%6e%74%65%6e%74\/uploads\/2020\/08\/Ciudad-de-Victoria.jpg","type":"image\/jpeg"}],"author":"Sebastian","twitter_card":"summary_large_image","twitter_creator":"@InformeLitoral","twitter_site":"@InformeLitoral","twitter_misc":{"Escrito por":"Sebastian","Tiempo de lectura":"1 minuto"},"schema":{"@context":"https:\/\/schema.org","@graph":[{"@type":"Article","@id":"https:\/\/informelitoral.com.ar\/en-victoria-tambien-restringieron-actividades-para-contener-los-casos-de-coronavirus-2\/#article","isPartOf":{"@id":"https:\/\/informelitoral.com.ar\/en-victoria-tambien-restringieron-actividades-para-contener-los-casos-de-coronavirus-2\/"},"author":{"name":"Sebastian","@id":"https:\/\/informelitoral.com.ar\/#\/schema\/person\/f05f9f461677119578717524b127d6d5"},"headline":"En Victoria tambi\u00e9n restringieron actividades para contener los casos de coronavirus","datePublished":"2020-08-25T23:54:27+00:00","mainEntityOfPage":{"@id":"https:\/\/informelitoral.com.ar\/en-victoria-tambien-restringieron-actividades-para-contener-los-casos-de-coronavirus-2\/"},"wordCount":268,"commentCount":0,"publisher":{"@id":"https:\/\/informelitoral.com.ar\/#organization"},"image":{"@id":"https:\/\/informelitoral.com.ar\/en-victoria-tambien-restringieron-actividades-para-contener-los-casos-de-coronavirus-2\/#primaryimage"},"thumbnailUrl":"https:\/\/informelitoral.com.ar\/%77%70%2d%63%6f%6e%74%65%6e%74\/uploads\/2020\/08\/Ciudad-de-Victoria.jpg","keywords":["COVID-19","Entre R\u00edos","Victoria"],"articleSection":["Sociedad"],"inLanguage":"es","potentialAction":[{"@type":"CommentAction","name":"Comment","target":["https:\/\/informelitoral.com.ar\/en-victoria-tambien-restringieron-actividades-para-contener-los-casos-de-coronavirus-2\/#respond"]}]},{"@type":"WebPage","@id":"https:\/\/informelitoral.com.ar\/en-victoria-tambien-restringieron-actividades-para-contener-los-casos-de-coronavirus-2\/","url":"https:\/\/informelitoral.com.ar\/en-victoria-tambien-restringieron-actividades-para-contener-los-casos-de-coronavirus-2\/","name":"En Victoria tambi\u00e9n restringieron actividades para contener los casos de coronavirus - Informe Litoral","isPartOf":{"@id":"https:\/\/informelitoral.com.ar\/#website"},"primaryImageOfPage":{"@id":"https:\/\/informelitoral.com.ar\/en-victoria-tambien-restringieron-actividades-para-contener-los-casos-de-coronavirus-2\/#primaryimage"},"image":{"@id":"https:\/\/informelitoral.com.ar\/en-victoria-tambien-restringieron-actividades-para-contener-los-casos-de-coronavirus-2\/#primaryimage"},"thumbnailUrl":"https:\/\/informelitoral.com.ar\/%77%70%2d%63%6f%6e%74%65%6e%74\/uploads\/2020\/08\/Ciudad-de-Victoria.jpg","datePublished":"2020-08-25T23:54:27+00:00","breadcrumb":{"@id":"https:\/\/informelitoral.com.ar\/en-victoria-tambien-restringieron-actividades-para-contener-los-casos-de-coronavirus-2\/#breadcrumb"},"inLanguage":"es","potentialAction":[{"@type":"ReadAction","target":["https:\/\/informelitoral.com.ar\/en-victoria-tambien-restringieron-actividades-para-contener-los-casos-de-coronavirus-2\/"]}]},{"@type":"ImageObject","inLanguage":"es","@id":"https:\/\/informelitoral.com.ar\/en-victoria-tambien-restringieron-actividades-para-contener-los-casos-de-coronavirus-2\/#primaryimage","url":"https:\/\/informelitoral.com.ar\/%77%70%2d%63%6f%6e%74%65%6e%74\/uploads\/2020\/08\/Ciudad-de-Victoria.jpg","contentUrl":"https:\/\/informelitoral.com.ar\/%77%70%2d%63%6f%6e%74%65%6e%74\/uploads\/2020\/08\/Ciudad-de-Victoria.jpg","width":800,"height":450},{"@type":"BreadcrumbList","@id":"https:\/\/informelitoral.com.ar\/en-victoria-tambien-restringieron-actividades-para-contener-los-casos-de-coronavirus-2\/#breadcrumb","itemListElement":[{"@type":"ListItem","position":1,"name":"Portada","item":"https:\/\/informelitoral.com.ar\/"},{"@type":"ListItem","position":2,"name":"En Victoria tambi\u00e9n restringieron actividades para contener los casos de coronavirus"}]},{"@type":"WebSite","@id":"https:\/\/informelitoral.com.ar\/#website","url":"https:\/\/informelitoral.com.ar\/","name":"Informe Litoral","description":"&quot;Nos informamos&quot; ","publisher":{"@id":"https:\/\/informelitoral.com.ar\/#organization"},"potentialAction":[{"@type":"SearchAction","target":{"@type":"EntryPoint","urlTemplate":"https:\/\/informelitoral.com.ar\/?s={search_term_string}"},"query-input":{"@type":"PropertyValueSpecification","valueRequired":true,"valueName":"search_term_string"}}],"inLanguage":"es"},{"@type":"Organization","@id":"https:\/\/informelitoral.com.ar\/#organization","name":"Informe Litoral","url":"https:\/\/informelitoral.com.ar\/","logo":{"@type":"ImageObject","inLanguage":"es","@id":"https:\/\/informelitoral.com.ar\/#\/schema\/logo\/image\/","url":"https:\/\/informelitoral.com.ar\/%77%70%2d%63%6f%6e%74%65%6e%74\/uploads\/2021\/01\/circulo.png","contentUrl":"https:\/\/informelitoral.com.ar\/%77%70%2d%63%6f%6e%74%65%6e%74\/uploads\/2021\/01\/circulo.png","width":723,"height":731,"caption":"Informe Litoral"},"image":{"@id":"https:\/\/informelitoral.com.ar\/#\/schema\/logo\/image\/"},"sameAs":["https:\/\/www.facebook.com\/informelitoral\/","https:\/\/x.com\/InformeLitoral","https:\/\/www.instagram.com\/informelitoral\/","https:\/\/www.youtube.com\/channel\/UCua4Qvz8Icb6MYqhoq9xLXw"]},{"@type":"Person","@id":"https:\/\/informelitoral.com.ar\/#\/schema\/person\/f05f9f461677119578717524b127d6d5","name":"Sebastian","image":{"@type":"ImageObject","inLanguage":"es","@id":"https:\/\/secure.gravatar.com\/avatar\/b71bf7481d447dfb9583c7f2798e7cc64de6efb9067b74633ed8c31059a3bd82?s=96&d=mm&r=g","url":"https:\/\/secure.gravatar.com\/avatar\/b71bf7481d447dfb9583c7f2798e7cc64de6efb9067b74633ed8c31059a3bd82?s=96&d=mm&r=g","contentUrl":"https:\/\/secure.gravatar.com\/avatar\/b71bf7481d447dfb9583c7f2798e7cc64de6efb9067b74633ed8c31059a3bd82?s=96&d=mm&r=g","caption":"Sebastian"},"url":"https:\/\/informelitoral.com.ar\/author\/sebastian\/"}]}},"_links":{"self":[{"href":"https:\/\/informelitoral.com.ar\/%77%70%2d%6a%73%6f%6e\/wp\/v2\/posts\/48259","targetHints":{"allow":["GET"]}}],"collection":[{"href":"https:\/\/informelitoral.com.ar\/%77%70%2d%6a%73%6f%6e\/wp\/v2\/posts"}],"about":[{"href":"https:\/\/informelitoral.com.ar\/%77%70%2d%6a%73%6f%6e\/wp\/v2\/types\/post"}],"author":[{"embeddable":true,"href":"https:\/\/informelitoral.com.ar\/%77%70%2d%6a%73%6f%6e\/wp\/v2\/users\/8"}],"replies":[{"embeddable":true,"href":"https:\/\/informelitoral.com.ar\/%77%70%2d%6a%73%6f%6e\/wp\/v2\/comments?post=48259"}],"version-history":[{"count":0,"href":"https:\/\/informelitoral.com.ar\/%77%70%2d%6a%73%6f%6e\/wp\/v2\/posts\/48259\/revisions"}],"wp:featuredmedia":[{"embeddable":true,"href":"https:\/\/informelitoral.com.ar\/%77%70%2d%6a%73%6f%6e\/wp\/v2\/media\/48244"}],"wp:attachment":[{"href":"https:\/\/informelitoral.com.ar\/%77%70%2d%6a%73%6f%6e\/wp\/v2\/media?parent=48259"}],"wp:term":[{"taxonomy":"category","embeddable":true,"href":"https:\/\/informelitoral.com.ar\/%77%70%2d%6a%73%6f%6e\/wp\/v2\/categories?post=48259"},{"taxonomy":"post_tag","embeddable":true,"href":"https:\/\/informelitoral.com.ar\/%77%70%2d%6a%73%6f%6e\/wp\/v2\/tags?post=48259"}],"curies":[{"name":"wp","href":"https:\/\/api.w.org\/{rel}","templated":true}]}}