{"id":48255,"date":"2020-08-25T20:36:26","date_gmt":"2020-08-25T23:36:26","guid":{"rendered":"https:\/\/www.isletasnoticias.com.ar\/?p=48255"},"modified":"2020-08-25T20:36:26","modified_gmt":"2020-08-25T23:36:26","slug":"rige-una-alerta-por-tormentas-fuertes-para-el-sur-de-entre-rios","status":"publish","type":"post","link":"https:\/\/informelitoral.com.ar\/rige-una-alerta-por-tormentas-fuertes-para-el-sur-de-entre-rios\/","title":{"rendered":"Rige una alerta por tormentas fuertes para el sur de Entre R\u00edos"},"content":{"rendered":"<p>Seg\u00fan el reporte, el fen\u00f3meno tambi\u00e9n afectar\u00eda a las provincias de Buenos Aires, C\u00f3rdoba, La Pampa, al centro y sur de Santa Fe, a la Ciudad Aut\u00f3noma de Buenos Aires y Rio de la Plata.<\/p>\n<p>Adem\u00e1s, detallaron que durante el per\u00edodo de pron\u00f3stico se estiman valores acumuladas de precipitaci\u00f3n entre 20 y 40 mm, pudiendo superar los 50 mm en el norte de la provincia de Buenos Aires.<\/p>\n<p>En particular, algunas tormentas podr\u00e1n adquirir caracter\u00edsticas severas sobre el sudeste de C\u00f3rdoba, norte de la provincia de Buenos Aires, Ciudad Aut\u00f3noma de Buenos Aires, R\u00edo de la Plata, sur de Santa Fe y sur de Entre R\u00edos, especialmente entre la tarde del martes y la ma\u00f1ana del mi\u00e9rcoles.<\/p>\n","protected":false},"excerpt":{"rendered":"<p>Seg&uacute;n el reporte, el fen&oacute;meno tambi&eacute;n afectar&iacute;a a las provincias de Buenos Aires, C&oacute;rdoba, La Pampa, al centro y sur de Santa Fe, a la Ciudad Aut&oacute;noma de Buenos Aires y Rio de la Plata. Adem&aacute;s, detallaron que durante el per&iacute;odo de pron&oacute;stico se estiman valores acumuladas de precipitaci&oacute;n entre 20 y 40 mm, pudiendo [&hellip;]<\/p>\n","protected":false},"author":8,"featured_media":26263,"comment_status":"open","ping_status":"open","sticky":false,"template":"","format":"standard","meta":{"fifu_image_url":"","fifu_image_alt":"","footnotes":""},"categories":[6],"tags":[38,81],"class_list":{"0":"post-48255","1":"post","2":"type-post","3":"status-publish","4":"format-standard","5":"has-post-thumbnail","7":"category-entre-rios","8":"tag-el-tiempo","9":"tag-entre-rios"},"yoast_head":"<title>Rige una alerta por tormentas fuertes para el sur de Entre R\u00edos - Informe Litoral<\/title>\n<meta name=\"robots\" content=\"index, follow, max-snippet:-1, max-image-preview:large, max-video-preview:-1\" \/>\n<link rel=\"canonical\" href=\"https:\/\/informelitoral.com.ar\/rige-una-alerta-por-tormentas-fuertes-para-el-sur-de-entre-rios\/\" \/>\n<meta property=\"og:locale\" content=\"es_ES\" \/>\n<meta property=\"og:type\" content=\"article\" \/>\n<meta property=\"og:title\" content=\"Rige una alerta por tormentas fuertes para el sur de Entre R\u00edos - Informe Litoral\" \/>\n<meta property=\"og:description\" content=\"Seg&uacute;n el reporte, el fen&oacute;meno tambi&eacute;n afectar&iacute;a a las provincias de Buenos Aires, C&oacute;rdoba, La Pampa, al centro y sur de Santa Fe, a la Ciudad Aut&oacute;noma de Buenos Aires y Rio de la Plata. Adem&aacute;s, detallaron que durante el per&iacute;odo de pron&oacute;stico se estiman valores acumuladas de precipitaci&oacute;n entre 20 y 40 mm, pudiendo [&hellip;]\" \/>\n<meta property=\"og:url\" content=\"https:\/\/informelitoral.com.ar\/rige-una-alerta-por-tormentas-fuertes-para-el-sur-de-entre-rios\/\" \/>\n<meta property=\"og:site_name\" content=\"Informe Litoral\" \/>\n<meta property=\"article:publisher\" content=\"https:\/\/www.facebook.com\/informelitoral\/\" \/>\n<meta property=\"article:published_time\" content=\"2020-08-25T23:36:26+00:00\" \/>\n<meta property=\"og:image\" content=\"https:\/\/informelitoral.com.ar\/%77%70%2d%63%6f%6e%74%65%6e%74\/uploads\/2018\/04\/lluvias-y-tormentas.jpg\" \/>\n\t<meta property=\"og:image:width\" content=\"770\" \/>\n\t<meta property=\"og:image:height\" content=\"450\" \/>\n\t<meta property=\"og:image:type\" content=\"image\/jpeg\" \/>\n<meta name=\"author\" content=\"Sebastian\" \/>\n<meta name=\"twitter:card\" content=\"summary_large_image\" \/>\n<meta name=\"twitter:creator\" content=\"@InformeLitoral\" \/>\n<meta name=\"twitter:site\" content=\"@InformeLitoral\" \/>\n<meta name=\"twitter:label1\" content=\"Escrito por\" \/>\n\t<meta name=\"twitter:data1\" content=\"Sebastian\" \/>\n\t<meta name=\"twitter:label2\" content=\"Tiempo de lectura\" \/>\n\t<meta name=\"twitter:data2\" content=\"1 minuto\" \/>\n<script type=\"application\/ld+json\" class=\"yoast-schema-graph\">{\"@context\":\"https:\\\/\\\/schema.org\",\"@graph\":[{\"@type\":\"Article\",\"@id\":\"https:\\\/\\\/informelitoral.com.ar\\\/rige-una-alerta-por-tormentas-fuertes-para-el-sur-de-entre-rios\\\/#article\",\"isPartOf\":{\"@id\":\"https:\\\/\\\/informelitoral.com.ar\\\/rige-una-alerta-por-tormentas-fuertes-para-el-sur-de-entre-rios\\\/\"},\"author\":{\"name\":\"Sebastian\",\"@id\":\"https:\\\/\\\/informelitoral.com.ar\\\/#\\\/schema\\\/person\\\/f05f9f461677119578717524b127d6d5\"},\"headline\":\"Rige una alerta por tormentas fuertes para el sur de Entre R\u00edos\",\"datePublished\":\"2020-08-25T23:36:26+00:00\",\"mainEntityOfPage\":{\"@id\":\"https:\\\/\\\/informelitoral.com.ar\\\/rige-una-alerta-por-tormentas-fuertes-para-el-sur-de-entre-rios\\\/\"},\"wordCount\":145,\"commentCount\":0,\"publisher\":{\"@id\":\"https:\\\/\\\/informelitoral.com.ar\\\/#organization\"},\"image\":{\"@id\":\"https:\\\/\\\/informelitoral.com.ar\\\/rige-una-alerta-por-tormentas-fuertes-para-el-sur-de-entre-rios\\\/#primaryimage\"},\"thumbnailUrl\":\"https:\\\/\\\/informelitoral.com.ar\\\/%77%70%2d%63%6f%6e%74%65%6e%74\\\/uploads\\\/2018\\\/04\\\/lluvias-y-tormentas.jpg\",\"keywords\":[\"El tiempo\",\"Entre R\u00edos\"],\"articleSection\":[\"Entre R\u00edos\"],\"inLanguage\":\"es\",\"potentialAction\":[{\"@type\":\"CommentAction\",\"name\":\"Comment\",\"target\":[\"https:\\\/\\\/informelitoral.com.ar\\\/rige-una-alerta-por-tormentas-fuertes-para-el-sur-de-entre-rios\\\/#respond\"]}]},{\"@type\":\"WebPage\",\"@id\":\"https:\\\/\\\/informelitoral.com.ar\\\/rige-una-alerta-por-tormentas-fuertes-para-el-sur-de-entre-rios\\\/\",\"url\":\"https:\\\/\\\/informelitoral.com.ar\\\/rige-una-alerta-por-tormentas-fuertes-para-el-sur-de-entre-rios\\\/\",\"name\":\"Rige una alerta por tormentas fuertes para el sur de Entre R\u00edos - Informe Litoral\",\"isPartOf\":{\"@id\":\"https:\\\/\\\/informelitoral.com.ar\\\/#website\"},\"primaryImageOfPage\":{\"@id\":\"https:\\\/\\\/informelitoral.com.ar\\\/rige-una-alerta-por-tormentas-fuertes-para-el-sur-de-entre-rios\\\/#primaryimage\"},\"image\":{\"@id\":\"https:\\\/\\\/informelitoral.com.ar\\\/rige-una-alerta-por-tormentas-fuertes-para-el-sur-de-entre-rios\\\/#primaryimage\"},\"thumbnailUrl\":\"https:\\\/\\\/informelitoral.com.ar\\\/%77%70%2d%63%6f%6e%74%65%6e%74\\\/uploads\\\/2018\\\/04\\\/lluvias-y-tormentas.jpg\",\"datePublished\":\"2020-08-25T23:36:26+00:00\",\"breadcrumb\":{\"@id\":\"https:\\\/\\\/informelitoral.com.ar\\\/rige-una-alerta-por-tormentas-fuertes-para-el-sur-de-entre-rios\\\/#breadcrumb\"},\"inLanguage\":\"es\",\"potentialAction\":[{\"@type\":\"ReadAction\",\"target\":[\"https:\\\/\\\/informelitoral.com.ar\\\/rige-una-alerta-por-tormentas-fuertes-para-el-sur-de-entre-rios\\\/\"]}]},{\"@type\":\"ImageObject\",\"inLanguage\":\"es\",\"@id\":\"https:\\\/\\\/informelitoral.com.ar\\\/rige-una-alerta-por-tormentas-fuertes-para-el-sur-de-entre-rios\\\/#primaryimage\",\"url\":\"https:\\\/\\\/informelitoral.com.ar\\\/%77%70%2d%63%6f%6e%74%65%6e%74\\\/uploads\\\/2018\\\/04\\\/lluvias-y-tormentas.jpg\",\"contentUrl\":\"https:\\\/\\\/informelitoral.com.ar\\\/%77%70%2d%63%6f%6e%74%65%6e%74\\\/uploads\\\/2018\\\/04\\\/lluvias-y-tormentas.jpg\",\"width\":770,\"height\":450},{\"@type\":\"BreadcrumbList\",\"@id\":\"https:\\\/\\\/informelitoral.com.ar\\\/rige-una-alerta-por-tormentas-fuertes-para-el-sur-de-entre-rios\\\/#breadcrumb\",\"itemListElement\":[{\"@type\":\"ListItem\",\"position\":1,\"name\":\"Portada\",\"item\":\"https:\\\/\\\/informelitoral.com.ar\\\/\"},{\"@type\":\"ListItem\",\"position\":2,\"name\":\"Rige una alerta por tormentas fuertes para el sur de Entre R\u00edos\"}]},{\"@type\":\"WebSite\",\"@id\":\"https:\\\/\\\/informelitoral.com.ar\\\/#website\",\"url\":\"https:\\\/\\\/informelitoral.com.ar\\\/\",\"name\":\"Informe Litoral\",\"description\":\"&quot;Nos informamos&quot; \",\"publisher\":{\"@id\":\"https:\\\/\\\/informelitoral.com.ar\\\/#organization\"},\"potentialAction\":[{\"@type\":\"SearchAction\",\"target\":{\"@type\":\"EntryPoint\",\"urlTemplate\":\"https:\\\/\\\/informelitoral.com.ar\\\/?s={search_term_string}\"},\"query-input\":{\"@type\":\"PropertyValueSpecification\",\"valueRequired\":true,\"valueName\":\"search_term_string\"}}],\"inLanguage\":\"es\"},{\"@type\":\"Organization\",\"@id\":\"https:\\\/\\\/informelitoral.com.ar\\\/#organization\",\"name\":\"Informe Litoral\",\"url\":\"https:\\\/\\\/informelitoral.com.ar\\\/\",\"logo\":{\"@type\":\"ImageObject\",\"inLanguage\":\"es\",\"@id\":\"https:\\\/\\\/informelitoral.com.ar\\\/#\\\/schema\\\/logo\\\/image\\\/\",\"url\":\"https:\\\/\\\/informelitoral.com.ar\\\/%77%70%2d%63%6f%6e%74%65%6e%74\\\/uploads\\\/2021\\\/01\\\/circulo.png\",\"contentUrl\":\"https:\\\/\\\/informelitoral.com.ar\\\/%77%70%2d%63%6f%6e%74%65%6e%74\\\/uploads\\\/2021\\\/01\\\/circulo.png\",\"width\":723,\"height\":731,\"caption\":\"Informe Litoral\"},\"image\":{\"@id\":\"https:\\\/\\\/informelitoral.com.ar\\\/#\\\/schema\\\/logo\\\/image\\\/\"},\"sameAs\":[\"https:\\\/\\\/www.facebook.com\\\/informelitoral\\\/\",\"https:\\\/\\\/x.com\\\/InformeLitoral\",\"https:\\\/\\\/www.instagram.com\\\/informelitoral\\\/\",\"https:\\\/\\\/www.youtube.com\\\/channel\\\/UCua4Qvz8Icb6MYqhoq9xLXw\"]},{\"@type\":\"Person\",\"@id\":\"https:\\\/\\\/informelitoral.com.ar\\\/#\\\/schema\\\/person\\\/f05f9f461677119578717524b127d6d5\",\"name\":\"Sebastian\",\"image\":{\"@type\":\"ImageObject\",\"inLanguage\":\"es\",\"@id\":\"https:\\\/\\\/secure.gravatar.com\\\/avatar\\\/b71bf7481d447dfb9583c7f2798e7cc64de6efb9067b74633ed8c31059a3bd82?s=96&d=mm&r=g\",\"url\":\"https:\\\/\\\/secure.gravatar.com\\\/avatar\\\/b71bf7481d447dfb9583c7f2798e7cc64de6efb9067b74633ed8c31059a3bd82?s=96&d=mm&r=g\",\"contentUrl\":\"https:\\\/\\\/secure.gravatar.com\\\/avatar\\\/b71bf7481d447dfb9583c7f2798e7cc64de6efb9067b74633ed8c31059a3bd82?s=96&d=mm&r=g\",\"caption\":\"Sebastian\"},\"url\":\"https:\\\/\\\/informelitoral.com.ar\\\/author\\\/sebastian\\\/\"}]}<\/script>","yoast_head_json":{"title":"Rige una alerta por tormentas fuertes para el sur de Entre R\u00edos - Informe Litoral","robots":{"index":"index","follow":"follow","max-snippet":"max-snippet:-1","max-image-preview":"max-image-preview:large","max-video-preview":"max-video-preview:-1"},"canonical":"https:\/\/informelitoral.com.ar\/rige-una-alerta-por-tormentas-fuertes-para-el-sur-de-entre-rios\/","og_locale":"es_ES","og_type":"article","og_title":"Rige una alerta por tormentas fuertes para el sur de Entre R\u00edos - Informe Litoral","og_description":"Seg&uacute;n el reporte, el fen&oacute;meno tambi&eacute;n afectar&iacute;a a las provincias de Buenos Aires, C&oacute;rdoba, La Pampa, al centro y sur de Santa Fe, a la Ciudad Aut&oacute;noma de Buenos Aires y Rio de la Plata. Adem&aacute;s, detallaron que durante el per&iacute;odo de pron&oacute;stico se estiman valores acumuladas de precipitaci&oacute;n entre 20 y 40 mm, pudiendo [&hellip;]","og_url":"https:\/\/informelitoral.com.ar\/rige-una-alerta-por-tormentas-fuertes-para-el-sur-de-entre-rios\/","og_site_name":"Informe Litoral","article_publisher":"https:\/\/www.facebook.com\/informelitoral\/","article_published_time":"2020-08-25T23:36:26+00:00","og_image":[{"width":770,"height":450,"url":"https:\/\/informelitoral.com.ar\/%77%70%2d%63%6f%6e%74%65%6e%74\/uploads\/2018\/04\/lluvias-y-tormentas.jpg","type":"image\/jpeg"}],"author":"Sebastian","twitter_card":"summary_large_image","twitter_creator":"@InformeLitoral","twitter_site":"@InformeLitoral","twitter_misc":{"Escrito por":"Sebastian","Tiempo de lectura":"1 minuto"},"schema":{"@context":"https:\/\/schema.org","@graph":[{"@type":"Article","@id":"https:\/\/informelitoral.com.ar\/rige-una-alerta-por-tormentas-fuertes-para-el-sur-de-entre-rios\/#article","isPartOf":{"@id":"https:\/\/informelitoral.com.ar\/rige-una-alerta-por-tormentas-fuertes-para-el-sur-de-entre-rios\/"},"author":{"name":"Sebastian","@id":"https:\/\/informelitoral.com.ar\/#\/schema\/person\/f05f9f461677119578717524b127d6d5"},"headline":"Rige una alerta por tormentas fuertes para el sur de Entre R\u00edos","datePublished":"2020-08-25T23:36:26+00:00","mainEntityOfPage":{"@id":"https:\/\/informelitoral.com.ar\/rige-una-alerta-por-tormentas-fuertes-para-el-sur-de-entre-rios\/"},"wordCount":145,"commentCount":0,"publisher":{"@id":"https:\/\/informelitoral.com.ar\/#organization"},"image":{"@id":"https:\/\/informelitoral.com.ar\/rige-una-alerta-por-tormentas-fuertes-para-el-sur-de-entre-rios\/#primaryimage"},"thumbnailUrl":"https:\/\/informelitoral.com.ar\/%77%70%2d%63%6f%6e%74%65%6e%74\/uploads\/2018\/04\/lluvias-y-tormentas.jpg","keywords":["El tiempo","Entre R\u00edos"],"articleSection":["Entre R\u00edos"],"inLanguage":"es","potentialAction":[{"@type":"CommentAction","name":"Comment","target":["https:\/\/informelitoral.com.ar\/rige-una-alerta-por-tormentas-fuertes-para-el-sur-de-entre-rios\/#respond"]}]},{"@type":"WebPage","@id":"https:\/\/informelitoral.com.ar\/rige-una-alerta-por-tormentas-fuertes-para-el-sur-de-entre-rios\/","url":"https:\/\/informelitoral.com.ar\/rige-una-alerta-por-tormentas-fuertes-para-el-sur-de-entre-rios\/","name":"Rige una alerta por tormentas fuertes para el sur de Entre R\u00edos - Informe Litoral","isPartOf":{"@id":"https:\/\/informelitoral.com.ar\/#website"},"primaryImageOfPage":{"@id":"https:\/\/informelitoral.com.ar\/rige-una-alerta-por-tormentas-fuertes-para-el-sur-de-entre-rios\/#primaryimage"},"image":{"@id":"https:\/\/informelitoral.com.ar\/rige-una-alerta-por-tormentas-fuertes-para-el-sur-de-entre-rios\/#primaryimage"},"thumbnailUrl":"https:\/\/informelitoral.com.ar\/%77%70%2d%63%6f%6e%74%65%6e%74\/uploads\/2018\/04\/lluvias-y-tormentas.jpg","datePublished":"2020-08-25T23:36:26+00:00","breadcrumb":{"@id":"https:\/\/informelitoral.com.ar\/rige-una-alerta-por-tormentas-fuertes-para-el-sur-de-entre-rios\/#breadcrumb"},"inLanguage":"es","potentialAction":[{"@type":"ReadAction","target":["https:\/\/informelitoral.com.ar\/rige-una-alerta-por-tormentas-fuertes-para-el-sur-de-entre-rios\/"]}]},{"@type":"ImageObject","inLanguage":"es","@id":"https:\/\/informelitoral.com.ar\/rige-una-alerta-por-tormentas-fuertes-para-el-sur-de-entre-rios\/#primaryimage","url":"https:\/\/informelitoral.com.ar\/%77%70%2d%63%6f%6e%74%65%6e%74\/uploads\/2018\/04\/lluvias-y-tormentas.jpg","contentUrl":"https:\/\/informelitoral.com.ar\/%77%70%2d%63%6f%6e%74%65%6e%74\/uploads\/2018\/04\/lluvias-y-tormentas.jpg","width":770,"height":450},{"@type":"BreadcrumbList","@id":"https:\/\/informelitoral.com.ar\/rige-una-alerta-por-tormentas-fuertes-para-el-sur-de-entre-rios\/#breadcrumb","itemListElement":[{"@type":"ListItem","position":1,"name":"Portada","item":"https:\/\/informelitoral.com.ar\/"},{"@type":"ListItem","position":2,"name":"Rige una alerta por tormentas fuertes para el sur de Entre R\u00edos"}]},{"@type":"WebSite","@id":"https:\/\/informelitoral.com.ar\/#website","url":"https:\/\/informelitoral.com.ar\/","name":"Informe Litoral","description":"&quot;Nos informamos&quot; ","publisher":{"@id":"https:\/\/informelitoral.com.ar\/#organization"},"potentialAction":[{"@type":"SearchAction","target":{"@type":"EntryPoint","urlTemplate":"https:\/\/informelitoral.com.ar\/?s={search_term_string}"},"query-input":{"@type":"PropertyValueSpecification","valueRequired":true,"valueName":"search_term_string"}}],"inLanguage":"es"},{"@type":"Organization","@id":"https:\/\/informelitoral.com.ar\/#organization","name":"Informe Litoral","url":"https:\/\/informelitoral.com.ar\/","logo":{"@type":"ImageObject","inLanguage":"es","@id":"https:\/\/informelitoral.com.ar\/#\/schema\/logo\/image\/","url":"https:\/\/informelitoral.com.ar\/%77%70%2d%63%6f%6e%74%65%6e%74\/uploads\/2021\/01\/circulo.png","contentUrl":"https:\/\/informelitoral.com.ar\/%77%70%2d%63%6f%6e%74%65%6e%74\/uploads\/2021\/01\/circulo.png","width":723,"height":731,"caption":"Informe Litoral"},"image":{"@id":"https:\/\/informelitoral.com.ar\/#\/schema\/logo\/image\/"},"sameAs":["https:\/\/www.facebook.com\/informelitoral\/","https:\/\/x.com\/InformeLitoral","https:\/\/www.instagram.com\/informelitoral\/","https:\/\/www.youtube.com\/channel\/UCua4Qvz8Icb6MYqhoq9xLXw"]},{"@type":"Person","@id":"https:\/\/informelitoral.com.ar\/#\/schema\/person\/f05f9f461677119578717524b127d6d5","name":"Sebastian","image":{"@type":"ImageObject","inLanguage":"es","@id":"https:\/\/secure.gravatar.com\/avatar\/b71bf7481d447dfb9583c7f2798e7cc64de6efb9067b74633ed8c31059a3bd82?s=96&d=mm&r=g","url":"https:\/\/secure.gravatar.com\/avatar\/b71bf7481d447dfb9583c7f2798e7cc64de6efb9067b74633ed8c31059a3bd82?s=96&d=mm&r=g","contentUrl":"https:\/\/secure.gravatar.com\/avatar\/b71bf7481d447dfb9583c7f2798e7cc64de6efb9067b74633ed8c31059a3bd82?s=96&d=mm&r=g","caption":"Sebastian"},"url":"https:\/\/informelitoral.com.ar\/author\/sebastian\/"}]}},"_links":{"self":[{"href":"https:\/\/informelitoral.com.ar\/%77%70%2d%6a%73%6f%6e\/wp\/v2\/posts\/48255","targetHints":{"allow":["GET"]}}],"collection":[{"href":"https:\/\/informelitoral.com.ar\/%77%70%2d%6a%73%6f%6e\/wp\/v2\/posts"}],"about":[{"href":"https:\/\/informelitoral.com.ar\/%77%70%2d%6a%73%6f%6e\/wp\/v2\/types\/post"}],"author":[{"embeddable":true,"href":"https:\/\/informelitoral.com.ar\/%77%70%2d%6a%73%6f%6e\/wp\/v2\/users\/8"}],"replies":[{"embeddable":true,"href":"https:\/\/informelitoral.com.ar\/%77%70%2d%6a%73%6f%6e\/wp\/v2\/comments?post=48255"}],"version-history":[{"count":0,"href":"https:\/\/informelitoral.com.ar\/%77%70%2d%6a%73%6f%6e\/wp\/v2\/posts\/48255\/revisions"}],"wp:featuredmedia":[{"embeddable":true,"href":"https:\/\/informelitoral.com.ar\/%77%70%2d%6a%73%6f%6e\/wp\/v2\/media\/26263"}],"wp:attachment":[{"href":"https:\/\/informelitoral.com.ar\/%77%70%2d%6a%73%6f%6e\/wp\/v2\/media?parent=48255"}],"wp:term":[{"taxonomy":"category","embeddable":true,"href":"https:\/\/informelitoral.com.ar\/%77%70%2d%6a%73%6f%6e\/wp\/v2\/categories?post=48255"},{"taxonomy":"post_tag","embeddable":true,"href":"https:\/\/informelitoral.com.ar\/%77%70%2d%6a%73%6f%6e\/wp\/v2\/tags?post=48255"}],"curies":[{"name":"wp","href":"https:\/\/api.w.org\/{rel}","templated":true}]}}